{"id":42581,"date":"2022-09-16T12:41:32","date_gmt":"2022-09-16T18:41:32","guid":{"rendered":"https:\/\/fuentesfidedignas.com.mx\/?p=42581"},"modified":"2022-09-16T12:42:21","modified_gmt":"2022-09-16T18:42:21","slug":"del-ring-al-cine-el-canelo-alvarez-participara-en-pelicula-creed-iii","status":"publish","type":"post","link":"https:\/\/fuentesfidedignas.com.mx\/index.php\/2022\/09\/16\/del-ring-al-cine-el-canelo-alvarez-participara-en-pelicula-creed-iii\/","title":{"rendered":"\u00a1Del ring al cine! \u2018El Canelo\u2019 \u00c1lvarez participar\u00e1 en pel\u00edcula Creed III"},"content":{"rendered":"\n<p><em><strong>En una historia de Instagram, el actor protagonista y director de Creed III, Michael B. Jordan, public\u00f3 una foto junto a Sa\u00fal \u2018Canelo\u2019 \u00c1lvarez, donde se les ve haciendo una revisi\u00f3n de las tomas donde actuar\u00e1 el campe\u00f3n mexicano<\/strong><\/em><\/p>\n\n\n\n<p>Ciudad de M\u00e9xico.- El boxeador mexicano Sa\u00fal &#8216;El Canelo\u2019 \u00c1lvarez debutar\u00e1 en el cine como parte de la pel\u00edcula Creed III, saga que es secuela de las pel\u00edculas del \u2018Semental Italiano\u2019, Rocky Balboa.<\/p>\n\n\n\n<p>En una historia de Instagram, el actor protagonista y director de Creed III, Michael B. Jordan, public\u00f3 una foto junto a Sa\u00fal \u2018EL Canelo\u2019 \u00c1lvarez, donde se les ve haciendo una revisi\u00f3n de las tomas donde actuar\u00e1 el campe\u00f3n mexicano.<\/p>\n\n\n\n<p>\u201cDirigiendo a la leyenda Sa\u00fal \u2018EL Canelo\u2019 \u00c1lvarez en Creed III. No puedo esperar para que el mundo lo vea [\u2026] Una estrella dentro y fuera del ring. Bienvenido a la familia y buena suerte este fin de semana\u201d, public\u00f3 Michael B. Jordan.<\/p>\n\n\n\n<figure class=\"wp-block-image size-large\"><img decoding=\"async\" width=\"630\" height=\"1024\" src=\"https:\/\/fuentesfidedignas.com.mx\/wp-content\/uploads\/2022\/09\/image-13-630x1024.png\" alt=\"\" class=\"wp-image-42582\" srcset=\"https:\/\/fuentesfidedignas.com.mx\/wp-content\/uploads\/2022\/09\/image-13-630x1024.png 630w, https:\/\/fuentesfidedignas.com.mx\/wp-content\/uploads\/2022\/09\/image-13-185x300.png 185w, https:\/\/fuentesfidedignas.com.mx\/wp-content\/uploads\/2022\/09\/image-13-768x1249.png 768w, https:\/\/fuentesfidedignas.com.mx\/wp-content\/uploads\/2022\/09\/image-13-945x1536.png 945w, https:\/\/fuentesfidedignas.com.mx\/wp-content\/uploads\/2022\/09\/image-13-696x1132.png 696w, https:\/\/fuentesfidedignas.com.mx\/wp-content\/uploads\/2022\/09\/image-13-1068x1736.png 1068w, https:\/\/fuentesfidedignas.com.mx\/wp-content\/uploads\/2022\/09\/image-13-258x420.png 258w, https:\/\/fuentesfidedignas.com.mx\/wp-content\/uploads\/2022\/09\/image-13.png 1080w\" sizes=\"(max-width: 630px) 100vw, 630px\" \/><\/figure>\n\n\n\n<p><strong>\u00bfCu\u00e1ndo se estrenar\u00e1 Creed III?<\/strong><\/p>\n\n\n\n<p>La pel\u00edcula Creed III, cuya trama habla sobre el hijo del boxeador de ficci\u00f3n Apollo Creed, se estrenar\u00e1 el 3 de marzo de 2023. As\u00ed que los fan\u00e1ticos de Sa\u00fal \u2018EL Canelo\u2019 \u00c1lvarez no deben perderse su debut en el cine. Otro estreno que se aproxima es la segunda temporada de la serie de Chucky, \u00a1checa el tr\u00e1iler para sentir el verdadero terror!<\/p>\n\n\n\n<p><\/p>\n","protected":false},"excerpt":{"rendered":"<p>En una historia de Instagram, el actor protagonista y director de Creed III, Michael B. Jordan, public\u00f3 una foto junto a Sa\u00fal \u2018Canelo\u2019 \u00c1lvarez, donde se les ve haciendo una revisi\u00f3n de las tomas donde actuar\u00e1 el campe\u00f3n mexicano Ciudad de M\u00e9xico.- El boxeador mexicano Sa\u00fal &#8216;El Canelo\u2019 \u00c1lvarez debutar\u00e1 en el cine como parte [&hellip;]<\/p>\n","protected":false},"author":7,"featured_media":42583,"comment_status":"open","ping_status":"open","sticky":false,"template":"","format":"standard","meta":{"tdm_status":"","tdm_grid_status":"","footnotes":""},"categories":[40],"tags":[],"class_list":{"0":"post-42581","1":"post","2":"type-post","3":"status-publish","4":"format-standard","5":"has-post-thumbnail","7":"category-las-asombrosas"},"yoast_head":"<!-- This site is optimized with the Yoast SEO plugin v27.4 - https:\/\/yoast.com\/product\/yoast-seo-wordpress\/ -->\n<title>\u00a1Del ring al cine! \u2018El Canelo\u2019 \u00c1lvarez participar\u00e1 en pel\u00edcula Creed III - Fuentes Fidedignas<\/title>\n<meta name=\"robots\" content=\"index, follow, max-snippet:-1, max-image-preview:large, max-video-preview:-1\" \/>\n<link rel=\"canonical\" href=\"https:\/\/fuentesfidedignas.com.mx\/index.php\/2022\/09\/16\/del-ring-al-cine-el-canelo-alvarez-participara-en-pelicula-creed-iii\/\" \/>\n<meta property=\"og:locale\" content=\"es_MX\" \/>\n<meta property=\"og:type\" content=\"article\" \/>\n<meta property=\"og:title\" content=\"\u00a1Del ring al cine! \u2018El Canelo\u2019 \u00c1lvarez participar\u00e1 en pel\u00edcula Creed III - Fuentes Fidedignas\" \/>\n<meta property=\"og:description\" content=\"En una historia de Instagram, el actor protagonista y director de Creed III, Michael B. Jordan, public\u00f3 una foto junto a Sa\u00fal \u2018Canelo\u2019 \u00c1lvarez, donde se les ve haciendo una revisi\u00f3n de las tomas donde actuar\u00e1 el campe\u00f3n mexicano Ciudad de M\u00e9xico.- El boxeador mexicano Sa\u00fal &#8216;El Canelo\u2019 \u00c1lvarez debutar\u00e1 en el cine como parte [&hellip;]\" \/>\n<meta property=\"og:url\" content=\"https:\/\/fuentesfidedignas.com.mx\/index.php\/2022\/09\/16\/del-ring-al-cine-el-canelo-alvarez-participara-en-pelicula-creed-iii\/\" \/>\n<meta property=\"og:site_name\" content=\"Fuentes Fidedignas\" \/>\n<meta property=\"article:publisher\" content=\"https:\/\/www.facebook.com\/Fuentes-Fidedignas-368234489921644\" \/>\n<meta property=\"article:published_time\" content=\"2022-09-16T18:41:32+00:00\" \/>\n<meta property=\"article:modified_time\" content=\"2022-09-16T18:42:21+00:00\" \/>\n<meta property=\"og:image\" content=\"https:\/\/fuentesfidedignas.com.mx\/wp-content\/uploads\/2022\/09\/CANELO_PELI.jpg\" \/>\n\t<meta property=\"og:image:width\" content=\"800\" \/>\n\t<meta property=\"og:image:height\" content=\"600\" \/>\n\t<meta property=\"og:image:type\" content=\"image\/jpeg\" \/>\n<meta name=\"author\" content=\"Exc\u00e9lsior\" \/>\n<meta name=\"twitter:card\" content=\"summary_large_image\" \/>\n<meta name=\"twitter:creator\" content=\"@fidedignas\" \/>\n<meta name=\"twitter:site\" content=\"@fidedignas\" \/>\n<meta name=\"twitter:label1\" content=\"Escrito por\" \/>\n\t<meta name=\"twitter:data1\" content=\"Exc\u00e9lsior\" \/>\n\t<meta name=\"twitter:label2\" content=\"Tiempo de lectura\" \/>\n\t<meta name=\"twitter:data2\" content=\"2 minutos\" \/>\n<script type=\"application\/ld+json\" class=\"yoast-schema-graph\">{\"@context\":\"https:\\\/\\\/schema.org\",\"@graph\":[{\"@type\":\"Article\",\"@id\":\"https:\\\/\\\/fuentesfidedignas.com.mx\\\/index.php\\\/2022\\\/09\\\/16\\\/del-ring-al-cine-el-canelo-alvarez-participara-en-pelicula-creed-iii\\\/#article\",\"isPartOf\":{\"@id\":\"https:\\\/\\\/fuentesfidedignas.com.mx\\\/index.php\\\/2022\\\/09\\\/16\\\/del-ring-al-cine-el-canelo-alvarez-participara-en-pelicula-creed-iii\\\/\"},\"author\":{\"name\":\"Exc\u00e9lsior\",\"@id\":\"https:\\\/\\\/fuentesfidedignas.com.mx\\\/#\\\/schema\\\/person\\\/ec4edd1fbf5efa3e44fce34fe2787780\"},\"headline\":\"\u00a1Del ring al cine! \u2018El Canelo\u2019 \u00c1lvarez participar\u00e1 en pel\u00edcula Creed III\",\"datePublished\":\"2022-09-16T18:41:32+00:00\",\"dateModified\":\"2022-09-16T18:42:21+00:00\",\"mainEntityOfPage\":{\"@id\":\"https:\\\/\\\/fuentesfidedignas.com.mx\\\/index.php\\\/2022\\\/09\\\/16\\\/del-ring-al-cine-el-canelo-alvarez-participara-en-pelicula-creed-iii\\\/\"},\"wordCount\":251,\"commentCount\":0,\"publisher\":{\"@id\":\"https:\\\/\\\/fuentesfidedignas.com.mx\\\/#organization\"},\"image\":{\"@id\":\"https:\\\/\\\/fuentesfidedignas.com.mx\\\/index.php\\\/2022\\\/09\\\/16\\\/del-ring-al-cine-el-canelo-alvarez-participara-en-pelicula-creed-iii\\\/#primaryimage\"},\"thumbnailUrl\":\"https:\\\/\\\/fuentesfidedignas.com.mx\\\/wp-content\\\/uploads\\\/2022\\\/09\\\/CANELO_PELI.jpg\",\"articleSection\":[\"LAS ASOMBROSAS\"],\"inLanguage\":\"es\",\"potentialAction\":[{\"@type\":\"CommentAction\",\"name\":\"Comment\",\"target\":[\"https:\\\/\\\/fuentesfidedignas.com.mx\\\/index.php\\\/2022\\\/09\\\/16\\\/del-ring-al-cine-el-canelo-alvarez-participara-en-pelicula-creed-iii\\\/#respond\"]}]},{\"@type\":\"WebPage\",\"@id\":\"https:\\\/\\\/fuentesfidedignas.com.mx\\\/index.php\\\/2022\\\/09\\\/16\\\/del-ring-al-cine-el-canelo-alvarez-participara-en-pelicula-creed-iii\\\/\",\"url\":\"https:\\\/\\\/fuentesfidedignas.com.mx\\\/index.php\\\/2022\\\/09\\\/16\\\/del-ring-al-cine-el-canelo-alvarez-participara-en-pelicula-creed-iii\\\/\",\"name\":\"\u00a1Del ring al cine! \u2018El Canelo\u2019 \u00c1lvarez participar\u00e1 en pel\u00edcula Creed III - Fuentes Fidedignas\",\"isPartOf\":{\"@id\":\"https:\\\/\\\/fuentesfidedignas.com.mx\\\/#website\"},\"primaryImageOfPage\":{\"@id\":\"https:\\\/\\\/fuentesfidedignas.com.mx\\\/index.php\\\/2022\\\/09\\\/16\\\/del-ring-al-cine-el-canelo-alvarez-participara-en-pelicula-creed-iii\\\/#primaryimage\"},\"image\":{\"@id\":\"https:\\\/\\\/fuentesfidedignas.com.mx\\\/index.php\\\/2022\\\/09\\\/16\\\/del-ring-al-cine-el-canelo-alvarez-participara-en-pelicula-creed-iii\\\/#primaryimage\"},\"thumbnailUrl\":\"https:\\\/\\\/fuentesfidedignas.com.mx\\\/wp-content\\\/uploads\\\/2022\\\/09\\\/CANELO_PELI.jpg\",\"datePublished\":\"2022-09-16T18:41:32+00:00\",\"dateModified\":\"2022-09-16T18:42:21+00:00\",\"breadcrumb\":{\"@id\":\"https:\\\/\\\/fuentesfidedignas.com.mx\\\/index.php\\\/2022\\\/09\\\/16\\\/del-ring-al-cine-el-canelo-alvarez-participara-en-pelicula-creed-iii\\\/#breadcrumb\"},\"inLanguage\":\"es\",\"potentialAction\":[{\"@type\":\"ReadAction\",\"target\":[\"https:\\\/\\\/fuentesfidedignas.com.mx\\\/index.php\\\/2022\\\/09\\\/16\\\/del-ring-al-cine-el-canelo-alvarez-participara-en-pelicula-creed-iii\\\/\"]}]},{\"@type\":\"ImageObject\",\"inLanguage\":\"es\",\"@id\":\"https:\\\/\\\/fuentesfidedignas.com.mx\\\/index.php\\\/2022\\\/09\\\/16\\\/del-ring-al-cine-el-canelo-alvarez-participara-en-pelicula-creed-iii\\\/#primaryimage\",\"url\":\"https:\\\/\\\/fuentesfidedignas.com.mx\\\/wp-content\\\/uploads\\\/2022\\\/09\\\/CANELO_PELI.jpg\",\"contentUrl\":\"https:\\\/\\\/fuentesfidedignas.com.mx\\\/wp-content\\\/uploads\\\/2022\\\/09\\\/CANELO_PELI.jpg\",\"width\":800,\"height\":600},{\"@type\":\"BreadcrumbList\",\"@id\":\"https:\\\/\\\/fuentesfidedignas.com.mx\\\/index.php\\\/2022\\\/09\\\/16\\\/del-ring-al-cine-el-canelo-alvarez-participara-en-pelicula-creed-iii\\\/#breadcrumb\",\"itemListElement\":[{\"@type\":\"ListItem\",\"position\":1,\"name\":\"Inicio\",\"item\":\"https:\\\/\\\/fuentesfidedignas.com.mx\\\/\"},{\"@type\":\"ListItem\",\"position\":2,\"name\":\"\u00a1Del ring al cine! \u2018El Canelo\u2019 \u00c1lvarez participar\u00e1 en pel\u00edcula Creed III\"}]},{\"@type\":\"WebSite\",\"@id\":\"https:\\\/\\\/fuentesfidedignas.com.mx\\\/#website\",\"url\":\"https:\\\/\\\/fuentesfidedignas.com.mx\\\/\",\"name\":\"Fuentes Fidedignas\",\"description\":\"Otro sitio realizado con WordPress\",\"publisher\":{\"@id\":\"https:\\\/\\\/fuentesfidedignas.com.mx\\\/#organization\"},\"potentialAction\":[{\"@type\":\"SearchAction\",\"target\":{\"@type\":\"EntryPoint\",\"urlTemplate\":\"https:\\\/\\\/fuentesfidedignas.com.mx\\\/?s={search_term_string}\"},\"query-input\":{\"@type\":\"PropertyValueSpecification\",\"valueRequired\":true,\"valueName\":\"search_term_string\"}}],\"inLanguage\":\"es\"},{\"@type\":\"Organization\",\"@id\":\"https:\\\/\\\/fuentesfidedignas.com.mx\\\/#organization\",\"name\":\"Fuentes Fidedignas\",\"url\":\"https:\\\/\\\/fuentesfidedignas.com.mx\\\/\",\"logo\":{\"@type\":\"ImageObject\",\"inLanguage\":\"es\",\"@id\":\"https:\\\/\\\/fuentesfidedignas.com.mx\\\/#\\\/schema\\\/logo\\\/image\\\/\",\"url\":\"https:\\\/\\\/fuentesfidedignas.com.mx\\\/wp-content\\\/uploads\\\/2021\\\/04\\\/logo-retina.png\",\"contentUrl\":\"https:\\\/\\\/fuentesfidedignas.com.mx\\\/wp-content\\\/uploads\\\/2021\\\/04\\\/logo-retina.png\",\"width\":280,\"height\":51,\"caption\":\"Fuentes Fidedignas\"},\"image\":{\"@id\":\"https:\\\/\\\/fuentesfidedignas.com.mx\\\/#\\\/schema\\\/logo\\\/image\\\/\"},\"sameAs\":[\"https:\\\/\\\/www.facebook.com\\\/Fuentes-Fidedignas-368234489921644\",\"https:\\\/\\\/x.com\\\/fidedignas\"]},{\"@type\":\"Person\",\"@id\":\"https:\\\/\\\/fuentesfidedignas.com.mx\\\/#\\\/schema\\\/person\\\/ec4edd1fbf5efa3e44fce34fe2787780\",\"name\":\"Exc\u00e9lsior\",\"image\":{\"@type\":\"ImageObject\",\"inLanguage\":\"es\",\"@id\":\"https:\\\/\\\/secure.gravatar.com\\\/avatar\\\/4b7ee9206b48be08447852b3f0814dbc7c0f3b51541b164f1464a2725614020b?s=96&d=mm&r=g\",\"url\":\"https:\\\/\\\/secure.gravatar.com\\\/avatar\\\/4b7ee9206b48be08447852b3f0814dbc7c0f3b51541b164f1464a2725614020b?s=96&d=mm&r=g\",\"contentUrl\":\"https:\\\/\\\/secure.gravatar.com\\\/avatar\\\/4b7ee9206b48be08447852b3f0814dbc7c0f3b51541b164f1464a2725614020b?s=96&d=mm&r=g\",\"caption\":\"Exc\u00e9lsior\"},\"url\":\"https:\\\/\\\/fuentesfidedignas.com.mx\\\/index.php\\\/author\\\/excelsior\\\/\"}]}<\/script>\n<!-- \/ Yoast SEO plugin. -->","yoast_head_json":{"title":"\u00a1Del ring al cine! \u2018El Canelo\u2019 \u00c1lvarez participar\u00e1 en pel\u00edcula Creed III - Fuentes Fidedignas","robots":{"index":"index","follow":"follow","max-snippet":"max-snippet:-1","max-image-preview":"max-image-preview:large","max-video-preview":"max-video-preview:-1"},"canonical":"https:\/\/fuentesfidedignas.com.mx\/index.php\/2022\/09\/16\/del-ring-al-cine-el-canelo-alvarez-participara-en-pelicula-creed-iii\/","og_locale":"es_MX","og_type":"article","og_title":"\u00a1Del ring al cine! \u2018El Canelo\u2019 \u00c1lvarez participar\u00e1 en pel\u00edcula Creed III - Fuentes Fidedignas","og_description":"En una historia de Instagram, el actor protagonista y director de Creed III, Michael B. Jordan, public\u00f3 una foto junto a Sa\u00fal \u2018Canelo\u2019 \u00c1lvarez, donde se les ve haciendo una revisi\u00f3n de las tomas donde actuar\u00e1 el campe\u00f3n mexicano Ciudad de M\u00e9xico.- El boxeador mexicano Sa\u00fal &#8216;El Canelo\u2019 \u00c1lvarez debutar\u00e1 en el cine como parte [&hellip;]","og_url":"https:\/\/fuentesfidedignas.com.mx\/index.php\/2022\/09\/16\/del-ring-al-cine-el-canelo-alvarez-participara-en-pelicula-creed-iii\/","og_site_name":"Fuentes Fidedignas","article_publisher":"https:\/\/www.facebook.com\/Fuentes-Fidedignas-368234489921644","article_published_time":"2022-09-16T18:41:32+00:00","article_modified_time":"2022-09-16T18:42:21+00:00","og_image":[{"width":800,"height":600,"url":"https:\/\/fuentesfidedignas.com.mx\/wp-content\/uploads\/2022\/09\/CANELO_PELI.jpg","type":"image\/jpeg"}],"author":"Exc\u00e9lsior","twitter_card":"summary_large_image","twitter_creator":"@fidedignas","twitter_site":"@fidedignas","twitter_misc":{"Escrito por":"Exc\u00e9lsior","Tiempo de lectura":"2 minutos"},"schema":{"@context":"https:\/\/schema.org","@graph":[{"@type":"Article","@id":"https:\/\/fuentesfidedignas.com.mx\/index.php\/2022\/09\/16\/del-ring-al-cine-el-canelo-alvarez-participara-en-pelicula-creed-iii\/#article","isPartOf":{"@id":"https:\/\/fuentesfidedignas.com.mx\/index.php\/2022\/09\/16\/del-ring-al-cine-el-canelo-alvarez-participara-en-pelicula-creed-iii\/"},"author":{"name":"Exc\u00e9lsior","@id":"https:\/\/fuentesfidedignas.com.mx\/#\/schema\/person\/ec4edd1fbf5efa3e44fce34fe2787780"},"headline":"\u00a1Del ring al cine! \u2018El Canelo\u2019 \u00c1lvarez participar\u00e1 en pel\u00edcula Creed III","datePublished":"2022-09-16T18:41:32+00:00","dateModified":"2022-09-16T18:42:21+00:00","mainEntityOfPage":{"@id":"https:\/\/fuentesfidedignas.com.mx\/index.php\/2022\/09\/16\/del-ring-al-cine-el-canelo-alvarez-participara-en-pelicula-creed-iii\/"},"wordCount":251,"commentCount":0,"publisher":{"@id":"https:\/\/fuentesfidedignas.com.mx\/#organization"},"image":{"@id":"https:\/\/fuentesfidedignas.com.mx\/index.php\/2022\/09\/16\/del-ring-al-cine-el-canelo-alvarez-participara-en-pelicula-creed-iii\/#primaryimage"},"thumbnailUrl":"https:\/\/fuentesfidedignas.com.mx\/wp-content\/uploads\/2022\/09\/CANELO_PELI.jpg","articleSection":["LAS ASOMBROSAS"],"inLanguage":"es","potentialAction":[{"@type":"CommentAction","name":"Comment","target":["https:\/\/fuentesfidedignas.com.mx\/index.php\/2022\/09\/16\/del-ring-al-cine-el-canelo-alvarez-participara-en-pelicula-creed-iii\/#respond"]}]},{"@type":"WebPage","@id":"https:\/\/fuentesfidedignas.com.mx\/index.php\/2022\/09\/16\/del-ring-al-cine-el-canelo-alvarez-participara-en-pelicula-creed-iii\/","url":"https:\/\/fuentesfidedignas.com.mx\/index.php\/2022\/09\/16\/del-ring-al-cine-el-canelo-alvarez-participara-en-pelicula-creed-iii\/","name":"\u00a1Del ring al cine! \u2018El Canelo\u2019 \u00c1lvarez participar\u00e1 en pel\u00edcula Creed III - Fuentes Fidedignas","isPartOf":{"@id":"https:\/\/fuentesfidedignas.com.mx\/#website"},"primaryImageOfPage":{"@id":"https:\/\/fuentesfidedignas.com.mx\/index.php\/2022\/09\/16\/del-ring-al-cine-el-canelo-alvarez-participara-en-pelicula-creed-iii\/#primaryimage"},"image":{"@id":"https:\/\/fuentesfidedignas.com.mx\/index.php\/2022\/09\/16\/del-ring-al-cine-el-canelo-alvarez-participara-en-pelicula-creed-iii\/#primaryimage"},"thumbnailUrl":"https:\/\/fuentesfidedignas.com.mx\/wp-content\/uploads\/2022\/09\/CANELO_PELI.jpg","datePublished":"2022-09-16T18:41:32+00:00","dateModified":"2022-09-16T18:42:21+00:00","breadcrumb":{"@id":"https:\/\/fuentesfidedignas.com.mx\/index.php\/2022\/09\/16\/del-ring-al-cine-el-canelo-alvarez-participara-en-pelicula-creed-iii\/#breadcrumb"},"inLanguage":"es","potentialAction":[{"@type":"ReadAction","target":["https:\/\/fuentesfidedignas.com.mx\/index.php\/2022\/09\/16\/del-ring-al-cine-el-canelo-alvarez-participara-en-pelicula-creed-iii\/"]}]},{"@type":"ImageObject","inLanguage":"es","@id":"https:\/\/fuentesfidedignas.com.mx\/index.php\/2022\/09\/16\/del-ring-al-cine-el-canelo-alvarez-participara-en-pelicula-creed-iii\/#primaryimage","url":"https:\/\/fuentesfidedignas.com.mx\/wp-content\/uploads\/2022\/09\/CANELO_PELI.jpg","contentUrl":"https:\/\/fuentesfidedignas.com.mx\/wp-content\/uploads\/2022\/09\/CANELO_PELI.jpg","width":800,"height":600},{"@type":"BreadcrumbList","@id":"https:\/\/fuentesfidedignas.com.mx\/index.php\/2022\/09\/16\/del-ring-al-cine-el-canelo-alvarez-participara-en-pelicula-creed-iii\/#breadcrumb","itemListElement":[{"@type":"ListItem","position":1,"name":"Inicio","item":"https:\/\/fuentesfidedignas.com.mx\/"},{"@type":"ListItem","position":2,"name":"\u00a1Del ring al cine! \u2018El Canelo\u2019 \u00c1lvarez participar\u00e1 en pel\u00edcula Creed III"}]},{"@type":"WebSite","@id":"https:\/\/fuentesfidedignas.com.mx\/#website","url":"https:\/\/fuentesfidedignas.com.mx\/","name":"Fuentes Fidedignas","description":"Otro sitio realizado con WordPress","publisher":{"@id":"https:\/\/fuentesfidedignas.com.mx\/#organization"},"potentialAction":[{"@type":"SearchAction","target":{"@type":"EntryPoint","urlTemplate":"https:\/\/fuentesfidedignas.com.mx\/?s={search_term_string}"},"query-input":{"@type":"PropertyValueSpecification","valueRequired":true,"valueName":"search_term_string"}}],"inLanguage":"es"},{"@type":"Organization","@id":"https:\/\/fuentesfidedignas.com.mx\/#organization","name":"Fuentes Fidedignas","url":"https:\/\/fuentesfidedignas.com.mx\/","logo":{"@type":"ImageObject","inLanguage":"es","@id":"https:\/\/fuentesfidedignas.com.mx\/#\/schema\/logo\/image\/","url":"https:\/\/fuentesfidedignas.com.mx\/wp-content\/uploads\/2021\/04\/logo-retina.png","contentUrl":"https:\/\/fuentesfidedignas.com.mx\/wp-content\/uploads\/2021\/04\/logo-retina.png","width":280,"height":51,"caption":"Fuentes Fidedignas"},"image":{"@id":"https:\/\/fuentesfidedignas.com.mx\/#\/schema\/logo\/image\/"},"sameAs":["https:\/\/www.facebook.com\/Fuentes-Fidedignas-368234489921644","https:\/\/x.com\/fidedignas"]},{"@type":"Person","@id":"https:\/\/fuentesfidedignas.com.mx\/#\/schema\/person\/ec4edd1fbf5efa3e44fce34fe2787780","name":"Exc\u00e9lsior","image":{"@type":"ImageObject","inLanguage":"es","@id":"https:\/\/secure.gravatar.com\/avatar\/4b7ee9206b48be08447852b3f0814dbc7c0f3b51541b164f1464a2725614020b?s=96&d=mm&r=g","url":"https:\/\/secure.gravatar.com\/avatar\/4b7ee9206b48be08447852b3f0814dbc7c0f3b51541b164f1464a2725614020b?s=96&d=mm&r=g","contentUrl":"https:\/\/secure.gravatar.com\/avatar\/4b7ee9206b48be08447852b3f0814dbc7c0f3b51541b164f1464a2725614020b?s=96&d=mm&r=g","caption":"Exc\u00e9lsior"},"url":"https:\/\/fuentesfidedignas.com.mx\/index.php\/author\/excelsior\/"}]}},"_links":{"self":[{"href":"https:\/\/fuentesfidedignas.com.mx\/index.php\/wp-json\/wp\/v2\/posts\/42581","targetHints":{"allow":["GET"]}}],"collection":[{"href":"https:\/\/fuentesfidedignas.com.mx\/index.php\/wp-json\/wp\/v2\/posts"}],"about":[{"href":"https:\/\/fuentesfidedignas.com.mx\/index.php\/wp-json\/wp\/v2\/types\/post"}],"author":[{"embeddable":true,"href":"https:\/\/fuentesfidedignas.com.mx\/index.php\/wp-json\/wp\/v2\/users\/7"}],"replies":[{"embeddable":true,"href":"https:\/\/fuentesfidedignas.com.mx\/index.php\/wp-json\/wp\/v2\/comments?post=42581"}],"version-history":[{"count":2,"href":"https:\/\/fuentesfidedignas.com.mx\/index.php\/wp-json\/wp\/v2\/posts\/42581\/revisions"}],"predecessor-version":[{"id":42585,"href":"https:\/\/fuentesfidedignas.com.mx\/index.php\/wp-json\/wp\/v2\/posts\/42581\/revisions\/42585"}],"wp:featuredmedia":[{"embeddable":true,"href":"https:\/\/fuentesfidedignas.com.mx\/index.php\/wp-json\/wp\/v2\/media\/42583"}],"wp:attachment":[{"href":"https:\/\/fuentesfidedignas.com.mx\/index.php\/wp-json\/wp\/v2\/media?parent=42581"}],"wp:term":[{"taxonomy":"category","embeddable":true,"href":"https:\/\/fuentesfidedignas.com.mx\/index.php\/wp-json\/wp\/v2\/categories?post=42581"},{"taxonomy":"post_tag","embeddable":true,"href":"https:\/\/fuentesfidedignas.com.mx\/index.php\/wp-json\/wp\/v2\/tags?post=42581"}],"curies":[{"name":"wp","href":"https:\/\/api.w.org\/{rel}","templated":true}]}}