{"id":42579,"date":"2022-09-16T12:26:17","date_gmt":"2022-09-16T18:26:17","guid":{"rendered":"https:\/\/fuentesfidedignas.com.mx\/?p=42579"},"modified":"2022-09-16T12:26:18","modified_gmt":"2022-09-16T18:26:18","slug":"sismo-en-guerrero-sorprende-en-pleno-16-de-septiembre-imperceptible-para-cdmx","status":"publish","type":"post","link":"https:\/\/fuentesfidedignas.com.mx\/index.php\/2022\/09\/16\/sismo-en-guerrero-sorprende-en-pleno-16-de-septiembre-imperceptible-para-cdmx\/","title":{"rendered":"Sismo en Guerrero sorprende en pleno 16 de septiembre, imperceptible para CDMX"},"content":{"rendered":"\n<p><strong><em>El sismo ocurri\u00f3 a las 10:17 horas, cuando el desfile militar por la Independencia de M\u00e9xico ya hab\u00eda iniciado en el Z\u00f3calo de CDMX<\/em><\/strong><\/p>\n\n\n\n<p>Ciudad de M\u00e9xico.- El Servicio Sismol\u00f3gico Nacional (SSN) inform\u00f3 que hubo un sismo hoy, 16 de septiembre de 2022, con epicentro en Guerrero, que fue imperceptible en la Ciudad de M\u00e9xico (CDMX).<\/p>\n\n\n\n<p>El SSN detall\u00f3 que el sismo magnitud 4.5 ocurri\u00f3 a las 10:17 horas de hoy, cuando ya hab\u00eda iniciado el desfile militar por la Independencia de M\u00e9xico, en el Z\u00f3calo de CDMX; no amerit\u00f3 que se activara la alerta s\u00edsmica.<\/p>\n\n\n\n<p>El epicentro del sismo fue a 11 kil\u00f3metros de Tecpan, Guerrero.<\/p>\n\n\n\n<figure class=\"wp-block-embed is-type-rich is-provider-twitter wp-block-embed-twitter\"><div class=\"wp-block-embed__wrapper\">\n<blockquote class=\"twitter-tweet\" data-width=\"550\" data-dnt=\"true\"><p lang=\"ro\" dir=\"ltr\">SISMO Magnitud 4.5 Loc  11 km al NOROESTE de TECPAN, GRO 16\/09\/22 10:17:50 Lat 17.31 Lon -100.66 Pf 18 km <a href=\"https:\/\/t.co\/YBehtJajf3\">pic.twitter.com\/YBehtJajf3<\/a><\/p>&mdash; Sismologico Nacional (@SismologicoMX) <a href=\"https:\/\/twitter.com\/SismologicoMX\/status\/1570799192800362500?ref_src=twsrc%5Etfw\">September 16, 2022<\/a><\/blockquote><script async src=\"https:\/\/platform.twitter.com\/widgets.js\" charset=\"utf-8\"><\/script>\n<\/div><figcaption>De acuerdo con Sky Alert, el sismo fue muy d\u00e9bil para la CDMX, por lo que fue imperceptible.<\/figcaption><\/figure>\n\n\n\n<figure class=\"wp-block-embed is-type-rich is-provider-twitter wp-block-embed-twitter\"><div class=\"wp-block-embed__wrapper\">\n<blockquote class=\"twitter-tweet\" data-width=\"550\" data-dnt=\"true\"><p lang=\"es\" dir=\"ltr\">En general, para CDMX, las percepciones fueron &quot;muy d\u00e9biles&quot; a &quot;imperceptibles&quot;. <a href=\"https:\/\/t.co\/QFxtXyoEh1\">https:\/\/t.co\/QFxtXyoEh1<\/a><\/p>&mdash; SkyAlert (@SkyAlertMx) <a href=\"https:\/\/twitter.com\/SkyAlertMx\/status\/1570796159328980992?ref_src=twsrc%5Etfw\">September 16, 2022<\/a><\/blockquote><script async src=\"https:\/\/platform.twitter.com\/widgets.js\" charset=\"utf-8\"><\/script>\n<\/div><\/figure>\n","protected":false},"excerpt":{"rendered":"<p>El sismo ocurri\u00f3 a las 10:17 horas, cuando el desfile militar por la Independencia de M\u00e9xico ya hab\u00eda iniciado en el Z\u00f3calo de CDMX Ciudad de M\u00e9xico.- El Servicio Sismol\u00f3gico Nacional (SSN) inform\u00f3 que hubo un sismo hoy, 16 de septiembre de 2022, con epicentro en Guerrero, que fue imperceptible en la Ciudad de M\u00e9xico [&hellip;]<\/p>\n","protected":false},"author":46,"featured_media":33822,"comment_status":"open","ping_status":"open","sticky":false,"template":"","format":"standard","meta":{"tdm_status":"","tdm_grid_status":"","footnotes":""},"categories":[39],"tags":[],"class_list":{"0":"post-42579","1":"post","2":"type-post","3":"status-publish","4":"format-standard","5":"has-post-thumbnail","7":"category-noticias-nacionales"},"yoast_head":"<!-- This site is optimized with the Yoast SEO plugin v27.5 - https:\/\/yoast.com\/product\/yoast-seo-wordpress\/ -->\n<title>Sismo en Guerrero sorprende en pleno 16 de septiembre, imperceptible para CDMX - Fuentes Fidedignas<\/title>\n<meta name=\"robots\" content=\"index, follow, max-snippet:-1, max-image-preview:large, max-video-preview:-1\" \/>\n<link rel=\"canonical\" href=\"https:\/\/fuentesfidedignas.com.mx\/index.php\/2022\/09\/16\/sismo-en-guerrero-sorprende-en-pleno-16-de-septiembre-imperceptible-para-cdmx\/\" \/>\n<meta property=\"og:locale\" content=\"es_MX\" \/>\n<meta property=\"og:type\" content=\"article\" \/>\n<meta property=\"og:title\" content=\"Sismo en Guerrero sorprende en pleno 16 de septiembre, imperceptible para CDMX - Fuentes Fidedignas\" \/>\n<meta property=\"og:description\" content=\"El sismo ocurri\u00f3 a las 10:17 horas, cuando el desfile militar por la Independencia de M\u00e9xico ya hab\u00eda iniciado en el Z\u00f3calo de CDMX Ciudad de M\u00e9xico.- El Servicio Sismol\u00f3gico Nacional (SSN) inform\u00f3 que hubo un sismo hoy, 16 de septiembre de 2022, con epicentro en Guerrero, que fue imperceptible en la Ciudad de M\u00e9xico [&hellip;]\" \/>\n<meta property=\"og:url\" content=\"https:\/\/fuentesfidedignas.com.mx\/index.php\/2022\/09\/16\/sismo-en-guerrero-sorprende-en-pleno-16-de-septiembre-imperceptible-para-cdmx\/\" \/>\n<meta property=\"og:site_name\" content=\"Fuentes Fidedignas\" \/>\n<meta property=\"article:publisher\" content=\"https:\/\/www.facebook.com\/Fuentes-Fidedignas-368234489921644\" \/>\n<meta property=\"article:published_time\" content=\"2022-09-16T18:26:17+00:00\" \/>\n<meta property=\"article:modified_time\" content=\"2022-09-16T18:26:18+00:00\" \/>\n<meta property=\"og:image\" content=\"https:\/\/fuentesfidedignas.com.mx\/wp-content\/uploads\/2022\/06\/Sismo_3.jpeg\" \/>\n\t<meta property=\"og:image:width\" content=\"1200\" \/>\n\t<meta property=\"og:image:height\" content=\"675\" \/>\n\t<meta property=\"og:image:type\" content=\"image\/jpeg\" \/>\n<meta name=\"author\" content=\"Noticieros Televisa\" \/>\n<meta name=\"twitter:card\" content=\"summary_large_image\" \/>\n<meta name=\"twitter:creator\" content=\"@fidedignas\" \/>\n<meta name=\"twitter:site\" content=\"@fidedignas\" \/>\n<meta name=\"twitter:label1\" content=\"Escrito por\" \/>\n\t<meta name=\"twitter:data1\" content=\"Noticieros Televisa\" \/>\n\t<meta name=\"twitter:label2\" content=\"Tiempo de lectura\" \/>\n\t<meta name=\"twitter:data2\" content=\"1 minuto\" \/>\n<script type=\"application\/ld+json\" class=\"yoast-schema-graph\">{\"@context\":\"https:\\\/\\\/schema.org\",\"@graph\":[{\"@type\":\"Article\",\"@id\":\"https:\\\/\\\/fuentesfidedignas.com.mx\\\/index.php\\\/2022\\\/09\\\/16\\\/sismo-en-guerrero-sorprende-en-pleno-16-de-septiembre-imperceptible-para-cdmx\\\/#article\",\"isPartOf\":{\"@id\":\"https:\\\/\\\/fuentesfidedignas.com.mx\\\/index.php\\\/2022\\\/09\\\/16\\\/sismo-en-guerrero-sorprende-en-pleno-16-de-septiembre-imperceptible-para-cdmx\\\/\"},\"author\":{\"name\":\"Noticieros Televisa\",\"@id\":\"https:\\\/\\\/fuentesfidedignas.com.mx\\\/#\\\/schema\\\/person\\\/f030e42657a5a464a8bbd891b1aab6ee\"},\"headline\":\"Sismo en Guerrero sorprende en pleno 16 de septiembre, imperceptible para CDMX\",\"datePublished\":\"2022-09-16T18:26:17+00:00\",\"dateModified\":\"2022-09-16T18:26:18+00:00\",\"mainEntityOfPage\":{\"@id\":\"https:\\\/\\\/fuentesfidedignas.com.mx\\\/index.php\\\/2022\\\/09\\\/16\\\/sismo-en-guerrero-sorprende-en-pleno-16-de-septiembre-imperceptible-para-cdmx\\\/\"},\"wordCount\":218,\"commentCount\":0,\"publisher\":{\"@id\":\"https:\\\/\\\/fuentesfidedignas.com.mx\\\/#organization\"},\"image\":{\"@id\":\"https:\\\/\\\/fuentesfidedignas.com.mx\\\/index.php\\\/2022\\\/09\\\/16\\\/sismo-en-guerrero-sorprende-en-pleno-16-de-septiembre-imperceptible-para-cdmx\\\/#primaryimage\"},\"thumbnailUrl\":\"https:\\\/\\\/fuentesfidedignas.com.mx\\\/wp-content\\\/uploads\\\/2022\\\/06\\\/Sismo_3.jpeg\",\"articleSection\":[\"NOTICIAS NACIONALES\"],\"inLanguage\":\"es\",\"potentialAction\":[{\"@type\":\"CommentAction\",\"name\":\"Comment\",\"target\":[\"https:\\\/\\\/fuentesfidedignas.com.mx\\\/index.php\\\/2022\\\/09\\\/16\\\/sismo-en-guerrero-sorprende-en-pleno-16-de-septiembre-imperceptible-para-cdmx\\\/#respond\"]}]},{\"@type\":\"WebPage\",\"@id\":\"https:\\\/\\\/fuentesfidedignas.com.mx\\\/index.php\\\/2022\\\/09\\\/16\\\/sismo-en-guerrero-sorprende-en-pleno-16-de-septiembre-imperceptible-para-cdmx\\\/\",\"url\":\"https:\\\/\\\/fuentesfidedignas.com.mx\\\/index.php\\\/2022\\\/09\\\/16\\\/sismo-en-guerrero-sorprende-en-pleno-16-de-septiembre-imperceptible-para-cdmx\\\/\",\"name\":\"Sismo en Guerrero sorprende en pleno 16 de septiembre, imperceptible para CDMX - Fuentes Fidedignas\",\"isPartOf\":{\"@id\":\"https:\\\/\\\/fuentesfidedignas.com.mx\\\/#website\"},\"primaryImageOfPage\":{\"@id\":\"https:\\\/\\\/fuentesfidedignas.com.mx\\\/index.php\\\/2022\\\/09\\\/16\\\/sismo-en-guerrero-sorprende-en-pleno-16-de-septiembre-imperceptible-para-cdmx\\\/#primaryimage\"},\"image\":{\"@id\":\"https:\\\/\\\/fuentesfidedignas.com.mx\\\/index.php\\\/2022\\\/09\\\/16\\\/sismo-en-guerrero-sorprende-en-pleno-16-de-septiembre-imperceptible-para-cdmx\\\/#primaryimage\"},\"thumbnailUrl\":\"https:\\\/\\\/fuentesfidedignas.com.mx\\\/wp-content\\\/uploads\\\/2022\\\/06\\\/Sismo_3.jpeg\",\"datePublished\":\"2022-09-16T18:26:17+00:00\",\"dateModified\":\"2022-09-16T18:26:18+00:00\",\"breadcrumb\":{\"@id\":\"https:\\\/\\\/fuentesfidedignas.com.mx\\\/index.php\\\/2022\\\/09\\\/16\\\/sismo-en-guerrero-sorprende-en-pleno-16-de-septiembre-imperceptible-para-cdmx\\\/#breadcrumb\"},\"inLanguage\":\"es\",\"potentialAction\":[{\"@type\":\"ReadAction\",\"target\":[\"https:\\\/\\\/fuentesfidedignas.com.mx\\\/index.php\\\/2022\\\/09\\\/16\\\/sismo-en-guerrero-sorprende-en-pleno-16-de-septiembre-imperceptible-para-cdmx\\\/\"]}]},{\"@type\":\"ImageObject\",\"inLanguage\":\"es\",\"@id\":\"https:\\\/\\\/fuentesfidedignas.com.mx\\\/index.php\\\/2022\\\/09\\\/16\\\/sismo-en-guerrero-sorprende-en-pleno-16-de-septiembre-imperceptible-para-cdmx\\\/#primaryimage\",\"url\":\"https:\\\/\\\/fuentesfidedignas.com.mx\\\/wp-content\\\/uploads\\\/2022\\\/06\\\/Sismo_3.jpeg\",\"contentUrl\":\"https:\\\/\\\/fuentesfidedignas.com.mx\\\/wp-content\\\/uploads\\\/2022\\\/06\\\/Sismo_3.jpeg\",\"width\":1200,\"height\":675},{\"@type\":\"BreadcrumbList\",\"@id\":\"https:\\\/\\\/fuentesfidedignas.com.mx\\\/index.php\\\/2022\\\/09\\\/16\\\/sismo-en-guerrero-sorprende-en-pleno-16-de-septiembre-imperceptible-para-cdmx\\\/#breadcrumb\",\"itemListElement\":[{\"@type\":\"ListItem\",\"position\":1,\"name\":\"Inicio\",\"item\":\"https:\\\/\\\/fuentesfidedignas.com.mx\\\/\"},{\"@type\":\"ListItem\",\"position\":2,\"name\":\"Sismo en Guerrero sorprende en pleno 16 de septiembre, imperceptible para CDMX\"}]},{\"@type\":\"WebSite\",\"@id\":\"https:\\\/\\\/fuentesfidedignas.com.mx\\\/#website\",\"url\":\"https:\\\/\\\/fuentesfidedignas.com.mx\\\/\",\"name\":\"Fuentes Fidedignas\",\"description\":\"Otro sitio realizado con WordPress\",\"publisher\":{\"@id\":\"https:\\\/\\\/fuentesfidedignas.com.mx\\\/#organization\"},\"potentialAction\":[{\"@type\":\"SearchAction\",\"target\":{\"@type\":\"EntryPoint\",\"urlTemplate\":\"https:\\\/\\\/fuentesfidedignas.com.mx\\\/?s={search_term_string}\"},\"query-input\":{\"@type\":\"PropertyValueSpecification\",\"valueRequired\":true,\"valueName\":\"search_term_string\"}}],\"inLanguage\":\"es\"},{\"@type\":\"Organization\",\"@id\":\"https:\\\/\\\/fuentesfidedignas.com.mx\\\/#organization\",\"name\":\"Fuentes Fidedignas\",\"url\":\"https:\\\/\\\/fuentesfidedignas.com.mx\\\/\",\"logo\":{\"@type\":\"ImageObject\",\"inLanguage\":\"es\",\"@id\":\"https:\\\/\\\/fuentesfidedignas.com.mx\\\/#\\\/schema\\\/logo\\\/image\\\/\",\"url\":\"https:\\\/\\\/fuentesfidedignas.com.mx\\\/wp-content\\\/uploads\\\/2021\\\/04\\\/logo-retina.png\",\"contentUrl\":\"https:\\\/\\\/fuentesfidedignas.com.mx\\\/wp-content\\\/uploads\\\/2021\\\/04\\\/logo-retina.png\",\"width\":280,\"height\":51,\"caption\":\"Fuentes Fidedignas\"},\"image\":{\"@id\":\"https:\\\/\\\/fuentesfidedignas.com.mx\\\/#\\\/schema\\\/logo\\\/image\\\/\"},\"sameAs\":[\"https:\\\/\\\/www.facebook.com\\\/Fuentes-Fidedignas-368234489921644\",\"https:\\\/\\\/x.com\\\/fidedignas\"]},{\"@type\":\"Person\",\"@id\":\"https:\\\/\\\/fuentesfidedignas.com.mx\\\/#\\\/schema\\\/person\\\/f030e42657a5a464a8bbd891b1aab6ee\",\"name\":\"Noticieros Televisa\",\"image\":{\"@type\":\"ImageObject\",\"inLanguage\":\"es\",\"@id\":\"https:\\\/\\\/secure.gravatar.com\\\/avatar\\\/0e47b9e785a628831b8fd9eaf15e090e106760a879abbd4a3306f128ef5d43a9?s=96&d=mm&r=g\",\"url\":\"https:\\\/\\\/secure.gravatar.com\\\/avatar\\\/0e47b9e785a628831b8fd9eaf15e090e106760a879abbd4a3306f128ef5d43a9?s=96&d=mm&r=g\",\"contentUrl\":\"https:\\\/\\\/secure.gravatar.com\\\/avatar\\\/0e47b9e785a628831b8fd9eaf15e090e106760a879abbd4a3306f128ef5d43a9?s=96&d=mm&r=g\",\"caption\":\"Noticieros Televisa\"},\"url\":\"https:\\\/\\\/fuentesfidedignas.com.mx\\\/index.php\\\/author\\\/noticieros-televisa\\\/\"}]}<\/script>\n<!-- \/ Yoast SEO plugin. -->","yoast_head_json":{"title":"Sismo en Guerrero sorprende en pleno 16 de septiembre, imperceptible para CDMX - Fuentes Fidedignas","robots":{"index":"index","follow":"follow","max-snippet":"max-snippet:-1","max-image-preview":"max-image-preview:large","max-video-preview":"max-video-preview:-1"},"canonical":"https:\/\/fuentesfidedignas.com.mx\/index.php\/2022\/09\/16\/sismo-en-guerrero-sorprende-en-pleno-16-de-septiembre-imperceptible-para-cdmx\/","og_locale":"es_MX","og_type":"article","og_title":"Sismo en Guerrero sorprende en pleno 16 de septiembre, imperceptible para CDMX - Fuentes Fidedignas","og_description":"El sismo ocurri\u00f3 a las 10:17 horas, cuando el desfile militar por la Independencia de M\u00e9xico ya hab\u00eda iniciado en el Z\u00f3calo de CDMX Ciudad de M\u00e9xico.- El Servicio Sismol\u00f3gico Nacional (SSN) inform\u00f3 que hubo un sismo hoy, 16 de septiembre de 2022, con epicentro en Guerrero, que fue imperceptible en la Ciudad de M\u00e9xico [&hellip;]","og_url":"https:\/\/fuentesfidedignas.com.mx\/index.php\/2022\/09\/16\/sismo-en-guerrero-sorprende-en-pleno-16-de-septiembre-imperceptible-para-cdmx\/","og_site_name":"Fuentes Fidedignas","article_publisher":"https:\/\/www.facebook.com\/Fuentes-Fidedignas-368234489921644","article_published_time":"2022-09-16T18:26:17+00:00","article_modified_time":"2022-09-16T18:26:18+00:00","og_image":[{"width":1200,"height":675,"url":"https:\/\/fuentesfidedignas.com.mx\/wp-content\/uploads\/2022\/06\/Sismo_3.jpeg","type":"image\/jpeg"}],"author":"Noticieros Televisa","twitter_card":"summary_large_image","twitter_creator":"@fidedignas","twitter_site":"@fidedignas","twitter_misc":{"Escrito por":"Noticieros Televisa","Tiempo de lectura":"1 minuto"},"schema":{"@context":"https:\/\/schema.org","@graph":[{"@type":"Article","@id":"https:\/\/fuentesfidedignas.com.mx\/index.php\/2022\/09\/16\/sismo-en-guerrero-sorprende-en-pleno-16-de-septiembre-imperceptible-para-cdmx\/#article","isPartOf":{"@id":"https:\/\/fuentesfidedignas.com.mx\/index.php\/2022\/09\/16\/sismo-en-guerrero-sorprende-en-pleno-16-de-septiembre-imperceptible-para-cdmx\/"},"author":{"name":"Noticieros Televisa","@id":"https:\/\/fuentesfidedignas.com.mx\/#\/schema\/person\/f030e42657a5a464a8bbd891b1aab6ee"},"headline":"Sismo en Guerrero sorprende en pleno 16 de septiembre, imperceptible para CDMX","datePublished":"2022-09-16T18:26:17+00:00","dateModified":"2022-09-16T18:26:18+00:00","mainEntityOfPage":{"@id":"https:\/\/fuentesfidedignas.com.mx\/index.php\/2022\/09\/16\/sismo-en-guerrero-sorprende-en-pleno-16-de-septiembre-imperceptible-para-cdmx\/"},"wordCount":218,"commentCount":0,"publisher":{"@id":"https:\/\/fuentesfidedignas.com.mx\/#organization"},"image":{"@id":"https:\/\/fuentesfidedignas.com.mx\/index.php\/2022\/09\/16\/sismo-en-guerrero-sorprende-en-pleno-16-de-septiembre-imperceptible-para-cdmx\/#primaryimage"},"thumbnailUrl":"https:\/\/fuentesfidedignas.com.mx\/wp-content\/uploads\/2022\/06\/Sismo_3.jpeg","articleSection":["NOTICIAS NACIONALES"],"inLanguage":"es","potentialAction":[{"@type":"CommentAction","name":"Comment","target":["https:\/\/fuentesfidedignas.com.mx\/index.php\/2022\/09\/16\/sismo-en-guerrero-sorprende-en-pleno-16-de-septiembre-imperceptible-para-cdmx\/#respond"]}]},{"@type":"WebPage","@id":"https:\/\/fuentesfidedignas.com.mx\/index.php\/2022\/09\/16\/sismo-en-guerrero-sorprende-en-pleno-16-de-septiembre-imperceptible-para-cdmx\/","url":"https:\/\/fuentesfidedignas.com.mx\/index.php\/2022\/09\/16\/sismo-en-guerrero-sorprende-en-pleno-16-de-septiembre-imperceptible-para-cdmx\/","name":"Sismo en Guerrero sorprende en pleno 16 de septiembre, imperceptible para CDMX - Fuentes Fidedignas","isPartOf":{"@id":"https:\/\/fuentesfidedignas.com.mx\/#website"},"primaryImageOfPage":{"@id":"https:\/\/fuentesfidedignas.com.mx\/index.php\/2022\/09\/16\/sismo-en-guerrero-sorprende-en-pleno-16-de-septiembre-imperceptible-para-cdmx\/#primaryimage"},"image":{"@id":"https:\/\/fuentesfidedignas.com.mx\/index.php\/2022\/09\/16\/sismo-en-guerrero-sorprende-en-pleno-16-de-septiembre-imperceptible-para-cdmx\/#primaryimage"},"thumbnailUrl":"https:\/\/fuentesfidedignas.com.mx\/wp-content\/uploads\/2022\/06\/Sismo_3.jpeg","datePublished":"2022-09-16T18:26:17+00:00","dateModified":"2022-09-16T18:26:18+00:00","breadcrumb":{"@id":"https:\/\/fuentesfidedignas.com.mx\/index.php\/2022\/09\/16\/sismo-en-guerrero-sorprende-en-pleno-16-de-septiembre-imperceptible-para-cdmx\/#breadcrumb"},"inLanguage":"es","potentialAction":[{"@type":"ReadAction","target":["https:\/\/fuentesfidedignas.com.mx\/index.php\/2022\/09\/16\/sismo-en-guerrero-sorprende-en-pleno-16-de-septiembre-imperceptible-para-cdmx\/"]}]},{"@type":"ImageObject","inLanguage":"es","@id":"https:\/\/fuentesfidedignas.com.mx\/index.php\/2022\/09\/16\/sismo-en-guerrero-sorprende-en-pleno-16-de-septiembre-imperceptible-para-cdmx\/#primaryimage","url":"https:\/\/fuentesfidedignas.com.mx\/wp-content\/uploads\/2022\/06\/Sismo_3.jpeg","contentUrl":"https:\/\/fuentesfidedignas.com.mx\/wp-content\/uploads\/2022\/06\/Sismo_3.jpeg","width":1200,"height":675},{"@type":"BreadcrumbList","@id":"https:\/\/fuentesfidedignas.com.mx\/index.php\/2022\/09\/16\/sismo-en-guerrero-sorprende-en-pleno-16-de-septiembre-imperceptible-para-cdmx\/#breadcrumb","itemListElement":[{"@type":"ListItem","position":1,"name":"Inicio","item":"https:\/\/fuentesfidedignas.com.mx\/"},{"@type":"ListItem","position":2,"name":"Sismo en Guerrero sorprende en pleno 16 de septiembre, imperceptible para CDMX"}]},{"@type":"WebSite","@id":"https:\/\/fuentesfidedignas.com.mx\/#website","url":"https:\/\/fuentesfidedignas.com.mx\/","name":"Fuentes Fidedignas","description":"Otro sitio realizado con WordPress","publisher":{"@id":"https:\/\/fuentesfidedignas.com.mx\/#organization"},"potentialAction":[{"@type":"SearchAction","target":{"@type":"EntryPoint","urlTemplate":"https:\/\/fuentesfidedignas.com.mx\/?s={search_term_string}"},"query-input":{"@type":"PropertyValueSpecification","valueRequired":true,"valueName":"search_term_string"}}],"inLanguage":"es"},{"@type":"Organization","@id":"https:\/\/fuentesfidedignas.com.mx\/#organization","name":"Fuentes Fidedignas","url":"https:\/\/fuentesfidedignas.com.mx\/","logo":{"@type":"ImageObject","inLanguage":"es","@id":"https:\/\/fuentesfidedignas.com.mx\/#\/schema\/logo\/image\/","url":"https:\/\/fuentesfidedignas.com.mx\/wp-content\/uploads\/2021\/04\/logo-retina.png","contentUrl":"https:\/\/fuentesfidedignas.com.mx\/wp-content\/uploads\/2021\/04\/logo-retina.png","width":280,"height":51,"caption":"Fuentes Fidedignas"},"image":{"@id":"https:\/\/fuentesfidedignas.com.mx\/#\/schema\/logo\/image\/"},"sameAs":["https:\/\/www.facebook.com\/Fuentes-Fidedignas-368234489921644","https:\/\/x.com\/fidedignas"]},{"@type":"Person","@id":"https:\/\/fuentesfidedignas.com.mx\/#\/schema\/person\/f030e42657a5a464a8bbd891b1aab6ee","name":"Noticieros Televisa","image":{"@type":"ImageObject","inLanguage":"es","@id":"https:\/\/secure.gravatar.com\/avatar\/0e47b9e785a628831b8fd9eaf15e090e106760a879abbd4a3306f128ef5d43a9?s=96&d=mm&r=g","url":"https:\/\/secure.gravatar.com\/avatar\/0e47b9e785a628831b8fd9eaf15e090e106760a879abbd4a3306f128ef5d43a9?s=96&d=mm&r=g","contentUrl":"https:\/\/secure.gravatar.com\/avatar\/0e47b9e785a628831b8fd9eaf15e090e106760a879abbd4a3306f128ef5d43a9?s=96&d=mm&r=g","caption":"Noticieros Televisa"},"url":"https:\/\/fuentesfidedignas.com.mx\/index.php\/author\/noticieros-televisa\/"}]}},"_links":{"self":[{"href":"https:\/\/fuentesfidedignas.com.mx\/index.php\/wp-json\/wp\/v2\/posts\/42579","targetHints":{"allow":["GET"]}}],"collection":[{"href":"https:\/\/fuentesfidedignas.com.mx\/index.php\/wp-json\/wp\/v2\/posts"}],"about":[{"href":"https:\/\/fuentesfidedignas.com.mx\/index.php\/wp-json\/wp\/v2\/types\/post"}],"author":[{"embeddable":true,"href":"https:\/\/fuentesfidedignas.com.mx\/index.php\/wp-json\/wp\/v2\/users\/46"}],"replies":[{"embeddable":true,"href":"https:\/\/fuentesfidedignas.com.mx\/index.php\/wp-json\/wp\/v2\/comments?post=42579"}],"version-history":[{"count":1,"href":"https:\/\/fuentesfidedignas.com.mx\/index.php\/wp-json\/wp\/v2\/posts\/42579\/revisions"}],"predecessor-version":[{"id":42580,"href":"https:\/\/fuentesfidedignas.com.mx\/index.php\/wp-json\/wp\/v2\/posts\/42579\/revisions\/42580"}],"wp:featuredmedia":[{"embeddable":true,"href":"https:\/\/fuentesfidedignas.com.mx\/index.php\/wp-json\/wp\/v2\/media\/33822"}],"wp:attachment":[{"href":"https:\/\/fuentesfidedignas.com.mx\/index.php\/wp-json\/wp\/v2\/media?parent=42579"}],"wp:term":[{"taxonomy":"category","embeddable":true,"href":"https:\/\/fuentesfidedignas.com.mx\/index.php\/wp-json\/wp\/v2\/categories?post=42579"},{"taxonomy":"post_tag","embeddable":true,"href":"https:\/\/fuentesfidedignas.com.mx\/index.php\/wp-json\/wp\/v2\/tags?post=42579"}],"curies":[{"name":"wp","href":"https:\/\/api.w.org\/{rel}","templated":true}]}}