{"id":42575,"date":"2022-09-16T12:11:28","date_gmt":"2022-09-16T18:11:28","guid":{"rendered":"https:\/\/fuentesfidedignas.com.mx\/?p=42575"},"modified":"2022-09-16T12:12:28","modified_gmt":"2022-09-16T18:12:28","slug":"conmemora-sinaloa-el-212-aniversario-de-la-independencia-de-mexico-con-tradicional-desfile","status":"publish","type":"post","link":"https:\/\/fuentesfidedignas.com.mx\/index.php\/2022\/09\/16\/conmemora-sinaloa-el-212-aniversario-de-la-independencia-de-mexico-con-tradicional-desfile\/","title":{"rendered":"Conmemora Sinaloa el 212 Aniversario de la Independencia de M\u00e9xico con tradicional desfile"},"content":{"rendered":"\n<p><strong><em>Luego de un receso de dos a\u00f1os, el tradicional desfile militar regres\u00f3 a la avenida \u00c1lvaro Obreg\u00f3n<\/em><\/strong><\/p>\n\n\n\n<p>Culiac\u00e1n, Sin.- Miles de culiacanenses se dieron cita en la avenida Gral. \u00c1lvaro Obreg\u00f3n, para ser testigos del impresionante Desfile C\u00edvico Militar que la Secretar\u00eda de la Defensa Nacional llev\u00f3 a cabo con motivo del 212 Aniversario de la Independencia de M\u00e9xico.<\/p>\n\n\n\n<p>M\u00e1s de mil 200 personas y elementos pertenecientes a diferentes instituciones de seguridad, entre ellas la Guardia Nacional, Fuerza A\u00e9rea Mexicana, Ej\u00e9rcito Mexicano y, por primera vez, la Secretar\u00eda de Marina, as\u00ed como tambi\u00e9n agentes de la Secretar\u00eda de Seguridad P\u00fablica y Tr\u00e1nsito Municipal, Bomberos de Culiac\u00e1n, Cruz Roja, Protecci\u00f3n Civil, entre otros, desfilaron desde el bulevar Francisco I. Madero, hasta la calle Ignacio Zaragoza.<\/p>\n\n\n\n<p>Dicho acto, encabezado por el gobernador del estado, Rub\u00e9n Rocha Moya, y el presidente municipal, Juan de dios G\u00e1mez Mend\u00edvil, tuvo como principal prop\u00f3sito honrar la lucha de los h\u00e9roes que nos dieron patria, fortaleciendo as\u00ed nuestra identidad, sentido de pertenencia y orgullo nacional.<\/p>\n\n\n\n<p>Tras dos a\u00f1os de haber sido suspendido el evento, el alcalde manifest\u00f3 su benepl\u00e1cito de tener la oportunidad de participar en el desarrollo de este importante desfile que enaltece esta gesta heroica.<\/p>\n\n\n\n<p>Los contingentes de bandas de guerra y escoltas de diferentes organismos militarizados, as\u00ed como tambi\u00e9n de centros educativos de la capital que transitaban por la avenida Obreg\u00f3n, con el m\u00e1s alto honor hac\u00edan muestra del L\u00e1baro Patrio como s\u00edmbolo de independencia.<\/p>\n\n\n\n<p>Para cerrar con broche de oro, se cont\u00f3 con la participaci\u00f3n de las asociaciones de charros de Sinaloa, aplaudidos por las familias presentes, sobre todo los ni\u00f1os que admiraban su vestuario y el porte de la caballer\u00eda.<\/p>\n\n\n\n<p>Al t\u00e9rmino del desfile, personal de la Direcci\u00f3n General de Servicios P\u00fablicos acudi\u00f3 a realizar labores de limpieza; por su parte, la Coordinaci\u00f3n Municipal de Protecci\u00f3n Civil, report\u00f3 saldo blanco sin alguna novedad, siendo un \u00e9xito la organizaci\u00f3n del mismo.<\/p>\n\n\n\n<p>Previamente, las autoridades presidieron el Izamiento de Bandera a toda asta en la Explanada de Palacio de Gobierno, para despu\u00e9s montar Guardia de Honor en los monumentos erigidos a Miguel Hidalgo y Costilla, Josefa Ortiz de Dom\u00ednguez, y Jos\u00e9 Mar\u00eda Morelos y Pav\u00f3n, por los CCXII A\u00f1os del Inicio de la Independencia Nacional.<\/p>\n","protected":false},"excerpt":{"rendered":"<p>Luego de un receso de dos a\u00f1os, el tradicional desfile militar regres\u00f3 a la avenida \u00c1lvaro Obreg\u00f3n Culiac\u00e1n, Sin.- Miles de culiacanenses se dieron cita en la avenida Gral. \u00c1lvaro Obreg\u00f3n, para ser testigos del impresionante Desfile C\u00edvico Militar que la Secretar\u00eda de la Defensa Nacional llev\u00f3 a cabo con motivo del 212 Aniversario de [&hellip;]<\/p>\n","protected":false},"author":4,"featured_media":42576,"comment_status":"open","ping_status":"open","sticky":false,"template":"","format":"standard","meta":{"tdm_status":"","tdm_grid_status":"","footnotes":""},"categories":[37],"tags":[],"class_list":{"0":"post-42575","1":"post","2":"type-post","3":"status-publish","4":"format-standard","5":"has-post-thumbnail","7":"category-nota-principal"},"yoast_head":"<!-- This site is optimized with the Yoast SEO plugin v27.5 - https:\/\/yoast.com\/product\/yoast-seo-wordpress\/ -->\n<title>Conmemora Sinaloa el 212 Aniversario de la Independencia de M\u00e9xico con tradicional desfile - Fuentes Fidedignas<\/title>\n<meta name=\"robots\" content=\"index, follow, max-snippet:-1, max-image-preview:large, max-video-preview:-1\" \/>\n<link rel=\"canonical\" href=\"https:\/\/fuentesfidedignas.com.mx\/index.php\/2022\/09\/16\/conmemora-sinaloa-el-212-aniversario-de-la-independencia-de-mexico-con-tradicional-desfile\/\" \/>\n<meta property=\"og:locale\" content=\"es_MX\" \/>\n<meta property=\"og:type\" content=\"article\" \/>\n<meta property=\"og:title\" content=\"Conmemora Sinaloa el 212 Aniversario de la Independencia de M\u00e9xico con tradicional desfile - Fuentes Fidedignas\" \/>\n<meta property=\"og:description\" content=\"Luego de un receso de dos a\u00f1os, el tradicional desfile militar regres\u00f3 a la avenida \u00c1lvaro Obreg\u00f3n Culiac\u00e1n, Sin.- Miles de culiacanenses se dieron cita en la avenida Gral. \u00c1lvaro Obreg\u00f3n, para ser testigos del impresionante Desfile C\u00edvico Militar que la Secretar\u00eda de la Defensa Nacional llev\u00f3 a cabo con motivo del 212 Aniversario de [&hellip;]\" \/>\n<meta property=\"og:url\" content=\"https:\/\/fuentesfidedignas.com.mx\/index.php\/2022\/09\/16\/conmemora-sinaloa-el-212-aniversario-de-la-independencia-de-mexico-con-tradicional-desfile\/\" \/>\n<meta property=\"og:site_name\" content=\"Fuentes Fidedignas\" \/>\n<meta property=\"article:publisher\" content=\"https:\/\/www.facebook.com\/Fuentes-Fidedignas-368234489921644\" \/>\n<meta property=\"article:published_time\" content=\"2022-09-16T18:11:28+00:00\" \/>\n<meta property=\"article:modified_time\" content=\"2022-09-16T18:12:28+00:00\" \/>\n<meta property=\"og:image\" content=\"https:\/\/fuentesfidedignas.com.mx\/wp-content\/uploads\/2022\/09\/IMG-20220916-WA0100.jpg\" \/>\n\t<meta property=\"og:image:width\" content=\"1024\" \/>\n\t<meta property=\"og:image:height\" content=\"682\" \/>\n\t<meta property=\"og:image:type\" content=\"image\/jpeg\" \/>\n<meta name=\"author\" content=\"Redacci\u00f3n\" \/>\n<meta name=\"twitter:card\" content=\"summary_large_image\" \/>\n<meta name=\"twitter:creator\" content=\"@fidedignas\" \/>\n<meta name=\"twitter:site\" content=\"@fidedignas\" \/>\n<meta name=\"twitter:label1\" content=\"Escrito por\" \/>\n\t<meta name=\"twitter:data1\" content=\"Redacci\u00f3n\" \/>\n\t<meta name=\"twitter:label2\" content=\"Tiempo de lectura\" \/>\n\t<meta name=\"twitter:data2\" content=\"2 minutos\" \/>\n<script type=\"application\/ld+json\" class=\"yoast-schema-graph\">{\"@context\":\"https:\\\/\\\/schema.org\",\"@graph\":[{\"@type\":\"Article\",\"@id\":\"https:\\\/\\\/fuentesfidedignas.com.mx\\\/index.php\\\/2022\\\/09\\\/16\\\/conmemora-sinaloa-el-212-aniversario-de-la-independencia-de-mexico-con-tradicional-desfile\\\/#article\",\"isPartOf\":{\"@id\":\"https:\\\/\\\/fuentesfidedignas.com.mx\\\/index.php\\\/2022\\\/09\\\/16\\\/conmemora-sinaloa-el-212-aniversario-de-la-independencia-de-mexico-con-tradicional-desfile\\\/\"},\"author\":{\"name\":\"Redacci\u00f3n\",\"@id\":\"https:\\\/\\\/fuentesfidedignas.com.mx\\\/#\\\/schema\\\/person\\\/331be9283d37198e2acd5750279085b0\"},\"headline\":\"Conmemora Sinaloa el 212 Aniversario de la Independencia de M\u00e9xico con tradicional desfile\",\"datePublished\":\"2022-09-16T18:11:28+00:00\",\"dateModified\":\"2022-09-16T18:12:28+00:00\",\"mainEntityOfPage\":{\"@id\":\"https:\\\/\\\/fuentesfidedignas.com.mx\\\/index.php\\\/2022\\\/09\\\/16\\\/conmemora-sinaloa-el-212-aniversario-de-la-independencia-de-mexico-con-tradicional-desfile\\\/\"},\"wordCount\":427,\"commentCount\":0,\"publisher\":{\"@id\":\"https:\\\/\\\/fuentesfidedignas.com.mx\\\/#organization\"},\"image\":{\"@id\":\"https:\\\/\\\/fuentesfidedignas.com.mx\\\/index.php\\\/2022\\\/09\\\/16\\\/conmemora-sinaloa-el-212-aniversario-de-la-independencia-de-mexico-con-tradicional-desfile\\\/#primaryimage\"},\"thumbnailUrl\":\"https:\\\/\\\/fuentesfidedignas.com.mx\\\/wp-content\\\/uploads\\\/2022\\\/09\\\/IMG-20220916-WA0100.jpg\",\"articleSection\":[\"NOTA PRINCIPAL\"],\"inLanguage\":\"es\",\"potentialAction\":[{\"@type\":\"CommentAction\",\"name\":\"Comment\",\"target\":[\"https:\\\/\\\/fuentesfidedignas.com.mx\\\/index.php\\\/2022\\\/09\\\/16\\\/conmemora-sinaloa-el-212-aniversario-de-la-independencia-de-mexico-con-tradicional-desfile\\\/#respond\"]}]},{\"@type\":\"WebPage\",\"@id\":\"https:\\\/\\\/fuentesfidedignas.com.mx\\\/index.php\\\/2022\\\/09\\\/16\\\/conmemora-sinaloa-el-212-aniversario-de-la-independencia-de-mexico-con-tradicional-desfile\\\/\",\"url\":\"https:\\\/\\\/fuentesfidedignas.com.mx\\\/index.php\\\/2022\\\/09\\\/16\\\/conmemora-sinaloa-el-212-aniversario-de-la-independencia-de-mexico-con-tradicional-desfile\\\/\",\"name\":\"Conmemora Sinaloa el 212 Aniversario de la Independencia de M\u00e9xico con tradicional desfile - Fuentes Fidedignas\",\"isPartOf\":{\"@id\":\"https:\\\/\\\/fuentesfidedignas.com.mx\\\/#website\"},\"primaryImageOfPage\":{\"@id\":\"https:\\\/\\\/fuentesfidedignas.com.mx\\\/index.php\\\/2022\\\/09\\\/16\\\/conmemora-sinaloa-el-212-aniversario-de-la-independencia-de-mexico-con-tradicional-desfile\\\/#primaryimage\"},\"image\":{\"@id\":\"https:\\\/\\\/fuentesfidedignas.com.mx\\\/index.php\\\/2022\\\/09\\\/16\\\/conmemora-sinaloa-el-212-aniversario-de-la-independencia-de-mexico-con-tradicional-desfile\\\/#primaryimage\"},\"thumbnailUrl\":\"https:\\\/\\\/fuentesfidedignas.com.mx\\\/wp-content\\\/uploads\\\/2022\\\/09\\\/IMG-20220916-WA0100.jpg\",\"datePublished\":\"2022-09-16T18:11:28+00:00\",\"dateModified\":\"2022-09-16T18:12:28+00:00\",\"breadcrumb\":{\"@id\":\"https:\\\/\\\/fuentesfidedignas.com.mx\\\/index.php\\\/2022\\\/09\\\/16\\\/conmemora-sinaloa-el-212-aniversario-de-la-independencia-de-mexico-con-tradicional-desfile\\\/#breadcrumb\"},\"inLanguage\":\"es\",\"potentialAction\":[{\"@type\":\"ReadAction\",\"target\":[\"https:\\\/\\\/fuentesfidedignas.com.mx\\\/index.php\\\/2022\\\/09\\\/16\\\/conmemora-sinaloa-el-212-aniversario-de-la-independencia-de-mexico-con-tradicional-desfile\\\/\"]}]},{\"@type\":\"ImageObject\",\"inLanguage\":\"es\",\"@id\":\"https:\\\/\\\/fuentesfidedignas.com.mx\\\/index.php\\\/2022\\\/09\\\/16\\\/conmemora-sinaloa-el-212-aniversario-de-la-independencia-de-mexico-con-tradicional-desfile\\\/#primaryimage\",\"url\":\"https:\\\/\\\/fuentesfidedignas.com.mx\\\/wp-content\\\/uploads\\\/2022\\\/09\\\/IMG-20220916-WA0100.jpg\",\"contentUrl\":\"https:\\\/\\\/fuentesfidedignas.com.mx\\\/wp-content\\\/uploads\\\/2022\\\/09\\\/IMG-20220916-WA0100.jpg\",\"width\":1024,\"height\":682},{\"@type\":\"BreadcrumbList\",\"@id\":\"https:\\\/\\\/fuentesfidedignas.com.mx\\\/index.php\\\/2022\\\/09\\\/16\\\/conmemora-sinaloa-el-212-aniversario-de-la-independencia-de-mexico-con-tradicional-desfile\\\/#breadcrumb\",\"itemListElement\":[{\"@type\":\"ListItem\",\"position\":1,\"name\":\"Inicio\",\"item\":\"https:\\\/\\\/fuentesfidedignas.com.mx\\\/\"},{\"@type\":\"ListItem\",\"position\":2,\"name\":\"Conmemora Sinaloa el 212 Aniversario de la Independencia de M\u00e9xico con tradicional desfile\"}]},{\"@type\":\"WebSite\",\"@id\":\"https:\\\/\\\/fuentesfidedignas.com.mx\\\/#website\",\"url\":\"https:\\\/\\\/fuentesfidedignas.com.mx\\\/\",\"name\":\"Fuentes Fidedignas\",\"description\":\"Otro sitio realizado con WordPress\",\"publisher\":{\"@id\":\"https:\\\/\\\/fuentesfidedignas.com.mx\\\/#organization\"},\"potentialAction\":[{\"@type\":\"SearchAction\",\"target\":{\"@type\":\"EntryPoint\",\"urlTemplate\":\"https:\\\/\\\/fuentesfidedignas.com.mx\\\/?s={search_term_string}\"},\"query-input\":{\"@type\":\"PropertyValueSpecification\",\"valueRequired\":true,\"valueName\":\"search_term_string\"}}],\"inLanguage\":\"es\"},{\"@type\":\"Organization\",\"@id\":\"https:\\\/\\\/fuentesfidedignas.com.mx\\\/#organization\",\"name\":\"Fuentes Fidedignas\",\"url\":\"https:\\\/\\\/fuentesfidedignas.com.mx\\\/\",\"logo\":{\"@type\":\"ImageObject\",\"inLanguage\":\"es\",\"@id\":\"https:\\\/\\\/fuentesfidedignas.com.mx\\\/#\\\/schema\\\/logo\\\/image\\\/\",\"url\":\"https:\\\/\\\/fuentesfidedignas.com.mx\\\/wp-content\\\/uploads\\\/2021\\\/04\\\/logo-retina.png\",\"contentUrl\":\"https:\\\/\\\/fuentesfidedignas.com.mx\\\/wp-content\\\/uploads\\\/2021\\\/04\\\/logo-retina.png\",\"width\":280,\"height\":51,\"caption\":\"Fuentes Fidedignas\"},\"image\":{\"@id\":\"https:\\\/\\\/fuentesfidedignas.com.mx\\\/#\\\/schema\\\/logo\\\/image\\\/\"},\"sameAs\":[\"https:\\\/\\\/www.facebook.com\\\/Fuentes-Fidedignas-368234489921644\",\"https:\\\/\\\/x.com\\\/fidedignas\"]},{\"@type\":\"Person\",\"@id\":\"https:\\\/\\\/fuentesfidedignas.com.mx\\\/#\\\/schema\\\/person\\\/331be9283d37198e2acd5750279085b0\",\"name\":\"Redacci\u00f3n\",\"image\":{\"@type\":\"ImageObject\",\"inLanguage\":\"es\",\"@id\":\"https:\\\/\\\/secure.gravatar.com\\\/avatar\\\/f6d8782c11d12b2d4ad3fbb6931aeab5309937a4d6cd2fc9cfaa28a6396a5aec?s=96&d=mm&r=g\",\"url\":\"https:\\\/\\\/secure.gravatar.com\\\/avatar\\\/f6d8782c11d12b2d4ad3fbb6931aeab5309937a4d6cd2fc9cfaa28a6396a5aec?s=96&d=mm&r=g\",\"contentUrl\":\"https:\\\/\\\/secure.gravatar.com\\\/avatar\\\/f6d8782c11d12b2d4ad3fbb6931aeab5309937a4d6cd2fc9cfaa28a6396a5aec?s=96&d=mm&r=g\",\"caption\":\"Redacci\u00f3n\"},\"url\":\"https:\\\/\\\/fuentesfidedignas.com.mx\\\/index.php\\\/author\\\/redaccion\\\/\"}]}<\/script>\n<!-- \/ Yoast SEO plugin. -->","yoast_head_json":{"title":"Conmemora Sinaloa el 212 Aniversario de la Independencia de M\u00e9xico con tradicional desfile - Fuentes Fidedignas","robots":{"index":"index","follow":"follow","max-snippet":"max-snippet:-1","max-image-preview":"max-image-preview:large","max-video-preview":"max-video-preview:-1"},"canonical":"https:\/\/fuentesfidedignas.com.mx\/index.php\/2022\/09\/16\/conmemora-sinaloa-el-212-aniversario-de-la-independencia-de-mexico-con-tradicional-desfile\/","og_locale":"es_MX","og_type":"article","og_title":"Conmemora Sinaloa el 212 Aniversario de la Independencia de M\u00e9xico con tradicional desfile - Fuentes Fidedignas","og_description":"Luego de un receso de dos a\u00f1os, el tradicional desfile militar regres\u00f3 a la avenida \u00c1lvaro Obreg\u00f3n Culiac\u00e1n, Sin.- Miles de culiacanenses se dieron cita en la avenida Gral. \u00c1lvaro Obreg\u00f3n, para ser testigos del impresionante Desfile C\u00edvico Militar que la Secretar\u00eda de la Defensa Nacional llev\u00f3 a cabo con motivo del 212 Aniversario de [&hellip;]","og_url":"https:\/\/fuentesfidedignas.com.mx\/index.php\/2022\/09\/16\/conmemora-sinaloa-el-212-aniversario-de-la-independencia-de-mexico-con-tradicional-desfile\/","og_site_name":"Fuentes Fidedignas","article_publisher":"https:\/\/www.facebook.com\/Fuentes-Fidedignas-368234489921644","article_published_time":"2022-09-16T18:11:28+00:00","article_modified_time":"2022-09-16T18:12:28+00:00","og_image":[{"width":1024,"height":682,"url":"https:\/\/fuentesfidedignas.com.mx\/wp-content\/uploads\/2022\/09\/IMG-20220916-WA0100.jpg","type":"image\/jpeg"}],"author":"Redacci\u00f3n","twitter_card":"summary_large_image","twitter_creator":"@fidedignas","twitter_site":"@fidedignas","twitter_misc":{"Escrito por":"Redacci\u00f3n","Tiempo de lectura":"2 minutos"},"schema":{"@context":"https:\/\/schema.org","@graph":[{"@type":"Article","@id":"https:\/\/fuentesfidedignas.com.mx\/index.php\/2022\/09\/16\/conmemora-sinaloa-el-212-aniversario-de-la-independencia-de-mexico-con-tradicional-desfile\/#article","isPartOf":{"@id":"https:\/\/fuentesfidedignas.com.mx\/index.php\/2022\/09\/16\/conmemora-sinaloa-el-212-aniversario-de-la-independencia-de-mexico-con-tradicional-desfile\/"},"author":{"name":"Redacci\u00f3n","@id":"https:\/\/fuentesfidedignas.com.mx\/#\/schema\/person\/331be9283d37198e2acd5750279085b0"},"headline":"Conmemora Sinaloa el 212 Aniversario de la Independencia de M\u00e9xico con tradicional desfile","datePublished":"2022-09-16T18:11:28+00:00","dateModified":"2022-09-16T18:12:28+00:00","mainEntityOfPage":{"@id":"https:\/\/fuentesfidedignas.com.mx\/index.php\/2022\/09\/16\/conmemora-sinaloa-el-212-aniversario-de-la-independencia-de-mexico-con-tradicional-desfile\/"},"wordCount":427,"commentCount":0,"publisher":{"@id":"https:\/\/fuentesfidedignas.com.mx\/#organization"},"image":{"@id":"https:\/\/fuentesfidedignas.com.mx\/index.php\/2022\/09\/16\/conmemora-sinaloa-el-212-aniversario-de-la-independencia-de-mexico-con-tradicional-desfile\/#primaryimage"},"thumbnailUrl":"https:\/\/fuentesfidedignas.com.mx\/wp-content\/uploads\/2022\/09\/IMG-20220916-WA0100.jpg","articleSection":["NOTA PRINCIPAL"],"inLanguage":"es","potentialAction":[{"@type":"CommentAction","name":"Comment","target":["https:\/\/fuentesfidedignas.com.mx\/index.php\/2022\/09\/16\/conmemora-sinaloa-el-212-aniversario-de-la-independencia-de-mexico-con-tradicional-desfile\/#respond"]}]},{"@type":"WebPage","@id":"https:\/\/fuentesfidedignas.com.mx\/index.php\/2022\/09\/16\/conmemora-sinaloa-el-212-aniversario-de-la-independencia-de-mexico-con-tradicional-desfile\/","url":"https:\/\/fuentesfidedignas.com.mx\/index.php\/2022\/09\/16\/conmemora-sinaloa-el-212-aniversario-de-la-independencia-de-mexico-con-tradicional-desfile\/","name":"Conmemora Sinaloa el 212 Aniversario de la Independencia de M\u00e9xico con tradicional desfile - Fuentes Fidedignas","isPartOf":{"@id":"https:\/\/fuentesfidedignas.com.mx\/#website"},"primaryImageOfPage":{"@id":"https:\/\/fuentesfidedignas.com.mx\/index.php\/2022\/09\/16\/conmemora-sinaloa-el-212-aniversario-de-la-independencia-de-mexico-con-tradicional-desfile\/#primaryimage"},"image":{"@id":"https:\/\/fuentesfidedignas.com.mx\/index.php\/2022\/09\/16\/conmemora-sinaloa-el-212-aniversario-de-la-independencia-de-mexico-con-tradicional-desfile\/#primaryimage"},"thumbnailUrl":"https:\/\/fuentesfidedignas.com.mx\/wp-content\/uploads\/2022\/09\/IMG-20220916-WA0100.jpg","datePublished":"2022-09-16T18:11:28+00:00","dateModified":"2022-09-16T18:12:28+00:00","breadcrumb":{"@id":"https:\/\/fuentesfidedignas.com.mx\/index.php\/2022\/09\/16\/conmemora-sinaloa-el-212-aniversario-de-la-independencia-de-mexico-con-tradicional-desfile\/#breadcrumb"},"inLanguage":"es","potentialAction":[{"@type":"ReadAction","target":["https:\/\/fuentesfidedignas.com.mx\/index.php\/2022\/09\/16\/conmemora-sinaloa-el-212-aniversario-de-la-independencia-de-mexico-con-tradicional-desfile\/"]}]},{"@type":"ImageObject","inLanguage":"es","@id":"https:\/\/fuentesfidedignas.com.mx\/index.php\/2022\/09\/16\/conmemora-sinaloa-el-212-aniversario-de-la-independencia-de-mexico-con-tradicional-desfile\/#primaryimage","url":"https:\/\/fuentesfidedignas.com.mx\/wp-content\/uploads\/2022\/09\/IMG-20220916-WA0100.jpg","contentUrl":"https:\/\/fuentesfidedignas.com.mx\/wp-content\/uploads\/2022\/09\/IMG-20220916-WA0100.jpg","width":1024,"height":682},{"@type":"BreadcrumbList","@id":"https:\/\/fuentesfidedignas.com.mx\/index.php\/2022\/09\/16\/conmemora-sinaloa-el-212-aniversario-de-la-independencia-de-mexico-con-tradicional-desfile\/#breadcrumb","itemListElement":[{"@type":"ListItem","position":1,"name":"Inicio","item":"https:\/\/fuentesfidedignas.com.mx\/"},{"@type":"ListItem","position":2,"name":"Conmemora Sinaloa el 212 Aniversario de la Independencia de M\u00e9xico con tradicional desfile"}]},{"@type":"WebSite","@id":"https:\/\/fuentesfidedignas.com.mx\/#website","url":"https:\/\/fuentesfidedignas.com.mx\/","name":"Fuentes Fidedignas","description":"Otro sitio realizado con WordPress","publisher":{"@id":"https:\/\/fuentesfidedignas.com.mx\/#organization"},"potentialAction":[{"@type":"SearchAction","target":{"@type":"EntryPoint","urlTemplate":"https:\/\/fuentesfidedignas.com.mx\/?s={search_term_string}"},"query-input":{"@type":"PropertyValueSpecification","valueRequired":true,"valueName":"search_term_string"}}],"inLanguage":"es"},{"@type":"Organization","@id":"https:\/\/fuentesfidedignas.com.mx\/#organization","name":"Fuentes Fidedignas","url":"https:\/\/fuentesfidedignas.com.mx\/","logo":{"@type":"ImageObject","inLanguage":"es","@id":"https:\/\/fuentesfidedignas.com.mx\/#\/schema\/logo\/image\/","url":"https:\/\/fuentesfidedignas.com.mx\/wp-content\/uploads\/2021\/04\/logo-retina.png","contentUrl":"https:\/\/fuentesfidedignas.com.mx\/wp-content\/uploads\/2021\/04\/logo-retina.png","width":280,"height":51,"caption":"Fuentes Fidedignas"},"image":{"@id":"https:\/\/fuentesfidedignas.com.mx\/#\/schema\/logo\/image\/"},"sameAs":["https:\/\/www.facebook.com\/Fuentes-Fidedignas-368234489921644","https:\/\/x.com\/fidedignas"]},{"@type":"Person","@id":"https:\/\/fuentesfidedignas.com.mx\/#\/schema\/person\/331be9283d37198e2acd5750279085b0","name":"Redacci\u00f3n","image":{"@type":"ImageObject","inLanguage":"es","@id":"https:\/\/secure.gravatar.com\/avatar\/f6d8782c11d12b2d4ad3fbb6931aeab5309937a4d6cd2fc9cfaa28a6396a5aec?s=96&d=mm&r=g","url":"https:\/\/secure.gravatar.com\/avatar\/f6d8782c11d12b2d4ad3fbb6931aeab5309937a4d6cd2fc9cfaa28a6396a5aec?s=96&d=mm&r=g","contentUrl":"https:\/\/secure.gravatar.com\/avatar\/f6d8782c11d12b2d4ad3fbb6931aeab5309937a4d6cd2fc9cfaa28a6396a5aec?s=96&d=mm&r=g","caption":"Redacci\u00f3n"},"url":"https:\/\/fuentesfidedignas.com.mx\/index.php\/author\/redaccion\/"}]}},"_links":{"self":[{"href":"https:\/\/fuentesfidedignas.com.mx\/index.php\/wp-json\/wp\/v2\/posts\/42575","targetHints":{"allow":["GET"]}}],"collection":[{"href":"https:\/\/fuentesfidedignas.com.mx\/index.php\/wp-json\/wp\/v2\/posts"}],"about":[{"href":"https:\/\/fuentesfidedignas.com.mx\/index.php\/wp-json\/wp\/v2\/types\/post"}],"author":[{"embeddable":true,"href":"https:\/\/fuentesfidedignas.com.mx\/index.php\/wp-json\/wp\/v2\/users\/4"}],"replies":[{"embeddable":true,"href":"https:\/\/fuentesfidedignas.com.mx\/index.php\/wp-json\/wp\/v2\/comments?post=42575"}],"version-history":[{"count":2,"href":"https:\/\/fuentesfidedignas.com.mx\/index.php\/wp-json\/wp\/v2\/posts\/42575\/revisions"}],"predecessor-version":[{"id":42578,"href":"https:\/\/fuentesfidedignas.com.mx\/index.php\/wp-json\/wp\/v2\/posts\/42575\/revisions\/42578"}],"wp:featuredmedia":[{"embeddable":true,"href":"https:\/\/fuentesfidedignas.com.mx\/index.php\/wp-json\/wp\/v2\/media\/42576"}],"wp:attachment":[{"href":"https:\/\/fuentesfidedignas.com.mx\/index.php\/wp-json\/wp\/v2\/media?parent=42575"}],"wp:term":[{"taxonomy":"category","embeddable":true,"href":"https:\/\/fuentesfidedignas.com.mx\/index.php\/wp-json\/wp\/v2\/categories?post=42575"},{"taxonomy":"post_tag","embeddable":true,"href":"https:\/\/fuentesfidedignas.com.mx\/index.php\/wp-json\/wp\/v2\/tags?post=42575"}],"curies":[{"name":"wp","href":"https:\/\/api.w.org\/{rel}","templated":true}]}}