{"id":42541,"date":"2022-09-16T00:14:00","date_gmt":"2022-09-16T06:14:00","guid":{"rendered":"https:\/\/fuentesfidedignas.com.mx\/?p=42541"},"modified":"2022-09-16T00:19:57","modified_gmt":"2022-09-16T06:19:57","slug":"sinaloenses-abarrotan-explanada-de-gobierno-y-festejan-la-independencia-de-mexico","status":"publish","type":"post","link":"https:\/\/fuentesfidedignas.com.mx\/index.php\/2022\/09\/16\/sinaloenses-abarrotan-explanada-de-gobierno-y-festejan-la-independencia-de-mexico\/","title":{"rendered":"Sinaloenses abarrotan explanada de Gobierno y festejan la Independencia de M\u00e9xico"},"content":{"rendered":"\n<p><em><strong>Los sinaloenses abarrotaron de nuevo la explanada de Palacio de Gobierno, al congregarse alrededor de 20 mil personas<\/strong><\/em><\/p>\n\n\n\n<p>Culiac\u00e1n, Sin.- Con una explanada de Palacio de Gobierno llena a m\u00e1s no poder, en medio del fervor patrio de alrededor de 20 mil sinaloenses que acudieron a la mayor fiesta de los mexicanos, el gobernador <strong>Rub\u00e9n Rocha Moya<\/strong> conmemor\u00f3 los 212 a\u00f1os de la Independencia de M\u00e9xico, recordando a los h\u00e9roes que nos dieron patria y libertad.<\/p>\n\n\n\n<figure class=\"wp-block-image size-large\"><img decoding=\"async\" width=\"1024\" height=\"682\" src=\"https:\/\/fuentesfidedignas.com.mx\/wp-content\/uploads\/2022\/09\/IMG-20220916-WA0024-1024x682.jpg\" alt=\"\" class=\"wp-image-42542\" srcset=\"https:\/\/fuentesfidedignas.com.mx\/wp-content\/uploads\/2022\/09\/IMG-20220916-WA0024-1024x682.jpg 1024w, https:\/\/fuentesfidedignas.com.mx\/wp-content\/uploads\/2022\/09\/IMG-20220916-WA0024-300x200.jpg 300w, https:\/\/fuentesfidedignas.com.mx\/wp-content\/uploads\/2022\/09\/IMG-20220916-WA0024-768x512.jpg 768w, https:\/\/fuentesfidedignas.com.mx\/wp-content\/uploads\/2022\/09\/IMG-20220916-WA0024.jpg 1280w\" sizes=\"(max-width: 1024px) 100vw, 1024px\" \/><\/figure>\n\n\n\n<p>En punto de las 11 de la noche, el gobernador Rocha sali\u00f3 al balc\u00f3n de Palacio de Gobierno, recibi\u00f3 el l\u00e1baro patrio de manos de una escolta del 94 Batall\u00f3n de Infanter\u00eda de la Novena Zona Militar, y con bandera en mano nombr\u00f3 a los h\u00e9roes de la naci\u00f3n, ante una multitud vibrante que respondi\u00f3 con un sonoro \u201cViva\u201d a cada nombre que record\u00f3 el gobernador.<\/p>\n\n\n\n<figure class=\"wp-block-image size-large\"><img decoding=\"async\" width=\"1024\" height=\"682\" src=\"https:\/\/fuentesfidedignas.com.mx\/wp-content\/uploads\/2022\/09\/IMG-20220916-WA0033-1024x682.jpg\" alt=\"\" class=\"wp-image-42548\" srcset=\"https:\/\/fuentesfidedignas.com.mx\/wp-content\/uploads\/2022\/09\/IMG-20220916-WA0033-1024x682.jpg 1024w, https:\/\/fuentesfidedignas.com.mx\/wp-content\/uploads\/2022\/09\/IMG-20220916-WA0033-300x200.jpg 300w, https:\/\/fuentesfidedignas.com.mx\/wp-content\/uploads\/2022\/09\/IMG-20220916-WA0033-768x511.jpg 768w, https:\/\/fuentesfidedignas.com.mx\/wp-content\/uploads\/2022\/09\/IMG-20220916-WA0033.jpg 1280w\" sizes=\"(max-width: 1024px) 100vw, 1024px\" \/><\/figure>\n\n\n\n<p><em>\u201cMexicanas, mexicanos, sinaloenses, Vivan los h\u00e9roes que nos dieron patria, Viva Hidalgo, Viva Morelos, Viva do\u00f1a Josefa Ortiz de Dom\u00ednguez, Viva Allende, Viva Guerrero, Viva Aldama, Viva do\u00f1a Leona Vicario, Viva la Independencia Nacional, Viva la Cuarta Transformaci\u00f3n, Viva M\u00e9xico, Viva M\u00e9xico, Viva M\u00e9xico, Viva Sinaloa\u201d, grit\u00f3 el gobernador para enseguida repicar la campana, como lo hiciera hace 212 a\u00f1os el cura don Miguel Hidalgo y Costilla.<\/em><\/p>\n\n\n\n<figure class=\"wp-block-image size-full\"><img decoding=\"async\" width=\"1024\" height=\"682\" src=\"https:\/\/fuentesfidedignas.com.mx\/wp-content\/uploads\/2022\/09\/IMG-20220916-WA0015.jpg\" alt=\"\" class=\"wp-image-42543\" srcset=\"https:\/\/fuentesfidedignas.com.mx\/wp-content\/uploads\/2022\/09\/IMG-20220916-WA0015.jpg 1024w, https:\/\/fuentesfidedignas.com.mx\/wp-content\/uploads\/2022\/09\/IMG-20220916-WA0015-300x200.jpg 300w, https:\/\/fuentesfidedignas.com.mx\/wp-content\/uploads\/2022\/09\/IMG-20220916-WA0015-768x512.jpg 768w\" sizes=\"(max-width: 1024px) 100vw, 1024px\" \/><\/figure>\n\n\n\n<p>Inmediatamente y al son de las notas musicales de un mariachi, los miles de sinaloenses disfrutaron de un espect\u00e1culo de juegos artificiales que iluminaron el negro cielo de la noche con una variedad de brillantes colores, que fueron un deleite para chicos y grandes.<\/p>\n\n\n\n<p>En este su primer Grito de Independencia, el gobernador Rocha arrib\u00f3 acompa\u00f1ado al balc\u00f3n de Palacio de Gobierno por su hija, la directora del Sistema DIF Sinaloa, Eneyda Rocha Ruiz; por el diputado Gene Ren\u00e9 Boj\u00f3rquez Ruiz, presidente de la Mesa Directiva del H. Congreso del Estado; por el magistrado Jes\u00fas Iv\u00e1n Ch\u00e1vez Rangel, presidente del Supremo Tribunal de Justicia; por el presidente municipal de Culiac\u00e1n, Juan de Dios G\u00e1mez Mend\u00edvil; y las m\u00e1ximas autoridades militares, el comandante de la Tercera Regi\u00f3n Militar, general de Divisi\u00f3n, Enrique Dena Salgado; el comandante de la Novena Zona Militar, general de Brigada, H\u00e9ctor \u00c1vila Alcocer; el comandante de la Octava Zona Naval, contralmirante Gabriel Guzm\u00e1n Compar\u00e1n; y el comisario Ramiro Ram\u00edrez L\u00f3pez, Coordinador Estatal de la Guardia Nacional en Sinaloa.<\/p>\n\n\n\n<figure class=\"wp-block-image size-full\"><img decoding=\"async\" width=\"1024\" height=\"682\" src=\"https:\/\/fuentesfidedignas.com.mx\/wp-content\/uploads\/2022\/09\/IMG-20220916-WA0008.jpg\" alt=\"\" class=\"wp-image-42544\" srcset=\"https:\/\/fuentesfidedignas.com.mx\/wp-content\/uploads\/2022\/09\/IMG-20220916-WA0008.jpg 1024w, https:\/\/fuentesfidedignas.com.mx\/wp-content\/uploads\/2022\/09\/IMG-20220916-WA0008-300x200.jpg 300w, https:\/\/fuentesfidedignas.com.mx\/wp-content\/uploads\/2022\/09\/IMG-20220916-WA0008-768x512.jpg 768w\" sizes=\"(max-width: 1024px) 100vw, 1024px\" \/><\/figure>\n\n\n\n<p>Cabe destacar que tres horas antes, en punto de las 8 de la noche, el gobernador Rocha estuvo en la explanada de Palacio de Gobierno, para saludar a las personas que empezaban a congregarse por cientos, donde aprovech\u00f3 para convivir unos momentos y compartir esa alegr\u00eda que dijeron sentir por volver a disfrutar a plenitud del tradicional Grito de Independencia, luego de que en los \u00faltimos dos a\u00f1os esta ceremonia c\u00edvica se hab\u00eda realizado con restricci\u00f3n de asistencia por motivos de la pandemia del COVID.<\/p>\n\n\n\n<p>Mientras el gobernador saludaba a los asistentes, el ambiente era amenizado por el espect\u00e1culo de la Compa\u00f1\u00eda Folcl\u00f3rica Sinaloense, la cual regres\u00f3 hace apenas unas semanas de una exitosa gira por varias ciudades de Europa.<\/p>\n\n\n\n<figure class=\"wp-block-image size-large\"><img decoding=\"async\" width=\"1024\" height=\"682\" src=\"https:\/\/fuentesfidedignas.com.mx\/wp-content\/uploads\/2022\/09\/IMG-20220916-WA0027-1024x682.jpg\" alt=\"\" class=\"wp-image-42545\" srcset=\"https:\/\/fuentesfidedignas.com.mx\/wp-content\/uploads\/2022\/09\/IMG-20220916-WA0027-1024x682.jpg 1024w, https:\/\/fuentesfidedignas.com.mx\/wp-content\/uploads\/2022\/09\/IMG-20220916-WA0027-300x200.jpg 300w, https:\/\/fuentesfidedignas.com.mx\/wp-content\/uploads\/2022\/09\/IMG-20220916-WA0027-768x512.jpg 768w, https:\/\/fuentesfidedignas.com.mx\/wp-content\/uploads\/2022\/09\/IMG-20220916-WA0027.jpg 1280w\" sizes=\"(max-width: 1024px) 100vw, 1024px\" \/><\/figure>\n\n\n\n<p>Enseguida se present\u00f3 la agrupaci\u00f3n de regional mexicano Los Dos de la S, abri\u00e9ndose un par\u00e9ntesis en los n\u00fameros musicales para dar paso al Grito de Independencia a cargo del gobernador Rocha, y posteriormente tuvo lugar la presentaci\u00f3n del cantautor sinaloense Ed\u00e9n Mu\u00f1oz, n\u00famero con el cual termin\u00f3 la velada pasada la media noche.<\/p>\n","protected":false},"excerpt":{"rendered":"<p>Los sinaloenses abarrotaron de nuevo la explanada de Palacio de Gobierno, al congregarse alrededor de 20 mil personas Culiac\u00e1n, Sin.- Con una explanada de Palacio de Gobierno llena a m\u00e1s no poder, en medio del fervor patrio de alrededor de 20 mil sinaloenses que acudieron a la mayor fiesta de los mexicanos, el gobernador Rub\u00e9n [&hellip;]<\/p>\n","protected":false},"author":4,"featured_media":42547,"comment_status":"open","ping_status":"open","sticky":false,"template":"","format":"standard","meta":{"tdm_status":"","tdm_grid_status":"","footnotes":""},"categories":[37],"tags":[],"class_list":{"0":"post-42541","1":"post","2":"type-post","3":"status-publish","4":"format-standard","5":"has-post-thumbnail","7":"category-nota-principal"},"yoast_head":"<!-- This site is optimized with the Yoast SEO plugin v27.5 - https:\/\/yoast.com\/product\/yoast-seo-wordpress\/ -->\n<title>Sinaloenses abarrotan explanada de Gobierno y festejan la Independencia de M\u00e9xico - Fuentes Fidedignas<\/title>\n<meta name=\"robots\" content=\"index, follow, max-snippet:-1, max-image-preview:large, max-video-preview:-1\" \/>\n<link rel=\"canonical\" href=\"https:\/\/fuentesfidedignas.com.mx\/index.php\/2022\/09\/16\/sinaloenses-abarrotan-explanada-de-gobierno-y-festejan-la-independencia-de-mexico\/\" \/>\n<meta property=\"og:locale\" content=\"es_MX\" \/>\n<meta property=\"og:type\" content=\"article\" \/>\n<meta property=\"og:title\" content=\"Sinaloenses abarrotan explanada de Gobierno y festejan la Independencia de M\u00e9xico - Fuentes Fidedignas\" \/>\n<meta property=\"og:description\" content=\"Los sinaloenses abarrotaron de nuevo la explanada de Palacio de Gobierno, al congregarse alrededor de 20 mil personas Culiac\u00e1n, Sin.- Con una explanada de Palacio de Gobierno llena a m\u00e1s no poder, en medio del fervor patrio de alrededor de 20 mil sinaloenses que acudieron a la mayor fiesta de los mexicanos, el gobernador Rub\u00e9n [&hellip;]\" \/>\n<meta property=\"og:url\" content=\"https:\/\/fuentesfidedignas.com.mx\/index.php\/2022\/09\/16\/sinaloenses-abarrotan-explanada-de-gobierno-y-festejan-la-independencia-de-mexico\/\" \/>\n<meta property=\"og:site_name\" content=\"Fuentes Fidedignas\" \/>\n<meta property=\"article:publisher\" content=\"https:\/\/www.facebook.com\/Fuentes-Fidedignas-368234489921644\" \/>\n<meta property=\"article:published_time\" content=\"2022-09-16T06:14:00+00:00\" \/>\n<meta property=\"article:modified_time\" content=\"2022-09-16T06:19:57+00:00\" \/>\n<meta property=\"og:image\" content=\"https:\/\/fuentesfidedignas.com.mx\/wp-content\/uploads\/2022\/09\/IMG-20220916-WA0030.jpg\" \/>\n\t<meta property=\"og:image:width\" content=\"1280\" \/>\n\t<meta property=\"og:image:height\" content=\"852\" \/>\n\t<meta property=\"og:image:type\" content=\"image\/jpeg\" \/>\n<meta name=\"author\" content=\"Redacci\u00f3n\" \/>\n<meta name=\"twitter:card\" content=\"summary_large_image\" \/>\n<meta name=\"twitter:creator\" content=\"@fidedignas\" \/>\n<meta name=\"twitter:site\" content=\"@fidedignas\" \/>\n<meta name=\"twitter:label1\" content=\"Escrito por\" \/>\n\t<meta name=\"twitter:data1\" content=\"Redacci\u00f3n\" \/>\n\t<meta name=\"twitter:label2\" content=\"Tiempo de lectura\" \/>\n\t<meta name=\"twitter:data2\" content=\"4 minutos\" \/>\n<script type=\"application\/ld+json\" class=\"yoast-schema-graph\">{\"@context\":\"https:\\\/\\\/schema.org\",\"@graph\":[{\"@type\":\"Article\",\"@id\":\"https:\\\/\\\/fuentesfidedignas.com.mx\\\/index.php\\\/2022\\\/09\\\/16\\\/sinaloenses-abarrotan-explanada-de-gobierno-y-festejan-la-independencia-de-mexico\\\/#article\",\"isPartOf\":{\"@id\":\"https:\\\/\\\/fuentesfidedignas.com.mx\\\/index.php\\\/2022\\\/09\\\/16\\\/sinaloenses-abarrotan-explanada-de-gobierno-y-festejan-la-independencia-de-mexico\\\/\"},\"author\":{\"name\":\"Redacci\u00f3n\",\"@id\":\"https:\\\/\\\/fuentesfidedignas.com.mx\\\/#\\\/schema\\\/person\\\/331be9283d37198e2acd5750279085b0\"},\"headline\":\"Sinaloenses abarrotan explanada de Gobierno y festejan la Independencia de M\u00e9xico\",\"datePublished\":\"2022-09-16T06:14:00+00:00\",\"dateModified\":\"2022-09-16T06:19:57+00:00\",\"mainEntityOfPage\":{\"@id\":\"https:\\\/\\\/fuentesfidedignas.com.mx\\\/index.php\\\/2022\\\/09\\\/16\\\/sinaloenses-abarrotan-explanada-de-gobierno-y-festejan-la-independencia-de-mexico\\\/\"},\"wordCount\":615,\"commentCount\":0,\"publisher\":{\"@id\":\"https:\\\/\\\/fuentesfidedignas.com.mx\\\/#organization\"},\"image\":{\"@id\":\"https:\\\/\\\/fuentesfidedignas.com.mx\\\/index.php\\\/2022\\\/09\\\/16\\\/sinaloenses-abarrotan-explanada-de-gobierno-y-festejan-la-independencia-de-mexico\\\/#primaryimage\"},\"thumbnailUrl\":\"https:\\\/\\\/fuentesfidedignas.com.mx\\\/wp-content\\\/uploads\\\/2022\\\/09\\\/IMG-20220916-WA0030.jpg\",\"articleSection\":[\"NOTA PRINCIPAL\"],\"inLanguage\":\"es\",\"potentialAction\":[{\"@type\":\"CommentAction\",\"name\":\"Comment\",\"target\":[\"https:\\\/\\\/fuentesfidedignas.com.mx\\\/index.php\\\/2022\\\/09\\\/16\\\/sinaloenses-abarrotan-explanada-de-gobierno-y-festejan-la-independencia-de-mexico\\\/#respond\"]}]},{\"@type\":\"WebPage\",\"@id\":\"https:\\\/\\\/fuentesfidedignas.com.mx\\\/index.php\\\/2022\\\/09\\\/16\\\/sinaloenses-abarrotan-explanada-de-gobierno-y-festejan-la-independencia-de-mexico\\\/\",\"url\":\"https:\\\/\\\/fuentesfidedignas.com.mx\\\/index.php\\\/2022\\\/09\\\/16\\\/sinaloenses-abarrotan-explanada-de-gobierno-y-festejan-la-independencia-de-mexico\\\/\",\"name\":\"Sinaloenses abarrotan explanada de Gobierno y festejan la Independencia de M\u00e9xico - Fuentes Fidedignas\",\"isPartOf\":{\"@id\":\"https:\\\/\\\/fuentesfidedignas.com.mx\\\/#website\"},\"primaryImageOfPage\":{\"@id\":\"https:\\\/\\\/fuentesfidedignas.com.mx\\\/index.php\\\/2022\\\/09\\\/16\\\/sinaloenses-abarrotan-explanada-de-gobierno-y-festejan-la-independencia-de-mexico\\\/#primaryimage\"},\"image\":{\"@id\":\"https:\\\/\\\/fuentesfidedignas.com.mx\\\/index.php\\\/2022\\\/09\\\/16\\\/sinaloenses-abarrotan-explanada-de-gobierno-y-festejan-la-independencia-de-mexico\\\/#primaryimage\"},\"thumbnailUrl\":\"https:\\\/\\\/fuentesfidedignas.com.mx\\\/wp-content\\\/uploads\\\/2022\\\/09\\\/IMG-20220916-WA0030.jpg\",\"datePublished\":\"2022-09-16T06:14:00+00:00\",\"dateModified\":\"2022-09-16T06:19:57+00:00\",\"breadcrumb\":{\"@id\":\"https:\\\/\\\/fuentesfidedignas.com.mx\\\/index.php\\\/2022\\\/09\\\/16\\\/sinaloenses-abarrotan-explanada-de-gobierno-y-festejan-la-independencia-de-mexico\\\/#breadcrumb\"},\"inLanguage\":\"es\",\"potentialAction\":[{\"@type\":\"ReadAction\",\"target\":[\"https:\\\/\\\/fuentesfidedignas.com.mx\\\/index.php\\\/2022\\\/09\\\/16\\\/sinaloenses-abarrotan-explanada-de-gobierno-y-festejan-la-independencia-de-mexico\\\/\"]}]},{\"@type\":\"ImageObject\",\"inLanguage\":\"es\",\"@id\":\"https:\\\/\\\/fuentesfidedignas.com.mx\\\/index.php\\\/2022\\\/09\\\/16\\\/sinaloenses-abarrotan-explanada-de-gobierno-y-festejan-la-independencia-de-mexico\\\/#primaryimage\",\"url\":\"https:\\\/\\\/fuentesfidedignas.com.mx\\\/wp-content\\\/uploads\\\/2022\\\/09\\\/IMG-20220916-WA0030.jpg\",\"contentUrl\":\"https:\\\/\\\/fuentesfidedignas.com.mx\\\/wp-content\\\/uploads\\\/2022\\\/09\\\/IMG-20220916-WA0030.jpg\",\"width\":1280,\"height\":852},{\"@type\":\"BreadcrumbList\",\"@id\":\"https:\\\/\\\/fuentesfidedignas.com.mx\\\/index.php\\\/2022\\\/09\\\/16\\\/sinaloenses-abarrotan-explanada-de-gobierno-y-festejan-la-independencia-de-mexico\\\/#breadcrumb\",\"itemListElement\":[{\"@type\":\"ListItem\",\"position\":1,\"name\":\"Inicio\",\"item\":\"https:\\\/\\\/fuentesfidedignas.com.mx\\\/\"},{\"@type\":\"ListItem\",\"position\":2,\"name\":\"Sinaloenses abarrotan explanada de Gobierno y festejan la Independencia de M\u00e9xico\"}]},{\"@type\":\"WebSite\",\"@id\":\"https:\\\/\\\/fuentesfidedignas.com.mx\\\/#website\",\"url\":\"https:\\\/\\\/fuentesfidedignas.com.mx\\\/\",\"name\":\"Fuentes Fidedignas\",\"description\":\"Otro sitio realizado con WordPress\",\"publisher\":{\"@id\":\"https:\\\/\\\/fuentesfidedignas.com.mx\\\/#organization\"},\"potentialAction\":[{\"@type\":\"SearchAction\",\"target\":{\"@type\":\"EntryPoint\",\"urlTemplate\":\"https:\\\/\\\/fuentesfidedignas.com.mx\\\/?s={search_term_string}\"},\"query-input\":{\"@type\":\"PropertyValueSpecification\",\"valueRequired\":true,\"valueName\":\"search_term_string\"}}],\"inLanguage\":\"es\"},{\"@type\":\"Organization\",\"@id\":\"https:\\\/\\\/fuentesfidedignas.com.mx\\\/#organization\",\"name\":\"Fuentes Fidedignas\",\"url\":\"https:\\\/\\\/fuentesfidedignas.com.mx\\\/\",\"logo\":{\"@type\":\"ImageObject\",\"inLanguage\":\"es\",\"@id\":\"https:\\\/\\\/fuentesfidedignas.com.mx\\\/#\\\/schema\\\/logo\\\/image\\\/\",\"url\":\"https:\\\/\\\/fuentesfidedignas.com.mx\\\/wp-content\\\/uploads\\\/2021\\\/04\\\/logo-retina.png\",\"contentUrl\":\"https:\\\/\\\/fuentesfidedignas.com.mx\\\/wp-content\\\/uploads\\\/2021\\\/04\\\/logo-retina.png\",\"width\":280,\"height\":51,\"caption\":\"Fuentes Fidedignas\"},\"image\":{\"@id\":\"https:\\\/\\\/fuentesfidedignas.com.mx\\\/#\\\/schema\\\/logo\\\/image\\\/\"},\"sameAs\":[\"https:\\\/\\\/www.facebook.com\\\/Fuentes-Fidedignas-368234489921644\",\"https:\\\/\\\/x.com\\\/fidedignas\"]},{\"@type\":\"Person\",\"@id\":\"https:\\\/\\\/fuentesfidedignas.com.mx\\\/#\\\/schema\\\/person\\\/331be9283d37198e2acd5750279085b0\",\"name\":\"Redacci\u00f3n\",\"image\":{\"@type\":\"ImageObject\",\"inLanguage\":\"es\",\"@id\":\"https:\\\/\\\/secure.gravatar.com\\\/avatar\\\/f6d8782c11d12b2d4ad3fbb6931aeab5309937a4d6cd2fc9cfaa28a6396a5aec?s=96&d=mm&r=g\",\"url\":\"https:\\\/\\\/secure.gravatar.com\\\/avatar\\\/f6d8782c11d12b2d4ad3fbb6931aeab5309937a4d6cd2fc9cfaa28a6396a5aec?s=96&d=mm&r=g\",\"contentUrl\":\"https:\\\/\\\/secure.gravatar.com\\\/avatar\\\/f6d8782c11d12b2d4ad3fbb6931aeab5309937a4d6cd2fc9cfaa28a6396a5aec?s=96&d=mm&r=g\",\"caption\":\"Redacci\u00f3n\"},\"url\":\"https:\\\/\\\/fuentesfidedignas.com.mx\\\/index.php\\\/author\\\/redaccion\\\/\"}]}<\/script>\n<!-- \/ Yoast SEO plugin. -->","yoast_head_json":{"title":"Sinaloenses abarrotan explanada de Gobierno y festejan la Independencia de M\u00e9xico - Fuentes Fidedignas","robots":{"index":"index","follow":"follow","max-snippet":"max-snippet:-1","max-image-preview":"max-image-preview:large","max-video-preview":"max-video-preview:-1"},"canonical":"https:\/\/fuentesfidedignas.com.mx\/index.php\/2022\/09\/16\/sinaloenses-abarrotan-explanada-de-gobierno-y-festejan-la-independencia-de-mexico\/","og_locale":"es_MX","og_type":"article","og_title":"Sinaloenses abarrotan explanada de Gobierno y festejan la Independencia de M\u00e9xico - Fuentes Fidedignas","og_description":"Los sinaloenses abarrotaron de nuevo la explanada de Palacio de Gobierno, al congregarse alrededor de 20 mil personas Culiac\u00e1n, Sin.- Con una explanada de Palacio de Gobierno llena a m\u00e1s no poder, en medio del fervor patrio de alrededor de 20 mil sinaloenses que acudieron a la mayor fiesta de los mexicanos, el gobernador Rub\u00e9n [&hellip;]","og_url":"https:\/\/fuentesfidedignas.com.mx\/index.php\/2022\/09\/16\/sinaloenses-abarrotan-explanada-de-gobierno-y-festejan-la-independencia-de-mexico\/","og_site_name":"Fuentes Fidedignas","article_publisher":"https:\/\/www.facebook.com\/Fuentes-Fidedignas-368234489921644","article_published_time":"2022-09-16T06:14:00+00:00","article_modified_time":"2022-09-16T06:19:57+00:00","og_image":[{"width":1280,"height":852,"url":"https:\/\/fuentesfidedignas.com.mx\/wp-content\/uploads\/2022\/09\/IMG-20220916-WA0030.jpg","type":"image\/jpeg"}],"author":"Redacci\u00f3n","twitter_card":"summary_large_image","twitter_creator":"@fidedignas","twitter_site":"@fidedignas","twitter_misc":{"Escrito por":"Redacci\u00f3n","Tiempo de lectura":"4 minutos"},"schema":{"@context":"https:\/\/schema.org","@graph":[{"@type":"Article","@id":"https:\/\/fuentesfidedignas.com.mx\/index.php\/2022\/09\/16\/sinaloenses-abarrotan-explanada-de-gobierno-y-festejan-la-independencia-de-mexico\/#article","isPartOf":{"@id":"https:\/\/fuentesfidedignas.com.mx\/index.php\/2022\/09\/16\/sinaloenses-abarrotan-explanada-de-gobierno-y-festejan-la-independencia-de-mexico\/"},"author":{"name":"Redacci\u00f3n","@id":"https:\/\/fuentesfidedignas.com.mx\/#\/schema\/person\/331be9283d37198e2acd5750279085b0"},"headline":"Sinaloenses abarrotan explanada de Gobierno y festejan la Independencia de M\u00e9xico","datePublished":"2022-09-16T06:14:00+00:00","dateModified":"2022-09-16T06:19:57+00:00","mainEntityOfPage":{"@id":"https:\/\/fuentesfidedignas.com.mx\/index.php\/2022\/09\/16\/sinaloenses-abarrotan-explanada-de-gobierno-y-festejan-la-independencia-de-mexico\/"},"wordCount":615,"commentCount":0,"publisher":{"@id":"https:\/\/fuentesfidedignas.com.mx\/#organization"},"image":{"@id":"https:\/\/fuentesfidedignas.com.mx\/index.php\/2022\/09\/16\/sinaloenses-abarrotan-explanada-de-gobierno-y-festejan-la-independencia-de-mexico\/#primaryimage"},"thumbnailUrl":"https:\/\/fuentesfidedignas.com.mx\/wp-content\/uploads\/2022\/09\/IMG-20220916-WA0030.jpg","articleSection":["NOTA PRINCIPAL"],"inLanguage":"es","potentialAction":[{"@type":"CommentAction","name":"Comment","target":["https:\/\/fuentesfidedignas.com.mx\/index.php\/2022\/09\/16\/sinaloenses-abarrotan-explanada-de-gobierno-y-festejan-la-independencia-de-mexico\/#respond"]}]},{"@type":"WebPage","@id":"https:\/\/fuentesfidedignas.com.mx\/index.php\/2022\/09\/16\/sinaloenses-abarrotan-explanada-de-gobierno-y-festejan-la-independencia-de-mexico\/","url":"https:\/\/fuentesfidedignas.com.mx\/index.php\/2022\/09\/16\/sinaloenses-abarrotan-explanada-de-gobierno-y-festejan-la-independencia-de-mexico\/","name":"Sinaloenses abarrotan explanada de Gobierno y festejan la Independencia de M\u00e9xico - Fuentes Fidedignas","isPartOf":{"@id":"https:\/\/fuentesfidedignas.com.mx\/#website"},"primaryImageOfPage":{"@id":"https:\/\/fuentesfidedignas.com.mx\/index.php\/2022\/09\/16\/sinaloenses-abarrotan-explanada-de-gobierno-y-festejan-la-independencia-de-mexico\/#primaryimage"},"image":{"@id":"https:\/\/fuentesfidedignas.com.mx\/index.php\/2022\/09\/16\/sinaloenses-abarrotan-explanada-de-gobierno-y-festejan-la-independencia-de-mexico\/#primaryimage"},"thumbnailUrl":"https:\/\/fuentesfidedignas.com.mx\/wp-content\/uploads\/2022\/09\/IMG-20220916-WA0030.jpg","datePublished":"2022-09-16T06:14:00+00:00","dateModified":"2022-09-16T06:19:57+00:00","breadcrumb":{"@id":"https:\/\/fuentesfidedignas.com.mx\/index.php\/2022\/09\/16\/sinaloenses-abarrotan-explanada-de-gobierno-y-festejan-la-independencia-de-mexico\/#breadcrumb"},"inLanguage":"es","potentialAction":[{"@type":"ReadAction","target":["https:\/\/fuentesfidedignas.com.mx\/index.php\/2022\/09\/16\/sinaloenses-abarrotan-explanada-de-gobierno-y-festejan-la-independencia-de-mexico\/"]}]},{"@type":"ImageObject","inLanguage":"es","@id":"https:\/\/fuentesfidedignas.com.mx\/index.php\/2022\/09\/16\/sinaloenses-abarrotan-explanada-de-gobierno-y-festejan-la-independencia-de-mexico\/#primaryimage","url":"https:\/\/fuentesfidedignas.com.mx\/wp-content\/uploads\/2022\/09\/IMG-20220916-WA0030.jpg","contentUrl":"https:\/\/fuentesfidedignas.com.mx\/wp-content\/uploads\/2022\/09\/IMG-20220916-WA0030.jpg","width":1280,"height":852},{"@type":"BreadcrumbList","@id":"https:\/\/fuentesfidedignas.com.mx\/index.php\/2022\/09\/16\/sinaloenses-abarrotan-explanada-de-gobierno-y-festejan-la-independencia-de-mexico\/#breadcrumb","itemListElement":[{"@type":"ListItem","position":1,"name":"Inicio","item":"https:\/\/fuentesfidedignas.com.mx\/"},{"@type":"ListItem","position":2,"name":"Sinaloenses abarrotan explanada de Gobierno y festejan la Independencia de M\u00e9xico"}]},{"@type":"WebSite","@id":"https:\/\/fuentesfidedignas.com.mx\/#website","url":"https:\/\/fuentesfidedignas.com.mx\/","name":"Fuentes Fidedignas","description":"Otro sitio realizado con WordPress","publisher":{"@id":"https:\/\/fuentesfidedignas.com.mx\/#organization"},"potentialAction":[{"@type":"SearchAction","target":{"@type":"EntryPoint","urlTemplate":"https:\/\/fuentesfidedignas.com.mx\/?s={search_term_string}"},"query-input":{"@type":"PropertyValueSpecification","valueRequired":true,"valueName":"search_term_string"}}],"inLanguage":"es"},{"@type":"Organization","@id":"https:\/\/fuentesfidedignas.com.mx\/#organization","name":"Fuentes Fidedignas","url":"https:\/\/fuentesfidedignas.com.mx\/","logo":{"@type":"ImageObject","inLanguage":"es","@id":"https:\/\/fuentesfidedignas.com.mx\/#\/schema\/logo\/image\/","url":"https:\/\/fuentesfidedignas.com.mx\/wp-content\/uploads\/2021\/04\/logo-retina.png","contentUrl":"https:\/\/fuentesfidedignas.com.mx\/wp-content\/uploads\/2021\/04\/logo-retina.png","width":280,"height":51,"caption":"Fuentes Fidedignas"},"image":{"@id":"https:\/\/fuentesfidedignas.com.mx\/#\/schema\/logo\/image\/"},"sameAs":["https:\/\/www.facebook.com\/Fuentes-Fidedignas-368234489921644","https:\/\/x.com\/fidedignas"]},{"@type":"Person","@id":"https:\/\/fuentesfidedignas.com.mx\/#\/schema\/person\/331be9283d37198e2acd5750279085b0","name":"Redacci\u00f3n","image":{"@type":"ImageObject","inLanguage":"es","@id":"https:\/\/secure.gravatar.com\/avatar\/f6d8782c11d12b2d4ad3fbb6931aeab5309937a4d6cd2fc9cfaa28a6396a5aec?s=96&d=mm&r=g","url":"https:\/\/secure.gravatar.com\/avatar\/f6d8782c11d12b2d4ad3fbb6931aeab5309937a4d6cd2fc9cfaa28a6396a5aec?s=96&d=mm&r=g","contentUrl":"https:\/\/secure.gravatar.com\/avatar\/f6d8782c11d12b2d4ad3fbb6931aeab5309937a4d6cd2fc9cfaa28a6396a5aec?s=96&d=mm&r=g","caption":"Redacci\u00f3n"},"url":"https:\/\/fuentesfidedignas.com.mx\/index.php\/author\/redaccion\/"}]}},"_links":{"self":[{"href":"https:\/\/fuentesfidedignas.com.mx\/index.php\/wp-json\/wp\/v2\/posts\/42541","targetHints":{"allow":["GET"]}}],"collection":[{"href":"https:\/\/fuentesfidedignas.com.mx\/index.php\/wp-json\/wp\/v2\/posts"}],"about":[{"href":"https:\/\/fuentesfidedignas.com.mx\/index.php\/wp-json\/wp\/v2\/types\/post"}],"author":[{"embeddable":true,"href":"https:\/\/fuentesfidedignas.com.mx\/index.php\/wp-json\/wp\/v2\/users\/4"}],"replies":[{"embeddable":true,"href":"https:\/\/fuentesfidedignas.com.mx\/index.php\/wp-json\/wp\/v2\/comments?post=42541"}],"version-history":[{"count":2,"href":"https:\/\/fuentesfidedignas.com.mx\/index.php\/wp-json\/wp\/v2\/posts\/42541\/revisions"}],"predecessor-version":[{"id":42549,"href":"https:\/\/fuentesfidedignas.com.mx\/index.php\/wp-json\/wp\/v2\/posts\/42541\/revisions\/42549"}],"wp:featuredmedia":[{"embeddable":true,"href":"https:\/\/fuentesfidedignas.com.mx\/index.php\/wp-json\/wp\/v2\/media\/42547"}],"wp:attachment":[{"href":"https:\/\/fuentesfidedignas.com.mx\/index.php\/wp-json\/wp\/v2\/media?parent=42541"}],"wp:term":[{"taxonomy":"category","embeddable":true,"href":"https:\/\/fuentesfidedignas.com.mx\/index.php\/wp-json\/wp\/v2\/categories?post=42541"},{"taxonomy":"post_tag","embeddable":true,"href":"https:\/\/fuentesfidedignas.com.mx\/index.php\/wp-json\/wp\/v2\/tags?post=42541"}],"curies":[{"name":"wp","href":"https:\/\/api.w.org\/{rel}","templated":true}]}}