{"id":42517,"date":"2022-09-15T13:55:19","date_gmt":"2022-09-15T19:55:19","guid":{"rendered":"https:\/\/fuentesfidedignas.com.mx\/?p=42517"},"modified":"2022-09-15T13:55:21","modified_gmt":"2022-09-15T19:55:21","slug":"roger-federer-anuncia-su-retiro-del-tenis","status":"publish","type":"post","link":"https:\/\/fuentesfidedignas.com.mx\/index.php\/2022\/09\/15\/roger-federer-anuncia-su-retiro-del-tenis\/","title":{"rendered":"Roger Federer anuncia su retiro del tenis"},"content":{"rendered":"\n<p><strong><em>El tenista suizo se retira con 103 t\u00edtulos, mil 251 partidos ganados y 275 perdidos y ganancias de 130.5 millones de d\u00f3lares<\/em><\/strong><\/p>\n\n\n\n<p>Suiza.- El suizo\u00a0<a href=\"https:\/\/noticieros.televisa.com\/historia\/quien-es-roger-federer-el-tenista-suizo-que-gran-20-titulos-de-grand-slam\/\"><strong>Roger Federer<\/strong><\/a>\u00a0anunci\u00f3 que se\u00a0<strong>retira<\/strong>\u00a0del\u00a0<strong>tenis<\/strong>\u00a0profesional, a los 41 a\u00f1os de edad, despu\u00e9s de conquistar 20 t\u00edtulos de Grand Slam.<\/p>\n\n\n\n<p><strong>Federer,<\/strong>\u00a0que no ha competido desde Wimbledon en julio de 2021, se ha sometido a una serie de operaciones de rodilla.<\/p>\n\n\n\n<p>En un mensaje difundido en redes sociales, el\u00a0<strong>tenista<\/strong>\u00a0argument\u00f3 que mientras se preparaba para recuperar su nivel de juego, \u201clas capacidades y limitaciones de su cuerpo y los mensajes de \u00e9ste han sido claros\u201d.<\/p>\n\n\n\n<figure class=\"wp-block-embed is-type-rich is-provider-twitter wp-block-embed-twitter\"><div class=\"wp-block-embed__wrapper\">\n<blockquote class=\"twitter-tweet\" data-width=\"550\" data-dnt=\"true\"><p lang=\"und\" dir=\"ltr\">\u2764\ufe0f <a href=\"https:\/\/t.co\/YxtVWrlXIF\">pic.twitter.com\/YxtVWrlXIF<\/a><\/p>&mdash; Roger Federer (@rogerfederer) <a href=\"https:\/\/twitter.com\/rogerfederer\/status\/1570402045085253632?ref_src=twsrc%5Etfw\">September 15, 2022<\/a><\/blockquote><script async src=\"https:\/\/platform.twitter.com\/widgets.js\" charset=\"utf-8\"><\/script>\n<\/div><\/figure>\n\n\n\n<p>En su anuncio, indic\u00f3 que la Copa Laver de la pr\u00f3xima semana ser\u00e1 su \u00faltimo torneo de la ATP y descart\u00f3 volver a las canchas para torneos de Grand Slam y otros de la Gira de la ATP.<\/p>\n\n\n\n<blockquote class=\"wp-block-quote is-layout-flow wp-block-quote-is-layout-flow\"><p>\u201cTuve la suerte suficiente de sostener duelos \u00e9picos que nunca olvidar\u00e9\u201d, a\u00f1adi\u00f3. \u201cNos enfrentamos limpiamente, con pasi\u00f3n e intensidad, y siempre trat\u00e9 al m\u00e1ximo de respetar la historia de este deporte\u201d, afirm\u00f3.<\/p><\/blockquote>\n\n\n\n<figure class=\"wp-block-embed is-type-rich is-provider-twitter wp-block-embed-twitter\"><div class=\"wp-block-embed__wrapper\">\n<blockquote class=\"twitter-tweet\" data-width=\"550\" data-dnt=\"true\"><p lang=\"en\" dir=\"ltr\">To my tennis family and beyond,<br><br>With Love,<br>Roger <a href=\"https:\/\/t.co\/1UISwK1NIN\">pic.twitter.com\/1UISwK1NIN<\/a><\/p>&mdash; Roger Federer (@rogerfederer) <a href=\"https:\/\/twitter.com\/rogerfederer\/status\/1570401710685945856?ref_src=twsrc%5Etfw\">September 15, 2022<\/a><\/blockquote><script async src=\"https:\/\/platform.twitter.com\/widgets.js\" charset=\"utf-8\"><\/script>\n<\/div><\/figure>\n\n\n\n<p>El \u00faltimo partido de&nbsp;<strong>Federer<\/strong>&nbsp;fue el 7 de julio de 2021, cuando perdi\u00f3 en la Cancha Central en los cuartos de final de Wimbledon por 6-3, 7-6 (4), 6-0 ante el polaco Hubert Hurkacz.<\/p>\n\n\n\n<p>Poco despu\u00e9s,&nbsp;<strong>Federer<\/strong>&nbsp;se someti\u00f3 a una cirug\u00eda para reparar el menisco y el cart\u00edlago de la rodilla derecha, su tercera operaci\u00f3n en esa rodilla en un lapso de a\u00f1o y medio.<\/p>\n\n\n\n<p><strong>Federer<\/strong>&nbsp;admiti\u00f3 que recibi\u00f3 \u201cun talento especial para jugar al&nbsp;<strong>tenis\u201d<\/strong>&nbsp;y que lo hizo a un nivel que nunca imagin\u00f3 \u201cy durante mucho m\u00e1s tiempo\u201d de lo que pens\u00f3, reconoce, \u201cque fuera posible\u201d.<\/p>\n\n\n\n<p>En un largo cap\u00edtulo de agradecimientos, el suizo se refiri\u00f3 a su esposa Mirka y a sus hijos, a sus padres y hermana, a sus entrenadores, al equipo suizo, a su grupo de apoyo y a sus patrocinadores, a los fans y tambi\u00e9n a sus rivales.<\/p>\n\n\n\n<blockquote class=\"wp-block-quote is-layout-flow wp-block-quote-is-layout-flow\"><p>\u201cLos \u00faltimos 24 a\u00f1os en el circuito han sido una aventura incre\u00edble (\u2026). He tenido la fortuna de jugar en 40 pa\u00edses. He re\u00eddo y llorado, he sentido alegr\u00eda y dolor, pero sobre todo me he sentido incre\u00edblemente vivo\u201d, indica el jugador.<\/p><\/blockquote>\n\n\n\n<p>\u201cPara terminar, al juego del&nbsp;<strong>tenis:<\/strong>&nbsp;te amo y nunca te abandonar\u00e9\u201d, concluy\u00f3&nbsp;<strong>Federer<\/strong>&nbsp;el comunicado.<\/p>\n\n\n\n<p>El jugador suizo gan\u00f3, adem\u00e1s de ocho torneos de Wimbledon, seis veces el Abierto de Australia, cinco veces el Abierto de Estados Unidos y una vez Roland Garros.<\/p>\n\n\n\n<p>Accedi\u00f3 por primera vez al n\u00famero uno mundial el 2 de febrero de 2004.<\/p>\n\n\n\n<p><strong>Roger Federer<\/strong>&nbsp;se retira con 103 t\u00edtulos, un balance de mil 251 partidos ganados y 275 perdidos y unas ganancias oficiales, seg\u00fan la ATP, de 130.5 millones de d\u00f3lares.<\/p>\n","protected":false},"excerpt":{"rendered":"<p>El tenista suizo se retira con 103 t\u00edtulos, mil 251 partidos ganados y 275 perdidos y ganancias de 130.5 millones de d\u00f3lares Suiza.- El suizo\u00a0Roger Federer\u00a0anunci\u00f3 que se\u00a0retira\u00a0del\u00a0tenis\u00a0profesional, a los 41 a\u00f1os de edad, despu\u00e9s de conquistar 20 t\u00edtulos de Grand Slam. Federer,\u00a0que no ha competido desde Wimbledon en julio de 2021, se ha sometido [&hellip;]<\/p>\n","protected":false},"author":46,"featured_media":42518,"comment_status":"open","ping_status":"open","sticky":false,"template":"","format":"standard","meta":{"tdm_status":"","tdm_grid_status":"","footnotes":""},"categories":[39],"tags":[],"class_list":{"0":"post-42517","1":"post","2":"type-post","3":"status-publish","4":"format-standard","5":"has-post-thumbnail","7":"category-noticias-nacionales"},"yoast_head":"<!-- This site is optimized with the Yoast SEO plugin v27.5 - https:\/\/yoast.com\/product\/yoast-seo-wordpress\/ -->\n<title>Roger Federer anuncia su retiro del tenis - Fuentes Fidedignas<\/title>\n<meta name=\"robots\" content=\"index, follow, max-snippet:-1, max-image-preview:large, max-video-preview:-1\" \/>\n<link rel=\"canonical\" href=\"https:\/\/fuentesfidedignas.com.mx\/index.php\/2022\/09\/15\/roger-federer-anuncia-su-retiro-del-tenis\/\" \/>\n<meta property=\"og:locale\" content=\"es_MX\" \/>\n<meta property=\"og:type\" content=\"article\" \/>\n<meta property=\"og:title\" content=\"Roger Federer anuncia su retiro del tenis - Fuentes Fidedignas\" \/>\n<meta property=\"og:description\" content=\"El tenista suizo se retira con 103 t\u00edtulos, mil 251 partidos ganados y 275 perdidos y ganancias de 130.5 millones de d\u00f3lares Suiza.- El suizo\u00a0Roger Federer\u00a0anunci\u00f3 que se\u00a0retira\u00a0del\u00a0tenis\u00a0profesional, a los 41 a\u00f1os de edad, despu\u00e9s de conquistar 20 t\u00edtulos de Grand Slam. Federer,\u00a0que no ha competido desde Wimbledon en julio de 2021, se ha sometido [&hellip;]\" \/>\n<meta property=\"og:url\" content=\"https:\/\/fuentesfidedignas.com.mx\/index.php\/2022\/09\/15\/roger-federer-anuncia-su-retiro-del-tenis\/\" \/>\n<meta property=\"og:site_name\" content=\"Fuentes Fidedignas\" \/>\n<meta property=\"article:publisher\" content=\"https:\/\/www.facebook.com\/Fuentes-Fidedignas-368234489921644\" \/>\n<meta property=\"article:published_time\" content=\"2022-09-15T19:55:19+00:00\" \/>\n<meta property=\"article:modified_time\" content=\"2022-09-15T19:55:21+00:00\" \/>\n<meta property=\"og:image\" content=\"https:\/\/fuentesfidedignas.com.mx\/wp-content\/uploads\/2022\/09\/roger-federer-ap-focus-0-0-732-549.jpg\" \/>\n\t<meta property=\"og:image:width\" content=\"732\" \/>\n\t<meta property=\"og:image:height\" content=\"549\" \/>\n\t<meta property=\"og:image:type\" content=\"image\/jpeg\" \/>\n<meta name=\"author\" content=\"Noticieros Televisa\" \/>\n<meta name=\"twitter:card\" content=\"summary_large_image\" \/>\n<meta name=\"twitter:creator\" content=\"@fidedignas\" \/>\n<meta name=\"twitter:site\" content=\"@fidedignas\" \/>\n<meta name=\"twitter:label1\" content=\"Escrito por\" \/>\n\t<meta name=\"twitter:data1\" content=\"Noticieros Televisa\" \/>\n\t<meta name=\"twitter:label2\" content=\"Tiempo de lectura\" \/>\n\t<meta name=\"twitter:data2\" content=\"3 minutos\" \/>\n<script type=\"application\/ld+json\" class=\"yoast-schema-graph\">{\"@context\":\"https:\\\/\\\/schema.org\",\"@graph\":[{\"@type\":\"Article\",\"@id\":\"https:\\\/\\\/fuentesfidedignas.com.mx\\\/index.php\\\/2022\\\/09\\\/15\\\/roger-federer-anuncia-su-retiro-del-tenis\\\/#article\",\"isPartOf\":{\"@id\":\"https:\\\/\\\/fuentesfidedignas.com.mx\\\/index.php\\\/2022\\\/09\\\/15\\\/roger-federer-anuncia-su-retiro-del-tenis\\\/\"},\"author\":{\"name\":\"Noticieros Televisa\",\"@id\":\"https:\\\/\\\/fuentesfidedignas.com.mx\\\/#\\\/schema\\\/person\\\/f030e42657a5a464a8bbd891b1aab6ee\"},\"headline\":\"Roger Federer anuncia su retiro del tenis\",\"datePublished\":\"2022-09-15T19:55:19+00:00\",\"dateModified\":\"2022-09-15T19:55:21+00:00\",\"mainEntityOfPage\":{\"@id\":\"https:\\\/\\\/fuentesfidedignas.com.mx\\\/index.php\\\/2022\\\/09\\\/15\\\/roger-federer-anuncia-su-retiro-del-tenis\\\/\"},\"wordCount\":559,\"commentCount\":0,\"publisher\":{\"@id\":\"https:\\\/\\\/fuentesfidedignas.com.mx\\\/#organization\"},\"image\":{\"@id\":\"https:\\\/\\\/fuentesfidedignas.com.mx\\\/index.php\\\/2022\\\/09\\\/15\\\/roger-federer-anuncia-su-retiro-del-tenis\\\/#primaryimage\"},\"thumbnailUrl\":\"https:\\\/\\\/fuentesfidedignas.com.mx\\\/wp-content\\\/uploads\\\/2022\\\/09\\\/roger-federer-ap-focus-0-0-732-549.jpg\",\"articleSection\":[\"NOTICIAS NACIONALES\"],\"inLanguage\":\"es\",\"potentialAction\":[{\"@type\":\"CommentAction\",\"name\":\"Comment\",\"target\":[\"https:\\\/\\\/fuentesfidedignas.com.mx\\\/index.php\\\/2022\\\/09\\\/15\\\/roger-federer-anuncia-su-retiro-del-tenis\\\/#respond\"]}]},{\"@type\":\"WebPage\",\"@id\":\"https:\\\/\\\/fuentesfidedignas.com.mx\\\/index.php\\\/2022\\\/09\\\/15\\\/roger-federer-anuncia-su-retiro-del-tenis\\\/\",\"url\":\"https:\\\/\\\/fuentesfidedignas.com.mx\\\/index.php\\\/2022\\\/09\\\/15\\\/roger-federer-anuncia-su-retiro-del-tenis\\\/\",\"name\":\"Roger Federer anuncia su retiro del tenis - Fuentes Fidedignas\",\"isPartOf\":{\"@id\":\"https:\\\/\\\/fuentesfidedignas.com.mx\\\/#website\"},\"primaryImageOfPage\":{\"@id\":\"https:\\\/\\\/fuentesfidedignas.com.mx\\\/index.php\\\/2022\\\/09\\\/15\\\/roger-federer-anuncia-su-retiro-del-tenis\\\/#primaryimage\"},\"image\":{\"@id\":\"https:\\\/\\\/fuentesfidedignas.com.mx\\\/index.php\\\/2022\\\/09\\\/15\\\/roger-federer-anuncia-su-retiro-del-tenis\\\/#primaryimage\"},\"thumbnailUrl\":\"https:\\\/\\\/fuentesfidedignas.com.mx\\\/wp-content\\\/uploads\\\/2022\\\/09\\\/roger-federer-ap-focus-0-0-732-549.jpg\",\"datePublished\":\"2022-09-15T19:55:19+00:00\",\"dateModified\":\"2022-09-15T19:55:21+00:00\",\"breadcrumb\":{\"@id\":\"https:\\\/\\\/fuentesfidedignas.com.mx\\\/index.php\\\/2022\\\/09\\\/15\\\/roger-federer-anuncia-su-retiro-del-tenis\\\/#breadcrumb\"},\"inLanguage\":\"es\",\"potentialAction\":[{\"@type\":\"ReadAction\",\"target\":[\"https:\\\/\\\/fuentesfidedignas.com.mx\\\/index.php\\\/2022\\\/09\\\/15\\\/roger-federer-anuncia-su-retiro-del-tenis\\\/\"]}]},{\"@type\":\"ImageObject\",\"inLanguage\":\"es\",\"@id\":\"https:\\\/\\\/fuentesfidedignas.com.mx\\\/index.php\\\/2022\\\/09\\\/15\\\/roger-federer-anuncia-su-retiro-del-tenis\\\/#primaryimage\",\"url\":\"https:\\\/\\\/fuentesfidedignas.com.mx\\\/wp-content\\\/uploads\\\/2022\\\/09\\\/roger-federer-ap-focus-0-0-732-549.jpg\",\"contentUrl\":\"https:\\\/\\\/fuentesfidedignas.com.mx\\\/wp-content\\\/uploads\\\/2022\\\/09\\\/roger-federer-ap-focus-0-0-732-549.jpg\",\"width\":732,\"height\":549},{\"@type\":\"BreadcrumbList\",\"@id\":\"https:\\\/\\\/fuentesfidedignas.com.mx\\\/index.php\\\/2022\\\/09\\\/15\\\/roger-federer-anuncia-su-retiro-del-tenis\\\/#breadcrumb\",\"itemListElement\":[{\"@type\":\"ListItem\",\"position\":1,\"name\":\"Inicio\",\"item\":\"https:\\\/\\\/fuentesfidedignas.com.mx\\\/\"},{\"@type\":\"ListItem\",\"position\":2,\"name\":\"Roger Federer anuncia su retiro del tenis\"}]},{\"@type\":\"WebSite\",\"@id\":\"https:\\\/\\\/fuentesfidedignas.com.mx\\\/#website\",\"url\":\"https:\\\/\\\/fuentesfidedignas.com.mx\\\/\",\"name\":\"Fuentes Fidedignas\",\"description\":\"Otro sitio realizado con WordPress\",\"publisher\":{\"@id\":\"https:\\\/\\\/fuentesfidedignas.com.mx\\\/#organization\"},\"potentialAction\":[{\"@type\":\"SearchAction\",\"target\":{\"@type\":\"EntryPoint\",\"urlTemplate\":\"https:\\\/\\\/fuentesfidedignas.com.mx\\\/?s={search_term_string}\"},\"query-input\":{\"@type\":\"PropertyValueSpecification\",\"valueRequired\":true,\"valueName\":\"search_term_string\"}}],\"inLanguage\":\"es\"},{\"@type\":\"Organization\",\"@id\":\"https:\\\/\\\/fuentesfidedignas.com.mx\\\/#organization\",\"name\":\"Fuentes Fidedignas\",\"url\":\"https:\\\/\\\/fuentesfidedignas.com.mx\\\/\",\"logo\":{\"@type\":\"ImageObject\",\"inLanguage\":\"es\",\"@id\":\"https:\\\/\\\/fuentesfidedignas.com.mx\\\/#\\\/schema\\\/logo\\\/image\\\/\",\"url\":\"https:\\\/\\\/fuentesfidedignas.com.mx\\\/wp-content\\\/uploads\\\/2021\\\/04\\\/logo-retina.png\",\"contentUrl\":\"https:\\\/\\\/fuentesfidedignas.com.mx\\\/wp-content\\\/uploads\\\/2021\\\/04\\\/logo-retina.png\",\"width\":280,\"height\":51,\"caption\":\"Fuentes Fidedignas\"},\"image\":{\"@id\":\"https:\\\/\\\/fuentesfidedignas.com.mx\\\/#\\\/schema\\\/logo\\\/image\\\/\"},\"sameAs\":[\"https:\\\/\\\/www.facebook.com\\\/Fuentes-Fidedignas-368234489921644\",\"https:\\\/\\\/x.com\\\/fidedignas\"]},{\"@type\":\"Person\",\"@id\":\"https:\\\/\\\/fuentesfidedignas.com.mx\\\/#\\\/schema\\\/person\\\/f030e42657a5a464a8bbd891b1aab6ee\",\"name\":\"Noticieros Televisa\",\"image\":{\"@type\":\"ImageObject\",\"inLanguage\":\"es\",\"@id\":\"https:\\\/\\\/secure.gravatar.com\\\/avatar\\\/0e47b9e785a628831b8fd9eaf15e090e106760a879abbd4a3306f128ef5d43a9?s=96&d=mm&r=g\",\"url\":\"https:\\\/\\\/secure.gravatar.com\\\/avatar\\\/0e47b9e785a628831b8fd9eaf15e090e106760a879abbd4a3306f128ef5d43a9?s=96&d=mm&r=g\",\"contentUrl\":\"https:\\\/\\\/secure.gravatar.com\\\/avatar\\\/0e47b9e785a628831b8fd9eaf15e090e106760a879abbd4a3306f128ef5d43a9?s=96&d=mm&r=g\",\"caption\":\"Noticieros Televisa\"},\"url\":\"https:\\\/\\\/fuentesfidedignas.com.mx\\\/index.php\\\/author\\\/noticieros-televisa\\\/\"}]}<\/script>\n<!-- \/ Yoast SEO plugin. -->","yoast_head_json":{"title":"Roger Federer anuncia su retiro del tenis - Fuentes Fidedignas","robots":{"index":"index","follow":"follow","max-snippet":"max-snippet:-1","max-image-preview":"max-image-preview:large","max-video-preview":"max-video-preview:-1"},"canonical":"https:\/\/fuentesfidedignas.com.mx\/index.php\/2022\/09\/15\/roger-federer-anuncia-su-retiro-del-tenis\/","og_locale":"es_MX","og_type":"article","og_title":"Roger Federer anuncia su retiro del tenis - Fuentes Fidedignas","og_description":"El tenista suizo se retira con 103 t\u00edtulos, mil 251 partidos ganados y 275 perdidos y ganancias de 130.5 millones de d\u00f3lares Suiza.- El suizo\u00a0Roger Federer\u00a0anunci\u00f3 que se\u00a0retira\u00a0del\u00a0tenis\u00a0profesional, a los 41 a\u00f1os de edad, despu\u00e9s de conquistar 20 t\u00edtulos de Grand Slam. Federer,\u00a0que no ha competido desde Wimbledon en julio de 2021, se ha sometido [&hellip;]","og_url":"https:\/\/fuentesfidedignas.com.mx\/index.php\/2022\/09\/15\/roger-federer-anuncia-su-retiro-del-tenis\/","og_site_name":"Fuentes Fidedignas","article_publisher":"https:\/\/www.facebook.com\/Fuentes-Fidedignas-368234489921644","article_published_time":"2022-09-15T19:55:19+00:00","article_modified_time":"2022-09-15T19:55:21+00:00","og_image":[{"width":732,"height":549,"url":"https:\/\/fuentesfidedignas.com.mx\/wp-content\/uploads\/2022\/09\/roger-federer-ap-focus-0-0-732-549.jpg","type":"image\/jpeg"}],"author":"Noticieros Televisa","twitter_card":"summary_large_image","twitter_creator":"@fidedignas","twitter_site":"@fidedignas","twitter_misc":{"Escrito por":"Noticieros Televisa","Tiempo de lectura":"3 minutos"},"schema":{"@context":"https:\/\/schema.org","@graph":[{"@type":"Article","@id":"https:\/\/fuentesfidedignas.com.mx\/index.php\/2022\/09\/15\/roger-federer-anuncia-su-retiro-del-tenis\/#article","isPartOf":{"@id":"https:\/\/fuentesfidedignas.com.mx\/index.php\/2022\/09\/15\/roger-federer-anuncia-su-retiro-del-tenis\/"},"author":{"name":"Noticieros Televisa","@id":"https:\/\/fuentesfidedignas.com.mx\/#\/schema\/person\/f030e42657a5a464a8bbd891b1aab6ee"},"headline":"Roger Federer anuncia su retiro del tenis","datePublished":"2022-09-15T19:55:19+00:00","dateModified":"2022-09-15T19:55:21+00:00","mainEntityOfPage":{"@id":"https:\/\/fuentesfidedignas.com.mx\/index.php\/2022\/09\/15\/roger-federer-anuncia-su-retiro-del-tenis\/"},"wordCount":559,"commentCount":0,"publisher":{"@id":"https:\/\/fuentesfidedignas.com.mx\/#organization"},"image":{"@id":"https:\/\/fuentesfidedignas.com.mx\/index.php\/2022\/09\/15\/roger-federer-anuncia-su-retiro-del-tenis\/#primaryimage"},"thumbnailUrl":"https:\/\/fuentesfidedignas.com.mx\/wp-content\/uploads\/2022\/09\/roger-federer-ap-focus-0-0-732-549.jpg","articleSection":["NOTICIAS NACIONALES"],"inLanguage":"es","potentialAction":[{"@type":"CommentAction","name":"Comment","target":["https:\/\/fuentesfidedignas.com.mx\/index.php\/2022\/09\/15\/roger-federer-anuncia-su-retiro-del-tenis\/#respond"]}]},{"@type":"WebPage","@id":"https:\/\/fuentesfidedignas.com.mx\/index.php\/2022\/09\/15\/roger-federer-anuncia-su-retiro-del-tenis\/","url":"https:\/\/fuentesfidedignas.com.mx\/index.php\/2022\/09\/15\/roger-federer-anuncia-su-retiro-del-tenis\/","name":"Roger Federer anuncia su retiro del tenis - Fuentes Fidedignas","isPartOf":{"@id":"https:\/\/fuentesfidedignas.com.mx\/#website"},"primaryImageOfPage":{"@id":"https:\/\/fuentesfidedignas.com.mx\/index.php\/2022\/09\/15\/roger-federer-anuncia-su-retiro-del-tenis\/#primaryimage"},"image":{"@id":"https:\/\/fuentesfidedignas.com.mx\/index.php\/2022\/09\/15\/roger-federer-anuncia-su-retiro-del-tenis\/#primaryimage"},"thumbnailUrl":"https:\/\/fuentesfidedignas.com.mx\/wp-content\/uploads\/2022\/09\/roger-federer-ap-focus-0-0-732-549.jpg","datePublished":"2022-09-15T19:55:19+00:00","dateModified":"2022-09-15T19:55:21+00:00","breadcrumb":{"@id":"https:\/\/fuentesfidedignas.com.mx\/index.php\/2022\/09\/15\/roger-federer-anuncia-su-retiro-del-tenis\/#breadcrumb"},"inLanguage":"es","potentialAction":[{"@type":"ReadAction","target":["https:\/\/fuentesfidedignas.com.mx\/index.php\/2022\/09\/15\/roger-federer-anuncia-su-retiro-del-tenis\/"]}]},{"@type":"ImageObject","inLanguage":"es","@id":"https:\/\/fuentesfidedignas.com.mx\/index.php\/2022\/09\/15\/roger-federer-anuncia-su-retiro-del-tenis\/#primaryimage","url":"https:\/\/fuentesfidedignas.com.mx\/wp-content\/uploads\/2022\/09\/roger-federer-ap-focus-0-0-732-549.jpg","contentUrl":"https:\/\/fuentesfidedignas.com.mx\/wp-content\/uploads\/2022\/09\/roger-federer-ap-focus-0-0-732-549.jpg","width":732,"height":549},{"@type":"BreadcrumbList","@id":"https:\/\/fuentesfidedignas.com.mx\/index.php\/2022\/09\/15\/roger-federer-anuncia-su-retiro-del-tenis\/#breadcrumb","itemListElement":[{"@type":"ListItem","position":1,"name":"Inicio","item":"https:\/\/fuentesfidedignas.com.mx\/"},{"@type":"ListItem","position":2,"name":"Roger Federer anuncia su retiro del tenis"}]},{"@type":"WebSite","@id":"https:\/\/fuentesfidedignas.com.mx\/#website","url":"https:\/\/fuentesfidedignas.com.mx\/","name":"Fuentes Fidedignas","description":"Otro sitio realizado con WordPress","publisher":{"@id":"https:\/\/fuentesfidedignas.com.mx\/#organization"},"potentialAction":[{"@type":"SearchAction","target":{"@type":"EntryPoint","urlTemplate":"https:\/\/fuentesfidedignas.com.mx\/?s={search_term_string}"},"query-input":{"@type":"PropertyValueSpecification","valueRequired":true,"valueName":"search_term_string"}}],"inLanguage":"es"},{"@type":"Organization","@id":"https:\/\/fuentesfidedignas.com.mx\/#organization","name":"Fuentes Fidedignas","url":"https:\/\/fuentesfidedignas.com.mx\/","logo":{"@type":"ImageObject","inLanguage":"es","@id":"https:\/\/fuentesfidedignas.com.mx\/#\/schema\/logo\/image\/","url":"https:\/\/fuentesfidedignas.com.mx\/wp-content\/uploads\/2021\/04\/logo-retina.png","contentUrl":"https:\/\/fuentesfidedignas.com.mx\/wp-content\/uploads\/2021\/04\/logo-retina.png","width":280,"height":51,"caption":"Fuentes Fidedignas"},"image":{"@id":"https:\/\/fuentesfidedignas.com.mx\/#\/schema\/logo\/image\/"},"sameAs":["https:\/\/www.facebook.com\/Fuentes-Fidedignas-368234489921644","https:\/\/x.com\/fidedignas"]},{"@type":"Person","@id":"https:\/\/fuentesfidedignas.com.mx\/#\/schema\/person\/f030e42657a5a464a8bbd891b1aab6ee","name":"Noticieros Televisa","image":{"@type":"ImageObject","inLanguage":"es","@id":"https:\/\/secure.gravatar.com\/avatar\/0e47b9e785a628831b8fd9eaf15e090e106760a879abbd4a3306f128ef5d43a9?s=96&d=mm&r=g","url":"https:\/\/secure.gravatar.com\/avatar\/0e47b9e785a628831b8fd9eaf15e090e106760a879abbd4a3306f128ef5d43a9?s=96&d=mm&r=g","contentUrl":"https:\/\/secure.gravatar.com\/avatar\/0e47b9e785a628831b8fd9eaf15e090e106760a879abbd4a3306f128ef5d43a9?s=96&d=mm&r=g","caption":"Noticieros Televisa"},"url":"https:\/\/fuentesfidedignas.com.mx\/index.php\/author\/noticieros-televisa\/"}]}},"_links":{"self":[{"href":"https:\/\/fuentesfidedignas.com.mx\/index.php\/wp-json\/wp\/v2\/posts\/42517","targetHints":{"allow":["GET"]}}],"collection":[{"href":"https:\/\/fuentesfidedignas.com.mx\/index.php\/wp-json\/wp\/v2\/posts"}],"about":[{"href":"https:\/\/fuentesfidedignas.com.mx\/index.php\/wp-json\/wp\/v2\/types\/post"}],"author":[{"embeddable":true,"href":"https:\/\/fuentesfidedignas.com.mx\/index.php\/wp-json\/wp\/v2\/users\/46"}],"replies":[{"embeddable":true,"href":"https:\/\/fuentesfidedignas.com.mx\/index.php\/wp-json\/wp\/v2\/comments?post=42517"}],"version-history":[{"count":1,"href":"https:\/\/fuentesfidedignas.com.mx\/index.php\/wp-json\/wp\/v2\/posts\/42517\/revisions"}],"predecessor-version":[{"id":42519,"href":"https:\/\/fuentesfidedignas.com.mx\/index.php\/wp-json\/wp\/v2\/posts\/42517\/revisions\/42519"}],"wp:featuredmedia":[{"embeddable":true,"href":"https:\/\/fuentesfidedignas.com.mx\/index.php\/wp-json\/wp\/v2\/media\/42518"}],"wp:attachment":[{"href":"https:\/\/fuentesfidedignas.com.mx\/index.php\/wp-json\/wp\/v2\/media?parent=42517"}],"wp:term":[{"taxonomy":"category","embeddable":true,"href":"https:\/\/fuentesfidedignas.com.mx\/index.php\/wp-json\/wp\/v2\/categories?post=42517"},{"taxonomy":"post_tag","embeddable":true,"href":"https:\/\/fuentesfidedignas.com.mx\/index.php\/wp-json\/wp\/v2\/tags?post=42517"}],"curies":[{"name":"wp","href":"https:\/\/api.w.org\/{rel}","templated":true}]}}