{"id":42514,"date":"2022-09-15T13:46:16","date_gmt":"2022-09-15T19:46:16","guid":{"rendered":"https:\/\/fuentesfidedignas.com.mx\/?p=42514"},"modified":"2022-09-15T13:46:19","modified_gmt":"2022-09-15T19:46:19","slug":"este-lunes-publicara-sepyc-los-resultados-de-becas-particulares","status":"publish","type":"post","link":"https:\/\/fuentesfidedignas.com.mx\/index.php\/2022\/09\/15\/este-lunes-publicara-sepyc-los-resultados-de-becas-particulares\/","title":{"rendered":"Este lunes publicar\u00e1 Sepyc los resultados de Becas Particulares"},"content":{"rendered":"\n<ul class=\"wp-block-list\"><li><em><strong>Las y los beneficiarios deber\u00e1n descargar el oficio del 19 al 30 de septiembre y entregarlo en su plantel educativo<\/strong><\/em> <\/li><\/ul>\n\n\n\n<p>Culiac\u00e1n, Sin.- Este lunes 19 de septiembre, la <strong>Secretar\u00eda de Educaci\u00f3n P\u00fablica y Cultura<\/strong> (SEPyC) publicar\u00e1 los resultados del Programa de Becas Particulares para el ciclo escolar 2022-2023, proceso en el que participan 616 instituciones privadas incorporadas a la SEPyC, o que cuentan con Reconocimiento de Validez Oficial de Estudios (REVOE). <\/p>\n\n\n\n<p>El Coordinador Estatal de <strong>Becasin<\/strong>, Michel Armando Infante Mar\u00edn explic\u00f3 que durante este proceso se recibieron un total de 18 mil 360 solicitudes en l\u00ednea, a trav\u00e9s del portal <a href=\"https:\/\/portal.sepyc.gob.mx\/becasparticularessolicitud\/\">https:\/\/portal.sepyc.gob.mx\/becasparticularessolicitud\/<\/a>, las cuales fueron revisadas por el Comit\u00e9 de Becas de cada uno de los colegios particulares. <\/p>\n\n\n\n<p>\u201c<em>Tendremos los resultados a partir del 19 de septiembre del a\u00f1o en curso. Hay 616 colegios participando actualmente y con la fortuna de que este a\u00f1o hubo 18 mil 360 solicitudes de becas en todos los niveles, desde inicial hasta superior. A partir del 19 de septiembre las personas beneficiarias encontrar\u00e1n en la p\u00e1gina <a href=\"http:\/\/mieducacion.sepyc.gob.mx\">mieducacion.sepyc.gob.mx<\/a> el oficio de beneficiarios; despu\u00e9s de eso, el padre de familia debe acudir al colegio para que le otorguen el beneficio de la beca<\/em>\u201d, explic\u00f3. <\/p>\n\n\n\n<p>A partir de esa fecha, los padres de familia o tutores podr\u00e1n entrar al portal de<strong> SEPyC<\/strong>, y dirigirse a la secci\u00f3n Becas, donde deber\u00e1n ingresar el <strong>CURP <\/strong>del alumno o alumna para conocer el resultado, es decir, si el estudiante result\u00f3 beneficiado; en caso de serlo, conocer\u00e1 el porcentaje de la beca. <\/p>\n\n\n\n<p>Infante Mar\u00edn hizo \u00e9nfasis en la importancia de descargar y conservar el documento que arroja la plataforma, pues lo necesitar\u00e1 el pr\u00f3ximo ciclo escolar para solicitar el refrendo de la beca. En caso de no presentarlo, el beneficio ser\u00e1 cancelado y reasignado a otro solicitante.<\/p>\n","protected":false},"excerpt":{"rendered":"<p>Las y los beneficiarios deber\u00e1n descargar el oficio del 19 al 30 de septiembre y entregarlo en su plantel educativo Culiac\u00e1n, Sin.- Este lunes 19 de septiembre, la Secretar\u00eda de Educaci\u00f3n P\u00fablica y Cultura (SEPyC) publicar\u00e1 los resultados del Programa de Becas Particulares para el ciclo escolar 2022-2023, proceso en el que participan 616 instituciones [&hellip;]<\/p>\n","protected":false},"author":4,"featured_media":42515,"comment_status":"open","ping_status":"open","sticky":false,"template":"","format":"standard","meta":{"tdm_status":"","tdm_grid_status":"","footnotes":""},"categories":[38],"tags":[],"class_list":{"0":"post-42514","1":"post","2":"type-post","3":"status-publish","4":"format-standard","5":"has-post-thumbnail","7":"category-noticias-locales"},"yoast_head":"<!-- This site is optimized with the Yoast SEO plugin v27.5 - https:\/\/yoast.com\/product\/yoast-seo-wordpress\/ -->\n<title>Este lunes publicar\u00e1 Sepyc los resultados de Becas Particulares - Fuentes Fidedignas<\/title>\n<meta name=\"robots\" content=\"index, follow, max-snippet:-1, max-image-preview:large, max-video-preview:-1\" \/>\n<link rel=\"canonical\" href=\"https:\/\/fuentesfidedignas.com.mx\/index.php\/2022\/09\/15\/este-lunes-publicara-sepyc-los-resultados-de-becas-particulares\/\" \/>\n<meta property=\"og:locale\" content=\"es_MX\" \/>\n<meta property=\"og:type\" content=\"article\" \/>\n<meta property=\"og:title\" content=\"Este lunes publicar\u00e1 Sepyc los resultados de Becas Particulares - Fuentes Fidedignas\" \/>\n<meta property=\"og:description\" content=\"Las y los beneficiarios deber\u00e1n descargar el oficio del 19 al 30 de septiembre y entregarlo en su plantel educativo Culiac\u00e1n, Sin.- Este lunes 19 de septiembre, la Secretar\u00eda de Educaci\u00f3n P\u00fablica y Cultura (SEPyC) publicar\u00e1 los resultados del Programa de Becas Particulares para el ciclo escolar 2022-2023, proceso en el que participan 616 instituciones [&hellip;]\" \/>\n<meta property=\"og:url\" content=\"https:\/\/fuentesfidedignas.com.mx\/index.php\/2022\/09\/15\/este-lunes-publicara-sepyc-los-resultados-de-becas-particulares\/\" \/>\n<meta property=\"og:site_name\" content=\"Fuentes Fidedignas\" \/>\n<meta property=\"article:publisher\" content=\"https:\/\/www.facebook.com\/Fuentes-Fidedignas-368234489921644\" \/>\n<meta property=\"article:published_time\" content=\"2022-09-15T19:46:16+00:00\" \/>\n<meta property=\"article:modified_time\" content=\"2022-09-15T19:46:19+00:00\" \/>\n<meta property=\"og:image\" content=\"https:\/\/fuentesfidedignas.com.mx\/wp-content\/uploads\/2022\/09\/becas.jpeg\" \/>\n\t<meta property=\"og:image:width\" content=\"400\" \/>\n\t<meta property=\"og:image:height\" content=\"225\" \/>\n\t<meta property=\"og:image:type\" content=\"image\/jpeg\" \/>\n<meta name=\"author\" content=\"Redacci\u00f3n\" \/>\n<meta name=\"twitter:card\" content=\"summary_large_image\" \/>\n<meta name=\"twitter:creator\" content=\"@fidedignas\" \/>\n<meta name=\"twitter:site\" content=\"@fidedignas\" \/>\n<meta name=\"twitter:label1\" content=\"Escrito por\" \/>\n\t<meta name=\"twitter:data1\" content=\"Redacci\u00f3n\" \/>\n\t<meta name=\"twitter:label2\" content=\"Tiempo de lectura\" \/>\n\t<meta name=\"twitter:data2\" content=\"2 minutos\" \/>\n<script type=\"application\/ld+json\" class=\"yoast-schema-graph\">{\"@context\":\"https:\\\/\\\/schema.org\",\"@graph\":[{\"@type\":\"Article\",\"@id\":\"https:\\\/\\\/fuentesfidedignas.com.mx\\\/index.php\\\/2022\\\/09\\\/15\\\/este-lunes-publicara-sepyc-los-resultados-de-becas-particulares\\\/#article\",\"isPartOf\":{\"@id\":\"https:\\\/\\\/fuentesfidedignas.com.mx\\\/index.php\\\/2022\\\/09\\\/15\\\/este-lunes-publicara-sepyc-los-resultados-de-becas-particulares\\\/\"},\"author\":{\"name\":\"Redacci\u00f3n\",\"@id\":\"https:\\\/\\\/fuentesfidedignas.com.mx\\\/#\\\/schema\\\/person\\\/331be9283d37198e2acd5750279085b0\"},\"headline\":\"Este lunes publicar\u00e1 Sepyc los resultados de Becas Particulares\",\"datePublished\":\"2022-09-15T19:46:16+00:00\",\"dateModified\":\"2022-09-15T19:46:19+00:00\",\"mainEntityOfPage\":{\"@id\":\"https:\\\/\\\/fuentesfidedignas.com.mx\\\/index.php\\\/2022\\\/09\\\/15\\\/este-lunes-publicara-sepyc-los-resultados-de-becas-particulares\\\/\"},\"wordCount\":320,\"commentCount\":0,\"publisher\":{\"@id\":\"https:\\\/\\\/fuentesfidedignas.com.mx\\\/#organization\"},\"image\":{\"@id\":\"https:\\\/\\\/fuentesfidedignas.com.mx\\\/index.php\\\/2022\\\/09\\\/15\\\/este-lunes-publicara-sepyc-los-resultados-de-becas-particulares\\\/#primaryimage\"},\"thumbnailUrl\":\"https:\\\/\\\/fuentesfidedignas.com.mx\\\/wp-content\\\/uploads\\\/2022\\\/09\\\/becas.jpeg\",\"articleSection\":[\"NOTICIAS LOCALES\"],\"inLanguage\":\"es\",\"potentialAction\":[{\"@type\":\"CommentAction\",\"name\":\"Comment\",\"target\":[\"https:\\\/\\\/fuentesfidedignas.com.mx\\\/index.php\\\/2022\\\/09\\\/15\\\/este-lunes-publicara-sepyc-los-resultados-de-becas-particulares\\\/#respond\"]}]},{\"@type\":\"WebPage\",\"@id\":\"https:\\\/\\\/fuentesfidedignas.com.mx\\\/index.php\\\/2022\\\/09\\\/15\\\/este-lunes-publicara-sepyc-los-resultados-de-becas-particulares\\\/\",\"url\":\"https:\\\/\\\/fuentesfidedignas.com.mx\\\/index.php\\\/2022\\\/09\\\/15\\\/este-lunes-publicara-sepyc-los-resultados-de-becas-particulares\\\/\",\"name\":\"Este lunes publicar\u00e1 Sepyc los resultados de Becas Particulares - Fuentes Fidedignas\",\"isPartOf\":{\"@id\":\"https:\\\/\\\/fuentesfidedignas.com.mx\\\/#website\"},\"primaryImageOfPage\":{\"@id\":\"https:\\\/\\\/fuentesfidedignas.com.mx\\\/index.php\\\/2022\\\/09\\\/15\\\/este-lunes-publicara-sepyc-los-resultados-de-becas-particulares\\\/#primaryimage\"},\"image\":{\"@id\":\"https:\\\/\\\/fuentesfidedignas.com.mx\\\/index.php\\\/2022\\\/09\\\/15\\\/este-lunes-publicara-sepyc-los-resultados-de-becas-particulares\\\/#primaryimage\"},\"thumbnailUrl\":\"https:\\\/\\\/fuentesfidedignas.com.mx\\\/wp-content\\\/uploads\\\/2022\\\/09\\\/becas.jpeg\",\"datePublished\":\"2022-09-15T19:46:16+00:00\",\"dateModified\":\"2022-09-15T19:46:19+00:00\",\"breadcrumb\":{\"@id\":\"https:\\\/\\\/fuentesfidedignas.com.mx\\\/index.php\\\/2022\\\/09\\\/15\\\/este-lunes-publicara-sepyc-los-resultados-de-becas-particulares\\\/#breadcrumb\"},\"inLanguage\":\"es\",\"potentialAction\":[{\"@type\":\"ReadAction\",\"target\":[\"https:\\\/\\\/fuentesfidedignas.com.mx\\\/index.php\\\/2022\\\/09\\\/15\\\/este-lunes-publicara-sepyc-los-resultados-de-becas-particulares\\\/\"]}]},{\"@type\":\"ImageObject\",\"inLanguage\":\"es\",\"@id\":\"https:\\\/\\\/fuentesfidedignas.com.mx\\\/index.php\\\/2022\\\/09\\\/15\\\/este-lunes-publicara-sepyc-los-resultados-de-becas-particulares\\\/#primaryimage\",\"url\":\"https:\\\/\\\/fuentesfidedignas.com.mx\\\/wp-content\\\/uploads\\\/2022\\\/09\\\/becas.jpeg\",\"contentUrl\":\"https:\\\/\\\/fuentesfidedignas.com.mx\\\/wp-content\\\/uploads\\\/2022\\\/09\\\/becas.jpeg\",\"width\":400,\"height\":225},{\"@type\":\"BreadcrumbList\",\"@id\":\"https:\\\/\\\/fuentesfidedignas.com.mx\\\/index.php\\\/2022\\\/09\\\/15\\\/este-lunes-publicara-sepyc-los-resultados-de-becas-particulares\\\/#breadcrumb\",\"itemListElement\":[{\"@type\":\"ListItem\",\"position\":1,\"name\":\"Inicio\",\"item\":\"https:\\\/\\\/fuentesfidedignas.com.mx\\\/\"},{\"@type\":\"ListItem\",\"position\":2,\"name\":\"Este lunes publicar\u00e1 Sepyc los resultados de Becas Particulares\"}]},{\"@type\":\"WebSite\",\"@id\":\"https:\\\/\\\/fuentesfidedignas.com.mx\\\/#website\",\"url\":\"https:\\\/\\\/fuentesfidedignas.com.mx\\\/\",\"name\":\"Fuentes Fidedignas\",\"description\":\"Otro sitio realizado con WordPress\",\"publisher\":{\"@id\":\"https:\\\/\\\/fuentesfidedignas.com.mx\\\/#organization\"},\"potentialAction\":[{\"@type\":\"SearchAction\",\"target\":{\"@type\":\"EntryPoint\",\"urlTemplate\":\"https:\\\/\\\/fuentesfidedignas.com.mx\\\/?s={search_term_string}\"},\"query-input\":{\"@type\":\"PropertyValueSpecification\",\"valueRequired\":true,\"valueName\":\"search_term_string\"}}],\"inLanguage\":\"es\"},{\"@type\":\"Organization\",\"@id\":\"https:\\\/\\\/fuentesfidedignas.com.mx\\\/#organization\",\"name\":\"Fuentes Fidedignas\",\"url\":\"https:\\\/\\\/fuentesfidedignas.com.mx\\\/\",\"logo\":{\"@type\":\"ImageObject\",\"inLanguage\":\"es\",\"@id\":\"https:\\\/\\\/fuentesfidedignas.com.mx\\\/#\\\/schema\\\/logo\\\/image\\\/\",\"url\":\"https:\\\/\\\/fuentesfidedignas.com.mx\\\/wp-content\\\/uploads\\\/2021\\\/04\\\/logo-retina.png\",\"contentUrl\":\"https:\\\/\\\/fuentesfidedignas.com.mx\\\/wp-content\\\/uploads\\\/2021\\\/04\\\/logo-retina.png\",\"width\":280,\"height\":51,\"caption\":\"Fuentes Fidedignas\"},\"image\":{\"@id\":\"https:\\\/\\\/fuentesfidedignas.com.mx\\\/#\\\/schema\\\/logo\\\/image\\\/\"},\"sameAs\":[\"https:\\\/\\\/www.facebook.com\\\/Fuentes-Fidedignas-368234489921644\",\"https:\\\/\\\/x.com\\\/fidedignas\"]},{\"@type\":\"Person\",\"@id\":\"https:\\\/\\\/fuentesfidedignas.com.mx\\\/#\\\/schema\\\/person\\\/331be9283d37198e2acd5750279085b0\",\"name\":\"Redacci\u00f3n\",\"image\":{\"@type\":\"ImageObject\",\"inLanguage\":\"es\",\"@id\":\"https:\\\/\\\/secure.gravatar.com\\\/avatar\\\/f6d8782c11d12b2d4ad3fbb6931aeab5309937a4d6cd2fc9cfaa28a6396a5aec?s=96&d=mm&r=g\",\"url\":\"https:\\\/\\\/secure.gravatar.com\\\/avatar\\\/f6d8782c11d12b2d4ad3fbb6931aeab5309937a4d6cd2fc9cfaa28a6396a5aec?s=96&d=mm&r=g\",\"contentUrl\":\"https:\\\/\\\/secure.gravatar.com\\\/avatar\\\/f6d8782c11d12b2d4ad3fbb6931aeab5309937a4d6cd2fc9cfaa28a6396a5aec?s=96&d=mm&r=g\",\"caption\":\"Redacci\u00f3n\"},\"url\":\"https:\\\/\\\/fuentesfidedignas.com.mx\\\/index.php\\\/author\\\/redaccion\\\/\"}]}<\/script>\n<!-- \/ Yoast SEO plugin. -->","yoast_head_json":{"title":"Este lunes publicar\u00e1 Sepyc los resultados de Becas Particulares - Fuentes Fidedignas","robots":{"index":"index","follow":"follow","max-snippet":"max-snippet:-1","max-image-preview":"max-image-preview:large","max-video-preview":"max-video-preview:-1"},"canonical":"https:\/\/fuentesfidedignas.com.mx\/index.php\/2022\/09\/15\/este-lunes-publicara-sepyc-los-resultados-de-becas-particulares\/","og_locale":"es_MX","og_type":"article","og_title":"Este lunes publicar\u00e1 Sepyc los resultados de Becas Particulares - Fuentes Fidedignas","og_description":"Las y los beneficiarios deber\u00e1n descargar el oficio del 19 al 30 de septiembre y entregarlo en su plantel educativo Culiac\u00e1n, Sin.- Este lunes 19 de septiembre, la Secretar\u00eda de Educaci\u00f3n P\u00fablica y Cultura (SEPyC) publicar\u00e1 los resultados del Programa de Becas Particulares para el ciclo escolar 2022-2023, proceso en el que participan 616 instituciones [&hellip;]","og_url":"https:\/\/fuentesfidedignas.com.mx\/index.php\/2022\/09\/15\/este-lunes-publicara-sepyc-los-resultados-de-becas-particulares\/","og_site_name":"Fuentes Fidedignas","article_publisher":"https:\/\/www.facebook.com\/Fuentes-Fidedignas-368234489921644","article_published_time":"2022-09-15T19:46:16+00:00","article_modified_time":"2022-09-15T19:46:19+00:00","og_image":[{"width":400,"height":225,"url":"https:\/\/fuentesfidedignas.com.mx\/wp-content\/uploads\/2022\/09\/becas.jpeg","type":"image\/jpeg"}],"author":"Redacci\u00f3n","twitter_card":"summary_large_image","twitter_creator":"@fidedignas","twitter_site":"@fidedignas","twitter_misc":{"Escrito por":"Redacci\u00f3n","Tiempo de lectura":"2 minutos"},"schema":{"@context":"https:\/\/schema.org","@graph":[{"@type":"Article","@id":"https:\/\/fuentesfidedignas.com.mx\/index.php\/2022\/09\/15\/este-lunes-publicara-sepyc-los-resultados-de-becas-particulares\/#article","isPartOf":{"@id":"https:\/\/fuentesfidedignas.com.mx\/index.php\/2022\/09\/15\/este-lunes-publicara-sepyc-los-resultados-de-becas-particulares\/"},"author":{"name":"Redacci\u00f3n","@id":"https:\/\/fuentesfidedignas.com.mx\/#\/schema\/person\/331be9283d37198e2acd5750279085b0"},"headline":"Este lunes publicar\u00e1 Sepyc los resultados de Becas Particulares","datePublished":"2022-09-15T19:46:16+00:00","dateModified":"2022-09-15T19:46:19+00:00","mainEntityOfPage":{"@id":"https:\/\/fuentesfidedignas.com.mx\/index.php\/2022\/09\/15\/este-lunes-publicara-sepyc-los-resultados-de-becas-particulares\/"},"wordCount":320,"commentCount":0,"publisher":{"@id":"https:\/\/fuentesfidedignas.com.mx\/#organization"},"image":{"@id":"https:\/\/fuentesfidedignas.com.mx\/index.php\/2022\/09\/15\/este-lunes-publicara-sepyc-los-resultados-de-becas-particulares\/#primaryimage"},"thumbnailUrl":"https:\/\/fuentesfidedignas.com.mx\/wp-content\/uploads\/2022\/09\/becas.jpeg","articleSection":["NOTICIAS LOCALES"],"inLanguage":"es","potentialAction":[{"@type":"CommentAction","name":"Comment","target":["https:\/\/fuentesfidedignas.com.mx\/index.php\/2022\/09\/15\/este-lunes-publicara-sepyc-los-resultados-de-becas-particulares\/#respond"]}]},{"@type":"WebPage","@id":"https:\/\/fuentesfidedignas.com.mx\/index.php\/2022\/09\/15\/este-lunes-publicara-sepyc-los-resultados-de-becas-particulares\/","url":"https:\/\/fuentesfidedignas.com.mx\/index.php\/2022\/09\/15\/este-lunes-publicara-sepyc-los-resultados-de-becas-particulares\/","name":"Este lunes publicar\u00e1 Sepyc los resultados de Becas Particulares - Fuentes Fidedignas","isPartOf":{"@id":"https:\/\/fuentesfidedignas.com.mx\/#website"},"primaryImageOfPage":{"@id":"https:\/\/fuentesfidedignas.com.mx\/index.php\/2022\/09\/15\/este-lunes-publicara-sepyc-los-resultados-de-becas-particulares\/#primaryimage"},"image":{"@id":"https:\/\/fuentesfidedignas.com.mx\/index.php\/2022\/09\/15\/este-lunes-publicara-sepyc-los-resultados-de-becas-particulares\/#primaryimage"},"thumbnailUrl":"https:\/\/fuentesfidedignas.com.mx\/wp-content\/uploads\/2022\/09\/becas.jpeg","datePublished":"2022-09-15T19:46:16+00:00","dateModified":"2022-09-15T19:46:19+00:00","breadcrumb":{"@id":"https:\/\/fuentesfidedignas.com.mx\/index.php\/2022\/09\/15\/este-lunes-publicara-sepyc-los-resultados-de-becas-particulares\/#breadcrumb"},"inLanguage":"es","potentialAction":[{"@type":"ReadAction","target":["https:\/\/fuentesfidedignas.com.mx\/index.php\/2022\/09\/15\/este-lunes-publicara-sepyc-los-resultados-de-becas-particulares\/"]}]},{"@type":"ImageObject","inLanguage":"es","@id":"https:\/\/fuentesfidedignas.com.mx\/index.php\/2022\/09\/15\/este-lunes-publicara-sepyc-los-resultados-de-becas-particulares\/#primaryimage","url":"https:\/\/fuentesfidedignas.com.mx\/wp-content\/uploads\/2022\/09\/becas.jpeg","contentUrl":"https:\/\/fuentesfidedignas.com.mx\/wp-content\/uploads\/2022\/09\/becas.jpeg","width":400,"height":225},{"@type":"BreadcrumbList","@id":"https:\/\/fuentesfidedignas.com.mx\/index.php\/2022\/09\/15\/este-lunes-publicara-sepyc-los-resultados-de-becas-particulares\/#breadcrumb","itemListElement":[{"@type":"ListItem","position":1,"name":"Inicio","item":"https:\/\/fuentesfidedignas.com.mx\/"},{"@type":"ListItem","position":2,"name":"Este lunes publicar\u00e1 Sepyc los resultados de Becas Particulares"}]},{"@type":"WebSite","@id":"https:\/\/fuentesfidedignas.com.mx\/#website","url":"https:\/\/fuentesfidedignas.com.mx\/","name":"Fuentes Fidedignas","description":"Otro sitio realizado con WordPress","publisher":{"@id":"https:\/\/fuentesfidedignas.com.mx\/#organization"},"potentialAction":[{"@type":"SearchAction","target":{"@type":"EntryPoint","urlTemplate":"https:\/\/fuentesfidedignas.com.mx\/?s={search_term_string}"},"query-input":{"@type":"PropertyValueSpecification","valueRequired":true,"valueName":"search_term_string"}}],"inLanguage":"es"},{"@type":"Organization","@id":"https:\/\/fuentesfidedignas.com.mx\/#organization","name":"Fuentes Fidedignas","url":"https:\/\/fuentesfidedignas.com.mx\/","logo":{"@type":"ImageObject","inLanguage":"es","@id":"https:\/\/fuentesfidedignas.com.mx\/#\/schema\/logo\/image\/","url":"https:\/\/fuentesfidedignas.com.mx\/wp-content\/uploads\/2021\/04\/logo-retina.png","contentUrl":"https:\/\/fuentesfidedignas.com.mx\/wp-content\/uploads\/2021\/04\/logo-retina.png","width":280,"height":51,"caption":"Fuentes Fidedignas"},"image":{"@id":"https:\/\/fuentesfidedignas.com.mx\/#\/schema\/logo\/image\/"},"sameAs":["https:\/\/www.facebook.com\/Fuentes-Fidedignas-368234489921644","https:\/\/x.com\/fidedignas"]},{"@type":"Person","@id":"https:\/\/fuentesfidedignas.com.mx\/#\/schema\/person\/331be9283d37198e2acd5750279085b0","name":"Redacci\u00f3n","image":{"@type":"ImageObject","inLanguage":"es","@id":"https:\/\/secure.gravatar.com\/avatar\/f6d8782c11d12b2d4ad3fbb6931aeab5309937a4d6cd2fc9cfaa28a6396a5aec?s=96&d=mm&r=g","url":"https:\/\/secure.gravatar.com\/avatar\/f6d8782c11d12b2d4ad3fbb6931aeab5309937a4d6cd2fc9cfaa28a6396a5aec?s=96&d=mm&r=g","contentUrl":"https:\/\/secure.gravatar.com\/avatar\/f6d8782c11d12b2d4ad3fbb6931aeab5309937a4d6cd2fc9cfaa28a6396a5aec?s=96&d=mm&r=g","caption":"Redacci\u00f3n"},"url":"https:\/\/fuentesfidedignas.com.mx\/index.php\/author\/redaccion\/"}]}},"_links":{"self":[{"href":"https:\/\/fuentesfidedignas.com.mx\/index.php\/wp-json\/wp\/v2\/posts\/42514","targetHints":{"allow":["GET"]}}],"collection":[{"href":"https:\/\/fuentesfidedignas.com.mx\/index.php\/wp-json\/wp\/v2\/posts"}],"about":[{"href":"https:\/\/fuentesfidedignas.com.mx\/index.php\/wp-json\/wp\/v2\/types\/post"}],"author":[{"embeddable":true,"href":"https:\/\/fuentesfidedignas.com.mx\/index.php\/wp-json\/wp\/v2\/users\/4"}],"replies":[{"embeddable":true,"href":"https:\/\/fuentesfidedignas.com.mx\/index.php\/wp-json\/wp\/v2\/comments?post=42514"}],"version-history":[{"count":1,"href":"https:\/\/fuentesfidedignas.com.mx\/index.php\/wp-json\/wp\/v2\/posts\/42514\/revisions"}],"predecessor-version":[{"id":42516,"href":"https:\/\/fuentesfidedignas.com.mx\/index.php\/wp-json\/wp\/v2\/posts\/42514\/revisions\/42516"}],"wp:featuredmedia":[{"embeddable":true,"href":"https:\/\/fuentesfidedignas.com.mx\/index.php\/wp-json\/wp\/v2\/media\/42515"}],"wp:attachment":[{"href":"https:\/\/fuentesfidedignas.com.mx\/index.php\/wp-json\/wp\/v2\/media?parent=42514"}],"wp:term":[{"taxonomy":"category","embeddable":true,"href":"https:\/\/fuentesfidedignas.com.mx\/index.php\/wp-json\/wp\/v2\/categories?post=42514"},{"taxonomy":"post_tag","embeddable":true,"href":"https:\/\/fuentesfidedignas.com.mx\/index.php\/wp-json\/wp\/v2\/tags?post=42514"}],"curies":[{"name":"wp","href":"https:\/\/api.w.org\/{rel}","templated":true}]}}