{"id":42507,"date":"2022-09-15T11:43:14","date_gmt":"2022-09-15T17:43:14","guid":{"rendered":"https:\/\/fuentesfidedignas.com.mx\/?p=42507"},"modified":"2022-09-15T11:45:37","modified_gmt":"2022-09-15T17:45:37","slug":"felix-gallardo-el-jefe-de-jefes-padece-cancer-tuberculosis-diabetes-y-otras-19-enfermedades","status":"publish","type":"post","link":"https:\/\/fuentesfidedignas.com.mx\/index.php\/2022\/09\/15\/felix-gallardo-el-jefe-de-jefes-padece-cancer-tuberculosis-diabetes-y-otras-19-enfermedades\/","title":{"rendered":"F\u00e9lix Gallardo, \u2018El jefe de jefes\u2019, padece c\u00e1ncer, tuberculosis, diabetes y otras 19 enfermedades"},"content":{"rendered":"\n<p><br><strong><em>Miguel \u00c1ngel F\u00e9lix Gallardo padece 22 enfermedades, entre ellas c\u00e1ncer de piel, tuberculosis, diabetes y neumon\u00eda, inform\u00f3 la SSPC<\/em><\/strong><\/p>\n\n\n\n<p>Ciudad de M\u00e9xico.- Miguel \u00c1ngel F\u00e9lix Gallardo, \u201c<em>El jefe de jefes<\/em>\u201d, de 76 a\u00f1os de edad y preso en el penal de Puente Grande, en Jalisco, <strong>padece 22 enfermedades<\/strong>, entre ellas, c\u00e1ncer de piel, tuberculosis, neumon\u00eda y diabetes, inform\u00f3 Rosa Icela Rodr\u00edguez, secretaria de<strong> Seguridad y Protecci\u00f3n Ciudadana <\/strong>(SSPC).<\/p>\n\n\n\n<p>El excapo padece de sordera izquierda y mala audici\u00f3n en el o\u00eddo derecho, atrofia del gl\u00f3bulo ocular derecho y glaucoma en el ojo izquierdo, hernia de disco, hipertrofia de pr\u00f3stata benigna, v\u00e9rtigo de larga evoluci\u00f3n, esofagitis, ansiedad y depresi\u00f3n cr\u00f3nicas, as\u00ed como hipertensi\u00f3n arterial.<\/p>\n\n\n\n<p>El exnarcotraficante sinaloense fue beneficiado con la prisi\u00f3n domiciliaria debido a todas las enfermedades que padece y que por su complejidad no puede recibir la atenci\u00f3n m\u00e9dica necesaria en el penal donde se encuentra recluido desde 1989.<\/p>\n\n\n\n<p>La <strong>Fiscal\u00eda General de la Rep\u00fablica<\/strong> (FGR) impugn\u00f3 la medida de prisi\u00f3n domiciliaria otorgada por un juez de Distrito de la Ciudad de M\u00e9xico. A F\u00e9lix Gallardo a\u00fan le faltan purgar 40 a\u00f1os de prisi\u00f3n.<\/p>\n\n\n\n<p>Hace unos d\u00edas, el presidente <strong>Andr\u00e9s Manuel L\u00f3pez Obrador<\/strong> dijo que debido al pobre estado de salud del exnarcotraficante, se le deb\u00eda conceder el recurso de la prisi\u00f3n domiciliaria pues en el reclusorio donde permanece preso no puede recibir la atenci\u00f3n m\u00e9dica especializada.<\/p>\n\n\n\n<p>En conferencia de prensa desde <strong>Palacio Nacional<\/strong>, el jefe del Ejecutivo federal dijo que se aprob\u00f3 que<strong> F\u00e9lix Gallardo<\/strong> porte un brazalete para poder ser monitoreado, en todo momento, por las autoridades federales.<\/p>\n\n\n\n<p>\u201c<em>Se determin\u00f3 esto porque se hizo un an\u00e1lisis m\u00e9dico y el se\u00f1or est\u00e1 verdaderamente mal de salud, tiene muchas enfermedades, est\u00e1 mal y no puede ser atendido en el reclusorio, tiene que ser atendido en una casa por su familia, va estar preso, tienen que aceptar el portar y brazalete a\u00fan estando enfermo<\/em>\u201d, dijo.<\/p>\n\n\n\n<p>Esta ma\u00f1ana, el mandatario federal dijo que en caso de que las autoridades decidan negarle el derecho a la prisi\u00f3n domiciliaria, su gobierno har\u00e1 lo posible para que pueda recibir la atenci\u00f3n necesaria seg\u00fan sus padecimientos.<\/p>\n\n\n\n<p>\u201c<em>Ya dimos instrucciones, y lo acaba de decir la secretaria (Rosa Icela Rodr\u00edguez), de brindarle la atenci\u00f3n m\u00e9dica, no en exclusiva, sino mejorar todos los servicios m\u00e9dicos de todas las c\u00e1rceles federales, ese es el acuerdo que tomamos<\/em>\u201d, indic\u00f3 <strong>L\u00f3pez Obrador<\/strong>.<\/p>\n\n\n\n<p>\u201c<em>Si se resuelve que se va a quedar y dada su situaci\u00f3n de salud, va a estar atendido en el caso de que proceda el recurso de la Fiscal\u00eda, es lo que quer\u00eda aclarar<\/em>\u201d, agreg\u00f3.<\/p>\n\n\n\n<p><\/p>\n\n\n\n<p><\/p>\n\n\n\n<p><\/p>\n\n\n\n<p><\/p>\n\n\n\n<p><\/p>\n\n\n\n<p><\/p>\n\n\n\n<p><\/p>\n","protected":false},"excerpt":{"rendered":"<p>Miguel \u00c1ngel F\u00e9lix Gallardo padece 22 enfermedades, entre ellas c\u00e1ncer de piel, tuberculosis, diabetes y neumon\u00eda, inform\u00f3 la SSPC Ciudad de M\u00e9xico.- Miguel \u00c1ngel F\u00e9lix Gallardo, \u201cEl jefe de jefes\u201d, de 76 a\u00f1os de edad y preso en el penal de Puente Grande, en Jalisco, padece 22 enfermedades, entre ellas, c\u00e1ncer de piel, tuberculosis, neumon\u00eda [&hellip;]<\/p>\n","protected":false},"author":5,"featured_media":42508,"comment_status":"open","ping_status":"open","sticky":false,"template":"","format":"standard","meta":{"tdm_status":"","tdm_grid_status":"","footnotes":""},"categories":[39],"tags":[],"class_list":{"0":"post-42507","1":"post","2":"type-post","3":"status-publish","4":"format-standard","5":"has-post-thumbnail","7":"category-noticias-nacionales"},"yoast_head":"<!-- This site is optimized with the Yoast SEO plugin v27.4 - https:\/\/yoast.com\/product\/yoast-seo-wordpress\/ -->\n<title>F\u00e9lix Gallardo, \u2018El jefe de jefes\u2019, padece c\u00e1ncer, tuberculosis, diabetes y otras 19 enfermedades - Fuentes Fidedignas<\/title>\n<meta name=\"robots\" content=\"index, follow, max-snippet:-1, max-image-preview:large, max-video-preview:-1\" \/>\n<link rel=\"canonical\" href=\"https:\/\/fuentesfidedignas.com.mx\/index.php\/2022\/09\/15\/felix-gallardo-el-jefe-de-jefes-padece-cancer-tuberculosis-diabetes-y-otras-19-enfermedades\/\" \/>\n<meta property=\"og:locale\" content=\"es_MX\" \/>\n<meta property=\"og:type\" content=\"article\" \/>\n<meta property=\"og:title\" content=\"F\u00e9lix Gallardo, \u2018El jefe de jefes\u2019, padece c\u00e1ncer, tuberculosis, diabetes y otras 19 enfermedades - Fuentes Fidedignas\" \/>\n<meta property=\"og:description\" content=\"Miguel \u00c1ngel F\u00e9lix Gallardo padece 22 enfermedades, entre ellas c\u00e1ncer de piel, tuberculosis, diabetes y neumon\u00eda, inform\u00f3 la SSPC Ciudad de M\u00e9xico.- Miguel \u00c1ngel F\u00e9lix Gallardo, \u201cEl jefe de jefes\u201d, de 76 a\u00f1os de edad y preso en el penal de Puente Grande, en Jalisco, padece 22 enfermedades, entre ellas, c\u00e1ncer de piel, tuberculosis, neumon\u00eda [&hellip;]\" \/>\n<meta property=\"og:url\" content=\"https:\/\/fuentesfidedignas.com.mx\/index.php\/2022\/09\/15\/felix-gallardo-el-jefe-de-jefes-padece-cancer-tuberculosis-diabetes-y-otras-19-enfermedades\/\" \/>\n<meta property=\"og:site_name\" content=\"Fuentes Fidedignas\" \/>\n<meta property=\"article:publisher\" content=\"https:\/\/www.facebook.com\/Fuentes-Fidedignas-368234489921644\" \/>\n<meta property=\"article:published_time\" content=\"2022-09-15T17:43:14+00:00\" \/>\n<meta property=\"article:modified_time\" content=\"2022-09-15T17:45:37+00:00\" \/>\n<meta property=\"og:image\" content=\"https:\/\/fuentesfidedignas.com.mx\/wp-content\/uploads\/2022\/09\/miguel.jpg\" \/>\n\t<meta property=\"og:image:width\" content=\"680\" \/>\n\t<meta property=\"og:image:height\" content=\"453\" \/>\n\t<meta property=\"og:image:type\" content=\"image\/jpeg\" \/>\n<meta name=\"author\" content=\"Forbes\" \/>\n<meta name=\"twitter:card\" content=\"summary_large_image\" \/>\n<meta name=\"twitter:creator\" content=\"@fidedignas\" \/>\n<meta name=\"twitter:site\" content=\"@fidedignas\" \/>\n<meta name=\"twitter:label1\" content=\"Escrito por\" \/>\n\t<meta name=\"twitter:data1\" content=\"Forbes\" \/>\n\t<meta name=\"twitter:label2\" content=\"Tiempo de lectura\" \/>\n\t<meta name=\"twitter:data2\" content=\"2 minutos\" \/>\n<script type=\"application\/ld+json\" class=\"yoast-schema-graph\">{\"@context\":\"https:\\\/\\\/schema.org\",\"@graph\":[{\"@type\":\"Article\",\"@id\":\"https:\\\/\\\/fuentesfidedignas.com.mx\\\/index.php\\\/2022\\\/09\\\/15\\\/felix-gallardo-el-jefe-de-jefes-padece-cancer-tuberculosis-diabetes-y-otras-19-enfermedades\\\/#article\",\"isPartOf\":{\"@id\":\"https:\\\/\\\/fuentesfidedignas.com.mx\\\/index.php\\\/2022\\\/09\\\/15\\\/felix-gallardo-el-jefe-de-jefes-padece-cancer-tuberculosis-diabetes-y-otras-19-enfermedades\\\/\"},\"author\":{\"name\":\"Forbes\",\"@id\":\"https:\\\/\\\/fuentesfidedignas.com.mx\\\/#\\\/schema\\\/person\\\/5623d53fe2e579d825b1679734abcc44\"},\"headline\":\"F\u00e9lix Gallardo, \u2018El jefe de jefes\u2019, padece c\u00e1ncer, tuberculosis, diabetes y otras 19 enfermedades\",\"datePublished\":\"2022-09-15T17:43:14+00:00\",\"dateModified\":\"2022-09-15T17:45:37+00:00\",\"mainEntityOfPage\":{\"@id\":\"https:\\\/\\\/fuentesfidedignas.com.mx\\\/index.php\\\/2022\\\/09\\\/15\\\/felix-gallardo-el-jefe-de-jefes-padece-cancer-tuberculosis-diabetes-y-otras-19-enfermedades\\\/\"},\"wordCount\":492,\"commentCount\":0,\"publisher\":{\"@id\":\"https:\\\/\\\/fuentesfidedignas.com.mx\\\/#organization\"},\"image\":{\"@id\":\"https:\\\/\\\/fuentesfidedignas.com.mx\\\/index.php\\\/2022\\\/09\\\/15\\\/felix-gallardo-el-jefe-de-jefes-padece-cancer-tuberculosis-diabetes-y-otras-19-enfermedades\\\/#primaryimage\"},\"thumbnailUrl\":\"https:\\\/\\\/fuentesfidedignas.com.mx\\\/wp-content\\\/uploads\\\/2022\\\/09\\\/miguel.jpg\",\"articleSection\":[\"NOTICIAS NACIONALES\"],\"inLanguage\":\"es\",\"potentialAction\":[{\"@type\":\"CommentAction\",\"name\":\"Comment\",\"target\":[\"https:\\\/\\\/fuentesfidedignas.com.mx\\\/index.php\\\/2022\\\/09\\\/15\\\/felix-gallardo-el-jefe-de-jefes-padece-cancer-tuberculosis-diabetes-y-otras-19-enfermedades\\\/#respond\"]}]},{\"@type\":\"WebPage\",\"@id\":\"https:\\\/\\\/fuentesfidedignas.com.mx\\\/index.php\\\/2022\\\/09\\\/15\\\/felix-gallardo-el-jefe-de-jefes-padece-cancer-tuberculosis-diabetes-y-otras-19-enfermedades\\\/\",\"url\":\"https:\\\/\\\/fuentesfidedignas.com.mx\\\/index.php\\\/2022\\\/09\\\/15\\\/felix-gallardo-el-jefe-de-jefes-padece-cancer-tuberculosis-diabetes-y-otras-19-enfermedades\\\/\",\"name\":\"F\u00e9lix Gallardo, \u2018El jefe de jefes\u2019, padece c\u00e1ncer, tuberculosis, diabetes y otras 19 enfermedades - Fuentes Fidedignas\",\"isPartOf\":{\"@id\":\"https:\\\/\\\/fuentesfidedignas.com.mx\\\/#website\"},\"primaryImageOfPage\":{\"@id\":\"https:\\\/\\\/fuentesfidedignas.com.mx\\\/index.php\\\/2022\\\/09\\\/15\\\/felix-gallardo-el-jefe-de-jefes-padece-cancer-tuberculosis-diabetes-y-otras-19-enfermedades\\\/#primaryimage\"},\"image\":{\"@id\":\"https:\\\/\\\/fuentesfidedignas.com.mx\\\/index.php\\\/2022\\\/09\\\/15\\\/felix-gallardo-el-jefe-de-jefes-padece-cancer-tuberculosis-diabetes-y-otras-19-enfermedades\\\/#primaryimage\"},\"thumbnailUrl\":\"https:\\\/\\\/fuentesfidedignas.com.mx\\\/wp-content\\\/uploads\\\/2022\\\/09\\\/miguel.jpg\",\"datePublished\":\"2022-09-15T17:43:14+00:00\",\"dateModified\":\"2022-09-15T17:45:37+00:00\",\"breadcrumb\":{\"@id\":\"https:\\\/\\\/fuentesfidedignas.com.mx\\\/index.php\\\/2022\\\/09\\\/15\\\/felix-gallardo-el-jefe-de-jefes-padece-cancer-tuberculosis-diabetes-y-otras-19-enfermedades\\\/#breadcrumb\"},\"inLanguage\":\"es\",\"potentialAction\":[{\"@type\":\"ReadAction\",\"target\":[\"https:\\\/\\\/fuentesfidedignas.com.mx\\\/index.php\\\/2022\\\/09\\\/15\\\/felix-gallardo-el-jefe-de-jefes-padece-cancer-tuberculosis-diabetes-y-otras-19-enfermedades\\\/\"]}]},{\"@type\":\"ImageObject\",\"inLanguage\":\"es\",\"@id\":\"https:\\\/\\\/fuentesfidedignas.com.mx\\\/index.php\\\/2022\\\/09\\\/15\\\/felix-gallardo-el-jefe-de-jefes-padece-cancer-tuberculosis-diabetes-y-otras-19-enfermedades\\\/#primaryimage\",\"url\":\"https:\\\/\\\/fuentesfidedignas.com.mx\\\/wp-content\\\/uploads\\\/2022\\\/09\\\/miguel.jpg\",\"contentUrl\":\"https:\\\/\\\/fuentesfidedignas.com.mx\\\/wp-content\\\/uploads\\\/2022\\\/09\\\/miguel.jpg\",\"width\":680,\"height\":453},{\"@type\":\"BreadcrumbList\",\"@id\":\"https:\\\/\\\/fuentesfidedignas.com.mx\\\/index.php\\\/2022\\\/09\\\/15\\\/felix-gallardo-el-jefe-de-jefes-padece-cancer-tuberculosis-diabetes-y-otras-19-enfermedades\\\/#breadcrumb\",\"itemListElement\":[{\"@type\":\"ListItem\",\"position\":1,\"name\":\"Inicio\",\"item\":\"https:\\\/\\\/fuentesfidedignas.com.mx\\\/\"},{\"@type\":\"ListItem\",\"position\":2,\"name\":\"F\u00e9lix Gallardo, \u2018El jefe de jefes\u2019, padece c\u00e1ncer, tuberculosis, diabetes y otras 19 enfermedades\"}]},{\"@type\":\"WebSite\",\"@id\":\"https:\\\/\\\/fuentesfidedignas.com.mx\\\/#website\",\"url\":\"https:\\\/\\\/fuentesfidedignas.com.mx\\\/\",\"name\":\"Fuentes Fidedignas\",\"description\":\"Otro sitio realizado con WordPress\",\"publisher\":{\"@id\":\"https:\\\/\\\/fuentesfidedignas.com.mx\\\/#organization\"},\"potentialAction\":[{\"@type\":\"SearchAction\",\"target\":{\"@type\":\"EntryPoint\",\"urlTemplate\":\"https:\\\/\\\/fuentesfidedignas.com.mx\\\/?s={search_term_string}\"},\"query-input\":{\"@type\":\"PropertyValueSpecification\",\"valueRequired\":true,\"valueName\":\"search_term_string\"}}],\"inLanguage\":\"es\"},{\"@type\":\"Organization\",\"@id\":\"https:\\\/\\\/fuentesfidedignas.com.mx\\\/#organization\",\"name\":\"Fuentes Fidedignas\",\"url\":\"https:\\\/\\\/fuentesfidedignas.com.mx\\\/\",\"logo\":{\"@type\":\"ImageObject\",\"inLanguage\":\"es\",\"@id\":\"https:\\\/\\\/fuentesfidedignas.com.mx\\\/#\\\/schema\\\/logo\\\/image\\\/\",\"url\":\"https:\\\/\\\/fuentesfidedignas.com.mx\\\/wp-content\\\/uploads\\\/2021\\\/04\\\/logo-retina.png\",\"contentUrl\":\"https:\\\/\\\/fuentesfidedignas.com.mx\\\/wp-content\\\/uploads\\\/2021\\\/04\\\/logo-retina.png\",\"width\":280,\"height\":51,\"caption\":\"Fuentes Fidedignas\"},\"image\":{\"@id\":\"https:\\\/\\\/fuentesfidedignas.com.mx\\\/#\\\/schema\\\/logo\\\/image\\\/\"},\"sameAs\":[\"https:\\\/\\\/www.facebook.com\\\/Fuentes-Fidedignas-368234489921644\",\"https:\\\/\\\/x.com\\\/fidedignas\"]},{\"@type\":\"Person\",\"@id\":\"https:\\\/\\\/fuentesfidedignas.com.mx\\\/#\\\/schema\\\/person\\\/5623d53fe2e579d825b1679734abcc44\",\"name\":\"Forbes\",\"image\":{\"@type\":\"ImageObject\",\"inLanguage\":\"es\",\"@id\":\"https:\\\/\\\/secure.gravatar.com\\\/avatar\\\/87ce3dd4e41e60c22a79c758614f01a6bc2469255fc936ec7b15efb9bb5cb66f?s=96&d=mm&r=g\",\"url\":\"https:\\\/\\\/secure.gravatar.com\\\/avatar\\\/87ce3dd4e41e60c22a79c758614f01a6bc2469255fc936ec7b15efb9bb5cb66f?s=96&d=mm&r=g\",\"contentUrl\":\"https:\\\/\\\/secure.gravatar.com\\\/avatar\\\/87ce3dd4e41e60c22a79c758614f01a6bc2469255fc936ec7b15efb9bb5cb66f?s=96&d=mm&r=g\",\"caption\":\"Forbes\"},\"url\":\"https:\\\/\\\/fuentesfidedignas.com.mx\\\/index.php\\\/author\\\/forbes\\\/\"}]}<\/script>\n<!-- \/ Yoast SEO plugin. -->","yoast_head_json":{"title":"F\u00e9lix Gallardo, \u2018El jefe de jefes\u2019, padece c\u00e1ncer, tuberculosis, diabetes y otras 19 enfermedades - Fuentes Fidedignas","robots":{"index":"index","follow":"follow","max-snippet":"max-snippet:-1","max-image-preview":"max-image-preview:large","max-video-preview":"max-video-preview:-1"},"canonical":"https:\/\/fuentesfidedignas.com.mx\/index.php\/2022\/09\/15\/felix-gallardo-el-jefe-de-jefes-padece-cancer-tuberculosis-diabetes-y-otras-19-enfermedades\/","og_locale":"es_MX","og_type":"article","og_title":"F\u00e9lix Gallardo, \u2018El jefe de jefes\u2019, padece c\u00e1ncer, tuberculosis, diabetes y otras 19 enfermedades - Fuentes Fidedignas","og_description":"Miguel \u00c1ngel F\u00e9lix Gallardo padece 22 enfermedades, entre ellas c\u00e1ncer de piel, tuberculosis, diabetes y neumon\u00eda, inform\u00f3 la SSPC Ciudad de M\u00e9xico.- Miguel \u00c1ngel F\u00e9lix Gallardo, \u201cEl jefe de jefes\u201d, de 76 a\u00f1os de edad y preso en el penal de Puente Grande, en Jalisco, padece 22 enfermedades, entre ellas, c\u00e1ncer de piel, tuberculosis, neumon\u00eda [&hellip;]","og_url":"https:\/\/fuentesfidedignas.com.mx\/index.php\/2022\/09\/15\/felix-gallardo-el-jefe-de-jefes-padece-cancer-tuberculosis-diabetes-y-otras-19-enfermedades\/","og_site_name":"Fuentes Fidedignas","article_publisher":"https:\/\/www.facebook.com\/Fuentes-Fidedignas-368234489921644","article_published_time":"2022-09-15T17:43:14+00:00","article_modified_time":"2022-09-15T17:45:37+00:00","og_image":[{"width":680,"height":453,"url":"https:\/\/fuentesfidedignas.com.mx\/wp-content\/uploads\/2022\/09\/miguel.jpg","type":"image\/jpeg"}],"author":"Forbes","twitter_card":"summary_large_image","twitter_creator":"@fidedignas","twitter_site":"@fidedignas","twitter_misc":{"Escrito por":"Forbes","Tiempo de lectura":"2 minutos"},"schema":{"@context":"https:\/\/schema.org","@graph":[{"@type":"Article","@id":"https:\/\/fuentesfidedignas.com.mx\/index.php\/2022\/09\/15\/felix-gallardo-el-jefe-de-jefes-padece-cancer-tuberculosis-diabetes-y-otras-19-enfermedades\/#article","isPartOf":{"@id":"https:\/\/fuentesfidedignas.com.mx\/index.php\/2022\/09\/15\/felix-gallardo-el-jefe-de-jefes-padece-cancer-tuberculosis-diabetes-y-otras-19-enfermedades\/"},"author":{"name":"Forbes","@id":"https:\/\/fuentesfidedignas.com.mx\/#\/schema\/person\/5623d53fe2e579d825b1679734abcc44"},"headline":"F\u00e9lix Gallardo, \u2018El jefe de jefes\u2019, padece c\u00e1ncer, tuberculosis, diabetes y otras 19 enfermedades","datePublished":"2022-09-15T17:43:14+00:00","dateModified":"2022-09-15T17:45:37+00:00","mainEntityOfPage":{"@id":"https:\/\/fuentesfidedignas.com.mx\/index.php\/2022\/09\/15\/felix-gallardo-el-jefe-de-jefes-padece-cancer-tuberculosis-diabetes-y-otras-19-enfermedades\/"},"wordCount":492,"commentCount":0,"publisher":{"@id":"https:\/\/fuentesfidedignas.com.mx\/#organization"},"image":{"@id":"https:\/\/fuentesfidedignas.com.mx\/index.php\/2022\/09\/15\/felix-gallardo-el-jefe-de-jefes-padece-cancer-tuberculosis-diabetes-y-otras-19-enfermedades\/#primaryimage"},"thumbnailUrl":"https:\/\/fuentesfidedignas.com.mx\/wp-content\/uploads\/2022\/09\/miguel.jpg","articleSection":["NOTICIAS NACIONALES"],"inLanguage":"es","potentialAction":[{"@type":"CommentAction","name":"Comment","target":["https:\/\/fuentesfidedignas.com.mx\/index.php\/2022\/09\/15\/felix-gallardo-el-jefe-de-jefes-padece-cancer-tuberculosis-diabetes-y-otras-19-enfermedades\/#respond"]}]},{"@type":"WebPage","@id":"https:\/\/fuentesfidedignas.com.mx\/index.php\/2022\/09\/15\/felix-gallardo-el-jefe-de-jefes-padece-cancer-tuberculosis-diabetes-y-otras-19-enfermedades\/","url":"https:\/\/fuentesfidedignas.com.mx\/index.php\/2022\/09\/15\/felix-gallardo-el-jefe-de-jefes-padece-cancer-tuberculosis-diabetes-y-otras-19-enfermedades\/","name":"F\u00e9lix Gallardo, \u2018El jefe de jefes\u2019, padece c\u00e1ncer, tuberculosis, diabetes y otras 19 enfermedades - Fuentes Fidedignas","isPartOf":{"@id":"https:\/\/fuentesfidedignas.com.mx\/#website"},"primaryImageOfPage":{"@id":"https:\/\/fuentesfidedignas.com.mx\/index.php\/2022\/09\/15\/felix-gallardo-el-jefe-de-jefes-padece-cancer-tuberculosis-diabetes-y-otras-19-enfermedades\/#primaryimage"},"image":{"@id":"https:\/\/fuentesfidedignas.com.mx\/index.php\/2022\/09\/15\/felix-gallardo-el-jefe-de-jefes-padece-cancer-tuberculosis-diabetes-y-otras-19-enfermedades\/#primaryimage"},"thumbnailUrl":"https:\/\/fuentesfidedignas.com.mx\/wp-content\/uploads\/2022\/09\/miguel.jpg","datePublished":"2022-09-15T17:43:14+00:00","dateModified":"2022-09-15T17:45:37+00:00","breadcrumb":{"@id":"https:\/\/fuentesfidedignas.com.mx\/index.php\/2022\/09\/15\/felix-gallardo-el-jefe-de-jefes-padece-cancer-tuberculosis-diabetes-y-otras-19-enfermedades\/#breadcrumb"},"inLanguage":"es","potentialAction":[{"@type":"ReadAction","target":["https:\/\/fuentesfidedignas.com.mx\/index.php\/2022\/09\/15\/felix-gallardo-el-jefe-de-jefes-padece-cancer-tuberculosis-diabetes-y-otras-19-enfermedades\/"]}]},{"@type":"ImageObject","inLanguage":"es","@id":"https:\/\/fuentesfidedignas.com.mx\/index.php\/2022\/09\/15\/felix-gallardo-el-jefe-de-jefes-padece-cancer-tuberculosis-diabetes-y-otras-19-enfermedades\/#primaryimage","url":"https:\/\/fuentesfidedignas.com.mx\/wp-content\/uploads\/2022\/09\/miguel.jpg","contentUrl":"https:\/\/fuentesfidedignas.com.mx\/wp-content\/uploads\/2022\/09\/miguel.jpg","width":680,"height":453},{"@type":"BreadcrumbList","@id":"https:\/\/fuentesfidedignas.com.mx\/index.php\/2022\/09\/15\/felix-gallardo-el-jefe-de-jefes-padece-cancer-tuberculosis-diabetes-y-otras-19-enfermedades\/#breadcrumb","itemListElement":[{"@type":"ListItem","position":1,"name":"Inicio","item":"https:\/\/fuentesfidedignas.com.mx\/"},{"@type":"ListItem","position":2,"name":"F\u00e9lix Gallardo, \u2018El jefe de jefes\u2019, padece c\u00e1ncer, tuberculosis, diabetes y otras 19 enfermedades"}]},{"@type":"WebSite","@id":"https:\/\/fuentesfidedignas.com.mx\/#website","url":"https:\/\/fuentesfidedignas.com.mx\/","name":"Fuentes Fidedignas","description":"Otro sitio realizado con WordPress","publisher":{"@id":"https:\/\/fuentesfidedignas.com.mx\/#organization"},"potentialAction":[{"@type":"SearchAction","target":{"@type":"EntryPoint","urlTemplate":"https:\/\/fuentesfidedignas.com.mx\/?s={search_term_string}"},"query-input":{"@type":"PropertyValueSpecification","valueRequired":true,"valueName":"search_term_string"}}],"inLanguage":"es"},{"@type":"Organization","@id":"https:\/\/fuentesfidedignas.com.mx\/#organization","name":"Fuentes Fidedignas","url":"https:\/\/fuentesfidedignas.com.mx\/","logo":{"@type":"ImageObject","inLanguage":"es","@id":"https:\/\/fuentesfidedignas.com.mx\/#\/schema\/logo\/image\/","url":"https:\/\/fuentesfidedignas.com.mx\/wp-content\/uploads\/2021\/04\/logo-retina.png","contentUrl":"https:\/\/fuentesfidedignas.com.mx\/wp-content\/uploads\/2021\/04\/logo-retina.png","width":280,"height":51,"caption":"Fuentes Fidedignas"},"image":{"@id":"https:\/\/fuentesfidedignas.com.mx\/#\/schema\/logo\/image\/"},"sameAs":["https:\/\/www.facebook.com\/Fuentes-Fidedignas-368234489921644","https:\/\/x.com\/fidedignas"]},{"@type":"Person","@id":"https:\/\/fuentesfidedignas.com.mx\/#\/schema\/person\/5623d53fe2e579d825b1679734abcc44","name":"Forbes","image":{"@type":"ImageObject","inLanguage":"es","@id":"https:\/\/secure.gravatar.com\/avatar\/87ce3dd4e41e60c22a79c758614f01a6bc2469255fc936ec7b15efb9bb5cb66f?s=96&d=mm&r=g","url":"https:\/\/secure.gravatar.com\/avatar\/87ce3dd4e41e60c22a79c758614f01a6bc2469255fc936ec7b15efb9bb5cb66f?s=96&d=mm&r=g","contentUrl":"https:\/\/secure.gravatar.com\/avatar\/87ce3dd4e41e60c22a79c758614f01a6bc2469255fc936ec7b15efb9bb5cb66f?s=96&d=mm&r=g","caption":"Forbes"},"url":"https:\/\/fuentesfidedignas.com.mx\/index.php\/author\/forbes\/"}]}},"_links":{"self":[{"href":"https:\/\/fuentesfidedignas.com.mx\/index.php\/wp-json\/wp\/v2\/posts\/42507","targetHints":{"allow":["GET"]}}],"collection":[{"href":"https:\/\/fuentesfidedignas.com.mx\/index.php\/wp-json\/wp\/v2\/posts"}],"about":[{"href":"https:\/\/fuentesfidedignas.com.mx\/index.php\/wp-json\/wp\/v2\/types\/post"}],"author":[{"embeddable":true,"href":"https:\/\/fuentesfidedignas.com.mx\/index.php\/wp-json\/wp\/v2\/users\/5"}],"replies":[{"embeddable":true,"href":"https:\/\/fuentesfidedignas.com.mx\/index.php\/wp-json\/wp\/v2\/comments?post=42507"}],"version-history":[{"count":1,"href":"https:\/\/fuentesfidedignas.com.mx\/index.php\/wp-json\/wp\/v2\/posts\/42507\/revisions"}],"predecessor-version":[{"id":42509,"href":"https:\/\/fuentesfidedignas.com.mx\/index.php\/wp-json\/wp\/v2\/posts\/42507\/revisions\/42509"}],"wp:featuredmedia":[{"embeddable":true,"href":"https:\/\/fuentesfidedignas.com.mx\/index.php\/wp-json\/wp\/v2\/media\/42508"}],"wp:attachment":[{"href":"https:\/\/fuentesfidedignas.com.mx\/index.php\/wp-json\/wp\/v2\/media?parent=42507"}],"wp:term":[{"taxonomy":"category","embeddable":true,"href":"https:\/\/fuentesfidedignas.com.mx\/index.php\/wp-json\/wp\/v2\/categories?post=42507"},{"taxonomy":"post_tag","embeddable":true,"href":"https:\/\/fuentesfidedignas.com.mx\/index.php\/wp-json\/wp\/v2\/tags?post=42507"}],"curies":[{"name":"wp","href":"https:\/\/api.w.org\/{rel}","templated":true}]}}