{"id":42490,"date":"2022-09-15T10:38:17","date_gmt":"2022-09-15T16:38:17","guid":{"rendered":"https:\/\/fuentesfidedignas.com.mx\/?p=42490"},"modified":"2022-09-15T10:38:20","modified_gmt":"2022-09-15T16:38:20","slug":"mueren-dos-jovenes-en-una-barberia-estallo-la-secadora-de-cabello","status":"publish","type":"post","link":"https:\/\/fuentesfidedignas.com.mx\/index.php\/2022\/09\/15\/mueren-dos-jovenes-en-una-barberia-estallo-la-secadora-de-cabello\/","title":{"rendered":"Mueren dos j\u00f3venes en una barber\u00eda: estall\u00f3 la secadora de cabello"},"content":{"rendered":"\n<p>Creen que la mala calidad en el sistema de ventilaci\u00f3n de la barber\u00eda hizo que el qu\u00edmico usado como loci\u00f3n se infiltrara en la secadora de cabello<\/p>\n\n\n\n<p>Hay materiales que circulan en internet que son sumamente perturbadores. Esos por los que se les pide a la audiencia tener discreci\u00f3n. contenido fuerte.&nbsp;<\/p>\n\n\n\n<p>\u00c9ste es uno de ellos. Im\u00e1genes inquietantes muestran el momento en que explot\u00f3 una secadora de cabello, lo que provoc\u00f3 un incendio en una barber\u00eda, lo que finalmente cobr\u00f3 la vida de dos hombres.<\/p>\n\n\n\n<p>El impactante incidente tuvo lugar en julio, cuando un peluquero llamado Ashraful Islam cortaba el pelo a un cliente en una barber\u00eda en Kanchpur, Bangladesh, inform\u00f3 Jam Press.<\/p>\n\n\n\n<p>Se observa al peluquero enchufando una secadora de pelo en un contacto&nbsp;en la pared, antes de encenderlo y apagarlo. Luego procede a usar el dispositivo para secar el cabello del cliente, llamado Hridoy Hasan, momento en el que explota. En un instante, tanto la barber\u00eda como los dos hombres se ven envueltos en fuego como si hubieran sido alcanzados por un lanzallamas.<\/p>\n\n\n\n<p>WARNING. IM\u00c1GENES FUERTES, SE RECOMIENDA DISCRECI\u00d3N<\/p>\n\n\n\n<figure class=\"wp-block-embed is-type-rich is-provider-twitter wp-block-embed-twitter\"><div class=\"wp-block-embed__wrapper\">\n<blockquote class=\"twitter-tweet\" data-width=\"550\" data-dnt=\"true\"><p lang=\"es\" dir=\"ltr\">Por fin lleg\u00f3 mi nuevo secador de <a href=\"https:\/\/twitter.com\/AliExpressES?ref_src=twsrc%5Etfw\">@AliExpressES<\/a> <a href=\"https:\/\/t.co\/xc4cF23GfK\">pic.twitter.com\/xc4cF23GfK<\/a><\/p>&mdash; ArcadeRider | BackStreetBoy (@ArcadeRider) <a href=\"https:\/\/twitter.com\/ArcadeRider\/status\/1567393255930691585?ref_src=twsrc%5Etfw\">September 7, 2022<\/a><\/blockquote><script async src=\"https:\/\/platform.twitter.com\/widgets.js\" charset=\"utf-8\"><\/script>\n<\/div><\/figure>\n\n\n\n<p>El video termina con gemidos y una mujer gritando mientras el humo llena la habitaci\u00f3n ardiente.<\/p>\n\n\n\n<p>Seg\u00fan los informes, ambas v\u00edctimas fueron trasladadas al Instituto Nacional de Quemaduras y Cirug\u00eda Pl\u00e1stica Sheikh Hasina, pero desafortunadamente sucumbieron a sus heridas.<\/p>\n\n\n\n<p>La causa del infierno que vivieron a\u00fan no ha sido aclarada; sin embargo, los expertos han atribuido el incendio al uso excesivo de loci\u00f3n para despu\u00e9s del afeitado a base de metanol.<\/p>\n\n\n\n<p>Creen que la mala calidad en el&nbsp;sistema de ventilaci\u00f3n de la barber\u00eda hizo que el qu\u00edmico se infiltrara en la secadora de cabello.<\/p>\n","protected":false},"excerpt":{"rendered":"<p>Creen que la mala calidad en el sistema de ventilaci\u00f3n de la barber\u00eda hizo que el qu\u00edmico usado como loci\u00f3n se infiltrara en la secadora de cabello Hay materiales que circulan en internet que son sumamente perturbadores. Esos por los que se les pide a la audiencia tener discreci\u00f3n. contenido fuerte.&nbsp; \u00c9ste es uno de [&hellip;]<\/p>\n","protected":false},"author":7,"featured_media":42491,"comment_status":"open","ping_status":"open","sticky":false,"template":"","format":"standard","meta":{"tdm_status":"","tdm_grid_status":"","footnotes":""},"categories":[40],"tags":[],"class_list":{"0":"post-42490","1":"post","2":"type-post","3":"status-publish","4":"format-standard","5":"has-post-thumbnail","7":"category-las-asombrosas"},"yoast_head":"<!-- This site is optimized with the Yoast SEO plugin v27.4 - https:\/\/yoast.com\/product\/yoast-seo-wordpress\/ -->\n<title>Mueren dos j\u00f3venes en una barber\u00eda: estall\u00f3 la secadora de cabello - Fuentes Fidedignas<\/title>\n<meta name=\"robots\" content=\"index, follow, max-snippet:-1, max-image-preview:large, max-video-preview:-1\" \/>\n<link rel=\"canonical\" href=\"https:\/\/fuentesfidedignas.com.mx\/index.php\/2022\/09\/15\/mueren-dos-jovenes-en-una-barberia-estallo-la-secadora-de-cabello\/\" \/>\n<meta property=\"og:locale\" content=\"es_MX\" \/>\n<meta property=\"og:type\" content=\"article\" \/>\n<meta property=\"og:title\" content=\"Mueren dos j\u00f3venes en una barber\u00eda: estall\u00f3 la secadora de cabello - Fuentes Fidedignas\" \/>\n<meta property=\"og:description\" content=\"Creen que la mala calidad en el sistema de ventilaci\u00f3n de la barber\u00eda hizo que el qu\u00edmico usado como loci\u00f3n se infiltrara en la secadora de cabello Hay materiales que circulan en internet que son sumamente perturbadores. Esos por los que se les pide a la audiencia tener discreci\u00f3n. contenido fuerte.&nbsp; \u00c9ste es uno de [&hellip;]\" \/>\n<meta property=\"og:url\" content=\"https:\/\/fuentesfidedignas.com.mx\/index.php\/2022\/09\/15\/mueren-dos-jovenes-en-una-barberia-estallo-la-secadora-de-cabello\/\" \/>\n<meta property=\"og:site_name\" content=\"Fuentes Fidedignas\" \/>\n<meta property=\"article:publisher\" content=\"https:\/\/www.facebook.com\/Fuentes-Fidedignas-368234489921644\" \/>\n<meta property=\"article:published_time\" content=\"2022-09-15T16:38:17+00:00\" \/>\n<meta property=\"article:modified_time\" content=\"2022-09-15T16:38:20+00:00\" \/>\n<meta property=\"og:image\" content=\"https:\/\/fuentesfidedignas.com.mx\/wp-content\/uploads\/2022\/09\/secadora.jpeg\" \/>\n\t<meta property=\"og:image:width\" content=\"800\" \/>\n\t<meta property=\"og:image:height\" content=\"600\" \/>\n\t<meta property=\"og:image:type\" content=\"image\/jpeg\" \/>\n<meta name=\"author\" content=\"Exc\u00e9lsior\" \/>\n<meta name=\"twitter:card\" content=\"summary_large_image\" \/>\n<meta name=\"twitter:creator\" content=\"@fidedignas\" \/>\n<meta name=\"twitter:site\" content=\"@fidedignas\" \/>\n<meta name=\"twitter:label1\" content=\"Escrito por\" \/>\n\t<meta name=\"twitter:data1\" content=\"Exc\u00e9lsior\" \/>\n\t<meta name=\"twitter:label2\" content=\"Tiempo de lectura\" \/>\n\t<meta name=\"twitter:data2\" content=\"2 minutos\" \/>\n<script type=\"application\/ld+json\" class=\"yoast-schema-graph\">{\"@context\":\"https:\\\/\\\/schema.org\",\"@graph\":[{\"@type\":\"Article\",\"@id\":\"https:\\\/\\\/fuentesfidedignas.com.mx\\\/index.php\\\/2022\\\/09\\\/15\\\/mueren-dos-jovenes-en-una-barberia-estallo-la-secadora-de-cabello\\\/#article\",\"isPartOf\":{\"@id\":\"https:\\\/\\\/fuentesfidedignas.com.mx\\\/index.php\\\/2022\\\/09\\\/15\\\/mueren-dos-jovenes-en-una-barberia-estallo-la-secadora-de-cabello\\\/\"},\"author\":{\"name\":\"Exc\u00e9lsior\",\"@id\":\"https:\\\/\\\/fuentesfidedignas.com.mx\\\/#\\\/schema\\\/person\\\/ec4edd1fbf5efa3e44fce34fe2787780\"},\"headline\":\"Mueren dos j\u00f3venes en una barber\u00eda: estall\u00f3 la secadora de cabello\",\"datePublished\":\"2022-09-15T16:38:17+00:00\",\"dateModified\":\"2022-09-15T16:38:20+00:00\",\"mainEntityOfPage\":{\"@id\":\"https:\\\/\\\/fuentesfidedignas.com.mx\\\/index.php\\\/2022\\\/09\\\/15\\\/mueren-dos-jovenes-en-una-barberia-estallo-la-secadora-de-cabello\\\/\"},\"wordCount\":354,\"commentCount\":0,\"publisher\":{\"@id\":\"https:\\\/\\\/fuentesfidedignas.com.mx\\\/#organization\"},\"image\":{\"@id\":\"https:\\\/\\\/fuentesfidedignas.com.mx\\\/index.php\\\/2022\\\/09\\\/15\\\/mueren-dos-jovenes-en-una-barberia-estallo-la-secadora-de-cabello\\\/#primaryimage\"},\"thumbnailUrl\":\"https:\\\/\\\/fuentesfidedignas.com.mx\\\/wp-content\\\/uploads\\\/2022\\\/09\\\/secadora.jpeg\",\"articleSection\":[\"LAS ASOMBROSAS\"],\"inLanguage\":\"es\",\"potentialAction\":[{\"@type\":\"CommentAction\",\"name\":\"Comment\",\"target\":[\"https:\\\/\\\/fuentesfidedignas.com.mx\\\/index.php\\\/2022\\\/09\\\/15\\\/mueren-dos-jovenes-en-una-barberia-estallo-la-secadora-de-cabello\\\/#respond\"]}]},{\"@type\":\"WebPage\",\"@id\":\"https:\\\/\\\/fuentesfidedignas.com.mx\\\/index.php\\\/2022\\\/09\\\/15\\\/mueren-dos-jovenes-en-una-barberia-estallo-la-secadora-de-cabello\\\/\",\"url\":\"https:\\\/\\\/fuentesfidedignas.com.mx\\\/index.php\\\/2022\\\/09\\\/15\\\/mueren-dos-jovenes-en-una-barberia-estallo-la-secadora-de-cabello\\\/\",\"name\":\"Mueren dos j\u00f3venes en una barber\u00eda: estall\u00f3 la secadora de cabello - Fuentes Fidedignas\",\"isPartOf\":{\"@id\":\"https:\\\/\\\/fuentesfidedignas.com.mx\\\/#website\"},\"primaryImageOfPage\":{\"@id\":\"https:\\\/\\\/fuentesfidedignas.com.mx\\\/index.php\\\/2022\\\/09\\\/15\\\/mueren-dos-jovenes-en-una-barberia-estallo-la-secadora-de-cabello\\\/#primaryimage\"},\"image\":{\"@id\":\"https:\\\/\\\/fuentesfidedignas.com.mx\\\/index.php\\\/2022\\\/09\\\/15\\\/mueren-dos-jovenes-en-una-barberia-estallo-la-secadora-de-cabello\\\/#primaryimage\"},\"thumbnailUrl\":\"https:\\\/\\\/fuentesfidedignas.com.mx\\\/wp-content\\\/uploads\\\/2022\\\/09\\\/secadora.jpeg\",\"datePublished\":\"2022-09-15T16:38:17+00:00\",\"dateModified\":\"2022-09-15T16:38:20+00:00\",\"breadcrumb\":{\"@id\":\"https:\\\/\\\/fuentesfidedignas.com.mx\\\/index.php\\\/2022\\\/09\\\/15\\\/mueren-dos-jovenes-en-una-barberia-estallo-la-secadora-de-cabello\\\/#breadcrumb\"},\"inLanguage\":\"es\",\"potentialAction\":[{\"@type\":\"ReadAction\",\"target\":[\"https:\\\/\\\/fuentesfidedignas.com.mx\\\/index.php\\\/2022\\\/09\\\/15\\\/mueren-dos-jovenes-en-una-barberia-estallo-la-secadora-de-cabello\\\/\"]}]},{\"@type\":\"ImageObject\",\"inLanguage\":\"es\",\"@id\":\"https:\\\/\\\/fuentesfidedignas.com.mx\\\/index.php\\\/2022\\\/09\\\/15\\\/mueren-dos-jovenes-en-una-barberia-estallo-la-secadora-de-cabello\\\/#primaryimage\",\"url\":\"https:\\\/\\\/fuentesfidedignas.com.mx\\\/wp-content\\\/uploads\\\/2022\\\/09\\\/secadora.jpeg\",\"contentUrl\":\"https:\\\/\\\/fuentesfidedignas.com.mx\\\/wp-content\\\/uploads\\\/2022\\\/09\\\/secadora.jpeg\",\"width\":800,\"height\":600},{\"@type\":\"BreadcrumbList\",\"@id\":\"https:\\\/\\\/fuentesfidedignas.com.mx\\\/index.php\\\/2022\\\/09\\\/15\\\/mueren-dos-jovenes-en-una-barberia-estallo-la-secadora-de-cabello\\\/#breadcrumb\",\"itemListElement\":[{\"@type\":\"ListItem\",\"position\":1,\"name\":\"Inicio\",\"item\":\"https:\\\/\\\/fuentesfidedignas.com.mx\\\/\"},{\"@type\":\"ListItem\",\"position\":2,\"name\":\"Mueren dos j\u00f3venes en una barber\u00eda: estall\u00f3 la secadora de cabello\"}]},{\"@type\":\"WebSite\",\"@id\":\"https:\\\/\\\/fuentesfidedignas.com.mx\\\/#website\",\"url\":\"https:\\\/\\\/fuentesfidedignas.com.mx\\\/\",\"name\":\"Fuentes Fidedignas\",\"description\":\"Otro sitio realizado con WordPress\",\"publisher\":{\"@id\":\"https:\\\/\\\/fuentesfidedignas.com.mx\\\/#organization\"},\"potentialAction\":[{\"@type\":\"SearchAction\",\"target\":{\"@type\":\"EntryPoint\",\"urlTemplate\":\"https:\\\/\\\/fuentesfidedignas.com.mx\\\/?s={search_term_string}\"},\"query-input\":{\"@type\":\"PropertyValueSpecification\",\"valueRequired\":true,\"valueName\":\"search_term_string\"}}],\"inLanguage\":\"es\"},{\"@type\":\"Organization\",\"@id\":\"https:\\\/\\\/fuentesfidedignas.com.mx\\\/#organization\",\"name\":\"Fuentes Fidedignas\",\"url\":\"https:\\\/\\\/fuentesfidedignas.com.mx\\\/\",\"logo\":{\"@type\":\"ImageObject\",\"inLanguage\":\"es\",\"@id\":\"https:\\\/\\\/fuentesfidedignas.com.mx\\\/#\\\/schema\\\/logo\\\/image\\\/\",\"url\":\"https:\\\/\\\/fuentesfidedignas.com.mx\\\/wp-content\\\/uploads\\\/2021\\\/04\\\/logo-retina.png\",\"contentUrl\":\"https:\\\/\\\/fuentesfidedignas.com.mx\\\/wp-content\\\/uploads\\\/2021\\\/04\\\/logo-retina.png\",\"width\":280,\"height\":51,\"caption\":\"Fuentes Fidedignas\"},\"image\":{\"@id\":\"https:\\\/\\\/fuentesfidedignas.com.mx\\\/#\\\/schema\\\/logo\\\/image\\\/\"},\"sameAs\":[\"https:\\\/\\\/www.facebook.com\\\/Fuentes-Fidedignas-368234489921644\",\"https:\\\/\\\/x.com\\\/fidedignas\"]},{\"@type\":\"Person\",\"@id\":\"https:\\\/\\\/fuentesfidedignas.com.mx\\\/#\\\/schema\\\/person\\\/ec4edd1fbf5efa3e44fce34fe2787780\",\"name\":\"Exc\u00e9lsior\",\"image\":{\"@type\":\"ImageObject\",\"inLanguage\":\"es\",\"@id\":\"https:\\\/\\\/secure.gravatar.com\\\/avatar\\\/4b7ee9206b48be08447852b3f0814dbc7c0f3b51541b164f1464a2725614020b?s=96&d=mm&r=g\",\"url\":\"https:\\\/\\\/secure.gravatar.com\\\/avatar\\\/4b7ee9206b48be08447852b3f0814dbc7c0f3b51541b164f1464a2725614020b?s=96&d=mm&r=g\",\"contentUrl\":\"https:\\\/\\\/secure.gravatar.com\\\/avatar\\\/4b7ee9206b48be08447852b3f0814dbc7c0f3b51541b164f1464a2725614020b?s=96&d=mm&r=g\",\"caption\":\"Exc\u00e9lsior\"},\"url\":\"https:\\\/\\\/fuentesfidedignas.com.mx\\\/index.php\\\/author\\\/excelsior\\\/\"}]}<\/script>\n<!-- \/ Yoast SEO plugin. -->","yoast_head_json":{"title":"Mueren dos j\u00f3venes en una barber\u00eda: estall\u00f3 la secadora de cabello - Fuentes Fidedignas","robots":{"index":"index","follow":"follow","max-snippet":"max-snippet:-1","max-image-preview":"max-image-preview:large","max-video-preview":"max-video-preview:-1"},"canonical":"https:\/\/fuentesfidedignas.com.mx\/index.php\/2022\/09\/15\/mueren-dos-jovenes-en-una-barberia-estallo-la-secadora-de-cabello\/","og_locale":"es_MX","og_type":"article","og_title":"Mueren dos j\u00f3venes en una barber\u00eda: estall\u00f3 la secadora de cabello - Fuentes Fidedignas","og_description":"Creen que la mala calidad en el sistema de ventilaci\u00f3n de la barber\u00eda hizo que el qu\u00edmico usado como loci\u00f3n se infiltrara en la secadora de cabello Hay materiales que circulan en internet que son sumamente perturbadores. Esos por los que se les pide a la audiencia tener discreci\u00f3n. contenido fuerte.&nbsp; \u00c9ste es uno de [&hellip;]","og_url":"https:\/\/fuentesfidedignas.com.mx\/index.php\/2022\/09\/15\/mueren-dos-jovenes-en-una-barberia-estallo-la-secadora-de-cabello\/","og_site_name":"Fuentes Fidedignas","article_publisher":"https:\/\/www.facebook.com\/Fuentes-Fidedignas-368234489921644","article_published_time":"2022-09-15T16:38:17+00:00","article_modified_time":"2022-09-15T16:38:20+00:00","og_image":[{"width":800,"height":600,"url":"https:\/\/fuentesfidedignas.com.mx\/wp-content\/uploads\/2022\/09\/secadora.jpeg","type":"image\/jpeg"}],"author":"Exc\u00e9lsior","twitter_card":"summary_large_image","twitter_creator":"@fidedignas","twitter_site":"@fidedignas","twitter_misc":{"Escrito por":"Exc\u00e9lsior","Tiempo de lectura":"2 minutos"},"schema":{"@context":"https:\/\/schema.org","@graph":[{"@type":"Article","@id":"https:\/\/fuentesfidedignas.com.mx\/index.php\/2022\/09\/15\/mueren-dos-jovenes-en-una-barberia-estallo-la-secadora-de-cabello\/#article","isPartOf":{"@id":"https:\/\/fuentesfidedignas.com.mx\/index.php\/2022\/09\/15\/mueren-dos-jovenes-en-una-barberia-estallo-la-secadora-de-cabello\/"},"author":{"name":"Exc\u00e9lsior","@id":"https:\/\/fuentesfidedignas.com.mx\/#\/schema\/person\/ec4edd1fbf5efa3e44fce34fe2787780"},"headline":"Mueren dos j\u00f3venes en una barber\u00eda: estall\u00f3 la secadora de cabello","datePublished":"2022-09-15T16:38:17+00:00","dateModified":"2022-09-15T16:38:20+00:00","mainEntityOfPage":{"@id":"https:\/\/fuentesfidedignas.com.mx\/index.php\/2022\/09\/15\/mueren-dos-jovenes-en-una-barberia-estallo-la-secadora-de-cabello\/"},"wordCount":354,"commentCount":0,"publisher":{"@id":"https:\/\/fuentesfidedignas.com.mx\/#organization"},"image":{"@id":"https:\/\/fuentesfidedignas.com.mx\/index.php\/2022\/09\/15\/mueren-dos-jovenes-en-una-barberia-estallo-la-secadora-de-cabello\/#primaryimage"},"thumbnailUrl":"https:\/\/fuentesfidedignas.com.mx\/wp-content\/uploads\/2022\/09\/secadora.jpeg","articleSection":["LAS ASOMBROSAS"],"inLanguage":"es","potentialAction":[{"@type":"CommentAction","name":"Comment","target":["https:\/\/fuentesfidedignas.com.mx\/index.php\/2022\/09\/15\/mueren-dos-jovenes-en-una-barberia-estallo-la-secadora-de-cabello\/#respond"]}]},{"@type":"WebPage","@id":"https:\/\/fuentesfidedignas.com.mx\/index.php\/2022\/09\/15\/mueren-dos-jovenes-en-una-barberia-estallo-la-secadora-de-cabello\/","url":"https:\/\/fuentesfidedignas.com.mx\/index.php\/2022\/09\/15\/mueren-dos-jovenes-en-una-barberia-estallo-la-secadora-de-cabello\/","name":"Mueren dos j\u00f3venes en una barber\u00eda: estall\u00f3 la secadora de cabello - Fuentes Fidedignas","isPartOf":{"@id":"https:\/\/fuentesfidedignas.com.mx\/#website"},"primaryImageOfPage":{"@id":"https:\/\/fuentesfidedignas.com.mx\/index.php\/2022\/09\/15\/mueren-dos-jovenes-en-una-barberia-estallo-la-secadora-de-cabello\/#primaryimage"},"image":{"@id":"https:\/\/fuentesfidedignas.com.mx\/index.php\/2022\/09\/15\/mueren-dos-jovenes-en-una-barberia-estallo-la-secadora-de-cabello\/#primaryimage"},"thumbnailUrl":"https:\/\/fuentesfidedignas.com.mx\/wp-content\/uploads\/2022\/09\/secadora.jpeg","datePublished":"2022-09-15T16:38:17+00:00","dateModified":"2022-09-15T16:38:20+00:00","breadcrumb":{"@id":"https:\/\/fuentesfidedignas.com.mx\/index.php\/2022\/09\/15\/mueren-dos-jovenes-en-una-barberia-estallo-la-secadora-de-cabello\/#breadcrumb"},"inLanguage":"es","potentialAction":[{"@type":"ReadAction","target":["https:\/\/fuentesfidedignas.com.mx\/index.php\/2022\/09\/15\/mueren-dos-jovenes-en-una-barberia-estallo-la-secadora-de-cabello\/"]}]},{"@type":"ImageObject","inLanguage":"es","@id":"https:\/\/fuentesfidedignas.com.mx\/index.php\/2022\/09\/15\/mueren-dos-jovenes-en-una-barberia-estallo-la-secadora-de-cabello\/#primaryimage","url":"https:\/\/fuentesfidedignas.com.mx\/wp-content\/uploads\/2022\/09\/secadora.jpeg","contentUrl":"https:\/\/fuentesfidedignas.com.mx\/wp-content\/uploads\/2022\/09\/secadora.jpeg","width":800,"height":600},{"@type":"BreadcrumbList","@id":"https:\/\/fuentesfidedignas.com.mx\/index.php\/2022\/09\/15\/mueren-dos-jovenes-en-una-barberia-estallo-la-secadora-de-cabello\/#breadcrumb","itemListElement":[{"@type":"ListItem","position":1,"name":"Inicio","item":"https:\/\/fuentesfidedignas.com.mx\/"},{"@type":"ListItem","position":2,"name":"Mueren dos j\u00f3venes en una barber\u00eda: estall\u00f3 la secadora de cabello"}]},{"@type":"WebSite","@id":"https:\/\/fuentesfidedignas.com.mx\/#website","url":"https:\/\/fuentesfidedignas.com.mx\/","name":"Fuentes Fidedignas","description":"Otro sitio realizado con WordPress","publisher":{"@id":"https:\/\/fuentesfidedignas.com.mx\/#organization"},"potentialAction":[{"@type":"SearchAction","target":{"@type":"EntryPoint","urlTemplate":"https:\/\/fuentesfidedignas.com.mx\/?s={search_term_string}"},"query-input":{"@type":"PropertyValueSpecification","valueRequired":true,"valueName":"search_term_string"}}],"inLanguage":"es"},{"@type":"Organization","@id":"https:\/\/fuentesfidedignas.com.mx\/#organization","name":"Fuentes Fidedignas","url":"https:\/\/fuentesfidedignas.com.mx\/","logo":{"@type":"ImageObject","inLanguage":"es","@id":"https:\/\/fuentesfidedignas.com.mx\/#\/schema\/logo\/image\/","url":"https:\/\/fuentesfidedignas.com.mx\/wp-content\/uploads\/2021\/04\/logo-retina.png","contentUrl":"https:\/\/fuentesfidedignas.com.mx\/wp-content\/uploads\/2021\/04\/logo-retina.png","width":280,"height":51,"caption":"Fuentes Fidedignas"},"image":{"@id":"https:\/\/fuentesfidedignas.com.mx\/#\/schema\/logo\/image\/"},"sameAs":["https:\/\/www.facebook.com\/Fuentes-Fidedignas-368234489921644","https:\/\/x.com\/fidedignas"]},{"@type":"Person","@id":"https:\/\/fuentesfidedignas.com.mx\/#\/schema\/person\/ec4edd1fbf5efa3e44fce34fe2787780","name":"Exc\u00e9lsior","image":{"@type":"ImageObject","inLanguage":"es","@id":"https:\/\/secure.gravatar.com\/avatar\/4b7ee9206b48be08447852b3f0814dbc7c0f3b51541b164f1464a2725614020b?s=96&d=mm&r=g","url":"https:\/\/secure.gravatar.com\/avatar\/4b7ee9206b48be08447852b3f0814dbc7c0f3b51541b164f1464a2725614020b?s=96&d=mm&r=g","contentUrl":"https:\/\/secure.gravatar.com\/avatar\/4b7ee9206b48be08447852b3f0814dbc7c0f3b51541b164f1464a2725614020b?s=96&d=mm&r=g","caption":"Exc\u00e9lsior"},"url":"https:\/\/fuentesfidedignas.com.mx\/index.php\/author\/excelsior\/"}]}},"_links":{"self":[{"href":"https:\/\/fuentesfidedignas.com.mx\/index.php\/wp-json\/wp\/v2\/posts\/42490","targetHints":{"allow":["GET"]}}],"collection":[{"href":"https:\/\/fuentesfidedignas.com.mx\/index.php\/wp-json\/wp\/v2\/posts"}],"about":[{"href":"https:\/\/fuentesfidedignas.com.mx\/index.php\/wp-json\/wp\/v2\/types\/post"}],"author":[{"embeddable":true,"href":"https:\/\/fuentesfidedignas.com.mx\/index.php\/wp-json\/wp\/v2\/users\/7"}],"replies":[{"embeddable":true,"href":"https:\/\/fuentesfidedignas.com.mx\/index.php\/wp-json\/wp\/v2\/comments?post=42490"}],"version-history":[{"count":1,"href":"https:\/\/fuentesfidedignas.com.mx\/index.php\/wp-json\/wp\/v2\/posts\/42490\/revisions"}],"predecessor-version":[{"id":42492,"href":"https:\/\/fuentesfidedignas.com.mx\/index.php\/wp-json\/wp\/v2\/posts\/42490\/revisions\/42492"}],"wp:featuredmedia":[{"embeddable":true,"href":"https:\/\/fuentesfidedignas.com.mx\/index.php\/wp-json\/wp\/v2\/media\/42491"}],"wp:attachment":[{"href":"https:\/\/fuentesfidedignas.com.mx\/index.php\/wp-json\/wp\/v2\/media?parent=42490"}],"wp:term":[{"taxonomy":"category","embeddable":true,"href":"https:\/\/fuentesfidedignas.com.mx\/index.php\/wp-json\/wp\/v2\/categories?post=42490"},{"taxonomy":"post_tag","embeddable":true,"href":"https:\/\/fuentesfidedignas.com.mx\/index.php\/wp-json\/wp\/v2\/tags?post=42490"}],"curies":[{"name":"wp","href":"https:\/\/api.w.org\/{rel}","templated":true}]}}