{"id":42476,"date":"2022-09-14T17:50:00","date_gmt":"2022-09-14T23:50:00","guid":{"rendered":"https:\/\/fuentesfidedignas.com.mx\/?p=42476"},"modified":"2022-09-15T06:52:04","modified_gmt":"2022-09-15T12:52:04","slug":"iees-firma-convenio-cln-la-defensoria-publica-de-sinaloa","status":"publish","type":"post","link":"https:\/\/fuentesfidedignas.com.mx\/index.php\/2022\/09\/14\/iees-firma-convenio-cln-la-defensoria-publica-de-sinaloa\/","title":{"rendered":"IEES firma convenio cln la Defensor\u00eda P\u00fablica de Sinaloa"},"content":{"rendered":"\n<p>Culiac\u00e1n, Sin. El \u00d3rgano Interno de Control (OIC) del Instituto Electoral del Estado de Sinaloa (IEES) y el Instituto de la Defensor\u00eda P\u00fablica del Estado de Sinaloa suscribieron un convenio de colaboraci\u00f3n para establecer las acciones que permitan dar cumplimiento a lo previsto en la Ley de Responsabilidades Administrativas del Estado de Sinaloa, consistentes en garantizar el ejercicio del derecho a la defensa de probables responsables, nombr\u00e1ndoles un defensor(a) p\u00fablico(a) en los asuntos relacionados con faltas administrativas, cuando no cuenten con ello.<\/p>\n\n\n\n<p>De esta forma el Instituto de la Defensor\u00eda P\u00fablica se compromete a designar a profesionistas que presten servicio de defensa p\u00fablica, con la finalidad de que sean nombrados como defensores(as) p\u00fablicos(as), de probables responsables, en asuntos relacionados con faltas administrativas; as\u00ed como que los defensores(as) P\u00fablicos(as) seleccionados para representar a los probables responsables ante el OIC, efectuar\u00e1n los tr\u00e1mites y gestiones apegados a legalidad con el objetivo de ejercer una adecuada defensa.<\/p>\n\n\n\n<p>Se acord\u00f3 adem\u00e1s que dicho Instituto realizar\u00e1 las actividades de capacitaci\u00f3n que permita cumplir con los objetivos del presente convenio especificados en la cl\u00e1usula primera de este instrumento.<\/p>\n\n\n\n<p>As\u00ed tambi\u00e9n de proporcionar a los defensores p\u00fablicos designados por el Instituto, el acceso a los documentos que resulten necesarios para la oportuna defensa del presunto responsable en los procedimientos iniciados por la autoridad substanciadora del OIC.<\/p>\n\n\n\n<p>El convenio fue firmado por los titulares del Instituto de la Defensor\u00eda P\u00fablica del Estado de Sinaloa y del \u00d3rgano Interno de Control del Instituto Electoral del Estado de Sinaloa, Mar\u00eda Obdulia Fern\u00e1ndez Germ\u00e1n y Santiago Arturo Montoya F\u00e9lix, respectivamente; mientras que en calidad de testigos hicieron lo propio el Consejero Presidente del Instituto Electoral del Estado de Sinaloa, Arturo Fajardo Mej\u00eda; y la Jefa del Departamento Especializado en Justicia para Adolescentes, del Instituto de Defensor\u00eda, Yeli Karina Burgos Le\u00f3n.<\/p>\n\n\n\n<p>Estuvieron presentes tambi\u00e9n por parte del Instituto de la Defensor\u00eda P\u00fablica, el Jefe de Departamento Penal Tradicional, Alejandro Acu\u00f1a Montoya y la Jefa de Departamento Sistema Penal Acusatorio, Yaritza Faviola Machado Ureta.<\/p>\n\n\n\n<p>Adem\u00e1s asistieron las Consejeras y Consejeros Electorales: Gloria Icela Garc\u00eda Cuadras, Judith Gabriela L\u00f3pez Del Rinc\u00f3n, Marisol Quevedo Gonz\u00e1lez, Rafael Berm\u00fadez Soto, \u00d3scar S\u00e1nchez F\u00e9lix y Mart\u00edn Gonz\u00e1lez Burgos.<\/p>\n","protected":false},"excerpt":{"rendered":"<p>Culiac\u00e1n, Sin. El \u00d3rgano Interno de Control (OIC) del Instituto Electoral del Estado de Sinaloa (IEES) y el Instituto de la Defensor\u00eda P\u00fablica del Estado de Sinaloa suscribieron un convenio de colaboraci\u00f3n para establecer las acciones que permitan dar cumplimiento a lo previsto en la Ley de Responsabilidades Administrativas del Estado de Sinaloa, consistentes en [&hellip;]<\/p>\n","protected":false},"author":4,"featured_media":42478,"comment_status":"open","ping_status":"open","sticky":false,"template":"","format":"standard","meta":{"tdm_status":"","tdm_grid_status":"","footnotes":""},"categories":[38],"tags":[],"class_list":{"0":"post-42476","1":"post","2":"type-post","3":"status-publish","4":"format-standard","5":"has-post-thumbnail","7":"category-noticias-locales"},"yoast_head":"<!-- This site is optimized with the Yoast SEO plugin v27.5 - https:\/\/yoast.com\/product\/yoast-seo-wordpress\/ -->\n<title>IEES firma convenio cln la Defensor\u00eda P\u00fablica de Sinaloa - Fuentes Fidedignas<\/title>\n<meta name=\"robots\" content=\"index, follow, max-snippet:-1, max-image-preview:large, max-video-preview:-1\" \/>\n<link rel=\"canonical\" href=\"https:\/\/fuentesfidedignas.com.mx\/index.php\/2022\/09\/14\/iees-firma-convenio-cln-la-defensoria-publica-de-sinaloa\/\" \/>\n<meta property=\"og:locale\" content=\"es_MX\" \/>\n<meta property=\"og:type\" content=\"article\" \/>\n<meta property=\"og:title\" content=\"IEES firma convenio cln la Defensor\u00eda P\u00fablica de Sinaloa - Fuentes Fidedignas\" \/>\n<meta property=\"og:description\" content=\"Culiac\u00e1n, Sin. El \u00d3rgano Interno de Control (OIC) del Instituto Electoral del Estado de Sinaloa (IEES) y el Instituto de la Defensor\u00eda P\u00fablica del Estado de Sinaloa suscribieron un convenio de colaboraci\u00f3n para establecer las acciones que permitan dar cumplimiento a lo previsto en la Ley de Responsabilidades Administrativas del Estado de Sinaloa, consistentes en [&hellip;]\" \/>\n<meta property=\"og:url\" content=\"https:\/\/fuentesfidedignas.com.mx\/index.php\/2022\/09\/14\/iees-firma-convenio-cln-la-defensoria-publica-de-sinaloa\/\" \/>\n<meta property=\"og:site_name\" content=\"Fuentes Fidedignas\" \/>\n<meta property=\"article:publisher\" content=\"https:\/\/www.facebook.com\/Fuentes-Fidedignas-368234489921644\" \/>\n<meta property=\"article:published_time\" content=\"2022-09-14T23:50:00+00:00\" \/>\n<meta property=\"article:modified_time\" content=\"2022-09-15T12:52:04+00:00\" \/>\n<meta property=\"og:image\" content=\"https:\/\/fuentesfidedignas.com.mx\/wp-content\/uploads\/2022\/09\/1-2.jpeg\" \/>\n\t<meta property=\"og:image:width\" content=\"1280\" \/>\n\t<meta property=\"og:image:height\" content=\"853\" \/>\n\t<meta property=\"og:image:type\" content=\"image\/jpeg\" \/>\n<meta name=\"author\" content=\"Redacci\u00f3n\" \/>\n<meta name=\"twitter:card\" content=\"summary_large_image\" \/>\n<meta name=\"twitter:creator\" content=\"@fidedignas\" \/>\n<meta name=\"twitter:site\" content=\"@fidedignas\" \/>\n<meta name=\"twitter:label1\" content=\"Escrito por\" \/>\n\t<meta name=\"twitter:data1\" content=\"Redacci\u00f3n\" \/>\n\t<meta name=\"twitter:label2\" content=\"Tiempo de lectura\" \/>\n\t<meta name=\"twitter:data2\" content=\"2 minutos\" \/>\n<script type=\"application\/ld+json\" class=\"yoast-schema-graph\">{\"@context\":\"https:\\\/\\\/schema.org\",\"@graph\":[{\"@type\":\"Article\",\"@id\":\"https:\\\/\\\/fuentesfidedignas.com.mx\\\/index.php\\\/2022\\\/09\\\/14\\\/iees-firma-convenio-cln-la-defensoria-publica-de-sinaloa\\\/#article\",\"isPartOf\":{\"@id\":\"https:\\\/\\\/fuentesfidedignas.com.mx\\\/index.php\\\/2022\\\/09\\\/14\\\/iees-firma-convenio-cln-la-defensoria-publica-de-sinaloa\\\/\"},\"author\":{\"name\":\"Redacci\u00f3n\",\"@id\":\"https:\\\/\\\/fuentesfidedignas.com.mx\\\/#\\\/schema\\\/person\\\/331be9283d37198e2acd5750279085b0\"},\"headline\":\"IEES firma convenio cln la Defensor\u00eda P\u00fablica de Sinaloa\",\"datePublished\":\"2022-09-14T23:50:00+00:00\",\"dateModified\":\"2022-09-15T12:52:04+00:00\",\"mainEntityOfPage\":{\"@id\":\"https:\\\/\\\/fuentesfidedignas.com.mx\\\/index.php\\\/2022\\\/09\\\/14\\\/iees-firma-convenio-cln-la-defensoria-publica-de-sinaloa\\\/\"},\"wordCount\":418,\"commentCount\":0,\"publisher\":{\"@id\":\"https:\\\/\\\/fuentesfidedignas.com.mx\\\/#organization\"},\"image\":{\"@id\":\"https:\\\/\\\/fuentesfidedignas.com.mx\\\/index.php\\\/2022\\\/09\\\/14\\\/iees-firma-convenio-cln-la-defensoria-publica-de-sinaloa\\\/#primaryimage\"},\"thumbnailUrl\":\"https:\\\/\\\/fuentesfidedignas.com.mx\\\/wp-content\\\/uploads\\\/2022\\\/09\\\/1-2.jpeg\",\"articleSection\":[\"NOTICIAS LOCALES\"],\"inLanguage\":\"es\",\"potentialAction\":[{\"@type\":\"CommentAction\",\"name\":\"Comment\",\"target\":[\"https:\\\/\\\/fuentesfidedignas.com.mx\\\/index.php\\\/2022\\\/09\\\/14\\\/iees-firma-convenio-cln-la-defensoria-publica-de-sinaloa\\\/#respond\"]}]},{\"@type\":\"WebPage\",\"@id\":\"https:\\\/\\\/fuentesfidedignas.com.mx\\\/index.php\\\/2022\\\/09\\\/14\\\/iees-firma-convenio-cln-la-defensoria-publica-de-sinaloa\\\/\",\"url\":\"https:\\\/\\\/fuentesfidedignas.com.mx\\\/index.php\\\/2022\\\/09\\\/14\\\/iees-firma-convenio-cln-la-defensoria-publica-de-sinaloa\\\/\",\"name\":\"IEES firma convenio cln la Defensor\u00eda P\u00fablica de Sinaloa - Fuentes Fidedignas\",\"isPartOf\":{\"@id\":\"https:\\\/\\\/fuentesfidedignas.com.mx\\\/#website\"},\"primaryImageOfPage\":{\"@id\":\"https:\\\/\\\/fuentesfidedignas.com.mx\\\/index.php\\\/2022\\\/09\\\/14\\\/iees-firma-convenio-cln-la-defensoria-publica-de-sinaloa\\\/#primaryimage\"},\"image\":{\"@id\":\"https:\\\/\\\/fuentesfidedignas.com.mx\\\/index.php\\\/2022\\\/09\\\/14\\\/iees-firma-convenio-cln-la-defensoria-publica-de-sinaloa\\\/#primaryimage\"},\"thumbnailUrl\":\"https:\\\/\\\/fuentesfidedignas.com.mx\\\/wp-content\\\/uploads\\\/2022\\\/09\\\/1-2.jpeg\",\"datePublished\":\"2022-09-14T23:50:00+00:00\",\"dateModified\":\"2022-09-15T12:52:04+00:00\",\"breadcrumb\":{\"@id\":\"https:\\\/\\\/fuentesfidedignas.com.mx\\\/index.php\\\/2022\\\/09\\\/14\\\/iees-firma-convenio-cln-la-defensoria-publica-de-sinaloa\\\/#breadcrumb\"},\"inLanguage\":\"es\",\"potentialAction\":[{\"@type\":\"ReadAction\",\"target\":[\"https:\\\/\\\/fuentesfidedignas.com.mx\\\/index.php\\\/2022\\\/09\\\/14\\\/iees-firma-convenio-cln-la-defensoria-publica-de-sinaloa\\\/\"]}]},{\"@type\":\"ImageObject\",\"inLanguage\":\"es\",\"@id\":\"https:\\\/\\\/fuentesfidedignas.com.mx\\\/index.php\\\/2022\\\/09\\\/14\\\/iees-firma-convenio-cln-la-defensoria-publica-de-sinaloa\\\/#primaryimage\",\"url\":\"https:\\\/\\\/fuentesfidedignas.com.mx\\\/wp-content\\\/uploads\\\/2022\\\/09\\\/1-2.jpeg\",\"contentUrl\":\"https:\\\/\\\/fuentesfidedignas.com.mx\\\/wp-content\\\/uploads\\\/2022\\\/09\\\/1-2.jpeg\",\"width\":1280,\"height\":853},{\"@type\":\"BreadcrumbList\",\"@id\":\"https:\\\/\\\/fuentesfidedignas.com.mx\\\/index.php\\\/2022\\\/09\\\/14\\\/iees-firma-convenio-cln-la-defensoria-publica-de-sinaloa\\\/#breadcrumb\",\"itemListElement\":[{\"@type\":\"ListItem\",\"position\":1,\"name\":\"Inicio\",\"item\":\"https:\\\/\\\/fuentesfidedignas.com.mx\\\/\"},{\"@type\":\"ListItem\",\"position\":2,\"name\":\"IEES firma convenio cln la Defensor\u00eda P\u00fablica de Sinaloa\"}]},{\"@type\":\"WebSite\",\"@id\":\"https:\\\/\\\/fuentesfidedignas.com.mx\\\/#website\",\"url\":\"https:\\\/\\\/fuentesfidedignas.com.mx\\\/\",\"name\":\"Fuentes Fidedignas\",\"description\":\"Otro sitio realizado con WordPress\",\"publisher\":{\"@id\":\"https:\\\/\\\/fuentesfidedignas.com.mx\\\/#organization\"},\"potentialAction\":[{\"@type\":\"SearchAction\",\"target\":{\"@type\":\"EntryPoint\",\"urlTemplate\":\"https:\\\/\\\/fuentesfidedignas.com.mx\\\/?s={search_term_string}\"},\"query-input\":{\"@type\":\"PropertyValueSpecification\",\"valueRequired\":true,\"valueName\":\"search_term_string\"}}],\"inLanguage\":\"es\"},{\"@type\":\"Organization\",\"@id\":\"https:\\\/\\\/fuentesfidedignas.com.mx\\\/#organization\",\"name\":\"Fuentes Fidedignas\",\"url\":\"https:\\\/\\\/fuentesfidedignas.com.mx\\\/\",\"logo\":{\"@type\":\"ImageObject\",\"inLanguage\":\"es\",\"@id\":\"https:\\\/\\\/fuentesfidedignas.com.mx\\\/#\\\/schema\\\/logo\\\/image\\\/\",\"url\":\"https:\\\/\\\/fuentesfidedignas.com.mx\\\/wp-content\\\/uploads\\\/2021\\\/04\\\/logo-retina.png\",\"contentUrl\":\"https:\\\/\\\/fuentesfidedignas.com.mx\\\/wp-content\\\/uploads\\\/2021\\\/04\\\/logo-retina.png\",\"width\":280,\"height\":51,\"caption\":\"Fuentes Fidedignas\"},\"image\":{\"@id\":\"https:\\\/\\\/fuentesfidedignas.com.mx\\\/#\\\/schema\\\/logo\\\/image\\\/\"},\"sameAs\":[\"https:\\\/\\\/www.facebook.com\\\/Fuentes-Fidedignas-368234489921644\",\"https:\\\/\\\/x.com\\\/fidedignas\"]},{\"@type\":\"Person\",\"@id\":\"https:\\\/\\\/fuentesfidedignas.com.mx\\\/#\\\/schema\\\/person\\\/331be9283d37198e2acd5750279085b0\",\"name\":\"Redacci\u00f3n\",\"image\":{\"@type\":\"ImageObject\",\"inLanguage\":\"es\",\"@id\":\"https:\\\/\\\/secure.gravatar.com\\\/avatar\\\/f6d8782c11d12b2d4ad3fbb6931aeab5309937a4d6cd2fc9cfaa28a6396a5aec?s=96&d=mm&r=g\",\"url\":\"https:\\\/\\\/secure.gravatar.com\\\/avatar\\\/f6d8782c11d12b2d4ad3fbb6931aeab5309937a4d6cd2fc9cfaa28a6396a5aec?s=96&d=mm&r=g\",\"contentUrl\":\"https:\\\/\\\/secure.gravatar.com\\\/avatar\\\/f6d8782c11d12b2d4ad3fbb6931aeab5309937a4d6cd2fc9cfaa28a6396a5aec?s=96&d=mm&r=g\",\"caption\":\"Redacci\u00f3n\"},\"url\":\"https:\\\/\\\/fuentesfidedignas.com.mx\\\/index.php\\\/author\\\/redaccion\\\/\"}]}<\/script>\n<!-- \/ Yoast SEO plugin. -->","yoast_head_json":{"title":"IEES firma convenio cln la Defensor\u00eda P\u00fablica de Sinaloa - Fuentes Fidedignas","robots":{"index":"index","follow":"follow","max-snippet":"max-snippet:-1","max-image-preview":"max-image-preview:large","max-video-preview":"max-video-preview:-1"},"canonical":"https:\/\/fuentesfidedignas.com.mx\/index.php\/2022\/09\/14\/iees-firma-convenio-cln-la-defensoria-publica-de-sinaloa\/","og_locale":"es_MX","og_type":"article","og_title":"IEES firma convenio cln la Defensor\u00eda P\u00fablica de Sinaloa - Fuentes Fidedignas","og_description":"Culiac\u00e1n, Sin. El \u00d3rgano Interno de Control (OIC) del Instituto Electoral del Estado de Sinaloa (IEES) y el Instituto de la Defensor\u00eda P\u00fablica del Estado de Sinaloa suscribieron un convenio de colaboraci\u00f3n para establecer las acciones que permitan dar cumplimiento a lo previsto en la Ley de Responsabilidades Administrativas del Estado de Sinaloa, consistentes en [&hellip;]","og_url":"https:\/\/fuentesfidedignas.com.mx\/index.php\/2022\/09\/14\/iees-firma-convenio-cln-la-defensoria-publica-de-sinaloa\/","og_site_name":"Fuentes Fidedignas","article_publisher":"https:\/\/www.facebook.com\/Fuentes-Fidedignas-368234489921644","article_published_time":"2022-09-14T23:50:00+00:00","article_modified_time":"2022-09-15T12:52:04+00:00","og_image":[{"width":1280,"height":853,"url":"https:\/\/fuentesfidedignas.com.mx\/wp-content\/uploads\/2022\/09\/1-2.jpeg","type":"image\/jpeg"}],"author":"Redacci\u00f3n","twitter_card":"summary_large_image","twitter_creator":"@fidedignas","twitter_site":"@fidedignas","twitter_misc":{"Escrito por":"Redacci\u00f3n","Tiempo de lectura":"2 minutos"},"schema":{"@context":"https:\/\/schema.org","@graph":[{"@type":"Article","@id":"https:\/\/fuentesfidedignas.com.mx\/index.php\/2022\/09\/14\/iees-firma-convenio-cln-la-defensoria-publica-de-sinaloa\/#article","isPartOf":{"@id":"https:\/\/fuentesfidedignas.com.mx\/index.php\/2022\/09\/14\/iees-firma-convenio-cln-la-defensoria-publica-de-sinaloa\/"},"author":{"name":"Redacci\u00f3n","@id":"https:\/\/fuentesfidedignas.com.mx\/#\/schema\/person\/331be9283d37198e2acd5750279085b0"},"headline":"IEES firma convenio cln la Defensor\u00eda P\u00fablica de Sinaloa","datePublished":"2022-09-14T23:50:00+00:00","dateModified":"2022-09-15T12:52:04+00:00","mainEntityOfPage":{"@id":"https:\/\/fuentesfidedignas.com.mx\/index.php\/2022\/09\/14\/iees-firma-convenio-cln-la-defensoria-publica-de-sinaloa\/"},"wordCount":418,"commentCount":0,"publisher":{"@id":"https:\/\/fuentesfidedignas.com.mx\/#organization"},"image":{"@id":"https:\/\/fuentesfidedignas.com.mx\/index.php\/2022\/09\/14\/iees-firma-convenio-cln-la-defensoria-publica-de-sinaloa\/#primaryimage"},"thumbnailUrl":"https:\/\/fuentesfidedignas.com.mx\/wp-content\/uploads\/2022\/09\/1-2.jpeg","articleSection":["NOTICIAS LOCALES"],"inLanguage":"es","potentialAction":[{"@type":"CommentAction","name":"Comment","target":["https:\/\/fuentesfidedignas.com.mx\/index.php\/2022\/09\/14\/iees-firma-convenio-cln-la-defensoria-publica-de-sinaloa\/#respond"]}]},{"@type":"WebPage","@id":"https:\/\/fuentesfidedignas.com.mx\/index.php\/2022\/09\/14\/iees-firma-convenio-cln-la-defensoria-publica-de-sinaloa\/","url":"https:\/\/fuentesfidedignas.com.mx\/index.php\/2022\/09\/14\/iees-firma-convenio-cln-la-defensoria-publica-de-sinaloa\/","name":"IEES firma convenio cln la Defensor\u00eda P\u00fablica de Sinaloa - Fuentes Fidedignas","isPartOf":{"@id":"https:\/\/fuentesfidedignas.com.mx\/#website"},"primaryImageOfPage":{"@id":"https:\/\/fuentesfidedignas.com.mx\/index.php\/2022\/09\/14\/iees-firma-convenio-cln-la-defensoria-publica-de-sinaloa\/#primaryimage"},"image":{"@id":"https:\/\/fuentesfidedignas.com.mx\/index.php\/2022\/09\/14\/iees-firma-convenio-cln-la-defensoria-publica-de-sinaloa\/#primaryimage"},"thumbnailUrl":"https:\/\/fuentesfidedignas.com.mx\/wp-content\/uploads\/2022\/09\/1-2.jpeg","datePublished":"2022-09-14T23:50:00+00:00","dateModified":"2022-09-15T12:52:04+00:00","breadcrumb":{"@id":"https:\/\/fuentesfidedignas.com.mx\/index.php\/2022\/09\/14\/iees-firma-convenio-cln-la-defensoria-publica-de-sinaloa\/#breadcrumb"},"inLanguage":"es","potentialAction":[{"@type":"ReadAction","target":["https:\/\/fuentesfidedignas.com.mx\/index.php\/2022\/09\/14\/iees-firma-convenio-cln-la-defensoria-publica-de-sinaloa\/"]}]},{"@type":"ImageObject","inLanguage":"es","@id":"https:\/\/fuentesfidedignas.com.mx\/index.php\/2022\/09\/14\/iees-firma-convenio-cln-la-defensoria-publica-de-sinaloa\/#primaryimage","url":"https:\/\/fuentesfidedignas.com.mx\/wp-content\/uploads\/2022\/09\/1-2.jpeg","contentUrl":"https:\/\/fuentesfidedignas.com.mx\/wp-content\/uploads\/2022\/09\/1-2.jpeg","width":1280,"height":853},{"@type":"BreadcrumbList","@id":"https:\/\/fuentesfidedignas.com.mx\/index.php\/2022\/09\/14\/iees-firma-convenio-cln-la-defensoria-publica-de-sinaloa\/#breadcrumb","itemListElement":[{"@type":"ListItem","position":1,"name":"Inicio","item":"https:\/\/fuentesfidedignas.com.mx\/"},{"@type":"ListItem","position":2,"name":"IEES firma convenio cln la Defensor\u00eda P\u00fablica de Sinaloa"}]},{"@type":"WebSite","@id":"https:\/\/fuentesfidedignas.com.mx\/#website","url":"https:\/\/fuentesfidedignas.com.mx\/","name":"Fuentes Fidedignas","description":"Otro sitio realizado con WordPress","publisher":{"@id":"https:\/\/fuentesfidedignas.com.mx\/#organization"},"potentialAction":[{"@type":"SearchAction","target":{"@type":"EntryPoint","urlTemplate":"https:\/\/fuentesfidedignas.com.mx\/?s={search_term_string}"},"query-input":{"@type":"PropertyValueSpecification","valueRequired":true,"valueName":"search_term_string"}}],"inLanguage":"es"},{"@type":"Organization","@id":"https:\/\/fuentesfidedignas.com.mx\/#organization","name":"Fuentes Fidedignas","url":"https:\/\/fuentesfidedignas.com.mx\/","logo":{"@type":"ImageObject","inLanguage":"es","@id":"https:\/\/fuentesfidedignas.com.mx\/#\/schema\/logo\/image\/","url":"https:\/\/fuentesfidedignas.com.mx\/wp-content\/uploads\/2021\/04\/logo-retina.png","contentUrl":"https:\/\/fuentesfidedignas.com.mx\/wp-content\/uploads\/2021\/04\/logo-retina.png","width":280,"height":51,"caption":"Fuentes Fidedignas"},"image":{"@id":"https:\/\/fuentesfidedignas.com.mx\/#\/schema\/logo\/image\/"},"sameAs":["https:\/\/www.facebook.com\/Fuentes-Fidedignas-368234489921644","https:\/\/x.com\/fidedignas"]},{"@type":"Person","@id":"https:\/\/fuentesfidedignas.com.mx\/#\/schema\/person\/331be9283d37198e2acd5750279085b0","name":"Redacci\u00f3n","image":{"@type":"ImageObject","inLanguage":"es","@id":"https:\/\/secure.gravatar.com\/avatar\/f6d8782c11d12b2d4ad3fbb6931aeab5309937a4d6cd2fc9cfaa28a6396a5aec?s=96&d=mm&r=g","url":"https:\/\/secure.gravatar.com\/avatar\/f6d8782c11d12b2d4ad3fbb6931aeab5309937a4d6cd2fc9cfaa28a6396a5aec?s=96&d=mm&r=g","contentUrl":"https:\/\/secure.gravatar.com\/avatar\/f6d8782c11d12b2d4ad3fbb6931aeab5309937a4d6cd2fc9cfaa28a6396a5aec?s=96&d=mm&r=g","caption":"Redacci\u00f3n"},"url":"https:\/\/fuentesfidedignas.com.mx\/index.php\/author\/redaccion\/"}]}},"_links":{"self":[{"href":"https:\/\/fuentesfidedignas.com.mx\/index.php\/wp-json\/wp\/v2\/posts\/42476","targetHints":{"allow":["GET"]}}],"collection":[{"href":"https:\/\/fuentesfidedignas.com.mx\/index.php\/wp-json\/wp\/v2\/posts"}],"about":[{"href":"https:\/\/fuentesfidedignas.com.mx\/index.php\/wp-json\/wp\/v2\/types\/post"}],"author":[{"embeddable":true,"href":"https:\/\/fuentesfidedignas.com.mx\/index.php\/wp-json\/wp\/v2\/users\/4"}],"replies":[{"embeddable":true,"href":"https:\/\/fuentesfidedignas.com.mx\/index.php\/wp-json\/wp\/v2\/comments?post=42476"}],"version-history":[{"count":1,"href":"https:\/\/fuentesfidedignas.com.mx\/index.php\/wp-json\/wp\/v2\/posts\/42476\/revisions"}],"predecessor-version":[{"id":42477,"href":"https:\/\/fuentesfidedignas.com.mx\/index.php\/wp-json\/wp\/v2\/posts\/42476\/revisions\/42477"}],"wp:featuredmedia":[{"embeddable":true,"href":"https:\/\/fuentesfidedignas.com.mx\/index.php\/wp-json\/wp\/v2\/media\/42478"}],"wp:attachment":[{"href":"https:\/\/fuentesfidedignas.com.mx\/index.php\/wp-json\/wp\/v2\/media?parent=42476"}],"wp:term":[{"taxonomy":"category","embeddable":true,"href":"https:\/\/fuentesfidedignas.com.mx\/index.php\/wp-json\/wp\/v2\/categories?post=42476"},{"taxonomy":"post_tag","embeddable":true,"href":"https:\/\/fuentesfidedignas.com.mx\/index.php\/wp-json\/wp\/v2\/tags?post=42476"}],"curies":[{"name":"wp","href":"https:\/\/api.w.org\/{rel}","templated":true}]}}