{"id":42470,"date":"2022-09-15T06:35:47","date_gmt":"2022-09-15T12:35:47","guid":{"rendered":"https:\/\/fuentesfidedignas.com.mx\/?p=42470"},"modified":"2022-09-15T06:44:18","modified_gmt":"2022-09-15T12:44:18","slug":"la-uas-invita-a-disfrutar-en-familia-del-festival-de-fiestas-patrias","status":"publish","type":"post","link":"https:\/\/fuentesfidedignas.com.mx\/index.php\/2022\/09\/15\/la-uas-invita-a-disfrutar-en-familia-del-festival-de-fiestas-patrias\/","title":{"rendered":"La UAS invita a disfrutar en familia del Festival de Fiestas Patrias"},"content":{"rendered":"\n<figure class=\"wp-block-embed is-type-video is-provider-youtube wp-block-embed-youtube wp-embed-aspect-16-9 wp-has-aspect-ratio\"><div class=\"wp-block-embed__wrapper\">\n<iframe loading=\"lazy\" title=\"Rector invita a disfrutar en familia del Festival de Fiestas Patrias\" width=\"696\" height=\"392\" src=\"https:\/\/www.youtube.com\/embed\/1COl_VMUnwI?feature=oembed\" frameborder=\"0\" allow=\"accelerometer; autoplay; clipboard-write; encrypted-media; gyroscope; picture-in-picture\" allowfullscreen><\/iframe>\n<\/div><\/figure>\n\n\n\n<p><a href=\"https:\/\/m.facebook.com\/368234489921644\/posts\/pfbid0xr5Ux7Sq4m4gi8ae4iKfL7bHpv4nuxmugWL8tZZnDJvDWaFxCbovjnMX5hM63V36l\/\">https:\/\/m.facebook.com\/368234489921644\/posts\/pfbid0xr5Ux7Sq4m4gi8ae4iKfL7bHpv4nuxmugWL8tZZnDJvDWaFxCbovjnMX5hM63V36l\/<\/a><\/p>\n\n\n\n<p>El Rector de la Universidad Aut\u00f3noma de Sinaloa (UAS), doctor Jes\u00fas Madue\u00f1a Molina, invita a la comunidad universitaria y a la sociedad en general a disfrutar del Festival de Fiestas Patrias que se realizar\u00e1 este jueves 15 de septiembre en la explanada del Edificio Central con motivo de la Celebraci\u00f3n del 212 Aniversario del Grito de Independencia.<\/p>\n\n\n\n<p>Detall\u00f3 que en punto de las 18:30 horas iniciar\u00e1 esta festividad con la presentaci\u00f3n de la compa\u00f1\u00eda de Teatro Gui\u00f1ol, la participaci\u00f3n del Grupo del Jard\u00edn de Ni\u00f1os UAS, un ensamble folcl\u00f3rico y banda regional, adem\u00e1s habr\u00e1 espect\u00e1culo de pirotecnia y la presentaci\u00f3n estelar del Mariachi Fiesta de M\u00e9xico.<\/p>\n\n\n\n<p>Por primera vez la UAS cambia el formato de este evento y realizar\u00e1 una gran Kerm\u00e9s Mexicana a cargo de los estudiantes de la Facultad de Ciencias de la Nutrici\u00f3n y Gastronom\u00eda, quienes pondr\u00e1n a la venta platillos mexicanos diversos como pan de mujer, gorditas, flautas, chimichangas, chilaquiles, tacos de canasta, aguas frescas, entre otros antojitos.<\/p>\n\n\n\n<p>Madue\u00f1a Molina exhort\u00f3 a los universitarios y a todos los ciudadanos a que acudan a disfrutar en familia de este Festival que permitir\u00e1 fomentar las tradiciones y la cultura mexicana y de manera muy especial la uni\u00f3n familiar.<\/p>\n\n\n\n<p>Se contempla que el Rector emita un breve mensaje, presencie el festival y realice un recorrido por la Kerm\u00e9s Mexicana, para disfrutar de las diferentes amenidades que en esta ocasi\u00f3n ofrece la Universidad Aut\u00f3noma de Sinaloa.<\/p>\n","protected":false},"excerpt":{"rendered":"<p>https:\/\/m.facebook.com\/368234489921644\/posts\/pfbid0xr5Ux7Sq4m4gi8ae4iKfL7bHpv4nuxmugWL8tZZnDJvDWaFxCbovjnMX5hM63V36l\/ El Rector de la Universidad Aut\u00f3noma de Sinaloa (UAS), doctor Jes\u00fas Madue\u00f1a Molina, invita a la comunidad universitaria y a la sociedad en general a disfrutar del Festival de Fiestas Patrias que se realizar\u00e1 este jueves 15 de septiembre en la explanada del Edificio Central con motivo de la Celebraci\u00f3n del 212 Aniversario del [&hellip;]<\/p>\n","protected":false},"author":4,"featured_media":42472,"comment_status":"open","ping_status":"open","sticky":false,"template":"","format":"standard","meta":{"tdm_status":"","tdm_grid_status":"","footnotes":""},"categories":[38],"tags":[],"class_list":{"0":"post-42470","1":"post","2":"type-post","3":"status-publish","4":"format-standard","5":"has-post-thumbnail","7":"category-noticias-locales"},"yoast_head":"<!-- This site is optimized with the Yoast SEO plugin v27.5 - https:\/\/yoast.com\/product\/yoast-seo-wordpress\/ -->\n<title>La UAS invita a disfrutar en familia del Festival de Fiestas Patrias - Fuentes Fidedignas<\/title>\n<meta name=\"robots\" content=\"index, follow, max-snippet:-1, max-image-preview:large, max-video-preview:-1\" \/>\n<link rel=\"canonical\" href=\"https:\/\/fuentesfidedignas.com.mx\/index.php\/2022\/09\/15\/la-uas-invita-a-disfrutar-en-familia-del-festival-de-fiestas-patrias\/\" \/>\n<meta property=\"og:locale\" content=\"es_MX\" \/>\n<meta property=\"og:type\" content=\"article\" \/>\n<meta property=\"og:title\" content=\"La UAS invita a disfrutar en familia del Festival de Fiestas Patrias - Fuentes Fidedignas\" \/>\n<meta property=\"og:description\" content=\"https:\/\/m.facebook.com\/368234489921644\/posts\/pfbid0xr5Ux7Sq4m4gi8ae4iKfL7bHpv4nuxmugWL8tZZnDJvDWaFxCbovjnMX5hM63V36l\/ El Rector de la Universidad Aut\u00f3noma de Sinaloa (UAS), doctor Jes\u00fas Madue\u00f1a Molina, invita a la comunidad universitaria y a la sociedad en general a disfrutar del Festival de Fiestas Patrias que se realizar\u00e1 este jueves 15 de septiembre en la explanada del Edificio Central con motivo de la Celebraci\u00f3n del 212 Aniversario del [&hellip;]\" \/>\n<meta property=\"og:url\" content=\"https:\/\/fuentesfidedignas.com.mx\/index.php\/2022\/09\/15\/la-uas-invita-a-disfrutar-en-familia-del-festival-de-fiestas-patrias\/\" \/>\n<meta property=\"og:site_name\" content=\"Fuentes Fidedignas\" \/>\n<meta property=\"article:publisher\" content=\"https:\/\/www.facebook.com\/Fuentes-Fidedignas-368234489921644\" \/>\n<meta property=\"article:published_time\" content=\"2022-09-15T12:35:47+00:00\" \/>\n<meta property=\"article:modified_time\" content=\"2022-09-15T12:44:18+00:00\" \/>\n<meta property=\"og:image\" content=\"https:\/\/fuentesfidedignas.com.mx\/wp-content\/uploads\/2022\/09\/Invitacion-a-Festival-de-Fiestas-Patrias.jpg\" \/>\n\t<meta property=\"og:image:width\" content=\"828\" \/>\n\t<meta property=\"og:image:height\" content=\"1280\" \/>\n\t<meta property=\"og:image:type\" content=\"image\/jpeg\" \/>\n<meta name=\"author\" content=\"Redacci\u00f3n\" \/>\n<meta name=\"twitter:card\" content=\"summary_large_image\" \/>\n<meta name=\"twitter:creator\" content=\"@fidedignas\" \/>\n<meta name=\"twitter:site\" content=\"@fidedignas\" \/>\n<meta name=\"twitter:label1\" content=\"Escrito por\" \/>\n\t<meta name=\"twitter:data1\" content=\"Redacci\u00f3n\" \/>\n\t<meta name=\"twitter:label2\" content=\"Tiempo de lectura\" \/>\n\t<meta name=\"twitter:data2\" content=\"2 minutos\" \/>\n<script type=\"application\/ld+json\" class=\"yoast-schema-graph\">{\"@context\":\"https:\\\/\\\/schema.org\",\"@graph\":[{\"@type\":\"Article\",\"@id\":\"https:\\\/\\\/fuentesfidedignas.com.mx\\\/index.php\\\/2022\\\/09\\\/15\\\/la-uas-invita-a-disfrutar-en-familia-del-festival-de-fiestas-patrias\\\/#article\",\"isPartOf\":{\"@id\":\"https:\\\/\\\/fuentesfidedignas.com.mx\\\/index.php\\\/2022\\\/09\\\/15\\\/la-uas-invita-a-disfrutar-en-familia-del-festival-de-fiestas-patrias\\\/\"},\"author\":{\"name\":\"Redacci\u00f3n\",\"@id\":\"https:\\\/\\\/fuentesfidedignas.com.mx\\\/#\\\/schema\\\/person\\\/331be9283d37198e2acd5750279085b0\"},\"headline\":\"La UAS invita a disfrutar en familia del Festival de Fiestas Patrias\",\"datePublished\":\"2022-09-15T12:35:47+00:00\",\"dateModified\":\"2022-09-15T12:44:18+00:00\",\"mainEntityOfPage\":{\"@id\":\"https:\\\/\\\/fuentesfidedignas.com.mx\\\/index.php\\\/2022\\\/09\\\/15\\\/la-uas-invita-a-disfrutar-en-familia-del-festival-de-fiestas-patrias\\\/\"},\"wordCount\":293,\"commentCount\":0,\"publisher\":{\"@id\":\"https:\\\/\\\/fuentesfidedignas.com.mx\\\/#organization\"},\"image\":{\"@id\":\"https:\\\/\\\/fuentesfidedignas.com.mx\\\/index.php\\\/2022\\\/09\\\/15\\\/la-uas-invita-a-disfrutar-en-familia-del-festival-de-fiestas-patrias\\\/#primaryimage\"},\"thumbnailUrl\":\"https:\\\/\\\/fuentesfidedignas.com.mx\\\/wp-content\\\/uploads\\\/2022\\\/09\\\/Invitacion-a-Festival-de-Fiestas-Patrias.jpg\",\"articleSection\":[\"NOTICIAS LOCALES\"],\"inLanguage\":\"es\",\"potentialAction\":[{\"@type\":\"CommentAction\",\"name\":\"Comment\",\"target\":[\"https:\\\/\\\/fuentesfidedignas.com.mx\\\/index.php\\\/2022\\\/09\\\/15\\\/la-uas-invita-a-disfrutar-en-familia-del-festival-de-fiestas-patrias\\\/#respond\"]}]},{\"@type\":\"WebPage\",\"@id\":\"https:\\\/\\\/fuentesfidedignas.com.mx\\\/index.php\\\/2022\\\/09\\\/15\\\/la-uas-invita-a-disfrutar-en-familia-del-festival-de-fiestas-patrias\\\/\",\"url\":\"https:\\\/\\\/fuentesfidedignas.com.mx\\\/index.php\\\/2022\\\/09\\\/15\\\/la-uas-invita-a-disfrutar-en-familia-del-festival-de-fiestas-patrias\\\/\",\"name\":\"La UAS invita a disfrutar en familia del Festival de Fiestas Patrias - Fuentes Fidedignas\",\"isPartOf\":{\"@id\":\"https:\\\/\\\/fuentesfidedignas.com.mx\\\/#website\"},\"primaryImageOfPage\":{\"@id\":\"https:\\\/\\\/fuentesfidedignas.com.mx\\\/index.php\\\/2022\\\/09\\\/15\\\/la-uas-invita-a-disfrutar-en-familia-del-festival-de-fiestas-patrias\\\/#primaryimage\"},\"image\":{\"@id\":\"https:\\\/\\\/fuentesfidedignas.com.mx\\\/index.php\\\/2022\\\/09\\\/15\\\/la-uas-invita-a-disfrutar-en-familia-del-festival-de-fiestas-patrias\\\/#primaryimage\"},\"thumbnailUrl\":\"https:\\\/\\\/fuentesfidedignas.com.mx\\\/wp-content\\\/uploads\\\/2022\\\/09\\\/Invitacion-a-Festival-de-Fiestas-Patrias.jpg\",\"datePublished\":\"2022-09-15T12:35:47+00:00\",\"dateModified\":\"2022-09-15T12:44:18+00:00\",\"breadcrumb\":{\"@id\":\"https:\\\/\\\/fuentesfidedignas.com.mx\\\/index.php\\\/2022\\\/09\\\/15\\\/la-uas-invita-a-disfrutar-en-familia-del-festival-de-fiestas-patrias\\\/#breadcrumb\"},\"inLanguage\":\"es\",\"potentialAction\":[{\"@type\":\"ReadAction\",\"target\":[\"https:\\\/\\\/fuentesfidedignas.com.mx\\\/index.php\\\/2022\\\/09\\\/15\\\/la-uas-invita-a-disfrutar-en-familia-del-festival-de-fiestas-patrias\\\/\"]}]},{\"@type\":\"ImageObject\",\"inLanguage\":\"es\",\"@id\":\"https:\\\/\\\/fuentesfidedignas.com.mx\\\/index.php\\\/2022\\\/09\\\/15\\\/la-uas-invita-a-disfrutar-en-familia-del-festival-de-fiestas-patrias\\\/#primaryimage\",\"url\":\"https:\\\/\\\/fuentesfidedignas.com.mx\\\/wp-content\\\/uploads\\\/2022\\\/09\\\/Invitacion-a-Festival-de-Fiestas-Patrias.jpg\",\"contentUrl\":\"https:\\\/\\\/fuentesfidedignas.com.mx\\\/wp-content\\\/uploads\\\/2022\\\/09\\\/Invitacion-a-Festival-de-Fiestas-Patrias.jpg\",\"width\":828,\"height\":1280},{\"@type\":\"BreadcrumbList\",\"@id\":\"https:\\\/\\\/fuentesfidedignas.com.mx\\\/index.php\\\/2022\\\/09\\\/15\\\/la-uas-invita-a-disfrutar-en-familia-del-festival-de-fiestas-patrias\\\/#breadcrumb\",\"itemListElement\":[{\"@type\":\"ListItem\",\"position\":1,\"name\":\"Inicio\",\"item\":\"https:\\\/\\\/fuentesfidedignas.com.mx\\\/\"},{\"@type\":\"ListItem\",\"position\":2,\"name\":\"La UAS invita a disfrutar en familia del Festival de Fiestas Patrias\"}]},{\"@type\":\"WebSite\",\"@id\":\"https:\\\/\\\/fuentesfidedignas.com.mx\\\/#website\",\"url\":\"https:\\\/\\\/fuentesfidedignas.com.mx\\\/\",\"name\":\"Fuentes Fidedignas\",\"description\":\"Otro sitio realizado con WordPress\",\"publisher\":{\"@id\":\"https:\\\/\\\/fuentesfidedignas.com.mx\\\/#organization\"},\"potentialAction\":[{\"@type\":\"SearchAction\",\"target\":{\"@type\":\"EntryPoint\",\"urlTemplate\":\"https:\\\/\\\/fuentesfidedignas.com.mx\\\/?s={search_term_string}\"},\"query-input\":{\"@type\":\"PropertyValueSpecification\",\"valueRequired\":true,\"valueName\":\"search_term_string\"}}],\"inLanguage\":\"es\"},{\"@type\":\"Organization\",\"@id\":\"https:\\\/\\\/fuentesfidedignas.com.mx\\\/#organization\",\"name\":\"Fuentes Fidedignas\",\"url\":\"https:\\\/\\\/fuentesfidedignas.com.mx\\\/\",\"logo\":{\"@type\":\"ImageObject\",\"inLanguage\":\"es\",\"@id\":\"https:\\\/\\\/fuentesfidedignas.com.mx\\\/#\\\/schema\\\/logo\\\/image\\\/\",\"url\":\"https:\\\/\\\/fuentesfidedignas.com.mx\\\/wp-content\\\/uploads\\\/2021\\\/04\\\/logo-retina.png\",\"contentUrl\":\"https:\\\/\\\/fuentesfidedignas.com.mx\\\/wp-content\\\/uploads\\\/2021\\\/04\\\/logo-retina.png\",\"width\":280,\"height\":51,\"caption\":\"Fuentes Fidedignas\"},\"image\":{\"@id\":\"https:\\\/\\\/fuentesfidedignas.com.mx\\\/#\\\/schema\\\/logo\\\/image\\\/\"},\"sameAs\":[\"https:\\\/\\\/www.facebook.com\\\/Fuentes-Fidedignas-368234489921644\",\"https:\\\/\\\/x.com\\\/fidedignas\"]},{\"@type\":\"Person\",\"@id\":\"https:\\\/\\\/fuentesfidedignas.com.mx\\\/#\\\/schema\\\/person\\\/331be9283d37198e2acd5750279085b0\",\"name\":\"Redacci\u00f3n\",\"image\":{\"@type\":\"ImageObject\",\"inLanguage\":\"es\",\"@id\":\"https:\\\/\\\/secure.gravatar.com\\\/avatar\\\/f6d8782c11d12b2d4ad3fbb6931aeab5309937a4d6cd2fc9cfaa28a6396a5aec?s=96&d=mm&r=g\",\"url\":\"https:\\\/\\\/secure.gravatar.com\\\/avatar\\\/f6d8782c11d12b2d4ad3fbb6931aeab5309937a4d6cd2fc9cfaa28a6396a5aec?s=96&d=mm&r=g\",\"contentUrl\":\"https:\\\/\\\/secure.gravatar.com\\\/avatar\\\/f6d8782c11d12b2d4ad3fbb6931aeab5309937a4d6cd2fc9cfaa28a6396a5aec?s=96&d=mm&r=g\",\"caption\":\"Redacci\u00f3n\"},\"url\":\"https:\\\/\\\/fuentesfidedignas.com.mx\\\/index.php\\\/author\\\/redaccion\\\/\"}]}<\/script>\n<!-- \/ Yoast SEO plugin. -->","yoast_head_json":{"title":"La UAS invita a disfrutar en familia del Festival de Fiestas Patrias - Fuentes Fidedignas","robots":{"index":"index","follow":"follow","max-snippet":"max-snippet:-1","max-image-preview":"max-image-preview:large","max-video-preview":"max-video-preview:-1"},"canonical":"https:\/\/fuentesfidedignas.com.mx\/index.php\/2022\/09\/15\/la-uas-invita-a-disfrutar-en-familia-del-festival-de-fiestas-patrias\/","og_locale":"es_MX","og_type":"article","og_title":"La UAS invita a disfrutar en familia del Festival de Fiestas Patrias - Fuentes Fidedignas","og_description":"https:\/\/m.facebook.com\/368234489921644\/posts\/pfbid0xr5Ux7Sq4m4gi8ae4iKfL7bHpv4nuxmugWL8tZZnDJvDWaFxCbovjnMX5hM63V36l\/ El Rector de la Universidad Aut\u00f3noma de Sinaloa (UAS), doctor Jes\u00fas Madue\u00f1a Molina, invita a la comunidad universitaria y a la sociedad en general a disfrutar del Festival de Fiestas Patrias que se realizar\u00e1 este jueves 15 de septiembre en la explanada del Edificio Central con motivo de la Celebraci\u00f3n del 212 Aniversario del [&hellip;]","og_url":"https:\/\/fuentesfidedignas.com.mx\/index.php\/2022\/09\/15\/la-uas-invita-a-disfrutar-en-familia-del-festival-de-fiestas-patrias\/","og_site_name":"Fuentes Fidedignas","article_publisher":"https:\/\/www.facebook.com\/Fuentes-Fidedignas-368234489921644","article_published_time":"2022-09-15T12:35:47+00:00","article_modified_time":"2022-09-15T12:44:18+00:00","og_image":[{"width":828,"height":1280,"url":"https:\/\/fuentesfidedignas.com.mx\/wp-content\/uploads\/2022\/09\/Invitacion-a-Festival-de-Fiestas-Patrias.jpg","type":"image\/jpeg"}],"author":"Redacci\u00f3n","twitter_card":"summary_large_image","twitter_creator":"@fidedignas","twitter_site":"@fidedignas","twitter_misc":{"Escrito por":"Redacci\u00f3n","Tiempo de lectura":"2 minutos"},"schema":{"@context":"https:\/\/schema.org","@graph":[{"@type":"Article","@id":"https:\/\/fuentesfidedignas.com.mx\/index.php\/2022\/09\/15\/la-uas-invita-a-disfrutar-en-familia-del-festival-de-fiestas-patrias\/#article","isPartOf":{"@id":"https:\/\/fuentesfidedignas.com.mx\/index.php\/2022\/09\/15\/la-uas-invita-a-disfrutar-en-familia-del-festival-de-fiestas-patrias\/"},"author":{"name":"Redacci\u00f3n","@id":"https:\/\/fuentesfidedignas.com.mx\/#\/schema\/person\/331be9283d37198e2acd5750279085b0"},"headline":"La UAS invita a disfrutar en familia del Festival de Fiestas Patrias","datePublished":"2022-09-15T12:35:47+00:00","dateModified":"2022-09-15T12:44:18+00:00","mainEntityOfPage":{"@id":"https:\/\/fuentesfidedignas.com.mx\/index.php\/2022\/09\/15\/la-uas-invita-a-disfrutar-en-familia-del-festival-de-fiestas-patrias\/"},"wordCount":293,"commentCount":0,"publisher":{"@id":"https:\/\/fuentesfidedignas.com.mx\/#organization"},"image":{"@id":"https:\/\/fuentesfidedignas.com.mx\/index.php\/2022\/09\/15\/la-uas-invita-a-disfrutar-en-familia-del-festival-de-fiestas-patrias\/#primaryimage"},"thumbnailUrl":"https:\/\/fuentesfidedignas.com.mx\/wp-content\/uploads\/2022\/09\/Invitacion-a-Festival-de-Fiestas-Patrias.jpg","articleSection":["NOTICIAS LOCALES"],"inLanguage":"es","potentialAction":[{"@type":"CommentAction","name":"Comment","target":["https:\/\/fuentesfidedignas.com.mx\/index.php\/2022\/09\/15\/la-uas-invita-a-disfrutar-en-familia-del-festival-de-fiestas-patrias\/#respond"]}]},{"@type":"WebPage","@id":"https:\/\/fuentesfidedignas.com.mx\/index.php\/2022\/09\/15\/la-uas-invita-a-disfrutar-en-familia-del-festival-de-fiestas-patrias\/","url":"https:\/\/fuentesfidedignas.com.mx\/index.php\/2022\/09\/15\/la-uas-invita-a-disfrutar-en-familia-del-festival-de-fiestas-patrias\/","name":"La UAS invita a disfrutar en familia del Festival de Fiestas Patrias - Fuentes Fidedignas","isPartOf":{"@id":"https:\/\/fuentesfidedignas.com.mx\/#website"},"primaryImageOfPage":{"@id":"https:\/\/fuentesfidedignas.com.mx\/index.php\/2022\/09\/15\/la-uas-invita-a-disfrutar-en-familia-del-festival-de-fiestas-patrias\/#primaryimage"},"image":{"@id":"https:\/\/fuentesfidedignas.com.mx\/index.php\/2022\/09\/15\/la-uas-invita-a-disfrutar-en-familia-del-festival-de-fiestas-patrias\/#primaryimage"},"thumbnailUrl":"https:\/\/fuentesfidedignas.com.mx\/wp-content\/uploads\/2022\/09\/Invitacion-a-Festival-de-Fiestas-Patrias.jpg","datePublished":"2022-09-15T12:35:47+00:00","dateModified":"2022-09-15T12:44:18+00:00","breadcrumb":{"@id":"https:\/\/fuentesfidedignas.com.mx\/index.php\/2022\/09\/15\/la-uas-invita-a-disfrutar-en-familia-del-festival-de-fiestas-patrias\/#breadcrumb"},"inLanguage":"es","potentialAction":[{"@type":"ReadAction","target":["https:\/\/fuentesfidedignas.com.mx\/index.php\/2022\/09\/15\/la-uas-invita-a-disfrutar-en-familia-del-festival-de-fiestas-patrias\/"]}]},{"@type":"ImageObject","inLanguage":"es","@id":"https:\/\/fuentesfidedignas.com.mx\/index.php\/2022\/09\/15\/la-uas-invita-a-disfrutar-en-familia-del-festival-de-fiestas-patrias\/#primaryimage","url":"https:\/\/fuentesfidedignas.com.mx\/wp-content\/uploads\/2022\/09\/Invitacion-a-Festival-de-Fiestas-Patrias.jpg","contentUrl":"https:\/\/fuentesfidedignas.com.mx\/wp-content\/uploads\/2022\/09\/Invitacion-a-Festival-de-Fiestas-Patrias.jpg","width":828,"height":1280},{"@type":"BreadcrumbList","@id":"https:\/\/fuentesfidedignas.com.mx\/index.php\/2022\/09\/15\/la-uas-invita-a-disfrutar-en-familia-del-festival-de-fiestas-patrias\/#breadcrumb","itemListElement":[{"@type":"ListItem","position":1,"name":"Inicio","item":"https:\/\/fuentesfidedignas.com.mx\/"},{"@type":"ListItem","position":2,"name":"La UAS invita a disfrutar en familia del Festival de Fiestas Patrias"}]},{"@type":"WebSite","@id":"https:\/\/fuentesfidedignas.com.mx\/#website","url":"https:\/\/fuentesfidedignas.com.mx\/","name":"Fuentes Fidedignas","description":"Otro sitio realizado con WordPress","publisher":{"@id":"https:\/\/fuentesfidedignas.com.mx\/#organization"},"potentialAction":[{"@type":"SearchAction","target":{"@type":"EntryPoint","urlTemplate":"https:\/\/fuentesfidedignas.com.mx\/?s={search_term_string}"},"query-input":{"@type":"PropertyValueSpecification","valueRequired":true,"valueName":"search_term_string"}}],"inLanguage":"es"},{"@type":"Organization","@id":"https:\/\/fuentesfidedignas.com.mx\/#organization","name":"Fuentes Fidedignas","url":"https:\/\/fuentesfidedignas.com.mx\/","logo":{"@type":"ImageObject","inLanguage":"es","@id":"https:\/\/fuentesfidedignas.com.mx\/#\/schema\/logo\/image\/","url":"https:\/\/fuentesfidedignas.com.mx\/wp-content\/uploads\/2021\/04\/logo-retina.png","contentUrl":"https:\/\/fuentesfidedignas.com.mx\/wp-content\/uploads\/2021\/04\/logo-retina.png","width":280,"height":51,"caption":"Fuentes Fidedignas"},"image":{"@id":"https:\/\/fuentesfidedignas.com.mx\/#\/schema\/logo\/image\/"},"sameAs":["https:\/\/www.facebook.com\/Fuentes-Fidedignas-368234489921644","https:\/\/x.com\/fidedignas"]},{"@type":"Person","@id":"https:\/\/fuentesfidedignas.com.mx\/#\/schema\/person\/331be9283d37198e2acd5750279085b0","name":"Redacci\u00f3n","image":{"@type":"ImageObject","inLanguage":"es","@id":"https:\/\/secure.gravatar.com\/avatar\/f6d8782c11d12b2d4ad3fbb6931aeab5309937a4d6cd2fc9cfaa28a6396a5aec?s=96&d=mm&r=g","url":"https:\/\/secure.gravatar.com\/avatar\/f6d8782c11d12b2d4ad3fbb6931aeab5309937a4d6cd2fc9cfaa28a6396a5aec?s=96&d=mm&r=g","contentUrl":"https:\/\/secure.gravatar.com\/avatar\/f6d8782c11d12b2d4ad3fbb6931aeab5309937a4d6cd2fc9cfaa28a6396a5aec?s=96&d=mm&r=g","caption":"Redacci\u00f3n"},"url":"https:\/\/fuentesfidedignas.com.mx\/index.php\/author\/redaccion\/"}]}},"_links":{"self":[{"href":"https:\/\/fuentesfidedignas.com.mx\/index.php\/wp-json\/wp\/v2\/posts\/42470","targetHints":{"allow":["GET"]}}],"collection":[{"href":"https:\/\/fuentesfidedignas.com.mx\/index.php\/wp-json\/wp\/v2\/posts"}],"about":[{"href":"https:\/\/fuentesfidedignas.com.mx\/index.php\/wp-json\/wp\/v2\/types\/post"}],"author":[{"embeddable":true,"href":"https:\/\/fuentesfidedignas.com.mx\/index.php\/wp-json\/wp\/v2\/users\/4"}],"replies":[{"embeddable":true,"href":"https:\/\/fuentesfidedignas.com.mx\/index.php\/wp-json\/wp\/v2\/comments?post=42470"}],"version-history":[{"count":3,"href":"https:\/\/fuentesfidedignas.com.mx\/index.php\/wp-json\/wp\/v2\/posts\/42470\/revisions"}],"predecessor-version":[{"id":42475,"href":"https:\/\/fuentesfidedignas.com.mx\/index.php\/wp-json\/wp\/v2\/posts\/42470\/revisions\/42475"}],"wp:featuredmedia":[{"embeddable":true,"href":"https:\/\/fuentesfidedignas.com.mx\/index.php\/wp-json\/wp\/v2\/media\/42472"}],"wp:attachment":[{"href":"https:\/\/fuentesfidedignas.com.mx\/index.php\/wp-json\/wp\/v2\/media?parent=42470"}],"wp:term":[{"taxonomy":"category","embeddable":true,"href":"https:\/\/fuentesfidedignas.com.mx\/index.php\/wp-json\/wp\/v2\/categories?post=42470"},{"taxonomy":"post_tag","embeddable":true,"href":"https:\/\/fuentesfidedignas.com.mx\/index.php\/wp-json\/wp\/v2\/tags?post=42470"}],"curies":[{"name":"wp","href":"https:\/\/api.w.org\/{rel}","templated":true}]}}