{"id":42464,"date":"2022-09-14T22:26:28","date_gmt":"2022-09-15T04:26:28","guid":{"rendered":"https:\/\/fuentesfidedignas.com.mx\/?p=42464"},"modified":"2022-09-14T22:26:57","modified_gmt":"2022-09-15T04:26:57","slug":"escuinapa-ha-crecido-y-se-ha-consolidado-como-un-gran-municipio-cuen","status":"publish","type":"post","link":"https:\/\/fuentesfidedignas.com.mx\/index.php\/2022\/09\/14\/escuinapa-ha-crecido-y-se-ha-consolidado-como-un-gran-municipio-cuen\/","title":{"rendered":"Escuinapa ha crecido y se ha consolidado como un gran municipio: Cuen"},"content":{"rendered":"\n<p><strong><em>Esto lo dijo en el marco de los festejos del 107 aniversario de la municipalizaci\u00f3n de Escuinapa<\/em><\/strong><\/p>\n\n\n\n<p>Escuinapa- En el 107 aniversario de la municipalizaci\u00f3n de Escuinapa, el l\u00edder pol\u00edtico del Partido Sinaloense H\u00e9ctor Melesio Cuen Ojeda, qui\u00e9n estuvo c\u00f3mo invitado especial, resalt\u00f3 el rescate hist\u00f3rico que hace la presidenta municipal Blanca Esthela Garc\u00eda S\u00e1nchez a trav\u00e9s de las diferentes actividades culturales que realiza para conmemorar una fecha tan relevante para los escuinapenses.<\/p>\n\n\n\n<p>Cu\u00e9n Ojeda se\u00f1al\u00f3 que este tipo de actividades, donde se pone al alcance de la gente la historia y la cultura de los pueblos, forma mejores ciudadanos, crea identidad y arraigo hacia su tierra, hacia su municipio y engrandece el acervo cultural de la poblaci\u00f3n.<\/p>\n\n\n\n<p>En el marco de estos festejos, se present\u00f3 el libro &#8220;General Martin Espinoza Segura, Vida y Obra&#8221; del escritor D\u00e1maso Grave Gallardo, a quien el maestro Cu\u00e9n Ojeda felicit\u00f3 por su narrativa y el empe\u00f1o puesto para inmortalizar a trav\u00e9s de la literatura a un gran sinaloense, de origen escuinapense c\u00f3mo lo fue el Gral. Mart\u00edn Espinoza Segura.<\/p>\n","protected":false},"excerpt":{"rendered":"<p>Esto lo dijo en el marco de los festejos del 107 aniversario de la municipalizaci\u00f3n de Escuinapa Escuinapa- En el 107 aniversario de la municipalizaci\u00f3n de Escuinapa, el l\u00edder pol\u00edtico del Partido Sinaloense H\u00e9ctor Melesio Cuen Ojeda, qui\u00e9n estuvo c\u00f3mo invitado especial, resalt\u00f3 el rescate hist\u00f3rico que hace la presidenta municipal Blanca Esthela Garc\u00eda S\u00e1nchez [&hellip;]<\/p>\n","protected":false},"author":4,"featured_media":42466,"comment_status":"open","ping_status":"open","sticky":false,"template":"","format":"standard","meta":{"tdm_status":"","tdm_grid_status":"","footnotes":""},"categories":[38],"tags":[],"class_list":{"0":"post-42464","1":"post","2":"type-post","3":"status-publish","4":"format-standard","5":"has-post-thumbnail","7":"category-noticias-locales"},"yoast_head":"<!-- This site is optimized with the Yoast SEO plugin v27.5 - https:\/\/yoast.com\/product\/yoast-seo-wordpress\/ -->\n<title>Escuinapa ha crecido y se ha consolidado como un gran municipio: Cuen - Fuentes Fidedignas<\/title>\n<meta name=\"robots\" content=\"index, follow, max-snippet:-1, max-image-preview:large, max-video-preview:-1\" \/>\n<link rel=\"canonical\" href=\"https:\/\/fuentesfidedignas.com.mx\/index.php\/2022\/09\/14\/escuinapa-ha-crecido-y-se-ha-consolidado-como-un-gran-municipio-cuen\/\" \/>\n<meta property=\"og:locale\" content=\"es_MX\" \/>\n<meta property=\"og:type\" content=\"article\" \/>\n<meta property=\"og:title\" content=\"Escuinapa ha crecido y se ha consolidado como un gran municipio: Cuen - Fuentes Fidedignas\" \/>\n<meta property=\"og:description\" content=\"Esto lo dijo en el marco de los festejos del 107 aniversario de la municipalizaci\u00f3n de Escuinapa Escuinapa- En el 107 aniversario de la municipalizaci\u00f3n de Escuinapa, el l\u00edder pol\u00edtico del Partido Sinaloense H\u00e9ctor Melesio Cuen Ojeda, qui\u00e9n estuvo c\u00f3mo invitado especial, resalt\u00f3 el rescate hist\u00f3rico que hace la presidenta municipal Blanca Esthela Garc\u00eda S\u00e1nchez [&hellip;]\" \/>\n<meta property=\"og:url\" content=\"https:\/\/fuentesfidedignas.com.mx\/index.php\/2022\/09\/14\/escuinapa-ha-crecido-y-se-ha-consolidado-como-un-gran-municipio-cuen\/\" \/>\n<meta property=\"og:site_name\" content=\"Fuentes Fidedignas\" \/>\n<meta property=\"article:publisher\" content=\"https:\/\/www.facebook.com\/Fuentes-Fidedignas-368234489921644\" \/>\n<meta property=\"article:published_time\" content=\"2022-09-15T04:26:28+00:00\" \/>\n<meta property=\"article:modified_time\" content=\"2022-09-15T04:26:57+00:00\" \/>\n<meta property=\"og:image\" content=\"https:\/\/fuentesfidedignas.com.mx\/wp-content\/uploads\/2022\/09\/IMG-20220914-WA0066.jpg\" \/>\n\t<meta property=\"og:image:width\" content=\"1280\" \/>\n\t<meta property=\"og:image:height\" content=\"960\" \/>\n\t<meta property=\"og:image:type\" content=\"image\/jpeg\" \/>\n<meta name=\"author\" content=\"Redacci\u00f3n\" \/>\n<meta name=\"twitter:card\" content=\"summary_large_image\" \/>\n<meta name=\"twitter:creator\" content=\"@fidedignas\" \/>\n<meta name=\"twitter:site\" content=\"@fidedignas\" \/>\n<meta name=\"twitter:label1\" content=\"Escrito por\" \/>\n\t<meta name=\"twitter:data1\" content=\"Redacci\u00f3n\" \/>\n\t<meta name=\"twitter:label2\" content=\"Tiempo de lectura\" \/>\n\t<meta name=\"twitter:data2\" content=\"1 minuto\" \/>\n<script type=\"application\/ld+json\" class=\"yoast-schema-graph\">{\"@context\":\"https:\\\/\\\/schema.org\",\"@graph\":[{\"@type\":\"Article\",\"@id\":\"https:\\\/\\\/fuentesfidedignas.com.mx\\\/index.php\\\/2022\\\/09\\\/14\\\/escuinapa-ha-crecido-y-se-ha-consolidado-como-un-gran-municipio-cuen\\\/#article\",\"isPartOf\":{\"@id\":\"https:\\\/\\\/fuentesfidedignas.com.mx\\\/index.php\\\/2022\\\/09\\\/14\\\/escuinapa-ha-crecido-y-se-ha-consolidado-como-un-gran-municipio-cuen\\\/\"},\"author\":{\"name\":\"Redacci\u00f3n\",\"@id\":\"https:\\\/\\\/fuentesfidedignas.com.mx\\\/#\\\/schema\\\/person\\\/331be9283d37198e2acd5750279085b0\"},\"headline\":\"Escuinapa ha crecido y se ha consolidado como un gran municipio: Cuen\",\"datePublished\":\"2022-09-15T04:26:28+00:00\",\"dateModified\":\"2022-09-15T04:26:57+00:00\",\"mainEntityOfPage\":{\"@id\":\"https:\\\/\\\/fuentesfidedignas.com.mx\\\/index.php\\\/2022\\\/09\\\/14\\\/escuinapa-ha-crecido-y-se-ha-consolidado-como-un-gran-municipio-cuen\\\/\"},\"wordCount\":206,\"commentCount\":0,\"publisher\":{\"@id\":\"https:\\\/\\\/fuentesfidedignas.com.mx\\\/#organization\"},\"image\":{\"@id\":\"https:\\\/\\\/fuentesfidedignas.com.mx\\\/index.php\\\/2022\\\/09\\\/14\\\/escuinapa-ha-crecido-y-se-ha-consolidado-como-un-gran-municipio-cuen\\\/#primaryimage\"},\"thumbnailUrl\":\"https:\\\/\\\/fuentesfidedignas.com.mx\\\/wp-content\\\/uploads\\\/2022\\\/09\\\/IMG-20220914-WA0066.jpg\",\"articleSection\":[\"NOTICIAS LOCALES\"],\"inLanguage\":\"es\",\"potentialAction\":[{\"@type\":\"CommentAction\",\"name\":\"Comment\",\"target\":[\"https:\\\/\\\/fuentesfidedignas.com.mx\\\/index.php\\\/2022\\\/09\\\/14\\\/escuinapa-ha-crecido-y-se-ha-consolidado-como-un-gran-municipio-cuen\\\/#respond\"]}]},{\"@type\":\"WebPage\",\"@id\":\"https:\\\/\\\/fuentesfidedignas.com.mx\\\/index.php\\\/2022\\\/09\\\/14\\\/escuinapa-ha-crecido-y-se-ha-consolidado-como-un-gran-municipio-cuen\\\/\",\"url\":\"https:\\\/\\\/fuentesfidedignas.com.mx\\\/index.php\\\/2022\\\/09\\\/14\\\/escuinapa-ha-crecido-y-se-ha-consolidado-como-un-gran-municipio-cuen\\\/\",\"name\":\"Escuinapa ha crecido y se ha consolidado como un gran municipio: Cuen - Fuentes Fidedignas\",\"isPartOf\":{\"@id\":\"https:\\\/\\\/fuentesfidedignas.com.mx\\\/#website\"},\"primaryImageOfPage\":{\"@id\":\"https:\\\/\\\/fuentesfidedignas.com.mx\\\/index.php\\\/2022\\\/09\\\/14\\\/escuinapa-ha-crecido-y-se-ha-consolidado-como-un-gran-municipio-cuen\\\/#primaryimage\"},\"image\":{\"@id\":\"https:\\\/\\\/fuentesfidedignas.com.mx\\\/index.php\\\/2022\\\/09\\\/14\\\/escuinapa-ha-crecido-y-se-ha-consolidado-como-un-gran-municipio-cuen\\\/#primaryimage\"},\"thumbnailUrl\":\"https:\\\/\\\/fuentesfidedignas.com.mx\\\/wp-content\\\/uploads\\\/2022\\\/09\\\/IMG-20220914-WA0066.jpg\",\"datePublished\":\"2022-09-15T04:26:28+00:00\",\"dateModified\":\"2022-09-15T04:26:57+00:00\",\"breadcrumb\":{\"@id\":\"https:\\\/\\\/fuentesfidedignas.com.mx\\\/index.php\\\/2022\\\/09\\\/14\\\/escuinapa-ha-crecido-y-se-ha-consolidado-como-un-gran-municipio-cuen\\\/#breadcrumb\"},\"inLanguage\":\"es\",\"potentialAction\":[{\"@type\":\"ReadAction\",\"target\":[\"https:\\\/\\\/fuentesfidedignas.com.mx\\\/index.php\\\/2022\\\/09\\\/14\\\/escuinapa-ha-crecido-y-se-ha-consolidado-como-un-gran-municipio-cuen\\\/\"]}]},{\"@type\":\"ImageObject\",\"inLanguage\":\"es\",\"@id\":\"https:\\\/\\\/fuentesfidedignas.com.mx\\\/index.php\\\/2022\\\/09\\\/14\\\/escuinapa-ha-crecido-y-se-ha-consolidado-como-un-gran-municipio-cuen\\\/#primaryimage\",\"url\":\"https:\\\/\\\/fuentesfidedignas.com.mx\\\/wp-content\\\/uploads\\\/2022\\\/09\\\/IMG-20220914-WA0066.jpg\",\"contentUrl\":\"https:\\\/\\\/fuentesfidedignas.com.mx\\\/wp-content\\\/uploads\\\/2022\\\/09\\\/IMG-20220914-WA0066.jpg\",\"width\":1280,\"height\":960},{\"@type\":\"BreadcrumbList\",\"@id\":\"https:\\\/\\\/fuentesfidedignas.com.mx\\\/index.php\\\/2022\\\/09\\\/14\\\/escuinapa-ha-crecido-y-se-ha-consolidado-como-un-gran-municipio-cuen\\\/#breadcrumb\",\"itemListElement\":[{\"@type\":\"ListItem\",\"position\":1,\"name\":\"Inicio\",\"item\":\"https:\\\/\\\/fuentesfidedignas.com.mx\\\/\"},{\"@type\":\"ListItem\",\"position\":2,\"name\":\"Escuinapa ha crecido y se ha consolidado como un gran municipio: Cuen\"}]},{\"@type\":\"WebSite\",\"@id\":\"https:\\\/\\\/fuentesfidedignas.com.mx\\\/#website\",\"url\":\"https:\\\/\\\/fuentesfidedignas.com.mx\\\/\",\"name\":\"Fuentes Fidedignas\",\"description\":\"Otro sitio realizado con WordPress\",\"publisher\":{\"@id\":\"https:\\\/\\\/fuentesfidedignas.com.mx\\\/#organization\"},\"potentialAction\":[{\"@type\":\"SearchAction\",\"target\":{\"@type\":\"EntryPoint\",\"urlTemplate\":\"https:\\\/\\\/fuentesfidedignas.com.mx\\\/?s={search_term_string}\"},\"query-input\":{\"@type\":\"PropertyValueSpecification\",\"valueRequired\":true,\"valueName\":\"search_term_string\"}}],\"inLanguage\":\"es\"},{\"@type\":\"Organization\",\"@id\":\"https:\\\/\\\/fuentesfidedignas.com.mx\\\/#organization\",\"name\":\"Fuentes Fidedignas\",\"url\":\"https:\\\/\\\/fuentesfidedignas.com.mx\\\/\",\"logo\":{\"@type\":\"ImageObject\",\"inLanguage\":\"es\",\"@id\":\"https:\\\/\\\/fuentesfidedignas.com.mx\\\/#\\\/schema\\\/logo\\\/image\\\/\",\"url\":\"https:\\\/\\\/fuentesfidedignas.com.mx\\\/wp-content\\\/uploads\\\/2021\\\/04\\\/logo-retina.png\",\"contentUrl\":\"https:\\\/\\\/fuentesfidedignas.com.mx\\\/wp-content\\\/uploads\\\/2021\\\/04\\\/logo-retina.png\",\"width\":280,\"height\":51,\"caption\":\"Fuentes Fidedignas\"},\"image\":{\"@id\":\"https:\\\/\\\/fuentesfidedignas.com.mx\\\/#\\\/schema\\\/logo\\\/image\\\/\"},\"sameAs\":[\"https:\\\/\\\/www.facebook.com\\\/Fuentes-Fidedignas-368234489921644\",\"https:\\\/\\\/x.com\\\/fidedignas\"]},{\"@type\":\"Person\",\"@id\":\"https:\\\/\\\/fuentesfidedignas.com.mx\\\/#\\\/schema\\\/person\\\/331be9283d37198e2acd5750279085b0\",\"name\":\"Redacci\u00f3n\",\"image\":{\"@type\":\"ImageObject\",\"inLanguage\":\"es\",\"@id\":\"https:\\\/\\\/secure.gravatar.com\\\/avatar\\\/f6d8782c11d12b2d4ad3fbb6931aeab5309937a4d6cd2fc9cfaa28a6396a5aec?s=96&d=mm&r=g\",\"url\":\"https:\\\/\\\/secure.gravatar.com\\\/avatar\\\/f6d8782c11d12b2d4ad3fbb6931aeab5309937a4d6cd2fc9cfaa28a6396a5aec?s=96&d=mm&r=g\",\"contentUrl\":\"https:\\\/\\\/secure.gravatar.com\\\/avatar\\\/f6d8782c11d12b2d4ad3fbb6931aeab5309937a4d6cd2fc9cfaa28a6396a5aec?s=96&d=mm&r=g\",\"caption\":\"Redacci\u00f3n\"},\"url\":\"https:\\\/\\\/fuentesfidedignas.com.mx\\\/index.php\\\/author\\\/redaccion\\\/\"}]}<\/script>\n<!-- \/ Yoast SEO plugin. -->","yoast_head_json":{"title":"Escuinapa ha crecido y se ha consolidado como un gran municipio: Cuen - Fuentes Fidedignas","robots":{"index":"index","follow":"follow","max-snippet":"max-snippet:-1","max-image-preview":"max-image-preview:large","max-video-preview":"max-video-preview:-1"},"canonical":"https:\/\/fuentesfidedignas.com.mx\/index.php\/2022\/09\/14\/escuinapa-ha-crecido-y-se-ha-consolidado-como-un-gran-municipio-cuen\/","og_locale":"es_MX","og_type":"article","og_title":"Escuinapa ha crecido y se ha consolidado como un gran municipio: Cuen - Fuentes Fidedignas","og_description":"Esto lo dijo en el marco de los festejos del 107 aniversario de la municipalizaci\u00f3n de Escuinapa Escuinapa- En el 107 aniversario de la municipalizaci\u00f3n de Escuinapa, el l\u00edder pol\u00edtico del Partido Sinaloense H\u00e9ctor Melesio Cuen Ojeda, qui\u00e9n estuvo c\u00f3mo invitado especial, resalt\u00f3 el rescate hist\u00f3rico que hace la presidenta municipal Blanca Esthela Garc\u00eda S\u00e1nchez [&hellip;]","og_url":"https:\/\/fuentesfidedignas.com.mx\/index.php\/2022\/09\/14\/escuinapa-ha-crecido-y-se-ha-consolidado-como-un-gran-municipio-cuen\/","og_site_name":"Fuentes Fidedignas","article_publisher":"https:\/\/www.facebook.com\/Fuentes-Fidedignas-368234489921644","article_published_time":"2022-09-15T04:26:28+00:00","article_modified_time":"2022-09-15T04:26:57+00:00","og_image":[{"width":1280,"height":960,"url":"https:\/\/fuentesfidedignas.com.mx\/wp-content\/uploads\/2022\/09\/IMG-20220914-WA0066.jpg","type":"image\/jpeg"}],"author":"Redacci\u00f3n","twitter_card":"summary_large_image","twitter_creator":"@fidedignas","twitter_site":"@fidedignas","twitter_misc":{"Escrito por":"Redacci\u00f3n","Tiempo de lectura":"1 minuto"},"schema":{"@context":"https:\/\/schema.org","@graph":[{"@type":"Article","@id":"https:\/\/fuentesfidedignas.com.mx\/index.php\/2022\/09\/14\/escuinapa-ha-crecido-y-se-ha-consolidado-como-un-gran-municipio-cuen\/#article","isPartOf":{"@id":"https:\/\/fuentesfidedignas.com.mx\/index.php\/2022\/09\/14\/escuinapa-ha-crecido-y-se-ha-consolidado-como-un-gran-municipio-cuen\/"},"author":{"name":"Redacci\u00f3n","@id":"https:\/\/fuentesfidedignas.com.mx\/#\/schema\/person\/331be9283d37198e2acd5750279085b0"},"headline":"Escuinapa ha crecido y se ha consolidado como un gran municipio: Cuen","datePublished":"2022-09-15T04:26:28+00:00","dateModified":"2022-09-15T04:26:57+00:00","mainEntityOfPage":{"@id":"https:\/\/fuentesfidedignas.com.mx\/index.php\/2022\/09\/14\/escuinapa-ha-crecido-y-se-ha-consolidado-como-un-gran-municipio-cuen\/"},"wordCount":206,"commentCount":0,"publisher":{"@id":"https:\/\/fuentesfidedignas.com.mx\/#organization"},"image":{"@id":"https:\/\/fuentesfidedignas.com.mx\/index.php\/2022\/09\/14\/escuinapa-ha-crecido-y-se-ha-consolidado-como-un-gran-municipio-cuen\/#primaryimage"},"thumbnailUrl":"https:\/\/fuentesfidedignas.com.mx\/wp-content\/uploads\/2022\/09\/IMG-20220914-WA0066.jpg","articleSection":["NOTICIAS LOCALES"],"inLanguage":"es","potentialAction":[{"@type":"CommentAction","name":"Comment","target":["https:\/\/fuentesfidedignas.com.mx\/index.php\/2022\/09\/14\/escuinapa-ha-crecido-y-se-ha-consolidado-como-un-gran-municipio-cuen\/#respond"]}]},{"@type":"WebPage","@id":"https:\/\/fuentesfidedignas.com.mx\/index.php\/2022\/09\/14\/escuinapa-ha-crecido-y-se-ha-consolidado-como-un-gran-municipio-cuen\/","url":"https:\/\/fuentesfidedignas.com.mx\/index.php\/2022\/09\/14\/escuinapa-ha-crecido-y-se-ha-consolidado-como-un-gran-municipio-cuen\/","name":"Escuinapa ha crecido y se ha consolidado como un gran municipio: Cuen - Fuentes Fidedignas","isPartOf":{"@id":"https:\/\/fuentesfidedignas.com.mx\/#website"},"primaryImageOfPage":{"@id":"https:\/\/fuentesfidedignas.com.mx\/index.php\/2022\/09\/14\/escuinapa-ha-crecido-y-se-ha-consolidado-como-un-gran-municipio-cuen\/#primaryimage"},"image":{"@id":"https:\/\/fuentesfidedignas.com.mx\/index.php\/2022\/09\/14\/escuinapa-ha-crecido-y-se-ha-consolidado-como-un-gran-municipio-cuen\/#primaryimage"},"thumbnailUrl":"https:\/\/fuentesfidedignas.com.mx\/wp-content\/uploads\/2022\/09\/IMG-20220914-WA0066.jpg","datePublished":"2022-09-15T04:26:28+00:00","dateModified":"2022-09-15T04:26:57+00:00","breadcrumb":{"@id":"https:\/\/fuentesfidedignas.com.mx\/index.php\/2022\/09\/14\/escuinapa-ha-crecido-y-se-ha-consolidado-como-un-gran-municipio-cuen\/#breadcrumb"},"inLanguage":"es","potentialAction":[{"@type":"ReadAction","target":["https:\/\/fuentesfidedignas.com.mx\/index.php\/2022\/09\/14\/escuinapa-ha-crecido-y-se-ha-consolidado-como-un-gran-municipio-cuen\/"]}]},{"@type":"ImageObject","inLanguage":"es","@id":"https:\/\/fuentesfidedignas.com.mx\/index.php\/2022\/09\/14\/escuinapa-ha-crecido-y-se-ha-consolidado-como-un-gran-municipio-cuen\/#primaryimage","url":"https:\/\/fuentesfidedignas.com.mx\/wp-content\/uploads\/2022\/09\/IMG-20220914-WA0066.jpg","contentUrl":"https:\/\/fuentesfidedignas.com.mx\/wp-content\/uploads\/2022\/09\/IMG-20220914-WA0066.jpg","width":1280,"height":960},{"@type":"BreadcrumbList","@id":"https:\/\/fuentesfidedignas.com.mx\/index.php\/2022\/09\/14\/escuinapa-ha-crecido-y-se-ha-consolidado-como-un-gran-municipio-cuen\/#breadcrumb","itemListElement":[{"@type":"ListItem","position":1,"name":"Inicio","item":"https:\/\/fuentesfidedignas.com.mx\/"},{"@type":"ListItem","position":2,"name":"Escuinapa ha crecido y se ha consolidado como un gran municipio: Cuen"}]},{"@type":"WebSite","@id":"https:\/\/fuentesfidedignas.com.mx\/#website","url":"https:\/\/fuentesfidedignas.com.mx\/","name":"Fuentes Fidedignas","description":"Otro sitio realizado con WordPress","publisher":{"@id":"https:\/\/fuentesfidedignas.com.mx\/#organization"},"potentialAction":[{"@type":"SearchAction","target":{"@type":"EntryPoint","urlTemplate":"https:\/\/fuentesfidedignas.com.mx\/?s={search_term_string}"},"query-input":{"@type":"PropertyValueSpecification","valueRequired":true,"valueName":"search_term_string"}}],"inLanguage":"es"},{"@type":"Organization","@id":"https:\/\/fuentesfidedignas.com.mx\/#organization","name":"Fuentes Fidedignas","url":"https:\/\/fuentesfidedignas.com.mx\/","logo":{"@type":"ImageObject","inLanguage":"es","@id":"https:\/\/fuentesfidedignas.com.mx\/#\/schema\/logo\/image\/","url":"https:\/\/fuentesfidedignas.com.mx\/wp-content\/uploads\/2021\/04\/logo-retina.png","contentUrl":"https:\/\/fuentesfidedignas.com.mx\/wp-content\/uploads\/2021\/04\/logo-retina.png","width":280,"height":51,"caption":"Fuentes Fidedignas"},"image":{"@id":"https:\/\/fuentesfidedignas.com.mx\/#\/schema\/logo\/image\/"},"sameAs":["https:\/\/www.facebook.com\/Fuentes-Fidedignas-368234489921644","https:\/\/x.com\/fidedignas"]},{"@type":"Person","@id":"https:\/\/fuentesfidedignas.com.mx\/#\/schema\/person\/331be9283d37198e2acd5750279085b0","name":"Redacci\u00f3n","image":{"@type":"ImageObject","inLanguage":"es","@id":"https:\/\/secure.gravatar.com\/avatar\/f6d8782c11d12b2d4ad3fbb6931aeab5309937a4d6cd2fc9cfaa28a6396a5aec?s=96&d=mm&r=g","url":"https:\/\/secure.gravatar.com\/avatar\/f6d8782c11d12b2d4ad3fbb6931aeab5309937a4d6cd2fc9cfaa28a6396a5aec?s=96&d=mm&r=g","contentUrl":"https:\/\/secure.gravatar.com\/avatar\/f6d8782c11d12b2d4ad3fbb6931aeab5309937a4d6cd2fc9cfaa28a6396a5aec?s=96&d=mm&r=g","caption":"Redacci\u00f3n"},"url":"https:\/\/fuentesfidedignas.com.mx\/index.php\/author\/redaccion\/"}]}},"_links":{"self":[{"href":"https:\/\/fuentesfidedignas.com.mx\/index.php\/wp-json\/wp\/v2\/posts\/42464","targetHints":{"allow":["GET"]}}],"collection":[{"href":"https:\/\/fuentesfidedignas.com.mx\/index.php\/wp-json\/wp\/v2\/posts"}],"about":[{"href":"https:\/\/fuentesfidedignas.com.mx\/index.php\/wp-json\/wp\/v2\/types\/post"}],"author":[{"embeddable":true,"href":"https:\/\/fuentesfidedignas.com.mx\/index.php\/wp-json\/wp\/v2\/users\/4"}],"replies":[{"embeddable":true,"href":"https:\/\/fuentesfidedignas.com.mx\/index.php\/wp-json\/wp\/v2\/comments?post=42464"}],"version-history":[{"count":1,"href":"https:\/\/fuentesfidedignas.com.mx\/index.php\/wp-json\/wp\/v2\/posts\/42464\/revisions"}],"predecessor-version":[{"id":42465,"href":"https:\/\/fuentesfidedignas.com.mx\/index.php\/wp-json\/wp\/v2\/posts\/42464\/revisions\/42465"}],"wp:featuredmedia":[{"embeddable":true,"href":"https:\/\/fuentesfidedignas.com.mx\/index.php\/wp-json\/wp\/v2\/media\/42466"}],"wp:attachment":[{"href":"https:\/\/fuentesfidedignas.com.mx\/index.php\/wp-json\/wp\/v2\/media?parent=42464"}],"wp:term":[{"taxonomy":"category","embeddable":true,"href":"https:\/\/fuentesfidedignas.com.mx\/index.php\/wp-json\/wp\/v2\/categories?post=42464"},{"taxonomy":"post_tag","embeddable":true,"href":"https:\/\/fuentesfidedignas.com.mx\/index.php\/wp-json\/wp\/v2\/tags?post=42464"}],"curies":[{"name":"wp","href":"https:\/\/api.w.org\/{rel}","templated":true}]}}