{"id":42440,"date":"2022-09-13T18:23:24","date_gmt":"2022-09-14T00:23:24","guid":{"rendered":"https:\/\/fuentesfidedignas.com.mx\/?p=42440"},"modified":"2022-09-13T18:23:26","modified_gmt":"2022-09-14T00:23:26","slug":"navolatenses-alertan-a-proteccion-civil-por-6-cocodrilos-capturados-en-el-mes-de-septiembre","status":"publish","type":"post","link":"https:\/\/fuentesfidedignas.com.mx\/index.php\/2022\/09\/13\/navolatenses-alertan-a-proteccion-civil-por-6-cocodrilos-capturados-en-el-mes-de-septiembre\/","title":{"rendered":"Navolatenses alertan a Protecci\u00f3n Civil por 6 cocodrilos capturados en el mes de septiembre"},"content":{"rendered":"\n<p><strong><em>El Director de Protecci\u00f3n Civil, Marco Antonio Ju\u00e1rez Salgueiro, inform\u00f3 que debido a este n\u00famero es que el personal de su \u00e1rea y otras dependencias recibieron una capacitaci\u00f3n para identificar c\u00f3mo atender este tema.<\/em><\/strong><\/p>\n\n\n\n<p>Navolato, Sinaloa.- Navolato ha sido noticia en los \u00faltimos d\u00edas con la captura de 6 cocodrilos en lo que va de este mes, es por ello que preocupada ante esta situaci\u00f3n, la Presidenta Municipal de Navolato, Margoth Urrea P\u00e9rez, instruy\u00f3 al personal de diversas \u00e1reas para que tomaran una capacitaci\u00f3n para atender este tema de la mejor manera.<\/p>\n\n\n\n<p>Fue as\u00ed que V\u00edctor Manuel Salom\u00f3n de la Escuela de Biolog\u00eda de la Universidad Aut\u00f3noma de Sinaloa, quien es experto en el tema, expuso sobre c\u00f3mo atender a un cocodrilo si sale del agua a tomar un poco de sol y les dio muchos consejos para evitar riesgos y alguna tragedia.<\/p>\n\n\n\n<p>Ante preguntas y respuestas de los interesados, sobretodo del Director de Protecci\u00f3n Civil Navolato, el profesional le se\u00f1al\u00f3 que los cocodrilos deben ser regresados a su h\u00e1bitad siempre y cuando no representen un peligro para la sociedad, sin embargo, en el caso de las capturas que hicieron vecinos de algunas comunidades, se\u00f1alaron que los reptiles eran muy grandes y pesados y era complicado evitar que los cocodrilos se pusieran violentos, por lo que se tom\u00f3 la decisi\u00f3n de llevarlos al zool\u00f3gico con expertos en el tema.<\/p>\n\n\n\n<p>Esta semana fue capturado un cocodrilo en la sindicatura de Villa Ju\u00e1rez, el m\u00e1s grande de todos, de casi 5 metros.<\/p>\n","protected":false},"excerpt":{"rendered":"<p>El Director de Protecci\u00f3n Civil, Marco Antonio Ju\u00e1rez Salgueiro, inform\u00f3 que debido a este n\u00famero es que el personal de su \u00e1rea y otras dependencias recibieron una capacitaci\u00f3n para identificar c\u00f3mo atender este tema. Navolato, Sinaloa.- Navolato ha sido noticia en los \u00faltimos d\u00edas con la captura de 6 cocodrilos en lo que va de [&hellip;]<\/p>\n","protected":false},"author":4,"featured_media":42441,"comment_status":"open","ping_status":"open","sticky":false,"template":"","format":"standard","meta":{"tdm_status":"","tdm_grid_status":"","footnotes":""},"categories":[38],"tags":[],"class_list":{"0":"post-42440","1":"post","2":"type-post","3":"status-publish","4":"format-standard","5":"has-post-thumbnail","7":"category-noticias-locales"},"yoast_head":"<!-- This site is optimized with the Yoast SEO plugin v27.5 - https:\/\/yoast.com\/product\/yoast-seo-wordpress\/ -->\n<title>Navolatenses alertan a Protecci\u00f3n Civil por 6 cocodrilos capturados en el mes de septiembre - Fuentes Fidedignas<\/title>\n<meta name=\"robots\" content=\"index, follow, max-snippet:-1, max-image-preview:large, max-video-preview:-1\" \/>\n<link rel=\"canonical\" href=\"https:\/\/fuentesfidedignas.com.mx\/index.php\/2022\/09\/13\/navolatenses-alertan-a-proteccion-civil-por-6-cocodrilos-capturados-en-el-mes-de-septiembre\/\" \/>\n<meta property=\"og:locale\" content=\"es_MX\" \/>\n<meta property=\"og:type\" content=\"article\" \/>\n<meta property=\"og:title\" content=\"Navolatenses alertan a Protecci\u00f3n Civil por 6 cocodrilos capturados en el mes de septiembre - Fuentes Fidedignas\" \/>\n<meta property=\"og:description\" content=\"El Director de Protecci\u00f3n Civil, Marco Antonio Ju\u00e1rez Salgueiro, inform\u00f3 que debido a este n\u00famero es que el personal de su \u00e1rea y otras dependencias recibieron una capacitaci\u00f3n para identificar c\u00f3mo atender este tema. Navolato, Sinaloa.- Navolato ha sido noticia en los \u00faltimos d\u00edas con la captura de 6 cocodrilos en lo que va de [&hellip;]\" \/>\n<meta property=\"og:url\" content=\"https:\/\/fuentesfidedignas.com.mx\/index.php\/2022\/09\/13\/navolatenses-alertan-a-proteccion-civil-por-6-cocodrilos-capturados-en-el-mes-de-septiembre\/\" \/>\n<meta property=\"og:site_name\" content=\"Fuentes Fidedignas\" \/>\n<meta property=\"article:publisher\" content=\"https:\/\/www.facebook.com\/Fuentes-Fidedignas-368234489921644\" \/>\n<meta property=\"article:published_time\" content=\"2022-09-14T00:23:24+00:00\" \/>\n<meta property=\"article:modified_time\" content=\"2022-09-14T00:23:26+00:00\" \/>\n<meta property=\"og:image\" content=\"https:\/\/fuentesfidedignas.com.mx\/wp-content\/uploads\/2022\/09\/COCODRILO.jpeg\" \/>\n\t<meta property=\"og:image:width\" content=\"1164\" \/>\n\t<meta property=\"og:image:height\" content=\"845\" \/>\n\t<meta property=\"og:image:type\" content=\"image\/jpeg\" \/>\n<meta name=\"author\" content=\"Redacci\u00f3n\" \/>\n<meta name=\"twitter:card\" content=\"summary_large_image\" \/>\n<meta name=\"twitter:creator\" content=\"@fidedignas\" \/>\n<meta name=\"twitter:site\" content=\"@fidedignas\" \/>\n<meta name=\"twitter:label1\" content=\"Escrito por\" \/>\n\t<meta name=\"twitter:data1\" content=\"Redacci\u00f3n\" \/>\n\t<meta name=\"twitter:label2\" content=\"Tiempo de lectura\" \/>\n\t<meta name=\"twitter:data2\" content=\"2 minutos\" \/>\n<script type=\"application\/ld+json\" class=\"yoast-schema-graph\">{\"@context\":\"https:\\\/\\\/schema.org\",\"@graph\":[{\"@type\":\"Article\",\"@id\":\"https:\\\/\\\/fuentesfidedignas.com.mx\\\/index.php\\\/2022\\\/09\\\/13\\\/navolatenses-alertan-a-proteccion-civil-por-6-cocodrilos-capturados-en-el-mes-de-septiembre\\\/#article\",\"isPartOf\":{\"@id\":\"https:\\\/\\\/fuentesfidedignas.com.mx\\\/index.php\\\/2022\\\/09\\\/13\\\/navolatenses-alertan-a-proteccion-civil-por-6-cocodrilos-capturados-en-el-mes-de-septiembre\\\/\"},\"author\":{\"name\":\"Redacci\u00f3n\",\"@id\":\"https:\\\/\\\/fuentesfidedignas.com.mx\\\/#\\\/schema\\\/person\\\/331be9283d37198e2acd5750279085b0\"},\"headline\":\"Navolatenses alertan a Protecci\u00f3n Civil por 6 cocodrilos capturados en el mes de septiembre\",\"datePublished\":\"2022-09-14T00:23:24+00:00\",\"dateModified\":\"2022-09-14T00:23:26+00:00\",\"mainEntityOfPage\":{\"@id\":\"https:\\\/\\\/fuentesfidedignas.com.mx\\\/index.php\\\/2022\\\/09\\\/13\\\/navolatenses-alertan-a-proteccion-civil-por-6-cocodrilos-capturados-en-el-mes-de-septiembre\\\/\"},\"wordCount\":285,\"commentCount\":0,\"publisher\":{\"@id\":\"https:\\\/\\\/fuentesfidedignas.com.mx\\\/#organization\"},\"image\":{\"@id\":\"https:\\\/\\\/fuentesfidedignas.com.mx\\\/index.php\\\/2022\\\/09\\\/13\\\/navolatenses-alertan-a-proteccion-civil-por-6-cocodrilos-capturados-en-el-mes-de-septiembre\\\/#primaryimage\"},\"thumbnailUrl\":\"https:\\\/\\\/fuentesfidedignas.com.mx\\\/wp-content\\\/uploads\\\/2022\\\/09\\\/COCODRILO.jpeg\",\"articleSection\":[\"NOTICIAS LOCALES\"],\"inLanguage\":\"es\",\"potentialAction\":[{\"@type\":\"CommentAction\",\"name\":\"Comment\",\"target\":[\"https:\\\/\\\/fuentesfidedignas.com.mx\\\/index.php\\\/2022\\\/09\\\/13\\\/navolatenses-alertan-a-proteccion-civil-por-6-cocodrilos-capturados-en-el-mes-de-septiembre\\\/#respond\"]}]},{\"@type\":\"WebPage\",\"@id\":\"https:\\\/\\\/fuentesfidedignas.com.mx\\\/index.php\\\/2022\\\/09\\\/13\\\/navolatenses-alertan-a-proteccion-civil-por-6-cocodrilos-capturados-en-el-mes-de-septiembre\\\/\",\"url\":\"https:\\\/\\\/fuentesfidedignas.com.mx\\\/index.php\\\/2022\\\/09\\\/13\\\/navolatenses-alertan-a-proteccion-civil-por-6-cocodrilos-capturados-en-el-mes-de-septiembre\\\/\",\"name\":\"Navolatenses alertan a Protecci\u00f3n Civil por 6 cocodrilos capturados en el mes de septiembre - Fuentes Fidedignas\",\"isPartOf\":{\"@id\":\"https:\\\/\\\/fuentesfidedignas.com.mx\\\/#website\"},\"primaryImageOfPage\":{\"@id\":\"https:\\\/\\\/fuentesfidedignas.com.mx\\\/index.php\\\/2022\\\/09\\\/13\\\/navolatenses-alertan-a-proteccion-civil-por-6-cocodrilos-capturados-en-el-mes-de-septiembre\\\/#primaryimage\"},\"image\":{\"@id\":\"https:\\\/\\\/fuentesfidedignas.com.mx\\\/index.php\\\/2022\\\/09\\\/13\\\/navolatenses-alertan-a-proteccion-civil-por-6-cocodrilos-capturados-en-el-mes-de-septiembre\\\/#primaryimage\"},\"thumbnailUrl\":\"https:\\\/\\\/fuentesfidedignas.com.mx\\\/wp-content\\\/uploads\\\/2022\\\/09\\\/COCODRILO.jpeg\",\"datePublished\":\"2022-09-14T00:23:24+00:00\",\"dateModified\":\"2022-09-14T00:23:26+00:00\",\"breadcrumb\":{\"@id\":\"https:\\\/\\\/fuentesfidedignas.com.mx\\\/index.php\\\/2022\\\/09\\\/13\\\/navolatenses-alertan-a-proteccion-civil-por-6-cocodrilos-capturados-en-el-mes-de-septiembre\\\/#breadcrumb\"},\"inLanguage\":\"es\",\"potentialAction\":[{\"@type\":\"ReadAction\",\"target\":[\"https:\\\/\\\/fuentesfidedignas.com.mx\\\/index.php\\\/2022\\\/09\\\/13\\\/navolatenses-alertan-a-proteccion-civil-por-6-cocodrilos-capturados-en-el-mes-de-septiembre\\\/\"]}]},{\"@type\":\"ImageObject\",\"inLanguage\":\"es\",\"@id\":\"https:\\\/\\\/fuentesfidedignas.com.mx\\\/index.php\\\/2022\\\/09\\\/13\\\/navolatenses-alertan-a-proteccion-civil-por-6-cocodrilos-capturados-en-el-mes-de-septiembre\\\/#primaryimage\",\"url\":\"https:\\\/\\\/fuentesfidedignas.com.mx\\\/wp-content\\\/uploads\\\/2022\\\/09\\\/COCODRILO.jpeg\",\"contentUrl\":\"https:\\\/\\\/fuentesfidedignas.com.mx\\\/wp-content\\\/uploads\\\/2022\\\/09\\\/COCODRILO.jpeg\",\"width\":1164,\"height\":845},{\"@type\":\"BreadcrumbList\",\"@id\":\"https:\\\/\\\/fuentesfidedignas.com.mx\\\/index.php\\\/2022\\\/09\\\/13\\\/navolatenses-alertan-a-proteccion-civil-por-6-cocodrilos-capturados-en-el-mes-de-septiembre\\\/#breadcrumb\",\"itemListElement\":[{\"@type\":\"ListItem\",\"position\":1,\"name\":\"Inicio\",\"item\":\"https:\\\/\\\/fuentesfidedignas.com.mx\\\/\"},{\"@type\":\"ListItem\",\"position\":2,\"name\":\"Navolatenses alertan a Protecci\u00f3n Civil por 6 cocodrilos capturados en el mes de septiembre\"}]},{\"@type\":\"WebSite\",\"@id\":\"https:\\\/\\\/fuentesfidedignas.com.mx\\\/#website\",\"url\":\"https:\\\/\\\/fuentesfidedignas.com.mx\\\/\",\"name\":\"Fuentes Fidedignas\",\"description\":\"Otro sitio realizado con WordPress\",\"publisher\":{\"@id\":\"https:\\\/\\\/fuentesfidedignas.com.mx\\\/#organization\"},\"potentialAction\":[{\"@type\":\"SearchAction\",\"target\":{\"@type\":\"EntryPoint\",\"urlTemplate\":\"https:\\\/\\\/fuentesfidedignas.com.mx\\\/?s={search_term_string}\"},\"query-input\":{\"@type\":\"PropertyValueSpecification\",\"valueRequired\":true,\"valueName\":\"search_term_string\"}}],\"inLanguage\":\"es\"},{\"@type\":\"Organization\",\"@id\":\"https:\\\/\\\/fuentesfidedignas.com.mx\\\/#organization\",\"name\":\"Fuentes Fidedignas\",\"url\":\"https:\\\/\\\/fuentesfidedignas.com.mx\\\/\",\"logo\":{\"@type\":\"ImageObject\",\"inLanguage\":\"es\",\"@id\":\"https:\\\/\\\/fuentesfidedignas.com.mx\\\/#\\\/schema\\\/logo\\\/image\\\/\",\"url\":\"https:\\\/\\\/fuentesfidedignas.com.mx\\\/wp-content\\\/uploads\\\/2021\\\/04\\\/logo-retina.png\",\"contentUrl\":\"https:\\\/\\\/fuentesfidedignas.com.mx\\\/wp-content\\\/uploads\\\/2021\\\/04\\\/logo-retina.png\",\"width\":280,\"height\":51,\"caption\":\"Fuentes Fidedignas\"},\"image\":{\"@id\":\"https:\\\/\\\/fuentesfidedignas.com.mx\\\/#\\\/schema\\\/logo\\\/image\\\/\"},\"sameAs\":[\"https:\\\/\\\/www.facebook.com\\\/Fuentes-Fidedignas-368234489921644\",\"https:\\\/\\\/x.com\\\/fidedignas\"]},{\"@type\":\"Person\",\"@id\":\"https:\\\/\\\/fuentesfidedignas.com.mx\\\/#\\\/schema\\\/person\\\/331be9283d37198e2acd5750279085b0\",\"name\":\"Redacci\u00f3n\",\"image\":{\"@type\":\"ImageObject\",\"inLanguage\":\"es\",\"@id\":\"https:\\\/\\\/secure.gravatar.com\\\/avatar\\\/f6d8782c11d12b2d4ad3fbb6931aeab5309937a4d6cd2fc9cfaa28a6396a5aec?s=96&d=mm&r=g\",\"url\":\"https:\\\/\\\/secure.gravatar.com\\\/avatar\\\/f6d8782c11d12b2d4ad3fbb6931aeab5309937a4d6cd2fc9cfaa28a6396a5aec?s=96&d=mm&r=g\",\"contentUrl\":\"https:\\\/\\\/secure.gravatar.com\\\/avatar\\\/f6d8782c11d12b2d4ad3fbb6931aeab5309937a4d6cd2fc9cfaa28a6396a5aec?s=96&d=mm&r=g\",\"caption\":\"Redacci\u00f3n\"},\"url\":\"https:\\\/\\\/fuentesfidedignas.com.mx\\\/index.php\\\/author\\\/redaccion\\\/\"}]}<\/script>\n<!-- \/ Yoast SEO plugin. -->","yoast_head_json":{"title":"Navolatenses alertan a Protecci\u00f3n Civil por 6 cocodrilos capturados en el mes de septiembre - Fuentes Fidedignas","robots":{"index":"index","follow":"follow","max-snippet":"max-snippet:-1","max-image-preview":"max-image-preview:large","max-video-preview":"max-video-preview:-1"},"canonical":"https:\/\/fuentesfidedignas.com.mx\/index.php\/2022\/09\/13\/navolatenses-alertan-a-proteccion-civil-por-6-cocodrilos-capturados-en-el-mes-de-septiembre\/","og_locale":"es_MX","og_type":"article","og_title":"Navolatenses alertan a Protecci\u00f3n Civil por 6 cocodrilos capturados en el mes de septiembre - Fuentes Fidedignas","og_description":"El Director de Protecci\u00f3n Civil, Marco Antonio Ju\u00e1rez Salgueiro, inform\u00f3 que debido a este n\u00famero es que el personal de su \u00e1rea y otras dependencias recibieron una capacitaci\u00f3n para identificar c\u00f3mo atender este tema. Navolato, Sinaloa.- Navolato ha sido noticia en los \u00faltimos d\u00edas con la captura de 6 cocodrilos en lo que va de [&hellip;]","og_url":"https:\/\/fuentesfidedignas.com.mx\/index.php\/2022\/09\/13\/navolatenses-alertan-a-proteccion-civil-por-6-cocodrilos-capturados-en-el-mes-de-septiembre\/","og_site_name":"Fuentes Fidedignas","article_publisher":"https:\/\/www.facebook.com\/Fuentes-Fidedignas-368234489921644","article_published_time":"2022-09-14T00:23:24+00:00","article_modified_time":"2022-09-14T00:23:26+00:00","og_image":[{"width":1164,"height":845,"url":"https:\/\/fuentesfidedignas.com.mx\/wp-content\/uploads\/2022\/09\/COCODRILO.jpeg","type":"image\/jpeg"}],"author":"Redacci\u00f3n","twitter_card":"summary_large_image","twitter_creator":"@fidedignas","twitter_site":"@fidedignas","twitter_misc":{"Escrito por":"Redacci\u00f3n","Tiempo de lectura":"2 minutos"},"schema":{"@context":"https:\/\/schema.org","@graph":[{"@type":"Article","@id":"https:\/\/fuentesfidedignas.com.mx\/index.php\/2022\/09\/13\/navolatenses-alertan-a-proteccion-civil-por-6-cocodrilos-capturados-en-el-mes-de-septiembre\/#article","isPartOf":{"@id":"https:\/\/fuentesfidedignas.com.mx\/index.php\/2022\/09\/13\/navolatenses-alertan-a-proteccion-civil-por-6-cocodrilos-capturados-en-el-mes-de-septiembre\/"},"author":{"name":"Redacci\u00f3n","@id":"https:\/\/fuentesfidedignas.com.mx\/#\/schema\/person\/331be9283d37198e2acd5750279085b0"},"headline":"Navolatenses alertan a Protecci\u00f3n Civil por 6 cocodrilos capturados en el mes de septiembre","datePublished":"2022-09-14T00:23:24+00:00","dateModified":"2022-09-14T00:23:26+00:00","mainEntityOfPage":{"@id":"https:\/\/fuentesfidedignas.com.mx\/index.php\/2022\/09\/13\/navolatenses-alertan-a-proteccion-civil-por-6-cocodrilos-capturados-en-el-mes-de-septiembre\/"},"wordCount":285,"commentCount":0,"publisher":{"@id":"https:\/\/fuentesfidedignas.com.mx\/#organization"},"image":{"@id":"https:\/\/fuentesfidedignas.com.mx\/index.php\/2022\/09\/13\/navolatenses-alertan-a-proteccion-civil-por-6-cocodrilos-capturados-en-el-mes-de-septiembre\/#primaryimage"},"thumbnailUrl":"https:\/\/fuentesfidedignas.com.mx\/wp-content\/uploads\/2022\/09\/COCODRILO.jpeg","articleSection":["NOTICIAS LOCALES"],"inLanguage":"es","potentialAction":[{"@type":"CommentAction","name":"Comment","target":["https:\/\/fuentesfidedignas.com.mx\/index.php\/2022\/09\/13\/navolatenses-alertan-a-proteccion-civil-por-6-cocodrilos-capturados-en-el-mes-de-septiembre\/#respond"]}]},{"@type":"WebPage","@id":"https:\/\/fuentesfidedignas.com.mx\/index.php\/2022\/09\/13\/navolatenses-alertan-a-proteccion-civil-por-6-cocodrilos-capturados-en-el-mes-de-septiembre\/","url":"https:\/\/fuentesfidedignas.com.mx\/index.php\/2022\/09\/13\/navolatenses-alertan-a-proteccion-civil-por-6-cocodrilos-capturados-en-el-mes-de-septiembre\/","name":"Navolatenses alertan a Protecci\u00f3n Civil por 6 cocodrilos capturados en el mes de septiembre - Fuentes Fidedignas","isPartOf":{"@id":"https:\/\/fuentesfidedignas.com.mx\/#website"},"primaryImageOfPage":{"@id":"https:\/\/fuentesfidedignas.com.mx\/index.php\/2022\/09\/13\/navolatenses-alertan-a-proteccion-civil-por-6-cocodrilos-capturados-en-el-mes-de-septiembre\/#primaryimage"},"image":{"@id":"https:\/\/fuentesfidedignas.com.mx\/index.php\/2022\/09\/13\/navolatenses-alertan-a-proteccion-civil-por-6-cocodrilos-capturados-en-el-mes-de-septiembre\/#primaryimage"},"thumbnailUrl":"https:\/\/fuentesfidedignas.com.mx\/wp-content\/uploads\/2022\/09\/COCODRILO.jpeg","datePublished":"2022-09-14T00:23:24+00:00","dateModified":"2022-09-14T00:23:26+00:00","breadcrumb":{"@id":"https:\/\/fuentesfidedignas.com.mx\/index.php\/2022\/09\/13\/navolatenses-alertan-a-proteccion-civil-por-6-cocodrilos-capturados-en-el-mes-de-septiembre\/#breadcrumb"},"inLanguage":"es","potentialAction":[{"@type":"ReadAction","target":["https:\/\/fuentesfidedignas.com.mx\/index.php\/2022\/09\/13\/navolatenses-alertan-a-proteccion-civil-por-6-cocodrilos-capturados-en-el-mes-de-septiembre\/"]}]},{"@type":"ImageObject","inLanguage":"es","@id":"https:\/\/fuentesfidedignas.com.mx\/index.php\/2022\/09\/13\/navolatenses-alertan-a-proteccion-civil-por-6-cocodrilos-capturados-en-el-mes-de-septiembre\/#primaryimage","url":"https:\/\/fuentesfidedignas.com.mx\/wp-content\/uploads\/2022\/09\/COCODRILO.jpeg","contentUrl":"https:\/\/fuentesfidedignas.com.mx\/wp-content\/uploads\/2022\/09\/COCODRILO.jpeg","width":1164,"height":845},{"@type":"BreadcrumbList","@id":"https:\/\/fuentesfidedignas.com.mx\/index.php\/2022\/09\/13\/navolatenses-alertan-a-proteccion-civil-por-6-cocodrilos-capturados-en-el-mes-de-septiembre\/#breadcrumb","itemListElement":[{"@type":"ListItem","position":1,"name":"Inicio","item":"https:\/\/fuentesfidedignas.com.mx\/"},{"@type":"ListItem","position":2,"name":"Navolatenses alertan a Protecci\u00f3n Civil por 6 cocodrilos capturados en el mes de septiembre"}]},{"@type":"WebSite","@id":"https:\/\/fuentesfidedignas.com.mx\/#website","url":"https:\/\/fuentesfidedignas.com.mx\/","name":"Fuentes Fidedignas","description":"Otro sitio realizado con WordPress","publisher":{"@id":"https:\/\/fuentesfidedignas.com.mx\/#organization"},"potentialAction":[{"@type":"SearchAction","target":{"@type":"EntryPoint","urlTemplate":"https:\/\/fuentesfidedignas.com.mx\/?s={search_term_string}"},"query-input":{"@type":"PropertyValueSpecification","valueRequired":true,"valueName":"search_term_string"}}],"inLanguage":"es"},{"@type":"Organization","@id":"https:\/\/fuentesfidedignas.com.mx\/#organization","name":"Fuentes Fidedignas","url":"https:\/\/fuentesfidedignas.com.mx\/","logo":{"@type":"ImageObject","inLanguage":"es","@id":"https:\/\/fuentesfidedignas.com.mx\/#\/schema\/logo\/image\/","url":"https:\/\/fuentesfidedignas.com.mx\/wp-content\/uploads\/2021\/04\/logo-retina.png","contentUrl":"https:\/\/fuentesfidedignas.com.mx\/wp-content\/uploads\/2021\/04\/logo-retina.png","width":280,"height":51,"caption":"Fuentes Fidedignas"},"image":{"@id":"https:\/\/fuentesfidedignas.com.mx\/#\/schema\/logo\/image\/"},"sameAs":["https:\/\/www.facebook.com\/Fuentes-Fidedignas-368234489921644","https:\/\/x.com\/fidedignas"]},{"@type":"Person","@id":"https:\/\/fuentesfidedignas.com.mx\/#\/schema\/person\/331be9283d37198e2acd5750279085b0","name":"Redacci\u00f3n","image":{"@type":"ImageObject","inLanguage":"es","@id":"https:\/\/secure.gravatar.com\/avatar\/f6d8782c11d12b2d4ad3fbb6931aeab5309937a4d6cd2fc9cfaa28a6396a5aec?s=96&d=mm&r=g","url":"https:\/\/secure.gravatar.com\/avatar\/f6d8782c11d12b2d4ad3fbb6931aeab5309937a4d6cd2fc9cfaa28a6396a5aec?s=96&d=mm&r=g","contentUrl":"https:\/\/secure.gravatar.com\/avatar\/f6d8782c11d12b2d4ad3fbb6931aeab5309937a4d6cd2fc9cfaa28a6396a5aec?s=96&d=mm&r=g","caption":"Redacci\u00f3n"},"url":"https:\/\/fuentesfidedignas.com.mx\/index.php\/author\/redaccion\/"}]}},"_links":{"self":[{"href":"https:\/\/fuentesfidedignas.com.mx\/index.php\/wp-json\/wp\/v2\/posts\/42440","targetHints":{"allow":["GET"]}}],"collection":[{"href":"https:\/\/fuentesfidedignas.com.mx\/index.php\/wp-json\/wp\/v2\/posts"}],"about":[{"href":"https:\/\/fuentesfidedignas.com.mx\/index.php\/wp-json\/wp\/v2\/types\/post"}],"author":[{"embeddable":true,"href":"https:\/\/fuentesfidedignas.com.mx\/index.php\/wp-json\/wp\/v2\/users\/4"}],"replies":[{"embeddable":true,"href":"https:\/\/fuentesfidedignas.com.mx\/index.php\/wp-json\/wp\/v2\/comments?post=42440"}],"version-history":[{"count":1,"href":"https:\/\/fuentesfidedignas.com.mx\/index.php\/wp-json\/wp\/v2\/posts\/42440\/revisions"}],"predecessor-version":[{"id":42442,"href":"https:\/\/fuentesfidedignas.com.mx\/index.php\/wp-json\/wp\/v2\/posts\/42440\/revisions\/42442"}],"wp:featuredmedia":[{"embeddable":true,"href":"https:\/\/fuentesfidedignas.com.mx\/index.php\/wp-json\/wp\/v2\/media\/42441"}],"wp:attachment":[{"href":"https:\/\/fuentesfidedignas.com.mx\/index.php\/wp-json\/wp\/v2\/media?parent=42440"}],"wp:term":[{"taxonomy":"category","embeddable":true,"href":"https:\/\/fuentesfidedignas.com.mx\/index.php\/wp-json\/wp\/v2\/categories?post=42440"},{"taxonomy":"post_tag","embeddable":true,"href":"https:\/\/fuentesfidedignas.com.mx\/index.php\/wp-json\/wp\/v2\/tags?post=42440"}],"curies":[{"name":"wp","href":"https:\/\/api.w.org\/{rel}","templated":true}]}}