{"id":42432,"date":"2022-09-13T18:01:59","date_gmt":"2022-09-14T00:01:59","guid":{"rendered":"https:\/\/fuentesfidedignas.com.mx\/?p=42432"},"modified":"2022-09-13T18:12:10","modified_gmt":"2022-09-14T00:12:10","slug":"r-secuestro-y-homicidio-sentencian-a-46-anos-de-prision-a-sujeto-de-eldorado","status":"publish","type":"post","link":"https:\/\/fuentesfidedignas.com.mx\/index.php\/2022\/09\/13\/r-secuestro-y-homicidio-sentencian-a-46-anos-de-prision-a-sujeto-de-eldorado\/","title":{"rendered":"Le pagaron rescate y a\u00fan as\u00ed lo mat\u00f3; vecino de Eldorado es sentenciado a casi 50 a\u00f1os de c\u00e1rcel"},"content":{"rendered":"\n<p><em><strong>Los hechos ocurrieron en junio de 2007 donde, a pesar de recibir 150 mil pesos del rescate, el sujeto priv\u00f3 de la vida a Miguel \u00c1ngel &#8216;N&#8217;<\/strong><\/em><\/p>\n\n\n\n<p>Culiac\u00e1n, Sinaloa.- La Fiscal\u00eda General del Estado logr\u00f3 que <strong>Rodrigo \u201cM\u201d, <\/strong>fuera sentenciado a 46 a\u00f1os de prisi\u00f3n y al pago de 387 mil 124 pesos, luego de ser declarado culpable de homicidio a prop\u00f3sito de un secuestro y extorsi\u00f3n.<\/p>\n\n\n\n<p>El primero de los hechos, ocurri\u00f3 el <strong>8 de junio de 2007<\/strong>, en la sindicatura de Eldorado, al sur de Culiac\u00e1n, con el secuestro de una persona de nombre Miguel \u00c1ngel \u201cI\u201d, quien se encontraba alojado en un hotel; \u00e9ste fue sacado por la fuerza por Rodrigo \u201cM\u201d, y otros sujetos que llegaron armados a dicho lugar.<\/p>\n\n\n\n<p>A la v\u00edctima se la llevaron posteriormente a un domicilio donde <strong>lo mantuvieron privado de la libertad y por quien exigieron 150 mil pesos como rescate<\/strong>; los cuales fueron pagados por sus familiares.<\/p>\n\n\n\n<p>Sin embargo, una vez obtenido el dinero, Rodrigo \u201cM\u201d y sus acompa\u00f1antes, se llevaron a Miguel \u00c1ngel hacia un dren, donde, con una cadena lo ahorcaron, y posteriormente tiraron en el interior del afluente.<\/p>\n\n\n\n<p>Rodrigo \u201cM\u201d, fue detenido por elementos de la Unidad Especializada Antisecuestros, cuando \u00e9ste efectuaba una extorsi\u00f3n a otro habitante de la regi\u00f3n, a quien exig\u00eda el pago de 300 mil pesos para no hacerle da\u00f1o a \u00e9l o a su familia y quien le entreg\u00f3 solamente 6 mil 800 pesos.<\/p>\n\n\n\n<p>A Rodrigo \u201cM\u201d, se le emiti\u00f3 a compurgar una sentencia de 46 a\u00f1os de prisi\u00f3n; as\u00ed tambi\u00e9n se le impuso una multa de 342 mil 720 pesos; adem\u00e1s de pagar 2 mil 856 pesos por da\u00f1o material por el delito de homicidio; mientras que por da\u00f1o moral deber\u00e1 cubrir 34 mil 748 pesos. Por el por el delito de extorsi\u00f3n, realizado a una segunda v\u00edctima, se le fij\u00f3 la cantidad de 6 mil 800 pesos, lo cual ya fue por cubierto porque ese dinero se recuper\u00f3 y entreg\u00f3 al ofendido.<\/p>\n","protected":false},"excerpt":{"rendered":"<p>Los hechos ocurrieron en junio de 2007 donde, a pesar de recibir 150 mil pesos del rescate, el sujeto priv\u00f3 de la vida a Miguel \u00c1ngel &#8216;N&#8217; Culiac\u00e1n, Sinaloa.- La Fiscal\u00eda General del Estado logr\u00f3 que Rodrigo \u201cM\u201d, fuera sentenciado a 46 a\u00f1os de prisi\u00f3n y al pago de 387 mil 124 pesos, luego de [&hellip;]<\/p>\n","protected":false},"author":4,"featured_media":16975,"comment_status":"open","ping_status":"open","sticky":false,"template":"","format":"standard","meta":{"tdm_status":"","tdm_grid_status":"","footnotes":""},"categories":[38],"tags":[],"class_list":{"0":"post-42432","1":"post","2":"type-post","3":"status-publish","4":"format-standard","5":"has-post-thumbnail","7":"category-noticias-locales"},"yoast_head":"<!-- This site is optimized with the Yoast SEO plugin v27.5 - https:\/\/yoast.com\/product\/yoast-seo-wordpress\/ -->\n<title>Le pagaron rescate y a\u00fan as\u00ed lo mat\u00f3; vecino de Eldorado es sentenciado a casi 50 a\u00f1os de c\u00e1rcel - Fuentes Fidedignas<\/title>\n<meta name=\"robots\" content=\"index, follow, max-snippet:-1, max-image-preview:large, max-video-preview:-1\" \/>\n<link rel=\"canonical\" href=\"https:\/\/fuentesfidedignas.com.mx\/index.php\/2022\/09\/13\/r-secuestro-y-homicidio-sentencian-a-46-anos-de-prision-a-sujeto-de-eldorado\/\" \/>\n<meta property=\"og:locale\" content=\"es_MX\" \/>\n<meta property=\"og:type\" content=\"article\" \/>\n<meta property=\"og:title\" content=\"Le pagaron rescate y a\u00fan as\u00ed lo mat\u00f3; vecino de Eldorado es sentenciado a casi 50 a\u00f1os de c\u00e1rcel - Fuentes Fidedignas\" \/>\n<meta property=\"og:description\" content=\"Los hechos ocurrieron en junio de 2007 donde, a pesar de recibir 150 mil pesos del rescate, el sujeto priv\u00f3 de la vida a Miguel \u00c1ngel &#8216;N&#8217; Culiac\u00e1n, Sinaloa.- La Fiscal\u00eda General del Estado logr\u00f3 que Rodrigo \u201cM\u201d, fuera sentenciado a 46 a\u00f1os de prisi\u00f3n y al pago de 387 mil 124 pesos, luego de [&hellip;]\" \/>\n<meta property=\"og:url\" content=\"https:\/\/fuentesfidedignas.com.mx\/index.php\/2022\/09\/13\/r-secuestro-y-homicidio-sentencian-a-46-anos-de-prision-a-sujeto-de-eldorado\/\" \/>\n<meta property=\"og:site_name\" content=\"Fuentes Fidedignas\" \/>\n<meta property=\"article:publisher\" content=\"https:\/\/www.facebook.com\/Fuentes-Fidedignas-368234489921644\" \/>\n<meta property=\"article:published_time\" content=\"2022-09-14T00:01:59+00:00\" \/>\n<meta property=\"article:modified_time\" content=\"2022-09-14T00:12:10+00:00\" \/>\n<meta property=\"og:image\" content=\"https:\/\/fuentesfidedignas.com.mx\/wp-content\/uploads\/2021\/11\/DETENIDO_CELDA.jpg\" \/>\n\t<meta property=\"og:image:width\" content=\"800\" \/>\n\t<meta property=\"og:image:height\" content=\"600\" \/>\n\t<meta property=\"og:image:type\" content=\"image\/jpeg\" \/>\n<meta name=\"author\" content=\"Redacci\u00f3n\" \/>\n<meta name=\"twitter:card\" content=\"summary_large_image\" \/>\n<meta name=\"twitter:creator\" content=\"@fidedignas\" \/>\n<meta name=\"twitter:site\" content=\"@fidedignas\" \/>\n<meta name=\"twitter:label1\" content=\"Escrito por\" \/>\n\t<meta name=\"twitter:data1\" content=\"Redacci\u00f3n\" \/>\n\t<meta name=\"twitter:label2\" content=\"Tiempo de lectura\" \/>\n\t<meta name=\"twitter:data2\" content=\"2 minutos\" \/>\n<script type=\"application\/ld+json\" class=\"yoast-schema-graph\">{\"@context\":\"https:\\\/\\\/schema.org\",\"@graph\":[{\"@type\":\"Article\",\"@id\":\"https:\\\/\\\/fuentesfidedignas.com.mx\\\/index.php\\\/2022\\\/09\\\/13\\\/r-secuestro-y-homicidio-sentencian-a-46-anos-de-prision-a-sujeto-de-eldorado\\\/#article\",\"isPartOf\":{\"@id\":\"https:\\\/\\\/fuentesfidedignas.com.mx\\\/index.php\\\/2022\\\/09\\\/13\\\/r-secuestro-y-homicidio-sentencian-a-46-anos-de-prision-a-sujeto-de-eldorado\\\/\"},\"author\":{\"name\":\"Redacci\u00f3n\",\"@id\":\"https:\\\/\\\/fuentesfidedignas.com.mx\\\/#\\\/schema\\\/person\\\/331be9283d37198e2acd5750279085b0\"},\"headline\":\"Le pagaron rescate y a\u00fan as\u00ed lo mat\u00f3; vecino de Eldorado es sentenciado a casi 50 a\u00f1os de c\u00e1rcel\",\"datePublished\":\"2022-09-14T00:01:59+00:00\",\"dateModified\":\"2022-09-14T00:12:10+00:00\",\"mainEntityOfPage\":{\"@id\":\"https:\\\/\\\/fuentesfidedignas.com.mx\\\/index.php\\\/2022\\\/09\\\/13\\\/r-secuestro-y-homicidio-sentencian-a-46-anos-de-prision-a-sujeto-de-eldorado\\\/\"},\"wordCount\":354,\"commentCount\":0,\"publisher\":{\"@id\":\"https:\\\/\\\/fuentesfidedignas.com.mx\\\/#organization\"},\"image\":{\"@id\":\"https:\\\/\\\/fuentesfidedignas.com.mx\\\/index.php\\\/2022\\\/09\\\/13\\\/r-secuestro-y-homicidio-sentencian-a-46-anos-de-prision-a-sujeto-de-eldorado\\\/#primaryimage\"},\"thumbnailUrl\":\"https:\\\/\\\/fuentesfidedignas.com.mx\\\/wp-content\\\/uploads\\\/2021\\\/11\\\/DETENIDO_CELDA.jpg\",\"articleSection\":[\"NOTICIAS LOCALES\"],\"inLanguage\":\"es\",\"potentialAction\":[{\"@type\":\"CommentAction\",\"name\":\"Comment\",\"target\":[\"https:\\\/\\\/fuentesfidedignas.com.mx\\\/index.php\\\/2022\\\/09\\\/13\\\/r-secuestro-y-homicidio-sentencian-a-46-anos-de-prision-a-sujeto-de-eldorado\\\/#respond\"]}]},{\"@type\":\"WebPage\",\"@id\":\"https:\\\/\\\/fuentesfidedignas.com.mx\\\/index.php\\\/2022\\\/09\\\/13\\\/r-secuestro-y-homicidio-sentencian-a-46-anos-de-prision-a-sujeto-de-eldorado\\\/\",\"url\":\"https:\\\/\\\/fuentesfidedignas.com.mx\\\/index.php\\\/2022\\\/09\\\/13\\\/r-secuestro-y-homicidio-sentencian-a-46-anos-de-prision-a-sujeto-de-eldorado\\\/\",\"name\":\"Le pagaron rescate y a\u00fan as\u00ed lo mat\u00f3; vecino de Eldorado es sentenciado a casi 50 a\u00f1os de c\u00e1rcel - Fuentes Fidedignas\",\"isPartOf\":{\"@id\":\"https:\\\/\\\/fuentesfidedignas.com.mx\\\/#website\"},\"primaryImageOfPage\":{\"@id\":\"https:\\\/\\\/fuentesfidedignas.com.mx\\\/index.php\\\/2022\\\/09\\\/13\\\/r-secuestro-y-homicidio-sentencian-a-46-anos-de-prision-a-sujeto-de-eldorado\\\/#primaryimage\"},\"image\":{\"@id\":\"https:\\\/\\\/fuentesfidedignas.com.mx\\\/index.php\\\/2022\\\/09\\\/13\\\/r-secuestro-y-homicidio-sentencian-a-46-anos-de-prision-a-sujeto-de-eldorado\\\/#primaryimage\"},\"thumbnailUrl\":\"https:\\\/\\\/fuentesfidedignas.com.mx\\\/wp-content\\\/uploads\\\/2021\\\/11\\\/DETENIDO_CELDA.jpg\",\"datePublished\":\"2022-09-14T00:01:59+00:00\",\"dateModified\":\"2022-09-14T00:12:10+00:00\",\"breadcrumb\":{\"@id\":\"https:\\\/\\\/fuentesfidedignas.com.mx\\\/index.php\\\/2022\\\/09\\\/13\\\/r-secuestro-y-homicidio-sentencian-a-46-anos-de-prision-a-sujeto-de-eldorado\\\/#breadcrumb\"},\"inLanguage\":\"es\",\"potentialAction\":[{\"@type\":\"ReadAction\",\"target\":[\"https:\\\/\\\/fuentesfidedignas.com.mx\\\/index.php\\\/2022\\\/09\\\/13\\\/r-secuestro-y-homicidio-sentencian-a-46-anos-de-prision-a-sujeto-de-eldorado\\\/\"]}]},{\"@type\":\"ImageObject\",\"inLanguage\":\"es\",\"@id\":\"https:\\\/\\\/fuentesfidedignas.com.mx\\\/index.php\\\/2022\\\/09\\\/13\\\/r-secuestro-y-homicidio-sentencian-a-46-anos-de-prision-a-sujeto-de-eldorado\\\/#primaryimage\",\"url\":\"https:\\\/\\\/fuentesfidedignas.com.mx\\\/wp-content\\\/uploads\\\/2021\\\/11\\\/DETENIDO_CELDA.jpg\",\"contentUrl\":\"https:\\\/\\\/fuentesfidedignas.com.mx\\\/wp-content\\\/uploads\\\/2021\\\/11\\\/DETENIDO_CELDA.jpg\",\"width\":800,\"height\":600},{\"@type\":\"BreadcrumbList\",\"@id\":\"https:\\\/\\\/fuentesfidedignas.com.mx\\\/index.php\\\/2022\\\/09\\\/13\\\/r-secuestro-y-homicidio-sentencian-a-46-anos-de-prision-a-sujeto-de-eldorado\\\/#breadcrumb\",\"itemListElement\":[{\"@type\":\"ListItem\",\"position\":1,\"name\":\"Inicio\",\"item\":\"https:\\\/\\\/fuentesfidedignas.com.mx\\\/\"},{\"@type\":\"ListItem\",\"position\":2,\"name\":\"Le pagaron rescate y a\u00fan as\u00ed lo mat\u00f3; vecino de Eldorado es sentenciado a casi 50 a\u00f1os de c\u00e1rcel\"}]},{\"@type\":\"WebSite\",\"@id\":\"https:\\\/\\\/fuentesfidedignas.com.mx\\\/#website\",\"url\":\"https:\\\/\\\/fuentesfidedignas.com.mx\\\/\",\"name\":\"Fuentes Fidedignas\",\"description\":\"Otro sitio realizado con WordPress\",\"publisher\":{\"@id\":\"https:\\\/\\\/fuentesfidedignas.com.mx\\\/#organization\"},\"potentialAction\":[{\"@type\":\"SearchAction\",\"target\":{\"@type\":\"EntryPoint\",\"urlTemplate\":\"https:\\\/\\\/fuentesfidedignas.com.mx\\\/?s={search_term_string}\"},\"query-input\":{\"@type\":\"PropertyValueSpecification\",\"valueRequired\":true,\"valueName\":\"search_term_string\"}}],\"inLanguage\":\"es\"},{\"@type\":\"Organization\",\"@id\":\"https:\\\/\\\/fuentesfidedignas.com.mx\\\/#organization\",\"name\":\"Fuentes Fidedignas\",\"url\":\"https:\\\/\\\/fuentesfidedignas.com.mx\\\/\",\"logo\":{\"@type\":\"ImageObject\",\"inLanguage\":\"es\",\"@id\":\"https:\\\/\\\/fuentesfidedignas.com.mx\\\/#\\\/schema\\\/logo\\\/image\\\/\",\"url\":\"https:\\\/\\\/fuentesfidedignas.com.mx\\\/wp-content\\\/uploads\\\/2021\\\/04\\\/logo-retina.png\",\"contentUrl\":\"https:\\\/\\\/fuentesfidedignas.com.mx\\\/wp-content\\\/uploads\\\/2021\\\/04\\\/logo-retina.png\",\"width\":280,\"height\":51,\"caption\":\"Fuentes Fidedignas\"},\"image\":{\"@id\":\"https:\\\/\\\/fuentesfidedignas.com.mx\\\/#\\\/schema\\\/logo\\\/image\\\/\"},\"sameAs\":[\"https:\\\/\\\/www.facebook.com\\\/Fuentes-Fidedignas-368234489921644\",\"https:\\\/\\\/x.com\\\/fidedignas\"]},{\"@type\":\"Person\",\"@id\":\"https:\\\/\\\/fuentesfidedignas.com.mx\\\/#\\\/schema\\\/person\\\/331be9283d37198e2acd5750279085b0\",\"name\":\"Redacci\u00f3n\",\"image\":{\"@type\":\"ImageObject\",\"inLanguage\":\"es\",\"@id\":\"https:\\\/\\\/secure.gravatar.com\\\/avatar\\\/f6d8782c11d12b2d4ad3fbb6931aeab5309937a4d6cd2fc9cfaa28a6396a5aec?s=96&d=mm&r=g\",\"url\":\"https:\\\/\\\/secure.gravatar.com\\\/avatar\\\/f6d8782c11d12b2d4ad3fbb6931aeab5309937a4d6cd2fc9cfaa28a6396a5aec?s=96&d=mm&r=g\",\"contentUrl\":\"https:\\\/\\\/secure.gravatar.com\\\/avatar\\\/f6d8782c11d12b2d4ad3fbb6931aeab5309937a4d6cd2fc9cfaa28a6396a5aec?s=96&d=mm&r=g\",\"caption\":\"Redacci\u00f3n\"},\"url\":\"https:\\\/\\\/fuentesfidedignas.com.mx\\\/index.php\\\/author\\\/redaccion\\\/\"}]}<\/script>\n<!-- \/ Yoast SEO plugin. -->","yoast_head_json":{"title":"Le pagaron rescate y a\u00fan as\u00ed lo mat\u00f3; vecino de Eldorado es sentenciado a casi 50 a\u00f1os de c\u00e1rcel - Fuentes Fidedignas","robots":{"index":"index","follow":"follow","max-snippet":"max-snippet:-1","max-image-preview":"max-image-preview:large","max-video-preview":"max-video-preview:-1"},"canonical":"https:\/\/fuentesfidedignas.com.mx\/index.php\/2022\/09\/13\/r-secuestro-y-homicidio-sentencian-a-46-anos-de-prision-a-sujeto-de-eldorado\/","og_locale":"es_MX","og_type":"article","og_title":"Le pagaron rescate y a\u00fan as\u00ed lo mat\u00f3; vecino de Eldorado es sentenciado a casi 50 a\u00f1os de c\u00e1rcel - Fuentes Fidedignas","og_description":"Los hechos ocurrieron en junio de 2007 donde, a pesar de recibir 150 mil pesos del rescate, el sujeto priv\u00f3 de la vida a Miguel \u00c1ngel &#8216;N&#8217; Culiac\u00e1n, Sinaloa.- La Fiscal\u00eda General del Estado logr\u00f3 que Rodrigo \u201cM\u201d, fuera sentenciado a 46 a\u00f1os de prisi\u00f3n y al pago de 387 mil 124 pesos, luego de [&hellip;]","og_url":"https:\/\/fuentesfidedignas.com.mx\/index.php\/2022\/09\/13\/r-secuestro-y-homicidio-sentencian-a-46-anos-de-prision-a-sujeto-de-eldorado\/","og_site_name":"Fuentes Fidedignas","article_publisher":"https:\/\/www.facebook.com\/Fuentes-Fidedignas-368234489921644","article_published_time":"2022-09-14T00:01:59+00:00","article_modified_time":"2022-09-14T00:12:10+00:00","og_image":[{"width":800,"height":600,"url":"https:\/\/fuentesfidedignas.com.mx\/wp-content\/uploads\/2021\/11\/DETENIDO_CELDA.jpg","type":"image\/jpeg"}],"author":"Redacci\u00f3n","twitter_card":"summary_large_image","twitter_creator":"@fidedignas","twitter_site":"@fidedignas","twitter_misc":{"Escrito por":"Redacci\u00f3n","Tiempo de lectura":"2 minutos"},"schema":{"@context":"https:\/\/schema.org","@graph":[{"@type":"Article","@id":"https:\/\/fuentesfidedignas.com.mx\/index.php\/2022\/09\/13\/r-secuestro-y-homicidio-sentencian-a-46-anos-de-prision-a-sujeto-de-eldorado\/#article","isPartOf":{"@id":"https:\/\/fuentesfidedignas.com.mx\/index.php\/2022\/09\/13\/r-secuestro-y-homicidio-sentencian-a-46-anos-de-prision-a-sujeto-de-eldorado\/"},"author":{"name":"Redacci\u00f3n","@id":"https:\/\/fuentesfidedignas.com.mx\/#\/schema\/person\/331be9283d37198e2acd5750279085b0"},"headline":"Le pagaron rescate y a\u00fan as\u00ed lo mat\u00f3; vecino de Eldorado es sentenciado a casi 50 a\u00f1os de c\u00e1rcel","datePublished":"2022-09-14T00:01:59+00:00","dateModified":"2022-09-14T00:12:10+00:00","mainEntityOfPage":{"@id":"https:\/\/fuentesfidedignas.com.mx\/index.php\/2022\/09\/13\/r-secuestro-y-homicidio-sentencian-a-46-anos-de-prision-a-sujeto-de-eldorado\/"},"wordCount":354,"commentCount":0,"publisher":{"@id":"https:\/\/fuentesfidedignas.com.mx\/#organization"},"image":{"@id":"https:\/\/fuentesfidedignas.com.mx\/index.php\/2022\/09\/13\/r-secuestro-y-homicidio-sentencian-a-46-anos-de-prision-a-sujeto-de-eldorado\/#primaryimage"},"thumbnailUrl":"https:\/\/fuentesfidedignas.com.mx\/wp-content\/uploads\/2021\/11\/DETENIDO_CELDA.jpg","articleSection":["NOTICIAS LOCALES"],"inLanguage":"es","potentialAction":[{"@type":"CommentAction","name":"Comment","target":["https:\/\/fuentesfidedignas.com.mx\/index.php\/2022\/09\/13\/r-secuestro-y-homicidio-sentencian-a-46-anos-de-prision-a-sujeto-de-eldorado\/#respond"]}]},{"@type":"WebPage","@id":"https:\/\/fuentesfidedignas.com.mx\/index.php\/2022\/09\/13\/r-secuestro-y-homicidio-sentencian-a-46-anos-de-prision-a-sujeto-de-eldorado\/","url":"https:\/\/fuentesfidedignas.com.mx\/index.php\/2022\/09\/13\/r-secuestro-y-homicidio-sentencian-a-46-anos-de-prision-a-sujeto-de-eldorado\/","name":"Le pagaron rescate y a\u00fan as\u00ed lo mat\u00f3; vecino de Eldorado es sentenciado a casi 50 a\u00f1os de c\u00e1rcel - Fuentes Fidedignas","isPartOf":{"@id":"https:\/\/fuentesfidedignas.com.mx\/#website"},"primaryImageOfPage":{"@id":"https:\/\/fuentesfidedignas.com.mx\/index.php\/2022\/09\/13\/r-secuestro-y-homicidio-sentencian-a-46-anos-de-prision-a-sujeto-de-eldorado\/#primaryimage"},"image":{"@id":"https:\/\/fuentesfidedignas.com.mx\/index.php\/2022\/09\/13\/r-secuestro-y-homicidio-sentencian-a-46-anos-de-prision-a-sujeto-de-eldorado\/#primaryimage"},"thumbnailUrl":"https:\/\/fuentesfidedignas.com.mx\/wp-content\/uploads\/2021\/11\/DETENIDO_CELDA.jpg","datePublished":"2022-09-14T00:01:59+00:00","dateModified":"2022-09-14T00:12:10+00:00","breadcrumb":{"@id":"https:\/\/fuentesfidedignas.com.mx\/index.php\/2022\/09\/13\/r-secuestro-y-homicidio-sentencian-a-46-anos-de-prision-a-sujeto-de-eldorado\/#breadcrumb"},"inLanguage":"es","potentialAction":[{"@type":"ReadAction","target":["https:\/\/fuentesfidedignas.com.mx\/index.php\/2022\/09\/13\/r-secuestro-y-homicidio-sentencian-a-46-anos-de-prision-a-sujeto-de-eldorado\/"]}]},{"@type":"ImageObject","inLanguage":"es","@id":"https:\/\/fuentesfidedignas.com.mx\/index.php\/2022\/09\/13\/r-secuestro-y-homicidio-sentencian-a-46-anos-de-prision-a-sujeto-de-eldorado\/#primaryimage","url":"https:\/\/fuentesfidedignas.com.mx\/wp-content\/uploads\/2021\/11\/DETENIDO_CELDA.jpg","contentUrl":"https:\/\/fuentesfidedignas.com.mx\/wp-content\/uploads\/2021\/11\/DETENIDO_CELDA.jpg","width":800,"height":600},{"@type":"BreadcrumbList","@id":"https:\/\/fuentesfidedignas.com.mx\/index.php\/2022\/09\/13\/r-secuestro-y-homicidio-sentencian-a-46-anos-de-prision-a-sujeto-de-eldorado\/#breadcrumb","itemListElement":[{"@type":"ListItem","position":1,"name":"Inicio","item":"https:\/\/fuentesfidedignas.com.mx\/"},{"@type":"ListItem","position":2,"name":"Le pagaron rescate y a\u00fan as\u00ed lo mat\u00f3; vecino de Eldorado es sentenciado a casi 50 a\u00f1os de c\u00e1rcel"}]},{"@type":"WebSite","@id":"https:\/\/fuentesfidedignas.com.mx\/#website","url":"https:\/\/fuentesfidedignas.com.mx\/","name":"Fuentes Fidedignas","description":"Otro sitio realizado con WordPress","publisher":{"@id":"https:\/\/fuentesfidedignas.com.mx\/#organization"},"potentialAction":[{"@type":"SearchAction","target":{"@type":"EntryPoint","urlTemplate":"https:\/\/fuentesfidedignas.com.mx\/?s={search_term_string}"},"query-input":{"@type":"PropertyValueSpecification","valueRequired":true,"valueName":"search_term_string"}}],"inLanguage":"es"},{"@type":"Organization","@id":"https:\/\/fuentesfidedignas.com.mx\/#organization","name":"Fuentes Fidedignas","url":"https:\/\/fuentesfidedignas.com.mx\/","logo":{"@type":"ImageObject","inLanguage":"es","@id":"https:\/\/fuentesfidedignas.com.mx\/#\/schema\/logo\/image\/","url":"https:\/\/fuentesfidedignas.com.mx\/wp-content\/uploads\/2021\/04\/logo-retina.png","contentUrl":"https:\/\/fuentesfidedignas.com.mx\/wp-content\/uploads\/2021\/04\/logo-retina.png","width":280,"height":51,"caption":"Fuentes Fidedignas"},"image":{"@id":"https:\/\/fuentesfidedignas.com.mx\/#\/schema\/logo\/image\/"},"sameAs":["https:\/\/www.facebook.com\/Fuentes-Fidedignas-368234489921644","https:\/\/x.com\/fidedignas"]},{"@type":"Person","@id":"https:\/\/fuentesfidedignas.com.mx\/#\/schema\/person\/331be9283d37198e2acd5750279085b0","name":"Redacci\u00f3n","image":{"@type":"ImageObject","inLanguage":"es","@id":"https:\/\/secure.gravatar.com\/avatar\/f6d8782c11d12b2d4ad3fbb6931aeab5309937a4d6cd2fc9cfaa28a6396a5aec?s=96&d=mm&r=g","url":"https:\/\/secure.gravatar.com\/avatar\/f6d8782c11d12b2d4ad3fbb6931aeab5309937a4d6cd2fc9cfaa28a6396a5aec?s=96&d=mm&r=g","contentUrl":"https:\/\/secure.gravatar.com\/avatar\/f6d8782c11d12b2d4ad3fbb6931aeab5309937a4d6cd2fc9cfaa28a6396a5aec?s=96&d=mm&r=g","caption":"Redacci\u00f3n"},"url":"https:\/\/fuentesfidedignas.com.mx\/index.php\/author\/redaccion\/"}]}},"_links":{"self":[{"href":"https:\/\/fuentesfidedignas.com.mx\/index.php\/wp-json\/wp\/v2\/posts\/42432","targetHints":{"allow":["GET"]}}],"collection":[{"href":"https:\/\/fuentesfidedignas.com.mx\/index.php\/wp-json\/wp\/v2\/posts"}],"about":[{"href":"https:\/\/fuentesfidedignas.com.mx\/index.php\/wp-json\/wp\/v2\/types\/post"}],"author":[{"embeddable":true,"href":"https:\/\/fuentesfidedignas.com.mx\/index.php\/wp-json\/wp\/v2\/users\/4"}],"replies":[{"embeddable":true,"href":"https:\/\/fuentesfidedignas.com.mx\/index.php\/wp-json\/wp\/v2\/comments?post=42432"}],"version-history":[{"count":5,"href":"https:\/\/fuentesfidedignas.com.mx\/index.php\/wp-json\/wp\/v2\/posts\/42432\/revisions"}],"predecessor-version":[{"id":42439,"href":"https:\/\/fuentesfidedignas.com.mx\/index.php\/wp-json\/wp\/v2\/posts\/42432\/revisions\/42439"}],"wp:featuredmedia":[{"embeddable":true,"href":"https:\/\/fuentesfidedignas.com.mx\/index.php\/wp-json\/wp\/v2\/media\/16975"}],"wp:attachment":[{"href":"https:\/\/fuentesfidedignas.com.mx\/index.php\/wp-json\/wp\/v2\/media?parent=42432"}],"wp:term":[{"taxonomy":"category","embeddable":true,"href":"https:\/\/fuentesfidedignas.com.mx\/index.php\/wp-json\/wp\/v2\/categories?post=42432"},{"taxonomy":"post_tag","embeddable":true,"href":"https:\/\/fuentesfidedignas.com.mx\/index.php\/wp-json\/wp\/v2\/tags?post=42432"}],"curies":[{"name":"wp","href":"https:\/\/api.w.org\/{rel}","templated":true}]}}