{"id":42428,"date":"2022-09-13T16:54:59","date_gmt":"2022-09-13T22:54:59","guid":{"rendered":"https:\/\/fuentesfidedignas.com.mx\/?p=42428"},"modified":"2022-09-13T16:58:05","modified_gmt":"2022-09-13T22:58:05","slug":"expone-guerra-ochoa-buenas-practicas-en-materia-de-prevencion-y-atencion-de-violencia-contra-las-mujeres-en-encuentro-nacional","status":"publish","type":"post","link":"https:\/\/fuentesfidedignas.com.mx\/index.php\/2022\/09\/13\/expone-guerra-ochoa-buenas-practicas-en-materia-de-prevencion-y-atencion-de-violencia-contra-las-mujeres-en-encuentro-nacional\/","title":{"rendered":"Expone Guerra Ochoa buenas pr\u00e1cticas en materia de prevenci\u00f3n y atenci\u00f3n de violencia contra las Mujeres en encuentro nacional"},"content":{"rendered":"\n<p><em><strong>*INMujeres y CONAVIM reconocen liderazgo y compromiso del gobernador Rub\u00e9n Rocha Moya<\/strong><\/em><\/p>\n\n\n\n<p>CiudaddeM\u00e9xico. &#8211; Convocadas por la Comisi\u00f3n Nacional para Prevenir y Erradicar la Violencia contra las Mujeres (CONAVIM) y el Instituto Nacional de las Mujeres (INMujeres) se llev\u00f3 a cabo el d\u00eda de hoy en la Secretar\u00eda de Gobernaci\u00f3n, en el sal\u00f3n Benito Ju\u00e1rez, el \u201cEncuentro Nacional de Buenas Pr\u00e1cticas en Materia de Prevenci\u00f3n, Atenci\u00f3n, Sanci\u00f3n y Erradicaci\u00f3n de la Violencia contra Mujeres\u201d, donde la Secretaria de las Mujeres de Sinaloa, Dra. Mar\u00eda Teresa Guerra Ochoa expuso ante sus hom\u00f3logas de los diferentes estados del pa\u00eds, que bajo el mandato del gobernador de Sinaloa, Rub\u00e9n Rocha Moya sobresalen tres buenas pr\u00e1cticas en esta materia.<\/p>\n\n\n\n<p>Como n\u00famero uno, Guerra Ochoa detall\u00f3 que por instrucciones del mandatario estatal se estableci\u00f3 la conformaci\u00f3n de una mesa permanente de coordinaci\u00f3n interinstitucional con presencia de Fiscal\u00eda, Secretaria de Seguridad P\u00fablica, Secretariado Ejecutivo de Seguridad y Supremo Tribunal de Justicia del Estado de Sinaloa. En estas mesas de trabajo que encabeza la Secretar\u00eda de las Mujeres, se abordan los casos de feminicidios y delitos de alto impacto de violencia contra las mujeres, seguimiento de la alerta de violencia de g\u00e9nero (AVGM), cumplimiento de \u00f3rdenes de protecci\u00f3n a mujeres en situaci\u00f3n de riesgo, capacitaci\u00f3n; y recientemente se concretaron acciones para la instalaci\u00f3n de bot\u00f3n de p\u00e1nico a v\u00edctimas de violencia y monitoreo para evitar agresiones de mujeres en espacios p\u00fablicos, as\u00ed como coordinaci\u00f3n con secretarios de seguridad y polic\u00edas municipales para el funcionamiento de las Unidades de Reacci\u00f3n Inmediata.<\/p>\n\n\n\n<p>La segunda buena pr\u00e1ctica en Sinaloa, es la creaci\u00f3n de Unidades Locales de Atenci\u00f3n en zonas de alta incidencia de violencia contra mujeres, con servicios integrales, \u201cser\u00e1n 4 unidades en menos de un a\u00f1o de gobierno y estamos muy avanzados en la construcci\u00f3n del Centro de Justicia para Mujeres en el municipio de Mazatl\u00e1n. Destaco que Sinaloa ya contaba con un Centro de Justicia en la capital, en este con inversi\u00f3n estatal y gracias a la ampliaci\u00f3n en la plantilla de personal se estableci\u00f3 un nuevo turno y atendemos las 24 horas, todos los d\u00edas de la semana. Hemos visto mayor confianza de las usuarias y hoy en d\u00eda tenemos el triple de afluencia y observamos que entre ellas mismas pasan la voz para que acudan a este Centro\u201d, dijo la Secretaria de las Mujeres de Sinaloa.<\/p>\n\n\n\n<p>Finalmente, explic\u00f3 que como tercer buena pr\u00e1ctica se enlista la existencia de la l\u00ednea de emergencia las 24 horas, con atenci\u00f3n especializada a las mujeres que llaman al ser v\u00edctimas de violencia, \u201cesta l\u00ednea funciona a trav\u00e9s de una unidad integral para la atenci\u00f3n en casos de crisis, esta fue una de las primeras acciones afirmativas del gobernador Rub\u00e9n Rocha, ya que de inmediato brind\u00f3 el apoyo en mejora salarial del personal que labora aqu\u00ed, instruy\u00f3 para que siguieran capacit\u00e1ndose los radio operadores de otros municipios para poder brindar atenci\u00f3n de calidad y especial a las mujeres, y que este servicio se extendiera a todo el estado de Sinaloa\u201d, explic\u00f3 Guerra Ochoa.<\/p>\n\n\n\n<p>Por su parte, la Dra. Nadine Gasman Zylbermann, titular de Instituto Nacional de las Mujeres y la Mtra. Fabiola Alan\u00eds, Comisionada de CONAVIM reconocieron el liderazgo y compromiso del gobernador Rub\u00e9n Rocha Moya para con las mujeres de Sinaloa y del pa\u00eds.<\/p>\n","protected":false},"excerpt":{"rendered":"<p>*INMujeres y CONAVIM reconocen liderazgo y compromiso del gobernador Rub\u00e9n Rocha Moya CiudaddeM\u00e9xico. &#8211; Convocadas por la Comisi\u00f3n Nacional para Prevenir y Erradicar la Violencia contra las Mujeres (CONAVIM) y el Instituto Nacional de las Mujeres (INMujeres) se llev\u00f3 a cabo el d\u00eda de hoy en la Secretar\u00eda de Gobernaci\u00f3n, en el sal\u00f3n Benito Ju\u00e1rez, [&hellip;]<\/p>\n","protected":false},"author":4,"featured_media":42427,"comment_status":"open","ping_status":"open","sticky":false,"template":"","format":"standard","meta":{"tdm_status":"","tdm_grid_status":"","footnotes":""},"categories":[38],"tags":[],"class_list":{"0":"post-42428","1":"post","2":"type-post","3":"status-publish","4":"format-standard","5":"has-post-thumbnail","7":"category-noticias-locales"},"yoast_head":"<!-- This site is optimized with the Yoast SEO plugin v27.5 - https:\/\/yoast.com\/product\/yoast-seo-wordpress\/ -->\n<title>Expone Guerra Ochoa buenas pr\u00e1cticas en materia de prevenci\u00f3n y atenci\u00f3n de violencia contra las Mujeres en encuentro nacional - Fuentes Fidedignas<\/title>\n<meta name=\"robots\" content=\"index, follow, max-snippet:-1, max-image-preview:large, max-video-preview:-1\" \/>\n<link rel=\"canonical\" href=\"https:\/\/fuentesfidedignas.com.mx\/index.php\/2022\/09\/13\/expone-guerra-ochoa-buenas-practicas-en-materia-de-prevencion-y-atencion-de-violencia-contra-las-mujeres-en-encuentro-nacional\/\" \/>\n<meta property=\"og:locale\" content=\"es_MX\" \/>\n<meta property=\"og:type\" content=\"article\" \/>\n<meta property=\"og:title\" content=\"Expone Guerra Ochoa buenas pr\u00e1cticas en materia de prevenci\u00f3n y atenci\u00f3n de violencia contra las Mujeres en encuentro nacional - Fuentes Fidedignas\" \/>\n<meta property=\"og:description\" content=\"*INMujeres y CONAVIM reconocen liderazgo y compromiso del gobernador Rub\u00e9n Rocha Moya CiudaddeM\u00e9xico. &#8211; Convocadas por la Comisi\u00f3n Nacional para Prevenir y Erradicar la Violencia contra las Mujeres (CONAVIM) y el Instituto Nacional de las Mujeres (INMujeres) se llev\u00f3 a cabo el d\u00eda de hoy en la Secretar\u00eda de Gobernaci\u00f3n, en el sal\u00f3n Benito Ju\u00e1rez, [&hellip;]\" \/>\n<meta property=\"og:url\" content=\"https:\/\/fuentesfidedignas.com.mx\/index.php\/2022\/09\/13\/expone-guerra-ochoa-buenas-practicas-en-materia-de-prevencion-y-atencion-de-violencia-contra-las-mujeres-en-encuentro-nacional\/\" \/>\n<meta property=\"og:site_name\" content=\"Fuentes Fidedignas\" \/>\n<meta property=\"article:publisher\" content=\"https:\/\/www.facebook.com\/Fuentes-Fidedignas-368234489921644\" \/>\n<meta property=\"article:published_time\" content=\"2022-09-13T22:54:59+00:00\" \/>\n<meta property=\"article:modified_time\" content=\"2022-09-13T22:58:05+00:00\" \/>\n<meta property=\"og:image\" content=\"https:\/\/fuentesfidedignas.com.mx\/wp-content\/uploads\/2022\/09\/IMG-20220913-WA0132.jpg\" \/>\n\t<meta property=\"og:image:width\" content=\"1600\" \/>\n\t<meta property=\"og:image:height\" content=\"900\" \/>\n\t<meta property=\"og:image:type\" content=\"image\/jpeg\" \/>\n<meta name=\"author\" content=\"Redacci\u00f3n\" \/>\n<meta name=\"twitter:card\" content=\"summary_large_image\" \/>\n<meta name=\"twitter:creator\" content=\"@fidedignas\" \/>\n<meta name=\"twitter:site\" content=\"@fidedignas\" \/>\n<meta name=\"twitter:label1\" content=\"Escrito por\" \/>\n\t<meta name=\"twitter:data1\" content=\"Redacci\u00f3n\" \/>\n\t<meta name=\"twitter:label2\" content=\"Tiempo de lectura\" \/>\n\t<meta name=\"twitter:data2\" content=\"3 minutos\" \/>\n<script type=\"application\/ld+json\" class=\"yoast-schema-graph\">{\"@context\":\"https:\\\/\\\/schema.org\",\"@graph\":[{\"@type\":\"Article\",\"@id\":\"https:\\\/\\\/fuentesfidedignas.com.mx\\\/index.php\\\/2022\\\/09\\\/13\\\/expone-guerra-ochoa-buenas-practicas-en-materia-de-prevencion-y-atencion-de-violencia-contra-las-mujeres-en-encuentro-nacional\\\/#article\",\"isPartOf\":{\"@id\":\"https:\\\/\\\/fuentesfidedignas.com.mx\\\/index.php\\\/2022\\\/09\\\/13\\\/expone-guerra-ochoa-buenas-practicas-en-materia-de-prevencion-y-atencion-de-violencia-contra-las-mujeres-en-encuentro-nacional\\\/\"},\"author\":{\"name\":\"Redacci\u00f3n\",\"@id\":\"https:\\\/\\\/fuentesfidedignas.com.mx\\\/#\\\/schema\\\/person\\\/331be9283d37198e2acd5750279085b0\"},\"headline\":\"Expone Guerra Ochoa buenas pr\u00e1cticas en materia de prevenci\u00f3n y atenci\u00f3n de violencia contra las Mujeres en encuentro nacional\",\"datePublished\":\"2022-09-13T22:54:59+00:00\",\"dateModified\":\"2022-09-13T22:58:05+00:00\",\"mainEntityOfPage\":{\"@id\":\"https:\\\/\\\/fuentesfidedignas.com.mx\\\/index.php\\\/2022\\\/09\\\/13\\\/expone-guerra-ochoa-buenas-practicas-en-materia-de-prevencion-y-atencion-de-violencia-contra-las-mujeres-en-encuentro-nacional\\\/\"},\"wordCount\":623,\"commentCount\":0,\"publisher\":{\"@id\":\"https:\\\/\\\/fuentesfidedignas.com.mx\\\/#organization\"},\"image\":{\"@id\":\"https:\\\/\\\/fuentesfidedignas.com.mx\\\/index.php\\\/2022\\\/09\\\/13\\\/expone-guerra-ochoa-buenas-practicas-en-materia-de-prevencion-y-atencion-de-violencia-contra-las-mujeres-en-encuentro-nacional\\\/#primaryimage\"},\"thumbnailUrl\":\"https:\\\/\\\/fuentesfidedignas.com.mx\\\/wp-content\\\/uploads\\\/2022\\\/09\\\/IMG-20220913-WA0132.jpg\",\"articleSection\":[\"NOTICIAS LOCALES\"],\"inLanguage\":\"es\",\"potentialAction\":[{\"@type\":\"CommentAction\",\"name\":\"Comment\",\"target\":[\"https:\\\/\\\/fuentesfidedignas.com.mx\\\/index.php\\\/2022\\\/09\\\/13\\\/expone-guerra-ochoa-buenas-practicas-en-materia-de-prevencion-y-atencion-de-violencia-contra-las-mujeres-en-encuentro-nacional\\\/#respond\"]}]},{\"@type\":\"WebPage\",\"@id\":\"https:\\\/\\\/fuentesfidedignas.com.mx\\\/index.php\\\/2022\\\/09\\\/13\\\/expone-guerra-ochoa-buenas-practicas-en-materia-de-prevencion-y-atencion-de-violencia-contra-las-mujeres-en-encuentro-nacional\\\/\",\"url\":\"https:\\\/\\\/fuentesfidedignas.com.mx\\\/index.php\\\/2022\\\/09\\\/13\\\/expone-guerra-ochoa-buenas-practicas-en-materia-de-prevencion-y-atencion-de-violencia-contra-las-mujeres-en-encuentro-nacional\\\/\",\"name\":\"Expone Guerra Ochoa buenas pr\u00e1cticas en materia de prevenci\u00f3n y atenci\u00f3n de violencia contra las Mujeres en encuentro nacional - Fuentes Fidedignas\",\"isPartOf\":{\"@id\":\"https:\\\/\\\/fuentesfidedignas.com.mx\\\/#website\"},\"primaryImageOfPage\":{\"@id\":\"https:\\\/\\\/fuentesfidedignas.com.mx\\\/index.php\\\/2022\\\/09\\\/13\\\/expone-guerra-ochoa-buenas-practicas-en-materia-de-prevencion-y-atencion-de-violencia-contra-las-mujeres-en-encuentro-nacional\\\/#primaryimage\"},\"image\":{\"@id\":\"https:\\\/\\\/fuentesfidedignas.com.mx\\\/index.php\\\/2022\\\/09\\\/13\\\/expone-guerra-ochoa-buenas-practicas-en-materia-de-prevencion-y-atencion-de-violencia-contra-las-mujeres-en-encuentro-nacional\\\/#primaryimage\"},\"thumbnailUrl\":\"https:\\\/\\\/fuentesfidedignas.com.mx\\\/wp-content\\\/uploads\\\/2022\\\/09\\\/IMG-20220913-WA0132.jpg\",\"datePublished\":\"2022-09-13T22:54:59+00:00\",\"dateModified\":\"2022-09-13T22:58:05+00:00\",\"breadcrumb\":{\"@id\":\"https:\\\/\\\/fuentesfidedignas.com.mx\\\/index.php\\\/2022\\\/09\\\/13\\\/expone-guerra-ochoa-buenas-practicas-en-materia-de-prevencion-y-atencion-de-violencia-contra-las-mujeres-en-encuentro-nacional\\\/#breadcrumb\"},\"inLanguage\":\"es\",\"potentialAction\":[{\"@type\":\"ReadAction\",\"target\":[\"https:\\\/\\\/fuentesfidedignas.com.mx\\\/index.php\\\/2022\\\/09\\\/13\\\/expone-guerra-ochoa-buenas-practicas-en-materia-de-prevencion-y-atencion-de-violencia-contra-las-mujeres-en-encuentro-nacional\\\/\"]}]},{\"@type\":\"ImageObject\",\"inLanguage\":\"es\",\"@id\":\"https:\\\/\\\/fuentesfidedignas.com.mx\\\/index.php\\\/2022\\\/09\\\/13\\\/expone-guerra-ochoa-buenas-practicas-en-materia-de-prevencion-y-atencion-de-violencia-contra-las-mujeres-en-encuentro-nacional\\\/#primaryimage\",\"url\":\"https:\\\/\\\/fuentesfidedignas.com.mx\\\/wp-content\\\/uploads\\\/2022\\\/09\\\/IMG-20220913-WA0132.jpg\",\"contentUrl\":\"https:\\\/\\\/fuentesfidedignas.com.mx\\\/wp-content\\\/uploads\\\/2022\\\/09\\\/IMG-20220913-WA0132.jpg\",\"width\":1600,\"height\":900},{\"@type\":\"BreadcrumbList\",\"@id\":\"https:\\\/\\\/fuentesfidedignas.com.mx\\\/index.php\\\/2022\\\/09\\\/13\\\/expone-guerra-ochoa-buenas-practicas-en-materia-de-prevencion-y-atencion-de-violencia-contra-las-mujeres-en-encuentro-nacional\\\/#breadcrumb\",\"itemListElement\":[{\"@type\":\"ListItem\",\"position\":1,\"name\":\"Inicio\",\"item\":\"https:\\\/\\\/fuentesfidedignas.com.mx\\\/\"},{\"@type\":\"ListItem\",\"position\":2,\"name\":\"Expone Guerra Ochoa buenas pr\u00e1cticas en materia de prevenci\u00f3n y atenci\u00f3n de violencia contra las Mujeres en encuentro nacional\"}]},{\"@type\":\"WebSite\",\"@id\":\"https:\\\/\\\/fuentesfidedignas.com.mx\\\/#website\",\"url\":\"https:\\\/\\\/fuentesfidedignas.com.mx\\\/\",\"name\":\"Fuentes Fidedignas\",\"description\":\"Otro sitio realizado con WordPress\",\"publisher\":{\"@id\":\"https:\\\/\\\/fuentesfidedignas.com.mx\\\/#organization\"},\"potentialAction\":[{\"@type\":\"SearchAction\",\"target\":{\"@type\":\"EntryPoint\",\"urlTemplate\":\"https:\\\/\\\/fuentesfidedignas.com.mx\\\/?s={search_term_string}\"},\"query-input\":{\"@type\":\"PropertyValueSpecification\",\"valueRequired\":true,\"valueName\":\"search_term_string\"}}],\"inLanguage\":\"es\"},{\"@type\":\"Organization\",\"@id\":\"https:\\\/\\\/fuentesfidedignas.com.mx\\\/#organization\",\"name\":\"Fuentes Fidedignas\",\"url\":\"https:\\\/\\\/fuentesfidedignas.com.mx\\\/\",\"logo\":{\"@type\":\"ImageObject\",\"inLanguage\":\"es\",\"@id\":\"https:\\\/\\\/fuentesfidedignas.com.mx\\\/#\\\/schema\\\/logo\\\/image\\\/\",\"url\":\"https:\\\/\\\/fuentesfidedignas.com.mx\\\/wp-content\\\/uploads\\\/2021\\\/04\\\/logo-retina.png\",\"contentUrl\":\"https:\\\/\\\/fuentesfidedignas.com.mx\\\/wp-content\\\/uploads\\\/2021\\\/04\\\/logo-retina.png\",\"width\":280,\"height\":51,\"caption\":\"Fuentes Fidedignas\"},\"image\":{\"@id\":\"https:\\\/\\\/fuentesfidedignas.com.mx\\\/#\\\/schema\\\/logo\\\/image\\\/\"},\"sameAs\":[\"https:\\\/\\\/www.facebook.com\\\/Fuentes-Fidedignas-368234489921644\",\"https:\\\/\\\/x.com\\\/fidedignas\"]},{\"@type\":\"Person\",\"@id\":\"https:\\\/\\\/fuentesfidedignas.com.mx\\\/#\\\/schema\\\/person\\\/331be9283d37198e2acd5750279085b0\",\"name\":\"Redacci\u00f3n\",\"image\":{\"@type\":\"ImageObject\",\"inLanguage\":\"es\",\"@id\":\"https:\\\/\\\/secure.gravatar.com\\\/avatar\\\/f6d8782c11d12b2d4ad3fbb6931aeab5309937a4d6cd2fc9cfaa28a6396a5aec?s=96&d=mm&r=g\",\"url\":\"https:\\\/\\\/secure.gravatar.com\\\/avatar\\\/f6d8782c11d12b2d4ad3fbb6931aeab5309937a4d6cd2fc9cfaa28a6396a5aec?s=96&d=mm&r=g\",\"contentUrl\":\"https:\\\/\\\/secure.gravatar.com\\\/avatar\\\/f6d8782c11d12b2d4ad3fbb6931aeab5309937a4d6cd2fc9cfaa28a6396a5aec?s=96&d=mm&r=g\",\"caption\":\"Redacci\u00f3n\"},\"url\":\"https:\\\/\\\/fuentesfidedignas.com.mx\\\/index.php\\\/author\\\/redaccion\\\/\"}]}<\/script>\n<!-- \/ Yoast SEO plugin. -->","yoast_head_json":{"title":"Expone Guerra Ochoa buenas pr\u00e1cticas en materia de prevenci\u00f3n y atenci\u00f3n de violencia contra las Mujeres en encuentro nacional - Fuentes Fidedignas","robots":{"index":"index","follow":"follow","max-snippet":"max-snippet:-1","max-image-preview":"max-image-preview:large","max-video-preview":"max-video-preview:-1"},"canonical":"https:\/\/fuentesfidedignas.com.mx\/index.php\/2022\/09\/13\/expone-guerra-ochoa-buenas-practicas-en-materia-de-prevencion-y-atencion-de-violencia-contra-las-mujeres-en-encuentro-nacional\/","og_locale":"es_MX","og_type":"article","og_title":"Expone Guerra Ochoa buenas pr\u00e1cticas en materia de prevenci\u00f3n y atenci\u00f3n de violencia contra las Mujeres en encuentro nacional - Fuentes Fidedignas","og_description":"*INMujeres y CONAVIM reconocen liderazgo y compromiso del gobernador Rub\u00e9n Rocha Moya CiudaddeM\u00e9xico. &#8211; Convocadas por la Comisi\u00f3n Nacional para Prevenir y Erradicar la Violencia contra las Mujeres (CONAVIM) y el Instituto Nacional de las Mujeres (INMujeres) se llev\u00f3 a cabo el d\u00eda de hoy en la Secretar\u00eda de Gobernaci\u00f3n, en el sal\u00f3n Benito Ju\u00e1rez, [&hellip;]","og_url":"https:\/\/fuentesfidedignas.com.mx\/index.php\/2022\/09\/13\/expone-guerra-ochoa-buenas-practicas-en-materia-de-prevencion-y-atencion-de-violencia-contra-las-mujeres-en-encuentro-nacional\/","og_site_name":"Fuentes Fidedignas","article_publisher":"https:\/\/www.facebook.com\/Fuentes-Fidedignas-368234489921644","article_published_time":"2022-09-13T22:54:59+00:00","article_modified_time":"2022-09-13T22:58:05+00:00","og_image":[{"width":1600,"height":900,"url":"https:\/\/fuentesfidedignas.com.mx\/wp-content\/uploads\/2022\/09\/IMG-20220913-WA0132.jpg","type":"image\/jpeg"}],"author":"Redacci\u00f3n","twitter_card":"summary_large_image","twitter_creator":"@fidedignas","twitter_site":"@fidedignas","twitter_misc":{"Escrito por":"Redacci\u00f3n","Tiempo de lectura":"3 minutos"},"schema":{"@context":"https:\/\/schema.org","@graph":[{"@type":"Article","@id":"https:\/\/fuentesfidedignas.com.mx\/index.php\/2022\/09\/13\/expone-guerra-ochoa-buenas-practicas-en-materia-de-prevencion-y-atencion-de-violencia-contra-las-mujeres-en-encuentro-nacional\/#article","isPartOf":{"@id":"https:\/\/fuentesfidedignas.com.mx\/index.php\/2022\/09\/13\/expone-guerra-ochoa-buenas-practicas-en-materia-de-prevencion-y-atencion-de-violencia-contra-las-mujeres-en-encuentro-nacional\/"},"author":{"name":"Redacci\u00f3n","@id":"https:\/\/fuentesfidedignas.com.mx\/#\/schema\/person\/331be9283d37198e2acd5750279085b0"},"headline":"Expone Guerra Ochoa buenas pr\u00e1cticas en materia de prevenci\u00f3n y atenci\u00f3n de violencia contra las Mujeres en encuentro nacional","datePublished":"2022-09-13T22:54:59+00:00","dateModified":"2022-09-13T22:58:05+00:00","mainEntityOfPage":{"@id":"https:\/\/fuentesfidedignas.com.mx\/index.php\/2022\/09\/13\/expone-guerra-ochoa-buenas-practicas-en-materia-de-prevencion-y-atencion-de-violencia-contra-las-mujeres-en-encuentro-nacional\/"},"wordCount":623,"commentCount":0,"publisher":{"@id":"https:\/\/fuentesfidedignas.com.mx\/#organization"},"image":{"@id":"https:\/\/fuentesfidedignas.com.mx\/index.php\/2022\/09\/13\/expone-guerra-ochoa-buenas-practicas-en-materia-de-prevencion-y-atencion-de-violencia-contra-las-mujeres-en-encuentro-nacional\/#primaryimage"},"thumbnailUrl":"https:\/\/fuentesfidedignas.com.mx\/wp-content\/uploads\/2022\/09\/IMG-20220913-WA0132.jpg","articleSection":["NOTICIAS LOCALES"],"inLanguage":"es","potentialAction":[{"@type":"CommentAction","name":"Comment","target":["https:\/\/fuentesfidedignas.com.mx\/index.php\/2022\/09\/13\/expone-guerra-ochoa-buenas-practicas-en-materia-de-prevencion-y-atencion-de-violencia-contra-las-mujeres-en-encuentro-nacional\/#respond"]}]},{"@type":"WebPage","@id":"https:\/\/fuentesfidedignas.com.mx\/index.php\/2022\/09\/13\/expone-guerra-ochoa-buenas-practicas-en-materia-de-prevencion-y-atencion-de-violencia-contra-las-mujeres-en-encuentro-nacional\/","url":"https:\/\/fuentesfidedignas.com.mx\/index.php\/2022\/09\/13\/expone-guerra-ochoa-buenas-practicas-en-materia-de-prevencion-y-atencion-de-violencia-contra-las-mujeres-en-encuentro-nacional\/","name":"Expone Guerra Ochoa buenas pr\u00e1cticas en materia de prevenci\u00f3n y atenci\u00f3n de violencia contra las Mujeres en encuentro nacional - Fuentes Fidedignas","isPartOf":{"@id":"https:\/\/fuentesfidedignas.com.mx\/#website"},"primaryImageOfPage":{"@id":"https:\/\/fuentesfidedignas.com.mx\/index.php\/2022\/09\/13\/expone-guerra-ochoa-buenas-practicas-en-materia-de-prevencion-y-atencion-de-violencia-contra-las-mujeres-en-encuentro-nacional\/#primaryimage"},"image":{"@id":"https:\/\/fuentesfidedignas.com.mx\/index.php\/2022\/09\/13\/expone-guerra-ochoa-buenas-practicas-en-materia-de-prevencion-y-atencion-de-violencia-contra-las-mujeres-en-encuentro-nacional\/#primaryimage"},"thumbnailUrl":"https:\/\/fuentesfidedignas.com.mx\/wp-content\/uploads\/2022\/09\/IMG-20220913-WA0132.jpg","datePublished":"2022-09-13T22:54:59+00:00","dateModified":"2022-09-13T22:58:05+00:00","breadcrumb":{"@id":"https:\/\/fuentesfidedignas.com.mx\/index.php\/2022\/09\/13\/expone-guerra-ochoa-buenas-practicas-en-materia-de-prevencion-y-atencion-de-violencia-contra-las-mujeres-en-encuentro-nacional\/#breadcrumb"},"inLanguage":"es","potentialAction":[{"@type":"ReadAction","target":["https:\/\/fuentesfidedignas.com.mx\/index.php\/2022\/09\/13\/expone-guerra-ochoa-buenas-practicas-en-materia-de-prevencion-y-atencion-de-violencia-contra-las-mujeres-en-encuentro-nacional\/"]}]},{"@type":"ImageObject","inLanguage":"es","@id":"https:\/\/fuentesfidedignas.com.mx\/index.php\/2022\/09\/13\/expone-guerra-ochoa-buenas-practicas-en-materia-de-prevencion-y-atencion-de-violencia-contra-las-mujeres-en-encuentro-nacional\/#primaryimage","url":"https:\/\/fuentesfidedignas.com.mx\/wp-content\/uploads\/2022\/09\/IMG-20220913-WA0132.jpg","contentUrl":"https:\/\/fuentesfidedignas.com.mx\/wp-content\/uploads\/2022\/09\/IMG-20220913-WA0132.jpg","width":1600,"height":900},{"@type":"BreadcrumbList","@id":"https:\/\/fuentesfidedignas.com.mx\/index.php\/2022\/09\/13\/expone-guerra-ochoa-buenas-practicas-en-materia-de-prevencion-y-atencion-de-violencia-contra-las-mujeres-en-encuentro-nacional\/#breadcrumb","itemListElement":[{"@type":"ListItem","position":1,"name":"Inicio","item":"https:\/\/fuentesfidedignas.com.mx\/"},{"@type":"ListItem","position":2,"name":"Expone Guerra Ochoa buenas pr\u00e1cticas en materia de prevenci\u00f3n y atenci\u00f3n de violencia contra las Mujeres en encuentro nacional"}]},{"@type":"WebSite","@id":"https:\/\/fuentesfidedignas.com.mx\/#website","url":"https:\/\/fuentesfidedignas.com.mx\/","name":"Fuentes Fidedignas","description":"Otro sitio realizado con WordPress","publisher":{"@id":"https:\/\/fuentesfidedignas.com.mx\/#organization"},"potentialAction":[{"@type":"SearchAction","target":{"@type":"EntryPoint","urlTemplate":"https:\/\/fuentesfidedignas.com.mx\/?s={search_term_string}"},"query-input":{"@type":"PropertyValueSpecification","valueRequired":true,"valueName":"search_term_string"}}],"inLanguage":"es"},{"@type":"Organization","@id":"https:\/\/fuentesfidedignas.com.mx\/#organization","name":"Fuentes Fidedignas","url":"https:\/\/fuentesfidedignas.com.mx\/","logo":{"@type":"ImageObject","inLanguage":"es","@id":"https:\/\/fuentesfidedignas.com.mx\/#\/schema\/logo\/image\/","url":"https:\/\/fuentesfidedignas.com.mx\/wp-content\/uploads\/2021\/04\/logo-retina.png","contentUrl":"https:\/\/fuentesfidedignas.com.mx\/wp-content\/uploads\/2021\/04\/logo-retina.png","width":280,"height":51,"caption":"Fuentes Fidedignas"},"image":{"@id":"https:\/\/fuentesfidedignas.com.mx\/#\/schema\/logo\/image\/"},"sameAs":["https:\/\/www.facebook.com\/Fuentes-Fidedignas-368234489921644","https:\/\/x.com\/fidedignas"]},{"@type":"Person","@id":"https:\/\/fuentesfidedignas.com.mx\/#\/schema\/person\/331be9283d37198e2acd5750279085b0","name":"Redacci\u00f3n","image":{"@type":"ImageObject","inLanguage":"es","@id":"https:\/\/secure.gravatar.com\/avatar\/f6d8782c11d12b2d4ad3fbb6931aeab5309937a4d6cd2fc9cfaa28a6396a5aec?s=96&d=mm&r=g","url":"https:\/\/secure.gravatar.com\/avatar\/f6d8782c11d12b2d4ad3fbb6931aeab5309937a4d6cd2fc9cfaa28a6396a5aec?s=96&d=mm&r=g","contentUrl":"https:\/\/secure.gravatar.com\/avatar\/f6d8782c11d12b2d4ad3fbb6931aeab5309937a4d6cd2fc9cfaa28a6396a5aec?s=96&d=mm&r=g","caption":"Redacci\u00f3n"},"url":"https:\/\/fuentesfidedignas.com.mx\/index.php\/author\/redaccion\/"}]}},"_links":{"self":[{"href":"https:\/\/fuentesfidedignas.com.mx\/index.php\/wp-json\/wp\/v2\/posts\/42428","targetHints":{"allow":["GET"]}}],"collection":[{"href":"https:\/\/fuentesfidedignas.com.mx\/index.php\/wp-json\/wp\/v2\/posts"}],"about":[{"href":"https:\/\/fuentesfidedignas.com.mx\/index.php\/wp-json\/wp\/v2\/types\/post"}],"author":[{"embeddable":true,"href":"https:\/\/fuentesfidedignas.com.mx\/index.php\/wp-json\/wp\/v2\/users\/4"}],"replies":[{"embeddable":true,"href":"https:\/\/fuentesfidedignas.com.mx\/index.php\/wp-json\/wp\/v2\/comments?post=42428"}],"version-history":[{"count":1,"href":"https:\/\/fuentesfidedignas.com.mx\/index.php\/wp-json\/wp\/v2\/posts\/42428\/revisions"}],"predecessor-version":[{"id":42429,"href":"https:\/\/fuentesfidedignas.com.mx\/index.php\/wp-json\/wp\/v2\/posts\/42428\/revisions\/42429"}],"wp:featuredmedia":[{"embeddable":true,"href":"https:\/\/fuentesfidedignas.com.mx\/index.php\/wp-json\/wp\/v2\/media\/42427"}],"wp:attachment":[{"href":"https:\/\/fuentesfidedignas.com.mx\/index.php\/wp-json\/wp\/v2\/media?parent=42428"}],"wp:term":[{"taxonomy":"category","embeddable":true,"href":"https:\/\/fuentesfidedignas.com.mx\/index.php\/wp-json\/wp\/v2\/categories?post=42428"},{"taxonomy":"post_tag","embeddable":true,"href":"https:\/\/fuentesfidedignas.com.mx\/index.php\/wp-json\/wp\/v2\/tags?post=42428"}],"curies":[{"name":"wp","href":"https:\/\/api.w.org\/{rel}","templated":true}]}}