{"id":42423,"date":"2022-09-13T15:45:54","date_gmt":"2022-09-13T21:45:54","guid":{"rendered":"https:\/\/fuentesfidedignas.com.mx\/?p=42423"},"modified":"2022-09-13T15:45:55","modified_gmt":"2022-09-13T21:45:55","slug":"entrega-rocha-mas-apoyos-economicos-a-damnificados-por-lluvias","status":"publish","type":"post","link":"https:\/\/fuentesfidedignas.com.mx\/index.php\/2022\/09\/13\/entrega-rocha-mas-apoyos-economicos-a-damnificados-por-lluvias\/","title":{"rendered":"Entrega Rocha m\u00e1s apoyos econ\u00f3micos a damnificados por lluvias"},"content":{"rendered":"\n<p><strong><em>En esta ocasi\u00f3n visit\u00f3 la comunidad de Mezquitillo, donde apoy\u00f3 a 52 familias para la reposici\u00f3n de menaje<\/em><\/strong><\/p>\n\n\n\n<p>Mezquitillo, Culiac\u00e1n, Sinaloa.- Con la entrega de cheques de 5 mil pesos para 52 familias de la comunidad de Mezquitillo, en la sindicatura de Costa Rica, que resultaron afectadas en su patrimonio por las inundaciones de las recientes lluvias, el gobernador Rub\u00e9n Rocha Moya ya dispers\u00f3 alrededor de 6 millones de pesos, de recursos estatales propios, como parte de una respuesta inmediata de su gobierno para que esas familias puedan reponer los art\u00edculos del hogar que perdieron o se da\u00f1aron al ingresar el agua a sus domicilios.<\/p>\n\n\n\n<p>El mandatario estatal visit\u00f3 esta peque\u00f1a poblaci\u00f3n, acompa\u00f1ado por el presidente municipal de Culiac\u00e1n, Juan de Dios G\u00e1mez Mend\u00edvil; y por el delegado de los Programas para el Bienestar en Sinaloa, Omar Alejandro L\u00f3pez Campos, para personalmente hacer la entrega de cheques de 5 mil pesos a las familias que previamente fueron visitadas para levantar el reporte de da\u00f1os en sus casas.<\/p>\n\n\n\n<p>\u201cNo venimos a decirles te vamos a dar, no, venimos para decirles ten\u201d, le dijo el gobernador Rocha a la primera se\u00f1ora que muy agradecida recibi\u00f3 este apoyo inmediato, apenas a unos tres d\u00edas despu\u00e9s de resultar inundada su vivienda, donde se le da\u00f1aron los colchones.<\/p>\n\n\n\n<p>El gobernador visit\u00f3 varias viviendas y platic\u00f3 con sus moradores, quienes adem\u00e1s le plantearon otras demandas, principalmente el caso del puente que se construy\u00f3 para el nuevo trazado de la carretera, y que ahora ocasiona que el agua de lluvias no fluya y se estanque en el pueblo, que fue lo que origin\u00f3 la inundaci\u00f3n al interior de las casas.<\/p>\n\n\n\n<p>En respuesta, el mandatario estatal se comprometi\u00f3 a resolver de inmediato ese problema t\u00e9cnico, pues como los mismos pobladores le informaron, todo se origin\u00f3 en administraciones pasadas que dise\u00f1aron un nuevo trazo de la carretera para eliminar la curva que est\u00e1 frente a Mezquitillo, por cuesti\u00f3n de seguridad vial.<\/p>\n\n\n\n<p>\u201cEntonces tenemos como consecuencia que se tapa la corriente del agua y se inunda, y es lo mismo que tenemos tambi\u00e9n en Bacurim\u00ed, y estamos tomando esas remediaciones, ah\u00ed donde se inunda, ya est\u00e1n desazolvando\u201d, coment\u00f3.<\/p>\n\n\n\n<p>De igual manera, el gobernador atendi\u00f3 las peticiones de varias madres de familia que le solicitaron la rehabilitaci\u00f3n de la escuela primaria \u201cJos\u00e9 Mar\u00eda Pino Su\u00e1rez\u201d y el jard\u00edn de ni\u00f1os \u201c16 de Septiembre\u201d, para lo cual dijo que enviar\u00e1 a personal del Instituto Sinaloense de Infraestructura F\u00edsica Educativa (ISIFE) para hacer el levantamiento de las necesidades.<\/p>\n\n\n\n<p>Tambi\u00e9n acompa\u00f1aron al gobernador en este recorrido, el diputado Serapio Vargas Ram\u00edrez; y la presidenta del DIF Culiac\u00e1n, Irma Nidya Gasca.<\/p>\n","protected":false},"excerpt":{"rendered":"<p>En esta ocasi\u00f3n visit\u00f3 la comunidad de Mezquitillo, donde apoy\u00f3 a 52 familias para la reposici\u00f3n de menaje Mezquitillo, Culiac\u00e1n, Sinaloa.- Con la entrega de cheques de 5 mil pesos para 52 familias de la comunidad de Mezquitillo, en la sindicatura de Costa Rica, que resultaron afectadas en su patrimonio por las inundaciones de las [&hellip;]<\/p>\n","protected":false},"author":4,"featured_media":42424,"comment_status":"open","ping_status":"open","sticky":false,"template":"","format":"standard","meta":{"tdm_status":"","tdm_grid_status":"","footnotes":""},"categories":[38],"tags":[],"class_list":{"0":"post-42423","1":"post","2":"type-post","3":"status-publish","4":"format-standard","5":"has-post-thumbnail","7":"category-noticias-locales"},"yoast_head":"<!-- This site is optimized with the Yoast SEO plugin v27.5 - https:\/\/yoast.com\/product\/yoast-seo-wordpress\/ -->\n<title>Entrega Rocha m\u00e1s apoyos econ\u00f3micos a damnificados por lluvias - Fuentes Fidedignas<\/title>\n<meta name=\"robots\" content=\"index, follow, max-snippet:-1, max-image-preview:large, max-video-preview:-1\" \/>\n<link rel=\"canonical\" href=\"https:\/\/fuentesfidedignas.com.mx\/index.php\/2022\/09\/13\/entrega-rocha-mas-apoyos-economicos-a-damnificados-por-lluvias\/\" \/>\n<meta property=\"og:locale\" content=\"es_MX\" \/>\n<meta property=\"og:type\" content=\"article\" \/>\n<meta property=\"og:title\" content=\"Entrega Rocha m\u00e1s apoyos econ\u00f3micos a damnificados por lluvias - Fuentes Fidedignas\" \/>\n<meta property=\"og:description\" content=\"En esta ocasi\u00f3n visit\u00f3 la comunidad de Mezquitillo, donde apoy\u00f3 a 52 familias para la reposici\u00f3n de menaje Mezquitillo, Culiac\u00e1n, Sinaloa.- Con la entrega de cheques de 5 mil pesos para 52 familias de la comunidad de Mezquitillo, en la sindicatura de Costa Rica, que resultaron afectadas en su patrimonio por las inundaciones de las [&hellip;]\" \/>\n<meta property=\"og:url\" content=\"https:\/\/fuentesfidedignas.com.mx\/index.php\/2022\/09\/13\/entrega-rocha-mas-apoyos-economicos-a-damnificados-por-lluvias\/\" \/>\n<meta property=\"og:site_name\" content=\"Fuentes Fidedignas\" \/>\n<meta property=\"article:publisher\" content=\"https:\/\/www.facebook.com\/Fuentes-Fidedignas-368234489921644\" \/>\n<meta property=\"article:published_time\" content=\"2022-09-13T21:45:54+00:00\" \/>\n<meta property=\"article:modified_time\" content=\"2022-09-13T21:45:55+00:00\" \/>\n<meta property=\"og:image\" content=\"https:\/\/fuentesfidedignas.com.mx\/wp-content\/uploads\/2022\/09\/IMG-20220913-WA0092.jpg\" \/>\n\t<meta property=\"og:image:width\" content=\"1280\" \/>\n\t<meta property=\"og:image:height\" content=\"852\" \/>\n\t<meta property=\"og:image:type\" content=\"image\/jpeg\" \/>\n<meta name=\"author\" content=\"Redacci\u00f3n\" \/>\n<meta name=\"twitter:card\" content=\"summary_large_image\" \/>\n<meta name=\"twitter:creator\" content=\"@fidedignas\" \/>\n<meta name=\"twitter:site\" content=\"@fidedignas\" \/>\n<meta name=\"twitter:label1\" content=\"Escrito por\" \/>\n\t<meta name=\"twitter:data1\" content=\"Redacci\u00f3n\" \/>\n\t<meta name=\"twitter:label2\" content=\"Tiempo de lectura\" \/>\n\t<meta name=\"twitter:data2\" content=\"2 minutos\" \/>\n<script type=\"application\/ld+json\" class=\"yoast-schema-graph\">{\"@context\":\"https:\\\/\\\/schema.org\",\"@graph\":[{\"@type\":\"Article\",\"@id\":\"https:\\\/\\\/fuentesfidedignas.com.mx\\\/index.php\\\/2022\\\/09\\\/13\\\/entrega-rocha-mas-apoyos-economicos-a-damnificados-por-lluvias\\\/#article\",\"isPartOf\":{\"@id\":\"https:\\\/\\\/fuentesfidedignas.com.mx\\\/index.php\\\/2022\\\/09\\\/13\\\/entrega-rocha-mas-apoyos-economicos-a-damnificados-por-lluvias\\\/\"},\"author\":{\"name\":\"Redacci\u00f3n\",\"@id\":\"https:\\\/\\\/fuentesfidedignas.com.mx\\\/#\\\/schema\\\/person\\\/331be9283d37198e2acd5750279085b0\"},\"headline\":\"Entrega Rocha m\u00e1s apoyos econ\u00f3micos a damnificados por lluvias\",\"datePublished\":\"2022-09-13T21:45:54+00:00\",\"dateModified\":\"2022-09-13T21:45:55+00:00\",\"mainEntityOfPage\":{\"@id\":\"https:\\\/\\\/fuentesfidedignas.com.mx\\\/index.php\\\/2022\\\/09\\\/13\\\/entrega-rocha-mas-apoyos-economicos-a-damnificados-por-lluvias\\\/\"},\"wordCount\":477,\"commentCount\":0,\"publisher\":{\"@id\":\"https:\\\/\\\/fuentesfidedignas.com.mx\\\/#organization\"},\"image\":{\"@id\":\"https:\\\/\\\/fuentesfidedignas.com.mx\\\/index.php\\\/2022\\\/09\\\/13\\\/entrega-rocha-mas-apoyos-economicos-a-damnificados-por-lluvias\\\/#primaryimage\"},\"thumbnailUrl\":\"https:\\\/\\\/fuentesfidedignas.com.mx\\\/wp-content\\\/uploads\\\/2022\\\/09\\\/IMG-20220913-WA0092.jpg\",\"articleSection\":[\"NOTICIAS LOCALES\"],\"inLanguage\":\"es\",\"potentialAction\":[{\"@type\":\"CommentAction\",\"name\":\"Comment\",\"target\":[\"https:\\\/\\\/fuentesfidedignas.com.mx\\\/index.php\\\/2022\\\/09\\\/13\\\/entrega-rocha-mas-apoyos-economicos-a-damnificados-por-lluvias\\\/#respond\"]}]},{\"@type\":\"WebPage\",\"@id\":\"https:\\\/\\\/fuentesfidedignas.com.mx\\\/index.php\\\/2022\\\/09\\\/13\\\/entrega-rocha-mas-apoyos-economicos-a-damnificados-por-lluvias\\\/\",\"url\":\"https:\\\/\\\/fuentesfidedignas.com.mx\\\/index.php\\\/2022\\\/09\\\/13\\\/entrega-rocha-mas-apoyos-economicos-a-damnificados-por-lluvias\\\/\",\"name\":\"Entrega Rocha m\u00e1s apoyos econ\u00f3micos a damnificados por lluvias - Fuentes Fidedignas\",\"isPartOf\":{\"@id\":\"https:\\\/\\\/fuentesfidedignas.com.mx\\\/#website\"},\"primaryImageOfPage\":{\"@id\":\"https:\\\/\\\/fuentesfidedignas.com.mx\\\/index.php\\\/2022\\\/09\\\/13\\\/entrega-rocha-mas-apoyos-economicos-a-damnificados-por-lluvias\\\/#primaryimage\"},\"image\":{\"@id\":\"https:\\\/\\\/fuentesfidedignas.com.mx\\\/index.php\\\/2022\\\/09\\\/13\\\/entrega-rocha-mas-apoyos-economicos-a-damnificados-por-lluvias\\\/#primaryimage\"},\"thumbnailUrl\":\"https:\\\/\\\/fuentesfidedignas.com.mx\\\/wp-content\\\/uploads\\\/2022\\\/09\\\/IMG-20220913-WA0092.jpg\",\"datePublished\":\"2022-09-13T21:45:54+00:00\",\"dateModified\":\"2022-09-13T21:45:55+00:00\",\"breadcrumb\":{\"@id\":\"https:\\\/\\\/fuentesfidedignas.com.mx\\\/index.php\\\/2022\\\/09\\\/13\\\/entrega-rocha-mas-apoyos-economicos-a-damnificados-por-lluvias\\\/#breadcrumb\"},\"inLanguage\":\"es\",\"potentialAction\":[{\"@type\":\"ReadAction\",\"target\":[\"https:\\\/\\\/fuentesfidedignas.com.mx\\\/index.php\\\/2022\\\/09\\\/13\\\/entrega-rocha-mas-apoyos-economicos-a-damnificados-por-lluvias\\\/\"]}]},{\"@type\":\"ImageObject\",\"inLanguage\":\"es\",\"@id\":\"https:\\\/\\\/fuentesfidedignas.com.mx\\\/index.php\\\/2022\\\/09\\\/13\\\/entrega-rocha-mas-apoyos-economicos-a-damnificados-por-lluvias\\\/#primaryimage\",\"url\":\"https:\\\/\\\/fuentesfidedignas.com.mx\\\/wp-content\\\/uploads\\\/2022\\\/09\\\/IMG-20220913-WA0092.jpg\",\"contentUrl\":\"https:\\\/\\\/fuentesfidedignas.com.mx\\\/wp-content\\\/uploads\\\/2022\\\/09\\\/IMG-20220913-WA0092.jpg\",\"width\":1280,\"height\":852},{\"@type\":\"BreadcrumbList\",\"@id\":\"https:\\\/\\\/fuentesfidedignas.com.mx\\\/index.php\\\/2022\\\/09\\\/13\\\/entrega-rocha-mas-apoyos-economicos-a-damnificados-por-lluvias\\\/#breadcrumb\",\"itemListElement\":[{\"@type\":\"ListItem\",\"position\":1,\"name\":\"Inicio\",\"item\":\"https:\\\/\\\/fuentesfidedignas.com.mx\\\/\"},{\"@type\":\"ListItem\",\"position\":2,\"name\":\"Entrega Rocha m\u00e1s apoyos econ\u00f3micos a damnificados por lluvias\"}]},{\"@type\":\"WebSite\",\"@id\":\"https:\\\/\\\/fuentesfidedignas.com.mx\\\/#website\",\"url\":\"https:\\\/\\\/fuentesfidedignas.com.mx\\\/\",\"name\":\"Fuentes Fidedignas\",\"description\":\"Otro sitio realizado con WordPress\",\"publisher\":{\"@id\":\"https:\\\/\\\/fuentesfidedignas.com.mx\\\/#organization\"},\"potentialAction\":[{\"@type\":\"SearchAction\",\"target\":{\"@type\":\"EntryPoint\",\"urlTemplate\":\"https:\\\/\\\/fuentesfidedignas.com.mx\\\/?s={search_term_string}\"},\"query-input\":{\"@type\":\"PropertyValueSpecification\",\"valueRequired\":true,\"valueName\":\"search_term_string\"}}],\"inLanguage\":\"es\"},{\"@type\":\"Organization\",\"@id\":\"https:\\\/\\\/fuentesfidedignas.com.mx\\\/#organization\",\"name\":\"Fuentes Fidedignas\",\"url\":\"https:\\\/\\\/fuentesfidedignas.com.mx\\\/\",\"logo\":{\"@type\":\"ImageObject\",\"inLanguage\":\"es\",\"@id\":\"https:\\\/\\\/fuentesfidedignas.com.mx\\\/#\\\/schema\\\/logo\\\/image\\\/\",\"url\":\"https:\\\/\\\/fuentesfidedignas.com.mx\\\/wp-content\\\/uploads\\\/2021\\\/04\\\/logo-retina.png\",\"contentUrl\":\"https:\\\/\\\/fuentesfidedignas.com.mx\\\/wp-content\\\/uploads\\\/2021\\\/04\\\/logo-retina.png\",\"width\":280,\"height\":51,\"caption\":\"Fuentes Fidedignas\"},\"image\":{\"@id\":\"https:\\\/\\\/fuentesfidedignas.com.mx\\\/#\\\/schema\\\/logo\\\/image\\\/\"},\"sameAs\":[\"https:\\\/\\\/www.facebook.com\\\/Fuentes-Fidedignas-368234489921644\",\"https:\\\/\\\/x.com\\\/fidedignas\"]},{\"@type\":\"Person\",\"@id\":\"https:\\\/\\\/fuentesfidedignas.com.mx\\\/#\\\/schema\\\/person\\\/331be9283d37198e2acd5750279085b0\",\"name\":\"Redacci\u00f3n\",\"image\":{\"@type\":\"ImageObject\",\"inLanguage\":\"es\",\"@id\":\"https:\\\/\\\/secure.gravatar.com\\\/avatar\\\/f6d8782c11d12b2d4ad3fbb6931aeab5309937a4d6cd2fc9cfaa28a6396a5aec?s=96&d=mm&r=g\",\"url\":\"https:\\\/\\\/secure.gravatar.com\\\/avatar\\\/f6d8782c11d12b2d4ad3fbb6931aeab5309937a4d6cd2fc9cfaa28a6396a5aec?s=96&d=mm&r=g\",\"contentUrl\":\"https:\\\/\\\/secure.gravatar.com\\\/avatar\\\/f6d8782c11d12b2d4ad3fbb6931aeab5309937a4d6cd2fc9cfaa28a6396a5aec?s=96&d=mm&r=g\",\"caption\":\"Redacci\u00f3n\"},\"url\":\"https:\\\/\\\/fuentesfidedignas.com.mx\\\/index.php\\\/author\\\/redaccion\\\/\"}]}<\/script>\n<!-- \/ Yoast SEO plugin. -->","yoast_head_json":{"title":"Entrega Rocha m\u00e1s apoyos econ\u00f3micos a damnificados por lluvias - Fuentes Fidedignas","robots":{"index":"index","follow":"follow","max-snippet":"max-snippet:-1","max-image-preview":"max-image-preview:large","max-video-preview":"max-video-preview:-1"},"canonical":"https:\/\/fuentesfidedignas.com.mx\/index.php\/2022\/09\/13\/entrega-rocha-mas-apoyos-economicos-a-damnificados-por-lluvias\/","og_locale":"es_MX","og_type":"article","og_title":"Entrega Rocha m\u00e1s apoyos econ\u00f3micos a damnificados por lluvias - Fuentes Fidedignas","og_description":"En esta ocasi\u00f3n visit\u00f3 la comunidad de Mezquitillo, donde apoy\u00f3 a 52 familias para la reposici\u00f3n de menaje Mezquitillo, Culiac\u00e1n, Sinaloa.- Con la entrega de cheques de 5 mil pesos para 52 familias de la comunidad de Mezquitillo, en la sindicatura de Costa Rica, que resultaron afectadas en su patrimonio por las inundaciones de las [&hellip;]","og_url":"https:\/\/fuentesfidedignas.com.mx\/index.php\/2022\/09\/13\/entrega-rocha-mas-apoyos-economicos-a-damnificados-por-lluvias\/","og_site_name":"Fuentes Fidedignas","article_publisher":"https:\/\/www.facebook.com\/Fuentes-Fidedignas-368234489921644","article_published_time":"2022-09-13T21:45:54+00:00","article_modified_time":"2022-09-13T21:45:55+00:00","og_image":[{"width":1280,"height":852,"url":"https:\/\/fuentesfidedignas.com.mx\/wp-content\/uploads\/2022\/09\/IMG-20220913-WA0092.jpg","type":"image\/jpeg"}],"author":"Redacci\u00f3n","twitter_card":"summary_large_image","twitter_creator":"@fidedignas","twitter_site":"@fidedignas","twitter_misc":{"Escrito por":"Redacci\u00f3n","Tiempo de lectura":"2 minutos"},"schema":{"@context":"https:\/\/schema.org","@graph":[{"@type":"Article","@id":"https:\/\/fuentesfidedignas.com.mx\/index.php\/2022\/09\/13\/entrega-rocha-mas-apoyos-economicos-a-damnificados-por-lluvias\/#article","isPartOf":{"@id":"https:\/\/fuentesfidedignas.com.mx\/index.php\/2022\/09\/13\/entrega-rocha-mas-apoyos-economicos-a-damnificados-por-lluvias\/"},"author":{"name":"Redacci\u00f3n","@id":"https:\/\/fuentesfidedignas.com.mx\/#\/schema\/person\/331be9283d37198e2acd5750279085b0"},"headline":"Entrega Rocha m\u00e1s apoyos econ\u00f3micos a damnificados por lluvias","datePublished":"2022-09-13T21:45:54+00:00","dateModified":"2022-09-13T21:45:55+00:00","mainEntityOfPage":{"@id":"https:\/\/fuentesfidedignas.com.mx\/index.php\/2022\/09\/13\/entrega-rocha-mas-apoyos-economicos-a-damnificados-por-lluvias\/"},"wordCount":477,"commentCount":0,"publisher":{"@id":"https:\/\/fuentesfidedignas.com.mx\/#organization"},"image":{"@id":"https:\/\/fuentesfidedignas.com.mx\/index.php\/2022\/09\/13\/entrega-rocha-mas-apoyos-economicos-a-damnificados-por-lluvias\/#primaryimage"},"thumbnailUrl":"https:\/\/fuentesfidedignas.com.mx\/wp-content\/uploads\/2022\/09\/IMG-20220913-WA0092.jpg","articleSection":["NOTICIAS LOCALES"],"inLanguage":"es","potentialAction":[{"@type":"CommentAction","name":"Comment","target":["https:\/\/fuentesfidedignas.com.mx\/index.php\/2022\/09\/13\/entrega-rocha-mas-apoyos-economicos-a-damnificados-por-lluvias\/#respond"]}]},{"@type":"WebPage","@id":"https:\/\/fuentesfidedignas.com.mx\/index.php\/2022\/09\/13\/entrega-rocha-mas-apoyos-economicos-a-damnificados-por-lluvias\/","url":"https:\/\/fuentesfidedignas.com.mx\/index.php\/2022\/09\/13\/entrega-rocha-mas-apoyos-economicos-a-damnificados-por-lluvias\/","name":"Entrega Rocha m\u00e1s apoyos econ\u00f3micos a damnificados por lluvias - Fuentes Fidedignas","isPartOf":{"@id":"https:\/\/fuentesfidedignas.com.mx\/#website"},"primaryImageOfPage":{"@id":"https:\/\/fuentesfidedignas.com.mx\/index.php\/2022\/09\/13\/entrega-rocha-mas-apoyos-economicos-a-damnificados-por-lluvias\/#primaryimage"},"image":{"@id":"https:\/\/fuentesfidedignas.com.mx\/index.php\/2022\/09\/13\/entrega-rocha-mas-apoyos-economicos-a-damnificados-por-lluvias\/#primaryimage"},"thumbnailUrl":"https:\/\/fuentesfidedignas.com.mx\/wp-content\/uploads\/2022\/09\/IMG-20220913-WA0092.jpg","datePublished":"2022-09-13T21:45:54+00:00","dateModified":"2022-09-13T21:45:55+00:00","breadcrumb":{"@id":"https:\/\/fuentesfidedignas.com.mx\/index.php\/2022\/09\/13\/entrega-rocha-mas-apoyos-economicos-a-damnificados-por-lluvias\/#breadcrumb"},"inLanguage":"es","potentialAction":[{"@type":"ReadAction","target":["https:\/\/fuentesfidedignas.com.mx\/index.php\/2022\/09\/13\/entrega-rocha-mas-apoyos-economicos-a-damnificados-por-lluvias\/"]}]},{"@type":"ImageObject","inLanguage":"es","@id":"https:\/\/fuentesfidedignas.com.mx\/index.php\/2022\/09\/13\/entrega-rocha-mas-apoyos-economicos-a-damnificados-por-lluvias\/#primaryimage","url":"https:\/\/fuentesfidedignas.com.mx\/wp-content\/uploads\/2022\/09\/IMG-20220913-WA0092.jpg","contentUrl":"https:\/\/fuentesfidedignas.com.mx\/wp-content\/uploads\/2022\/09\/IMG-20220913-WA0092.jpg","width":1280,"height":852},{"@type":"BreadcrumbList","@id":"https:\/\/fuentesfidedignas.com.mx\/index.php\/2022\/09\/13\/entrega-rocha-mas-apoyos-economicos-a-damnificados-por-lluvias\/#breadcrumb","itemListElement":[{"@type":"ListItem","position":1,"name":"Inicio","item":"https:\/\/fuentesfidedignas.com.mx\/"},{"@type":"ListItem","position":2,"name":"Entrega Rocha m\u00e1s apoyos econ\u00f3micos a damnificados por lluvias"}]},{"@type":"WebSite","@id":"https:\/\/fuentesfidedignas.com.mx\/#website","url":"https:\/\/fuentesfidedignas.com.mx\/","name":"Fuentes Fidedignas","description":"Otro sitio realizado con WordPress","publisher":{"@id":"https:\/\/fuentesfidedignas.com.mx\/#organization"},"potentialAction":[{"@type":"SearchAction","target":{"@type":"EntryPoint","urlTemplate":"https:\/\/fuentesfidedignas.com.mx\/?s={search_term_string}"},"query-input":{"@type":"PropertyValueSpecification","valueRequired":true,"valueName":"search_term_string"}}],"inLanguage":"es"},{"@type":"Organization","@id":"https:\/\/fuentesfidedignas.com.mx\/#organization","name":"Fuentes Fidedignas","url":"https:\/\/fuentesfidedignas.com.mx\/","logo":{"@type":"ImageObject","inLanguage":"es","@id":"https:\/\/fuentesfidedignas.com.mx\/#\/schema\/logo\/image\/","url":"https:\/\/fuentesfidedignas.com.mx\/wp-content\/uploads\/2021\/04\/logo-retina.png","contentUrl":"https:\/\/fuentesfidedignas.com.mx\/wp-content\/uploads\/2021\/04\/logo-retina.png","width":280,"height":51,"caption":"Fuentes Fidedignas"},"image":{"@id":"https:\/\/fuentesfidedignas.com.mx\/#\/schema\/logo\/image\/"},"sameAs":["https:\/\/www.facebook.com\/Fuentes-Fidedignas-368234489921644","https:\/\/x.com\/fidedignas"]},{"@type":"Person","@id":"https:\/\/fuentesfidedignas.com.mx\/#\/schema\/person\/331be9283d37198e2acd5750279085b0","name":"Redacci\u00f3n","image":{"@type":"ImageObject","inLanguage":"es","@id":"https:\/\/secure.gravatar.com\/avatar\/f6d8782c11d12b2d4ad3fbb6931aeab5309937a4d6cd2fc9cfaa28a6396a5aec?s=96&d=mm&r=g","url":"https:\/\/secure.gravatar.com\/avatar\/f6d8782c11d12b2d4ad3fbb6931aeab5309937a4d6cd2fc9cfaa28a6396a5aec?s=96&d=mm&r=g","contentUrl":"https:\/\/secure.gravatar.com\/avatar\/f6d8782c11d12b2d4ad3fbb6931aeab5309937a4d6cd2fc9cfaa28a6396a5aec?s=96&d=mm&r=g","caption":"Redacci\u00f3n"},"url":"https:\/\/fuentesfidedignas.com.mx\/index.php\/author\/redaccion\/"}]}},"_links":{"self":[{"href":"https:\/\/fuentesfidedignas.com.mx\/index.php\/wp-json\/wp\/v2\/posts\/42423","targetHints":{"allow":["GET"]}}],"collection":[{"href":"https:\/\/fuentesfidedignas.com.mx\/index.php\/wp-json\/wp\/v2\/posts"}],"about":[{"href":"https:\/\/fuentesfidedignas.com.mx\/index.php\/wp-json\/wp\/v2\/types\/post"}],"author":[{"embeddable":true,"href":"https:\/\/fuentesfidedignas.com.mx\/index.php\/wp-json\/wp\/v2\/users\/4"}],"replies":[{"embeddable":true,"href":"https:\/\/fuentesfidedignas.com.mx\/index.php\/wp-json\/wp\/v2\/comments?post=42423"}],"version-history":[{"count":1,"href":"https:\/\/fuentesfidedignas.com.mx\/index.php\/wp-json\/wp\/v2\/posts\/42423\/revisions"}],"predecessor-version":[{"id":42425,"href":"https:\/\/fuentesfidedignas.com.mx\/index.php\/wp-json\/wp\/v2\/posts\/42423\/revisions\/42425"}],"wp:featuredmedia":[{"embeddable":true,"href":"https:\/\/fuentesfidedignas.com.mx\/index.php\/wp-json\/wp\/v2\/media\/42424"}],"wp:attachment":[{"href":"https:\/\/fuentesfidedignas.com.mx\/index.php\/wp-json\/wp\/v2\/media?parent=42423"}],"wp:term":[{"taxonomy":"category","embeddable":true,"href":"https:\/\/fuentesfidedignas.com.mx\/index.php\/wp-json\/wp\/v2\/categories?post=42423"},{"taxonomy":"post_tag","embeddable":true,"href":"https:\/\/fuentesfidedignas.com.mx\/index.php\/wp-json\/wp\/v2\/tags?post=42423"}],"curies":[{"name":"wp","href":"https:\/\/api.w.org\/{rel}","templated":true}]}}