{"id":42360,"date":"2022-09-13T06:50:10","date_gmt":"2022-09-13T12:50:10","guid":{"rendered":"https:\/\/fuentesfidedignas.com.mx\/?p=42360"},"modified":"2022-09-13T06:50:30","modified_gmt":"2022-09-13T12:50:30","slug":"emiten-ficha-roja-de-interpol-contra-duenos-de-mina-el-pinabete","status":"publish","type":"post","link":"https:\/\/fuentesfidedignas.com.mx\/index.php\/2022\/09\/13\/emiten-ficha-roja-de-interpol-contra-duenos-de-mina-el-pinabete\/","title":{"rendered":"Emiten ficha roja de Interpol contra due\u00f1os de mina \u2018El Pinabete\u2019"},"content":{"rendered":"\n<p><strong><em>En un comunicado, la FGR detall\u00f3 que program\u00f3 fecha para llevar a cabo la audiencia inicial en contra de Cristian \u201cS\u201d, persona que se encontraba explotando la mina<\/em><\/strong> <\/p>\n\n\n\n<p>Coahuila. La\u00a0<strong>Fiscal\u00eda General de la Rep\u00fablica (FGR)<\/strong>\u00a0inform\u00f3 que cuenta con tres \u00f3rdenes de aprehensi\u00f3n contra los responsables del accidente en la mina de carb\u00f3n\u00a0<strong>El Pinabete, de Sabinas, Coahuila<\/strong>, donde\u00a0<strong>10\u00a0<a href=\"https:\/\/noticieros.televisa.com\/tag\/mineros-atrapados\/\">mineros quedaron atrapados<\/a><\/strong>\u00a0el 3 de agosto tras la inundaci\u00f3n de un pozo.<\/p>\n\n\n\n<p>En un comunicado, la&nbsp;<strong>FGR<\/strong>&nbsp;detall\u00f3 que program\u00f3 fecha para llevar a cabo la audiencia inicial en contra de Cristian \u201cS\u201d, persona que se encontraba explotando la mina; Arnulfo \u201cG\u201d y Luis \u201cG\u201d, propietarios El Pinabete,quienes no se presentaron, por tal motivo, se obtuvieron tres \u00f3rdenes de aprehensi\u00f3n.<\/p>\n\n\n\n<h2 class=\"wp-block-heading\">Interpol emite ficha roja<\/h2>\n\n\n\n<p>Tambi\u00e9n se solicit\u00f3 ficha roja a la&nbsp;<strong>Interpol<\/strong>, que ya fue emitida.<\/p>\n\n\n\n<p>Adem\u00e1s, se cuenta con una alerta migratoria ante el&nbsp;<strong>Instituto Nacional de Migraci\u00f3n<\/strong>.<\/p>\n\n\n\n<p>En cuanto a Cristian \u201cS\u201d refiere que tramit\u00f3 juicio de amparo, fijando el juez una garant\u00eda de 500 mil pesos sin que hasta este momento haya sido depositada, motivo por lo que la orden de aprehensi\u00f3n sigue vigente.<\/p>\n\n\n\n<p><\/p>\n","protected":false},"excerpt":{"rendered":"<p>En un comunicado, la FGR detall\u00f3 que program\u00f3 fecha para llevar a cabo la audiencia inicial en contra de Cristian \u201cS\u201d, persona que se encontraba explotando la mina Coahuila. La\u00a0Fiscal\u00eda General de la Rep\u00fablica (FGR)\u00a0inform\u00f3 que cuenta con tres \u00f3rdenes de aprehensi\u00f3n contra los responsables del accidente en la mina de carb\u00f3n\u00a0El Pinabete, de Sabinas, [&hellip;]<\/p>\n","protected":false},"author":46,"featured_media":42362,"comment_status":"open","ping_status":"open","sticky":false,"template":"","format":"standard","meta":{"tdm_status":"","tdm_grid_status":"","footnotes":""},"categories":[39],"tags":[],"class_list":{"0":"post-42360","1":"post","2":"type-post","3":"status-publish","4":"format-standard","5":"has-post-thumbnail","7":"category-noticias-nacionales"},"yoast_head":"<!-- This site is optimized with the Yoast SEO plugin v27.5 - https:\/\/yoast.com\/product\/yoast-seo-wordpress\/ -->\n<title>Emiten ficha roja de Interpol contra due\u00f1os de mina \u2018El Pinabete\u2019 - Fuentes Fidedignas<\/title>\n<meta name=\"robots\" content=\"index, follow, max-snippet:-1, max-image-preview:large, max-video-preview:-1\" \/>\n<link rel=\"canonical\" href=\"https:\/\/fuentesfidedignas.com.mx\/index.php\/2022\/09\/13\/emiten-ficha-roja-de-interpol-contra-duenos-de-mina-el-pinabete\/\" \/>\n<meta property=\"og:locale\" content=\"es_MX\" \/>\n<meta property=\"og:type\" content=\"article\" \/>\n<meta property=\"og:title\" content=\"Emiten ficha roja de Interpol contra due\u00f1os de mina \u2018El Pinabete\u2019 - Fuentes Fidedignas\" \/>\n<meta property=\"og:description\" content=\"En un comunicado, la FGR detall\u00f3 que program\u00f3 fecha para llevar a cabo la audiencia inicial en contra de Cristian \u201cS\u201d, persona que se encontraba explotando la mina Coahuila. La\u00a0Fiscal\u00eda General de la Rep\u00fablica (FGR)\u00a0inform\u00f3 que cuenta con tres \u00f3rdenes de aprehensi\u00f3n contra los responsables del accidente en la mina de carb\u00f3n\u00a0El Pinabete, de Sabinas, [&hellip;]\" \/>\n<meta property=\"og:url\" content=\"https:\/\/fuentesfidedignas.com.mx\/index.php\/2022\/09\/13\/emiten-ficha-roja-de-interpol-contra-duenos-de-mina-el-pinabete\/\" \/>\n<meta property=\"og:site_name\" content=\"Fuentes Fidedignas\" \/>\n<meta property=\"article:publisher\" content=\"https:\/\/www.facebook.com\/Fuentes-Fidedignas-368234489921644\" \/>\n<meta property=\"article:published_time\" content=\"2022-09-13T12:50:10+00:00\" \/>\n<meta property=\"article:modified_time\" content=\"2022-09-13T12:50:30+00:00\" \/>\n<meta property=\"og:image\" content=\"https:\/\/fuentesfidedignas.com.mx\/wp-content\/uploads\/2022\/09\/mina-el-pinabete.jpeg\" \/>\n\t<meta property=\"og:image:width\" content=\"1280\" \/>\n\t<meta property=\"og:image:height\" content=\"853\" \/>\n\t<meta property=\"og:image:type\" content=\"image\/jpeg\" \/>\n<meta name=\"author\" content=\"Noticieros Televisa\" \/>\n<meta name=\"twitter:card\" content=\"summary_large_image\" \/>\n<meta name=\"twitter:creator\" content=\"@fidedignas\" \/>\n<meta name=\"twitter:site\" content=\"@fidedignas\" \/>\n<meta name=\"twitter:label1\" content=\"Escrito por\" \/>\n\t<meta name=\"twitter:data1\" content=\"Noticieros Televisa\" \/>\n\t<meta name=\"twitter:label2\" content=\"Tiempo de lectura\" \/>\n\t<meta name=\"twitter:data2\" content=\"1 minuto\" \/>\n<script type=\"application\/ld+json\" class=\"yoast-schema-graph\">{\"@context\":\"https:\\\/\\\/schema.org\",\"@graph\":[{\"@type\":\"Article\",\"@id\":\"https:\\\/\\\/fuentesfidedignas.com.mx\\\/index.php\\\/2022\\\/09\\\/13\\\/emiten-ficha-roja-de-interpol-contra-duenos-de-mina-el-pinabete\\\/#article\",\"isPartOf\":{\"@id\":\"https:\\\/\\\/fuentesfidedignas.com.mx\\\/index.php\\\/2022\\\/09\\\/13\\\/emiten-ficha-roja-de-interpol-contra-duenos-de-mina-el-pinabete\\\/\"},\"author\":{\"name\":\"Noticieros Televisa\",\"@id\":\"https:\\\/\\\/fuentesfidedignas.com.mx\\\/#\\\/schema\\\/person\\\/f030e42657a5a464a8bbd891b1aab6ee\"},\"headline\":\"Emiten ficha roja de Interpol contra due\u00f1os de mina \u2018El Pinabete\u2019\",\"datePublished\":\"2022-09-13T12:50:10+00:00\",\"dateModified\":\"2022-09-13T12:50:30+00:00\",\"mainEntityOfPage\":{\"@id\":\"https:\\\/\\\/fuentesfidedignas.com.mx\\\/index.php\\\/2022\\\/09\\\/13\\\/emiten-ficha-roja-de-interpol-contra-duenos-de-mina-el-pinabete\\\/\"},\"wordCount\":214,\"commentCount\":0,\"publisher\":{\"@id\":\"https:\\\/\\\/fuentesfidedignas.com.mx\\\/#organization\"},\"image\":{\"@id\":\"https:\\\/\\\/fuentesfidedignas.com.mx\\\/index.php\\\/2022\\\/09\\\/13\\\/emiten-ficha-roja-de-interpol-contra-duenos-de-mina-el-pinabete\\\/#primaryimage\"},\"thumbnailUrl\":\"https:\\\/\\\/fuentesfidedignas.com.mx\\\/wp-content\\\/uploads\\\/2022\\\/09\\\/mina-el-pinabete.jpeg\",\"articleSection\":[\"NOTICIAS NACIONALES\"],\"inLanguage\":\"es\",\"potentialAction\":[{\"@type\":\"CommentAction\",\"name\":\"Comment\",\"target\":[\"https:\\\/\\\/fuentesfidedignas.com.mx\\\/index.php\\\/2022\\\/09\\\/13\\\/emiten-ficha-roja-de-interpol-contra-duenos-de-mina-el-pinabete\\\/#respond\"]}]},{\"@type\":\"WebPage\",\"@id\":\"https:\\\/\\\/fuentesfidedignas.com.mx\\\/index.php\\\/2022\\\/09\\\/13\\\/emiten-ficha-roja-de-interpol-contra-duenos-de-mina-el-pinabete\\\/\",\"url\":\"https:\\\/\\\/fuentesfidedignas.com.mx\\\/index.php\\\/2022\\\/09\\\/13\\\/emiten-ficha-roja-de-interpol-contra-duenos-de-mina-el-pinabete\\\/\",\"name\":\"Emiten ficha roja de Interpol contra due\u00f1os de mina \u2018El Pinabete\u2019 - Fuentes Fidedignas\",\"isPartOf\":{\"@id\":\"https:\\\/\\\/fuentesfidedignas.com.mx\\\/#website\"},\"primaryImageOfPage\":{\"@id\":\"https:\\\/\\\/fuentesfidedignas.com.mx\\\/index.php\\\/2022\\\/09\\\/13\\\/emiten-ficha-roja-de-interpol-contra-duenos-de-mina-el-pinabete\\\/#primaryimage\"},\"image\":{\"@id\":\"https:\\\/\\\/fuentesfidedignas.com.mx\\\/index.php\\\/2022\\\/09\\\/13\\\/emiten-ficha-roja-de-interpol-contra-duenos-de-mina-el-pinabete\\\/#primaryimage\"},\"thumbnailUrl\":\"https:\\\/\\\/fuentesfidedignas.com.mx\\\/wp-content\\\/uploads\\\/2022\\\/09\\\/mina-el-pinabete.jpeg\",\"datePublished\":\"2022-09-13T12:50:10+00:00\",\"dateModified\":\"2022-09-13T12:50:30+00:00\",\"breadcrumb\":{\"@id\":\"https:\\\/\\\/fuentesfidedignas.com.mx\\\/index.php\\\/2022\\\/09\\\/13\\\/emiten-ficha-roja-de-interpol-contra-duenos-de-mina-el-pinabete\\\/#breadcrumb\"},\"inLanguage\":\"es\",\"potentialAction\":[{\"@type\":\"ReadAction\",\"target\":[\"https:\\\/\\\/fuentesfidedignas.com.mx\\\/index.php\\\/2022\\\/09\\\/13\\\/emiten-ficha-roja-de-interpol-contra-duenos-de-mina-el-pinabete\\\/\"]}]},{\"@type\":\"ImageObject\",\"inLanguage\":\"es\",\"@id\":\"https:\\\/\\\/fuentesfidedignas.com.mx\\\/index.php\\\/2022\\\/09\\\/13\\\/emiten-ficha-roja-de-interpol-contra-duenos-de-mina-el-pinabete\\\/#primaryimage\",\"url\":\"https:\\\/\\\/fuentesfidedignas.com.mx\\\/wp-content\\\/uploads\\\/2022\\\/09\\\/mina-el-pinabete.jpeg\",\"contentUrl\":\"https:\\\/\\\/fuentesfidedignas.com.mx\\\/wp-content\\\/uploads\\\/2022\\\/09\\\/mina-el-pinabete.jpeg\",\"width\":1280,\"height\":853},{\"@type\":\"BreadcrumbList\",\"@id\":\"https:\\\/\\\/fuentesfidedignas.com.mx\\\/index.php\\\/2022\\\/09\\\/13\\\/emiten-ficha-roja-de-interpol-contra-duenos-de-mina-el-pinabete\\\/#breadcrumb\",\"itemListElement\":[{\"@type\":\"ListItem\",\"position\":1,\"name\":\"Inicio\",\"item\":\"https:\\\/\\\/fuentesfidedignas.com.mx\\\/\"},{\"@type\":\"ListItem\",\"position\":2,\"name\":\"Emiten ficha roja de Interpol contra due\u00f1os de mina \u2018El Pinabete\u2019\"}]},{\"@type\":\"WebSite\",\"@id\":\"https:\\\/\\\/fuentesfidedignas.com.mx\\\/#website\",\"url\":\"https:\\\/\\\/fuentesfidedignas.com.mx\\\/\",\"name\":\"Fuentes Fidedignas\",\"description\":\"Otro sitio realizado con WordPress\",\"publisher\":{\"@id\":\"https:\\\/\\\/fuentesfidedignas.com.mx\\\/#organization\"},\"potentialAction\":[{\"@type\":\"SearchAction\",\"target\":{\"@type\":\"EntryPoint\",\"urlTemplate\":\"https:\\\/\\\/fuentesfidedignas.com.mx\\\/?s={search_term_string}\"},\"query-input\":{\"@type\":\"PropertyValueSpecification\",\"valueRequired\":true,\"valueName\":\"search_term_string\"}}],\"inLanguage\":\"es\"},{\"@type\":\"Organization\",\"@id\":\"https:\\\/\\\/fuentesfidedignas.com.mx\\\/#organization\",\"name\":\"Fuentes Fidedignas\",\"url\":\"https:\\\/\\\/fuentesfidedignas.com.mx\\\/\",\"logo\":{\"@type\":\"ImageObject\",\"inLanguage\":\"es\",\"@id\":\"https:\\\/\\\/fuentesfidedignas.com.mx\\\/#\\\/schema\\\/logo\\\/image\\\/\",\"url\":\"https:\\\/\\\/fuentesfidedignas.com.mx\\\/wp-content\\\/uploads\\\/2021\\\/04\\\/logo-retina.png\",\"contentUrl\":\"https:\\\/\\\/fuentesfidedignas.com.mx\\\/wp-content\\\/uploads\\\/2021\\\/04\\\/logo-retina.png\",\"width\":280,\"height\":51,\"caption\":\"Fuentes Fidedignas\"},\"image\":{\"@id\":\"https:\\\/\\\/fuentesfidedignas.com.mx\\\/#\\\/schema\\\/logo\\\/image\\\/\"},\"sameAs\":[\"https:\\\/\\\/www.facebook.com\\\/Fuentes-Fidedignas-368234489921644\",\"https:\\\/\\\/x.com\\\/fidedignas\"]},{\"@type\":\"Person\",\"@id\":\"https:\\\/\\\/fuentesfidedignas.com.mx\\\/#\\\/schema\\\/person\\\/f030e42657a5a464a8bbd891b1aab6ee\",\"name\":\"Noticieros Televisa\",\"image\":{\"@type\":\"ImageObject\",\"inLanguage\":\"es\",\"@id\":\"https:\\\/\\\/secure.gravatar.com\\\/avatar\\\/0e47b9e785a628831b8fd9eaf15e090e106760a879abbd4a3306f128ef5d43a9?s=96&d=mm&r=g\",\"url\":\"https:\\\/\\\/secure.gravatar.com\\\/avatar\\\/0e47b9e785a628831b8fd9eaf15e090e106760a879abbd4a3306f128ef5d43a9?s=96&d=mm&r=g\",\"contentUrl\":\"https:\\\/\\\/secure.gravatar.com\\\/avatar\\\/0e47b9e785a628831b8fd9eaf15e090e106760a879abbd4a3306f128ef5d43a9?s=96&d=mm&r=g\",\"caption\":\"Noticieros Televisa\"},\"url\":\"https:\\\/\\\/fuentesfidedignas.com.mx\\\/index.php\\\/author\\\/noticieros-televisa\\\/\"}]}<\/script>\n<!-- \/ Yoast SEO plugin. -->","yoast_head_json":{"title":"Emiten ficha roja de Interpol contra due\u00f1os de mina \u2018El Pinabete\u2019 - Fuentes Fidedignas","robots":{"index":"index","follow":"follow","max-snippet":"max-snippet:-1","max-image-preview":"max-image-preview:large","max-video-preview":"max-video-preview:-1"},"canonical":"https:\/\/fuentesfidedignas.com.mx\/index.php\/2022\/09\/13\/emiten-ficha-roja-de-interpol-contra-duenos-de-mina-el-pinabete\/","og_locale":"es_MX","og_type":"article","og_title":"Emiten ficha roja de Interpol contra due\u00f1os de mina \u2018El Pinabete\u2019 - Fuentes Fidedignas","og_description":"En un comunicado, la FGR detall\u00f3 que program\u00f3 fecha para llevar a cabo la audiencia inicial en contra de Cristian \u201cS\u201d, persona que se encontraba explotando la mina Coahuila. La\u00a0Fiscal\u00eda General de la Rep\u00fablica (FGR)\u00a0inform\u00f3 que cuenta con tres \u00f3rdenes de aprehensi\u00f3n contra los responsables del accidente en la mina de carb\u00f3n\u00a0El Pinabete, de Sabinas, [&hellip;]","og_url":"https:\/\/fuentesfidedignas.com.mx\/index.php\/2022\/09\/13\/emiten-ficha-roja-de-interpol-contra-duenos-de-mina-el-pinabete\/","og_site_name":"Fuentes Fidedignas","article_publisher":"https:\/\/www.facebook.com\/Fuentes-Fidedignas-368234489921644","article_published_time":"2022-09-13T12:50:10+00:00","article_modified_time":"2022-09-13T12:50:30+00:00","og_image":[{"width":1280,"height":853,"url":"https:\/\/fuentesfidedignas.com.mx\/wp-content\/uploads\/2022\/09\/mina-el-pinabete.jpeg","type":"image\/jpeg"}],"author":"Noticieros Televisa","twitter_card":"summary_large_image","twitter_creator":"@fidedignas","twitter_site":"@fidedignas","twitter_misc":{"Escrito por":"Noticieros Televisa","Tiempo de lectura":"1 minuto"},"schema":{"@context":"https:\/\/schema.org","@graph":[{"@type":"Article","@id":"https:\/\/fuentesfidedignas.com.mx\/index.php\/2022\/09\/13\/emiten-ficha-roja-de-interpol-contra-duenos-de-mina-el-pinabete\/#article","isPartOf":{"@id":"https:\/\/fuentesfidedignas.com.mx\/index.php\/2022\/09\/13\/emiten-ficha-roja-de-interpol-contra-duenos-de-mina-el-pinabete\/"},"author":{"name":"Noticieros Televisa","@id":"https:\/\/fuentesfidedignas.com.mx\/#\/schema\/person\/f030e42657a5a464a8bbd891b1aab6ee"},"headline":"Emiten ficha roja de Interpol contra due\u00f1os de mina \u2018El Pinabete\u2019","datePublished":"2022-09-13T12:50:10+00:00","dateModified":"2022-09-13T12:50:30+00:00","mainEntityOfPage":{"@id":"https:\/\/fuentesfidedignas.com.mx\/index.php\/2022\/09\/13\/emiten-ficha-roja-de-interpol-contra-duenos-de-mina-el-pinabete\/"},"wordCount":214,"commentCount":0,"publisher":{"@id":"https:\/\/fuentesfidedignas.com.mx\/#organization"},"image":{"@id":"https:\/\/fuentesfidedignas.com.mx\/index.php\/2022\/09\/13\/emiten-ficha-roja-de-interpol-contra-duenos-de-mina-el-pinabete\/#primaryimage"},"thumbnailUrl":"https:\/\/fuentesfidedignas.com.mx\/wp-content\/uploads\/2022\/09\/mina-el-pinabete.jpeg","articleSection":["NOTICIAS NACIONALES"],"inLanguage":"es","potentialAction":[{"@type":"CommentAction","name":"Comment","target":["https:\/\/fuentesfidedignas.com.mx\/index.php\/2022\/09\/13\/emiten-ficha-roja-de-interpol-contra-duenos-de-mina-el-pinabete\/#respond"]}]},{"@type":"WebPage","@id":"https:\/\/fuentesfidedignas.com.mx\/index.php\/2022\/09\/13\/emiten-ficha-roja-de-interpol-contra-duenos-de-mina-el-pinabete\/","url":"https:\/\/fuentesfidedignas.com.mx\/index.php\/2022\/09\/13\/emiten-ficha-roja-de-interpol-contra-duenos-de-mina-el-pinabete\/","name":"Emiten ficha roja de Interpol contra due\u00f1os de mina \u2018El Pinabete\u2019 - Fuentes Fidedignas","isPartOf":{"@id":"https:\/\/fuentesfidedignas.com.mx\/#website"},"primaryImageOfPage":{"@id":"https:\/\/fuentesfidedignas.com.mx\/index.php\/2022\/09\/13\/emiten-ficha-roja-de-interpol-contra-duenos-de-mina-el-pinabete\/#primaryimage"},"image":{"@id":"https:\/\/fuentesfidedignas.com.mx\/index.php\/2022\/09\/13\/emiten-ficha-roja-de-interpol-contra-duenos-de-mina-el-pinabete\/#primaryimage"},"thumbnailUrl":"https:\/\/fuentesfidedignas.com.mx\/wp-content\/uploads\/2022\/09\/mina-el-pinabete.jpeg","datePublished":"2022-09-13T12:50:10+00:00","dateModified":"2022-09-13T12:50:30+00:00","breadcrumb":{"@id":"https:\/\/fuentesfidedignas.com.mx\/index.php\/2022\/09\/13\/emiten-ficha-roja-de-interpol-contra-duenos-de-mina-el-pinabete\/#breadcrumb"},"inLanguage":"es","potentialAction":[{"@type":"ReadAction","target":["https:\/\/fuentesfidedignas.com.mx\/index.php\/2022\/09\/13\/emiten-ficha-roja-de-interpol-contra-duenos-de-mina-el-pinabete\/"]}]},{"@type":"ImageObject","inLanguage":"es","@id":"https:\/\/fuentesfidedignas.com.mx\/index.php\/2022\/09\/13\/emiten-ficha-roja-de-interpol-contra-duenos-de-mina-el-pinabete\/#primaryimage","url":"https:\/\/fuentesfidedignas.com.mx\/wp-content\/uploads\/2022\/09\/mina-el-pinabete.jpeg","contentUrl":"https:\/\/fuentesfidedignas.com.mx\/wp-content\/uploads\/2022\/09\/mina-el-pinabete.jpeg","width":1280,"height":853},{"@type":"BreadcrumbList","@id":"https:\/\/fuentesfidedignas.com.mx\/index.php\/2022\/09\/13\/emiten-ficha-roja-de-interpol-contra-duenos-de-mina-el-pinabete\/#breadcrumb","itemListElement":[{"@type":"ListItem","position":1,"name":"Inicio","item":"https:\/\/fuentesfidedignas.com.mx\/"},{"@type":"ListItem","position":2,"name":"Emiten ficha roja de Interpol contra due\u00f1os de mina \u2018El Pinabete\u2019"}]},{"@type":"WebSite","@id":"https:\/\/fuentesfidedignas.com.mx\/#website","url":"https:\/\/fuentesfidedignas.com.mx\/","name":"Fuentes Fidedignas","description":"Otro sitio realizado con WordPress","publisher":{"@id":"https:\/\/fuentesfidedignas.com.mx\/#organization"},"potentialAction":[{"@type":"SearchAction","target":{"@type":"EntryPoint","urlTemplate":"https:\/\/fuentesfidedignas.com.mx\/?s={search_term_string}"},"query-input":{"@type":"PropertyValueSpecification","valueRequired":true,"valueName":"search_term_string"}}],"inLanguage":"es"},{"@type":"Organization","@id":"https:\/\/fuentesfidedignas.com.mx\/#organization","name":"Fuentes Fidedignas","url":"https:\/\/fuentesfidedignas.com.mx\/","logo":{"@type":"ImageObject","inLanguage":"es","@id":"https:\/\/fuentesfidedignas.com.mx\/#\/schema\/logo\/image\/","url":"https:\/\/fuentesfidedignas.com.mx\/wp-content\/uploads\/2021\/04\/logo-retina.png","contentUrl":"https:\/\/fuentesfidedignas.com.mx\/wp-content\/uploads\/2021\/04\/logo-retina.png","width":280,"height":51,"caption":"Fuentes Fidedignas"},"image":{"@id":"https:\/\/fuentesfidedignas.com.mx\/#\/schema\/logo\/image\/"},"sameAs":["https:\/\/www.facebook.com\/Fuentes-Fidedignas-368234489921644","https:\/\/x.com\/fidedignas"]},{"@type":"Person","@id":"https:\/\/fuentesfidedignas.com.mx\/#\/schema\/person\/f030e42657a5a464a8bbd891b1aab6ee","name":"Noticieros Televisa","image":{"@type":"ImageObject","inLanguage":"es","@id":"https:\/\/secure.gravatar.com\/avatar\/0e47b9e785a628831b8fd9eaf15e090e106760a879abbd4a3306f128ef5d43a9?s=96&d=mm&r=g","url":"https:\/\/secure.gravatar.com\/avatar\/0e47b9e785a628831b8fd9eaf15e090e106760a879abbd4a3306f128ef5d43a9?s=96&d=mm&r=g","contentUrl":"https:\/\/secure.gravatar.com\/avatar\/0e47b9e785a628831b8fd9eaf15e090e106760a879abbd4a3306f128ef5d43a9?s=96&d=mm&r=g","caption":"Noticieros Televisa"},"url":"https:\/\/fuentesfidedignas.com.mx\/index.php\/author\/noticieros-televisa\/"}]}},"_links":{"self":[{"href":"https:\/\/fuentesfidedignas.com.mx\/index.php\/wp-json\/wp\/v2\/posts\/42360","targetHints":{"allow":["GET"]}}],"collection":[{"href":"https:\/\/fuentesfidedignas.com.mx\/index.php\/wp-json\/wp\/v2\/posts"}],"about":[{"href":"https:\/\/fuentesfidedignas.com.mx\/index.php\/wp-json\/wp\/v2\/types\/post"}],"author":[{"embeddable":true,"href":"https:\/\/fuentesfidedignas.com.mx\/index.php\/wp-json\/wp\/v2\/users\/46"}],"replies":[{"embeddable":true,"href":"https:\/\/fuentesfidedignas.com.mx\/index.php\/wp-json\/wp\/v2\/comments?post=42360"}],"version-history":[{"count":1,"href":"https:\/\/fuentesfidedignas.com.mx\/index.php\/wp-json\/wp\/v2\/posts\/42360\/revisions"}],"predecessor-version":[{"id":42361,"href":"https:\/\/fuentesfidedignas.com.mx\/index.php\/wp-json\/wp\/v2\/posts\/42360\/revisions\/42361"}],"wp:featuredmedia":[{"embeddable":true,"href":"https:\/\/fuentesfidedignas.com.mx\/index.php\/wp-json\/wp\/v2\/media\/42362"}],"wp:attachment":[{"href":"https:\/\/fuentesfidedignas.com.mx\/index.php\/wp-json\/wp\/v2\/media?parent=42360"}],"wp:term":[{"taxonomy":"category","embeddable":true,"href":"https:\/\/fuentesfidedignas.com.mx\/index.php\/wp-json\/wp\/v2\/categories?post=42360"},{"taxonomy":"post_tag","embeddable":true,"href":"https:\/\/fuentesfidedignas.com.mx\/index.php\/wp-json\/wp\/v2\/tags?post=42360"}],"curies":[{"name":"wp","href":"https:\/\/api.w.org\/{rel}","templated":true}]}}