{"id":42213,"date":"2022-09-11T11:59:01","date_gmt":"2022-09-11T17:59:01","guid":{"rendered":"https:\/\/fuentesfidedignas.com.mx\/?p=42213"},"modified":"2022-09-11T11:59:03","modified_gmt":"2022-09-11T17:59:03","slug":"empresaria-de-23-anos-enlista-el-por-que-no-quiere-tener-hijos-y-genera-polemica-en-redes-sociales","status":"publish","type":"post","link":"https:\/\/fuentesfidedignas.com.mx\/index.php\/2022\/09\/11\/empresaria-de-23-anos-enlista-el-por-que-no-quiere-tener-hijos-y-genera-polemica-en-redes-sociales\/","title":{"rendered":"Empresaria de 23 a\u00f1os enlista el por qu\u00e9 no quiere tener hijos y genera pol\u00e9mica en redes sociales"},"content":{"rendered":"\n<p><strong><em>\u201cLos ni\u00f1os son caros. S\u00e9 lo que es crecer en un entorno muy pobre y prefiero irme de vacaciones que pagar por un ni\u00f1o\u201d, se\u00f1al\u00f3.<\/em><\/strong><\/p>\n\n\n\n<p>En TikTok, una joven empresaria de 23 a\u00f1os enlist\u00f3 sus m\u00faltiples razones por las que no quiere tener hijos. Para algunos usuarios, este video fue causa de una pol\u00e9mica.<\/p>\n\n\n\n<p>Su nombre es Lorella Palmer y de acuerdo con su perspectiva, \u201clos ni\u00f1os son caros, molestos y no tienen sentido com\u00fan\u201d.<\/p>\n\n\n\n<p>Tras la pol\u00e9mica que caus\u00f3 su video, medios internacionales como Mirror la entrevistaron y all\u00ed la empresaria dijo:<\/p>\n\n\n\n<p>\u201cLos ni\u00f1os son simplemente molestos, me molestan, en todos los sentidos de la palabra. No tienen sentido com\u00fan, no pueden beber, tienen que acostarse temprano, gritan, lloran.\u201d<\/p>\n\n\n\n<p>Agreg\u00f3 que cuando ve a un ni\u00f1o solo puede fijarse en las costras y residuos que tiene alrededor de la nariz, que observa su saliva pegada en la comisura de los labios y los restos de comida por todas partes.<\/p>\n\n\n\n<p>Por este motivo, para la reci\u00e9n egresada abogada de la Universidad de Porstmouth la maternidad es algo que no va con ella, y contrario a esta preferir\u00eda enfocarse en su carrera y cuidar su dinero.<\/p>\n\n\n\n<p>\u201cLos ni\u00f1os son caros. S\u00e9 lo que es crecer en un entorno muy pobre y prefiero irme de vacaciones que pagar por un ni\u00f1o\u2026<\/p>\n\n\n\n<p>\u201cPreferir\u00eda poner atenci\u00f3n en m\u00ed en lugar de que un beb\u00e9 cambie mi cuerpo y vac\u00ede mi cuenta bancaria\u201d, detall\u00f3.<\/p>\n\n\n\n<blockquote class=\"tiktok-embed\" cite=\"https:\/\/www.tiktok.com\/@lorellapalmer\/video\/7109547124165020934\" data-video-id=\"7109547124165020934\" style=\"max-width: 605px;min-width: 325px;\" > <section> <a target=\"_blank\" title=\"@lorellapalmer\" href=\"https:\/\/www.tiktok.com\/@lorellapalmer?refer=embed\" rel=\"noopener\">@lorellapalmer<\/a> I think I get funnier as I go down the list \ud83d\ude02\ud83d\ude02 <a title=\"childlessmillennial\" target=\"_blank\" href=\"https:\/\/www.tiktok.com\/tag\/childlessmillennial?refer=embed\" rel=\"noopener\">#childlessmillennial<\/a> <a title=\"childlessforlife\" target=\"_blank\" href=\"https:\/\/www.tiktok.com\/tag\/childlessforlife?refer=embed\" rel=\"noopener\">#childlessforlife<\/a> @lorellapalmer <a target=\"_blank\" title=\"\u266c original sound - Lorella Palmer\" href=\"https:\/\/www.tiktok.com\/music\/original-sound-7109547177424325381?refer=embed\" rel=\"noopener\">\u266c original sound &#8211; Lorella Palmer<\/a> <\/section> <\/blockquote> <script async src=\"https:\/\/www.tiktok.com\/embed.js\"><\/script>\n\n\n\n<p>Las 10 razones que esta joven empresaria enlist\u00f3 para no tener hijos son:<\/p>\n\n\n\n<ol class=\"wp-block-list\"><li>Es ego\u00edsta<\/li><li>Los ni\u00f1os son caros<\/li><li>Quiere cuidar su imagen corporal<\/li><li>El mundo es un lugar malo<\/li><li>Por salud mental<\/li><li>Sus traumas familiares<\/li><li>Los ni\u00f1os son desordenados y sucios<\/li><li>Odia a los ni\u00f1os<\/li><li>Los ni\u00f1os son molestos<\/li><li>No desea ser madre<\/li><\/ol>\n","protected":false},"excerpt":{"rendered":"<p>\u201cLos ni\u00f1os son caros. S\u00e9 lo que es crecer en un entorno muy pobre y prefiero irme de vacaciones que pagar por un ni\u00f1o\u201d, se\u00f1al\u00f3. En TikTok, una joven empresaria de 23 a\u00f1os enlist\u00f3 sus m\u00faltiples razones por las que no quiere tener hijos. Para algunos usuarios, este video fue causa de una pol\u00e9mica. Su [&hellip;]<\/p>\n","protected":false},"author":46,"featured_media":42214,"comment_status":"open","ping_status":"open","sticky":false,"template":"","format":"standard","meta":{"tdm_status":"","tdm_grid_status":"","footnotes":""},"categories":[40],"tags":[290,193],"class_list":{"0":"post-42213","1":"post","2":"type-post","3":"status-publish","4":"format-standard","5":"has-post-thumbnail","7":"category-las-asombrosas","8":"tag-asombrosa","9":"tag-viral"},"yoast_head":"<!-- This site is optimized with the Yoast SEO plugin v27.4 - https:\/\/yoast.com\/product\/yoast-seo-wordpress\/ -->\n<title>Empresaria de 23 a\u00f1os enlista el por qu\u00e9 no quiere tener hijos y genera pol\u00e9mica en redes sociales - Fuentes Fidedignas<\/title>\n<meta name=\"robots\" content=\"index, follow, max-snippet:-1, max-image-preview:large, max-video-preview:-1\" \/>\n<link rel=\"canonical\" href=\"https:\/\/fuentesfidedignas.com.mx\/index.php\/2022\/09\/11\/empresaria-de-23-anos-enlista-el-por-que-no-quiere-tener-hijos-y-genera-polemica-en-redes-sociales\/\" \/>\n<meta property=\"og:locale\" content=\"es_MX\" \/>\n<meta property=\"og:type\" content=\"article\" \/>\n<meta property=\"og:title\" content=\"Empresaria de 23 a\u00f1os enlista el por qu\u00e9 no quiere tener hijos y genera pol\u00e9mica en redes sociales - Fuentes Fidedignas\" \/>\n<meta property=\"og:description\" content=\"\u201cLos ni\u00f1os son caros. S\u00e9 lo que es crecer en un entorno muy pobre y prefiero irme de vacaciones que pagar por un ni\u00f1o\u201d, se\u00f1al\u00f3. En TikTok, una joven empresaria de 23 a\u00f1os enlist\u00f3 sus m\u00faltiples razones por las que no quiere tener hijos. Para algunos usuarios, este video fue causa de una pol\u00e9mica. Su [&hellip;]\" \/>\n<meta property=\"og:url\" content=\"https:\/\/fuentesfidedignas.com.mx\/index.php\/2022\/09\/11\/empresaria-de-23-anos-enlista-el-por-que-no-quiere-tener-hijos-y-genera-polemica-en-redes-sociales\/\" \/>\n<meta property=\"og:site_name\" content=\"Fuentes Fidedignas\" \/>\n<meta property=\"article:publisher\" content=\"https:\/\/www.facebook.com\/Fuentes-Fidedignas-368234489921644\" \/>\n<meta property=\"article:published_time\" content=\"2022-09-11T17:59:01+00:00\" \/>\n<meta property=\"article:modified_time\" content=\"2022-09-11T17:59:03+00:00\" \/>\n<meta property=\"og:image\" content=\"https:\/\/fuentesfidedignas.com.mx\/wp-content\/uploads\/2022\/09\/INFLUENCER_HIJOS.jpg\" \/>\n\t<meta property=\"og:image:width\" content=\"1266\" \/>\n\t<meta property=\"og:image:height\" content=\"701\" \/>\n\t<meta property=\"og:image:type\" content=\"image\/jpeg\" \/>\n<meta name=\"author\" content=\"Noticieros Televisa\" \/>\n<meta name=\"twitter:card\" content=\"summary_large_image\" \/>\n<meta name=\"twitter:creator\" content=\"@fidedignas\" \/>\n<meta name=\"twitter:site\" content=\"@fidedignas\" \/>\n<meta name=\"twitter:label1\" content=\"Escrito por\" \/>\n\t<meta name=\"twitter:data1\" content=\"Noticieros Televisa\" \/>\n\t<meta name=\"twitter:label2\" content=\"Tiempo de lectura\" \/>\n\t<meta name=\"twitter:data2\" content=\"2 minutos\" \/>\n<script type=\"application\/ld+json\" class=\"yoast-schema-graph\">{\"@context\":\"https:\\\/\\\/schema.org\",\"@graph\":[{\"@type\":\"Article\",\"@id\":\"https:\\\/\\\/fuentesfidedignas.com.mx\\\/index.php\\\/2022\\\/09\\\/11\\\/empresaria-de-23-anos-enlista-el-por-que-no-quiere-tener-hijos-y-genera-polemica-en-redes-sociales\\\/#article\",\"isPartOf\":{\"@id\":\"https:\\\/\\\/fuentesfidedignas.com.mx\\\/index.php\\\/2022\\\/09\\\/11\\\/empresaria-de-23-anos-enlista-el-por-que-no-quiere-tener-hijos-y-genera-polemica-en-redes-sociales\\\/\"},\"author\":{\"name\":\"Noticieros Televisa\",\"@id\":\"https:\\\/\\\/fuentesfidedignas.com.mx\\\/#\\\/schema\\\/person\\\/f030e42657a5a464a8bbd891b1aab6ee\"},\"headline\":\"Empresaria de 23 a\u00f1os enlista el por qu\u00e9 no quiere tener hijos y genera pol\u00e9mica en redes sociales\",\"datePublished\":\"2022-09-11T17:59:01+00:00\",\"dateModified\":\"2022-09-11T17:59:03+00:00\",\"mainEntityOfPage\":{\"@id\":\"https:\\\/\\\/fuentesfidedignas.com.mx\\\/index.php\\\/2022\\\/09\\\/11\\\/empresaria-de-23-anos-enlista-el-por-que-no-quiere-tener-hijos-y-genera-polemica-en-redes-sociales\\\/\"},\"wordCount\":354,\"commentCount\":0,\"publisher\":{\"@id\":\"https:\\\/\\\/fuentesfidedignas.com.mx\\\/#organization\"},\"image\":{\"@id\":\"https:\\\/\\\/fuentesfidedignas.com.mx\\\/index.php\\\/2022\\\/09\\\/11\\\/empresaria-de-23-anos-enlista-el-por-que-no-quiere-tener-hijos-y-genera-polemica-en-redes-sociales\\\/#primaryimage\"},\"thumbnailUrl\":\"https:\\\/\\\/fuentesfidedignas.com.mx\\\/wp-content\\\/uploads\\\/2022\\\/09\\\/INFLUENCER_HIJOS.jpg\",\"keywords\":[\"Asombrosa\",\"Viral\"],\"articleSection\":[\"LAS ASOMBROSAS\"],\"inLanguage\":\"es\",\"potentialAction\":[{\"@type\":\"CommentAction\",\"name\":\"Comment\",\"target\":[\"https:\\\/\\\/fuentesfidedignas.com.mx\\\/index.php\\\/2022\\\/09\\\/11\\\/empresaria-de-23-anos-enlista-el-por-que-no-quiere-tener-hijos-y-genera-polemica-en-redes-sociales\\\/#respond\"]}]},{\"@type\":\"WebPage\",\"@id\":\"https:\\\/\\\/fuentesfidedignas.com.mx\\\/index.php\\\/2022\\\/09\\\/11\\\/empresaria-de-23-anos-enlista-el-por-que-no-quiere-tener-hijos-y-genera-polemica-en-redes-sociales\\\/\",\"url\":\"https:\\\/\\\/fuentesfidedignas.com.mx\\\/index.php\\\/2022\\\/09\\\/11\\\/empresaria-de-23-anos-enlista-el-por-que-no-quiere-tener-hijos-y-genera-polemica-en-redes-sociales\\\/\",\"name\":\"Empresaria de 23 a\u00f1os enlista el por qu\u00e9 no quiere tener hijos y genera pol\u00e9mica en redes sociales - Fuentes Fidedignas\",\"isPartOf\":{\"@id\":\"https:\\\/\\\/fuentesfidedignas.com.mx\\\/#website\"},\"primaryImageOfPage\":{\"@id\":\"https:\\\/\\\/fuentesfidedignas.com.mx\\\/index.php\\\/2022\\\/09\\\/11\\\/empresaria-de-23-anos-enlista-el-por-que-no-quiere-tener-hijos-y-genera-polemica-en-redes-sociales\\\/#primaryimage\"},\"image\":{\"@id\":\"https:\\\/\\\/fuentesfidedignas.com.mx\\\/index.php\\\/2022\\\/09\\\/11\\\/empresaria-de-23-anos-enlista-el-por-que-no-quiere-tener-hijos-y-genera-polemica-en-redes-sociales\\\/#primaryimage\"},\"thumbnailUrl\":\"https:\\\/\\\/fuentesfidedignas.com.mx\\\/wp-content\\\/uploads\\\/2022\\\/09\\\/INFLUENCER_HIJOS.jpg\",\"datePublished\":\"2022-09-11T17:59:01+00:00\",\"dateModified\":\"2022-09-11T17:59:03+00:00\",\"breadcrumb\":{\"@id\":\"https:\\\/\\\/fuentesfidedignas.com.mx\\\/index.php\\\/2022\\\/09\\\/11\\\/empresaria-de-23-anos-enlista-el-por-que-no-quiere-tener-hijos-y-genera-polemica-en-redes-sociales\\\/#breadcrumb\"},\"inLanguage\":\"es\",\"potentialAction\":[{\"@type\":\"ReadAction\",\"target\":[\"https:\\\/\\\/fuentesfidedignas.com.mx\\\/index.php\\\/2022\\\/09\\\/11\\\/empresaria-de-23-anos-enlista-el-por-que-no-quiere-tener-hijos-y-genera-polemica-en-redes-sociales\\\/\"]}]},{\"@type\":\"ImageObject\",\"inLanguage\":\"es\",\"@id\":\"https:\\\/\\\/fuentesfidedignas.com.mx\\\/index.php\\\/2022\\\/09\\\/11\\\/empresaria-de-23-anos-enlista-el-por-que-no-quiere-tener-hijos-y-genera-polemica-en-redes-sociales\\\/#primaryimage\",\"url\":\"https:\\\/\\\/fuentesfidedignas.com.mx\\\/wp-content\\\/uploads\\\/2022\\\/09\\\/INFLUENCER_HIJOS.jpg\",\"contentUrl\":\"https:\\\/\\\/fuentesfidedignas.com.mx\\\/wp-content\\\/uploads\\\/2022\\\/09\\\/INFLUENCER_HIJOS.jpg\",\"width\":1266,\"height\":701},{\"@type\":\"BreadcrumbList\",\"@id\":\"https:\\\/\\\/fuentesfidedignas.com.mx\\\/index.php\\\/2022\\\/09\\\/11\\\/empresaria-de-23-anos-enlista-el-por-que-no-quiere-tener-hijos-y-genera-polemica-en-redes-sociales\\\/#breadcrumb\",\"itemListElement\":[{\"@type\":\"ListItem\",\"position\":1,\"name\":\"Inicio\",\"item\":\"https:\\\/\\\/fuentesfidedignas.com.mx\\\/\"},{\"@type\":\"ListItem\",\"position\":2,\"name\":\"Empresaria de 23 a\u00f1os enlista el por qu\u00e9 no quiere tener hijos y genera pol\u00e9mica en redes sociales\"}]},{\"@type\":\"WebSite\",\"@id\":\"https:\\\/\\\/fuentesfidedignas.com.mx\\\/#website\",\"url\":\"https:\\\/\\\/fuentesfidedignas.com.mx\\\/\",\"name\":\"Fuentes Fidedignas\",\"description\":\"Otro sitio realizado con WordPress\",\"publisher\":{\"@id\":\"https:\\\/\\\/fuentesfidedignas.com.mx\\\/#organization\"},\"potentialAction\":[{\"@type\":\"SearchAction\",\"target\":{\"@type\":\"EntryPoint\",\"urlTemplate\":\"https:\\\/\\\/fuentesfidedignas.com.mx\\\/?s={search_term_string}\"},\"query-input\":{\"@type\":\"PropertyValueSpecification\",\"valueRequired\":true,\"valueName\":\"search_term_string\"}}],\"inLanguage\":\"es\"},{\"@type\":\"Organization\",\"@id\":\"https:\\\/\\\/fuentesfidedignas.com.mx\\\/#organization\",\"name\":\"Fuentes Fidedignas\",\"url\":\"https:\\\/\\\/fuentesfidedignas.com.mx\\\/\",\"logo\":{\"@type\":\"ImageObject\",\"inLanguage\":\"es\",\"@id\":\"https:\\\/\\\/fuentesfidedignas.com.mx\\\/#\\\/schema\\\/logo\\\/image\\\/\",\"url\":\"https:\\\/\\\/fuentesfidedignas.com.mx\\\/wp-content\\\/uploads\\\/2021\\\/04\\\/logo-retina.png\",\"contentUrl\":\"https:\\\/\\\/fuentesfidedignas.com.mx\\\/wp-content\\\/uploads\\\/2021\\\/04\\\/logo-retina.png\",\"width\":280,\"height\":51,\"caption\":\"Fuentes Fidedignas\"},\"image\":{\"@id\":\"https:\\\/\\\/fuentesfidedignas.com.mx\\\/#\\\/schema\\\/logo\\\/image\\\/\"},\"sameAs\":[\"https:\\\/\\\/www.facebook.com\\\/Fuentes-Fidedignas-368234489921644\",\"https:\\\/\\\/x.com\\\/fidedignas\"]},{\"@type\":\"Person\",\"@id\":\"https:\\\/\\\/fuentesfidedignas.com.mx\\\/#\\\/schema\\\/person\\\/f030e42657a5a464a8bbd891b1aab6ee\",\"name\":\"Noticieros Televisa\",\"image\":{\"@type\":\"ImageObject\",\"inLanguage\":\"es\",\"@id\":\"https:\\\/\\\/secure.gravatar.com\\\/avatar\\\/0e47b9e785a628831b8fd9eaf15e090e106760a879abbd4a3306f128ef5d43a9?s=96&d=mm&r=g\",\"url\":\"https:\\\/\\\/secure.gravatar.com\\\/avatar\\\/0e47b9e785a628831b8fd9eaf15e090e106760a879abbd4a3306f128ef5d43a9?s=96&d=mm&r=g\",\"contentUrl\":\"https:\\\/\\\/secure.gravatar.com\\\/avatar\\\/0e47b9e785a628831b8fd9eaf15e090e106760a879abbd4a3306f128ef5d43a9?s=96&d=mm&r=g\",\"caption\":\"Noticieros Televisa\"},\"url\":\"https:\\\/\\\/fuentesfidedignas.com.mx\\\/index.php\\\/author\\\/noticieros-televisa\\\/\"}]}<\/script>\n<!-- \/ Yoast SEO plugin. -->","yoast_head_json":{"title":"Empresaria de 23 a\u00f1os enlista el por qu\u00e9 no quiere tener hijos y genera pol\u00e9mica en redes sociales - Fuentes Fidedignas","robots":{"index":"index","follow":"follow","max-snippet":"max-snippet:-1","max-image-preview":"max-image-preview:large","max-video-preview":"max-video-preview:-1"},"canonical":"https:\/\/fuentesfidedignas.com.mx\/index.php\/2022\/09\/11\/empresaria-de-23-anos-enlista-el-por-que-no-quiere-tener-hijos-y-genera-polemica-en-redes-sociales\/","og_locale":"es_MX","og_type":"article","og_title":"Empresaria de 23 a\u00f1os enlista el por qu\u00e9 no quiere tener hijos y genera pol\u00e9mica en redes sociales - Fuentes Fidedignas","og_description":"\u201cLos ni\u00f1os son caros. S\u00e9 lo que es crecer en un entorno muy pobre y prefiero irme de vacaciones que pagar por un ni\u00f1o\u201d, se\u00f1al\u00f3. En TikTok, una joven empresaria de 23 a\u00f1os enlist\u00f3 sus m\u00faltiples razones por las que no quiere tener hijos. Para algunos usuarios, este video fue causa de una pol\u00e9mica. Su [&hellip;]","og_url":"https:\/\/fuentesfidedignas.com.mx\/index.php\/2022\/09\/11\/empresaria-de-23-anos-enlista-el-por-que-no-quiere-tener-hijos-y-genera-polemica-en-redes-sociales\/","og_site_name":"Fuentes Fidedignas","article_publisher":"https:\/\/www.facebook.com\/Fuentes-Fidedignas-368234489921644","article_published_time":"2022-09-11T17:59:01+00:00","article_modified_time":"2022-09-11T17:59:03+00:00","og_image":[{"width":1266,"height":701,"url":"https:\/\/fuentesfidedignas.com.mx\/wp-content\/uploads\/2022\/09\/INFLUENCER_HIJOS.jpg","type":"image\/jpeg"}],"author":"Noticieros Televisa","twitter_card":"summary_large_image","twitter_creator":"@fidedignas","twitter_site":"@fidedignas","twitter_misc":{"Escrito por":"Noticieros Televisa","Tiempo de lectura":"2 minutos"},"schema":{"@context":"https:\/\/schema.org","@graph":[{"@type":"Article","@id":"https:\/\/fuentesfidedignas.com.mx\/index.php\/2022\/09\/11\/empresaria-de-23-anos-enlista-el-por-que-no-quiere-tener-hijos-y-genera-polemica-en-redes-sociales\/#article","isPartOf":{"@id":"https:\/\/fuentesfidedignas.com.mx\/index.php\/2022\/09\/11\/empresaria-de-23-anos-enlista-el-por-que-no-quiere-tener-hijos-y-genera-polemica-en-redes-sociales\/"},"author":{"name":"Noticieros Televisa","@id":"https:\/\/fuentesfidedignas.com.mx\/#\/schema\/person\/f030e42657a5a464a8bbd891b1aab6ee"},"headline":"Empresaria de 23 a\u00f1os enlista el por qu\u00e9 no quiere tener hijos y genera pol\u00e9mica en redes sociales","datePublished":"2022-09-11T17:59:01+00:00","dateModified":"2022-09-11T17:59:03+00:00","mainEntityOfPage":{"@id":"https:\/\/fuentesfidedignas.com.mx\/index.php\/2022\/09\/11\/empresaria-de-23-anos-enlista-el-por-que-no-quiere-tener-hijos-y-genera-polemica-en-redes-sociales\/"},"wordCount":354,"commentCount":0,"publisher":{"@id":"https:\/\/fuentesfidedignas.com.mx\/#organization"},"image":{"@id":"https:\/\/fuentesfidedignas.com.mx\/index.php\/2022\/09\/11\/empresaria-de-23-anos-enlista-el-por-que-no-quiere-tener-hijos-y-genera-polemica-en-redes-sociales\/#primaryimage"},"thumbnailUrl":"https:\/\/fuentesfidedignas.com.mx\/wp-content\/uploads\/2022\/09\/INFLUENCER_HIJOS.jpg","keywords":["Asombrosa","Viral"],"articleSection":["LAS ASOMBROSAS"],"inLanguage":"es","potentialAction":[{"@type":"CommentAction","name":"Comment","target":["https:\/\/fuentesfidedignas.com.mx\/index.php\/2022\/09\/11\/empresaria-de-23-anos-enlista-el-por-que-no-quiere-tener-hijos-y-genera-polemica-en-redes-sociales\/#respond"]}]},{"@type":"WebPage","@id":"https:\/\/fuentesfidedignas.com.mx\/index.php\/2022\/09\/11\/empresaria-de-23-anos-enlista-el-por-que-no-quiere-tener-hijos-y-genera-polemica-en-redes-sociales\/","url":"https:\/\/fuentesfidedignas.com.mx\/index.php\/2022\/09\/11\/empresaria-de-23-anos-enlista-el-por-que-no-quiere-tener-hijos-y-genera-polemica-en-redes-sociales\/","name":"Empresaria de 23 a\u00f1os enlista el por qu\u00e9 no quiere tener hijos y genera pol\u00e9mica en redes sociales - Fuentes Fidedignas","isPartOf":{"@id":"https:\/\/fuentesfidedignas.com.mx\/#website"},"primaryImageOfPage":{"@id":"https:\/\/fuentesfidedignas.com.mx\/index.php\/2022\/09\/11\/empresaria-de-23-anos-enlista-el-por-que-no-quiere-tener-hijos-y-genera-polemica-en-redes-sociales\/#primaryimage"},"image":{"@id":"https:\/\/fuentesfidedignas.com.mx\/index.php\/2022\/09\/11\/empresaria-de-23-anos-enlista-el-por-que-no-quiere-tener-hijos-y-genera-polemica-en-redes-sociales\/#primaryimage"},"thumbnailUrl":"https:\/\/fuentesfidedignas.com.mx\/wp-content\/uploads\/2022\/09\/INFLUENCER_HIJOS.jpg","datePublished":"2022-09-11T17:59:01+00:00","dateModified":"2022-09-11T17:59:03+00:00","breadcrumb":{"@id":"https:\/\/fuentesfidedignas.com.mx\/index.php\/2022\/09\/11\/empresaria-de-23-anos-enlista-el-por-que-no-quiere-tener-hijos-y-genera-polemica-en-redes-sociales\/#breadcrumb"},"inLanguage":"es","potentialAction":[{"@type":"ReadAction","target":["https:\/\/fuentesfidedignas.com.mx\/index.php\/2022\/09\/11\/empresaria-de-23-anos-enlista-el-por-que-no-quiere-tener-hijos-y-genera-polemica-en-redes-sociales\/"]}]},{"@type":"ImageObject","inLanguage":"es","@id":"https:\/\/fuentesfidedignas.com.mx\/index.php\/2022\/09\/11\/empresaria-de-23-anos-enlista-el-por-que-no-quiere-tener-hijos-y-genera-polemica-en-redes-sociales\/#primaryimage","url":"https:\/\/fuentesfidedignas.com.mx\/wp-content\/uploads\/2022\/09\/INFLUENCER_HIJOS.jpg","contentUrl":"https:\/\/fuentesfidedignas.com.mx\/wp-content\/uploads\/2022\/09\/INFLUENCER_HIJOS.jpg","width":1266,"height":701},{"@type":"BreadcrumbList","@id":"https:\/\/fuentesfidedignas.com.mx\/index.php\/2022\/09\/11\/empresaria-de-23-anos-enlista-el-por-que-no-quiere-tener-hijos-y-genera-polemica-en-redes-sociales\/#breadcrumb","itemListElement":[{"@type":"ListItem","position":1,"name":"Inicio","item":"https:\/\/fuentesfidedignas.com.mx\/"},{"@type":"ListItem","position":2,"name":"Empresaria de 23 a\u00f1os enlista el por qu\u00e9 no quiere tener hijos y genera pol\u00e9mica en redes sociales"}]},{"@type":"WebSite","@id":"https:\/\/fuentesfidedignas.com.mx\/#website","url":"https:\/\/fuentesfidedignas.com.mx\/","name":"Fuentes Fidedignas","description":"Otro sitio realizado con WordPress","publisher":{"@id":"https:\/\/fuentesfidedignas.com.mx\/#organization"},"potentialAction":[{"@type":"SearchAction","target":{"@type":"EntryPoint","urlTemplate":"https:\/\/fuentesfidedignas.com.mx\/?s={search_term_string}"},"query-input":{"@type":"PropertyValueSpecification","valueRequired":true,"valueName":"search_term_string"}}],"inLanguage":"es"},{"@type":"Organization","@id":"https:\/\/fuentesfidedignas.com.mx\/#organization","name":"Fuentes Fidedignas","url":"https:\/\/fuentesfidedignas.com.mx\/","logo":{"@type":"ImageObject","inLanguage":"es","@id":"https:\/\/fuentesfidedignas.com.mx\/#\/schema\/logo\/image\/","url":"https:\/\/fuentesfidedignas.com.mx\/wp-content\/uploads\/2021\/04\/logo-retina.png","contentUrl":"https:\/\/fuentesfidedignas.com.mx\/wp-content\/uploads\/2021\/04\/logo-retina.png","width":280,"height":51,"caption":"Fuentes Fidedignas"},"image":{"@id":"https:\/\/fuentesfidedignas.com.mx\/#\/schema\/logo\/image\/"},"sameAs":["https:\/\/www.facebook.com\/Fuentes-Fidedignas-368234489921644","https:\/\/x.com\/fidedignas"]},{"@type":"Person","@id":"https:\/\/fuentesfidedignas.com.mx\/#\/schema\/person\/f030e42657a5a464a8bbd891b1aab6ee","name":"Noticieros Televisa","image":{"@type":"ImageObject","inLanguage":"es","@id":"https:\/\/secure.gravatar.com\/avatar\/0e47b9e785a628831b8fd9eaf15e090e106760a879abbd4a3306f128ef5d43a9?s=96&d=mm&r=g","url":"https:\/\/secure.gravatar.com\/avatar\/0e47b9e785a628831b8fd9eaf15e090e106760a879abbd4a3306f128ef5d43a9?s=96&d=mm&r=g","contentUrl":"https:\/\/secure.gravatar.com\/avatar\/0e47b9e785a628831b8fd9eaf15e090e106760a879abbd4a3306f128ef5d43a9?s=96&d=mm&r=g","caption":"Noticieros Televisa"},"url":"https:\/\/fuentesfidedignas.com.mx\/index.php\/author\/noticieros-televisa\/"}]}},"_links":{"self":[{"href":"https:\/\/fuentesfidedignas.com.mx\/index.php\/wp-json\/wp\/v2\/posts\/42213","targetHints":{"allow":["GET"]}}],"collection":[{"href":"https:\/\/fuentesfidedignas.com.mx\/index.php\/wp-json\/wp\/v2\/posts"}],"about":[{"href":"https:\/\/fuentesfidedignas.com.mx\/index.php\/wp-json\/wp\/v2\/types\/post"}],"author":[{"embeddable":true,"href":"https:\/\/fuentesfidedignas.com.mx\/index.php\/wp-json\/wp\/v2\/users\/46"}],"replies":[{"embeddable":true,"href":"https:\/\/fuentesfidedignas.com.mx\/index.php\/wp-json\/wp\/v2\/comments?post=42213"}],"version-history":[{"count":1,"href":"https:\/\/fuentesfidedignas.com.mx\/index.php\/wp-json\/wp\/v2\/posts\/42213\/revisions"}],"predecessor-version":[{"id":42215,"href":"https:\/\/fuentesfidedignas.com.mx\/index.php\/wp-json\/wp\/v2\/posts\/42213\/revisions\/42215"}],"wp:featuredmedia":[{"embeddable":true,"href":"https:\/\/fuentesfidedignas.com.mx\/index.php\/wp-json\/wp\/v2\/media\/42214"}],"wp:attachment":[{"href":"https:\/\/fuentesfidedignas.com.mx\/index.php\/wp-json\/wp\/v2\/media?parent=42213"}],"wp:term":[{"taxonomy":"category","embeddable":true,"href":"https:\/\/fuentesfidedignas.com.mx\/index.php\/wp-json\/wp\/v2\/categories?post=42213"},{"taxonomy":"post_tag","embeddable":true,"href":"https:\/\/fuentesfidedignas.com.mx\/index.php\/wp-json\/wp\/v2\/tags?post=42213"}],"curies":[{"name":"wp","href":"https:\/\/api.w.org\/{rel}","templated":true}]}}