{"id":42206,"date":"2022-09-11T11:45:50","date_gmt":"2022-09-11T17:45:50","guid":{"rendered":"https:\/\/fuentesfidedignas.com.mx\/?p=42206"},"modified":"2022-09-11T11:46:22","modified_gmt":"2022-09-11T17:46:22","slug":"esto-ya-se-descontrolo-captan-al-dr-simi-en-las-ofrendas-dedicadas-a-isabel-ii","status":"publish","type":"post","link":"https:\/\/fuentesfidedignas.com.mx\/index.php\/2022\/09\/11\/esto-ya-se-descontrolo-captan-al-dr-simi-en-las-ofrendas-dedicadas-a-isabel-ii\/","title":{"rendered":"\u00a1Esto ya se descontrol\u00f3!; captan al Dr. Simi en las ofrendas dedicadas a Isabel II"},"content":{"rendered":"\n<p><strong><em>Y es que en TikTok circula un video en el que se observan muchas flores para Isabel II, pero entre todas esas ofrendas hay nada menos que un peluche del mism\u00edsimo \u00a1Dr. Simi!<\/em><\/strong><\/p>\n\n\n\n<p>Ciudad de M\u00e9xico.- A menos de que vivas en otro planeta, seguramente ya te enteraste de que la reina Isabel II falleci\u00f3 el pasado 9 de septiembre en Escocia, un evento que ha traspasado fronteras y al que muchos medios de comunicaci\u00f3n est\u00e1n dando cobertura.<\/p>\n\n\n\n<p>Pues la muerte de la longeva monarca ha sido todo un acontecimiento que miles de habitantes del Reino Unido est\u00e1n lamentando y no es para menos, para muestra los cientos de ramos de flores y regalos que los s\u00fabditos de Su Majestad est\u00e1n dejando a las afueras del Palacio de Buckingham residencia oficial de la reina, y en el Castillo de Balmoral, lugar en el que muri\u00f3.<\/p>\n\n\n\n<p>Las im\u00e1genes de los dolientes est\u00e1n dando la vuelta al mundo, pero lo curioso de todo esto es que alg\u00fan mexicano se dio a la tarea de acudir a Escocia a dar su p\u00e9same a la familia real de una forma muy particular.<\/p>\n\n\n\n<p>Y es que en TikTok circula un video en el que se observan las afueras del Castillo de Balmoral en Escocia, en donde hay muchas flores para la monarca fallecida, pero entre todas esas ofrendas hay nada menos que un peluche del mism\u00edsimo \u00a1Dr. Simi!<\/p>\n\n\n\n<p><blockquote class=\"tiktok-embed\" cite=\"https:\/\/www.tiktok.com\/@liz_mri\/video\/7142177680027340038\" data-video-id=\"7142177680027340038\" style=\"max-width: 605px;min-width: 325px;\"> <section> <a target=\"_blank\" title=\"@liz_mri\" href=\"https:\/\/www.tiktok.com\/@liz_mri?refer=embed\" rel=\"noopener\">@liz_mri<\/a> <a title=\"dr_simi\" target=\"_blank\" href=\"https:\/\/www.tiktok.com\/tag\/dr_simi?refer=embed\" rel=\"noopener\">#dr_simi<\/a> <a title=\"drsimi\" target=\"_blank\" href=\"https:\/\/www.tiktok.com\/tag\/drsimi?refer=embed\" rel=\"noopener\">#drsimi<\/a> <a title=\"peluchedrsimi\" target=\"_blank\" href=\"https:\/\/www.tiktok.com\/tag\/peluchedrsimi?refer=embed\" rel=\"noopener\">#peluchedrsimi<\/a> <a title=\"reinaisabel\" target=\"_blank\" href=\"https:\/\/www.tiktok.com\/tag\/reinaisabel?refer=embed\" rel=\"noopener\">#reinaisabel<\/a> <a title=\"risa\" target=\"_blank\" href=\"https:\/\/www.tiktok.com\/tag\/risa?refer=embed\" rel=\"noopener\">#risa<\/a> <a title=\"bromas\" target=\"_blank\" href=\"https:\/\/www.tiktok.com\/tag\/bromas?refer=embed\" rel=\"noopener\">#bromas<\/a> <a target=\"_blank\" title=\"\u266c sonido original - Liz_MRI\" href=\"https:\/\/www.tiktok.com\/music\/sonido-original-7142177687850601222?refer=embed\" rel=\"noopener\">\u266c sonido original &#8211; Liz_MRI<\/a> <\/section> <\/blockquote> <script async=\"\" src=\"https:\/\/www.tiktok.com\/embed.js\"><\/script><\/p>\n\n\n\n<p>Como lo lees, de M\u00e9xico para el mundo, tal parece que al igual que la noticia de la muerte de Isabel II, el simp\u00e1tico mu\u00f1eco tambi\u00e9n est\u00e1 traspasando fronteras y no es para menos, pues en nuestro pa\u00eds el peluche no se ha perdido ninguno de los conciertos que se est\u00e1n llevando a cabo, mucho menos se iba a perder los funerales de la reina Isabel II.<\/p>\n\n\n\n<p>En la publicaci\u00f3n compartida por el usuario @takim3shi, se lee \u201cC\u00f3mo cuando llegas a Edimburgo a dejar flores a la Reina y te encuentras lo inesperado\u201d, adem\u00e1s fue \u201caderezado\u201d con el audio viral de Bob Esponja y resulta realmente curioso ver al Dr. Simi con su bata blanca entre tantas flores.<\/p>\n\n\n\n<p>Como era de esperarse, la publicaci\u00f3n provoc\u00f3 cientos de reacciones y comentarios, \u201cDe M\u00e9xico para el mundo\u201d, \u201cViva M\u00e9xico, \u201cEl Dr. Simi en los mejores eventos\u201d, \u201cLe hizo falta una coronita\u201d, fueron algunos.<\/p>\n\n\n\n<p>Tambi\u00e9n puedes leer: Hijos de Harry y Meghan se convierten en el pr\u00edncipe Archie y la princesa Lilibet<\/p>\n\n\n\n<p>La publicaci\u00f3n ya cuenta con m\u00e1s de 60 mil \u201cMe gusta\u201d y m\u00e1s de mil comentarios.<\/p>\n\n\n\n<p>Y aunque el Dr. Simi ya se esta ganado el repudio de muchos por sus intromisiones, el peluche nos esta demostrando que estar\u00e1 presente en los grandes eventos y por mucho tiempo m\u00e1s, sin duda esto ya se sali\u00f3 de control.<\/p>\n\n\n\n<p><\/p>\n","protected":false},"excerpt":{"rendered":"<p>Y es que en TikTok circula un video en el que se observan muchas flores para Isabel II, pero entre todas esas ofrendas hay nada menos que un peluche del mism\u00edsimo \u00a1Dr. Simi! Ciudad de M\u00e9xico.- A menos de que vivas en otro planeta, seguramente ya te enteraste de que la reina Isabel II falleci\u00f3 [&hellip;]<\/p>\n","protected":false},"author":7,"featured_media":42208,"comment_status":"open","ping_status":"open","sticky":false,"template":"","format":"standard","meta":{"tdm_status":"","tdm_grid_status":"","footnotes":""},"categories":[40],"tags":[],"class_list":{"0":"post-42206","1":"post","2":"type-post","3":"status-publish","4":"format-standard","5":"has-post-thumbnail","7":"category-las-asombrosas"},"yoast_head":"<!-- This site is optimized with the Yoast SEO plugin v27.4 - https:\/\/yoast.com\/product\/yoast-seo-wordpress\/ -->\n<title>\u00a1Esto ya se descontrol\u00f3!; captan al Dr. Simi en las ofrendas dedicadas a Isabel II - Fuentes Fidedignas<\/title>\n<meta name=\"robots\" content=\"index, follow, max-snippet:-1, max-image-preview:large, max-video-preview:-1\" \/>\n<link rel=\"canonical\" href=\"https:\/\/fuentesfidedignas.com.mx\/index.php\/2022\/09\/11\/esto-ya-se-descontrolo-captan-al-dr-simi-en-las-ofrendas-dedicadas-a-isabel-ii\/\" \/>\n<meta property=\"og:locale\" content=\"es_MX\" \/>\n<meta property=\"og:type\" content=\"article\" \/>\n<meta property=\"og:title\" content=\"\u00a1Esto ya se descontrol\u00f3!; captan al Dr. Simi en las ofrendas dedicadas a Isabel II - Fuentes Fidedignas\" \/>\n<meta property=\"og:description\" content=\"Y es que en TikTok circula un video en el que se observan muchas flores para Isabel II, pero entre todas esas ofrendas hay nada menos que un peluche del mism\u00edsimo \u00a1Dr. Simi! Ciudad de M\u00e9xico.- A menos de que vivas en otro planeta, seguramente ya te enteraste de que la reina Isabel II falleci\u00f3 [&hellip;]\" \/>\n<meta property=\"og:url\" content=\"https:\/\/fuentesfidedignas.com.mx\/index.php\/2022\/09\/11\/esto-ya-se-descontrolo-captan-al-dr-simi-en-las-ofrendas-dedicadas-a-isabel-ii\/\" \/>\n<meta property=\"og:site_name\" content=\"Fuentes Fidedignas\" \/>\n<meta property=\"article:publisher\" content=\"https:\/\/www.facebook.com\/Fuentes-Fidedignas-368234489921644\" \/>\n<meta property=\"article:published_time\" content=\"2022-09-11T17:45:50+00:00\" \/>\n<meta property=\"article:modified_time\" content=\"2022-09-11T17:46:22+00:00\" \/>\n<meta property=\"og:image\" content=\"https:\/\/fuentesfidedignas.com.mx\/wp-content\/uploads\/2022\/09\/DR_SIMI.jpg\" \/>\n\t<meta property=\"og:image:width\" content=\"800\" \/>\n\t<meta property=\"og:image:height\" content=\"600\" \/>\n\t<meta property=\"og:image:type\" content=\"image\/jpeg\" \/>\n<meta name=\"author\" content=\"Exc\u00e9lsior\" \/>\n<meta name=\"twitter:card\" content=\"summary_large_image\" \/>\n<meta name=\"twitter:creator\" content=\"@fidedignas\" \/>\n<meta name=\"twitter:site\" content=\"@fidedignas\" \/>\n<meta name=\"twitter:label1\" content=\"Escrito por\" \/>\n\t<meta name=\"twitter:data1\" content=\"Exc\u00e9lsior\" \/>\n\t<meta name=\"twitter:label2\" content=\"Tiempo de lectura\" \/>\n\t<meta name=\"twitter:data2\" content=\"3 minutos\" \/>\n<script type=\"application\/ld+json\" class=\"yoast-schema-graph\">{\"@context\":\"https:\\\/\\\/schema.org\",\"@graph\":[{\"@type\":\"Article\",\"@id\":\"https:\\\/\\\/fuentesfidedignas.com.mx\\\/index.php\\\/2022\\\/09\\\/11\\\/esto-ya-se-descontrolo-captan-al-dr-simi-en-las-ofrendas-dedicadas-a-isabel-ii\\\/#article\",\"isPartOf\":{\"@id\":\"https:\\\/\\\/fuentesfidedignas.com.mx\\\/index.php\\\/2022\\\/09\\\/11\\\/esto-ya-se-descontrolo-captan-al-dr-simi-en-las-ofrendas-dedicadas-a-isabel-ii\\\/\"},\"author\":{\"name\":\"Exc\u00e9lsior\",\"@id\":\"https:\\\/\\\/fuentesfidedignas.com.mx\\\/#\\\/schema\\\/person\\\/ec4edd1fbf5efa3e44fce34fe2787780\"},\"headline\":\"\u00a1Esto ya se descontrol\u00f3!; captan al Dr. Simi en las ofrendas dedicadas a Isabel II\",\"datePublished\":\"2022-09-11T17:45:50+00:00\",\"dateModified\":\"2022-09-11T17:46:22+00:00\",\"mainEntityOfPage\":{\"@id\":\"https:\\\/\\\/fuentesfidedignas.com.mx\\\/index.php\\\/2022\\\/09\\\/11\\\/esto-ya-se-descontrolo-captan-al-dr-simi-en-las-ofrendas-dedicadas-a-isabel-ii\\\/\"},\"wordCount\":518,\"commentCount\":0,\"publisher\":{\"@id\":\"https:\\\/\\\/fuentesfidedignas.com.mx\\\/#organization\"},\"image\":{\"@id\":\"https:\\\/\\\/fuentesfidedignas.com.mx\\\/index.php\\\/2022\\\/09\\\/11\\\/esto-ya-se-descontrolo-captan-al-dr-simi-en-las-ofrendas-dedicadas-a-isabel-ii\\\/#primaryimage\"},\"thumbnailUrl\":\"https:\\\/\\\/fuentesfidedignas.com.mx\\\/wp-content\\\/uploads\\\/2022\\\/09\\\/DR_SIMI.jpg\",\"articleSection\":[\"LAS ASOMBROSAS\"],\"inLanguage\":\"es\",\"potentialAction\":[{\"@type\":\"CommentAction\",\"name\":\"Comment\",\"target\":[\"https:\\\/\\\/fuentesfidedignas.com.mx\\\/index.php\\\/2022\\\/09\\\/11\\\/esto-ya-se-descontrolo-captan-al-dr-simi-en-las-ofrendas-dedicadas-a-isabel-ii\\\/#respond\"]}]},{\"@type\":\"WebPage\",\"@id\":\"https:\\\/\\\/fuentesfidedignas.com.mx\\\/index.php\\\/2022\\\/09\\\/11\\\/esto-ya-se-descontrolo-captan-al-dr-simi-en-las-ofrendas-dedicadas-a-isabel-ii\\\/\",\"url\":\"https:\\\/\\\/fuentesfidedignas.com.mx\\\/index.php\\\/2022\\\/09\\\/11\\\/esto-ya-se-descontrolo-captan-al-dr-simi-en-las-ofrendas-dedicadas-a-isabel-ii\\\/\",\"name\":\"\u00a1Esto ya se descontrol\u00f3!; captan al Dr. Simi en las ofrendas dedicadas a Isabel II - Fuentes Fidedignas\",\"isPartOf\":{\"@id\":\"https:\\\/\\\/fuentesfidedignas.com.mx\\\/#website\"},\"primaryImageOfPage\":{\"@id\":\"https:\\\/\\\/fuentesfidedignas.com.mx\\\/index.php\\\/2022\\\/09\\\/11\\\/esto-ya-se-descontrolo-captan-al-dr-simi-en-las-ofrendas-dedicadas-a-isabel-ii\\\/#primaryimage\"},\"image\":{\"@id\":\"https:\\\/\\\/fuentesfidedignas.com.mx\\\/index.php\\\/2022\\\/09\\\/11\\\/esto-ya-se-descontrolo-captan-al-dr-simi-en-las-ofrendas-dedicadas-a-isabel-ii\\\/#primaryimage\"},\"thumbnailUrl\":\"https:\\\/\\\/fuentesfidedignas.com.mx\\\/wp-content\\\/uploads\\\/2022\\\/09\\\/DR_SIMI.jpg\",\"datePublished\":\"2022-09-11T17:45:50+00:00\",\"dateModified\":\"2022-09-11T17:46:22+00:00\",\"breadcrumb\":{\"@id\":\"https:\\\/\\\/fuentesfidedignas.com.mx\\\/index.php\\\/2022\\\/09\\\/11\\\/esto-ya-se-descontrolo-captan-al-dr-simi-en-las-ofrendas-dedicadas-a-isabel-ii\\\/#breadcrumb\"},\"inLanguage\":\"es\",\"potentialAction\":[{\"@type\":\"ReadAction\",\"target\":[\"https:\\\/\\\/fuentesfidedignas.com.mx\\\/index.php\\\/2022\\\/09\\\/11\\\/esto-ya-se-descontrolo-captan-al-dr-simi-en-las-ofrendas-dedicadas-a-isabel-ii\\\/\"]}]},{\"@type\":\"ImageObject\",\"inLanguage\":\"es\",\"@id\":\"https:\\\/\\\/fuentesfidedignas.com.mx\\\/index.php\\\/2022\\\/09\\\/11\\\/esto-ya-se-descontrolo-captan-al-dr-simi-en-las-ofrendas-dedicadas-a-isabel-ii\\\/#primaryimage\",\"url\":\"https:\\\/\\\/fuentesfidedignas.com.mx\\\/wp-content\\\/uploads\\\/2022\\\/09\\\/DR_SIMI.jpg\",\"contentUrl\":\"https:\\\/\\\/fuentesfidedignas.com.mx\\\/wp-content\\\/uploads\\\/2022\\\/09\\\/DR_SIMI.jpg\",\"width\":800,\"height\":600},{\"@type\":\"BreadcrumbList\",\"@id\":\"https:\\\/\\\/fuentesfidedignas.com.mx\\\/index.php\\\/2022\\\/09\\\/11\\\/esto-ya-se-descontrolo-captan-al-dr-simi-en-las-ofrendas-dedicadas-a-isabel-ii\\\/#breadcrumb\",\"itemListElement\":[{\"@type\":\"ListItem\",\"position\":1,\"name\":\"Inicio\",\"item\":\"https:\\\/\\\/fuentesfidedignas.com.mx\\\/\"},{\"@type\":\"ListItem\",\"position\":2,\"name\":\"\u00a1Esto ya se descontrol\u00f3!; captan al Dr. Simi en las ofrendas dedicadas a Isabel II\"}]},{\"@type\":\"WebSite\",\"@id\":\"https:\\\/\\\/fuentesfidedignas.com.mx\\\/#website\",\"url\":\"https:\\\/\\\/fuentesfidedignas.com.mx\\\/\",\"name\":\"Fuentes Fidedignas\",\"description\":\"Otro sitio realizado con WordPress\",\"publisher\":{\"@id\":\"https:\\\/\\\/fuentesfidedignas.com.mx\\\/#organization\"},\"potentialAction\":[{\"@type\":\"SearchAction\",\"target\":{\"@type\":\"EntryPoint\",\"urlTemplate\":\"https:\\\/\\\/fuentesfidedignas.com.mx\\\/?s={search_term_string}\"},\"query-input\":{\"@type\":\"PropertyValueSpecification\",\"valueRequired\":true,\"valueName\":\"search_term_string\"}}],\"inLanguage\":\"es\"},{\"@type\":\"Organization\",\"@id\":\"https:\\\/\\\/fuentesfidedignas.com.mx\\\/#organization\",\"name\":\"Fuentes Fidedignas\",\"url\":\"https:\\\/\\\/fuentesfidedignas.com.mx\\\/\",\"logo\":{\"@type\":\"ImageObject\",\"inLanguage\":\"es\",\"@id\":\"https:\\\/\\\/fuentesfidedignas.com.mx\\\/#\\\/schema\\\/logo\\\/image\\\/\",\"url\":\"https:\\\/\\\/fuentesfidedignas.com.mx\\\/wp-content\\\/uploads\\\/2021\\\/04\\\/logo-retina.png\",\"contentUrl\":\"https:\\\/\\\/fuentesfidedignas.com.mx\\\/wp-content\\\/uploads\\\/2021\\\/04\\\/logo-retina.png\",\"width\":280,\"height\":51,\"caption\":\"Fuentes Fidedignas\"},\"image\":{\"@id\":\"https:\\\/\\\/fuentesfidedignas.com.mx\\\/#\\\/schema\\\/logo\\\/image\\\/\"},\"sameAs\":[\"https:\\\/\\\/www.facebook.com\\\/Fuentes-Fidedignas-368234489921644\",\"https:\\\/\\\/x.com\\\/fidedignas\"]},{\"@type\":\"Person\",\"@id\":\"https:\\\/\\\/fuentesfidedignas.com.mx\\\/#\\\/schema\\\/person\\\/ec4edd1fbf5efa3e44fce34fe2787780\",\"name\":\"Exc\u00e9lsior\",\"image\":{\"@type\":\"ImageObject\",\"inLanguage\":\"es\",\"@id\":\"https:\\\/\\\/secure.gravatar.com\\\/avatar\\\/4b7ee9206b48be08447852b3f0814dbc7c0f3b51541b164f1464a2725614020b?s=96&d=mm&r=g\",\"url\":\"https:\\\/\\\/secure.gravatar.com\\\/avatar\\\/4b7ee9206b48be08447852b3f0814dbc7c0f3b51541b164f1464a2725614020b?s=96&d=mm&r=g\",\"contentUrl\":\"https:\\\/\\\/secure.gravatar.com\\\/avatar\\\/4b7ee9206b48be08447852b3f0814dbc7c0f3b51541b164f1464a2725614020b?s=96&d=mm&r=g\",\"caption\":\"Exc\u00e9lsior\"},\"url\":\"https:\\\/\\\/fuentesfidedignas.com.mx\\\/index.php\\\/author\\\/excelsior\\\/\"}]}<\/script>\n<!-- \/ Yoast SEO plugin. -->","yoast_head_json":{"title":"\u00a1Esto ya se descontrol\u00f3!; captan al Dr. Simi en las ofrendas dedicadas a Isabel II - Fuentes Fidedignas","robots":{"index":"index","follow":"follow","max-snippet":"max-snippet:-1","max-image-preview":"max-image-preview:large","max-video-preview":"max-video-preview:-1"},"canonical":"https:\/\/fuentesfidedignas.com.mx\/index.php\/2022\/09\/11\/esto-ya-se-descontrolo-captan-al-dr-simi-en-las-ofrendas-dedicadas-a-isabel-ii\/","og_locale":"es_MX","og_type":"article","og_title":"\u00a1Esto ya se descontrol\u00f3!; captan al Dr. Simi en las ofrendas dedicadas a Isabel II - Fuentes Fidedignas","og_description":"Y es que en TikTok circula un video en el que se observan muchas flores para Isabel II, pero entre todas esas ofrendas hay nada menos que un peluche del mism\u00edsimo \u00a1Dr. Simi! Ciudad de M\u00e9xico.- A menos de que vivas en otro planeta, seguramente ya te enteraste de que la reina Isabel II falleci\u00f3 [&hellip;]","og_url":"https:\/\/fuentesfidedignas.com.mx\/index.php\/2022\/09\/11\/esto-ya-se-descontrolo-captan-al-dr-simi-en-las-ofrendas-dedicadas-a-isabel-ii\/","og_site_name":"Fuentes Fidedignas","article_publisher":"https:\/\/www.facebook.com\/Fuentes-Fidedignas-368234489921644","article_published_time":"2022-09-11T17:45:50+00:00","article_modified_time":"2022-09-11T17:46:22+00:00","og_image":[{"width":800,"height":600,"url":"https:\/\/fuentesfidedignas.com.mx\/wp-content\/uploads\/2022\/09\/DR_SIMI.jpg","type":"image\/jpeg"}],"author":"Exc\u00e9lsior","twitter_card":"summary_large_image","twitter_creator":"@fidedignas","twitter_site":"@fidedignas","twitter_misc":{"Escrito por":"Exc\u00e9lsior","Tiempo de lectura":"3 minutos"},"schema":{"@context":"https:\/\/schema.org","@graph":[{"@type":"Article","@id":"https:\/\/fuentesfidedignas.com.mx\/index.php\/2022\/09\/11\/esto-ya-se-descontrolo-captan-al-dr-simi-en-las-ofrendas-dedicadas-a-isabel-ii\/#article","isPartOf":{"@id":"https:\/\/fuentesfidedignas.com.mx\/index.php\/2022\/09\/11\/esto-ya-se-descontrolo-captan-al-dr-simi-en-las-ofrendas-dedicadas-a-isabel-ii\/"},"author":{"name":"Exc\u00e9lsior","@id":"https:\/\/fuentesfidedignas.com.mx\/#\/schema\/person\/ec4edd1fbf5efa3e44fce34fe2787780"},"headline":"\u00a1Esto ya se descontrol\u00f3!; captan al Dr. Simi en las ofrendas dedicadas a Isabel II","datePublished":"2022-09-11T17:45:50+00:00","dateModified":"2022-09-11T17:46:22+00:00","mainEntityOfPage":{"@id":"https:\/\/fuentesfidedignas.com.mx\/index.php\/2022\/09\/11\/esto-ya-se-descontrolo-captan-al-dr-simi-en-las-ofrendas-dedicadas-a-isabel-ii\/"},"wordCount":518,"commentCount":0,"publisher":{"@id":"https:\/\/fuentesfidedignas.com.mx\/#organization"},"image":{"@id":"https:\/\/fuentesfidedignas.com.mx\/index.php\/2022\/09\/11\/esto-ya-se-descontrolo-captan-al-dr-simi-en-las-ofrendas-dedicadas-a-isabel-ii\/#primaryimage"},"thumbnailUrl":"https:\/\/fuentesfidedignas.com.mx\/wp-content\/uploads\/2022\/09\/DR_SIMI.jpg","articleSection":["LAS ASOMBROSAS"],"inLanguage":"es","potentialAction":[{"@type":"CommentAction","name":"Comment","target":["https:\/\/fuentesfidedignas.com.mx\/index.php\/2022\/09\/11\/esto-ya-se-descontrolo-captan-al-dr-simi-en-las-ofrendas-dedicadas-a-isabel-ii\/#respond"]}]},{"@type":"WebPage","@id":"https:\/\/fuentesfidedignas.com.mx\/index.php\/2022\/09\/11\/esto-ya-se-descontrolo-captan-al-dr-simi-en-las-ofrendas-dedicadas-a-isabel-ii\/","url":"https:\/\/fuentesfidedignas.com.mx\/index.php\/2022\/09\/11\/esto-ya-se-descontrolo-captan-al-dr-simi-en-las-ofrendas-dedicadas-a-isabel-ii\/","name":"\u00a1Esto ya se descontrol\u00f3!; captan al Dr. Simi en las ofrendas dedicadas a Isabel II - Fuentes Fidedignas","isPartOf":{"@id":"https:\/\/fuentesfidedignas.com.mx\/#website"},"primaryImageOfPage":{"@id":"https:\/\/fuentesfidedignas.com.mx\/index.php\/2022\/09\/11\/esto-ya-se-descontrolo-captan-al-dr-simi-en-las-ofrendas-dedicadas-a-isabel-ii\/#primaryimage"},"image":{"@id":"https:\/\/fuentesfidedignas.com.mx\/index.php\/2022\/09\/11\/esto-ya-se-descontrolo-captan-al-dr-simi-en-las-ofrendas-dedicadas-a-isabel-ii\/#primaryimage"},"thumbnailUrl":"https:\/\/fuentesfidedignas.com.mx\/wp-content\/uploads\/2022\/09\/DR_SIMI.jpg","datePublished":"2022-09-11T17:45:50+00:00","dateModified":"2022-09-11T17:46:22+00:00","breadcrumb":{"@id":"https:\/\/fuentesfidedignas.com.mx\/index.php\/2022\/09\/11\/esto-ya-se-descontrolo-captan-al-dr-simi-en-las-ofrendas-dedicadas-a-isabel-ii\/#breadcrumb"},"inLanguage":"es","potentialAction":[{"@type":"ReadAction","target":["https:\/\/fuentesfidedignas.com.mx\/index.php\/2022\/09\/11\/esto-ya-se-descontrolo-captan-al-dr-simi-en-las-ofrendas-dedicadas-a-isabel-ii\/"]}]},{"@type":"ImageObject","inLanguage":"es","@id":"https:\/\/fuentesfidedignas.com.mx\/index.php\/2022\/09\/11\/esto-ya-se-descontrolo-captan-al-dr-simi-en-las-ofrendas-dedicadas-a-isabel-ii\/#primaryimage","url":"https:\/\/fuentesfidedignas.com.mx\/wp-content\/uploads\/2022\/09\/DR_SIMI.jpg","contentUrl":"https:\/\/fuentesfidedignas.com.mx\/wp-content\/uploads\/2022\/09\/DR_SIMI.jpg","width":800,"height":600},{"@type":"BreadcrumbList","@id":"https:\/\/fuentesfidedignas.com.mx\/index.php\/2022\/09\/11\/esto-ya-se-descontrolo-captan-al-dr-simi-en-las-ofrendas-dedicadas-a-isabel-ii\/#breadcrumb","itemListElement":[{"@type":"ListItem","position":1,"name":"Inicio","item":"https:\/\/fuentesfidedignas.com.mx\/"},{"@type":"ListItem","position":2,"name":"\u00a1Esto ya se descontrol\u00f3!; captan al Dr. Simi en las ofrendas dedicadas a Isabel II"}]},{"@type":"WebSite","@id":"https:\/\/fuentesfidedignas.com.mx\/#website","url":"https:\/\/fuentesfidedignas.com.mx\/","name":"Fuentes Fidedignas","description":"Otro sitio realizado con WordPress","publisher":{"@id":"https:\/\/fuentesfidedignas.com.mx\/#organization"},"potentialAction":[{"@type":"SearchAction","target":{"@type":"EntryPoint","urlTemplate":"https:\/\/fuentesfidedignas.com.mx\/?s={search_term_string}"},"query-input":{"@type":"PropertyValueSpecification","valueRequired":true,"valueName":"search_term_string"}}],"inLanguage":"es"},{"@type":"Organization","@id":"https:\/\/fuentesfidedignas.com.mx\/#organization","name":"Fuentes Fidedignas","url":"https:\/\/fuentesfidedignas.com.mx\/","logo":{"@type":"ImageObject","inLanguage":"es","@id":"https:\/\/fuentesfidedignas.com.mx\/#\/schema\/logo\/image\/","url":"https:\/\/fuentesfidedignas.com.mx\/wp-content\/uploads\/2021\/04\/logo-retina.png","contentUrl":"https:\/\/fuentesfidedignas.com.mx\/wp-content\/uploads\/2021\/04\/logo-retina.png","width":280,"height":51,"caption":"Fuentes Fidedignas"},"image":{"@id":"https:\/\/fuentesfidedignas.com.mx\/#\/schema\/logo\/image\/"},"sameAs":["https:\/\/www.facebook.com\/Fuentes-Fidedignas-368234489921644","https:\/\/x.com\/fidedignas"]},{"@type":"Person","@id":"https:\/\/fuentesfidedignas.com.mx\/#\/schema\/person\/ec4edd1fbf5efa3e44fce34fe2787780","name":"Exc\u00e9lsior","image":{"@type":"ImageObject","inLanguage":"es","@id":"https:\/\/secure.gravatar.com\/avatar\/4b7ee9206b48be08447852b3f0814dbc7c0f3b51541b164f1464a2725614020b?s=96&d=mm&r=g","url":"https:\/\/secure.gravatar.com\/avatar\/4b7ee9206b48be08447852b3f0814dbc7c0f3b51541b164f1464a2725614020b?s=96&d=mm&r=g","contentUrl":"https:\/\/secure.gravatar.com\/avatar\/4b7ee9206b48be08447852b3f0814dbc7c0f3b51541b164f1464a2725614020b?s=96&d=mm&r=g","caption":"Exc\u00e9lsior"},"url":"https:\/\/fuentesfidedignas.com.mx\/index.php\/author\/excelsior\/"}]}},"_links":{"self":[{"href":"https:\/\/fuentesfidedignas.com.mx\/index.php\/wp-json\/wp\/v2\/posts\/42206","targetHints":{"allow":["GET"]}}],"collection":[{"href":"https:\/\/fuentesfidedignas.com.mx\/index.php\/wp-json\/wp\/v2\/posts"}],"about":[{"href":"https:\/\/fuentesfidedignas.com.mx\/index.php\/wp-json\/wp\/v2\/types\/post"}],"author":[{"embeddable":true,"href":"https:\/\/fuentesfidedignas.com.mx\/index.php\/wp-json\/wp\/v2\/users\/7"}],"replies":[{"embeddable":true,"href":"https:\/\/fuentesfidedignas.com.mx\/index.php\/wp-json\/wp\/v2\/comments?post=42206"}],"version-history":[{"count":2,"href":"https:\/\/fuentesfidedignas.com.mx\/index.php\/wp-json\/wp\/v2\/posts\/42206\/revisions"}],"predecessor-version":[{"id":42209,"href":"https:\/\/fuentesfidedignas.com.mx\/index.php\/wp-json\/wp\/v2\/posts\/42206\/revisions\/42209"}],"wp:featuredmedia":[{"embeddable":true,"href":"https:\/\/fuentesfidedignas.com.mx\/index.php\/wp-json\/wp\/v2\/media\/42208"}],"wp:attachment":[{"href":"https:\/\/fuentesfidedignas.com.mx\/index.php\/wp-json\/wp\/v2\/media?parent=42206"}],"wp:term":[{"taxonomy":"category","embeddable":true,"href":"https:\/\/fuentesfidedignas.com.mx\/index.php\/wp-json\/wp\/v2\/categories?post=42206"},{"taxonomy":"post_tag","embeddable":true,"href":"https:\/\/fuentesfidedignas.com.mx\/index.php\/wp-json\/wp\/v2\/tags?post=42206"}],"curies":[{"name":"wp","href":"https:\/\/api.w.org\/{rel}","templated":true}]}}