{"id":41991,"date":"2022-09-07T20:52:02","date_gmt":"2022-09-08T02:52:02","guid":{"rendered":"https:\/\/fuentesfidedignas.com.mx\/?p=41991"},"modified":"2022-09-07T20:52:20","modified_gmt":"2022-09-08T02:52:20","slug":"ahora-la-presa-sanalona-sera-desfogada-por-estar-al-97-de-su-capacidad","status":"publish","type":"post","link":"https:\/\/fuentesfidedignas.com.mx\/index.php\/2022\/09\/07\/ahora-la-presa-sanalona-sera-desfogada-por-estar-al-97-de-su-capacidad\/","title":{"rendered":"Ahora la Presa Sanalona ser\u00e1 desfogada por estar al 97% de su capacidad"},"content":{"rendered":"\n<p><em><strong>Esto es en respuesta a la recomendaci\u00f3n emitida por CONAGUA debido a que dicha presa registra un alto nivel de almacenaje con un total de 664.3 Mm3 (96.66%)<\/strong><\/em><\/p>\n\n\n\n<p>Culiac\u00e1n, Sin.- A fin de reducir riesgos para la poblaci\u00f3n, la Presa Sanalona ser\u00e1 desfogada como medida preventiva y de control este jueves 08 de septiembre a partir de las 8 de la ma\u00f1ana y durante todo el transcurso del d\u00eda.<\/p>\n\n\n\n<p>De acuerdo al titular de la Coordinaci\u00f3n Municipal de Protecci\u00f3n Civil, Jes\u00fas Bill Mendoza Ontiveros, esto es en respuesta a la recomendaci\u00f3n emitida por <strong>CONAGUA<\/strong> debido a que dicha presa registra un alto nivel de almacenaje con un total de 664.3 Mm3 <strong>(96.66%)<\/strong>.<\/p>\n\n\n\n<p><em>\u201cEs una medida preventiva que nos notifica CONAGUA para avisar a las comunidades que se encuentran por el paso del R\u00edo Tamazula, son desfogues de control, vamos a tomar esta medida preventiva para que no tenga ning\u00fan tipo de consecuencia al momento de que llegue a haber m\u00e1s lluvias\u201d, precis\u00f3.<\/em><\/p>\n\n\n\n<p>Las maniobras de desfogue, dijo, se realizar\u00e1n por personal de operaci\u00f3n del Distrito de Riego 010 Culiac\u00e1n &#8211; Humaya, en coordinaci\u00f3n con personal de la Comisi\u00f3n Federal de Electricidad.<\/p>\n\n\n\n<p>Asimismo, dijo que ser\u00e1n alrededor de 15 metros c\u00fabicos por segundo los que se estar\u00e1n desfogando hacia la Presa Derivadora Carlos Carvajal Zaraz\u00faa en el municipio de Culiac\u00e1n, para lo cual ya se dio aviso a los responsables del Parque Acu\u00e1tico y Parque Las Riberas.<\/p>\n\n\n\n<p><strong>Resalt\u00f3 que tanto el s\u00edndico de Sanalona como de Imala, as\u00ed como el encargado de la Alcald\u00eda Central, ya est\u00e1n informados y dando aviso a las comisar\u00edas aleda\u00f1as al R\u00edo Tamazula: la cabecera de Sanalona, San Jos\u00e9, Los Vados, Las Pe\u00f1itas, Jotagua, Los Naranjos, Ayun\u00e9 las cercanas como El Carrizalejo, entre otras, para que saquen a sus animales de pastoreo de las zonas bajas cercanas al r\u00edo y cuiden a sus hijos evit\u00e1ndoles ingresar al afluente por precauci\u00f3n.<\/strong><\/p>\n\n\n\n<p>En este sentido, llam\u00f3 a la ciudadan\u00eda a no alarmarse ya que el R\u00edo Tamazula presentar\u00e1 un crecimiento m\u00ednimo en su cauce ante estos desfogues, sin embargo, esto no representa situaci\u00f3n de desbordamiento y el objetivo es precisamente reducir al m\u00e1ximo la posibilidad de afectaciones y salvaguardar la integridad de los habitantes.<\/p>\n","protected":false},"excerpt":{"rendered":"<p>Esto es en respuesta a la recomendaci\u00f3n emitida por CONAGUA debido a que dicha presa registra un alto nivel de almacenaje con un total de 664.3 Mm3 (96.66%) Culiac\u00e1n, Sin.- A fin de reducir riesgos para la poblaci\u00f3n, la Presa Sanalona ser\u00e1 desfogada como medida preventiva y de control este jueves 08 de septiembre a [&hellip;]<\/p>\n","protected":false},"author":4,"featured_media":41993,"comment_status":"open","ping_status":"open","sticky":false,"template":"","format":"standard","meta":{"tdm_status":"","tdm_grid_status":"","footnotes":""},"categories":[37],"tags":[],"class_list":{"0":"post-41991","1":"post","2":"type-post","3":"status-publish","4":"format-standard","5":"has-post-thumbnail","7":"category-nota-principal"},"yoast_head":"<!-- This site is optimized with the Yoast SEO plugin v27.4 - https:\/\/yoast.com\/product\/yoast-seo-wordpress\/ -->\n<title>Ahora la Presa Sanalona ser\u00e1 desfogada por estar al 97% de su capacidad - Fuentes Fidedignas<\/title>\n<meta name=\"robots\" content=\"index, follow, max-snippet:-1, max-image-preview:large, max-video-preview:-1\" \/>\n<link rel=\"canonical\" href=\"https:\/\/fuentesfidedignas.com.mx\/index.php\/2022\/09\/07\/ahora-la-presa-sanalona-sera-desfogada-por-estar-al-97-de-su-capacidad\/\" \/>\n<meta property=\"og:locale\" content=\"es_MX\" \/>\n<meta property=\"og:type\" content=\"article\" \/>\n<meta property=\"og:title\" content=\"Ahora la Presa Sanalona ser\u00e1 desfogada por estar al 97% de su capacidad - Fuentes Fidedignas\" \/>\n<meta property=\"og:description\" content=\"Esto es en respuesta a la recomendaci\u00f3n emitida por CONAGUA debido a que dicha presa registra un alto nivel de almacenaje con un total de 664.3 Mm3 (96.66%) Culiac\u00e1n, Sin.- A fin de reducir riesgos para la poblaci\u00f3n, la Presa Sanalona ser\u00e1 desfogada como medida preventiva y de control este jueves 08 de septiembre a [&hellip;]\" \/>\n<meta property=\"og:url\" content=\"https:\/\/fuentesfidedignas.com.mx\/index.php\/2022\/09\/07\/ahora-la-presa-sanalona-sera-desfogada-por-estar-al-97-de-su-capacidad\/\" \/>\n<meta property=\"og:site_name\" content=\"Fuentes Fidedignas\" \/>\n<meta property=\"article:publisher\" content=\"https:\/\/www.facebook.com\/Fuentes-Fidedignas-368234489921644\" \/>\n<meta property=\"article:published_time\" content=\"2022-09-08T02:52:02+00:00\" \/>\n<meta property=\"article:modified_time\" content=\"2022-09-08T02:52:20+00:00\" \/>\n<meta property=\"og:image\" content=\"https:\/\/fuentesfidedignas.com.mx\/wp-content\/uploads\/2022\/09\/IMG-20220907-WA0114.jpg\" \/>\n\t<meta property=\"og:image:width\" content=\"1280\" \/>\n\t<meta property=\"og:image:height\" content=\"854\" \/>\n\t<meta property=\"og:image:type\" content=\"image\/jpeg\" \/>\n<meta name=\"author\" content=\"Redacci\u00f3n\" \/>\n<meta name=\"twitter:card\" content=\"summary_large_image\" \/>\n<meta name=\"twitter:creator\" content=\"@fidedignas\" \/>\n<meta name=\"twitter:site\" content=\"@fidedignas\" \/>\n<meta name=\"twitter:label1\" content=\"Escrito por\" \/>\n\t<meta name=\"twitter:data1\" content=\"Redacci\u00f3n\" \/>\n\t<meta name=\"twitter:label2\" content=\"Tiempo de lectura\" \/>\n\t<meta name=\"twitter:data2\" content=\"2 minutos\" \/>\n<script type=\"application\/ld+json\" class=\"yoast-schema-graph\">{\"@context\":\"https:\\\/\\\/schema.org\",\"@graph\":[{\"@type\":\"Article\",\"@id\":\"https:\\\/\\\/fuentesfidedignas.com.mx\\\/index.php\\\/2022\\\/09\\\/07\\\/ahora-la-presa-sanalona-sera-desfogada-por-estar-al-97-de-su-capacidad\\\/#article\",\"isPartOf\":{\"@id\":\"https:\\\/\\\/fuentesfidedignas.com.mx\\\/index.php\\\/2022\\\/09\\\/07\\\/ahora-la-presa-sanalona-sera-desfogada-por-estar-al-97-de-su-capacidad\\\/\"},\"author\":{\"name\":\"Redacci\u00f3n\",\"@id\":\"https:\\\/\\\/fuentesfidedignas.com.mx\\\/#\\\/schema\\\/person\\\/331be9283d37198e2acd5750279085b0\"},\"headline\":\"Ahora la Presa Sanalona ser\u00e1 desfogada por estar al 97% de su capacidad\",\"datePublished\":\"2022-09-08T02:52:02+00:00\",\"dateModified\":\"2022-09-08T02:52:20+00:00\",\"mainEntityOfPage\":{\"@id\":\"https:\\\/\\\/fuentesfidedignas.com.mx\\\/index.php\\\/2022\\\/09\\\/07\\\/ahora-la-presa-sanalona-sera-desfogada-por-estar-al-97-de-su-capacidad\\\/\"},\"wordCount\":409,\"commentCount\":0,\"publisher\":{\"@id\":\"https:\\\/\\\/fuentesfidedignas.com.mx\\\/#organization\"},\"image\":{\"@id\":\"https:\\\/\\\/fuentesfidedignas.com.mx\\\/index.php\\\/2022\\\/09\\\/07\\\/ahora-la-presa-sanalona-sera-desfogada-por-estar-al-97-de-su-capacidad\\\/#primaryimage\"},\"thumbnailUrl\":\"https:\\\/\\\/fuentesfidedignas.com.mx\\\/wp-content\\\/uploads\\\/2022\\\/09\\\/IMG-20220907-WA0114.jpg\",\"articleSection\":[\"NOTA PRINCIPAL\"],\"inLanguage\":\"es\",\"potentialAction\":[{\"@type\":\"CommentAction\",\"name\":\"Comment\",\"target\":[\"https:\\\/\\\/fuentesfidedignas.com.mx\\\/index.php\\\/2022\\\/09\\\/07\\\/ahora-la-presa-sanalona-sera-desfogada-por-estar-al-97-de-su-capacidad\\\/#respond\"]}]},{\"@type\":\"WebPage\",\"@id\":\"https:\\\/\\\/fuentesfidedignas.com.mx\\\/index.php\\\/2022\\\/09\\\/07\\\/ahora-la-presa-sanalona-sera-desfogada-por-estar-al-97-de-su-capacidad\\\/\",\"url\":\"https:\\\/\\\/fuentesfidedignas.com.mx\\\/index.php\\\/2022\\\/09\\\/07\\\/ahora-la-presa-sanalona-sera-desfogada-por-estar-al-97-de-su-capacidad\\\/\",\"name\":\"Ahora la Presa Sanalona ser\u00e1 desfogada por estar al 97% de su capacidad - Fuentes Fidedignas\",\"isPartOf\":{\"@id\":\"https:\\\/\\\/fuentesfidedignas.com.mx\\\/#website\"},\"primaryImageOfPage\":{\"@id\":\"https:\\\/\\\/fuentesfidedignas.com.mx\\\/index.php\\\/2022\\\/09\\\/07\\\/ahora-la-presa-sanalona-sera-desfogada-por-estar-al-97-de-su-capacidad\\\/#primaryimage\"},\"image\":{\"@id\":\"https:\\\/\\\/fuentesfidedignas.com.mx\\\/index.php\\\/2022\\\/09\\\/07\\\/ahora-la-presa-sanalona-sera-desfogada-por-estar-al-97-de-su-capacidad\\\/#primaryimage\"},\"thumbnailUrl\":\"https:\\\/\\\/fuentesfidedignas.com.mx\\\/wp-content\\\/uploads\\\/2022\\\/09\\\/IMG-20220907-WA0114.jpg\",\"datePublished\":\"2022-09-08T02:52:02+00:00\",\"dateModified\":\"2022-09-08T02:52:20+00:00\",\"breadcrumb\":{\"@id\":\"https:\\\/\\\/fuentesfidedignas.com.mx\\\/index.php\\\/2022\\\/09\\\/07\\\/ahora-la-presa-sanalona-sera-desfogada-por-estar-al-97-de-su-capacidad\\\/#breadcrumb\"},\"inLanguage\":\"es\",\"potentialAction\":[{\"@type\":\"ReadAction\",\"target\":[\"https:\\\/\\\/fuentesfidedignas.com.mx\\\/index.php\\\/2022\\\/09\\\/07\\\/ahora-la-presa-sanalona-sera-desfogada-por-estar-al-97-de-su-capacidad\\\/\"]}]},{\"@type\":\"ImageObject\",\"inLanguage\":\"es\",\"@id\":\"https:\\\/\\\/fuentesfidedignas.com.mx\\\/index.php\\\/2022\\\/09\\\/07\\\/ahora-la-presa-sanalona-sera-desfogada-por-estar-al-97-de-su-capacidad\\\/#primaryimage\",\"url\":\"https:\\\/\\\/fuentesfidedignas.com.mx\\\/wp-content\\\/uploads\\\/2022\\\/09\\\/IMG-20220907-WA0114.jpg\",\"contentUrl\":\"https:\\\/\\\/fuentesfidedignas.com.mx\\\/wp-content\\\/uploads\\\/2022\\\/09\\\/IMG-20220907-WA0114.jpg\",\"width\":1280,\"height\":854},{\"@type\":\"BreadcrumbList\",\"@id\":\"https:\\\/\\\/fuentesfidedignas.com.mx\\\/index.php\\\/2022\\\/09\\\/07\\\/ahora-la-presa-sanalona-sera-desfogada-por-estar-al-97-de-su-capacidad\\\/#breadcrumb\",\"itemListElement\":[{\"@type\":\"ListItem\",\"position\":1,\"name\":\"Inicio\",\"item\":\"https:\\\/\\\/fuentesfidedignas.com.mx\\\/\"},{\"@type\":\"ListItem\",\"position\":2,\"name\":\"Ahora la Presa Sanalona ser\u00e1 desfogada por estar al 97% de su capacidad\"}]},{\"@type\":\"WebSite\",\"@id\":\"https:\\\/\\\/fuentesfidedignas.com.mx\\\/#website\",\"url\":\"https:\\\/\\\/fuentesfidedignas.com.mx\\\/\",\"name\":\"Fuentes Fidedignas\",\"description\":\"Otro sitio realizado con WordPress\",\"publisher\":{\"@id\":\"https:\\\/\\\/fuentesfidedignas.com.mx\\\/#organization\"},\"potentialAction\":[{\"@type\":\"SearchAction\",\"target\":{\"@type\":\"EntryPoint\",\"urlTemplate\":\"https:\\\/\\\/fuentesfidedignas.com.mx\\\/?s={search_term_string}\"},\"query-input\":{\"@type\":\"PropertyValueSpecification\",\"valueRequired\":true,\"valueName\":\"search_term_string\"}}],\"inLanguage\":\"es\"},{\"@type\":\"Organization\",\"@id\":\"https:\\\/\\\/fuentesfidedignas.com.mx\\\/#organization\",\"name\":\"Fuentes Fidedignas\",\"url\":\"https:\\\/\\\/fuentesfidedignas.com.mx\\\/\",\"logo\":{\"@type\":\"ImageObject\",\"inLanguage\":\"es\",\"@id\":\"https:\\\/\\\/fuentesfidedignas.com.mx\\\/#\\\/schema\\\/logo\\\/image\\\/\",\"url\":\"https:\\\/\\\/fuentesfidedignas.com.mx\\\/wp-content\\\/uploads\\\/2021\\\/04\\\/logo-retina.png\",\"contentUrl\":\"https:\\\/\\\/fuentesfidedignas.com.mx\\\/wp-content\\\/uploads\\\/2021\\\/04\\\/logo-retina.png\",\"width\":280,\"height\":51,\"caption\":\"Fuentes Fidedignas\"},\"image\":{\"@id\":\"https:\\\/\\\/fuentesfidedignas.com.mx\\\/#\\\/schema\\\/logo\\\/image\\\/\"},\"sameAs\":[\"https:\\\/\\\/www.facebook.com\\\/Fuentes-Fidedignas-368234489921644\",\"https:\\\/\\\/x.com\\\/fidedignas\"]},{\"@type\":\"Person\",\"@id\":\"https:\\\/\\\/fuentesfidedignas.com.mx\\\/#\\\/schema\\\/person\\\/331be9283d37198e2acd5750279085b0\",\"name\":\"Redacci\u00f3n\",\"image\":{\"@type\":\"ImageObject\",\"inLanguage\":\"es\",\"@id\":\"https:\\\/\\\/secure.gravatar.com\\\/avatar\\\/f6d8782c11d12b2d4ad3fbb6931aeab5309937a4d6cd2fc9cfaa28a6396a5aec?s=96&d=mm&r=g\",\"url\":\"https:\\\/\\\/secure.gravatar.com\\\/avatar\\\/f6d8782c11d12b2d4ad3fbb6931aeab5309937a4d6cd2fc9cfaa28a6396a5aec?s=96&d=mm&r=g\",\"contentUrl\":\"https:\\\/\\\/secure.gravatar.com\\\/avatar\\\/f6d8782c11d12b2d4ad3fbb6931aeab5309937a4d6cd2fc9cfaa28a6396a5aec?s=96&d=mm&r=g\",\"caption\":\"Redacci\u00f3n\"},\"url\":\"https:\\\/\\\/fuentesfidedignas.com.mx\\\/index.php\\\/author\\\/redaccion\\\/\"}]}<\/script>\n<!-- \/ Yoast SEO plugin. -->","yoast_head_json":{"title":"Ahora la Presa Sanalona ser\u00e1 desfogada por estar al 97% de su capacidad - Fuentes Fidedignas","robots":{"index":"index","follow":"follow","max-snippet":"max-snippet:-1","max-image-preview":"max-image-preview:large","max-video-preview":"max-video-preview:-1"},"canonical":"https:\/\/fuentesfidedignas.com.mx\/index.php\/2022\/09\/07\/ahora-la-presa-sanalona-sera-desfogada-por-estar-al-97-de-su-capacidad\/","og_locale":"es_MX","og_type":"article","og_title":"Ahora la Presa Sanalona ser\u00e1 desfogada por estar al 97% de su capacidad - Fuentes Fidedignas","og_description":"Esto es en respuesta a la recomendaci\u00f3n emitida por CONAGUA debido a que dicha presa registra un alto nivel de almacenaje con un total de 664.3 Mm3 (96.66%) Culiac\u00e1n, Sin.- A fin de reducir riesgos para la poblaci\u00f3n, la Presa Sanalona ser\u00e1 desfogada como medida preventiva y de control este jueves 08 de septiembre a [&hellip;]","og_url":"https:\/\/fuentesfidedignas.com.mx\/index.php\/2022\/09\/07\/ahora-la-presa-sanalona-sera-desfogada-por-estar-al-97-de-su-capacidad\/","og_site_name":"Fuentes Fidedignas","article_publisher":"https:\/\/www.facebook.com\/Fuentes-Fidedignas-368234489921644","article_published_time":"2022-09-08T02:52:02+00:00","article_modified_time":"2022-09-08T02:52:20+00:00","og_image":[{"width":1280,"height":854,"url":"https:\/\/fuentesfidedignas.com.mx\/wp-content\/uploads\/2022\/09\/IMG-20220907-WA0114.jpg","type":"image\/jpeg"}],"author":"Redacci\u00f3n","twitter_card":"summary_large_image","twitter_creator":"@fidedignas","twitter_site":"@fidedignas","twitter_misc":{"Escrito por":"Redacci\u00f3n","Tiempo de lectura":"2 minutos"},"schema":{"@context":"https:\/\/schema.org","@graph":[{"@type":"Article","@id":"https:\/\/fuentesfidedignas.com.mx\/index.php\/2022\/09\/07\/ahora-la-presa-sanalona-sera-desfogada-por-estar-al-97-de-su-capacidad\/#article","isPartOf":{"@id":"https:\/\/fuentesfidedignas.com.mx\/index.php\/2022\/09\/07\/ahora-la-presa-sanalona-sera-desfogada-por-estar-al-97-de-su-capacidad\/"},"author":{"name":"Redacci\u00f3n","@id":"https:\/\/fuentesfidedignas.com.mx\/#\/schema\/person\/331be9283d37198e2acd5750279085b0"},"headline":"Ahora la Presa Sanalona ser\u00e1 desfogada por estar al 97% de su capacidad","datePublished":"2022-09-08T02:52:02+00:00","dateModified":"2022-09-08T02:52:20+00:00","mainEntityOfPage":{"@id":"https:\/\/fuentesfidedignas.com.mx\/index.php\/2022\/09\/07\/ahora-la-presa-sanalona-sera-desfogada-por-estar-al-97-de-su-capacidad\/"},"wordCount":409,"commentCount":0,"publisher":{"@id":"https:\/\/fuentesfidedignas.com.mx\/#organization"},"image":{"@id":"https:\/\/fuentesfidedignas.com.mx\/index.php\/2022\/09\/07\/ahora-la-presa-sanalona-sera-desfogada-por-estar-al-97-de-su-capacidad\/#primaryimage"},"thumbnailUrl":"https:\/\/fuentesfidedignas.com.mx\/wp-content\/uploads\/2022\/09\/IMG-20220907-WA0114.jpg","articleSection":["NOTA PRINCIPAL"],"inLanguage":"es","potentialAction":[{"@type":"CommentAction","name":"Comment","target":["https:\/\/fuentesfidedignas.com.mx\/index.php\/2022\/09\/07\/ahora-la-presa-sanalona-sera-desfogada-por-estar-al-97-de-su-capacidad\/#respond"]}]},{"@type":"WebPage","@id":"https:\/\/fuentesfidedignas.com.mx\/index.php\/2022\/09\/07\/ahora-la-presa-sanalona-sera-desfogada-por-estar-al-97-de-su-capacidad\/","url":"https:\/\/fuentesfidedignas.com.mx\/index.php\/2022\/09\/07\/ahora-la-presa-sanalona-sera-desfogada-por-estar-al-97-de-su-capacidad\/","name":"Ahora la Presa Sanalona ser\u00e1 desfogada por estar al 97% de su capacidad - Fuentes Fidedignas","isPartOf":{"@id":"https:\/\/fuentesfidedignas.com.mx\/#website"},"primaryImageOfPage":{"@id":"https:\/\/fuentesfidedignas.com.mx\/index.php\/2022\/09\/07\/ahora-la-presa-sanalona-sera-desfogada-por-estar-al-97-de-su-capacidad\/#primaryimage"},"image":{"@id":"https:\/\/fuentesfidedignas.com.mx\/index.php\/2022\/09\/07\/ahora-la-presa-sanalona-sera-desfogada-por-estar-al-97-de-su-capacidad\/#primaryimage"},"thumbnailUrl":"https:\/\/fuentesfidedignas.com.mx\/wp-content\/uploads\/2022\/09\/IMG-20220907-WA0114.jpg","datePublished":"2022-09-08T02:52:02+00:00","dateModified":"2022-09-08T02:52:20+00:00","breadcrumb":{"@id":"https:\/\/fuentesfidedignas.com.mx\/index.php\/2022\/09\/07\/ahora-la-presa-sanalona-sera-desfogada-por-estar-al-97-de-su-capacidad\/#breadcrumb"},"inLanguage":"es","potentialAction":[{"@type":"ReadAction","target":["https:\/\/fuentesfidedignas.com.mx\/index.php\/2022\/09\/07\/ahora-la-presa-sanalona-sera-desfogada-por-estar-al-97-de-su-capacidad\/"]}]},{"@type":"ImageObject","inLanguage":"es","@id":"https:\/\/fuentesfidedignas.com.mx\/index.php\/2022\/09\/07\/ahora-la-presa-sanalona-sera-desfogada-por-estar-al-97-de-su-capacidad\/#primaryimage","url":"https:\/\/fuentesfidedignas.com.mx\/wp-content\/uploads\/2022\/09\/IMG-20220907-WA0114.jpg","contentUrl":"https:\/\/fuentesfidedignas.com.mx\/wp-content\/uploads\/2022\/09\/IMG-20220907-WA0114.jpg","width":1280,"height":854},{"@type":"BreadcrumbList","@id":"https:\/\/fuentesfidedignas.com.mx\/index.php\/2022\/09\/07\/ahora-la-presa-sanalona-sera-desfogada-por-estar-al-97-de-su-capacidad\/#breadcrumb","itemListElement":[{"@type":"ListItem","position":1,"name":"Inicio","item":"https:\/\/fuentesfidedignas.com.mx\/"},{"@type":"ListItem","position":2,"name":"Ahora la Presa Sanalona ser\u00e1 desfogada por estar al 97% de su capacidad"}]},{"@type":"WebSite","@id":"https:\/\/fuentesfidedignas.com.mx\/#website","url":"https:\/\/fuentesfidedignas.com.mx\/","name":"Fuentes Fidedignas","description":"Otro sitio realizado con WordPress","publisher":{"@id":"https:\/\/fuentesfidedignas.com.mx\/#organization"},"potentialAction":[{"@type":"SearchAction","target":{"@type":"EntryPoint","urlTemplate":"https:\/\/fuentesfidedignas.com.mx\/?s={search_term_string}"},"query-input":{"@type":"PropertyValueSpecification","valueRequired":true,"valueName":"search_term_string"}}],"inLanguage":"es"},{"@type":"Organization","@id":"https:\/\/fuentesfidedignas.com.mx\/#organization","name":"Fuentes Fidedignas","url":"https:\/\/fuentesfidedignas.com.mx\/","logo":{"@type":"ImageObject","inLanguage":"es","@id":"https:\/\/fuentesfidedignas.com.mx\/#\/schema\/logo\/image\/","url":"https:\/\/fuentesfidedignas.com.mx\/wp-content\/uploads\/2021\/04\/logo-retina.png","contentUrl":"https:\/\/fuentesfidedignas.com.mx\/wp-content\/uploads\/2021\/04\/logo-retina.png","width":280,"height":51,"caption":"Fuentes Fidedignas"},"image":{"@id":"https:\/\/fuentesfidedignas.com.mx\/#\/schema\/logo\/image\/"},"sameAs":["https:\/\/www.facebook.com\/Fuentes-Fidedignas-368234489921644","https:\/\/x.com\/fidedignas"]},{"@type":"Person","@id":"https:\/\/fuentesfidedignas.com.mx\/#\/schema\/person\/331be9283d37198e2acd5750279085b0","name":"Redacci\u00f3n","image":{"@type":"ImageObject","inLanguage":"es","@id":"https:\/\/secure.gravatar.com\/avatar\/f6d8782c11d12b2d4ad3fbb6931aeab5309937a4d6cd2fc9cfaa28a6396a5aec?s=96&d=mm&r=g","url":"https:\/\/secure.gravatar.com\/avatar\/f6d8782c11d12b2d4ad3fbb6931aeab5309937a4d6cd2fc9cfaa28a6396a5aec?s=96&d=mm&r=g","contentUrl":"https:\/\/secure.gravatar.com\/avatar\/f6d8782c11d12b2d4ad3fbb6931aeab5309937a4d6cd2fc9cfaa28a6396a5aec?s=96&d=mm&r=g","caption":"Redacci\u00f3n"},"url":"https:\/\/fuentesfidedignas.com.mx\/index.php\/author\/redaccion\/"}]}},"_links":{"self":[{"href":"https:\/\/fuentesfidedignas.com.mx\/index.php\/wp-json\/wp\/v2\/posts\/41991","targetHints":{"allow":["GET"]}}],"collection":[{"href":"https:\/\/fuentesfidedignas.com.mx\/index.php\/wp-json\/wp\/v2\/posts"}],"about":[{"href":"https:\/\/fuentesfidedignas.com.mx\/index.php\/wp-json\/wp\/v2\/types\/post"}],"author":[{"embeddable":true,"href":"https:\/\/fuentesfidedignas.com.mx\/index.php\/wp-json\/wp\/v2\/users\/4"}],"replies":[{"embeddable":true,"href":"https:\/\/fuentesfidedignas.com.mx\/index.php\/wp-json\/wp\/v2\/comments?post=41991"}],"version-history":[{"count":1,"href":"https:\/\/fuentesfidedignas.com.mx\/index.php\/wp-json\/wp\/v2\/posts\/41991\/revisions"}],"predecessor-version":[{"id":41992,"href":"https:\/\/fuentesfidedignas.com.mx\/index.php\/wp-json\/wp\/v2\/posts\/41991\/revisions\/41992"}],"wp:featuredmedia":[{"embeddable":true,"href":"https:\/\/fuentesfidedignas.com.mx\/index.php\/wp-json\/wp\/v2\/media\/41993"}],"wp:attachment":[{"href":"https:\/\/fuentesfidedignas.com.mx\/index.php\/wp-json\/wp\/v2\/media?parent=41991"}],"wp:term":[{"taxonomy":"category","embeddable":true,"href":"https:\/\/fuentesfidedignas.com.mx\/index.php\/wp-json\/wp\/v2\/categories?post=41991"},{"taxonomy":"post_tag","embeddable":true,"href":"https:\/\/fuentesfidedignas.com.mx\/index.php\/wp-json\/wp\/v2\/tags?post=41991"}],"curies":[{"name":"wp","href":"https:\/\/api.w.org\/{rel}","templated":true}]}}