{"id":41964,"date":"2022-09-07T16:58:34","date_gmt":"2022-09-07T22:58:34","guid":{"rendered":"https:\/\/fuentesfidedignas.com.mx\/?p=41964"},"modified":"2022-09-07T17:00:53","modified_gmt":"2022-09-07T23:00:53","slug":"rocha-se-reune-con-embajador-de-estados-unidos-ken-salazar-en-mazatlan","status":"publish","type":"post","link":"https:\/\/fuentesfidedignas.com.mx\/index.php\/2022\/09\/07\/rocha-se-reune-con-embajador-de-estados-unidos-ken-salazar-en-mazatlan\/","title":{"rendered":"Rocha se re\u00fane con embajador de Estados Unidos, Ken Salazar, en Mazatl\u00e1n"},"content":{"rendered":"\n<p><em>Tambi\u00e9n asisti\u00f3 al encuentro el C\u00f3nsul, Ken Roy<\/em><\/p>\n\n\n\n<p>Mazatl\u00e1n, Sin.- El gobernador Rub\u00e9n Rocha Moya recibi\u00f3 en Mazatl\u00e1n al Embajador de Estados Unidos en M\u00e9xico, Ken Salazar, para abordar temas relacionados con la cooperaci\u00f3n entre ambos pa\u00edses, en especial todo lo que incumbe a Sinaloa.<\/p>\n\n\n\n<p>El encuentro se celebr\u00f3 en el Centro de Convenciones de Mazatl\u00e1n, al cual tambi\u00e9n asisti\u00f3 el C\u00f3nsul General de Estados Unidos en Hermosillo, Ken Roy.<\/p>\n\n\n\n<figure class=\"wp-block-image size-large\"><img decoding=\"async\" width=\"1024\" height=\"683\" src=\"https:\/\/fuentesfidedignas.com.mx\/wp-content\/uploads\/2022\/09\/IMG-20220907-WA0060-1024x683.jpg\" alt=\"\" class=\"wp-image-41966\" srcset=\"https:\/\/fuentesfidedignas.com.mx\/wp-content\/uploads\/2022\/09\/IMG-20220907-WA0060-1024x683.jpg 1024w, https:\/\/fuentesfidedignas.com.mx\/wp-content\/uploads\/2022\/09\/IMG-20220907-WA0060-300x200.jpg 300w, https:\/\/fuentesfidedignas.com.mx\/wp-content\/uploads\/2022\/09\/IMG-20220907-WA0060-768x512.jpg 768w, https:\/\/fuentesfidedignas.com.mx\/wp-content\/uploads\/2022\/09\/IMG-20220907-WA0060.jpg 1280w\" sizes=\"(max-width: 1024px) 100vw, 1024px\" \/><\/figure>\n\n\n\n<p><strong>Embajador Ken Salazar consider\u00f3 positivos los logros de seguridad del gobierno de Rocha<\/strong><\/p>\n\n\n\n<p>En su primera visita que hace como embajador de los Estados Unidos de Am\u00e9rica a Sinaloa, Ken Salazar consider\u00f3 muy positivos los logros que se han obtenido en lo que va del primer a\u00f1o del gobierno de Rub\u00e9n Rocha Moya, con la creaci\u00f3n de la Universidad de Polic\u00eda y el mejoramiento salarial de las corporaciones policiales, y augur\u00f3 que en los restantes cinco a\u00f1os se podr\u00e1 mejorar todav\u00eda m\u00e1s, ya que apenas inicia su administraci\u00f3n.<\/p>\n\n\n\n<p>El gobernador Rocha recibi\u00f3 al embajador Ken Salazar y al c\u00f3nsul de Estados Unidos en Hermosillo, Ken Roy, en Mazatl\u00e1n, para en compa\u00f1\u00eda de varios secretarios de su gabinete, sostener un encuentro de trabajo, donde se abordaron diferentes temas, como el de seguridad y la relaci\u00f3n comercial que mantiene Sinaloa con la Uni\u00f3n Americana.<\/p>\n\n\n\n<figure class=\"wp-block-image size-large\"><img decoding=\"async\" width=\"1024\" height=\"682\" src=\"https:\/\/fuentesfidedignas.com.mx\/wp-content\/uploads\/2022\/09\/IMG-20220907-WA0063-1024x682.jpg\" alt=\"\" class=\"wp-image-41967\" srcset=\"https:\/\/fuentesfidedignas.com.mx\/wp-content\/uploads\/2022\/09\/IMG-20220907-WA0063-1024x682.jpg 1024w, https:\/\/fuentesfidedignas.com.mx\/wp-content\/uploads\/2022\/09\/IMG-20220907-WA0063-300x200.jpg 300w, https:\/\/fuentesfidedignas.com.mx\/wp-content\/uploads\/2022\/09\/IMG-20220907-WA0063-768x511.jpg 768w, https:\/\/fuentesfidedignas.com.mx\/wp-content\/uploads\/2022\/09\/IMG-20220907-WA0063.jpg 1280w\" sizes=\"(max-width: 1024px) 100vw, 1024px\" \/><\/figure>\n\n\n\n<p>En conferencia de prensa conjunta ofrecida por el embajador y el gobernador del estado, al t\u00e9rmino del encuentro que tuvo lugar en el Centro de Convenciones de Mazatl\u00e1n, el diplom\u00e1tico norteamericano elogi\u00f3 los resultados que ha logrado en seguridad el gobierno de Rocha, en apenas sus primeros meses de gesti\u00f3n.<\/p>\n\n\n\n<p><em>\u201cHablamos bastante de la seguridad y lo que reconozco yo, es que el gobernador tiene m\u00e1s de cinco a\u00f1os en su gubernatura y comienza con un equipo con mucha experiencia y que ha comenzado en much\u00edsimas cosas, incluso, en la Universidad -del Polic\u00eda- con la capacitaci\u00f3n de la polic\u00eda, con los incrementos en los salarios de los polic\u00edas aqu\u00ed en este estado, en lo que se ha reducido ya las estad\u00edsticas de las delincuencias y eso es buen comienzo. Entonces, lo digo yo, para que el pueblo tenga tranquilidad, tenga prosperidad se requiere la seguridad\u201d, dijo Ken Salazar.<\/em><\/p>\n\n\n\n<figure class=\"wp-block-image size-large\"><img decoding=\"async\" width=\"1024\" height=\"682\" src=\"https:\/\/fuentesfidedignas.com.mx\/wp-content\/uploads\/2022\/09\/IMG-20220907-WA0064-1024x682.jpg\" alt=\"\" class=\"wp-image-41970\" srcset=\"https:\/\/fuentesfidedignas.com.mx\/wp-content\/uploads\/2022\/09\/IMG-20220907-WA0064-1024x682.jpg 1024w, https:\/\/fuentesfidedignas.com.mx\/wp-content\/uploads\/2022\/09\/IMG-20220907-WA0064-300x200.jpg 300w, https:\/\/fuentesfidedignas.com.mx\/wp-content\/uploads\/2022\/09\/IMG-20220907-WA0064-768x511.jpg 768w, https:\/\/fuentesfidedignas.com.mx\/wp-content\/uploads\/2022\/09\/IMG-20220907-WA0064.jpg 1280w\" sizes=\"(max-width: 1024px) 100vw, 1024px\" \/><\/figure>\n\n\n\n<p><strong>Adem\u00e1s, destac\u00f3 que Sinaloa mantiene enlaces econ\u00f3micos muy fuertes con los Estados Unidos, en materia de turismo, agricultura y el sector comercial, donde empresas de los Estados Unidos quieren seguir invirtiendo aqu\u00ed en Sinaloa.<\/strong><\/p>\n\n\n\n<p><em>\u201cEl compromiso m\u00edo aqu\u00ed en Sinaloa, con la gente de Sinaloa, es que as\u00ed vamos a trabajar, como socios, siempre con apoyo, siempre con respeto profundo de la soberan\u00eda de M\u00e9xico, entonces regresar\u00e9 otra vez aqu\u00ed, ya pronto en noviembre, para seguir en este trabajo\u201d, se comprometi\u00f3 el embajador Salazar.<\/em><\/p>\n\n\n\n<p>Por su parte, el gobernador Rocha le agradeci\u00f3 al embajador su visita. \u201c<em>Yo quiero agradecerle infinitamente la visita, yo no tengo registro de que nos haya visitado alg\u00fan embajador de Estados Unidos en Sinaloa por lo menos en los \u00faltimos 30 a\u00f1os, \u00e9sta es una gran distinci\u00f3n que agradezco mucho, y hemos platicado muy bien, de manera muy constructiva y hemos proyectado cosas para seguir trabajando\u201d, dijo.<\/em><\/p>\n\n\n\n<figure class=\"wp-block-image size-large\"><img decoding=\"async\" width=\"1024\" height=\"682\" src=\"https:\/\/fuentesfidedignas.com.mx\/wp-content\/uploads\/2022\/09\/IMG-20220907-WA0061-1024x682.jpg\" alt=\"\" class=\"wp-image-41965\" srcset=\"https:\/\/fuentesfidedignas.com.mx\/wp-content\/uploads\/2022\/09\/IMG-20220907-WA0061-1024x682.jpg 1024w, https:\/\/fuentesfidedignas.com.mx\/wp-content\/uploads\/2022\/09\/IMG-20220907-WA0061-300x200.jpg 300w, https:\/\/fuentesfidedignas.com.mx\/wp-content\/uploads\/2022\/09\/IMG-20220907-WA0061-768x511.jpg 768w, https:\/\/fuentesfidedignas.com.mx\/wp-content\/uploads\/2022\/09\/IMG-20220907-WA0061.jpg 1280w\" sizes=\"(max-width: 1024px) 100vw, 1024px\" \/><\/figure>\n\n\n\n<p>El mandatario estatal coment\u00f3 ante los medios de comunicaci\u00f3n en entrevista posterior, que los temas abordados con el embajador fueron la estacionalidad de la producci\u00f3n del tomate, pues Florida lo produce al mismo tiempo que Sinaloa, lo que ha generado en los \u00faltimos a\u00f1os se\u00f1alamientos de dumping, el cual rechaz\u00f3 que se lleve a cabo por parte de los productores sinaloenses.<\/p>\n\n\n\n<p>Tambi\u00e9n plante\u00f3 al embajador la posibilidad de acercar a Sinaloa alguna sede para la expedici\u00f3n de visas, como ocurr\u00eda hace d\u00e9cadas, cuando se contaba con una oficina del Consulado aqu\u00ed precisamente en Mazatl\u00e1n.<\/p>\n\n\n\n<p>El gobernador Rocha a\u00f1adi\u00f3 que se abord\u00f3 tambi\u00e9n el tema de seguridad, para que el embajador conociera de primera mano, lo que est\u00e1 haciendo su gobierno, \u201cporque queremos demostrar que no existen razones para que tengamos ese Warning para que no vengan a Sinaloa, tambi\u00e9n lo planteamos\u201d.<\/p>\n\n\n\n<p><em>\u201cEn realidad el embajador y el c\u00f3nsul ya conoc\u00edan nuestros datos, est\u00e1n informados, pero ellos no son los que deciden -sobre el Warning- son otros, hay otra metodolog\u00eda, pero estamos seguros que van a llevar una opini\u00f3n favorable para que no tengamos ese tema de impedimento de que ciudadanos norteamericanos vengan a Mazatl\u00e1n, a todo el estado. Ellos mismos consideraron que no hay raz\u00f3n, pero no son quienes lo van a decidir, pero ser\u00e1 muy importante la opini\u00f3n del c\u00f3nsul que estuvo aqu\u00ed, y conoci\u00f3 nuestros informes\u201d, precis\u00f3.<\/em><\/p>\n\n\n\n<p>El gobernador Rocha fue acompa\u00f1ado a su vez por el secretario general de Gobierno, Enrique Inzunza C\u00e1zarez; el secretario de Seguridad P\u00fablica, teniente coronel Crist\u00f3bal Casta\u00f1eda Camarillo; la secretaria de Turismo, Rosario Torres Noriega; el secretario de Administraci\u00f3n y Finanzas, Enrique D\u00edaz Vega; el secretario de Econom\u00eda, Javier Gaxiola Coppel, y la fiscal general del Estado, Sara Bruna Qui\u00f1\u00f3nez.<\/p>\n\n\n\n<p>Al embajador Ken Salazar lo acompa\u00f1\u00f3, adem\u00e1s del c\u00f3nsul Ken Roy, el agregado CBP para la Regi\u00f3n Noroeste de M\u00e9xico, Daniel Sandez; la asociada pol\u00edtica, Claire Mark; y la especialista para Asuntos Pol\u00edticos y Econ\u00f3micos, Luc\u00eda L\u00f3pez.<\/p>\n","protected":false},"excerpt":{"rendered":"<p>Tambi\u00e9n asisti\u00f3 al encuentro el C\u00f3nsul, Ken Roy Mazatl\u00e1n, Sin.- El gobernador Rub\u00e9n Rocha Moya recibi\u00f3 en Mazatl\u00e1n al Embajador de Estados Unidos en M\u00e9xico, Ken Salazar, para abordar temas relacionados con la cooperaci\u00f3n entre ambos pa\u00edses, en especial todo lo que incumbe a Sinaloa. El encuentro se celebr\u00f3 en el Centro de Convenciones de [&hellip;]<\/p>\n","protected":false},"author":4,"featured_media":41969,"comment_status":"open","ping_status":"open","sticky":false,"template":"","format":"standard","meta":{"tdm_status":"","tdm_grid_status":"","footnotes":""},"categories":[37],"tags":[],"class_list":{"0":"post-41964","1":"post","2":"type-post","3":"status-publish","4":"format-standard","5":"has-post-thumbnail","7":"category-nota-principal"},"yoast_head":"<!-- This site is optimized with the Yoast SEO plugin v27.4 - https:\/\/yoast.com\/product\/yoast-seo-wordpress\/ -->\n<title>Rocha se re\u00fane con embajador de Estados Unidos, Ken Salazar, en Mazatl\u00e1n - Fuentes Fidedignas<\/title>\n<meta name=\"robots\" content=\"index, follow, max-snippet:-1, max-image-preview:large, max-video-preview:-1\" \/>\n<link rel=\"canonical\" href=\"https:\/\/fuentesfidedignas.com.mx\/index.php\/2022\/09\/07\/rocha-se-reune-con-embajador-de-estados-unidos-ken-salazar-en-mazatlan\/\" \/>\n<meta property=\"og:locale\" content=\"es_MX\" \/>\n<meta property=\"og:type\" content=\"article\" \/>\n<meta property=\"og:title\" content=\"Rocha se re\u00fane con embajador de Estados Unidos, Ken Salazar, en Mazatl\u00e1n - Fuentes Fidedignas\" \/>\n<meta property=\"og:description\" content=\"Tambi\u00e9n asisti\u00f3 al encuentro el C\u00f3nsul, Ken Roy Mazatl\u00e1n, Sin.- El gobernador Rub\u00e9n Rocha Moya recibi\u00f3 en Mazatl\u00e1n al Embajador de Estados Unidos en M\u00e9xico, Ken Salazar, para abordar temas relacionados con la cooperaci\u00f3n entre ambos pa\u00edses, en especial todo lo que incumbe a Sinaloa. El encuentro se celebr\u00f3 en el Centro de Convenciones de [&hellip;]\" \/>\n<meta property=\"og:url\" content=\"https:\/\/fuentesfidedignas.com.mx\/index.php\/2022\/09\/07\/rocha-se-reune-con-embajador-de-estados-unidos-ken-salazar-en-mazatlan\/\" \/>\n<meta property=\"og:site_name\" content=\"Fuentes Fidedignas\" \/>\n<meta property=\"article:publisher\" content=\"https:\/\/www.facebook.com\/Fuentes-Fidedignas-368234489921644\" \/>\n<meta property=\"article:published_time\" content=\"2022-09-07T22:58:34+00:00\" \/>\n<meta property=\"article:modified_time\" content=\"2022-09-07T23:00:53+00:00\" \/>\n<meta property=\"og:image\" content=\"https:\/\/fuentesfidedignas.com.mx\/wp-content\/uploads\/2022\/09\/image_editor_output_image542761512-1662591530335.jpg\" \/>\n\t<meta property=\"og:image:width\" content=\"852\" \/>\n\t<meta property=\"og:image:height\" content=\"716\" \/>\n\t<meta property=\"og:image:type\" content=\"image\/jpeg\" \/>\n<meta name=\"author\" content=\"Redacci\u00f3n\" \/>\n<meta name=\"twitter:card\" content=\"summary_large_image\" \/>\n<meta name=\"twitter:creator\" content=\"@fidedignas\" \/>\n<meta name=\"twitter:site\" content=\"@fidedignas\" \/>\n<meta name=\"twitter:label1\" content=\"Escrito por\" \/>\n\t<meta name=\"twitter:data1\" content=\"Redacci\u00f3n\" \/>\n\t<meta name=\"twitter:label2\" content=\"Tiempo de lectura\" \/>\n\t<meta name=\"twitter:data2\" content=\"5 minutos\" \/>\n<script type=\"application\/ld+json\" class=\"yoast-schema-graph\">{\"@context\":\"https:\\\/\\\/schema.org\",\"@graph\":[{\"@type\":\"Article\",\"@id\":\"https:\\\/\\\/fuentesfidedignas.com.mx\\\/index.php\\\/2022\\\/09\\\/07\\\/rocha-se-reune-con-embajador-de-estados-unidos-ken-salazar-en-mazatlan\\\/#article\",\"isPartOf\":{\"@id\":\"https:\\\/\\\/fuentesfidedignas.com.mx\\\/index.php\\\/2022\\\/09\\\/07\\\/rocha-se-reune-con-embajador-de-estados-unidos-ken-salazar-en-mazatlan\\\/\"},\"author\":{\"name\":\"Redacci\u00f3n\",\"@id\":\"https:\\\/\\\/fuentesfidedignas.com.mx\\\/#\\\/schema\\\/person\\\/331be9283d37198e2acd5750279085b0\"},\"headline\":\"Rocha se re\u00fane con embajador de Estados Unidos, Ken Salazar, en Mazatl\u00e1n\",\"datePublished\":\"2022-09-07T22:58:34+00:00\",\"dateModified\":\"2022-09-07T23:00:53+00:00\",\"mainEntityOfPage\":{\"@id\":\"https:\\\/\\\/fuentesfidedignas.com.mx\\\/index.php\\\/2022\\\/09\\\/07\\\/rocha-se-reune-con-embajador-de-estados-unidos-ken-salazar-en-mazatlan\\\/\"},\"wordCount\":934,\"commentCount\":0,\"publisher\":{\"@id\":\"https:\\\/\\\/fuentesfidedignas.com.mx\\\/#organization\"},\"image\":{\"@id\":\"https:\\\/\\\/fuentesfidedignas.com.mx\\\/index.php\\\/2022\\\/09\\\/07\\\/rocha-se-reune-con-embajador-de-estados-unidos-ken-salazar-en-mazatlan\\\/#primaryimage\"},\"thumbnailUrl\":\"https:\\\/\\\/fuentesfidedignas.com.mx\\\/wp-content\\\/uploads\\\/2022\\\/09\\\/image_editor_output_image542761512-1662591530335.jpg\",\"articleSection\":[\"NOTA PRINCIPAL\"],\"inLanguage\":\"es\",\"potentialAction\":[{\"@type\":\"CommentAction\",\"name\":\"Comment\",\"target\":[\"https:\\\/\\\/fuentesfidedignas.com.mx\\\/index.php\\\/2022\\\/09\\\/07\\\/rocha-se-reune-con-embajador-de-estados-unidos-ken-salazar-en-mazatlan\\\/#respond\"]}]},{\"@type\":\"WebPage\",\"@id\":\"https:\\\/\\\/fuentesfidedignas.com.mx\\\/index.php\\\/2022\\\/09\\\/07\\\/rocha-se-reune-con-embajador-de-estados-unidos-ken-salazar-en-mazatlan\\\/\",\"url\":\"https:\\\/\\\/fuentesfidedignas.com.mx\\\/index.php\\\/2022\\\/09\\\/07\\\/rocha-se-reune-con-embajador-de-estados-unidos-ken-salazar-en-mazatlan\\\/\",\"name\":\"Rocha se re\u00fane con embajador de Estados Unidos, Ken Salazar, en Mazatl\u00e1n - Fuentes Fidedignas\",\"isPartOf\":{\"@id\":\"https:\\\/\\\/fuentesfidedignas.com.mx\\\/#website\"},\"primaryImageOfPage\":{\"@id\":\"https:\\\/\\\/fuentesfidedignas.com.mx\\\/index.php\\\/2022\\\/09\\\/07\\\/rocha-se-reune-con-embajador-de-estados-unidos-ken-salazar-en-mazatlan\\\/#primaryimage\"},\"image\":{\"@id\":\"https:\\\/\\\/fuentesfidedignas.com.mx\\\/index.php\\\/2022\\\/09\\\/07\\\/rocha-se-reune-con-embajador-de-estados-unidos-ken-salazar-en-mazatlan\\\/#primaryimage\"},\"thumbnailUrl\":\"https:\\\/\\\/fuentesfidedignas.com.mx\\\/wp-content\\\/uploads\\\/2022\\\/09\\\/image_editor_output_image542761512-1662591530335.jpg\",\"datePublished\":\"2022-09-07T22:58:34+00:00\",\"dateModified\":\"2022-09-07T23:00:53+00:00\",\"breadcrumb\":{\"@id\":\"https:\\\/\\\/fuentesfidedignas.com.mx\\\/index.php\\\/2022\\\/09\\\/07\\\/rocha-se-reune-con-embajador-de-estados-unidos-ken-salazar-en-mazatlan\\\/#breadcrumb\"},\"inLanguage\":\"es\",\"potentialAction\":[{\"@type\":\"ReadAction\",\"target\":[\"https:\\\/\\\/fuentesfidedignas.com.mx\\\/index.php\\\/2022\\\/09\\\/07\\\/rocha-se-reune-con-embajador-de-estados-unidos-ken-salazar-en-mazatlan\\\/\"]}]},{\"@type\":\"ImageObject\",\"inLanguage\":\"es\",\"@id\":\"https:\\\/\\\/fuentesfidedignas.com.mx\\\/index.php\\\/2022\\\/09\\\/07\\\/rocha-se-reune-con-embajador-de-estados-unidos-ken-salazar-en-mazatlan\\\/#primaryimage\",\"url\":\"https:\\\/\\\/fuentesfidedignas.com.mx\\\/wp-content\\\/uploads\\\/2022\\\/09\\\/image_editor_output_image542761512-1662591530335.jpg\",\"contentUrl\":\"https:\\\/\\\/fuentesfidedignas.com.mx\\\/wp-content\\\/uploads\\\/2022\\\/09\\\/image_editor_output_image542761512-1662591530335.jpg\",\"width\":852,\"height\":716},{\"@type\":\"BreadcrumbList\",\"@id\":\"https:\\\/\\\/fuentesfidedignas.com.mx\\\/index.php\\\/2022\\\/09\\\/07\\\/rocha-se-reune-con-embajador-de-estados-unidos-ken-salazar-en-mazatlan\\\/#breadcrumb\",\"itemListElement\":[{\"@type\":\"ListItem\",\"position\":1,\"name\":\"Inicio\",\"item\":\"https:\\\/\\\/fuentesfidedignas.com.mx\\\/\"},{\"@type\":\"ListItem\",\"position\":2,\"name\":\"Rocha se re\u00fane con embajador de Estados Unidos, Ken Salazar, en Mazatl\u00e1n\"}]},{\"@type\":\"WebSite\",\"@id\":\"https:\\\/\\\/fuentesfidedignas.com.mx\\\/#website\",\"url\":\"https:\\\/\\\/fuentesfidedignas.com.mx\\\/\",\"name\":\"Fuentes Fidedignas\",\"description\":\"Otro sitio realizado con WordPress\",\"publisher\":{\"@id\":\"https:\\\/\\\/fuentesfidedignas.com.mx\\\/#organization\"},\"potentialAction\":[{\"@type\":\"SearchAction\",\"target\":{\"@type\":\"EntryPoint\",\"urlTemplate\":\"https:\\\/\\\/fuentesfidedignas.com.mx\\\/?s={search_term_string}\"},\"query-input\":{\"@type\":\"PropertyValueSpecification\",\"valueRequired\":true,\"valueName\":\"search_term_string\"}}],\"inLanguage\":\"es\"},{\"@type\":\"Organization\",\"@id\":\"https:\\\/\\\/fuentesfidedignas.com.mx\\\/#organization\",\"name\":\"Fuentes Fidedignas\",\"url\":\"https:\\\/\\\/fuentesfidedignas.com.mx\\\/\",\"logo\":{\"@type\":\"ImageObject\",\"inLanguage\":\"es\",\"@id\":\"https:\\\/\\\/fuentesfidedignas.com.mx\\\/#\\\/schema\\\/logo\\\/image\\\/\",\"url\":\"https:\\\/\\\/fuentesfidedignas.com.mx\\\/wp-content\\\/uploads\\\/2021\\\/04\\\/logo-retina.png\",\"contentUrl\":\"https:\\\/\\\/fuentesfidedignas.com.mx\\\/wp-content\\\/uploads\\\/2021\\\/04\\\/logo-retina.png\",\"width\":280,\"height\":51,\"caption\":\"Fuentes Fidedignas\"},\"image\":{\"@id\":\"https:\\\/\\\/fuentesfidedignas.com.mx\\\/#\\\/schema\\\/logo\\\/image\\\/\"},\"sameAs\":[\"https:\\\/\\\/www.facebook.com\\\/Fuentes-Fidedignas-368234489921644\",\"https:\\\/\\\/x.com\\\/fidedignas\"]},{\"@type\":\"Person\",\"@id\":\"https:\\\/\\\/fuentesfidedignas.com.mx\\\/#\\\/schema\\\/person\\\/331be9283d37198e2acd5750279085b0\",\"name\":\"Redacci\u00f3n\",\"image\":{\"@type\":\"ImageObject\",\"inLanguage\":\"es\",\"@id\":\"https:\\\/\\\/secure.gravatar.com\\\/avatar\\\/f6d8782c11d12b2d4ad3fbb6931aeab5309937a4d6cd2fc9cfaa28a6396a5aec?s=96&d=mm&r=g\",\"url\":\"https:\\\/\\\/secure.gravatar.com\\\/avatar\\\/f6d8782c11d12b2d4ad3fbb6931aeab5309937a4d6cd2fc9cfaa28a6396a5aec?s=96&d=mm&r=g\",\"contentUrl\":\"https:\\\/\\\/secure.gravatar.com\\\/avatar\\\/f6d8782c11d12b2d4ad3fbb6931aeab5309937a4d6cd2fc9cfaa28a6396a5aec?s=96&d=mm&r=g\",\"caption\":\"Redacci\u00f3n\"},\"url\":\"https:\\\/\\\/fuentesfidedignas.com.mx\\\/index.php\\\/author\\\/redaccion\\\/\"}]}<\/script>\n<!-- \/ Yoast SEO plugin. -->","yoast_head_json":{"title":"Rocha se re\u00fane con embajador de Estados Unidos, Ken Salazar, en Mazatl\u00e1n - Fuentes Fidedignas","robots":{"index":"index","follow":"follow","max-snippet":"max-snippet:-1","max-image-preview":"max-image-preview:large","max-video-preview":"max-video-preview:-1"},"canonical":"https:\/\/fuentesfidedignas.com.mx\/index.php\/2022\/09\/07\/rocha-se-reune-con-embajador-de-estados-unidos-ken-salazar-en-mazatlan\/","og_locale":"es_MX","og_type":"article","og_title":"Rocha se re\u00fane con embajador de Estados Unidos, Ken Salazar, en Mazatl\u00e1n - Fuentes Fidedignas","og_description":"Tambi\u00e9n asisti\u00f3 al encuentro el C\u00f3nsul, Ken Roy Mazatl\u00e1n, Sin.- El gobernador Rub\u00e9n Rocha Moya recibi\u00f3 en Mazatl\u00e1n al Embajador de Estados Unidos en M\u00e9xico, Ken Salazar, para abordar temas relacionados con la cooperaci\u00f3n entre ambos pa\u00edses, en especial todo lo que incumbe a Sinaloa. El encuentro se celebr\u00f3 en el Centro de Convenciones de [&hellip;]","og_url":"https:\/\/fuentesfidedignas.com.mx\/index.php\/2022\/09\/07\/rocha-se-reune-con-embajador-de-estados-unidos-ken-salazar-en-mazatlan\/","og_site_name":"Fuentes Fidedignas","article_publisher":"https:\/\/www.facebook.com\/Fuentes-Fidedignas-368234489921644","article_published_time":"2022-09-07T22:58:34+00:00","article_modified_time":"2022-09-07T23:00:53+00:00","og_image":[{"width":852,"height":716,"url":"https:\/\/fuentesfidedignas.com.mx\/wp-content\/uploads\/2022\/09\/image_editor_output_image542761512-1662591530335.jpg","type":"image\/jpeg"}],"author":"Redacci\u00f3n","twitter_card":"summary_large_image","twitter_creator":"@fidedignas","twitter_site":"@fidedignas","twitter_misc":{"Escrito por":"Redacci\u00f3n","Tiempo de lectura":"5 minutos"},"schema":{"@context":"https:\/\/schema.org","@graph":[{"@type":"Article","@id":"https:\/\/fuentesfidedignas.com.mx\/index.php\/2022\/09\/07\/rocha-se-reune-con-embajador-de-estados-unidos-ken-salazar-en-mazatlan\/#article","isPartOf":{"@id":"https:\/\/fuentesfidedignas.com.mx\/index.php\/2022\/09\/07\/rocha-se-reune-con-embajador-de-estados-unidos-ken-salazar-en-mazatlan\/"},"author":{"name":"Redacci\u00f3n","@id":"https:\/\/fuentesfidedignas.com.mx\/#\/schema\/person\/331be9283d37198e2acd5750279085b0"},"headline":"Rocha se re\u00fane con embajador de Estados Unidos, Ken Salazar, en Mazatl\u00e1n","datePublished":"2022-09-07T22:58:34+00:00","dateModified":"2022-09-07T23:00:53+00:00","mainEntityOfPage":{"@id":"https:\/\/fuentesfidedignas.com.mx\/index.php\/2022\/09\/07\/rocha-se-reune-con-embajador-de-estados-unidos-ken-salazar-en-mazatlan\/"},"wordCount":934,"commentCount":0,"publisher":{"@id":"https:\/\/fuentesfidedignas.com.mx\/#organization"},"image":{"@id":"https:\/\/fuentesfidedignas.com.mx\/index.php\/2022\/09\/07\/rocha-se-reune-con-embajador-de-estados-unidos-ken-salazar-en-mazatlan\/#primaryimage"},"thumbnailUrl":"https:\/\/fuentesfidedignas.com.mx\/wp-content\/uploads\/2022\/09\/image_editor_output_image542761512-1662591530335.jpg","articleSection":["NOTA PRINCIPAL"],"inLanguage":"es","potentialAction":[{"@type":"CommentAction","name":"Comment","target":["https:\/\/fuentesfidedignas.com.mx\/index.php\/2022\/09\/07\/rocha-se-reune-con-embajador-de-estados-unidos-ken-salazar-en-mazatlan\/#respond"]}]},{"@type":"WebPage","@id":"https:\/\/fuentesfidedignas.com.mx\/index.php\/2022\/09\/07\/rocha-se-reune-con-embajador-de-estados-unidos-ken-salazar-en-mazatlan\/","url":"https:\/\/fuentesfidedignas.com.mx\/index.php\/2022\/09\/07\/rocha-se-reune-con-embajador-de-estados-unidos-ken-salazar-en-mazatlan\/","name":"Rocha se re\u00fane con embajador de Estados Unidos, Ken Salazar, en Mazatl\u00e1n - Fuentes Fidedignas","isPartOf":{"@id":"https:\/\/fuentesfidedignas.com.mx\/#website"},"primaryImageOfPage":{"@id":"https:\/\/fuentesfidedignas.com.mx\/index.php\/2022\/09\/07\/rocha-se-reune-con-embajador-de-estados-unidos-ken-salazar-en-mazatlan\/#primaryimage"},"image":{"@id":"https:\/\/fuentesfidedignas.com.mx\/index.php\/2022\/09\/07\/rocha-se-reune-con-embajador-de-estados-unidos-ken-salazar-en-mazatlan\/#primaryimage"},"thumbnailUrl":"https:\/\/fuentesfidedignas.com.mx\/wp-content\/uploads\/2022\/09\/image_editor_output_image542761512-1662591530335.jpg","datePublished":"2022-09-07T22:58:34+00:00","dateModified":"2022-09-07T23:00:53+00:00","breadcrumb":{"@id":"https:\/\/fuentesfidedignas.com.mx\/index.php\/2022\/09\/07\/rocha-se-reune-con-embajador-de-estados-unidos-ken-salazar-en-mazatlan\/#breadcrumb"},"inLanguage":"es","potentialAction":[{"@type":"ReadAction","target":["https:\/\/fuentesfidedignas.com.mx\/index.php\/2022\/09\/07\/rocha-se-reune-con-embajador-de-estados-unidos-ken-salazar-en-mazatlan\/"]}]},{"@type":"ImageObject","inLanguage":"es","@id":"https:\/\/fuentesfidedignas.com.mx\/index.php\/2022\/09\/07\/rocha-se-reune-con-embajador-de-estados-unidos-ken-salazar-en-mazatlan\/#primaryimage","url":"https:\/\/fuentesfidedignas.com.mx\/wp-content\/uploads\/2022\/09\/image_editor_output_image542761512-1662591530335.jpg","contentUrl":"https:\/\/fuentesfidedignas.com.mx\/wp-content\/uploads\/2022\/09\/image_editor_output_image542761512-1662591530335.jpg","width":852,"height":716},{"@type":"BreadcrumbList","@id":"https:\/\/fuentesfidedignas.com.mx\/index.php\/2022\/09\/07\/rocha-se-reune-con-embajador-de-estados-unidos-ken-salazar-en-mazatlan\/#breadcrumb","itemListElement":[{"@type":"ListItem","position":1,"name":"Inicio","item":"https:\/\/fuentesfidedignas.com.mx\/"},{"@type":"ListItem","position":2,"name":"Rocha se re\u00fane con embajador de Estados Unidos, Ken Salazar, en Mazatl\u00e1n"}]},{"@type":"WebSite","@id":"https:\/\/fuentesfidedignas.com.mx\/#website","url":"https:\/\/fuentesfidedignas.com.mx\/","name":"Fuentes Fidedignas","description":"Otro sitio realizado con WordPress","publisher":{"@id":"https:\/\/fuentesfidedignas.com.mx\/#organization"},"potentialAction":[{"@type":"SearchAction","target":{"@type":"EntryPoint","urlTemplate":"https:\/\/fuentesfidedignas.com.mx\/?s={search_term_string}"},"query-input":{"@type":"PropertyValueSpecification","valueRequired":true,"valueName":"search_term_string"}}],"inLanguage":"es"},{"@type":"Organization","@id":"https:\/\/fuentesfidedignas.com.mx\/#organization","name":"Fuentes Fidedignas","url":"https:\/\/fuentesfidedignas.com.mx\/","logo":{"@type":"ImageObject","inLanguage":"es","@id":"https:\/\/fuentesfidedignas.com.mx\/#\/schema\/logo\/image\/","url":"https:\/\/fuentesfidedignas.com.mx\/wp-content\/uploads\/2021\/04\/logo-retina.png","contentUrl":"https:\/\/fuentesfidedignas.com.mx\/wp-content\/uploads\/2021\/04\/logo-retina.png","width":280,"height":51,"caption":"Fuentes Fidedignas"},"image":{"@id":"https:\/\/fuentesfidedignas.com.mx\/#\/schema\/logo\/image\/"},"sameAs":["https:\/\/www.facebook.com\/Fuentes-Fidedignas-368234489921644","https:\/\/x.com\/fidedignas"]},{"@type":"Person","@id":"https:\/\/fuentesfidedignas.com.mx\/#\/schema\/person\/331be9283d37198e2acd5750279085b0","name":"Redacci\u00f3n","image":{"@type":"ImageObject","inLanguage":"es","@id":"https:\/\/secure.gravatar.com\/avatar\/f6d8782c11d12b2d4ad3fbb6931aeab5309937a4d6cd2fc9cfaa28a6396a5aec?s=96&d=mm&r=g","url":"https:\/\/secure.gravatar.com\/avatar\/f6d8782c11d12b2d4ad3fbb6931aeab5309937a4d6cd2fc9cfaa28a6396a5aec?s=96&d=mm&r=g","contentUrl":"https:\/\/secure.gravatar.com\/avatar\/f6d8782c11d12b2d4ad3fbb6931aeab5309937a4d6cd2fc9cfaa28a6396a5aec?s=96&d=mm&r=g","caption":"Redacci\u00f3n"},"url":"https:\/\/fuentesfidedignas.com.mx\/index.php\/author\/redaccion\/"}]}},"_links":{"self":[{"href":"https:\/\/fuentesfidedignas.com.mx\/index.php\/wp-json\/wp\/v2\/posts\/41964","targetHints":{"allow":["GET"]}}],"collection":[{"href":"https:\/\/fuentesfidedignas.com.mx\/index.php\/wp-json\/wp\/v2\/posts"}],"about":[{"href":"https:\/\/fuentesfidedignas.com.mx\/index.php\/wp-json\/wp\/v2\/types\/post"}],"author":[{"embeddable":true,"href":"https:\/\/fuentesfidedignas.com.mx\/index.php\/wp-json\/wp\/v2\/users\/4"}],"replies":[{"embeddable":true,"href":"https:\/\/fuentesfidedignas.com.mx\/index.php\/wp-json\/wp\/v2\/comments?post=41964"}],"version-history":[{"count":3,"href":"https:\/\/fuentesfidedignas.com.mx\/index.php\/wp-json\/wp\/v2\/posts\/41964\/revisions"}],"predecessor-version":[{"id":41973,"href":"https:\/\/fuentesfidedignas.com.mx\/index.php\/wp-json\/wp\/v2\/posts\/41964\/revisions\/41973"}],"wp:featuredmedia":[{"embeddable":true,"href":"https:\/\/fuentesfidedignas.com.mx\/index.php\/wp-json\/wp\/v2\/media\/41969"}],"wp:attachment":[{"href":"https:\/\/fuentesfidedignas.com.mx\/index.php\/wp-json\/wp\/v2\/media?parent=41964"}],"wp:term":[{"taxonomy":"category","embeddable":true,"href":"https:\/\/fuentesfidedignas.com.mx\/index.php\/wp-json\/wp\/v2\/categories?post=41964"},{"taxonomy":"post_tag","embeddable":true,"href":"https:\/\/fuentesfidedignas.com.mx\/index.php\/wp-json\/wp\/v2\/tags?post=41964"}],"curies":[{"name":"wp","href":"https:\/\/api.w.org\/{rel}","templated":true}]}}