{"id":41943,"date":"2022-09-07T16:24:52","date_gmt":"2022-09-07T22:24:52","guid":{"rendered":"https:\/\/fuentesfidedignas.com.mx\/?p=41943"},"modified":"2022-09-07T16:31:33","modified_gmt":"2022-09-07T22:31:33","slug":"uas-y-ceaip-fortalecen-lazos-de-colaboracion-en-temas-de-transparencia","status":"publish","type":"post","link":"https:\/\/fuentesfidedignas.com.mx\/index.php\/2022\/09\/07\/uas-y-ceaip-fortalecen-lazos-de-colaboracion-en-temas-de-transparencia\/","title":{"rendered":"UAS y CEAIP fortalecen lazos de colaboraci\u00f3n en temas de transparencia"},"content":{"rendered":"\n<p><em><strong>Por parte de la Casa Rosalina sign\u00f3 el convenio el Rector, doctor&nbsp;Jes\u00fas Madue\u00f1a Molina, y por parte de la CEAIP, su presidente el&nbsp;licenciado&nbsp;Jos\u00e9 Luis Moreno L\u00f3pez<\/strong><\/em><\/p>\n\n\n\n<p>Culiac\u00e1n, Sin. La <strong>Universidad Aut\u00f3noma de Sinaloa<\/strong> (UAS) y la <strong>Comisi\u00f3n Estatal para el Acceso a la Informaci\u00f3n P\u00fablica<\/strong>  (CEAIP) firmaron convenio de colaboraci\u00f3n con el prop\u00f3sito, entre otros aspectos, de&nbsp;difundir y socializar los derechos de la<strong> Ley de Transparencia y Acceso a la Informaci\u00f3n P\u00fablica y de la Ley de Protecci\u00f3n de Datos Personales<\/strong> en posesi\u00f3n de sujetos obligados.<\/p>\n\n\n\n<p>Por parte de la Casa Rosalina sign\u00f3 el convenio el Rector, doctor <strong>Jes\u00fas Madue\u00f1a Molina<\/strong>, y por parte de la CEAIP, su presidente el&nbsp;licenciado <strong>Jos\u00e9 Luis Moreno L\u00f3pez<\/strong>.<\/p>\n\n\n\n<p>El dirigente universitario expres\u00f3 que tanto&nbsp;el Acceso a la Informaci\u00f3n P\u00fablica, como la Protecci\u00f3n de Datos Personales son temas que constantemente evolucionan y los sujetos obligados deben estar atentos a las nuevas disposiciones para cumplir con el deber de informar, tambi\u00e9n los ciudadanos y especialmente las y los j\u00f3venes, deben estar enterados de los mecanismos disponibles para el ejercicio de este derecho y salvaguardar su privacidad.<\/p>\n\n\n\n<p><em>\u201cViene a fortalecer un conjunto de buenas pr\u00e1cticas que nos benefician a todas y a todos; a partir de este instrumento de colaboraci\u00f3n estaremos difundiendo los derechos que asisten a la poblaci\u00f3n, podremos realizar acciones conjuntas de capacitaci\u00f3n y estaremos en condiciones de generar propuestas de pol\u00edtica p\u00fablica en la materia\u201d, dijo.<\/em><\/p>\n\n\n\n<figure class=\"wp-block-image size-large\"><img decoding=\"async\" width=\"1024\" height=\"768\" src=\"https:\/\/fuentesfidedignas.com.mx\/wp-content\/uploads\/2022\/09\/IMG-20220907-WA0056-1024x768.jpg\" alt=\"\" class=\"wp-image-41948\" srcset=\"https:\/\/fuentesfidedignas.com.mx\/wp-content\/uploads\/2022\/09\/IMG-20220907-WA0056-1024x768.jpg 1024w, https:\/\/fuentesfidedignas.com.mx\/wp-content\/uploads\/2022\/09\/IMG-20220907-WA0056-300x225.jpg 300w, https:\/\/fuentesfidedignas.com.mx\/wp-content\/uploads\/2022\/09\/IMG-20220907-WA0056-768x576.jpg 768w, https:\/\/fuentesfidedignas.com.mx\/wp-content\/uploads\/2022\/09\/IMG-20220907-WA0056-1536x1152.jpg 1536w, https:\/\/fuentesfidedignas.com.mx\/wp-content\/uploads\/2022\/09\/IMG-20220907-WA0056.jpg 1600w\" sizes=\"(max-width: 1024px) 100vw, 1024px\" \/><\/figure>\n\n\n\n<p>El Rector reconoci\u00f3 el trabajo de la CEAIP, ya que desde su fundaci\u00f3n hace 20 a\u00f1os ha contribuido a la construcci\u00f3n de toda una cultura de la transparencia en el estado.<\/p>\n\n\n\n<p><em>\u201cRenovamos el compromiso de continuar rindiendo cuentas claras y oportunas, sin escudarnos nunca en la Autonom\u00eda Universitaria; renovamos la convicci\u00f3n de seguir informando a las autoridades, a la sociedad y a la comunidad rosalina de la forma en que se ejerce el presupuesto, se resguardan los datos de todas las personas y se da cumplimiento a nuestra misi\u00f3n de contribuir a desarrollo integral de Sinaloa a trav\u00e9s de una educaci\u00f3n incluyente y de calidad\u201d, enfatiz\u00f3.<\/em><\/p>\n\n\n\n<p>Por su parte el&nbsp;presidente de la CEAIP, Jos\u00e9 Luis Moreno L\u00f3pez, celebr\u00f3 esta firma porque se fortalece el acercamiento entre ambas instituciones que contribuir\u00e1 al objetivo de que la poblaci\u00f3n conozca y ejerza su derecho en el tema.<\/p>\n\n\n\n<p><em>\u201cNos interesa una agenda com\u00fan con los sujetos obligados y sobre todo con una Universidad con el prestigio y las caracter\u00edsticas que tiene la UAS, con m\u00e1s de 130 mil estudiantes, una planta profesional preparada, acad\u00e9mica y administrativa, es una alianza estrat\u00e9gica para la Comisi\u00f3n (\u2026) vamos a hacer capacitaci\u00f3n y aprovechar la apertura del Rector Jes\u00fas Madue\u00f1a para que los estudiantes se compenetren de lo que es nuestra Ley y protecci\u00f3n de datos personales y ejerzan este derecho\u201d, se\u00f1al\u00f3.<\/em><\/p>\n\n\n\n<p>Ante funcionarios universitarios y de la CEAIP, el director general de Vinculaci\u00f3n y Relaciones Internacionales, doctor Jes\u00fas Enrique S\u00e1nchez Zazueta, detall\u00f3 que el objeto del Convenio es establecer la bases de colaboraci\u00f3n y apoyo mutuo entre ambas instituciones para definir una agenda com\u00fan, desarrollar planes estrat\u00e9gicos y programas de trabajo, as\u00ed como dise\u00f1ar en coordinaci\u00f3n pol\u00edticas p\u00fablicas, facilitar la utilizaci\u00f3n de espacios por parte de la Universidad, impartir cursos, entre otros.<\/p>\n","protected":false},"excerpt":{"rendered":"<p>Por parte de la Casa Rosalina sign\u00f3 el convenio el Rector, doctor&nbsp;Jes\u00fas Madue\u00f1a Molina, y por parte de la CEAIP, su presidente el&nbsp;licenciado&nbsp;Jos\u00e9 Luis Moreno L\u00f3pez Culiac\u00e1n, Sin. La Universidad Aut\u00f3noma de Sinaloa (UAS) y la Comisi\u00f3n Estatal para el Acceso a la Informaci\u00f3n P\u00fablica (CEAIP) firmaron convenio de colaboraci\u00f3n con el prop\u00f3sito, entre otros [&hellip;]<\/p>\n","protected":false},"author":4,"featured_media":41945,"comment_status":"open","ping_status":"open","sticky":false,"template":"","format":"standard","meta":{"tdm_status":"","tdm_grid_status":"","footnotes":""},"categories":[37],"tags":[],"class_list":{"0":"post-41943","1":"post","2":"type-post","3":"status-publish","4":"format-standard","5":"has-post-thumbnail","7":"category-nota-principal"},"yoast_head":"<!-- This site is optimized with the Yoast SEO plugin v27.4 - https:\/\/yoast.com\/product\/yoast-seo-wordpress\/ -->\n<title>UAS y CEAIP fortalecen lazos de colaboraci\u00f3n en temas de transparencia - Fuentes Fidedignas<\/title>\n<meta name=\"robots\" content=\"index, follow, max-snippet:-1, max-image-preview:large, max-video-preview:-1\" \/>\n<link rel=\"canonical\" href=\"https:\/\/fuentesfidedignas.com.mx\/index.php\/2022\/09\/07\/uas-y-ceaip-fortalecen-lazos-de-colaboracion-en-temas-de-transparencia\/\" \/>\n<meta property=\"og:locale\" content=\"es_MX\" \/>\n<meta property=\"og:type\" content=\"article\" \/>\n<meta property=\"og:title\" content=\"UAS y CEAIP fortalecen lazos de colaboraci\u00f3n en temas de transparencia - Fuentes Fidedignas\" \/>\n<meta property=\"og:description\" content=\"Por parte de la Casa Rosalina sign\u00f3 el convenio el Rector, doctor&nbsp;Jes\u00fas Madue\u00f1a Molina, y por parte de la CEAIP, su presidente el&nbsp;licenciado&nbsp;Jos\u00e9 Luis Moreno L\u00f3pez Culiac\u00e1n, Sin. La Universidad Aut\u00f3noma de Sinaloa (UAS) y la Comisi\u00f3n Estatal para el Acceso a la Informaci\u00f3n P\u00fablica (CEAIP) firmaron convenio de colaboraci\u00f3n con el prop\u00f3sito, entre otros [&hellip;]\" \/>\n<meta property=\"og:url\" content=\"https:\/\/fuentesfidedignas.com.mx\/index.php\/2022\/09\/07\/uas-y-ceaip-fortalecen-lazos-de-colaboracion-en-temas-de-transparencia\/\" \/>\n<meta property=\"og:site_name\" content=\"Fuentes Fidedignas\" \/>\n<meta property=\"article:publisher\" content=\"https:\/\/www.facebook.com\/Fuentes-Fidedignas-368234489921644\" \/>\n<meta property=\"article:published_time\" content=\"2022-09-07T22:24:52+00:00\" \/>\n<meta property=\"article:modified_time\" content=\"2022-09-07T22:31:33+00:00\" \/>\n<meta property=\"og:image\" content=\"https:\/\/fuentesfidedignas.com.mx\/wp-content\/uploads\/2022\/09\/Firma-de-convenio-UAS-CEAIP-3-scaled.jpg\" \/>\n\t<meta property=\"og:image:width\" content=\"2560\" \/>\n\t<meta property=\"og:image:height\" content=\"1708\" \/>\n\t<meta property=\"og:image:type\" content=\"image\/jpeg\" \/>\n<meta name=\"author\" content=\"Redacci\u00f3n\" \/>\n<meta name=\"twitter:card\" content=\"summary_large_image\" \/>\n<meta name=\"twitter:creator\" content=\"@fidedignas\" \/>\n<meta name=\"twitter:site\" content=\"@fidedignas\" \/>\n<meta name=\"twitter:label1\" content=\"Escrito por\" \/>\n\t<meta name=\"twitter:data1\" content=\"Redacci\u00f3n\" \/>\n\t<meta name=\"twitter:label2\" content=\"Tiempo de lectura\" \/>\n\t<meta name=\"twitter:data2\" content=\"3 minutos\" \/>\n<script type=\"application\/ld+json\" class=\"yoast-schema-graph\">{\"@context\":\"https:\\\/\\\/schema.org\",\"@graph\":[{\"@type\":\"Article\",\"@id\":\"https:\\\/\\\/fuentesfidedignas.com.mx\\\/index.php\\\/2022\\\/09\\\/07\\\/uas-y-ceaip-fortalecen-lazos-de-colaboracion-en-temas-de-transparencia\\\/#article\",\"isPartOf\":{\"@id\":\"https:\\\/\\\/fuentesfidedignas.com.mx\\\/index.php\\\/2022\\\/09\\\/07\\\/uas-y-ceaip-fortalecen-lazos-de-colaboracion-en-temas-de-transparencia\\\/\"},\"author\":{\"name\":\"Redacci\u00f3n\",\"@id\":\"https:\\\/\\\/fuentesfidedignas.com.mx\\\/#\\\/schema\\\/person\\\/331be9283d37198e2acd5750279085b0\"},\"headline\":\"UAS y CEAIP fortalecen lazos de colaboraci\u00f3n en temas de transparencia\",\"datePublished\":\"2022-09-07T22:24:52+00:00\",\"dateModified\":\"2022-09-07T22:31:33+00:00\",\"mainEntityOfPage\":{\"@id\":\"https:\\\/\\\/fuentesfidedignas.com.mx\\\/index.php\\\/2022\\\/09\\\/07\\\/uas-y-ceaip-fortalecen-lazos-de-colaboracion-en-temas-de-transparencia\\\/\"},\"wordCount\":610,\"commentCount\":0,\"publisher\":{\"@id\":\"https:\\\/\\\/fuentesfidedignas.com.mx\\\/#organization\"},\"image\":{\"@id\":\"https:\\\/\\\/fuentesfidedignas.com.mx\\\/index.php\\\/2022\\\/09\\\/07\\\/uas-y-ceaip-fortalecen-lazos-de-colaboracion-en-temas-de-transparencia\\\/#primaryimage\"},\"thumbnailUrl\":\"https:\\\/\\\/fuentesfidedignas.com.mx\\\/wp-content\\\/uploads\\\/2022\\\/09\\\/Firma-de-convenio-UAS-CEAIP-3-scaled.jpg\",\"articleSection\":[\"NOTA PRINCIPAL\"],\"inLanguage\":\"es\",\"potentialAction\":[{\"@type\":\"CommentAction\",\"name\":\"Comment\",\"target\":[\"https:\\\/\\\/fuentesfidedignas.com.mx\\\/index.php\\\/2022\\\/09\\\/07\\\/uas-y-ceaip-fortalecen-lazos-de-colaboracion-en-temas-de-transparencia\\\/#respond\"]}]},{\"@type\":\"WebPage\",\"@id\":\"https:\\\/\\\/fuentesfidedignas.com.mx\\\/index.php\\\/2022\\\/09\\\/07\\\/uas-y-ceaip-fortalecen-lazos-de-colaboracion-en-temas-de-transparencia\\\/\",\"url\":\"https:\\\/\\\/fuentesfidedignas.com.mx\\\/index.php\\\/2022\\\/09\\\/07\\\/uas-y-ceaip-fortalecen-lazos-de-colaboracion-en-temas-de-transparencia\\\/\",\"name\":\"UAS y CEAIP fortalecen lazos de colaboraci\u00f3n en temas de transparencia - Fuentes Fidedignas\",\"isPartOf\":{\"@id\":\"https:\\\/\\\/fuentesfidedignas.com.mx\\\/#website\"},\"primaryImageOfPage\":{\"@id\":\"https:\\\/\\\/fuentesfidedignas.com.mx\\\/index.php\\\/2022\\\/09\\\/07\\\/uas-y-ceaip-fortalecen-lazos-de-colaboracion-en-temas-de-transparencia\\\/#primaryimage\"},\"image\":{\"@id\":\"https:\\\/\\\/fuentesfidedignas.com.mx\\\/index.php\\\/2022\\\/09\\\/07\\\/uas-y-ceaip-fortalecen-lazos-de-colaboracion-en-temas-de-transparencia\\\/#primaryimage\"},\"thumbnailUrl\":\"https:\\\/\\\/fuentesfidedignas.com.mx\\\/wp-content\\\/uploads\\\/2022\\\/09\\\/Firma-de-convenio-UAS-CEAIP-3-scaled.jpg\",\"datePublished\":\"2022-09-07T22:24:52+00:00\",\"dateModified\":\"2022-09-07T22:31:33+00:00\",\"breadcrumb\":{\"@id\":\"https:\\\/\\\/fuentesfidedignas.com.mx\\\/index.php\\\/2022\\\/09\\\/07\\\/uas-y-ceaip-fortalecen-lazos-de-colaboracion-en-temas-de-transparencia\\\/#breadcrumb\"},\"inLanguage\":\"es\",\"potentialAction\":[{\"@type\":\"ReadAction\",\"target\":[\"https:\\\/\\\/fuentesfidedignas.com.mx\\\/index.php\\\/2022\\\/09\\\/07\\\/uas-y-ceaip-fortalecen-lazos-de-colaboracion-en-temas-de-transparencia\\\/\"]}]},{\"@type\":\"ImageObject\",\"inLanguage\":\"es\",\"@id\":\"https:\\\/\\\/fuentesfidedignas.com.mx\\\/index.php\\\/2022\\\/09\\\/07\\\/uas-y-ceaip-fortalecen-lazos-de-colaboracion-en-temas-de-transparencia\\\/#primaryimage\",\"url\":\"https:\\\/\\\/fuentesfidedignas.com.mx\\\/wp-content\\\/uploads\\\/2022\\\/09\\\/Firma-de-convenio-UAS-CEAIP-3-scaled.jpg\",\"contentUrl\":\"https:\\\/\\\/fuentesfidedignas.com.mx\\\/wp-content\\\/uploads\\\/2022\\\/09\\\/Firma-de-convenio-UAS-CEAIP-3-scaled.jpg\",\"width\":2560,\"height\":1708},{\"@type\":\"BreadcrumbList\",\"@id\":\"https:\\\/\\\/fuentesfidedignas.com.mx\\\/index.php\\\/2022\\\/09\\\/07\\\/uas-y-ceaip-fortalecen-lazos-de-colaboracion-en-temas-de-transparencia\\\/#breadcrumb\",\"itemListElement\":[{\"@type\":\"ListItem\",\"position\":1,\"name\":\"Inicio\",\"item\":\"https:\\\/\\\/fuentesfidedignas.com.mx\\\/\"},{\"@type\":\"ListItem\",\"position\":2,\"name\":\"UAS y CEAIP fortalecen lazos de colaboraci\u00f3n en temas de transparencia\"}]},{\"@type\":\"WebSite\",\"@id\":\"https:\\\/\\\/fuentesfidedignas.com.mx\\\/#website\",\"url\":\"https:\\\/\\\/fuentesfidedignas.com.mx\\\/\",\"name\":\"Fuentes Fidedignas\",\"description\":\"Otro sitio realizado con WordPress\",\"publisher\":{\"@id\":\"https:\\\/\\\/fuentesfidedignas.com.mx\\\/#organization\"},\"potentialAction\":[{\"@type\":\"SearchAction\",\"target\":{\"@type\":\"EntryPoint\",\"urlTemplate\":\"https:\\\/\\\/fuentesfidedignas.com.mx\\\/?s={search_term_string}\"},\"query-input\":{\"@type\":\"PropertyValueSpecification\",\"valueRequired\":true,\"valueName\":\"search_term_string\"}}],\"inLanguage\":\"es\"},{\"@type\":\"Organization\",\"@id\":\"https:\\\/\\\/fuentesfidedignas.com.mx\\\/#organization\",\"name\":\"Fuentes Fidedignas\",\"url\":\"https:\\\/\\\/fuentesfidedignas.com.mx\\\/\",\"logo\":{\"@type\":\"ImageObject\",\"inLanguage\":\"es\",\"@id\":\"https:\\\/\\\/fuentesfidedignas.com.mx\\\/#\\\/schema\\\/logo\\\/image\\\/\",\"url\":\"https:\\\/\\\/fuentesfidedignas.com.mx\\\/wp-content\\\/uploads\\\/2021\\\/04\\\/logo-retina.png\",\"contentUrl\":\"https:\\\/\\\/fuentesfidedignas.com.mx\\\/wp-content\\\/uploads\\\/2021\\\/04\\\/logo-retina.png\",\"width\":280,\"height\":51,\"caption\":\"Fuentes Fidedignas\"},\"image\":{\"@id\":\"https:\\\/\\\/fuentesfidedignas.com.mx\\\/#\\\/schema\\\/logo\\\/image\\\/\"},\"sameAs\":[\"https:\\\/\\\/www.facebook.com\\\/Fuentes-Fidedignas-368234489921644\",\"https:\\\/\\\/x.com\\\/fidedignas\"]},{\"@type\":\"Person\",\"@id\":\"https:\\\/\\\/fuentesfidedignas.com.mx\\\/#\\\/schema\\\/person\\\/331be9283d37198e2acd5750279085b0\",\"name\":\"Redacci\u00f3n\",\"image\":{\"@type\":\"ImageObject\",\"inLanguage\":\"es\",\"@id\":\"https:\\\/\\\/secure.gravatar.com\\\/avatar\\\/f6d8782c11d12b2d4ad3fbb6931aeab5309937a4d6cd2fc9cfaa28a6396a5aec?s=96&d=mm&r=g\",\"url\":\"https:\\\/\\\/secure.gravatar.com\\\/avatar\\\/f6d8782c11d12b2d4ad3fbb6931aeab5309937a4d6cd2fc9cfaa28a6396a5aec?s=96&d=mm&r=g\",\"contentUrl\":\"https:\\\/\\\/secure.gravatar.com\\\/avatar\\\/f6d8782c11d12b2d4ad3fbb6931aeab5309937a4d6cd2fc9cfaa28a6396a5aec?s=96&d=mm&r=g\",\"caption\":\"Redacci\u00f3n\"},\"url\":\"https:\\\/\\\/fuentesfidedignas.com.mx\\\/index.php\\\/author\\\/redaccion\\\/\"}]}<\/script>\n<!-- \/ Yoast SEO plugin. -->","yoast_head_json":{"title":"UAS y CEAIP fortalecen lazos de colaboraci\u00f3n en temas de transparencia - Fuentes Fidedignas","robots":{"index":"index","follow":"follow","max-snippet":"max-snippet:-1","max-image-preview":"max-image-preview:large","max-video-preview":"max-video-preview:-1"},"canonical":"https:\/\/fuentesfidedignas.com.mx\/index.php\/2022\/09\/07\/uas-y-ceaip-fortalecen-lazos-de-colaboracion-en-temas-de-transparencia\/","og_locale":"es_MX","og_type":"article","og_title":"UAS y CEAIP fortalecen lazos de colaboraci\u00f3n en temas de transparencia - Fuentes Fidedignas","og_description":"Por parte de la Casa Rosalina sign\u00f3 el convenio el Rector, doctor&nbsp;Jes\u00fas Madue\u00f1a Molina, y por parte de la CEAIP, su presidente el&nbsp;licenciado&nbsp;Jos\u00e9 Luis Moreno L\u00f3pez Culiac\u00e1n, Sin. La Universidad Aut\u00f3noma de Sinaloa (UAS) y la Comisi\u00f3n Estatal para el Acceso a la Informaci\u00f3n P\u00fablica (CEAIP) firmaron convenio de colaboraci\u00f3n con el prop\u00f3sito, entre otros [&hellip;]","og_url":"https:\/\/fuentesfidedignas.com.mx\/index.php\/2022\/09\/07\/uas-y-ceaip-fortalecen-lazos-de-colaboracion-en-temas-de-transparencia\/","og_site_name":"Fuentes Fidedignas","article_publisher":"https:\/\/www.facebook.com\/Fuentes-Fidedignas-368234489921644","article_published_time":"2022-09-07T22:24:52+00:00","article_modified_time":"2022-09-07T22:31:33+00:00","og_image":[{"width":2560,"height":1708,"url":"https:\/\/fuentesfidedignas.com.mx\/wp-content\/uploads\/2022\/09\/Firma-de-convenio-UAS-CEAIP-3-scaled.jpg","type":"image\/jpeg"}],"author":"Redacci\u00f3n","twitter_card":"summary_large_image","twitter_creator":"@fidedignas","twitter_site":"@fidedignas","twitter_misc":{"Escrito por":"Redacci\u00f3n","Tiempo de lectura":"3 minutos"},"schema":{"@context":"https:\/\/schema.org","@graph":[{"@type":"Article","@id":"https:\/\/fuentesfidedignas.com.mx\/index.php\/2022\/09\/07\/uas-y-ceaip-fortalecen-lazos-de-colaboracion-en-temas-de-transparencia\/#article","isPartOf":{"@id":"https:\/\/fuentesfidedignas.com.mx\/index.php\/2022\/09\/07\/uas-y-ceaip-fortalecen-lazos-de-colaboracion-en-temas-de-transparencia\/"},"author":{"name":"Redacci\u00f3n","@id":"https:\/\/fuentesfidedignas.com.mx\/#\/schema\/person\/331be9283d37198e2acd5750279085b0"},"headline":"UAS y CEAIP fortalecen lazos de colaboraci\u00f3n en temas de transparencia","datePublished":"2022-09-07T22:24:52+00:00","dateModified":"2022-09-07T22:31:33+00:00","mainEntityOfPage":{"@id":"https:\/\/fuentesfidedignas.com.mx\/index.php\/2022\/09\/07\/uas-y-ceaip-fortalecen-lazos-de-colaboracion-en-temas-de-transparencia\/"},"wordCount":610,"commentCount":0,"publisher":{"@id":"https:\/\/fuentesfidedignas.com.mx\/#organization"},"image":{"@id":"https:\/\/fuentesfidedignas.com.mx\/index.php\/2022\/09\/07\/uas-y-ceaip-fortalecen-lazos-de-colaboracion-en-temas-de-transparencia\/#primaryimage"},"thumbnailUrl":"https:\/\/fuentesfidedignas.com.mx\/wp-content\/uploads\/2022\/09\/Firma-de-convenio-UAS-CEAIP-3-scaled.jpg","articleSection":["NOTA PRINCIPAL"],"inLanguage":"es","potentialAction":[{"@type":"CommentAction","name":"Comment","target":["https:\/\/fuentesfidedignas.com.mx\/index.php\/2022\/09\/07\/uas-y-ceaip-fortalecen-lazos-de-colaboracion-en-temas-de-transparencia\/#respond"]}]},{"@type":"WebPage","@id":"https:\/\/fuentesfidedignas.com.mx\/index.php\/2022\/09\/07\/uas-y-ceaip-fortalecen-lazos-de-colaboracion-en-temas-de-transparencia\/","url":"https:\/\/fuentesfidedignas.com.mx\/index.php\/2022\/09\/07\/uas-y-ceaip-fortalecen-lazos-de-colaboracion-en-temas-de-transparencia\/","name":"UAS y CEAIP fortalecen lazos de colaboraci\u00f3n en temas de transparencia - Fuentes Fidedignas","isPartOf":{"@id":"https:\/\/fuentesfidedignas.com.mx\/#website"},"primaryImageOfPage":{"@id":"https:\/\/fuentesfidedignas.com.mx\/index.php\/2022\/09\/07\/uas-y-ceaip-fortalecen-lazos-de-colaboracion-en-temas-de-transparencia\/#primaryimage"},"image":{"@id":"https:\/\/fuentesfidedignas.com.mx\/index.php\/2022\/09\/07\/uas-y-ceaip-fortalecen-lazos-de-colaboracion-en-temas-de-transparencia\/#primaryimage"},"thumbnailUrl":"https:\/\/fuentesfidedignas.com.mx\/wp-content\/uploads\/2022\/09\/Firma-de-convenio-UAS-CEAIP-3-scaled.jpg","datePublished":"2022-09-07T22:24:52+00:00","dateModified":"2022-09-07T22:31:33+00:00","breadcrumb":{"@id":"https:\/\/fuentesfidedignas.com.mx\/index.php\/2022\/09\/07\/uas-y-ceaip-fortalecen-lazos-de-colaboracion-en-temas-de-transparencia\/#breadcrumb"},"inLanguage":"es","potentialAction":[{"@type":"ReadAction","target":["https:\/\/fuentesfidedignas.com.mx\/index.php\/2022\/09\/07\/uas-y-ceaip-fortalecen-lazos-de-colaboracion-en-temas-de-transparencia\/"]}]},{"@type":"ImageObject","inLanguage":"es","@id":"https:\/\/fuentesfidedignas.com.mx\/index.php\/2022\/09\/07\/uas-y-ceaip-fortalecen-lazos-de-colaboracion-en-temas-de-transparencia\/#primaryimage","url":"https:\/\/fuentesfidedignas.com.mx\/wp-content\/uploads\/2022\/09\/Firma-de-convenio-UAS-CEAIP-3-scaled.jpg","contentUrl":"https:\/\/fuentesfidedignas.com.mx\/wp-content\/uploads\/2022\/09\/Firma-de-convenio-UAS-CEAIP-3-scaled.jpg","width":2560,"height":1708},{"@type":"BreadcrumbList","@id":"https:\/\/fuentesfidedignas.com.mx\/index.php\/2022\/09\/07\/uas-y-ceaip-fortalecen-lazos-de-colaboracion-en-temas-de-transparencia\/#breadcrumb","itemListElement":[{"@type":"ListItem","position":1,"name":"Inicio","item":"https:\/\/fuentesfidedignas.com.mx\/"},{"@type":"ListItem","position":2,"name":"UAS y CEAIP fortalecen lazos de colaboraci\u00f3n en temas de transparencia"}]},{"@type":"WebSite","@id":"https:\/\/fuentesfidedignas.com.mx\/#website","url":"https:\/\/fuentesfidedignas.com.mx\/","name":"Fuentes Fidedignas","description":"Otro sitio realizado con WordPress","publisher":{"@id":"https:\/\/fuentesfidedignas.com.mx\/#organization"},"potentialAction":[{"@type":"SearchAction","target":{"@type":"EntryPoint","urlTemplate":"https:\/\/fuentesfidedignas.com.mx\/?s={search_term_string}"},"query-input":{"@type":"PropertyValueSpecification","valueRequired":true,"valueName":"search_term_string"}}],"inLanguage":"es"},{"@type":"Organization","@id":"https:\/\/fuentesfidedignas.com.mx\/#organization","name":"Fuentes Fidedignas","url":"https:\/\/fuentesfidedignas.com.mx\/","logo":{"@type":"ImageObject","inLanguage":"es","@id":"https:\/\/fuentesfidedignas.com.mx\/#\/schema\/logo\/image\/","url":"https:\/\/fuentesfidedignas.com.mx\/wp-content\/uploads\/2021\/04\/logo-retina.png","contentUrl":"https:\/\/fuentesfidedignas.com.mx\/wp-content\/uploads\/2021\/04\/logo-retina.png","width":280,"height":51,"caption":"Fuentes Fidedignas"},"image":{"@id":"https:\/\/fuentesfidedignas.com.mx\/#\/schema\/logo\/image\/"},"sameAs":["https:\/\/www.facebook.com\/Fuentes-Fidedignas-368234489921644","https:\/\/x.com\/fidedignas"]},{"@type":"Person","@id":"https:\/\/fuentesfidedignas.com.mx\/#\/schema\/person\/331be9283d37198e2acd5750279085b0","name":"Redacci\u00f3n","image":{"@type":"ImageObject","inLanguage":"es","@id":"https:\/\/secure.gravatar.com\/avatar\/f6d8782c11d12b2d4ad3fbb6931aeab5309937a4d6cd2fc9cfaa28a6396a5aec?s=96&d=mm&r=g","url":"https:\/\/secure.gravatar.com\/avatar\/f6d8782c11d12b2d4ad3fbb6931aeab5309937a4d6cd2fc9cfaa28a6396a5aec?s=96&d=mm&r=g","contentUrl":"https:\/\/secure.gravatar.com\/avatar\/f6d8782c11d12b2d4ad3fbb6931aeab5309937a4d6cd2fc9cfaa28a6396a5aec?s=96&d=mm&r=g","caption":"Redacci\u00f3n"},"url":"https:\/\/fuentesfidedignas.com.mx\/index.php\/author\/redaccion\/"}]}},"_links":{"self":[{"href":"https:\/\/fuentesfidedignas.com.mx\/index.php\/wp-json\/wp\/v2\/posts\/41943","targetHints":{"allow":["GET"]}}],"collection":[{"href":"https:\/\/fuentesfidedignas.com.mx\/index.php\/wp-json\/wp\/v2\/posts"}],"about":[{"href":"https:\/\/fuentesfidedignas.com.mx\/index.php\/wp-json\/wp\/v2\/types\/post"}],"author":[{"embeddable":true,"href":"https:\/\/fuentesfidedignas.com.mx\/index.php\/wp-json\/wp\/v2\/users\/4"}],"replies":[{"embeddable":true,"href":"https:\/\/fuentesfidedignas.com.mx\/index.php\/wp-json\/wp\/v2\/comments?post=41943"}],"version-history":[{"count":3,"href":"https:\/\/fuentesfidedignas.com.mx\/index.php\/wp-json\/wp\/v2\/posts\/41943\/revisions"}],"predecessor-version":[{"id":41949,"href":"https:\/\/fuentesfidedignas.com.mx\/index.php\/wp-json\/wp\/v2\/posts\/41943\/revisions\/41949"}],"wp:featuredmedia":[{"embeddable":true,"href":"https:\/\/fuentesfidedignas.com.mx\/index.php\/wp-json\/wp\/v2\/media\/41945"}],"wp:attachment":[{"href":"https:\/\/fuentesfidedignas.com.mx\/index.php\/wp-json\/wp\/v2\/media?parent=41943"}],"wp:term":[{"taxonomy":"category","embeddable":true,"href":"https:\/\/fuentesfidedignas.com.mx\/index.php\/wp-json\/wp\/v2\/categories?post=41943"},{"taxonomy":"post_tag","embeddable":true,"href":"https:\/\/fuentesfidedignas.com.mx\/index.php\/wp-json\/wp\/v2\/tags?post=41943"}],"curies":[{"name":"wp","href":"https:\/\/api.w.org\/{rel}","templated":true}]}}