{"id":41914,"date":"2022-09-07T07:59:49","date_gmt":"2022-09-07T13:59:49","guid":{"rendered":"https:\/\/fuentesfidedignas.com.mx\/?p=41914"},"modified":"2022-09-07T07:59:50","modified_gmt":"2022-09-07T13:59:50","slug":"amlo-va-contra-altos-precios-de-la-tortilla-para-reforzar-plan-contra-inflacion","status":"publish","type":"post","link":"https:\/\/fuentesfidedignas.com.mx\/index.php\/2022\/09\/07\/amlo-va-contra-altos-precios-de-la-tortilla-para-reforzar-plan-contra-inflacion\/","title":{"rendered":"AMLO va contra altos precios de la tortilla para reforzar plan contra inflaci\u00f3n"},"content":{"rendered":"\n<p><strong><em>AMLO dijo que el aumento de la tortilla le preocupa porque afecta directamente a la gente.<\/em><\/strong><\/p>\n\n\n\n<p>Ciudad de M\u00e9xico.- El presidente Andr\u00e9s Manuel L\u00f3pez Obrador dijo este mi\u00e9rcoles que dentro del reforzamiento del plan contra la inflaci\u00f3n se contempla atender los altos precios que registra la tortilla en diversos estados del pa\u00eds donde un kilogramo de este producto ha llegado hasta los 30 pesos.<\/p>\n\n\n\n<p>En su relator\u00eda de hechos sobre una reuni\u00f3n de esta semana con Francisco Cervantes, l\u00edder del Consejo Coordinador Empresarial (CCE) y Antonio del Valle, quien encabeza el Consejo Mexicano de Negocios, el mandatario federal dijo que se estudia junto con los empresarios atender la alza en alimentos y otros productos.<\/p>\n\n\n\n<p>El jefe del Ejecutivo federal se\u00f1al\u00f3 que junto con los l\u00edderes del sector se lleg\u00f3 a la conclusi\u00f3n de que la econom\u00eda mexicana marcha en un panorama positivo, al tiempo que plante\u00f3 reforzar las acciones de gobierno para combatir la crisis econ\u00f3mica mundial.<\/p>\n\n\n\n<p>\u201cLa reuni\u00f3n fue muy buena con Antonio del Valle, con Francisco Cervantes, son dirigentes de los organismos empresariales y constantemente nos reunimos. Se intercambian puntos de vista sobre inversi\u00f3n en M\u00e9xico, sobre la situaci\u00f3n econ\u00f3mica y lo cierto es que hay buena comunicaci\u00f3n.<\/p>\n\n\n\n<p>\u201cEn esta ultima pl\u00e1tica se lleg\u00f3 a la conclusi\u00f3n de que vamos bien en materia econ\u00f3mica, que vamos avanzando. Si acaso y eso yo lo expres\u00e9, tenemos que aplicarnos m\u00e1s para enfrentar la inflaci\u00f3n.<\/p>\n\n\n\n<p>\u201cSi me preguntan cu\u00e1l es mi preocupaci\u00f3n principal, es el aumento en el precio de la tortilla, ayer tuve una reuni\u00f3n para eso y vamos a reforzar el plan antiinflacionario porque eso afecta a la gente y es lo que m\u00e1s me preocupa y ocupa\u201d, expuso el mandatario federal.<\/p>\n\n\n\n<p>La inflaci\u00f3n ha disparado el precio del kilo de la tortilla particularmente en Sonora, donde se oferta en 30 pesos (1.5 d\u00f3lares), el precio m\u00e1s alto del pa\u00eds.<\/p>\n\n\n\n<p>Aunque seg\u00fan la Procuradur\u00eda Federal del Consumidor (Profeco), que monitorea los precios a nivel nacional, el costo promedio del kilo de la tortilla en Sonora es de 21.6 pesos (1.08 d\u00f3lares), la realidad es que en Hermosillo, capital del estado, la mayor\u00eda de las tortiller\u00edas ya venden el kilo en 30 pesos o m\u00e1s.<\/p>\n\n\n\n<p>La tortilla de ma\u00edz ha sido uno de los productos m\u00e1s afectados por la inflaci\u00f3n, que alcanz\u00f3 un nivel general de 8.15% en julio, su \u00edndice m\u00e1s alto para un mes desde 2001, seg\u00fan el Instituto Nacional de Estad\u00edstica y Geograf\u00eda (Inegi).<\/p>\n\n\n\n<p>Entre enero de 2021 y junio de 2022, el precio de las tortillas se ha disparado 26.45%, seg\u00fan el \u00cdndice de Precios al Consumidor (IPC).<\/p>\n\n\n\n<p>Hace unas semanas, Ricardo Sheffield, procurador federal del Consumidor, acus\u00f3 a la empresa Maseca de influir negativamente en el precio de las tortillas pues a costa de no bajar sus precios, obliga a las tortiller\u00edas a trasladar los costos a los consumidores.<\/p>\n\n\n\n<p>El titular de la Profeco se\u00f1al\u00f3 que este es un fen\u00f3meno que debe atender la Comisi\u00f3n Federal de Competencia Econ\u00f3mica (Cofece), pues aunque el precio del ma\u00edz ha ido a la baja, Maseca s\u00f3lo lo ha subido a tal grado que el precio del kilo de la tortilla ya ronda los 21 pesos en algunas tortiller\u00edas.<\/p>\n","protected":false},"excerpt":{"rendered":"<p>AMLO dijo que el aumento de la tortilla le preocupa porque afecta directamente a la gente. Ciudad de M\u00e9xico.- El presidente Andr\u00e9s Manuel L\u00f3pez Obrador dijo este mi\u00e9rcoles que dentro del reforzamiento del plan contra la inflaci\u00f3n se contempla atender los altos precios que registra la tortilla en diversos estados del pa\u00eds donde un kilogramo [&hellip;]<\/p>\n","protected":false},"author":5,"featured_media":41915,"comment_status":"open","ping_status":"open","sticky":false,"template":"","format":"standard","meta":{"tdm_status":"","tdm_grid_status":"","footnotes":""},"categories":[39],"tags":[],"class_list":{"0":"post-41914","1":"post","2":"type-post","3":"status-publish","4":"format-standard","5":"has-post-thumbnail","7":"category-noticias-nacionales"},"yoast_head":"<!-- This site is optimized with the Yoast SEO plugin v27.4 - https:\/\/yoast.com\/product\/yoast-seo-wordpress\/ -->\n<title>AMLO va contra altos precios de la tortilla para reforzar plan contra inflaci\u00f3n - Fuentes Fidedignas<\/title>\n<meta name=\"robots\" content=\"index, follow, max-snippet:-1, max-image-preview:large, max-video-preview:-1\" \/>\n<link rel=\"canonical\" href=\"https:\/\/fuentesfidedignas.com.mx\/index.php\/2022\/09\/07\/amlo-va-contra-altos-precios-de-la-tortilla-para-reforzar-plan-contra-inflacion\/\" \/>\n<meta property=\"og:locale\" content=\"es_MX\" \/>\n<meta property=\"og:type\" content=\"article\" \/>\n<meta property=\"og:title\" content=\"AMLO va contra altos precios de la tortilla para reforzar plan contra inflaci\u00f3n - Fuentes Fidedignas\" \/>\n<meta property=\"og:description\" content=\"AMLO dijo que el aumento de la tortilla le preocupa porque afecta directamente a la gente. Ciudad de M\u00e9xico.- El presidente Andr\u00e9s Manuel L\u00f3pez Obrador dijo este mi\u00e9rcoles que dentro del reforzamiento del plan contra la inflaci\u00f3n se contempla atender los altos precios que registra la tortilla en diversos estados del pa\u00eds donde un kilogramo [&hellip;]\" \/>\n<meta property=\"og:url\" content=\"https:\/\/fuentesfidedignas.com.mx\/index.php\/2022\/09\/07\/amlo-va-contra-altos-precios-de-la-tortilla-para-reforzar-plan-contra-inflacion\/\" \/>\n<meta property=\"og:site_name\" content=\"Fuentes Fidedignas\" \/>\n<meta property=\"article:publisher\" content=\"https:\/\/www.facebook.com\/Fuentes-Fidedignas-368234489921644\" \/>\n<meta property=\"article:published_time\" content=\"2022-09-07T13:59:49+00:00\" \/>\n<meta property=\"article:modified_time\" content=\"2022-09-07T13:59:50+00:00\" \/>\n<meta property=\"og:image\" content=\"https:\/\/fuentesfidedignas.com.mx\/wp-content\/uploads\/2022\/09\/TORTILLA.jpg\" \/>\n\t<meta property=\"og:image:width\" content=\"640\" \/>\n\t<meta property=\"og:image:height\" content=\"360\" \/>\n\t<meta property=\"og:image:type\" content=\"image\/jpeg\" \/>\n<meta name=\"author\" content=\"Forbes\" \/>\n<meta name=\"twitter:card\" content=\"summary_large_image\" \/>\n<meta name=\"twitter:creator\" content=\"@fidedignas\" \/>\n<meta name=\"twitter:site\" content=\"@fidedignas\" \/>\n<meta name=\"twitter:label1\" content=\"Escrito por\" \/>\n\t<meta name=\"twitter:data1\" content=\"Forbes\" \/>\n\t<meta name=\"twitter:label2\" content=\"Tiempo de lectura\" \/>\n\t<meta name=\"twitter:data2\" content=\"3 minutos\" \/>\n<script type=\"application\/ld+json\" class=\"yoast-schema-graph\">{\"@context\":\"https:\\\/\\\/schema.org\",\"@graph\":[{\"@type\":\"Article\",\"@id\":\"https:\\\/\\\/fuentesfidedignas.com.mx\\\/index.php\\\/2022\\\/09\\\/07\\\/amlo-va-contra-altos-precios-de-la-tortilla-para-reforzar-plan-contra-inflacion\\\/#article\",\"isPartOf\":{\"@id\":\"https:\\\/\\\/fuentesfidedignas.com.mx\\\/index.php\\\/2022\\\/09\\\/07\\\/amlo-va-contra-altos-precios-de-la-tortilla-para-reforzar-plan-contra-inflacion\\\/\"},\"author\":{\"name\":\"Forbes\",\"@id\":\"https:\\\/\\\/fuentesfidedignas.com.mx\\\/#\\\/schema\\\/person\\\/5623d53fe2e579d825b1679734abcc44\"},\"headline\":\"AMLO va contra altos precios de la tortilla para reforzar plan contra inflaci\u00f3n\",\"datePublished\":\"2022-09-07T13:59:49+00:00\",\"dateModified\":\"2022-09-07T13:59:50+00:00\",\"mainEntityOfPage\":{\"@id\":\"https:\\\/\\\/fuentesfidedignas.com.mx\\\/index.php\\\/2022\\\/09\\\/07\\\/amlo-va-contra-altos-precios-de-la-tortilla-para-reforzar-plan-contra-inflacion\\\/\"},\"wordCount\":588,\"commentCount\":0,\"publisher\":{\"@id\":\"https:\\\/\\\/fuentesfidedignas.com.mx\\\/#organization\"},\"image\":{\"@id\":\"https:\\\/\\\/fuentesfidedignas.com.mx\\\/index.php\\\/2022\\\/09\\\/07\\\/amlo-va-contra-altos-precios-de-la-tortilla-para-reforzar-plan-contra-inflacion\\\/#primaryimage\"},\"thumbnailUrl\":\"https:\\\/\\\/fuentesfidedignas.com.mx\\\/wp-content\\\/uploads\\\/2022\\\/09\\\/TORTILLA.jpg\",\"articleSection\":[\"NOTICIAS NACIONALES\"],\"inLanguage\":\"es\",\"potentialAction\":[{\"@type\":\"CommentAction\",\"name\":\"Comment\",\"target\":[\"https:\\\/\\\/fuentesfidedignas.com.mx\\\/index.php\\\/2022\\\/09\\\/07\\\/amlo-va-contra-altos-precios-de-la-tortilla-para-reforzar-plan-contra-inflacion\\\/#respond\"]}]},{\"@type\":\"WebPage\",\"@id\":\"https:\\\/\\\/fuentesfidedignas.com.mx\\\/index.php\\\/2022\\\/09\\\/07\\\/amlo-va-contra-altos-precios-de-la-tortilla-para-reforzar-plan-contra-inflacion\\\/\",\"url\":\"https:\\\/\\\/fuentesfidedignas.com.mx\\\/index.php\\\/2022\\\/09\\\/07\\\/amlo-va-contra-altos-precios-de-la-tortilla-para-reforzar-plan-contra-inflacion\\\/\",\"name\":\"AMLO va contra altos precios de la tortilla para reforzar plan contra inflaci\u00f3n - Fuentes Fidedignas\",\"isPartOf\":{\"@id\":\"https:\\\/\\\/fuentesfidedignas.com.mx\\\/#website\"},\"primaryImageOfPage\":{\"@id\":\"https:\\\/\\\/fuentesfidedignas.com.mx\\\/index.php\\\/2022\\\/09\\\/07\\\/amlo-va-contra-altos-precios-de-la-tortilla-para-reforzar-plan-contra-inflacion\\\/#primaryimage\"},\"image\":{\"@id\":\"https:\\\/\\\/fuentesfidedignas.com.mx\\\/index.php\\\/2022\\\/09\\\/07\\\/amlo-va-contra-altos-precios-de-la-tortilla-para-reforzar-plan-contra-inflacion\\\/#primaryimage\"},\"thumbnailUrl\":\"https:\\\/\\\/fuentesfidedignas.com.mx\\\/wp-content\\\/uploads\\\/2022\\\/09\\\/TORTILLA.jpg\",\"datePublished\":\"2022-09-07T13:59:49+00:00\",\"dateModified\":\"2022-09-07T13:59:50+00:00\",\"breadcrumb\":{\"@id\":\"https:\\\/\\\/fuentesfidedignas.com.mx\\\/index.php\\\/2022\\\/09\\\/07\\\/amlo-va-contra-altos-precios-de-la-tortilla-para-reforzar-plan-contra-inflacion\\\/#breadcrumb\"},\"inLanguage\":\"es\",\"potentialAction\":[{\"@type\":\"ReadAction\",\"target\":[\"https:\\\/\\\/fuentesfidedignas.com.mx\\\/index.php\\\/2022\\\/09\\\/07\\\/amlo-va-contra-altos-precios-de-la-tortilla-para-reforzar-plan-contra-inflacion\\\/\"]}]},{\"@type\":\"ImageObject\",\"inLanguage\":\"es\",\"@id\":\"https:\\\/\\\/fuentesfidedignas.com.mx\\\/index.php\\\/2022\\\/09\\\/07\\\/amlo-va-contra-altos-precios-de-la-tortilla-para-reforzar-plan-contra-inflacion\\\/#primaryimage\",\"url\":\"https:\\\/\\\/fuentesfidedignas.com.mx\\\/wp-content\\\/uploads\\\/2022\\\/09\\\/TORTILLA.jpg\",\"contentUrl\":\"https:\\\/\\\/fuentesfidedignas.com.mx\\\/wp-content\\\/uploads\\\/2022\\\/09\\\/TORTILLA.jpg\",\"width\":640,\"height\":360},{\"@type\":\"BreadcrumbList\",\"@id\":\"https:\\\/\\\/fuentesfidedignas.com.mx\\\/index.php\\\/2022\\\/09\\\/07\\\/amlo-va-contra-altos-precios-de-la-tortilla-para-reforzar-plan-contra-inflacion\\\/#breadcrumb\",\"itemListElement\":[{\"@type\":\"ListItem\",\"position\":1,\"name\":\"Inicio\",\"item\":\"https:\\\/\\\/fuentesfidedignas.com.mx\\\/\"},{\"@type\":\"ListItem\",\"position\":2,\"name\":\"AMLO va contra altos precios de la tortilla para reforzar plan contra inflaci\u00f3n\"}]},{\"@type\":\"WebSite\",\"@id\":\"https:\\\/\\\/fuentesfidedignas.com.mx\\\/#website\",\"url\":\"https:\\\/\\\/fuentesfidedignas.com.mx\\\/\",\"name\":\"Fuentes Fidedignas\",\"description\":\"Otro sitio realizado con WordPress\",\"publisher\":{\"@id\":\"https:\\\/\\\/fuentesfidedignas.com.mx\\\/#organization\"},\"potentialAction\":[{\"@type\":\"SearchAction\",\"target\":{\"@type\":\"EntryPoint\",\"urlTemplate\":\"https:\\\/\\\/fuentesfidedignas.com.mx\\\/?s={search_term_string}\"},\"query-input\":{\"@type\":\"PropertyValueSpecification\",\"valueRequired\":true,\"valueName\":\"search_term_string\"}}],\"inLanguage\":\"es\"},{\"@type\":\"Organization\",\"@id\":\"https:\\\/\\\/fuentesfidedignas.com.mx\\\/#organization\",\"name\":\"Fuentes Fidedignas\",\"url\":\"https:\\\/\\\/fuentesfidedignas.com.mx\\\/\",\"logo\":{\"@type\":\"ImageObject\",\"inLanguage\":\"es\",\"@id\":\"https:\\\/\\\/fuentesfidedignas.com.mx\\\/#\\\/schema\\\/logo\\\/image\\\/\",\"url\":\"https:\\\/\\\/fuentesfidedignas.com.mx\\\/wp-content\\\/uploads\\\/2021\\\/04\\\/logo-retina.png\",\"contentUrl\":\"https:\\\/\\\/fuentesfidedignas.com.mx\\\/wp-content\\\/uploads\\\/2021\\\/04\\\/logo-retina.png\",\"width\":280,\"height\":51,\"caption\":\"Fuentes Fidedignas\"},\"image\":{\"@id\":\"https:\\\/\\\/fuentesfidedignas.com.mx\\\/#\\\/schema\\\/logo\\\/image\\\/\"},\"sameAs\":[\"https:\\\/\\\/www.facebook.com\\\/Fuentes-Fidedignas-368234489921644\",\"https:\\\/\\\/x.com\\\/fidedignas\"]},{\"@type\":\"Person\",\"@id\":\"https:\\\/\\\/fuentesfidedignas.com.mx\\\/#\\\/schema\\\/person\\\/5623d53fe2e579d825b1679734abcc44\",\"name\":\"Forbes\",\"image\":{\"@type\":\"ImageObject\",\"inLanguage\":\"es\",\"@id\":\"https:\\\/\\\/secure.gravatar.com\\\/avatar\\\/87ce3dd4e41e60c22a79c758614f01a6bc2469255fc936ec7b15efb9bb5cb66f?s=96&d=mm&r=g\",\"url\":\"https:\\\/\\\/secure.gravatar.com\\\/avatar\\\/87ce3dd4e41e60c22a79c758614f01a6bc2469255fc936ec7b15efb9bb5cb66f?s=96&d=mm&r=g\",\"contentUrl\":\"https:\\\/\\\/secure.gravatar.com\\\/avatar\\\/87ce3dd4e41e60c22a79c758614f01a6bc2469255fc936ec7b15efb9bb5cb66f?s=96&d=mm&r=g\",\"caption\":\"Forbes\"},\"url\":\"https:\\\/\\\/fuentesfidedignas.com.mx\\\/index.php\\\/author\\\/forbes\\\/\"}]}<\/script>\n<!-- \/ Yoast SEO plugin. -->","yoast_head_json":{"title":"AMLO va contra altos precios de la tortilla para reforzar plan contra inflaci\u00f3n - Fuentes Fidedignas","robots":{"index":"index","follow":"follow","max-snippet":"max-snippet:-1","max-image-preview":"max-image-preview:large","max-video-preview":"max-video-preview:-1"},"canonical":"https:\/\/fuentesfidedignas.com.mx\/index.php\/2022\/09\/07\/amlo-va-contra-altos-precios-de-la-tortilla-para-reforzar-plan-contra-inflacion\/","og_locale":"es_MX","og_type":"article","og_title":"AMLO va contra altos precios de la tortilla para reforzar plan contra inflaci\u00f3n - Fuentes Fidedignas","og_description":"AMLO dijo que el aumento de la tortilla le preocupa porque afecta directamente a la gente. Ciudad de M\u00e9xico.- El presidente Andr\u00e9s Manuel L\u00f3pez Obrador dijo este mi\u00e9rcoles que dentro del reforzamiento del plan contra la inflaci\u00f3n se contempla atender los altos precios que registra la tortilla en diversos estados del pa\u00eds donde un kilogramo [&hellip;]","og_url":"https:\/\/fuentesfidedignas.com.mx\/index.php\/2022\/09\/07\/amlo-va-contra-altos-precios-de-la-tortilla-para-reforzar-plan-contra-inflacion\/","og_site_name":"Fuentes Fidedignas","article_publisher":"https:\/\/www.facebook.com\/Fuentes-Fidedignas-368234489921644","article_published_time":"2022-09-07T13:59:49+00:00","article_modified_time":"2022-09-07T13:59:50+00:00","og_image":[{"width":640,"height":360,"url":"https:\/\/fuentesfidedignas.com.mx\/wp-content\/uploads\/2022\/09\/TORTILLA.jpg","type":"image\/jpeg"}],"author":"Forbes","twitter_card":"summary_large_image","twitter_creator":"@fidedignas","twitter_site":"@fidedignas","twitter_misc":{"Escrito por":"Forbes","Tiempo de lectura":"3 minutos"},"schema":{"@context":"https:\/\/schema.org","@graph":[{"@type":"Article","@id":"https:\/\/fuentesfidedignas.com.mx\/index.php\/2022\/09\/07\/amlo-va-contra-altos-precios-de-la-tortilla-para-reforzar-plan-contra-inflacion\/#article","isPartOf":{"@id":"https:\/\/fuentesfidedignas.com.mx\/index.php\/2022\/09\/07\/amlo-va-contra-altos-precios-de-la-tortilla-para-reforzar-plan-contra-inflacion\/"},"author":{"name":"Forbes","@id":"https:\/\/fuentesfidedignas.com.mx\/#\/schema\/person\/5623d53fe2e579d825b1679734abcc44"},"headline":"AMLO va contra altos precios de la tortilla para reforzar plan contra inflaci\u00f3n","datePublished":"2022-09-07T13:59:49+00:00","dateModified":"2022-09-07T13:59:50+00:00","mainEntityOfPage":{"@id":"https:\/\/fuentesfidedignas.com.mx\/index.php\/2022\/09\/07\/amlo-va-contra-altos-precios-de-la-tortilla-para-reforzar-plan-contra-inflacion\/"},"wordCount":588,"commentCount":0,"publisher":{"@id":"https:\/\/fuentesfidedignas.com.mx\/#organization"},"image":{"@id":"https:\/\/fuentesfidedignas.com.mx\/index.php\/2022\/09\/07\/amlo-va-contra-altos-precios-de-la-tortilla-para-reforzar-plan-contra-inflacion\/#primaryimage"},"thumbnailUrl":"https:\/\/fuentesfidedignas.com.mx\/wp-content\/uploads\/2022\/09\/TORTILLA.jpg","articleSection":["NOTICIAS NACIONALES"],"inLanguage":"es","potentialAction":[{"@type":"CommentAction","name":"Comment","target":["https:\/\/fuentesfidedignas.com.mx\/index.php\/2022\/09\/07\/amlo-va-contra-altos-precios-de-la-tortilla-para-reforzar-plan-contra-inflacion\/#respond"]}]},{"@type":"WebPage","@id":"https:\/\/fuentesfidedignas.com.mx\/index.php\/2022\/09\/07\/amlo-va-contra-altos-precios-de-la-tortilla-para-reforzar-plan-contra-inflacion\/","url":"https:\/\/fuentesfidedignas.com.mx\/index.php\/2022\/09\/07\/amlo-va-contra-altos-precios-de-la-tortilla-para-reforzar-plan-contra-inflacion\/","name":"AMLO va contra altos precios de la tortilla para reforzar plan contra inflaci\u00f3n - Fuentes Fidedignas","isPartOf":{"@id":"https:\/\/fuentesfidedignas.com.mx\/#website"},"primaryImageOfPage":{"@id":"https:\/\/fuentesfidedignas.com.mx\/index.php\/2022\/09\/07\/amlo-va-contra-altos-precios-de-la-tortilla-para-reforzar-plan-contra-inflacion\/#primaryimage"},"image":{"@id":"https:\/\/fuentesfidedignas.com.mx\/index.php\/2022\/09\/07\/amlo-va-contra-altos-precios-de-la-tortilla-para-reforzar-plan-contra-inflacion\/#primaryimage"},"thumbnailUrl":"https:\/\/fuentesfidedignas.com.mx\/wp-content\/uploads\/2022\/09\/TORTILLA.jpg","datePublished":"2022-09-07T13:59:49+00:00","dateModified":"2022-09-07T13:59:50+00:00","breadcrumb":{"@id":"https:\/\/fuentesfidedignas.com.mx\/index.php\/2022\/09\/07\/amlo-va-contra-altos-precios-de-la-tortilla-para-reforzar-plan-contra-inflacion\/#breadcrumb"},"inLanguage":"es","potentialAction":[{"@type":"ReadAction","target":["https:\/\/fuentesfidedignas.com.mx\/index.php\/2022\/09\/07\/amlo-va-contra-altos-precios-de-la-tortilla-para-reforzar-plan-contra-inflacion\/"]}]},{"@type":"ImageObject","inLanguage":"es","@id":"https:\/\/fuentesfidedignas.com.mx\/index.php\/2022\/09\/07\/amlo-va-contra-altos-precios-de-la-tortilla-para-reforzar-plan-contra-inflacion\/#primaryimage","url":"https:\/\/fuentesfidedignas.com.mx\/wp-content\/uploads\/2022\/09\/TORTILLA.jpg","contentUrl":"https:\/\/fuentesfidedignas.com.mx\/wp-content\/uploads\/2022\/09\/TORTILLA.jpg","width":640,"height":360},{"@type":"BreadcrumbList","@id":"https:\/\/fuentesfidedignas.com.mx\/index.php\/2022\/09\/07\/amlo-va-contra-altos-precios-de-la-tortilla-para-reforzar-plan-contra-inflacion\/#breadcrumb","itemListElement":[{"@type":"ListItem","position":1,"name":"Inicio","item":"https:\/\/fuentesfidedignas.com.mx\/"},{"@type":"ListItem","position":2,"name":"AMLO va contra altos precios de la tortilla para reforzar plan contra inflaci\u00f3n"}]},{"@type":"WebSite","@id":"https:\/\/fuentesfidedignas.com.mx\/#website","url":"https:\/\/fuentesfidedignas.com.mx\/","name":"Fuentes Fidedignas","description":"Otro sitio realizado con WordPress","publisher":{"@id":"https:\/\/fuentesfidedignas.com.mx\/#organization"},"potentialAction":[{"@type":"SearchAction","target":{"@type":"EntryPoint","urlTemplate":"https:\/\/fuentesfidedignas.com.mx\/?s={search_term_string}"},"query-input":{"@type":"PropertyValueSpecification","valueRequired":true,"valueName":"search_term_string"}}],"inLanguage":"es"},{"@type":"Organization","@id":"https:\/\/fuentesfidedignas.com.mx\/#organization","name":"Fuentes Fidedignas","url":"https:\/\/fuentesfidedignas.com.mx\/","logo":{"@type":"ImageObject","inLanguage":"es","@id":"https:\/\/fuentesfidedignas.com.mx\/#\/schema\/logo\/image\/","url":"https:\/\/fuentesfidedignas.com.mx\/wp-content\/uploads\/2021\/04\/logo-retina.png","contentUrl":"https:\/\/fuentesfidedignas.com.mx\/wp-content\/uploads\/2021\/04\/logo-retina.png","width":280,"height":51,"caption":"Fuentes Fidedignas"},"image":{"@id":"https:\/\/fuentesfidedignas.com.mx\/#\/schema\/logo\/image\/"},"sameAs":["https:\/\/www.facebook.com\/Fuentes-Fidedignas-368234489921644","https:\/\/x.com\/fidedignas"]},{"@type":"Person","@id":"https:\/\/fuentesfidedignas.com.mx\/#\/schema\/person\/5623d53fe2e579d825b1679734abcc44","name":"Forbes","image":{"@type":"ImageObject","inLanguage":"es","@id":"https:\/\/secure.gravatar.com\/avatar\/87ce3dd4e41e60c22a79c758614f01a6bc2469255fc936ec7b15efb9bb5cb66f?s=96&d=mm&r=g","url":"https:\/\/secure.gravatar.com\/avatar\/87ce3dd4e41e60c22a79c758614f01a6bc2469255fc936ec7b15efb9bb5cb66f?s=96&d=mm&r=g","contentUrl":"https:\/\/secure.gravatar.com\/avatar\/87ce3dd4e41e60c22a79c758614f01a6bc2469255fc936ec7b15efb9bb5cb66f?s=96&d=mm&r=g","caption":"Forbes"},"url":"https:\/\/fuentesfidedignas.com.mx\/index.php\/author\/forbes\/"}]}},"_links":{"self":[{"href":"https:\/\/fuentesfidedignas.com.mx\/index.php\/wp-json\/wp\/v2\/posts\/41914","targetHints":{"allow":["GET"]}}],"collection":[{"href":"https:\/\/fuentesfidedignas.com.mx\/index.php\/wp-json\/wp\/v2\/posts"}],"about":[{"href":"https:\/\/fuentesfidedignas.com.mx\/index.php\/wp-json\/wp\/v2\/types\/post"}],"author":[{"embeddable":true,"href":"https:\/\/fuentesfidedignas.com.mx\/index.php\/wp-json\/wp\/v2\/users\/5"}],"replies":[{"embeddable":true,"href":"https:\/\/fuentesfidedignas.com.mx\/index.php\/wp-json\/wp\/v2\/comments?post=41914"}],"version-history":[{"count":1,"href":"https:\/\/fuentesfidedignas.com.mx\/index.php\/wp-json\/wp\/v2\/posts\/41914\/revisions"}],"predecessor-version":[{"id":41916,"href":"https:\/\/fuentesfidedignas.com.mx\/index.php\/wp-json\/wp\/v2\/posts\/41914\/revisions\/41916"}],"wp:featuredmedia":[{"embeddable":true,"href":"https:\/\/fuentesfidedignas.com.mx\/index.php\/wp-json\/wp\/v2\/media\/41915"}],"wp:attachment":[{"href":"https:\/\/fuentesfidedignas.com.mx\/index.php\/wp-json\/wp\/v2\/media?parent=41914"}],"wp:term":[{"taxonomy":"category","embeddable":true,"href":"https:\/\/fuentesfidedignas.com.mx\/index.php\/wp-json\/wp\/v2\/categories?post=41914"},{"taxonomy":"post_tag","embeddable":true,"href":"https:\/\/fuentesfidedignas.com.mx\/index.php\/wp-json\/wp\/v2\/tags?post=41914"}],"curies":[{"name":"wp","href":"https:\/\/api.w.org\/{rel}","templated":true}]}}