{"id":41806,"date":"2022-09-06T08:07:37","date_gmt":"2022-09-06T14:07:37","guid":{"rendered":"https:\/\/fuentesfidedignas.com.mx\/?p=41806"},"modified":"2022-09-06T09:27:32","modified_gmt":"2022-09-06T15:27:32","slug":"huracan-kay-mantendra-lluvias-puntuales-torrenciales-proteccion-civil","status":"publish","type":"post","link":"https:\/\/fuentesfidedignas.com.mx\/index.php\/2022\/09\/06\/huracan-kay-mantendra-lluvias-puntuales-torrenciales-proteccion-civil\/","title":{"rendered":"Hurac\u00e1n &#8220;Kay&#8221; mantendr\u00e1 lluvias puntuales torrenciales: Protecci\u00f3n Civil"},"content":{"rendered":"\n<p><em>El Instituto pide no bajar la guardia y reportar las emergencias al 911<\/em><\/p>\n\n\n\n<p><em>Culiac\u00e1n, Sin.-<\/em> Derivado de las precipitaciones originadas por la presencia del hurac\u00e1n categor\u00eda 1 &#8220;Kay&#8221;, cuyas precipitaciones se encuentran activas en la entidad desde la tarde de ayer, el Instituto Estatal de Protecci\u00f3n Civil de Sinaloa que dirige Aurelio Roy Navarrete Cuevas, realiz\u00f3 recorridos de supervisi\u00f3n en la comunidad de La Concha, municipio de Concordia, donde hubo un notable incremento en los niveles de agua, aunque afortunadamente no fue necesario el traslado de la poblaci\u00f3n a refugios temporales, mientras que en el municipio de Mazatl\u00e1n se atendieron a m\u00e1s de 170 personas que requirieron principalmente auxilio vial, destacando que no hubo personas lesionadas.<\/p>\n\n\n\n<p><strong>En base al pron\u00f3stico meteorol\u00f3gico de la Comisi\u00f3n Nacional del Agua sobre el hurac\u00e1n &#8220;Kay&#8221;, se determin\u00f3 que durante este d\u00eda se mantendr\u00e1n lluvias puntuales torrenciales con fuertes rachas de viento en Sinaloa, por lo que el Instituto convoc\u00f3 a la poblaci\u00f3n a tomar las medidas preventivas conducentes y reportar cualquier emergencia al 911, desde donde se atender\u00e1n todos los reportes.<\/strong><\/p>\n\n\n\n<figure class=\"wp-block-image size-large\"><img decoding=\"async\" width=\"1024\" height=\"549\" src=\"https:\/\/fuentesfidedignas.com.mx\/wp-content\/uploads\/2022\/09\/IMG-20220906-WA0015-1024x549.jpg\" alt=\"\" class=\"wp-image-41809\" srcset=\"https:\/\/fuentesfidedignas.com.mx\/wp-content\/uploads\/2022\/09\/IMG-20220906-WA0015-1024x549.jpg 1024w, https:\/\/fuentesfidedignas.com.mx\/wp-content\/uploads\/2022\/09\/IMG-20220906-WA0015-300x161.jpg 300w, https:\/\/fuentesfidedignas.com.mx\/wp-content\/uploads\/2022\/09\/IMG-20220906-WA0015-768x412.jpg 768w, https:\/\/fuentesfidedignas.com.mx\/wp-content\/uploads\/2022\/09\/IMG-20220906-WA0015.jpg 1058w\" sizes=\"(max-width: 1024px) 100vw, 1024px\" \/><\/figure>\n\n\n\n<p><em>&#8220;Afortunadamente, los escurrimientos han permitido que se vayan a los conductos fluviales y los encharcamientos han sido leves hasta ahorita, sin embargo, pues no hay que bajar la guardia ahorita que nos vamos a trasladar a los trayectos, a nuestros destinos o a las \u00e1reas laborales, pues que est\u00e9n atentos, no hagan confianza, atiendan las recomendaciones, este es el momento de tomar medidas preventivas<\/em>&#8220;, se\u00f1al\u00f3 Navarrete Cuevas.<\/p>\n\n\n\n<p>A las 07:00 horas de este martes, tiempo del centro de M\u00e9xico, el centro de Kay se localiz\u00f3 aproximadamente a 520 kil\u00f3metros (km) al oeste-suroeste de Cabo Corrientes, Jalisco y a 590 kil\u00f3metros al sur de Cabo San Lucas, Baja California Sur. Tiene vientos m\u00e1ximos sostenidos de 140 km\/h, rachas de 165 km\/h y se desplaza hacia el noroeste a 20 km\/h.<\/p>\n\n\n\n<p>Se est\u00e1 realizando un monitoreo puntual de las zonas de inestabilidad que pudieran generarse en la entidad derivados del hurac\u00e1n &#8220;<strong>Kay<\/strong>&#8220;, el crecimiento de arroyos en diversos municipios, as\u00ed como las condiciones de los desfogues preventivos de las presas Luis Donaldo Colosio (Huites), Picachos y Guillermo Blake Aguilar (El Sabinal), mismas que no han generado ning\u00fan inconveniente hasta el momento.<\/p>\n\n\n\n<p>Las precipitaciones generadas por este sistema podr\u00edan incrementar los niveles de r\u00edos y arroyos, por lo que se exhorta a la poblaci\u00f3n a atender los avisos preventivos de las autoridades y evitar introducirse en cuerpos de agua.<\/p>\n","protected":false},"excerpt":{"rendered":"<p>El Instituto pide no bajar la guardia y reportar las emergencias al 911 Culiac\u00e1n, Sin.- Derivado de las precipitaciones originadas por la presencia del hurac\u00e1n categor\u00eda 1 &#8220;Kay&#8221;, cuyas precipitaciones se encuentran activas en la entidad desde la tarde de ayer, el Instituto Estatal de Protecci\u00f3n Civil de Sinaloa que dirige Aurelio Roy Navarrete Cuevas, [&hellip;]<\/p>\n","protected":false},"author":4,"featured_media":41808,"comment_status":"open","ping_status":"open","sticky":false,"template":"","format":"standard","meta":{"tdm_status":"","tdm_grid_status":"","footnotes":""},"categories":[37],"tags":[],"class_list":{"0":"post-41806","1":"post","2":"type-post","3":"status-publish","4":"format-standard","5":"has-post-thumbnail","7":"category-nota-principal"},"yoast_head":"<!-- This site is optimized with the Yoast SEO plugin v27.4 - https:\/\/yoast.com\/product\/yoast-seo-wordpress\/ -->\n<title>Hurac\u00e1n &quot;Kay&quot; mantendr\u00e1 lluvias puntuales torrenciales: Protecci\u00f3n Civil - Fuentes Fidedignas<\/title>\n<meta name=\"robots\" content=\"index, follow, max-snippet:-1, max-image-preview:large, max-video-preview:-1\" \/>\n<link rel=\"canonical\" href=\"https:\/\/fuentesfidedignas.com.mx\/index.php\/2022\/09\/06\/huracan-kay-mantendra-lluvias-puntuales-torrenciales-proteccion-civil\/\" \/>\n<meta property=\"og:locale\" content=\"es_MX\" \/>\n<meta property=\"og:type\" content=\"article\" \/>\n<meta property=\"og:title\" content=\"Hurac\u00e1n &quot;Kay&quot; mantendr\u00e1 lluvias puntuales torrenciales: Protecci\u00f3n Civil - Fuentes Fidedignas\" \/>\n<meta property=\"og:description\" content=\"El Instituto pide no bajar la guardia y reportar las emergencias al 911 Culiac\u00e1n, Sin.- Derivado de las precipitaciones originadas por la presencia del hurac\u00e1n categor\u00eda 1 &#8220;Kay&#8221;, cuyas precipitaciones se encuentran activas en la entidad desde la tarde de ayer, el Instituto Estatal de Protecci\u00f3n Civil de Sinaloa que dirige Aurelio Roy Navarrete Cuevas, [&hellip;]\" \/>\n<meta property=\"og:url\" content=\"https:\/\/fuentesfidedignas.com.mx\/index.php\/2022\/09\/06\/huracan-kay-mantendra-lluvias-puntuales-torrenciales-proteccion-civil\/\" \/>\n<meta property=\"og:site_name\" content=\"Fuentes Fidedignas\" \/>\n<meta property=\"article:publisher\" content=\"https:\/\/www.facebook.com\/Fuentes-Fidedignas-368234489921644\" \/>\n<meta property=\"article:published_time\" content=\"2022-09-06T14:07:37+00:00\" \/>\n<meta property=\"article:modified_time\" content=\"2022-09-06T15:27:32+00:00\" \/>\n<meta property=\"og:image\" content=\"https:\/\/fuentesfidedignas.com.mx\/wp-content\/uploads\/2022\/09\/IMG-20220906-WA0014.jpg\" \/>\n\t<meta property=\"og:image:width\" content=\"1058\" \/>\n\t<meta property=\"og:image:height\" content=\"567\" \/>\n\t<meta property=\"og:image:type\" content=\"image\/jpeg\" \/>\n<meta name=\"author\" content=\"Redacci\u00f3n\" \/>\n<meta name=\"twitter:card\" content=\"summary_large_image\" \/>\n<meta name=\"twitter:creator\" content=\"@fidedignas\" \/>\n<meta name=\"twitter:site\" content=\"@fidedignas\" \/>\n<meta name=\"twitter:label1\" content=\"Escrito por\" \/>\n\t<meta name=\"twitter:data1\" content=\"Redacci\u00f3n\" \/>\n\t<meta name=\"twitter:label2\" content=\"Tiempo de lectura\" \/>\n\t<meta name=\"twitter:data2\" content=\"3 minutos\" \/>\n<script type=\"application\/ld+json\" class=\"yoast-schema-graph\">{\"@context\":\"https:\\\/\\\/schema.org\",\"@graph\":[{\"@type\":\"Article\",\"@id\":\"https:\\\/\\\/fuentesfidedignas.com.mx\\\/index.php\\\/2022\\\/09\\\/06\\\/huracan-kay-mantendra-lluvias-puntuales-torrenciales-proteccion-civil\\\/#article\",\"isPartOf\":{\"@id\":\"https:\\\/\\\/fuentesfidedignas.com.mx\\\/index.php\\\/2022\\\/09\\\/06\\\/huracan-kay-mantendra-lluvias-puntuales-torrenciales-proteccion-civil\\\/\"},\"author\":{\"name\":\"Redacci\u00f3n\",\"@id\":\"https:\\\/\\\/fuentesfidedignas.com.mx\\\/#\\\/schema\\\/person\\\/331be9283d37198e2acd5750279085b0\"},\"headline\":\"Hurac\u00e1n &#8220;Kay&#8221; mantendr\u00e1 lluvias puntuales torrenciales: Protecci\u00f3n Civil\",\"datePublished\":\"2022-09-06T14:07:37+00:00\",\"dateModified\":\"2022-09-06T15:27:32+00:00\",\"mainEntityOfPage\":{\"@id\":\"https:\\\/\\\/fuentesfidedignas.com.mx\\\/index.php\\\/2022\\\/09\\\/06\\\/huracan-kay-mantendra-lluvias-puntuales-torrenciales-proteccion-civil\\\/\"},\"wordCount\":434,\"commentCount\":0,\"publisher\":{\"@id\":\"https:\\\/\\\/fuentesfidedignas.com.mx\\\/#organization\"},\"image\":{\"@id\":\"https:\\\/\\\/fuentesfidedignas.com.mx\\\/index.php\\\/2022\\\/09\\\/06\\\/huracan-kay-mantendra-lluvias-puntuales-torrenciales-proteccion-civil\\\/#primaryimage\"},\"thumbnailUrl\":\"https:\\\/\\\/fuentesfidedignas.com.mx\\\/wp-content\\\/uploads\\\/2022\\\/09\\\/IMG-20220906-WA0014.jpg\",\"articleSection\":[\"NOTA PRINCIPAL\"],\"inLanguage\":\"es\",\"potentialAction\":[{\"@type\":\"CommentAction\",\"name\":\"Comment\",\"target\":[\"https:\\\/\\\/fuentesfidedignas.com.mx\\\/index.php\\\/2022\\\/09\\\/06\\\/huracan-kay-mantendra-lluvias-puntuales-torrenciales-proteccion-civil\\\/#respond\"]}]},{\"@type\":\"WebPage\",\"@id\":\"https:\\\/\\\/fuentesfidedignas.com.mx\\\/index.php\\\/2022\\\/09\\\/06\\\/huracan-kay-mantendra-lluvias-puntuales-torrenciales-proteccion-civil\\\/\",\"url\":\"https:\\\/\\\/fuentesfidedignas.com.mx\\\/index.php\\\/2022\\\/09\\\/06\\\/huracan-kay-mantendra-lluvias-puntuales-torrenciales-proteccion-civil\\\/\",\"name\":\"Hurac\u00e1n \\\"Kay\\\" mantendr\u00e1 lluvias puntuales torrenciales: Protecci\u00f3n Civil - Fuentes Fidedignas\",\"isPartOf\":{\"@id\":\"https:\\\/\\\/fuentesfidedignas.com.mx\\\/#website\"},\"primaryImageOfPage\":{\"@id\":\"https:\\\/\\\/fuentesfidedignas.com.mx\\\/index.php\\\/2022\\\/09\\\/06\\\/huracan-kay-mantendra-lluvias-puntuales-torrenciales-proteccion-civil\\\/#primaryimage\"},\"image\":{\"@id\":\"https:\\\/\\\/fuentesfidedignas.com.mx\\\/index.php\\\/2022\\\/09\\\/06\\\/huracan-kay-mantendra-lluvias-puntuales-torrenciales-proteccion-civil\\\/#primaryimage\"},\"thumbnailUrl\":\"https:\\\/\\\/fuentesfidedignas.com.mx\\\/wp-content\\\/uploads\\\/2022\\\/09\\\/IMG-20220906-WA0014.jpg\",\"datePublished\":\"2022-09-06T14:07:37+00:00\",\"dateModified\":\"2022-09-06T15:27:32+00:00\",\"breadcrumb\":{\"@id\":\"https:\\\/\\\/fuentesfidedignas.com.mx\\\/index.php\\\/2022\\\/09\\\/06\\\/huracan-kay-mantendra-lluvias-puntuales-torrenciales-proteccion-civil\\\/#breadcrumb\"},\"inLanguage\":\"es\",\"potentialAction\":[{\"@type\":\"ReadAction\",\"target\":[\"https:\\\/\\\/fuentesfidedignas.com.mx\\\/index.php\\\/2022\\\/09\\\/06\\\/huracan-kay-mantendra-lluvias-puntuales-torrenciales-proteccion-civil\\\/\"]}]},{\"@type\":\"ImageObject\",\"inLanguage\":\"es\",\"@id\":\"https:\\\/\\\/fuentesfidedignas.com.mx\\\/index.php\\\/2022\\\/09\\\/06\\\/huracan-kay-mantendra-lluvias-puntuales-torrenciales-proteccion-civil\\\/#primaryimage\",\"url\":\"https:\\\/\\\/fuentesfidedignas.com.mx\\\/wp-content\\\/uploads\\\/2022\\\/09\\\/IMG-20220906-WA0014.jpg\",\"contentUrl\":\"https:\\\/\\\/fuentesfidedignas.com.mx\\\/wp-content\\\/uploads\\\/2022\\\/09\\\/IMG-20220906-WA0014.jpg\",\"width\":1058,\"height\":567},{\"@type\":\"BreadcrumbList\",\"@id\":\"https:\\\/\\\/fuentesfidedignas.com.mx\\\/index.php\\\/2022\\\/09\\\/06\\\/huracan-kay-mantendra-lluvias-puntuales-torrenciales-proteccion-civil\\\/#breadcrumb\",\"itemListElement\":[{\"@type\":\"ListItem\",\"position\":1,\"name\":\"Inicio\",\"item\":\"https:\\\/\\\/fuentesfidedignas.com.mx\\\/\"},{\"@type\":\"ListItem\",\"position\":2,\"name\":\"Hurac\u00e1n &#8220;Kay&#8221; mantendr\u00e1 lluvias puntuales torrenciales: Protecci\u00f3n Civil\"}]},{\"@type\":\"WebSite\",\"@id\":\"https:\\\/\\\/fuentesfidedignas.com.mx\\\/#website\",\"url\":\"https:\\\/\\\/fuentesfidedignas.com.mx\\\/\",\"name\":\"Fuentes Fidedignas\",\"description\":\"Otro sitio realizado con WordPress\",\"publisher\":{\"@id\":\"https:\\\/\\\/fuentesfidedignas.com.mx\\\/#organization\"},\"potentialAction\":[{\"@type\":\"SearchAction\",\"target\":{\"@type\":\"EntryPoint\",\"urlTemplate\":\"https:\\\/\\\/fuentesfidedignas.com.mx\\\/?s={search_term_string}\"},\"query-input\":{\"@type\":\"PropertyValueSpecification\",\"valueRequired\":true,\"valueName\":\"search_term_string\"}}],\"inLanguage\":\"es\"},{\"@type\":\"Organization\",\"@id\":\"https:\\\/\\\/fuentesfidedignas.com.mx\\\/#organization\",\"name\":\"Fuentes Fidedignas\",\"url\":\"https:\\\/\\\/fuentesfidedignas.com.mx\\\/\",\"logo\":{\"@type\":\"ImageObject\",\"inLanguage\":\"es\",\"@id\":\"https:\\\/\\\/fuentesfidedignas.com.mx\\\/#\\\/schema\\\/logo\\\/image\\\/\",\"url\":\"https:\\\/\\\/fuentesfidedignas.com.mx\\\/wp-content\\\/uploads\\\/2021\\\/04\\\/logo-retina.png\",\"contentUrl\":\"https:\\\/\\\/fuentesfidedignas.com.mx\\\/wp-content\\\/uploads\\\/2021\\\/04\\\/logo-retina.png\",\"width\":280,\"height\":51,\"caption\":\"Fuentes Fidedignas\"},\"image\":{\"@id\":\"https:\\\/\\\/fuentesfidedignas.com.mx\\\/#\\\/schema\\\/logo\\\/image\\\/\"},\"sameAs\":[\"https:\\\/\\\/www.facebook.com\\\/Fuentes-Fidedignas-368234489921644\",\"https:\\\/\\\/x.com\\\/fidedignas\"]},{\"@type\":\"Person\",\"@id\":\"https:\\\/\\\/fuentesfidedignas.com.mx\\\/#\\\/schema\\\/person\\\/331be9283d37198e2acd5750279085b0\",\"name\":\"Redacci\u00f3n\",\"image\":{\"@type\":\"ImageObject\",\"inLanguage\":\"es\",\"@id\":\"https:\\\/\\\/secure.gravatar.com\\\/avatar\\\/f6d8782c11d12b2d4ad3fbb6931aeab5309937a4d6cd2fc9cfaa28a6396a5aec?s=96&d=mm&r=g\",\"url\":\"https:\\\/\\\/secure.gravatar.com\\\/avatar\\\/f6d8782c11d12b2d4ad3fbb6931aeab5309937a4d6cd2fc9cfaa28a6396a5aec?s=96&d=mm&r=g\",\"contentUrl\":\"https:\\\/\\\/secure.gravatar.com\\\/avatar\\\/f6d8782c11d12b2d4ad3fbb6931aeab5309937a4d6cd2fc9cfaa28a6396a5aec?s=96&d=mm&r=g\",\"caption\":\"Redacci\u00f3n\"},\"url\":\"https:\\\/\\\/fuentesfidedignas.com.mx\\\/index.php\\\/author\\\/redaccion\\\/\"}]}<\/script>\n<!-- \/ Yoast SEO plugin. -->","yoast_head_json":{"title":"Hurac\u00e1n \"Kay\" mantendr\u00e1 lluvias puntuales torrenciales: Protecci\u00f3n Civil - Fuentes Fidedignas","robots":{"index":"index","follow":"follow","max-snippet":"max-snippet:-1","max-image-preview":"max-image-preview:large","max-video-preview":"max-video-preview:-1"},"canonical":"https:\/\/fuentesfidedignas.com.mx\/index.php\/2022\/09\/06\/huracan-kay-mantendra-lluvias-puntuales-torrenciales-proteccion-civil\/","og_locale":"es_MX","og_type":"article","og_title":"Hurac\u00e1n \"Kay\" mantendr\u00e1 lluvias puntuales torrenciales: Protecci\u00f3n Civil - Fuentes Fidedignas","og_description":"El Instituto pide no bajar la guardia y reportar las emergencias al 911 Culiac\u00e1n, Sin.- Derivado de las precipitaciones originadas por la presencia del hurac\u00e1n categor\u00eda 1 &#8220;Kay&#8221;, cuyas precipitaciones se encuentran activas en la entidad desde la tarde de ayer, el Instituto Estatal de Protecci\u00f3n Civil de Sinaloa que dirige Aurelio Roy Navarrete Cuevas, [&hellip;]","og_url":"https:\/\/fuentesfidedignas.com.mx\/index.php\/2022\/09\/06\/huracan-kay-mantendra-lluvias-puntuales-torrenciales-proteccion-civil\/","og_site_name":"Fuentes Fidedignas","article_publisher":"https:\/\/www.facebook.com\/Fuentes-Fidedignas-368234489921644","article_published_time":"2022-09-06T14:07:37+00:00","article_modified_time":"2022-09-06T15:27:32+00:00","og_image":[{"width":1058,"height":567,"url":"https:\/\/fuentesfidedignas.com.mx\/wp-content\/uploads\/2022\/09\/IMG-20220906-WA0014.jpg","type":"image\/jpeg"}],"author":"Redacci\u00f3n","twitter_card":"summary_large_image","twitter_creator":"@fidedignas","twitter_site":"@fidedignas","twitter_misc":{"Escrito por":"Redacci\u00f3n","Tiempo de lectura":"3 minutos"},"schema":{"@context":"https:\/\/schema.org","@graph":[{"@type":"Article","@id":"https:\/\/fuentesfidedignas.com.mx\/index.php\/2022\/09\/06\/huracan-kay-mantendra-lluvias-puntuales-torrenciales-proteccion-civil\/#article","isPartOf":{"@id":"https:\/\/fuentesfidedignas.com.mx\/index.php\/2022\/09\/06\/huracan-kay-mantendra-lluvias-puntuales-torrenciales-proteccion-civil\/"},"author":{"name":"Redacci\u00f3n","@id":"https:\/\/fuentesfidedignas.com.mx\/#\/schema\/person\/331be9283d37198e2acd5750279085b0"},"headline":"Hurac\u00e1n &#8220;Kay&#8221; mantendr\u00e1 lluvias puntuales torrenciales: Protecci\u00f3n Civil","datePublished":"2022-09-06T14:07:37+00:00","dateModified":"2022-09-06T15:27:32+00:00","mainEntityOfPage":{"@id":"https:\/\/fuentesfidedignas.com.mx\/index.php\/2022\/09\/06\/huracan-kay-mantendra-lluvias-puntuales-torrenciales-proteccion-civil\/"},"wordCount":434,"commentCount":0,"publisher":{"@id":"https:\/\/fuentesfidedignas.com.mx\/#organization"},"image":{"@id":"https:\/\/fuentesfidedignas.com.mx\/index.php\/2022\/09\/06\/huracan-kay-mantendra-lluvias-puntuales-torrenciales-proteccion-civil\/#primaryimage"},"thumbnailUrl":"https:\/\/fuentesfidedignas.com.mx\/wp-content\/uploads\/2022\/09\/IMG-20220906-WA0014.jpg","articleSection":["NOTA PRINCIPAL"],"inLanguage":"es","potentialAction":[{"@type":"CommentAction","name":"Comment","target":["https:\/\/fuentesfidedignas.com.mx\/index.php\/2022\/09\/06\/huracan-kay-mantendra-lluvias-puntuales-torrenciales-proteccion-civil\/#respond"]}]},{"@type":"WebPage","@id":"https:\/\/fuentesfidedignas.com.mx\/index.php\/2022\/09\/06\/huracan-kay-mantendra-lluvias-puntuales-torrenciales-proteccion-civil\/","url":"https:\/\/fuentesfidedignas.com.mx\/index.php\/2022\/09\/06\/huracan-kay-mantendra-lluvias-puntuales-torrenciales-proteccion-civil\/","name":"Hurac\u00e1n \"Kay\" mantendr\u00e1 lluvias puntuales torrenciales: Protecci\u00f3n Civil - Fuentes Fidedignas","isPartOf":{"@id":"https:\/\/fuentesfidedignas.com.mx\/#website"},"primaryImageOfPage":{"@id":"https:\/\/fuentesfidedignas.com.mx\/index.php\/2022\/09\/06\/huracan-kay-mantendra-lluvias-puntuales-torrenciales-proteccion-civil\/#primaryimage"},"image":{"@id":"https:\/\/fuentesfidedignas.com.mx\/index.php\/2022\/09\/06\/huracan-kay-mantendra-lluvias-puntuales-torrenciales-proteccion-civil\/#primaryimage"},"thumbnailUrl":"https:\/\/fuentesfidedignas.com.mx\/wp-content\/uploads\/2022\/09\/IMG-20220906-WA0014.jpg","datePublished":"2022-09-06T14:07:37+00:00","dateModified":"2022-09-06T15:27:32+00:00","breadcrumb":{"@id":"https:\/\/fuentesfidedignas.com.mx\/index.php\/2022\/09\/06\/huracan-kay-mantendra-lluvias-puntuales-torrenciales-proteccion-civil\/#breadcrumb"},"inLanguage":"es","potentialAction":[{"@type":"ReadAction","target":["https:\/\/fuentesfidedignas.com.mx\/index.php\/2022\/09\/06\/huracan-kay-mantendra-lluvias-puntuales-torrenciales-proteccion-civil\/"]}]},{"@type":"ImageObject","inLanguage":"es","@id":"https:\/\/fuentesfidedignas.com.mx\/index.php\/2022\/09\/06\/huracan-kay-mantendra-lluvias-puntuales-torrenciales-proteccion-civil\/#primaryimage","url":"https:\/\/fuentesfidedignas.com.mx\/wp-content\/uploads\/2022\/09\/IMG-20220906-WA0014.jpg","contentUrl":"https:\/\/fuentesfidedignas.com.mx\/wp-content\/uploads\/2022\/09\/IMG-20220906-WA0014.jpg","width":1058,"height":567},{"@type":"BreadcrumbList","@id":"https:\/\/fuentesfidedignas.com.mx\/index.php\/2022\/09\/06\/huracan-kay-mantendra-lluvias-puntuales-torrenciales-proteccion-civil\/#breadcrumb","itemListElement":[{"@type":"ListItem","position":1,"name":"Inicio","item":"https:\/\/fuentesfidedignas.com.mx\/"},{"@type":"ListItem","position":2,"name":"Hurac\u00e1n &#8220;Kay&#8221; mantendr\u00e1 lluvias puntuales torrenciales: Protecci\u00f3n Civil"}]},{"@type":"WebSite","@id":"https:\/\/fuentesfidedignas.com.mx\/#website","url":"https:\/\/fuentesfidedignas.com.mx\/","name":"Fuentes Fidedignas","description":"Otro sitio realizado con WordPress","publisher":{"@id":"https:\/\/fuentesfidedignas.com.mx\/#organization"},"potentialAction":[{"@type":"SearchAction","target":{"@type":"EntryPoint","urlTemplate":"https:\/\/fuentesfidedignas.com.mx\/?s={search_term_string}"},"query-input":{"@type":"PropertyValueSpecification","valueRequired":true,"valueName":"search_term_string"}}],"inLanguage":"es"},{"@type":"Organization","@id":"https:\/\/fuentesfidedignas.com.mx\/#organization","name":"Fuentes Fidedignas","url":"https:\/\/fuentesfidedignas.com.mx\/","logo":{"@type":"ImageObject","inLanguage":"es","@id":"https:\/\/fuentesfidedignas.com.mx\/#\/schema\/logo\/image\/","url":"https:\/\/fuentesfidedignas.com.mx\/wp-content\/uploads\/2021\/04\/logo-retina.png","contentUrl":"https:\/\/fuentesfidedignas.com.mx\/wp-content\/uploads\/2021\/04\/logo-retina.png","width":280,"height":51,"caption":"Fuentes Fidedignas"},"image":{"@id":"https:\/\/fuentesfidedignas.com.mx\/#\/schema\/logo\/image\/"},"sameAs":["https:\/\/www.facebook.com\/Fuentes-Fidedignas-368234489921644","https:\/\/x.com\/fidedignas"]},{"@type":"Person","@id":"https:\/\/fuentesfidedignas.com.mx\/#\/schema\/person\/331be9283d37198e2acd5750279085b0","name":"Redacci\u00f3n","image":{"@type":"ImageObject","inLanguage":"es","@id":"https:\/\/secure.gravatar.com\/avatar\/f6d8782c11d12b2d4ad3fbb6931aeab5309937a4d6cd2fc9cfaa28a6396a5aec?s=96&d=mm&r=g","url":"https:\/\/secure.gravatar.com\/avatar\/f6d8782c11d12b2d4ad3fbb6931aeab5309937a4d6cd2fc9cfaa28a6396a5aec?s=96&d=mm&r=g","contentUrl":"https:\/\/secure.gravatar.com\/avatar\/f6d8782c11d12b2d4ad3fbb6931aeab5309937a4d6cd2fc9cfaa28a6396a5aec?s=96&d=mm&r=g","caption":"Redacci\u00f3n"},"url":"https:\/\/fuentesfidedignas.com.mx\/index.php\/author\/redaccion\/"}]}},"_links":{"self":[{"href":"https:\/\/fuentesfidedignas.com.mx\/index.php\/wp-json\/wp\/v2\/posts\/41806","targetHints":{"allow":["GET"]}}],"collection":[{"href":"https:\/\/fuentesfidedignas.com.mx\/index.php\/wp-json\/wp\/v2\/posts"}],"about":[{"href":"https:\/\/fuentesfidedignas.com.mx\/index.php\/wp-json\/wp\/v2\/types\/post"}],"author":[{"embeddable":true,"href":"https:\/\/fuentesfidedignas.com.mx\/index.php\/wp-json\/wp\/v2\/users\/4"}],"replies":[{"embeddable":true,"href":"https:\/\/fuentesfidedignas.com.mx\/index.php\/wp-json\/wp\/v2\/comments?post=41806"}],"version-history":[{"count":3,"href":"https:\/\/fuentesfidedignas.com.mx\/index.php\/wp-json\/wp\/v2\/posts\/41806\/revisions"}],"predecessor-version":[{"id":41824,"href":"https:\/\/fuentesfidedignas.com.mx\/index.php\/wp-json\/wp\/v2\/posts\/41806\/revisions\/41824"}],"wp:featuredmedia":[{"embeddable":true,"href":"https:\/\/fuentesfidedignas.com.mx\/index.php\/wp-json\/wp\/v2\/media\/41808"}],"wp:attachment":[{"href":"https:\/\/fuentesfidedignas.com.mx\/index.php\/wp-json\/wp\/v2\/media?parent=41806"}],"wp:term":[{"taxonomy":"category","embeddable":true,"href":"https:\/\/fuentesfidedignas.com.mx\/index.php\/wp-json\/wp\/v2\/categories?post=41806"},{"taxonomy":"post_tag","embeddable":true,"href":"https:\/\/fuentesfidedignas.com.mx\/index.php\/wp-json\/wp\/v2\/tags?post=41806"}],"curies":[{"name":"wp","href":"https:\/\/api.w.org\/{rel}","templated":true}]}}