{"id":41785,"date":"2022-09-05T18:22:56","date_gmt":"2022-09-06T00:22:56","guid":{"rendered":"https:\/\/fuentesfidedignas.com.mx\/?p=41785"},"modified":"2022-09-05T18:22:57","modified_gmt":"2022-09-06T00:22:57","slug":"diputados-votaran-el-martes-13-la-iniciativa-para-ampliar-la-presencia-del-ejercito-en-las-calles","status":"publish","type":"post","link":"https:\/\/fuentesfidedignas.com.mx\/index.php\/2022\/09\/05\/diputados-votaran-el-martes-13-la-iniciativa-para-ampliar-la-presencia-del-ejercito-en-las-calles\/","title":{"rendered":"Diputados votar\u00e1n el martes 13 la iniciativa para ampliar la presencia del Ej\u00e9rcito en las calles"},"content":{"rendered":"\n<p><strong><em>Diputados discutir\u00e1n y votar\u00e1n este martes 13 de septiembre la iniciativa de la priista Yolanda de la Torre para extender permanencia del Ej\u00e9rcito en seguridad p\u00fablica.<\/em><\/strong><\/p>\n\n\n\n<p>Ciudad de M\u00e9xico.- La Junta de la Comisi\u00f3n de Puntos Constitucionales de la C\u00e1mara de Diputados aprob\u00f3 citar a sesi\u00f3n ordinaria para el pr\u00f3ximo martes 13 de septiembre para votar la iniciativa priista Yolanda de la Torre, la cual busca ampliar hasta 2028 la presencia del Ej\u00e9rcito en las calles.<\/p>\n\n\n\n<p>La propuesta es para modificar el art\u00edculo quinto Transitorio de la Constituci\u00f3n y plantea aumentar de cinco a nueve a\u00f1os el periodo que el presidente podr\u00e1 disponer de la Fuerzas Armadas en tareas de seguridad p\u00fablica de manera extraordinaria, regulada, fiscalizada, subordinada y complementaria.<\/p>\n\n\n\n<p>\u201cYo le aplaudo el gesto a la diputada De la Torre, porque tuvo el tino de plantarla en medio de la difusi\u00f3n ( de mandar a la Guardia Nacional a la Secretar\u00eda de la Defensa Nacional)\u201d, dijo el diputado por Morena, Juan Ramiro Robledo, presidente de la Comisi\u00f3n de Puntos Constitucionales.<\/p>\n\n\n\n<p>La propuesta ser\u00e1 votada este martes a las 18:00 horas y se prev\u00e9 que pase para que sea discutido en el pleno de la C\u00e1mara de Diputados el jueves 15 de septiembre.<\/p>\n\n\n\n<p>La aprobaci\u00f3n se dio con la abstenci\u00f3n del PAN, el aval del PRI, Morena, PT y PVEM, y se da luego del acercamiento que tuvo el l\u00edder del PRI, Alejandro Moreno, con diputados de Morena y con el secretario de Gobernaci\u00f3n, Ad\u00e1n Augusto L\u00f3pez.<\/p>\n\n\n\n<p>En tanto, el l\u00edder de Morena en San L\u00e1zaro, Ignacio Mier, dijo que la priista propuso de forma \u201cvaliente, lo que no se atreven a decir p\u00fablicamente todos los dem\u00e1s, lo que piden los gobernadores que no se vaya la Guardia Nacional: panistas y priista de los que quedan sostienen que no se vayan\u201d.<\/p>\n","protected":false},"excerpt":{"rendered":"<p>Diputados discutir\u00e1n y votar\u00e1n este martes 13 de septiembre la iniciativa de la priista Yolanda de la Torre para extender permanencia del Ej\u00e9rcito en seguridad p\u00fablica. Ciudad de M\u00e9xico.- La Junta de la Comisi\u00f3n de Puntos Constitucionales de la C\u00e1mara de Diputados aprob\u00f3 citar a sesi\u00f3n ordinaria para el pr\u00f3ximo martes 13 de septiembre para [&hellip;]<\/p>\n","protected":false},"author":5,"featured_media":32268,"comment_status":"open","ping_status":"open","sticky":false,"template":"","format":"standard","meta":{"tdm_status":"","tdm_grid_status":"","footnotes":""},"categories":[39],"tags":[],"class_list":{"0":"post-41785","1":"post","2":"type-post","3":"status-publish","4":"format-standard","5":"has-post-thumbnail","7":"category-noticias-nacionales"},"yoast_head":"<!-- This site is optimized with the Yoast SEO plugin v27.4 - https:\/\/yoast.com\/product\/yoast-seo-wordpress\/ -->\n<title>Diputados votar\u00e1n el martes 13 la iniciativa para ampliar la presencia del Ej\u00e9rcito en las calles - Fuentes Fidedignas<\/title>\n<meta name=\"robots\" content=\"index, follow, max-snippet:-1, max-image-preview:large, max-video-preview:-1\" \/>\n<link rel=\"canonical\" href=\"https:\/\/fuentesfidedignas.com.mx\/index.php\/2022\/09\/05\/diputados-votaran-el-martes-13-la-iniciativa-para-ampliar-la-presencia-del-ejercito-en-las-calles\/\" \/>\n<meta property=\"og:locale\" content=\"es_MX\" \/>\n<meta property=\"og:type\" content=\"article\" \/>\n<meta property=\"og:title\" content=\"Diputados votar\u00e1n el martes 13 la iniciativa para ampliar la presencia del Ej\u00e9rcito en las calles - Fuentes Fidedignas\" \/>\n<meta property=\"og:description\" content=\"Diputados discutir\u00e1n y votar\u00e1n este martes 13 de septiembre la iniciativa de la priista Yolanda de la Torre para extender permanencia del Ej\u00e9rcito en seguridad p\u00fablica. Ciudad de M\u00e9xico.- La Junta de la Comisi\u00f3n de Puntos Constitucionales de la C\u00e1mara de Diputados aprob\u00f3 citar a sesi\u00f3n ordinaria para el pr\u00f3ximo martes 13 de septiembre para [&hellip;]\" \/>\n<meta property=\"og:url\" content=\"https:\/\/fuentesfidedignas.com.mx\/index.php\/2022\/09\/05\/diputados-votaran-el-martes-13-la-iniciativa-para-ampliar-la-presencia-del-ejercito-en-las-calles\/\" \/>\n<meta property=\"og:site_name\" content=\"Fuentes Fidedignas\" \/>\n<meta property=\"article:publisher\" content=\"https:\/\/www.facebook.com\/Fuentes-Fidedignas-368234489921644\" \/>\n<meta property=\"article:published_time\" content=\"2022-09-06T00:22:56+00:00\" \/>\n<meta property=\"article:modified_time\" content=\"2022-09-06T00:22:57+00:00\" \/>\n<meta property=\"og:image\" content=\"https:\/\/fuentesfidedignas.com.mx\/wp-content\/uploads\/2022\/05\/militares-operativo-pgr-3-scaled.jpg\" \/>\n\t<meta property=\"og:image:width\" content=\"2560\" \/>\n\t<meta property=\"og:image:height\" content=\"1707\" \/>\n\t<meta property=\"og:image:type\" content=\"image\/jpeg\" \/>\n<meta name=\"author\" content=\"Forbes\" \/>\n<meta name=\"twitter:card\" content=\"summary_large_image\" \/>\n<meta name=\"twitter:creator\" content=\"@fidedignas\" \/>\n<meta name=\"twitter:site\" content=\"@fidedignas\" \/>\n<meta name=\"twitter:label1\" content=\"Escrito por\" \/>\n\t<meta name=\"twitter:data1\" content=\"Forbes\" \/>\n\t<meta name=\"twitter:label2\" content=\"Tiempo de lectura\" \/>\n\t<meta name=\"twitter:data2\" content=\"2 minutos\" \/>\n<script type=\"application\/ld+json\" class=\"yoast-schema-graph\">{\"@context\":\"https:\\\/\\\/schema.org\",\"@graph\":[{\"@type\":\"Article\",\"@id\":\"https:\\\/\\\/fuentesfidedignas.com.mx\\\/index.php\\\/2022\\\/09\\\/05\\\/diputados-votaran-el-martes-13-la-iniciativa-para-ampliar-la-presencia-del-ejercito-en-las-calles\\\/#article\",\"isPartOf\":{\"@id\":\"https:\\\/\\\/fuentesfidedignas.com.mx\\\/index.php\\\/2022\\\/09\\\/05\\\/diputados-votaran-el-martes-13-la-iniciativa-para-ampliar-la-presencia-del-ejercito-en-las-calles\\\/\"},\"author\":{\"name\":\"Forbes\",\"@id\":\"https:\\\/\\\/fuentesfidedignas.com.mx\\\/#\\\/schema\\\/person\\\/5623d53fe2e579d825b1679734abcc44\"},\"headline\":\"Diputados votar\u00e1n el martes 13 la iniciativa para ampliar la presencia del Ej\u00e9rcito en las calles\",\"datePublished\":\"2022-09-06T00:22:56+00:00\",\"dateModified\":\"2022-09-06T00:22:57+00:00\",\"mainEntityOfPage\":{\"@id\":\"https:\\\/\\\/fuentesfidedignas.com.mx\\\/index.php\\\/2022\\\/09\\\/05\\\/diputados-votaran-el-martes-13-la-iniciativa-para-ampliar-la-presencia-del-ejercito-en-las-calles\\\/\"},\"wordCount\":341,\"commentCount\":0,\"publisher\":{\"@id\":\"https:\\\/\\\/fuentesfidedignas.com.mx\\\/#organization\"},\"image\":{\"@id\":\"https:\\\/\\\/fuentesfidedignas.com.mx\\\/index.php\\\/2022\\\/09\\\/05\\\/diputados-votaran-el-martes-13-la-iniciativa-para-ampliar-la-presencia-del-ejercito-en-las-calles\\\/#primaryimage\"},\"thumbnailUrl\":\"https:\\\/\\\/fuentesfidedignas.com.mx\\\/wp-content\\\/uploads\\\/2022\\\/05\\\/militares-operativo-pgr-3-scaled.jpg\",\"articleSection\":[\"NOTICIAS NACIONALES\"],\"inLanguage\":\"es\",\"potentialAction\":[{\"@type\":\"CommentAction\",\"name\":\"Comment\",\"target\":[\"https:\\\/\\\/fuentesfidedignas.com.mx\\\/index.php\\\/2022\\\/09\\\/05\\\/diputados-votaran-el-martes-13-la-iniciativa-para-ampliar-la-presencia-del-ejercito-en-las-calles\\\/#respond\"]}]},{\"@type\":\"WebPage\",\"@id\":\"https:\\\/\\\/fuentesfidedignas.com.mx\\\/index.php\\\/2022\\\/09\\\/05\\\/diputados-votaran-el-martes-13-la-iniciativa-para-ampliar-la-presencia-del-ejercito-en-las-calles\\\/\",\"url\":\"https:\\\/\\\/fuentesfidedignas.com.mx\\\/index.php\\\/2022\\\/09\\\/05\\\/diputados-votaran-el-martes-13-la-iniciativa-para-ampliar-la-presencia-del-ejercito-en-las-calles\\\/\",\"name\":\"Diputados votar\u00e1n el martes 13 la iniciativa para ampliar la presencia del Ej\u00e9rcito en las calles - Fuentes Fidedignas\",\"isPartOf\":{\"@id\":\"https:\\\/\\\/fuentesfidedignas.com.mx\\\/#website\"},\"primaryImageOfPage\":{\"@id\":\"https:\\\/\\\/fuentesfidedignas.com.mx\\\/index.php\\\/2022\\\/09\\\/05\\\/diputados-votaran-el-martes-13-la-iniciativa-para-ampliar-la-presencia-del-ejercito-en-las-calles\\\/#primaryimage\"},\"image\":{\"@id\":\"https:\\\/\\\/fuentesfidedignas.com.mx\\\/index.php\\\/2022\\\/09\\\/05\\\/diputados-votaran-el-martes-13-la-iniciativa-para-ampliar-la-presencia-del-ejercito-en-las-calles\\\/#primaryimage\"},\"thumbnailUrl\":\"https:\\\/\\\/fuentesfidedignas.com.mx\\\/wp-content\\\/uploads\\\/2022\\\/05\\\/militares-operativo-pgr-3-scaled.jpg\",\"datePublished\":\"2022-09-06T00:22:56+00:00\",\"dateModified\":\"2022-09-06T00:22:57+00:00\",\"breadcrumb\":{\"@id\":\"https:\\\/\\\/fuentesfidedignas.com.mx\\\/index.php\\\/2022\\\/09\\\/05\\\/diputados-votaran-el-martes-13-la-iniciativa-para-ampliar-la-presencia-del-ejercito-en-las-calles\\\/#breadcrumb\"},\"inLanguage\":\"es\",\"potentialAction\":[{\"@type\":\"ReadAction\",\"target\":[\"https:\\\/\\\/fuentesfidedignas.com.mx\\\/index.php\\\/2022\\\/09\\\/05\\\/diputados-votaran-el-martes-13-la-iniciativa-para-ampliar-la-presencia-del-ejercito-en-las-calles\\\/\"]}]},{\"@type\":\"ImageObject\",\"inLanguage\":\"es\",\"@id\":\"https:\\\/\\\/fuentesfidedignas.com.mx\\\/index.php\\\/2022\\\/09\\\/05\\\/diputados-votaran-el-martes-13-la-iniciativa-para-ampliar-la-presencia-del-ejercito-en-las-calles\\\/#primaryimage\",\"url\":\"https:\\\/\\\/fuentesfidedignas.com.mx\\\/wp-content\\\/uploads\\\/2022\\\/05\\\/militares-operativo-pgr-3-scaled.jpg\",\"contentUrl\":\"https:\\\/\\\/fuentesfidedignas.com.mx\\\/wp-content\\\/uploads\\\/2022\\\/05\\\/militares-operativo-pgr-3-scaled.jpg\",\"width\":2560,\"height\":1707},{\"@type\":\"BreadcrumbList\",\"@id\":\"https:\\\/\\\/fuentesfidedignas.com.mx\\\/index.php\\\/2022\\\/09\\\/05\\\/diputados-votaran-el-martes-13-la-iniciativa-para-ampliar-la-presencia-del-ejercito-en-las-calles\\\/#breadcrumb\",\"itemListElement\":[{\"@type\":\"ListItem\",\"position\":1,\"name\":\"Inicio\",\"item\":\"https:\\\/\\\/fuentesfidedignas.com.mx\\\/\"},{\"@type\":\"ListItem\",\"position\":2,\"name\":\"Diputados votar\u00e1n el martes 13 la iniciativa para ampliar la presencia del Ej\u00e9rcito en las calles\"}]},{\"@type\":\"WebSite\",\"@id\":\"https:\\\/\\\/fuentesfidedignas.com.mx\\\/#website\",\"url\":\"https:\\\/\\\/fuentesfidedignas.com.mx\\\/\",\"name\":\"Fuentes Fidedignas\",\"description\":\"Otro sitio realizado con WordPress\",\"publisher\":{\"@id\":\"https:\\\/\\\/fuentesfidedignas.com.mx\\\/#organization\"},\"potentialAction\":[{\"@type\":\"SearchAction\",\"target\":{\"@type\":\"EntryPoint\",\"urlTemplate\":\"https:\\\/\\\/fuentesfidedignas.com.mx\\\/?s={search_term_string}\"},\"query-input\":{\"@type\":\"PropertyValueSpecification\",\"valueRequired\":true,\"valueName\":\"search_term_string\"}}],\"inLanguage\":\"es\"},{\"@type\":\"Organization\",\"@id\":\"https:\\\/\\\/fuentesfidedignas.com.mx\\\/#organization\",\"name\":\"Fuentes Fidedignas\",\"url\":\"https:\\\/\\\/fuentesfidedignas.com.mx\\\/\",\"logo\":{\"@type\":\"ImageObject\",\"inLanguage\":\"es\",\"@id\":\"https:\\\/\\\/fuentesfidedignas.com.mx\\\/#\\\/schema\\\/logo\\\/image\\\/\",\"url\":\"https:\\\/\\\/fuentesfidedignas.com.mx\\\/wp-content\\\/uploads\\\/2021\\\/04\\\/logo-retina.png\",\"contentUrl\":\"https:\\\/\\\/fuentesfidedignas.com.mx\\\/wp-content\\\/uploads\\\/2021\\\/04\\\/logo-retina.png\",\"width\":280,\"height\":51,\"caption\":\"Fuentes Fidedignas\"},\"image\":{\"@id\":\"https:\\\/\\\/fuentesfidedignas.com.mx\\\/#\\\/schema\\\/logo\\\/image\\\/\"},\"sameAs\":[\"https:\\\/\\\/www.facebook.com\\\/Fuentes-Fidedignas-368234489921644\",\"https:\\\/\\\/x.com\\\/fidedignas\"]},{\"@type\":\"Person\",\"@id\":\"https:\\\/\\\/fuentesfidedignas.com.mx\\\/#\\\/schema\\\/person\\\/5623d53fe2e579d825b1679734abcc44\",\"name\":\"Forbes\",\"image\":{\"@type\":\"ImageObject\",\"inLanguage\":\"es\",\"@id\":\"https:\\\/\\\/secure.gravatar.com\\\/avatar\\\/87ce3dd4e41e60c22a79c758614f01a6bc2469255fc936ec7b15efb9bb5cb66f?s=96&d=mm&r=g\",\"url\":\"https:\\\/\\\/secure.gravatar.com\\\/avatar\\\/87ce3dd4e41e60c22a79c758614f01a6bc2469255fc936ec7b15efb9bb5cb66f?s=96&d=mm&r=g\",\"contentUrl\":\"https:\\\/\\\/secure.gravatar.com\\\/avatar\\\/87ce3dd4e41e60c22a79c758614f01a6bc2469255fc936ec7b15efb9bb5cb66f?s=96&d=mm&r=g\",\"caption\":\"Forbes\"},\"url\":\"https:\\\/\\\/fuentesfidedignas.com.mx\\\/index.php\\\/author\\\/forbes\\\/\"}]}<\/script>\n<!-- \/ Yoast SEO plugin. -->","yoast_head_json":{"title":"Diputados votar\u00e1n el martes 13 la iniciativa para ampliar la presencia del Ej\u00e9rcito en las calles - Fuentes Fidedignas","robots":{"index":"index","follow":"follow","max-snippet":"max-snippet:-1","max-image-preview":"max-image-preview:large","max-video-preview":"max-video-preview:-1"},"canonical":"https:\/\/fuentesfidedignas.com.mx\/index.php\/2022\/09\/05\/diputados-votaran-el-martes-13-la-iniciativa-para-ampliar-la-presencia-del-ejercito-en-las-calles\/","og_locale":"es_MX","og_type":"article","og_title":"Diputados votar\u00e1n el martes 13 la iniciativa para ampliar la presencia del Ej\u00e9rcito en las calles - Fuentes Fidedignas","og_description":"Diputados discutir\u00e1n y votar\u00e1n este martes 13 de septiembre la iniciativa de la priista Yolanda de la Torre para extender permanencia del Ej\u00e9rcito en seguridad p\u00fablica. Ciudad de M\u00e9xico.- La Junta de la Comisi\u00f3n de Puntos Constitucionales de la C\u00e1mara de Diputados aprob\u00f3 citar a sesi\u00f3n ordinaria para el pr\u00f3ximo martes 13 de septiembre para [&hellip;]","og_url":"https:\/\/fuentesfidedignas.com.mx\/index.php\/2022\/09\/05\/diputados-votaran-el-martes-13-la-iniciativa-para-ampliar-la-presencia-del-ejercito-en-las-calles\/","og_site_name":"Fuentes Fidedignas","article_publisher":"https:\/\/www.facebook.com\/Fuentes-Fidedignas-368234489921644","article_published_time":"2022-09-06T00:22:56+00:00","article_modified_time":"2022-09-06T00:22:57+00:00","og_image":[{"width":2560,"height":1707,"url":"https:\/\/fuentesfidedignas.com.mx\/wp-content\/uploads\/2022\/05\/militares-operativo-pgr-3-scaled.jpg","type":"image\/jpeg"}],"author":"Forbes","twitter_card":"summary_large_image","twitter_creator":"@fidedignas","twitter_site":"@fidedignas","twitter_misc":{"Escrito por":"Forbes","Tiempo de lectura":"2 minutos"},"schema":{"@context":"https:\/\/schema.org","@graph":[{"@type":"Article","@id":"https:\/\/fuentesfidedignas.com.mx\/index.php\/2022\/09\/05\/diputados-votaran-el-martes-13-la-iniciativa-para-ampliar-la-presencia-del-ejercito-en-las-calles\/#article","isPartOf":{"@id":"https:\/\/fuentesfidedignas.com.mx\/index.php\/2022\/09\/05\/diputados-votaran-el-martes-13-la-iniciativa-para-ampliar-la-presencia-del-ejercito-en-las-calles\/"},"author":{"name":"Forbes","@id":"https:\/\/fuentesfidedignas.com.mx\/#\/schema\/person\/5623d53fe2e579d825b1679734abcc44"},"headline":"Diputados votar\u00e1n el martes 13 la iniciativa para ampliar la presencia del Ej\u00e9rcito en las calles","datePublished":"2022-09-06T00:22:56+00:00","dateModified":"2022-09-06T00:22:57+00:00","mainEntityOfPage":{"@id":"https:\/\/fuentesfidedignas.com.mx\/index.php\/2022\/09\/05\/diputados-votaran-el-martes-13-la-iniciativa-para-ampliar-la-presencia-del-ejercito-en-las-calles\/"},"wordCount":341,"commentCount":0,"publisher":{"@id":"https:\/\/fuentesfidedignas.com.mx\/#organization"},"image":{"@id":"https:\/\/fuentesfidedignas.com.mx\/index.php\/2022\/09\/05\/diputados-votaran-el-martes-13-la-iniciativa-para-ampliar-la-presencia-del-ejercito-en-las-calles\/#primaryimage"},"thumbnailUrl":"https:\/\/fuentesfidedignas.com.mx\/wp-content\/uploads\/2022\/05\/militares-operativo-pgr-3-scaled.jpg","articleSection":["NOTICIAS NACIONALES"],"inLanguage":"es","potentialAction":[{"@type":"CommentAction","name":"Comment","target":["https:\/\/fuentesfidedignas.com.mx\/index.php\/2022\/09\/05\/diputados-votaran-el-martes-13-la-iniciativa-para-ampliar-la-presencia-del-ejercito-en-las-calles\/#respond"]}]},{"@type":"WebPage","@id":"https:\/\/fuentesfidedignas.com.mx\/index.php\/2022\/09\/05\/diputados-votaran-el-martes-13-la-iniciativa-para-ampliar-la-presencia-del-ejercito-en-las-calles\/","url":"https:\/\/fuentesfidedignas.com.mx\/index.php\/2022\/09\/05\/diputados-votaran-el-martes-13-la-iniciativa-para-ampliar-la-presencia-del-ejercito-en-las-calles\/","name":"Diputados votar\u00e1n el martes 13 la iniciativa para ampliar la presencia del Ej\u00e9rcito en las calles - Fuentes Fidedignas","isPartOf":{"@id":"https:\/\/fuentesfidedignas.com.mx\/#website"},"primaryImageOfPage":{"@id":"https:\/\/fuentesfidedignas.com.mx\/index.php\/2022\/09\/05\/diputados-votaran-el-martes-13-la-iniciativa-para-ampliar-la-presencia-del-ejercito-en-las-calles\/#primaryimage"},"image":{"@id":"https:\/\/fuentesfidedignas.com.mx\/index.php\/2022\/09\/05\/diputados-votaran-el-martes-13-la-iniciativa-para-ampliar-la-presencia-del-ejercito-en-las-calles\/#primaryimage"},"thumbnailUrl":"https:\/\/fuentesfidedignas.com.mx\/wp-content\/uploads\/2022\/05\/militares-operativo-pgr-3-scaled.jpg","datePublished":"2022-09-06T00:22:56+00:00","dateModified":"2022-09-06T00:22:57+00:00","breadcrumb":{"@id":"https:\/\/fuentesfidedignas.com.mx\/index.php\/2022\/09\/05\/diputados-votaran-el-martes-13-la-iniciativa-para-ampliar-la-presencia-del-ejercito-en-las-calles\/#breadcrumb"},"inLanguage":"es","potentialAction":[{"@type":"ReadAction","target":["https:\/\/fuentesfidedignas.com.mx\/index.php\/2022\/09\/05\/diputados-votaran-el-martes-13-la-iniciativa-para-ampliar-la-presencia-del-ejercito-en-las-calles\/"]}]},{"@type":"ImageObject","inLanguage":"es","@id":"https:\/\/fuentesfidedignas.com.mx\/index.php\/2022\/09\/05\/diputados-votaran-el-martes-13-la-iniciativa-para-ampliar-la-presencia-del-ejercito-en-las-calles\/#primaryimage","url":"https:\/\/fuentesfidedignas.com.mx\/wp-content\/uploads\/2022\/05\/militares-operativo-pgr-3-scaled.jpg","contentUrl":"https:\/\/fuentesfidedignas.com.mx\/wp-content\/uploads\/2022\/05\/militares-operativo-pgr-3-scaled.jpg","width":2560,"height":1707},{"@type":"BreadcrumbList","@id":"https:\/\/fuentesfidedignas.com.mx\/index.php\/2022\/09\/05\/diputados-votaran-el-martes-13-la-iniciativa-para-ampliar-la-presencia-del-ejercito-en-las-calles\/#breadcrumb","itemListElement":[{"@type":"ListItem","position":1,"name":"Inicio","item":"https:\/\/fuentesfidedignas.com.mx\/"},{"@type":"ListItem","position":2,"name":"Diputados votar\u00e1n el martes 13 la iniciativa para ampliar la presencia del Ej\u00e9rcito en las calles"}]},{"@type":"WebSite","@id":"https:\/\/fuentesfidedignas.com.mx\/#website","url":"https:\/\/fuentesfidedignas.com.mx\/","name":"Fuentes Fidedignas","description":"Otro sitio realizado con WordPress","publisher":{"@id":"https:\/\/fuentesfidedignas.com.mx\/#organization"},"potentialAction":[{"@type":"SearchAction","target":{"@type":"EntryPoint","urlTemplate":"https:\/\/fuentesfidedignas.com.mx\/?s={search_term_string}"},"query-input":{"@type":"PropertyValueSpecification","valueRequired":true,"valueName":"search_term_string"}}],"inLanguage":"es"},{"@type":"Organization","@id":"https:\/\/fuentesfidedignas.com.mx\/#organization","name":"Fuentes Fidedignas","url":"https:\/\/fuentesfidedignas.com.mx\/","logo":{"@type":"ImageObject","inLanguage":"es","@id":"https:\/\/fuentesfidedignas.com.mx\/#\/schema\/logo\/image\/","url":"https:\/\/fuentesfidedignas.com.mx\/wp-content\/uploads\/2021\/04\/logo-retina.png","contentUrl":"https:\/\/fuentesfidedignas.com.mx\/wp-content\/uploads\/2021\/04\/logo-retina.png","width":280,"height":51,"caption":"Fuentes Fidedignas"},"image":{"@id":"https:\/\/fuentesfidedignas.com.mx\/#\/schema\/logo\/image\/"},"sameAs":["https:\/\/www.facebook.com\/Fuentes-Fidedignas-368234489921644","https:\/\/x.com\/fidedignas"]},{"@type":"Person","@id":"https:\/\/fuentesfidedignas.com.mx\/#\/schema\/person\/5623d53fe2e579d825b1679734abcc44","name":"Forbes","image":{"@type":"ImageObject","inLanguage":"es","@id":"https:\/\/secure.gravatar.com\/avatar\/87ce3dd4e41e60c22a79c758614f01a6bc2469255fc936ec7b15efb9bb5cb66f?s=96&d=mm&r=g","url":"https:\/\/secure.gravatar.com\/avatar\/87ce3dd4e41e60c22a79c758614f01a6bc2469255fc936ec7b15efb9bb5cb66f?s=96&d=mm&r=g","contentUrl":"https:\/\/secure.gravatar.com\/avatar\/87ce3dd4e41e60c22a79c758614f01a6bc2469255fc936ec7b15efb9bb5cb66f?s=96&d=mm&r=g","caption":"Forbes"},"url":"https:\/\/fuentesfidedignas.com.mx\/index.php\/author\/forbes\/"}]}},"_links":{"self":[{"href":"https:\/\/fuentesfidedignas.com.mx\/index.php\/wp-json\/wp\/v2\/posts\/41785","targetHints":{"allow":["GET"]}}],"collection":[{"href":"https:\/\/fuentesfidedignas.com.mx\/index.php\/wp-json\/wp\/v2\/posts"}],"about":[{"href":"https:\/\/fuentesfidedignas.com.mx\/index.php\/wp-json\/wp\/v2\/types\/post"}],"author":[{"embeddable":true,"href":"https:\/\/fuentesfidedignas.com.mx\/index.php\/wp-json\/wp\/v2\/users\/5"}],"replies":[{"embeddable":true,"href":"https:\/\/fuentesfidedignas.com.mx\/index.php\/wp-json\/wp\/v2\/comments?post=41785"}],"version-history":[{"count":1,"href":"https:\/\/fuentesfidedignas.com.mx\/index.php\/wp-json\/wp\/v2\/posts\/41785\/revisions"}],"predecessor-version":[{"id":41786,"href":"https:\/\/fuentesfidedignas.com.mx\/index.php\/wp-json\/wp\/v2\/posts\/41785\/revisions\/41786"}],"wp:featuredmedia":[{"embeddable":true,"href":"https:\/\/fuentesfidedignas.com.mx\/index.php\/wp-json\/wp\/v2\/media\/32268"}],"wp:attachment":[{"href":"https:\/\/fuentesfidedignas.com.mx\/index.php\/wp-json\/wp\/v2\/media?parent=41785"}],"wp:term":[{"taxonomy":"category","embeddable":true,"href":"https:\/\/fuentesfidedignas.com.mx\/index.php\/wp-json\/wp\/v2\/categories?post=41785"},{"taxonomy":"post_tag","embeddable":true,"href":"https:\/\/fuentesfidedignas.com.mx\/index.php\/wp-json\/wp\/v2\/tags?post=41785"}],"curies":[{"name":"wp","href":"https:\/\/api.w.org\/{rel}","templated":true}]}}