{"id":41769,"date":"2022-09-05T16:04:00","date_gmt":"2022-09-05T22:04:00","guid":{"rendered":"https:\/\/fuentesfidedignas.com.mx\/?p=41769"},"modified":"2022-09-05T16:04:03","modified_gmt":"2022-09-05T22:04:03","slug":"kay-se-convierte-en-huracan-categoria-1-provocara-lluvias-torrenciales-en-sinaloa","status":"publish","type":"post","link":"https:\/\/fuentesfidedignas.com.mx\/index.php\/2022\/09\/05\/kay-se-convierte-en-huracan-categoria-1-provocara-lluvias-torrenciales-en-sinaloa\/","title":{"rendered":"\u2018Kay\u2019 se convierte en hurac\u00e1n categor\u00eda 1; provocar\u00e1 lluvias torrenciales en Sinaloa"},"content":{"rendered":"\n<p><strong><em>El Servicio Meteorol\u00f3gico Nacional advirti\u00f3 de la cercan\u00eda del fen\u00f3meno de las costas de Colima y de las precipitaciones de hasta 250 mil\u00edmetros.<\/em><\/strong><\/p>\n\n\n\n<p>Ciudad de M\u00e9xico.- La tormenta tropical Kay se fortaleci\u00f3 y convirti\u00f3 ya en hurac\u00e1n categor\u00eda 1, inform\u00f3 este lunes el Servicio Meteorol\u00f3gico Nacional (SMN).<\/p>\n\n\n\n<p>El fen\u00f3meno se localiza, por ahora, a 495 kil\u00f3metros al suroeste de Manzanillo, Colima, y a 855 kil\u00f3metros al sur-sureste de Cabo San Lucas, en Baja California Sur.<\/p>\n\n\n\n<p>El SMN inform\u00f3 que las bandas nubosas de Kay provocar\u00e1n lluvias torrenciales (de 150 a 250 mil\u00edmetros) en Sinaloa, Nayarit, Colima y Michoac\u00e1n, y puntuales intensas en Jalisco.<\/p>\n\n\n\n<figure class=\"wp-block-embed is-type-rich is-provider-twitter wp-block-embed-twitter\"><div class=\"wp-block-embed__wrapper\">\n<blockquote class=\"twitter-tweet\" data-width=\"550\" data-dnt=\"true\"><p lang=\"es\" dir=\"ltr\">Esta tarde <a href=\"https:\/\/twitter.com\/hashtag\/Kay?src=hash&amp;ref_src=twsrc%5Etfw\">#Kay<\/a> se intensific\u00f3 a <a href=\"https:\/\/twitter.com\/hashtag\/Hurac%C3%A1n?src=hash&amp;ref_src=twsrc%5Etfw\">#Hurac\u00e1n<\/a> de categor\u00eda 1 en la escala <a href=\"https:\/\/twitter.com\/hashtag\/SaffirSimpson?src=hash&amp;ref_src=twsrc%5Etfw\">#SaffirSimpson<\/a>, frente a las costas de <a href=\"https:\/\/twitter.com\/hashtag\/Colima?src=hash&amp;ref_src=twsrc%5Etfw\">#Colima<\/a>. En un momento m\u00e1s informaci\u00f3n&#8230; \u2b07\ufe0f <a href=\"https:\/\/t.co\/OZkKIJ8ewk\">pic.twitter.com\/OZkKIJ8ewk<\/a><\/p>&mdash; CONAGUA Clima (@conagua_clima) <a href=\"https:\/\/twitter.com\/conagua_clima\/status\/1566903282609426432?ref_src=twsrc%5Etfw\">September 5, 2022<\/a><\/blockquote><script async src=\"https:\/\/platform.twitter.com\/widgets.js\" charset=\"utf-8\"><\/script>\n<\/div><\/figure>\n\n\n\n<p>El servicio a\u00f1adi\u00f3 que Kay, que se desplaza hacia el oeste-noroeste a 17 kil\u00f3metros por hora, tambi\u00e9n generar\u00e1 precipitaciones puntuales muy fuertes en Guerrero.<\/p>\n\n\n\n<p>La dependencia advirti\u00f3 que el ahora hurac\u00e1n tiene rachas de viento de entre 90 a 110 kil\u00f3metros por hora, y provocar\u00e1 oleaje de hasta 5 metros de altura en costas de Jalisco, Colima y Michoac\u00e1n.<\/p>\n\n\n\n<p>Adem\u00e1s, habr\u00e1 rachas de viento de hasta 80 kil\u00f3metros por hora en costas de Sinaloa, Nayarit y Guerrero, y oleaje de hasta 3 metros de altura en Guerrero, Nayarit y Baja California Sur.<\/p>\n\n\n\n<figure class=\"wp-block-embed is-type-rich is-provider-twitter wp-block-embed-twitter\"><div class=\"wp-block-embed__wrapper\">\n<blockquote class=\"twitter-tweet\" data-width=\"550\" data-dnt=\"true\"><p lang=\"es\" dir=\"ltr\">La <a href=\"https:\/\/twitter.com\/hashtag\/TormentaTropical?src=hash&amp;ref_src=twsrc%5Etfw\">#TormentaTropical<\/a> <a href=\"https:\/\/twitter.com\/hashtag\/Kay?src=hash&amp;ref_src=twsrc%5Etfw\">#Kay<\/a> evolucion\u00f3 durante la tarde de hoy, a <a href=\"https:\/\/twitter.com\/hashtag\/Hurac%C3%A1n?src=hash&amp;ref_src=twsrc%5Etfw\">#Hurac\u00e1n<\/a> de categor\u00eda 1 en la escala <a href=\"https:\/\/twitter.com\/hashtag\/SaffirSimpson?src=hash&amp;ref_src=twsrc%5Etfw\">#SaffirSimpson<\/a>, a 495 km al suroeste de Manzanillo, <a href=\"https:\/\/twitter.com\/hashtag\/Colima?src=hash&amp;ref_src=twsrc%5Etfw\">#Colima<\/a>. Ocasionar\u00e1 <a href=\"https:\/\/twitter.com\/hashtag\/Lluvias?src=hash&amp;ref_src=twsrc%5Etfw\">#Lluvias<\/a> torrenciales en <a href=\"https:\/\/twitter.com\/hashtag\/Sinaloa?src=hash&amp;ref_src=twsrc%5Etfw\">#Sinaloa<\/a>, <a href=\"https:\/\/twitter.com\/hashtag\/Nayarit?src=hash&amp;ref_src=twsrc%5Etfw\">#Nayarit<\/a>, <a href=\"https:\/\/twitter.com\/hashtag\/Colima?src=hash&amp;ref_src=twsrc%5Etfw\">#Colima<\/a> y <a href=\"https:\/\/twitter.com\/hashtag\/Michoac%C3%A1n?src=hash&amp;ref_src=twsrc%5Etfw\">#Michoac\u00e1n<\/a>.<a href=\"https:\/\/t.co\/VVYNAjY7Uo\">https:\/\/t.co\/VVYNAjY7Uo<\/a> <a href=\"https:\/\/t.co\/ST3Wnl1LEx\">pic.twitter.com\/ST3Wnl1LEx<\/a><\/p>&mdash; CONAGUA Clima (@conagua_clima) <a href=\"https:\/\/twitter.com\/conagua_clima\/status\/1566905108138303490?ref_src=twsrc%5Etfw\">September 5, 2022<\/a><\/blockquote><script async src=\"https:\/\/platform.twitter.com\/widgets.js\" charset=\"utf-8\"><\/script>\n<\/div><\/figure>\n","protected":false},"excerpt":{"rendered":"<p>El Servicio Meteorol\u00f3gico Nacional advirti\u00f3 de la cercan\u00eda del fen\u00f3meno de las costas de Colima y de las precipitaciones de hasta 250 mil\u00edmetros. Ciudad de M\u00e9xico.- La tormenta tropical Kay se fortaleci\u00f3 y convirti\u00f3 ya en hurac\u00e1n categor\u00eda 1, inform\u00f3 este lunes el Servicio Meteorol\u00f3gico Nacional (SMN). El fen\u00f3meno se localiza, por ahora, a 495 [&hellip;]<\/p>\n","protected":false},"author":21,"featured_media":41770,"comment_status":"open","ping_status":"open","sticky":false,"template":"","format":"standard","meta":{"tdm_status":"","tdm_grid_status":"","footnotes":""},"categories":[37],"tags":[],"class_list":{"0":"post-41769","1":"post","2":"type-post","3":"status-publish","4":"format-standard","5":"has-post-thumbnail","7":"category-nota-principal"},"yoast_head":"<!-- This site is optimized with the Yoast SEO plugin v27.4 - https:\/\/yoast.com\/product\/yoast-seo-wordpress\/ -->\n<title>\u2018Kay\u2019 se convierte en hurac\u00e1n categor\u00eda 1; provocar\u00e1 lluvias torrenciales en Sinaloa - Fuentes Fidedignas<\/title>\n<meta name=\"robots\" content=\"index, follow, max-snippet:-1, max-image-preview:large, max-video-preview:-1\" \/>\n<link rel=\"canonical\" href=\"https:\/\/fuentesfidedignas.com.mx\/index.php\/2022\/09\/05\/kay-se-convierte-en-huracan-categoria-1-provocara-lluvias-torrenciales-en-sinaloa\/\" \/>\n<meta property=\"og:locale\" content=\"es_MX\" \/>\n<meta property=\"og:type\" content=\"article\" \/>\n<meta property=\"og:title\" content=\"\u2018Kay\u2019 se convierte en hurac\u00e1n categor\u00eda 1; provocar\u00e1 lluvias torrenciales en Sinaloa - Fuentes Fidedignas\" \/>\n<meta property=\"og:description\" content=\"El Servicio Meteorol\u00f3gico Nacional advirti\u00f3 de la cercan\u00eda del fen\u00f3meno de las costas de Colima y de las precipitaciones de hasta 250 mil\u00edmetros. Ciudad de M\u00e9xico.- La tormenta tropical Kay se fortaleci\u00f3 y convirti\u00f3 ya en hurac\u00e1n categor\u00eda 1, inform\u00f3 este lunes el Servicio Meteorol\u00f3gico Nacional (SMN). El fen\u00f3meno se localiza, por ahora, a 495 [&hellip;]\" \/>\n<meta property=\"og:url\" content=\"https:\/\/fuentesfidedignas.com.mx\/index.php\/2022\/09\/05\/kay-se-convierte-en-huracan-categoria-1-provocara-lluvias-torrenciales-en-sinaloa\/\" \/>\n<meta property=\"og:site_name\" content=\"Fuentes Fidedignas\" \/>\n<meta property=\"article:publisher\" content=\"https:\/\/www.facebook.com\/Fuentes-Fidedignas-368234489921644\" \/>\n<meta property=\"article:published_time\" content=\"2022-09-05T22:04:00+00:00\" \/>\n<meta property=\"article:modified_time\" content=\"2022-09-05T22:04:03+00:00\" \/>\n<meta property=\"og:image\" content=\"https:\/\/fuentesfidedignas.com.mx\/wp-content\/uploads\/2022\/09\/LLUVIAS.jpeg\" \/>\n\t<meta property=\"og:image:width\" content=\"800\" \/>\n\t<meta property=\"og:image:height\" content=\"450\" \/>\n\t<meta property=\"og:image:type\" content=\"image\/jpeg\" \/>\n<meta name=\"author\" content=\"El Financiero\" \/>\n<meta name=\"twitter:card\" content=\"summary_large_image\" \/>\n<meta name=\"twitter:creator\" content=\"@fidedignas\" \/>\n<meta name=\"twitter:site\" content=\"@fidedignas\" \/>\n<meta name=\"twitter:label1\" content=\"Escrito por\" \/>\n\t<meta name=\"twitter:data1\" content=\"El Financiero\" \/>\n\t<meta name=\"twitter:label2\" content=\"Tiempo de lectura\" \/>\n\t<meta name=\"twitter:data2\" content=\"1 minuto\" \/>\n<script type=\"application\/ld+json\" class=\"yoast-schema-graph\">{\"@context\":\"https:\\\/\\\/schema.org\",\"@graph\":[{\"@type\":\"Article\",\"@id\":\"https:\\\/\\\/fuentesfidedignas.com.mx\\\/index.php\\\/2022\\\/09\\\/05\\\/kay-se-convierte-en-huracan-categoria-1-provocara-lluvias-torrenciales-en-sinaloa\\\/#article\",\"isPartOf\":{\"@id\":\"https:\\\/\\\/fuentesfidedignas.com.mx\\\/index.php\\\/2022\\\/09\\\/05\\\/kay-se-convierte-en-huracan-categoria-1-provocara-lluvias-torrenciales-en-sinaloa\\\/\"},\"author\":{\"name\":\"El Financiero\",\"@id\":\"https:\\\/\\\/fuentesfidedignas.com.mx\\\/#\\\/schema\\\/person\\\/494f7e0dce8dfaaec5b64f16615b78e9\"},\"headline\":\"\u2018Kay\u2019 se convierte en hurac\u00e1n categor\u00eda 1; provocar\u00e1 lluvias torrenciales en Sinaloa\",\"datePublished\":\"2022-09-05T22:04:00+00:00\",\"dateModified\":\"2022-09-05T22:04:03+00:00\",\"mainEntityOfPage\":{\"@id\":\"https:\\\/\\\/fuentesfidedignas.com.mx\\\/index.php\\\/2022\\\/09\\\/05\\\/kay-se-convierte-en-huracan-categoria-1-provocara-lluvias-torrenciales-en-sinaloa\\\/\"},\"wordCount\":230,\"commentCount\":0,\"publisher\":{\"@id\":\"https:\\\/\\\/fuentesfidedignas.com.mx\\\/#organization\"},\"image\":{\"@id\":\"https:\\\/\\\/fuentesfidedignas.com.mx\\\/index.php\\\/2022\\\/09\\\/05\\\/kay-se-convierte-en-huracan-categoria-1-provocara-lluvias-torrenciales-en-sinaloa\\\/#primaryimage\"},\"thumbnailUrl\":\"https:\\\/\\\/fuentesfidedignas.com.mx\\\/wp-content\\\/uploads\\\/2022\\\/09\\\/LLUVIAS.jpeg\",\"articleSection\":[\"NOTA PRINCIPAL\"],\"inLanguage\":\"es\",\"potentialAction\":[{\"@type\":\"CommentAction\",\"name\":\"Comment\",\"target\":[\"https:\\\/\\\/fuentesfidedignas.com.mx\\\/index.php\\\/2022\\\/09\\\/05\\\/kay-se-convierte-en-huracan-categoria-1-provocara-lluvias-torrenciales-en-sinaloa\\\/#respond\"]}]},{\"@type\":\"WebPage\",\"@id\":\"https:\\\/\\\/fuentesfidedignas.com.mx\\\/index.php\\\/2022\\\/09\\\/05\\\/kay-se-convierte-en-huracan-categoria-1-provocara-lluvias-torrenciales-en-sinaloa\\\/\",\"url\":\"https:\\\/\\\/fuentesfidedignas.com.mx\\\/index.php\\\/2022\\\/09\\\/05\\\/kay-se-convierte-en-huracan-categoria-1-provocara-lluvias-torrenciales-en-sinaloa\\\/\",\"name\":\"\u2018Kay\u2019 se convierte en hurac\u00e1n categor\u00eda 1; provocar\u00e1 lluvias torrenciales en Sinaloa - Fuentes Fidedignas\",\"isPartOf\":{\"@id\":\"https:\\\/\\\/fuentesfidedignas.com.mx\\\/#website\"},\"primaryImageOfPage\":{\"@id\":\"https:\\\/\\\/fuentesfidedignas.com.mx\\\/index.php\\\/2022\\\/09\\\/05\\\/kay-se-convierte-en-huracan-categoria-1-provocara-lluvias-torrenciales-en-sinaloa\\\/#primaryimage\"},\"image\":{\"@id\":\"https:\\\/\\\/fuentesfidedignas.com.mx\\\/index.php\\\/2022\\\/09\\\/05\\\/kay-se-convierte-en-huracan-categoria-1-provocara-lluvias-torrenciales-en-sinaloa\\\/#primaryimage\"},\"thumbnailUrl\":\"https:\\\/\\\/fuentesfidedignas.com.mx\\\/wp-content\\\/uploads\\\/2022\\\/09\\\/LLUVIAS.jpeg\",\"datePublished\":\"2022-09-05T22:04:00+00:00\",\"dateModified\":\"2022-09-05T22:04:03+00:00\",\"breadcrumb\":{\"@id\":\"https:\\\/\\\/fuentesfidedignas.com.mx\\\/index.php\\\/2022\\\/09\\\/05\\\/kay-se-convierte-en-huracan-categoria-1-provocara-lluvias-torrenciales-en-sinaloa\\\/#breadcrumb\"},\"inLanguage\":\"es\",\"potentialAction\":[{\"@type\":\"ReadAction\",\"target\":[\"https:\\\/\\\/fuentesfidedignas.com.mx\\\/index.php\\\/2022\\\/09\\\/05\\\/kay-se-convierte-en-huracan-categoria-1-provocara-lluvias-torrenciales-en-sinaloa\\\/\"]}]},{\"@type\":\"ImageObject\",\"inLanguage\":\"es\",\"@id\":\"https:\\\/\\\/fuentesfidedignas.com.mx\\\/index.php\\\/2022\\\/09\\\/05\\\/kay-se-convierte-en-huracan-categoria-1-provocara-lluvias-torrenciales-en-sinaloa\\\/#primaryimage\",\"url\":\"https:\\\/\\\/fuentesfidedignas.com.mx\\\/wp-content\\\/uploads\\\/2022\\\/09\\\/LLUVIAS.jpeg\",\"contentUrl\":\"https:\\\/\\\/fuentesfidedignas.com.mx\\\/wp-content\\\/uploads\\\/2022\\\/09\\\/LLUVIAS.jpeg\",\"width\":800,\"height\":450},{\"@type\":\"BreadcrumbList\",\"@id\":\"https:\\\/\\\/fuentesfidedignas.com.mx\\\/index.php\\\/2022\\\/09\\\/05\\\/kay-se-convierte-en-huracan-categoria-1-provocara-lluvias-torrenciales-en-sinaloa\\\/#breadcrumb\",\"itemListElement\":[{\"@type\":\"ListItem\",\"position\":1,\"name\":\"Inicio\",\"item\":\"https:\\\/\\\/fuentesfidedignas.com.mx\\\/\"},{\"@type\":\"ListItem\",\"position\":2,\"name\":\"\u2018Kay\u2019 se convierte en hurac\u00e1n categor\u00eda 1; provocar\u00e1 lluvias torrenciales en Sinaloa\"}]},{\"@type\":\"WebSite\",\"@id\":\"https:\\\/\\\/fuentesfidedignas.com.mx\\\/#website\",\"url\":\"https:\\\/\\\/fuentesfidedignas.com.mx\\\/\",\"name\":\"Fuentes Fidedignas\",\"description\":\"Otro sitio realizado con WordPress\",\"publisher\":{\"@id\":\"https:\\\/\\\/fuentesfidedignas.com.mx\\\/#organization\"},\"potentialAction\":[{\"@type\":\"SearchAction\",\"target\":{\"@type\":\"EntryPoint\",\"urlTemplate\":\"https:\\\/\\\/fuentesfidedignas.com.mx\\\/?s={search_term_string}\"},\"query-input\":{\"@type\":\"PropertyValueSpecification\",\"valueRequired\":true,\"valueName\":\"search_term_string\"}}],\"inLanguage\":\"es\"},{\"@type\":\"Organization\",\"@id\":\"https:\\\/\\\/fuentesfidedignas.com.mx\\\/#organization\",\"name\":\"Fuentes Fidedignas\",\"url\":\"https:\\\/\\\/fuentesfidedignas.com.mx\\\/\",\"logo\":{\"@type\":\"ImageObject\",\"inLanguage\":\"es\",\"@id\":\"https:\\\/\\\/fuentesfidedignas.com.mx\\\/#\\\/schema\\\/logo\\\/image\\\/\",\"url\":\"https:\\\/\\\/fuentesfidedignas.com.mx\\\/wp-content\\\/uploads\\\/2021\\\/04\\\/logo-retina.png\",\"contentUrl\":\"https:\\\/\\\/fuentesfidedignas.com.mx\\\/wp-content\\\/uploads\\\/2021\\\/04\\\/logo-retina.png\",\"width\":280,\"height\":51,\"caption\":\"Fuentes Fidedignas\"},\"image\":{\"@id\":\"https:\\\/\\\/fuentesfidedignas.com.mx\\\/#\\\/schema\\\/logo\\\/image\\\/\"},\"sameAs\":[\"https:\\\/\\\/www.facebook.com\\\/Fuentes-Fidedignas-368234489921644\",\"https:\\\/\\\/x.com\\\/fidedignas\"]},{\"@type\":\"Person\",\"@id\":\"https:\\\/\\\/fuentesfidedignas.com.mx\\\/#\\\/schema\\\/person\\\/494f7e0dce8dfaaec5b64f16615b78e9\",\"name\":\"El Financiero\",\"image\":{\"@type\":\"ImageObject\",\"inLanguage\":\"es\",\"@id\":\"https:\\\/\\\/secure.gravatar.com\\\/avatar\\\/88c0f3f2079389318ef8dd35c22cb997212aa89646e357ba59b318db26ed91a9?s=96&d=mm&r=g\",\"url\":\"https:\\\/\\\/secure.gravatar.com\\\/avatar\\\/88c0f3f2079389318ef8dd35c22cb997212aa89646e357ba59b318db26ed91a9?s=96&d=mm&r=g\",\"contentUrl\":\"https:\\\/\\\/secure.gravatar.com\\\/avatar\\\/88c0f3f2079389318ef8dd35c22cb997212aa89646e357ba59b318db26ed91a9?s=96&d=mm&r=g\",\"caption\":\"El Financiero\"},\"url\":\"https:\\\/\\\/fuentesfidedignas.com.mx\\\/index.php\\\/author\\\/financiero\\\/\"}]}<\/script>\n<!-- \/ Yoast SEO plugin. -->","yoast_head_json":{"title":"\u2018Kay\u2019 se convierte en hurac\u00e1n categor\u00eda 1; provocar\u00e1 lluvias torrenciales en Sinaloa - Fuentes Fidedignas","robots":{"index":"index","follow":"follow","max-snippet":"max-snippet:-1","max-image-preview":"max-image-preview:large","max-video-preview":"max-video-preview:-1"},"canonical":"https:\/\/fuentesfidedignas.com.mx\/index.php\/2022\/09\/05\/kay-se-convierte-en-huracan-categoria-1-provocara-lluvias-torrenciales-en-sinaloa\/","og_locale":"es_MX","og_type":"article","og_title":"\u2018Kay\u2019 se convierte en hurac\u00e1n categor\u00eda 1; provocar\u00e1 lluvias torrenciales en Sinaloa - Fuentes Fidedignas","og_description":"El Servicio Meteorol\u00f3gico Nacional advirti\u00f3 de la cercan\u00eda del fen\u00f3meno de las costas de Colima y de las precipitaciones de hasta 250 mil\u00edmetros. Ciudad de M\u00e9xico.- La tormenta tropical Kay se fortaleci\u00f3 y convirti\u00f3 ya en hurac\u00e1n categor\u00eda 1, inform\u00f3 este lunes el Servicio Meteorol\u00f3gico Nacional (SMN). El fen\u00f3meno se localiza, por ahora, a 495 [&hellip;]","og_url":"https:\/\/fuentesfidedignas.com.mx\/index.php\/2022\/09\/05\/kay-se-convierte-en-huracan-categoria-1-provocara-lluvias-torrenciales-en-sinaloa\/","og_site_name":"Fuentes Fidedignas","article_publisher":"https:\/\/www.facebook.com\/Fuentes-Fidedignas-368234489921644","article_published_time":"2022-09-05T22:04:00+00:00","article_modified_time":"2022-09-05T22:04:03+00:00","og_image":[{"width":800,"height":450,"url":"https:\/\/fuentesfidedignas.com.mx\/wp-content\/uploads\/2022\/09\/LLUVIAS.jpeg","type":"image\/jpeg"}],"author":"El Financiero","twitter_card":"summary_large_image","twitter_creator":"@fidedignas","twitter_site":"@fidedignas","twitter_misc":{"Escrito por":"El Financiero","Tiempo de lectura":"1 minuto"},"schema":{"@context":"https:\/\/schema.org","@graph":[{"@type":"Article","@id":"https:\/\/fuentesfidedignas.com.mx\/index.php\/2022\/09\/05\/kay-se-convierte-en-huracan-categoria-1-provocara-lluvias-torrenciales-en-sinaloa\/#article","isPartOf":{"@id":"https:\/\/fuentesfidedignas.com.mx\/index.php\/2022\/09\/05\/kay-se-convierte-en-huracan-categoria-1-provocara-lluvias-torrenciales-en-sinaloa\/"},"author":{"name":"El Financiero","@id":"https:\/\/fuentesfidedignas.com.mx\/#\/schema\/person\/494f7e0dce8dfaaec5b64f16615b78e9"},"headline":"\u2018Kay\u2019 se convierte en hurac\u00e1n categor\u00eda 1; provocar\u00e1 lluvias torrenciales en Sinaloa","datePublished":"2022-09-05T22:04:00+00:00","dateModified":"2022-09-05T22:04:03+00:00","mainEntityOfPage":{"@id":"https:\/\/fuentesfidedignas.com.mx\/index.php\/2022\/09\/05\/kay-se-convierte-en-huracan-categoria-1-provocara-lluvias-torrenciales-en-sinaloa\/"},"wordCount":230,"commentCount":0,"publisher":{"@id":"https:\/\/fuentesfidedignas.com.mx\/#organization"},"image":{"@id":"https:\/\/fuentesfidedignas.com.mx\/index.php\/2022\/09\/05\/kay-se-convierte-en-huracan-categoria-1-provocara-lluvias-torrenciales-en-sinaloa\/#primaryimage"},"thumbnailUrl":"https:\/\/fuentesfidedignas.com.mx\/wp-content\/uploads\/2022\/09\/LLUVIAS.jpeg","articleSection":["NOTA PRINCIPAL"],"inLanguage":"es","potentialAction":[{"@type":"CommentAction","name":"Comment","target":["https:\/\/fuentesfidedignas.com.mx\/index.php\/2022\/09\/05\/kay-se-convierte-en-huracan-categoria-1-provocara-lluvias-torrenciales-en-sinaloa\/#respond"]}]},{"@type":"WebPage","@id":"https:\/\/fuentesfidedignas.com.mx\/index.php\/2022\/09\/05\/kay-se-convierte-en-huracan-categoria-1-provocara-lluvias-torrenciales-en-sinaloa\/","url":"https:\/\/fuentesfidedignas.com.mx\/index.php\/2022\/09\/05\/kay-se-convierte-en-huracan-categoria-1-provocara-lluvias-torrenciales-en-sinaloa\/","name":"\u2018Kay\u2019 se convierte en hurac\u00e1n categor\u00eda 1; provocar\u00e1 lluvias torrenciales en Sinaloa - Fuentes Fidedignas","isPartOf":{"@id":"https:\/\/fuentesfidedignas.com.mx\/#website"},"primaryImageOfPage":{"@id":"https:\/\/fuentesfidedignas.com.mx\/index.php\/2022\/09\/05\/kay-se-convierte-en-huracan-categoria-1-provocara-lluvias-torrenciales-en-sinaloa\/#primaryimage"},"image":{"@id":"https:\/\/fuentesfidedignas.com.mx\/index.php\/2022\/09\/05\/kay-se-convierte-en-huracan-categoria-1-provocara-lluvias-torrenciales-en-sinaloa\/#primaryimage"},"thumbnailUrl":"https:\/\/fuentesfidedignas.com.mx\/wp-content\/uploads\/2022\/09\/LLUVIAS.jpeg","datePublished":"2022-09-05T22:04:00+00:00","dateModified":"2022-09-05T22:04:03+00:00","breadcrumb":{"@id":"https:\/\/fuentesfidedignas.com.mx\/index.php\/2022\/09\/05\/kay-se-convierte-en-huracan-categoria-1-provocara-lluvias-torrenciales-en-sinaloa\/#breadcrumb"},"inLanguage":"es","potentialAction":[{"@type":"ReadAction","target":["https:\/\/fuentesfidedignas.com.mx\/index.php\/2022\/09\/05\/kay-se-convierte-en-huracan-categoria-1-provocara-lluvias-torrenciales-en-sinaloa\/"]}]},{"@type":"ImageObject","inLanguage":"es","@id":"https:\/\/fuentesfidedignas.com.mx\/index.php\/2022\/09\/05\/kay-se-convierte-en-huracan-categoria-1-provocara-lluvias-torrenciales-en-sinaloa\/#primaryimage","url":"https:\/\/fuentesfidedignas.com.mx\/wp-content\/uploads\/2022\/09\/LLUVIAS.jpeg","contentUrl":"https:\/\/fuentesfidedignas.com.mx\/wp-content\/uploads\/2022\/09\/LLUVIAS.jpeg","width":800,"height":450},{"@type":"BreadcrumbList","@id":"https:\/\/fuentesfidedignas.com.mx\/index.php\/2022\/09\/05\/kay-se-convierte-en-huracan-categoria-1-provocara-lluvias-torrenciales-en-sinaloa\/#breadcrumb","itemListElement":[{"@type":"ListItem","position":1,"name":"Inicio","item":"https:\/\/fuentesfidedignas.com.mx\/"},{"@type":"ListItem","position":2,"name":"\u2018Kay\u2019 se convierte en hurac\u00e1n categor\u00eda 1; provocar\u00e1 lluvias torrenciales en Sinaloa"}]},{"@type":"WebSite","@id":"https:\/\/fuentesfidedignas.com.mx\/#website","url":"https:\/\/fuentesfidedignas.com.mx\/","name":"Fuentes Fidedignas","description":"Otro sitio realizado con WordPress","publisher":{"@id":"https:\/\/fuentesfidedignas.com.mx\/#organization"},"potentialAction":[{"@type":"SearchAction","target":{"@type":"EntryPoint","urlTemplate":"https:\/\/fuentesfidedignas.com.mx\/?s={search_term_string}"},"query-input":{"@type":"PropertyValueSpecification","valueRequired":true,"valueName":"search_term_string"}}],"inLanguage":"es"},{"@type":"Organization","@id":"https:\/\/fuentesfidedignas.com.mx\/#organization","name":"Fuentes Fidedignas","url":"https:\/\/fuentesfidedignas.com.mx\/","logo":{"@type":"ImageObject","inLanguage":"es","@id":"https:\/\/fuentesfidedignas.com.mx\/#\/schema\/logo\/image\/","url":"https:\/\/fuentesfidedignas.com.mx\/wp-content\/uploads\/2021\/04\/logo-retina.png","contentUrl":"https:\/\/fuentesfidedignas.com.mx\/wp-content\/uploads\/2021\/04\/logo-retina.png","width":280,"height":51,"caption":"Fuentes Fidedignas"},"image":{"@id":"https:\/\/fuentesfidedignas.com.mx\/#\/schema\/logo\/image\/"},"sameAs":["https:\/\/www.facebook.com\/Fuentes-Fidedignas-368234489921644","https:\/\/x.com\/fidedignas"]},{"@type":"Person","@id":"https:\/\/fuentesfidedignas.com.mx\/#\/schema\/person\/494f7e0dce8dfaaec5b64f16615b78e9","name":"El Financiero","image":{"@type":"ImageObject","inLanguage":"es","@id":"https:\/\/secure.gravatar.com\/avatar\/88c0f3f2079389318ef8dd35c22cb997212aa89646e357ba59b318db26ed91a9?s=96&d=mm&r=g","url":"https:\/\/secure.gravatar.com\/avatar\/88c0f3f2079389318ef8dd35c22cb997212aa89646e357ba59b318db26ed91a9?s=96&d=mm&r=g","contentUrl":"https:\/\/secure.gravatar.com\/avatar\/88c0f3f2079389318ef8dd35c22cb997212aa89646e357ba59b318db26ed91a9?s=96&d=mm&r=g","caption":"El Financiero"},"url":"https:\/\/fuentesfidedignas.com.mx\/index.php\/author\/financiero\/"}]}},"_links":{"self":[{"href":"https:\/\/fuentesfidedignas.com.mx\/index.php\/wp-json\/wp\/v2\/posts\/41769","targetHints":{"allow":["GET"]}}],"collection":[{"href":"https:\/\/fuentesfidedignas.com.mx\/index.php\/wp-json\/wp\/v2\/posts"}],"about":[{"href":"https:\/\/fuentesfidedignas.com.mx\/index.php\/wp-json\/wp\/v2\/types\/post"}],"author":[{"embeddable":true,"href":"https:\/\/fuentesfidedignas.com.mx\/index.php\/wp-json\/wp\/v2\/users\/21"}],"replies":[{"embeddable":true,"href":"https:\/\/fuentesfidedignas.com.mx\/index.php\/wp-json\/wp\/v2\/comments?post=41769"}],"version-history":[{"count":1,"href":"https:\/\/fuentesfidedignas.com.mx\/index.php\/wp-json\/wp\/v2\/posts\/41769\/revisions"}],"predecessor-version":[{"id":41771,"href":"https:\/\/fuentesfidedignas.com.mx\/index.php\/wp-json\/wp\/v2\/posts\/41769\/revisions\/41771"}],"wp:featuredmedia":[{"embeddable":true,"href":"https:\/\/fuentesfidedignas.com.mx\/index.php\/wp-json\/wp\/v2\/media\/41770"}],"wp:attachment":[{"href":"https:\/\/fuentesfidedignas.com.mx\/index.php\/wp-json\/wp\/v2\/media?parent=41769"}],"wp:term":[{"taxonomy":"category","embeddable":true,"href":"https:\/\/fuentesfidedignas.com.mx\/index.php\/wp-json\/wp\/v2\/categories?post=41769"},{"taxonomy":"post_tag","embeddable":true,"href":"https:\/\/fuentesfidedignas.com.mx\/index.php\/wp-json\/wp\/v2\/tags?post=41769"}],"curies":[{"name":"wp","href":"https:\/\/api.w.org\/{rel}","templated":true}]}}