{"id":41750,"date":"2022-09-05T15:02:51","date_gmt":"2022-09-05T21:02:51","guid":{"rendered":"https:\/\/fuentesfidedignas.com.mx\/?p=41750"},"modified":"2022-09-05T15:04:54","modified_gmt":"2022-09-05T21:04:54","slug":"no-se-te-pase-plazo-para-regularizar-autos-chocolate-vence-el-20-de-septiembre","status":"publish","type":"post","link":"https:\/\/fuentesfidedignas.com.mx\/index.php\/2022\/09\/05\/no-se-te-pase-plazo-para-regularizar-autos-chocolate-vence-el-20-de-septiembre\/","title":{"rendered":"\u00a1No se te pase! Plazo para regularizar autos &#8216;chocolate&#8217; vence el 20 de septiembre"},"content":{"rendered":"\n<p><strong><em>El mandatario estatal invit\u00f3 a quienes no han apartado su cita, la realicen lo antes posible pues a\u00fan quedan muchos espacios disponibles.<\/em><\/strong><\/p>\n\n\n\n<p>Culiac\u00e1n, Sinaloa.- El gobernador Rub\u00e9n Rocha Moya inform\u00f3 en su Conferencia Semanera que pedir\u00e1 al gobierno federal una ampliaci\u00f3n para las citas de regularizaci\u00f3n de veh\u00edculos extranjeros, en vista de que a\u00fan quedan muchos autos sin realizar el tr\u00e1mite en todo el estado; lo anterior lo expuso en virtud de que el 20 de septiembre vence el plazo para que los propietarios de unidades extranjeras puedan realizar dicha solicitud.<\/p>\n\n\n\n<p>\u201cPor cierto, que ampl\u00eden el tiempo para que se regularicen, voy a pedirlo, voy a pedir que lo hagan porque eso es una cosa que tendr\u00eda que resolver la federaci\u00f3n, el presidente mismo, pero si es posible, porque todav\u00eda nos quedan muchos carros para ser regularizados\u201d, dijo.<\/p>\n\n\n\n<p>Explic\u00f3 que instruy\u00f3 al secretario de Gobierno Enrique Inzunza C\u00e1zarez para que vea la posibilidad con la Secretar\u00eda de Gobernaci\u00f3n Federal para incluir modelos extranjeros los cuales quedaron fuera de la regularizaci\u00f3n.<\/p>\n\n\n\n<p>El gobernador a\u00f1adi\u00f3 que a\u00fan quedan muchos espacios para que se hagan las citas, por lo que invit\u00f3 a los due\u00f1os de los veh\u00edculos extranjeros a que las realicen, ya que si la raz\u00f3n por la que no lo han hecho es el dinero, les record\u00f3 que el 20 de septiembre es el plazo para el cierre de citas, lo que significa que estas se ver\u00e1n programadas para los pr\u00f3ximos meses.<\/p>\n\n\n\n<p>\u201cHay muchos espacios para que hagan citas, me est\u00e1 diciendo el secretario general de gobierno que de aqu\u00ed al 20 pueden hacer las citas, y vayan juntando la feriesita de aqu\u00ed a diciembre, porque a lo mejor vamos a tardar en el tr\u00e1mite de regularizaci\u00f3n, si no tienen ahora, pues ah\u00ed tendr\u00e1n\u201d, agreg\u00f3.<\/p>\n\n\n\n<p>Mencion\u00f3 que seguramente las citas programadas en estos momentos se dar\u00e1n para noviembre y diciembre, por lo que podr\u00e1n acudir a regularizar los veh\u00edculos con la ayuda de los aguinaldos.<\/p>\n\n\n\n<figure class=\"wp-block-image size-large\"><img decoding=\"async\" width=\"1024\" height=\"1024\" src=\"https:\/\/fuentesfidedignas.com.mx\/wp-content\/uploads\/2022\/09\/WhatsApp-Image-2022-09-05-at-2.26.13-PM-1024x1024.jpeg\" alt=\"\" class=\"wp-image-41751\" srcset=\"https:\/\/fuentesfidedignas.com.mx\/wp-content\/uploads\/2022\/09\/WhatsApp-Image-2022-09-05-at-2.26.13-PM-1024x1024.jpeg 1024w, https:\/\/fuentesfidedignas.com.mx\/wp-content\/uploads\/2022\/09\/WhatsApp-Image-2022-09-05-at-2.26.13-PM-300x300.jpeg 300w, https:\/\/fuentesfidedignas.com.mx\/wp-content\/uploads\/2022\/09\/WhatsApp-Image-2022-09-05-at-2.26.13-PM-150x150.jpeg 150w, https:\/\/fuentesfidedignas.com.mx\/wp-content\/uploads\/2022\/09\/WhatsApp-Image-2022-09-05-at-2.26.13-PM-768x769.jpeg 768w, https:\/\/fuentesfidedignas.com.mx\/wp-content\/uploads\/2022\/09\/WhatsApp-Image-2022-09-05-at-2.26.13-PM-696x697.jpeg 696w, https:\/\/fuentesfidedignas.com.mx\/wp-content\/uploads\/2022\/09\/WhatsApp-Image-2022-09-05-at-2.26.13-PM-1068x1069.jpeg 1068w, https:\/\/fuentesfidedignas.com.mx\/wp-content\/uploads\/2022\/09\/WhatsApp-Image-2022-09-05-at-2.26.13-PM-420x420.jpeg 420w, https:\/\/fuentesfidedignas.com.mx\/wp-content\/uploads\/2022\/09\/WhatsApp-Image-2022-09-05-at-2.26.13-PM-70x70.jpeg 70w, https:\/\/fuentesfidedignas.com.mx\/wp-content\/uploads\/2022\/09\/WhatsApp-Image-2022-09-05-at-2.26.13-PM.jpeg 1279w\" sizes=\"(max-width: 1024px) 100vw, 1024px\" \/><\/figure>\n","protected":false},"excerpt":{"rendered":"<p>El mandatario estatal invit\u00f3 a quienes no han apartado su cita, la realicen lo antes posible pues a\u00fan quedan muchos espacios disponibles. Culiac\u00e1n, Sinaloa.- El gobernador Rub\u00e9n Rocha Moya inform\u00f3 en su Conferencia Semanera que pedir\u00e1 al gobierno federal una ampliaci\u00f3n para las citas de regularizaci\u00f3n de veh\u00edculos extranjeros, en vista de que a\u00fan quedan [&hellip;]<\/p>\n","protected":false},"author":4,"featured_media":25320,"comment_status":"open","ping_status":"open","sticky":false,"template":"","format":"standard","meta":{"tdm_status":"","tdm_grid_status":"","footnotes":""},"categories":[37],"tags":[],"class_list":{"0":"post-41750","1":"post","2":"type-post","3":"status-publish","4":"format-standard","5":"has-post-thumbnail","7":"category-nota-principal"},"yoast_head":"<!-- This site is optimized with the Yoast SEO plugin v27.4 - https:\/\/yoast.com\/product\/yoast-seo-wordpress\/ -->\n<title>\u00a1No se te pase! Plazo para regularizar autos &#039;chocolate&#039; vence el 20 de septiembre - Fuentes Fidedignas<\/title>\n<meta name=\"robots\" content=\"index, follow, max-snippet:-1, max-image-preview:large, max-video-preview:-1\" \/>\n<link rel=\"canonical\" href=\"https:\/\/fuentesfidedignas.com.mx\/index.php\/2022\/09\/05\/no-se-te-pase-plazo-para-regularizar-autos-chocolate-vence-el-20-de-septiembre\/\" \/>\n<meta property=\"og:locale\" content=\"es_MX\" \/>\n<meta property=\"og:type\" content=\"article\" \/>\n<meta property=\"og:title\" content=\"\u00a1No se te pase! Plazo para regularizar autos &#039;chocolate&#039; vence el 20 de septiembre - Fuentes Fidedignas\" \/>\n<meta property=\"og:description\" content=\"El mandatario estatal invit\u00f3 a quienes no han apartado su cita, la realicen lo antes posible pues a\u00fan quedan muchos espacios disponibles. Culiac\u00e1n, Sinaloa.- El gobernador Rub\u00e9n Rocha Moya inform\u00f3 en su Conferencia Semanera que pedir\u00e1 al gobierno federal una ampliaci\u00f3n para las citas de regularizaci\u00f3n de veh\u00edculos extranjeros, en vista de que a\u00fan quedan [&hellip;]\" \/>\n<meta property=\"og:url\" content=\"https:\/\/fuentesfidedignas.com.mx\/index.php\/2022\/09\/05\/no-se-te-pase-plazo-para-regularizar-autos-chocolate-vence-el-20-de-septiembre\/\" \/>\n<meta property=\"og:site_name\" content=\"Fuentes Fidedignas\" \/>\n<meta property=\"article:publisher\" content=\"https:\/\/www.facebook.com\/Fuentes-Fidedignas-368234489921644\" \/>\n<meta property=\"article:published_time\" content=\"2022-09-05T21:02:51+00:00\" \/>\n<meta property=\"article:modified_time\" content=\"2022-09-05T21:04:54+00:00\" \/>\n<meta property=\"og:image\" content=\"https:\/\/fuentesfidedignas.com.mx\/wp-content\/uploads\/2022\/03\/CHOCOLATE.jpg\" \/>\n\t<meta property=\"og:image:width\" content=\"1280\" \/>\n\t<meta property=\"og:image:height\" content=\"720\" \/>\n\t<meta property=\"og:image:type\" content=\"image\/jpeg\" \/>\n<meta name=\"author\" content=\"Redacci\u00f3n\" \/>\n<meta name=\"twitter:card\" content=\"summary_large_image\" \/>\n<meta name=\"twitter:creator\" content=\"@fidedignas\" \/>\n<meta name=\"twitter:site\" content=\"@fidedignas\" \/>\n<meta name=\"twitter:label1\" content=\"Escrito por\" \/>\n\t<meta name=\"twitter:data1\" content=\"Redacci\u00f3n\" \/>\n\t<meta name=\"twitter:label2\" content=\"Tiempo de lectura\" \/>\n\t<meta name=\"twitter:data2\" content=\"2 minutos\" \/>\n<script type=\"application\/ld+json\" class=\"yoast-schema-graph\">{\"@context\":\"https:\\\/\\\/schema.org\",\"@graph\":[{\"@type\":\"Article\",\"@id\":\"https:\\\/\\\/fuentesfidedignas.com.mx\\\/index.php\\\/2022\\\/09\\\/05\\\/no-se-te-pase-plazo-para-regularizar-autos-chocolate-vence-el-20-de-septiembre\\\/#article\",\"isPartOf\":{\"@id\":\"https:\\\/\\\/fuentesfidedignas.com.mx\\\/index.php\\\/2022\\\/09\\\/05\\\/no-se-te-pase-plazo-para-regularizar-autos-chocolate-vence-el-20-de-septiembre\\\/\"},\"author\":{\"name\":\"Redacci\u00f3n\",\"@id\":\"https:\\\/\\\/fuentesfidedignas.com.mx\\\/#\\\/schema\\\/person\\\/331be9283d37198e2acd5750279085b0\"},\"headline\":\"\u00a1No se te pase! Plazo para regularizar autos &#8216;chocolate&#8217; vence el 20 de septiembre\",\"datePublished\":\"2022-09-05T21:02:51+00:00\",\"dateModified\":\"2022-09-05T21:04:54+00:00\",\"mainEntityOfPage\":{\"@id\":\"https:\\\/\\\/fuentesfidedignas.com.mx\\\/index.php\\\/2022\\\/09\\\/05\\\/no-se-te-pase-plazo-para-regularizar-autos-chocolate-vence-el-20-de-septiembre\\\/\"},\"wordCount\":364,\"commentCount\":0,\"publisher\":{\"@id\":\"https:\\\/\\\/fuentesfidedignas.com.mx\\\/#organization\"},\"image\":{\"@id\":\"https:\\\/\\\/fuentesfidedignas.com.mx\\\/index.php\\\/2022\\\/09\\\/05\\\/no-se-te-pase-plazo-para-regularizar-autos-chocolate-vence-el-20-de-septiembre\\\/#primaryimage\"},\"thumbnailUrl\":\"https:\\\/\\\/fuentesfidedignas.com.mx\\\/wp-content\\\/uploads\\\/2022\\\/03\\\/CHOCOLATE.jpg\",\"articleSection\":[\"NOTA PRINCIPAL\"],\"inLanguage\":\"es\",\"potentialAction\":[{\"@type\":\"CommentAction\",\"name\":\"Comment\",\"target\":[\"https:\\\/\\\/fuentesfidedignas.com.mx\\\/index.php\\\/2022\\\/09\\\/05\\\/no-se-te-pase-plazo-para-regularizar-autos-chocolate-vence-el-20-de-septiembre\\\/#respond\"]}]},{\"@type\":\"WebPage\",\"@id\":\"https:\\\/\\\/fuentesfidedignas.com.mx\\\/index.php\\\/2022\\\/09\\\/05\\\/no-se-te-pase-plazo-para-regularizar-autos-chocolate-vence-el-20-de-septiembre\\\/\",\"url\":\"https:\\\/\\\/fuentesfidedignas.com.mx\\\/index.php\\\/2022\\\/09\\\/05\\\/no-se-te-pase-plazo-para-regularizar-autos-chocolate-vence-el-20-de-septiembre\\\/\",\"name\":\"\u00a1No se te pase! Plazo para regularizar autos 'chocolate' vence el 20 de septiembre - Fuentes Fidedignas\",\"isPartOf\":{\"@id\":\"https:\\\/\\\/fuentesfidedignas.com.mx\\\/#website\"},\"primaryImageOfPage\":{\"@id\":\"https:\\\/\\\/fuentesfidedignas.com.mx\\\/index.php\\\/2022\\\/09\\\/05\\\/no-se-te-pase-plazo-para-regularizar-autos-chocolate-vence-el-20-de-septiembre\\\/#primaryimage\"},\"image\":{\"@id\":\"https:\\\/\\\/fuentesfidedignas.com.mx\\\/index.php\\\/2022\\\/09\\\/05\\\/no-se-te-pase-plazo-para-regularizar-autos-chocolate-vence-el-20-de-septiembre\\\/#primaryimage\"},\"thumbnailUrl\":\"https:\\\/\\\/fuentesfidedignas.com.mx\\\/wp-content\\\/uploads\\\/2022\\\/03\\\/CHOCOLATE.jpg\",\"datePublished\":\"2022-09-05T21:02:51+00:00\",\"dateModified\":\"2022-09-05T21:04:54+00:00\",\"breadcrumb\":{\"@id\":\"https:\\\/\\\/fuentesfidedignas.com.mx\\\/index.php\\\/2022\\\/09\\\/05\\\/no-se-te-pase-plazo-para-regularizar-autos-chocolate-vence-el-20-de-septiembre\\\/#breadcrumb\"},\"inLanguage\":\"es\",\"potentialAction\":[{\"@type\":\"ReadAction\",\"target\":[\"https:\\\/\\\/fuentesfidedignas.com.mx\\\/index.php\\\/2022\\\/09\\\/05\\\/no-se-te-pase-plazo-para-regularizar-autos-chocolate-vence-el-20-de-septiembre\\\/\"]}]},{\"@type\":\"ImageObject\",\"inLanguage\":\"es\",\"@id\":\"https:\\\/\\\/fuentesfidedignas.com.mx\\\/index.php\\\/2022\\\/09\\\/05\\\/no-se-te-pase-plazo-para-regularizar-autos-chocolate-vence-el-20-de-septiembre\\\/#primaryimage\",\"url\":\"https:\\\/\\\/fuentesfidedignas.com.mx\\\/wp-content\\\/uploads\\\/2022\\\/03\\\/CHOCOLATE.jpg\",\"contentUrl\":\"https:\\\/\\\/fuentesfidedignas.com.mx\\\/wp-content\\\/uploads\\\/2022\\\/03\\\/CHOCOLATE.jpg\",\"width\":1280,\"height\":720},{\"@type\":\"BreadcrumbList\",\"@id\":\"https:\\\/\\\/fuentesfidedignas.com.mx\\\/index.php\\\/2022\\\/09\\\/05\\\/no-se-te-pase-plazo-para-regularizar-autos-chocolate-vence-el-20-de-septiembre\\\/#breadcrumb\",\"itemListElement\":[{\"@type\":\"ListItem\",\"position\":1,\"name\":\"Inicio\",\"item\":\"https:\\\/\\\/fuentesfidedignas.com.mx\\\/\"},{\"@type\":\"ListItem\",\"position\":2,\"name\":\"\u00a1No se te pase! Plazo para regularizar autos &#8216;chocolate&#8217; vence el 20 de septiembre\"}]},{\"@type\":\"WebSite\",\"@id\":\"https:\\\/\\\/fuentesfidedignas.com.mx\\\/#website\",\"url\":\"https:\\\/\\\/fuentesfidedignas.com.mx\\\/\",\"name\":\"Fuentes Fidedignas\",\"description\":\"Otro sitio realizado con WordPress\",\"publisher\":{\"@id\":\"https:\\\/\\\/fuentesfidedignas.com.mx\\\/#organization\"},\"potentialAction\":[{\"@type\":\"SearchAction\",\"target\":{\"@type\":\"EntryPoint\",\"urlTemplate\":\"https:\\\/\\\/fuentesfidedignas.com.mx\\\/?s={search_term_string}\"},\"query-input\":{\"@type\":\"PropertyValueSpecification\",\"valueRequired\":true,\"valueName\":\"search_term_string\"}}],\"inLanguage\":\"es\"},{\"@type\":\"Organization\",\"@id\":\"https:\\\/\\\/fuentesfidedignas.com.mx\\\/#organization\",\"name\":\"Fuentes Fidedignas\",\"url\":\"https:\\\/\\\/fuentesfidedignas.com.mx\\\/\",\"logo\":{\"@type\":\"ImageObject\",\"inLanguage\":\"es\",\"@id\":\"https:\\\/\\\/fuentesfidedignas.com.mx\\\/#\\\/schema\\\/logo\\\/image\\\/\",\"url\":\"https:\\\/\\\/fuentesfidedignas.com.mx\\\/wp-content\\\/uploads\\\/2021\\\/04\\\/logo-retina.png\",\"contentUrl\":\"https:\\\/\\\/fuentesfidedignas.com.mx\\\/wp-content\\\/uploads\\\/2021\\\/04\\\/logo-retina.png\",\"width\":280,\"height\":51,\"caption\":\"Fuentes Fidedignas\"},\"image\":{\"@id\":\"https:\\\/\\\/fuentesfidedignas.com.mx\\\/#\\\/schema\\\/logo\\\/image\\\/\"},\"sameAs\":[\"https:\\\/\\\/www.facebook.com\\\/Fuentes-Fidedignas-368234489921644\",\"https:\\\/\\\/x.com\\\/fidedignas\"]},{\"@type\":\"Person\",\"@id\":\"https:\\\/\\\/fuentesfidedignas.com.mx\\\/#\\\/schema\\\/person\\\/331be9283d37198e2acd5750279085b0\",\"name\":\"Redacci\u00f3n\",\"image\":{\"@type\":\"ImageObject\",\"inLanguage\":\"es\",\"@id\":\"https:\\\/\\\/secure.gravatar.com\\\/avatar\\\/f6d8782c11d12b2d4ad3fbb6931aeab5309937a4d6cd2fc9cfaa28a6396a5aec?s=96&d=mm&r=g\",\"url\":\"https:\\\/\\\/secure.gravatar.com\\\/avatar\\\/f6d8782c11d12b2d4ad3fbb6931aeab5309937a4d6cd2fc9cfaa28a6396a5aec?s=96&d=mm&r=g\",\"contentUrl\":\"https:\\\/\\\/secure.gravatar.com\\\/avatar\\\/f6d8782c11d12b2d4ad3fbb6931aeab5309937a4d6cd2fc9cfaa28a6396a5aec?s=96&d=mm&r=g\",\"caption\":\"Redacci\u00f3n\"},\"url\":\"https:\\\/\\\/fuentesfidedignas.com.mx\\\/index.php\\\/author\\\/redaccion\\\/\"}]}<\/script>\n<!-- \/ Yoast SEO plugin. -->","yoast_head_json":{"title":"\u00a1No se te pase! Plazo para regularizar autos 'chocolate' vence el 20 de septiembre - Fuentes Fidedignas","robots":{"index":"index","follow":"follow","max-snippet":"max-snippet:-1","max-image-preview":"max-image-preview:large","max-video-preview":"max-video-preview:-1"},"canonical":"https:\/\/fuentesfidedignas.com.mx\/index.php\/2022\/09\/05\/no-se-te-pase-plazo-para-regularizar-autos-chocolate-vence-el-20-de-septiembre\/","og_locale":"es_MX","og_type":"article","og_title":"\u00a1No se te pase! Plazo para regularizar autos 'chocolate' vence el 20 de septiembre - Fuentes Fidedignas","og_description":"El mandatario estatal invit\u00f3 a quienes no han apartado su cita, la realicen lo antes posible pues a\u00fan quedan muchos espacios disponibles. Culiac\u00e1n, Sinaloa.- El gobernador Rub\u00e9n Rocha Moya inform\u00f3 en su Conferencia Semanera que pedir\u00e1 al gobierno federal una ampliaci\u00f3n para las citas de regularizaci\u00f3n de veh\u00edculos extranjeros, en vista de que a\u00fan quedan [&hellip;]","og_url":"https:\/\/fuentesfidedignas.com.mx\/index.php\/2022\/09\/05\/no-se-te-pase-plazo-para-regularizar-autos-chocolate-vence-el-20-de-septiembre\/","og_site_name":"Fuentes Fidedignas","article_publisher":"https:\/\/www.facebook.com\/Fuentes-Fidedignas-368234489921644","article_published_time":"2022-09-05T21:02:51+00:00","article_modified_time":"2022-09-05T21:04:54+00:00","og_image":[{"width":1280,"height":720,"url":"https:\/\/fuentesfidedignas.com.mx\/wp-content\/uploads\/2022\/03\/CHOCOLATE.jpg","type":"image\/jpeg"}],"author":"Redacci\u00f3n","twitter_card":"summary_large_image","twitter_creator":"@fidedignas","twitter_site":"@fidedignas","twitter_misc":{"Escrito por":"Redacci\u00f3n","Tiempo de lectura":"2 minutos"},"schema":{"@context":"https:\/\/schema.org","@graph":[{"@type":"Article","@id":"https:\/\/fuentesfidedignas.com.mx\/index.php\/2022\/09\/05\/no-se-te-pase-plazo-para-regularizar-autos-chocolate-vence-el-20-de-septiembre\/#article","isPartOf":{"@id":"https:\/\/fuentesfidedignas.com.mx\/index.php\/2022\/09\/05\/no-se-te-pase-plazo-para-regularizar-autos-chocolate-vence-el-20-de-septiembre\/"},"author":{"name":"Redacci\u00f3n","@id":"https:\/\/fuentesfidedignas.com.mx\/#\/schema\/person\/331be9283d37198e2acd5750279085b0"},"headline":"\u00a1No se te pase! Plazo para regularizar autos &#8216;chocolate&#8217; vence el 20 de septiembre","datePublished":"2022-09-05T21:02:51+00:00","dateModified":"2022-09-05T21:04:54+00:00","mainEntityOfPage":{"@id":"https:\/\/fuentesfidedignas.com.mx\/index.php\/2022\/09\/05\/no-se-te-pase-plazo-para-regularizar-autos-chocolate-vence-el-20-de-septiembre\/"},"wordCount":364,"commentCount":0,"publisher":{"@id":"https:\/\/fuentesfidedignas.com.mx\/#organization"},"image":{"@id":"https:\/\/fuentesfidedignas.com.mx\/index.php\/2022\/09\/05\/no-se-te-pase-plazo-para-regularizar-autos-chocolate-vence-el-20-de-septiembre\/#primaryimage"},"thumbnailUrl":"https:\/\/fuentesfidedignas.com.mx\/wp-content\/uploads\/2022\/03\/CHOCOLATE.jpg","articleSection":["NOTA PRINCIPAL"],"inLanguage":"es","potentialAction":[{"@type":"CommentAction","name":"Comment","target":["https:\/\/fuentesfidedignas.com.mx\/index.php\/2022\/09\/05\/no-se-te-pase-plazo-para-regularizar-autos-chocolate-vence-el-20-de-septiembre\/#respond"]}]},{"@type":"WebPage","@id":"https:\/\/fuentesfidedignas.com.mx\/index.php\/2022\/09\/05\/no-se-te-pase-plazo-para-regularizar-autos-chocolate-vence-el-20-de-septiembre\/","url":"https:\/\/fuentesfidedignas.com.mx\/index.php\/2022\/09\/05\/no-se-te-pase-plazo-para-regularizar-autos-chocolate-vence-el-20-de-septiembre\/","name":"\u00a1No se te pase! Plazo para regularizar autos 'chocolate' vence el 20 de septiembre - Fuentes Fidedignas","isPartOf":{"@id":"https:\/\/fuentesfidedignas.com.mx\/#website"},"primaryImageOfPage":{"@id":"https:\/\/fuentesfidedignas.com.mx\/index.php\/2022\/09\/05\/no-se-te-pase-plazo-para-regularizar-autos-chocolate-vence-el-20-de-septiembre\/#primaryimage"},"image":{"@id":"https:\/\/fuentesfidedignas.com.mx\/index.php\/2022\/09\/05\/no-se-te-pase-plazo-para-regularizar-autos-chocolate-vence-el-20-de-septiembre\/#primaryimage"},"thumbnailUrl":"https:\/\/fuentesfidedignas.com.mx\/wp-content\/uploads\/2022\/03\/CHOCOLATE.jpg","datePublished":"2022-09-05T21:02:51+00:00","dateModified":"2022-09-05T21:04:54+00:00","breadcrumb":{"@id":"https:\/\/fuentesfidedignas.com.mx\/index.php\/2022\/09\/05\/no-se-te-pase-plazo-para-regularizar-autos-chocolate-vence-el-20-de-septiembre\/#breadcrumb"},"inLanguage":"es","potentialAction":[{"@type":"ReadAction","target":["https:\/\/fuentesfidedignas.com.mx\/index.php\/2022\/09\/05\/no-se-te-pase-plazo-para-regularizar-autos-chocolate-vence-el-20-de-septiembre\/"]}]},{"@type":"ImageObject","inLanguage":"es","@id":"https:\/\/fuentesfidedignas.com.mx\/index.php\/2022\/09\/05\/no-se-te-pase-plazo-para-regularizar-autos-chocolate-vence-el-20-de-septiembre\/#primaryimage","url":"https:\/\/fuentesfidedignas.com.mx\/wp-content\/uploads\/2022\/03\/CHOCOLATE.jpg","contentUrl":"https:\/\/fuentesfidedignas.com.mx\/wp-content\/uploads\/2022\/03\/CHOCOLATE.jpg","width":1280,"height":720},{"@type":"BreadcrumbList","@id":"https:\/\/fuentesfidedignas.com.mx\/index.php\/2022\/09\/05\/no-se-te-pase-plazo-para-regularizar-autos-chocolate-vence-el-20-de-septiembre\/#breadcrumb","itemListElement":[{"@type":"ListItem","position":1,"name":"Inicio","item":"https:\/\/fuentesfidedignas.com.mx\/"},{"@type":"ListItem","position":2,"name":"\u00a1No se te pase! Plazo para regularizar autos &#8216;chocolate&#8217; vence el 20 de septiembre"}]},{"@type":"WebSite","@id":"https:\/\/fuentesfidedignas.com.mx\/#website","url":"https:\/\/fuentesfidedignas.com.mx\/","name":"Fuentes Fidedignas","description":"Otro sitio realizado con WordPress","publisher":{"@id":"https:\/\/fuentesfidedignas.com.mx\/#organization"},"potentialAction":[{"@type":"SearchAction","target":{"@type":"EntryPoint","urlTemplate":"https:\/\/fuentesfidedignas.com.mx\/?s={search_term_string}"},"query-input":{"@type":"PropertyValueSpecification","valueRequired":true,"valueName":"search_term_string"}}],"inLanguage":"es"},{"@type":"Organization","@id":"https:\/\/fuentesfidedignas.com.mx\/#organization","name":"Fuentes Fidedignas","url":"https:\/\/fuentesfidedignas.com.mx\/","logo":{"@type":"ImageObject","inLanguage":"es","@id":"https:\/\/fuentesfidedignas.com.mx\/#\/schema\/logo\/image\/","url":"https:\/\/fuentesfidedignas.com.mx\/wp-content\/uploads\/2021\/04\/logo-retina.png","contentUrl":"https:\/\/fuentesfidedignas.com.mx\/wp-content\/uploads\/2021\/04\/logo-retina.png","width":280,"height":51,"caption":"Fuentes Fidedignas"},"image":{"@id":"https:\/\/fuentesfidedignas.com.mx\/#\/schema\/logo\/image\/"},"sameAs":["https:\/\/www.facebook.com\/Fuentes-Fidedignas-368234489921644","https:\/\/x.com\/fidedignas"]},{"@type":"Person","@id":"https:\/\/fuentesfidedignas.com.mx\/#\/schema\/person\/331be9283d37198e2acd5750279085b0","name":"Redacci\u00f3n","image":{"@type":"ImageObject","inLanguage":"es","@id":"https:\/\/secure.gravatar.com\/avatar\/f6d8782c11d12b2d4ad3fbb6931aeab5309937a4d6cd2fc9cfaa28a6396a5aec?s=96&d=mm&r=g","url":"https:\/\/secure.gravatar.com\/avatar\/f6d8782c11d12b2d4ad3fbb6931aeab5309937a4d6cd2fc9cfaa28a6396a5aec?s=96&d=mm&r=g","contentUrl":"https:\/\/secure.gravatar.com\/avatar\/f6d8782c11d12b2d4ad3fbb6931aeab5309937a4d6cd2fc9cfaa28a6396a5aec?s=96&d=mm&r=g","caption":"Redacci\u00f3n"},"url":"https:\/\/fuentesfidedignas.com.mx\/index.php\/author\/redaccion\/"}]}},"_links":{"self":[{"href":"https:\/\/fuentesfidedignas.com.mx\/index.php\/wp-json\/wp\/v2\/posts\/41750","targetHints":{"allow":["GET"]}}],"collection":[{"href":"https:\/\/fuentesfidedignas.com.mx\/index.php\/wp-json\/wp\/v2\/posts"}],"about":[{"href":"https:\/\/fuentesfidedignas.com.mx\/index.php\/wp-json\/wp\/v2\/types\/post"}],"author":[{"embeddable":true,"href":"https:\/\/fuentesfidedignas.com.mx\/index.php\/wp-json\/wp\/v2\/users\/4"}],"replies":[{"embeddable":true,"href":"https:\/\/fuentesfidedignas.com.mx\/index.php\/wp-json\/wp\/v2\/comments?post=41750"}],"version-history":[{"count":4,"href":"https:\/\/fuentesfidedignas.com.mx\/index.php\/wp-json\/wp\/v2\/posts\/41750\/revisions"}],"predecessor-version":[{"id":41757,"href":"https:\/\/fuentesfidedignas.com.mx\/index.php\/wp-json\/wp\/v2\/posts\/41750\/revisions\/41757"}],"wp:featuredmedia":[{"embeddable":true,"href":"https:\/\/fuentesfidedignas.com.mx\/index.php\/wp-json\/wp\/v2\/media\/25320"}],"wp:attachment":[{"href":"https:\/\/fuentesfidedignas.com.mx\/index.php\/wp-json\/wp\/v2\/media?parent=41750"}],"wp:term":[{"taxonomy":"category","embeddable":true,"href":"https:\/\/fuentesfidedignas.com.mx\/index.php\/wp-json\/wp\/v2\/categories?post=41750"},{"taxonomy":"post_tag","embeddable":true,"href":"https:\/\/fuentesfidedignas.com.mx\/index.php\/wp-json\/wp\/v2\/tags?post=41750"}],"curies":[{"name":"wp","href":"https:\/\/api.w.org\/{rel}","templated":true}]}}