{"id":41580,"date":"2022-09-02T14:54:45","date_gmt":"2022-09-02T20:54:45","guid":{"rendered":"https:\/\/fuentesfidedignas.com.mx\/?p=41580"},"modified":"2022-09-02T14:54:47","modified_gmt":"2022-09-02T20:54:47","slug":"carlos-slim-propone-semana-laboral-de-3-dias-y-jubilacion-a-los-75-anos","status":"publish","type":"post","link":"https:\/\/fuentesfidedignas.com.mx\/index.php\/2022\/09\/02\/carlos-slim-propone-semana-laboral-de-3-dias-y-jubilacion-a-los-75-anos\/","title":{"rendered":"Carlos Slim propone semana laboral de 3 d\u00edas y jubilaci\u00f3n a los 75 a\u00f1os"},"content":{"rendered":"\n<p><strong><em>Sostuvo que hay ejemplos donde se implementa una reducci\u00f3n a 4 d\u00edas de trabajo por semana, pero dijo que esto no es suficiente<\/em><\/strong><\/p>\n\n\n\n<p>Ciudad de M\u00e9xico.- <strong>El empresario multimillonario, Carlos Slim, propuso esta tarde semanas laborales de 3 d\u00edas, con hasta 36 horas, y una jubilaci\u00f3n a los 75 a\u00f1os para duplicar la oferta de puestos de trabajos que demanda una creciente fuerza productiva mexicana.<\/strong><\/p>\n\n\n\n<p>\u201c<em>Conforme se desarrolle esta nueva civilizaci\u00f3n y sube la productividad a niveles muy altos muchas personas, sobre todo j\u00f3venes, no encuentran empleos o buenos empleos. Entonces ah\u00ed el planteamiento que, creo que de verdad debe de empezarse a adoptar, es que trabaje la mayor\u00eda de la gente 3 d\u00edas, 11 o 12 horas, esto ser\u00edan 36 horas, pero se jubilen hasta los 75 a\u00f1os<\/em>\u201d, coment\u00f3 Slim.<\/p>\n\n\n\n<p>El hombre m\u00e1s rico de M\u00e9xico, durante su participaci\u00f3n en el evento de becarios de la Fundaci\u00f3n&nbsp;<a href=\"https:\/\/www.telcel.com\/\" target=\"_blank\" rel=\"noreferrer noopener\">Telmex<\/a>-Telcel \u201cM\u00e9xico Siglo XXI\u201d, agreg\u00f3 que \u201cla idea de que se jubile una persona a los 60 o 65 a\u00f1os es absurda\u201d y que extender el requisito de edad para acceder a esta prestaci\u00f3n evitar\u00e1 que colapsen tanto las finanzas p\u00fablicas, como los fondos de seguridad social y de pensiones.<\/p>\n\n\n\n<p><strong>\u201c<em>Ser\u00eda muy importante tambi\u00e9n para que los Gobiernos y los fondos de pensiones y de seguridad social no est\u00e9n quebrados ante la incapacidad de financiar las jubilaciones de las personas desde los 60 a los 65 a\u00f1os<\/em>\u201d,\u00a0<\/strong>asever\u00f3.<\/p>\n\n\n\n<h2 class=\"wp-block-heading\" id=\"h-carlos-slim-propone-semana-laboral-de-3-dias-y-jubilacion-a-los-75-anos\">Carlos Slim propone semana laboral de 3 d\u00edas y jubilaci\u00f3n a los 75 a\u00f1os<\/h2>\n\n\n\n<p>Asimismo, recalc\u00f3 que actualmente se constituye una nueva sociedad mexicana que requiere educaci\u00f3n, salud, capacitaci\u00f3n y, sobre todo, \u201c<em>empleo bien remunerado<\/em>\u201d; ya que se encuentra inmiscuida en una \u201c<em>sociedad de servicios<\/em>\u201d, en la que el trabajo f\u00edsico desaparece.<\/p>\n\n\n\n<p>Slim, de 82 a\u00f1os, sostuvo que ya hay ejemplos en el mundo donde se implementa una reducci\u00f3n a 4 d\u00edas de trabajo por semana, pero advirti\u00f3 que esto no es suficiente.<\/p>\n\n\n\n<p>\u201c<em>Bajando el trabajo a 4 d\u00edas no abren nuevas oportunidades, sino que con 3 d\u00edas podr\u00eda duplicarse el empleo en donde esto ocurra<\/em>\u201d, insisti\u00f3.<\/p>\n\n\n\n<p><strong>El due\u00f1o del conglomerado Grupo Carso dijo que la nueva sociedad tambi\u00e9n \u201cdemanda la lucha contra la pobreza y la ignorancia\u201d,\u00a0<\/strong>la cual asegur\u00f3 no es una lucha por cuestiones \u00e9ticas, morales o justicia social, sino \u201c<em>una necesidad econ\u00f3mica de esta nueva civilizaci\u00f3n<\/em>\u201d.<\/p>\n\n\n\n<p>Tambi\u00e9n coment\u00f3 que los nuevos trabajos deber\u00e1n apuntar a los sectores de la educaci\u00f3n, cultura, entretenimiento y el turismo, entre otros.<\/p>\n","protected":false},"excerpt":{"rendered":"<p>Sostuvo que hay ejemplos donde se implementa una reducci\u00f3n a 4 d\u00edas de trabajo por semana, pero dijo que esto no es suficiente Ciudad de M\u00e9xico.- El empresario multimillonario, Carlos Slim, propuso esta tarde semanas laborales de 3 d\u00edas, con hasta 36 horas, y una jubilaci\u00f3n a los 75 a\u00f1os para duplicar la oferta de [&hellip;]<\/p>\n","protected":false},"author":5,"featured_media":41581,"comment_status":"open","ping_status":"open","sticky":false,"template":"","format":"standard","meta":{"tdm_status":"","tdm_grid_status":"","footnotes":""},"categories":[39],"tags":[],"class_list":{"0":"post-41580","1":"post","2":"type-post","3":"status-publish","4":"format-standard","5":"has-post-thumbnail","7":"category-noticias-nacionales"},"yoast_head":"<!-- This site is optimized with the Yoast SEO plugin v27.4 - https:\/\/yoast.com\/product\/yoast-seo-wordpress\/ -->\n<title>Carlos Slim propone semana laboral de 3 d\u00edas y jubilaci\u00f3n a los 75 a\u00f1os - Fuentes Fidedignas<\/title>\n<meta name=\"robots\" content=\"index, follow, max-snippet:-1, max-image-preview:large, max-video-preview:-1\" \/>\n<link rel=\"canonical\" href=\"https:\/\/fuentesfidedignas.com.mx\/index.php\/2022\/09\/02\/carlos-slim-propone-semana-laboral-de-3-dias-y-jubilacion-a-los-75-anos\/\" \/>\n<meta property=\"og:locale\" content=\"es_MX\" \/>\n<meta property=\"og:type\" content=\"article\" \/>\n<meta property=\"og:title\" content=\"Carlos Slim propone semana laboral de 3 d\u00edas y jubilaci\u00f3n a los 75 a\u00f1os - Fuentes Fidedignas\" \/>\n<meta property=\"og:description\" content=\"Sostuvo que hay ejemplos donde se implementa una reducci\u00f3n a 4 d\u00edas de trabajo por semana, pero dijo que esto no es suficiente Ciudad de M\u00e9xico.- El empresario multimillonario, Carlos Slim, propuso esta tarde semanas laborales de 3 d\u00edas, con hasta 36 horas, y una jubilaci\u00f3n a los 75 a\u00f1os para duplicar la oferta de [&hellip;]\" \/>\n<meta property=\"og:url\" content=\"https:\/\/fuentesfidedignas.com.mx\/index.php\/2022\/09\/02\/carlos-slim-propone-semana-laboral-de-3-dias-y-jubilacion-a-los-75-anos\/\" \/>\n<meta property=\"og:site_name\" content=\"Fuentes Fidedignas\" \/>\n<meta property=\"article:publisher\" content=\"https:\/\/www.facebook.com\/Fuentes-Fidedignas-368234489921644\" \/>\n<meta property=\"article:published_time\" content=\"2022-09-02T20:54:45+00:00\" \/>\n<meta property=\"article:modified_time\" content=\"2022-09-02T20:54:47+00:00\" \/>\n<meta property=\"og:image\" content=\"https:\/\/fuentesfidedignas.com.mx\/wp-content\/uploads\/2022\/09\/slim6.jpg\" \/>\n\t<meta property=\"og:image:width\" content=\"1280\" \/>\n\t<meta property=\"og:image:height\" content=\"720\" \/>\n\t<meta property=\"og:image:type\" content=\"image\/jpeg\" \/>\n<meta name=\"author\" content=\"Forbes\" \/>\n<meta name=\"twitter:card\" content=\"summary_large_image\" \/>\n<meta name=\"twitter:creator\" content=\"@fidedignas\" \/>\n<meta name=\"twitter:site\" content=\"@fidedignas\" \/>\n<meta name=\"twitter:label1\" content=\"Escrito por\" \/>\n\t<meta name=\"twitter:data1\" content=\"Forbes\" \/>\n\t<meta name=\"twitter:label2\" content=\"Tiempo de lectura\" \/>\n\t<meta name=\"twitter:data2\" content=\"2 minutos\" \/>\n<script type=\"application\/ld+json\" class=\"yoast-schema-graph\">{\"@context\":\"https:\\\/\\\/schema.org\",\"@graph\":[{\"@type\":\"Article\",\"@id\":\"https:\\\/\\\/fuentesfidedignas.com.mx\\\/index.php\\\/2022\\\/09\\\/02\\\/carlos-slim-propone-semana-laboral-de-3-dias-y-jubilacion-a-los-75-anos\\\/#article\",\"isPartOf\":{\"@id\":\"https:\\\/\\\/fuentesfidedignas.com.mx\\\/index.php\\\/2022\\\/09\\\/02\\\/carlos-slim-propone-semana-laboral-de-3-dias-y-jubilacion-a-los-75-anos\\\/\"},\"author\":{\"name\":\"Forbes\",\"@id\":\"https:\\\/\\\/fuentesfidedignas.com.mx\\\/#\\\/schema\\\/person\\\/5623d53fe2e579d825b1679734abcc44\"},\"headline\":\"Carlos Slim propone semana laboral de 3 d\u00edas y jubilaci\u00f3n a los 75 a\u00f1os\",\"datePublished\":\"2022-09-02T20:54:45+00:00\",\"dateModified\":\"2022-09-02T20:54:47+00:00\",\"mainEntityOfPage\":{\"@id\":\"https:\\\/\\\/fuentesfidedignas.com.mx\\\/index.php\\\/2022\\\/09\\\/02\\\/carlos-slim-propone-semana-laboral-de-3-dias-y-jubilacion-a-los-75-anos\\\/\"},\"wordCount\":448,\"commentCount\":0,\"publisher\":{\"@id\":\"https:\\\/\\\/fuentesfidedignas.com.mx\\\/#organization\"},\"image\":{\"@id\":\"https:\\\/\\\/fuentesfidedignas.com.mx\\\/index.php\\\/2022\\\/09\\\/02\\\/carlos-slim-propone-semana-laboral-de-3-dias-y-jubilacion-a-los-75-anos\\\/#primaryimage\"},\"thumbnailUrl\":\"https:\\\/\\\/fuentesfidedignas.com.mx\\\/wp-content\\\/uploads\\\/2022\\\/09\\\/slim6.jpg\",\"articleSection\":[\"NOTICIAS NACIONALES\"],\"inLanguage\":\"es\",\"potentialAction\":[{\"@type\":\"CommentAction\",\"name\":\"Comment\",\"target\":[\"https:\\\/\\\/fuentesfidedignas.com.mx\\\/index.php\\\/2022\\\/09\\\/02\\\/carlos-slim-propone-semana-laboral-de-3-dias-y-jubilacion-a-los-75-anos\\\/#respond\"]}]},{\"@type\":\"WebPage\",\"@id\":\"https:\\\/\\\/fuentesfidedignas.com.mx\\\/index.php\\\/2022\\\/09\\\/02\\\/carlos-slim-propone-semana-laboral-de-3-dias-y-jubilacion-a-los-75-anos\\\/\",\"url\":\"https:\\\/\\\/fuentesfidedignas.com.mx\\\/index.php\\\/2022\\\/09\\\/02\\\/carlos-slim-propone-semana-laboral-de-3-dias-y-jubilacion-a-los-75-anos\\\/\",\"name\":\"Carlos Slim propone semana laboral de 3 d\u00edas y jubilaci\u00f3n a los 75 a\u00f1os - Fuentes Fidedignas\",\"isPartOf\":{\"@id\":\"https:\\\/\\\/fuentesfidedignas.com.mx\\\/#website\"},\"primaryImageOfPage\":{\"@id\":\"https:\\\/\\\/fuentesfidedignas.com.mx\\\/index.php\\\/2022\\\/09\\\/02\\\/carlos-slim-propone-semana-laboral-de-3-dias-y-jubilacion-a-los-75-anos\\\/#primaryimage\"},\"image\":{\"@id\":\"https:\\\/\\\/fuentesfidedignas.com.mx\\\/index.php\\\/2022\\\/09\\\/02\\\/carlos-slim-propone-semana-laboral-de-3-dias-y-jubilacion-a-los-75-anos\\\/#primaryimage\"},\"thumbnailUrl\":\"https:\\\/\\\/fuentesfidedignas.com.mx\\\/wp-content\\\/uploads\\\/2022\\\/09\\\/slim6.jpg\",\"datePublished\":\"2022-09-02T20:54:45+00:00\",\"dateModified\":\"2022-09-02T20:54:47+00:00\",\"breadcrumb\":{\"@id\":\"https:\\\/\\\/fuentesfidedignas.com.mx\\\/index.php\\\/2022\\\/09\\\/02\\\/carlos-slim-propone-semana-laboral-de-3-dias-y-jubilacion-a-los-75-anos\\\/#breadcrumb\"},\"inLanguage\":\"es\",\"potentialAction\":[{\"@type\":\"ReadAction\",\"target\":[\"https:\\\/\\\/fuentesfidedignas.com.mx\\\/index.php\\\/2022\\\/09\\\/02\\\/carlos-slim-propone-semana-laboral-de-3-dias-y-jubilacion-a-los-75-anos\\\/\"]}]},{\"@type\":\"ImageObject\",\"inLanguage\":\"es\",\"@id\":\"https:\\\/\\\/fuentesfidedignas.com.mx\\\/index.php\\\/2022\\\/09\\\/02\\\/carlos-slim-propone-semana-laboral-de-3-dias-y-jubilacion-a-los-75-anos\\\/#primaryimage\",\"url\":\"https:\\\/\\\/fuentesfidedignas.com.mx\\\/wp-content\\\/uploads\\\/2022\\\/09\\\/slim6.jpg\",\"contentUrl\":\"https:\\\/\\\/fuentesfidedignas.com.mx\\\/wp-content\\\/uploads\\\/2022\\\/09\\\/slim6.jpg\",\"width\":1280,\"height\":720},{\"@type\":\"BreadcrumbList\",\"@id\":\"https:\\\/\\\/fuentesfidedignas.com.mx\\\/index.php\\\/2022\\\/09\\\/02\\\/carlos-slim-propone-semana-laboral-de-3-dias-y-jubilacion-a-los-75-anos\\\/#breadcrumb\",\"itemListElement\":[{\"@type\":\"ListItem\",\"position\":1,\"name\":\"Inicio\",\"item\":\"https:\\\/\\\/fuentesfidedignas.com.mx\\\/\"},{\"@type\":\"ListItem\",\"position\":2,\"name\":\"Carlos Slim propone semana laboral de 3 d\u00edas y jubilaci\u00f3n a los 75 a\u00f1os\"}]},{\"@type\":\"WebSite\",\"@id\":\"https:\\\/\\\/fuentesfidedignas.com.mx\\\/#website\",\"url\":\"https:\\\/\\\/fuentesfidedignas.com.mx\\\/\",\"name\":\"Fuentes Fidedignas\",\"description\":\"Otro sitio realizado con WordPress\",\"publisher\":{\"@id\":\"https:\\\/\\\/fuentesfidedignas.com.mx\\\/#organization\"},\"potentialAction\":[{\"@type\":\"SearchAction\",\"target\":{\"@type\":\"EntryPoint\",\"urlTemplate\":\"https:\\\/\\\/fuentesfidedignas.com.mx\\\/?s={search_term_string}\"},\"query-input\":{\"@type\":\"PropertyValueSpecification\",\"valueRequired\":true,\"valueName\":\"search_term_string\"}}],\"inLanguage\":\"es\"},{\"@type\":\"Organization\",\"@id\":\"https:\\\/\\\/fuentesfidedignas.com.mx\\\/#organization\",\"name\":\"Fuentes Fidedignas\",\"url\":\"https:\\\/\\\/fuentesfidedignas.com.mx\\\/\",\"logo\":{\"@type\":\"ImageObject\",\"inLanguage\":\"es\",\"@id\":\"https:\\\/\\\/fuentesfidedignas.com.mx\\\/#\\\/schema\\\/logo\\\/image\\\/\",\"url\":\"https:\\\/\\\/fuentesfidedignas.com.mx\\\/wp-content\\\/uploads\\\/2021\\\/04\\\/logo-retina.png\",\"contentUrl\":\"https:\\\/\\\/fuentesfidedignas.com.mx\\\/wp-content\\\/uploads\\\/2021\\\/04\\\/logo-retina.png\",\"width\":280,\"height\":51,\"caption\":\"Fuentes Fidedignas\"},\"image\":{\"@id\":\"https:\\\/\\\/fuentesfidedignas.com.mx\\\/#\\\/schema\\\/logo\\\/image\\\/\"},\"sameAs\":[\"https:\\\/\\\/www.facebook.com\\\/Fuentes-Fidedignas-368234489921644\",\"https:\\\/\\\/x.com\\\/fidedignas\"]},{\"@type\":\"Person\",\"@id\":\"https:\\\/\\\/fuentesfidedignas.com.mx\\\/#\\\/schema\\\/person\\\/5623d53fe2e579d825b1679734abcc44\",\"name\":\"Forbes\",\"image\":{\"@type\":\"ImageObject\",\"inLanguage\":\"es\",\"@id\":\"https:\\\/\\\/secure.gravatar.com\\\/avatar\\\/87ce3dd4e41e60c22a79c758614f01a6bc2469255fc936ec7b15efb9bb5cb66f?s=96&d=mm&r=g\",\"url\":\"https:\\\/\\\/secure.gravatar.com\\\/avatar\\\/87ce3dd4e41e60c22a79c758614f01a6bc2469255fc936ec7b15efb9bb5cb66f?s=96&d=mm&r=g\",\"contentUrl\":\"https:\\\/\\\/secure.gravatar.com\\\/avatar\\\/87ce3dd4e41e60c22a79c758614f01a6bc2469255fc936ec7b15efb9bb5cb66f?s=96&d=mm&r=g\",\"caption\":\"Forbes\"},\"url\":\"https:\\\/\\\/fuentesfidedignas.com.mx\\\/index.php\\\/author\\\/forbes\\\/\"}]}<\/script>\n<!-- \/ Yoast SEO plugin. -->","yoast_head_json":{"title":"Carlos Slim propone semana laboral de 3 d\u00edas y jubilaci\u00f3n a los 75 a\u00f1os - Fuentes Fidedignas","robots":{"index":"index","follow":"follow","max-snippet":"max-snippet:-1","max-image-preview":"max-image-preview:large","max-video-preview":"max-video-preview:-1"},"canonical":"https:\/\/fuentesfidedignas.com.mx\/index.php\/2022\/09\/02\/carlos-slim-propone-semana-laboral-de-3-dias-y-jubilacion-a-los-75-anos\/","og_locale":"es_MX","og_type":"article","og_title":"Carlos Slim propone semana laboral de 3 d\u00edas y jubilaci\u00f3n a los 75 a\u00f1os - Fuentes Fidedignas","og_description":"Sostuvo que hay ejemplos donde se implementa una reducci\u00f3n a 4 d\u00edas de trabajo por semana, pero dijo que esto no es suficiente Ciudad de M\u00e9xico.- El empresario multimillonario, Carlos Slim, propuso esta tarde semanas laborales de 3 d\u00edas, con hasta 36 horas, y una jubilaci\u00f3n a los 75 a\u00f1os para duplicar la oferta de [&hellip;]","og_url":"https:\/\/fuentesfidedignas.com.mx\/index.php\/2022\/09\/02\/carlos-slim-propone-semana-laboral-de-3-dias-y-jubilacion-a-los-75-anos\/","og_site_name":"Fuentes Fidedignas","article_publisher":"https:\/\/www.facebook.com\/Fuentes-Fidedignas-368234489921644","article_published_time":"2022-09-02T20:54:45+00:00","article_modified_time":"2022-09-02T20:54:47+00:00","og_image":[{"width":1280,"height":720,"url":"https:\/\/fuentesfidedignas.com.mx\/wp-content\/uploads\/2022\/09\/slim6.jpg","type":"image\/jpeg"}],"author":"Forbes","twitter_card":"summary_large_image","twitter_creator":"@fidedignas","twitter_site":"@fidedignas","twitter_misc":{"Escrito por":"Forbes","Tiempo de lectura":"2 minutos"},"schema":{"@context":"https:\/\/schema.org","@graph":[{"@type":"Article","@id":"https:\/\/fuentesfidedignas.com.mx\/index.php\/2022\/09\/02\/carlos-slim-propone-semana-laboral-de-3-dias-y-jubilacion-a-los-75-anos\/#article","isPartOf":{"@id":"https:\/\/fuentesfidedignas.com.mx\/index.php\/2022\/09\/02\/carlos-slim-propone-semana-laboral-de-3-dias-y-jubilacion-a-los-75-anos\/"},"author":{"name":"Forbes","@id":"https:\/\/fuentesfidedignas.com.mx\/#\/schema\/person\/5623d53fe2e579d825b1679734abcc44"},"headline":"Carlos Slim propone semana laboral de 3 d\u00edas y jubilaci\u00f3n a los 75 a\u00f1os","datePublished":"2022-09-02T20:54:45+00:00","dateModified":"2022-09-02T20:54:47+00:00","mainEntityOfPage":{"@id":"https:\/\/fuentesfidedignas.com.mx\/index.php\/2022\/09\/02\/carlos-slim-propone-semana-laboral-de-3-dias-y-jubilacion-a-los-75-anos\/"},"wordCount":448,"commentCount":0,"publisher":{"@id":"https:\/\/fuentesfidedignas.com.mx\/#organization"},"image":{"@id":"https:\/\/fuentesfidedignas.com.mx\/index.php\/2022\/09\/02\/carlos-slim-propone-semana-laboral-de-3-dias-y-jubilacion-a-los-75-anos\/#primaryimage"},"thumbnailUrl":"https:\/\/fuentesfidedignas.com.mx\/wp-content\/uploads\/2022\/09\/slim6.jpg","articleSection":["NOTICIAS NACIONALES"],"inLanguage":"es","potentialAction":[{"@type":"CommentAction","name":"Comment","target":["https:\/\/fuentesfidedignas.com.mx\/index.php\/2022\/09\/02\/carlos-slim-propone-semana-laboral-de-3-dias-y-jubilacion-a-los-75-anos\/#respond"]}]},{"@type":"WebPage","@id":"https:\/\/fuentesfidedignas.com.mx\/index.php\/2022\/09\/02\/carlos-slim-propone-semana-laboral-de-3-dias-y-jubilacion-a-los-75-anos\/","url":"https:\/\/fuentesfidedignas.com.mx\/index.php\/2022\/09\/02\/carlos-slim-propone-semana-laboral-de-3-dias-y-jubilacion-a-los-75-anos\/","name":"Carlos Slim propone semana laboral de 3 d\u00edas y jubilaci\u00f3n a los 75 a\u00f1os - Fuentes Fidedignas","isPartOf":{"@id":"https:\/\/fuentesfidedignas.com.mx\/#website"},"primaryImageOfPage":{"@id":"https:\/\/fuentesfidedignas.com.mx\/index.php\/2022\/09\/02\/carlos-slim-propone-semana-laboral-de-3-dias-y-jubilacion-a-los-75-anos\/#primaryimage"},"image":{"@id":"https:\/\/fuentesfidedignas.com.mx\/index.php\/2022\/09\/02\/carlos-slim-propone-semana-laboral-de-3-dias-y-jubilacion-a-los-75-anos\/#primaryimage"},"thumbnailUrl":"https:\/\/fuentesfidedignas.com.mx\/wp-content\/uploads\/2022\/09\/slim6.jpg","datePublished":"2022-09-02T20:54:45+00:00","dateModified":"2022-09-02T20:54:47+00:00","breadcrumb":{"@id":"https:\/\/fuentesfidedignas.com.mx\/index.php\/2022\/09\/02\/carlos-slim-propone-semana-laboral-de-3-dias-y-jubilacion-a-los-75-anos\/#breadcrumb"},"inLanguage":"es","potentialAction":[{"@type":"ReadAction","target":["https:\/\/fuentesfidedignas.com.mx\/index.php\/2022\/09\/02\/carlos-slim-propone-semana-laboral-de-3-dias-y-jubilacion-a-los-75-anos\/"]}]},{"@type":"ImageObject","inLanguage":"es","@id":"https:\/\/fuentesfidedignas.com.mx\/index.php\/2022\/09\/02\/carlos-slim-propone-semana-laboral-de-3-dias-y-jubilacion-a-los-75-anos\/#primaryimage","url":"https:\/\/fuentesfidedignas.com.mx\/wp-content\/uploads\/2022\/09\/slim6.jpg","contentUrl":"https:\/\/fuentesfidedignas.com.mx\/wp-content\/uploads\/2022\/09\/slim6.jpg","width":1280,"height":720},{"@type":"BreadcrumbList","@id":"https:\/\/fuentesfidedignas.com.mx\/index.php\/2022\/09\/02\/carlos-slim-propone-semana-laboral-de-3-dias-y-jubilacion-a-los-75-anos\/#breadcrumb","itemListElement":[{"@type":"ListItem","position":1,"name":"Inicio","item":"https:\/\/fuentesfidedignas.com.mx\/"},{"@type":"ListItem","position":2,"name":"Carlos Slim propone semana laboral de 3 d\u00edas y jubilaci\u00f3n a los 75 a\u00f1os"}]},{"@type":"WebSite","@id":"https:\/\/fuentesfidedignas.com.mx\/#website","url":"https:\/\/fuentesfidedignas.com.mx\/","name":"Fuentes Fidedignas","description":"Otro sitio realizado con WordPress","publisher":{"@id":"https:\/\/fuentesfidedignas.com.mx\/#organization"},"potentialAction":[{"@type":"SearchAction","target":{"@type":"EntryPoint","urlTemplate":"https:\/\/fuentesfidedignas.com.mx\/?s={search_term_string}"},"query-input":{"@type":"PropertyValueSpecification","valueRequired":true,"valueName":"search_term_string"}}],"inLanguage":"es"},{"@type":"Organization","@id":"https:\/\/fuentesfidedignas.com.mx\/#organization","name":"Fuentes Fidedignas","url":"https:\/\/fuentesfidedignas.com.mx\/","logo":{"@type":"ImageObject","inLanguage":"es","@id":"https:\/\/fuentesfidedignas.com.mx\/#\/schema\/logo\/image\/","url":"https:\/\/fuentesfidedignas.com.mx\/wp-content\/uploads\/2021\/04\/logo-retina.png","contentUrl":"https:\/\/fuentesfidedignas.com.mx\/wp-content\/uploads\/2021\/04\/logo-retina.png","width":280,"height":51,"caption":"Fuentes Fidedignas"},"image":{"@id":"https:\/\/fuentesfidedignas.com.mx\/#\/schema\/logo\/image\/"},"sameAs":["https:\/\/www.facebook.com\/Fuentes-Fidedignas-368234489921644","https:\/\/x.com\/fidedignas"]},{"@type":"Person","@id":"https:\/\/fuentesfidedignas.com.mx\/#\/schema\/person\/5623d53fe2e579d825b1679734abcc44","name":"Forbes","image":{"@type":"ImageObject","inLanguage":"es","@id":"https:\/\/secure.gravatar.com\/avatar\/87ce3dd4e41e60c22a79c758614f01a6bc2469255fc936ec7b15efb9bb5cb66f?s=96&d=mm&r=g","url":"https:\/\/secure.gravatar.com\/avatar\/87ce3dd4e41e60c22a79c758614f01a6bc2469255fc936ec7b15efb9bb5cb66f?s=96&d=mm&r=g","contentUrl":"https:\/\/secure.gravatar.com\/avatar\/87ce3dd4e41e60c22a79c758614f01a6bc2469255fc936ec7b15efb9bb5cb66f?s=96&d=mm&r=g","caption":"Forbes"},"url":"https:\/\/fuentesfidedignas.com.mx\/index.php\/author\/forbes\/"}]}},"_links":{"self":[{"href":"https:\/\/fuentesfidedignas.com.mx\/index.php\/wp-json\/wp\/v2\/posts\/41580","targetHints":{"allow":["GET"]}}],"collection":[{"href":"https:\/\/fuentesfidedignas.com.mx\/index.php\/wp-json\/wp\/v2\/posts"}],"about":[{"href":"https:\/\/fuentesfidedignas.com.mx\/index.php\/wp-json\/wp\/v2\/types\/post"}],"author":[{"embeddable":true,"href":"https:\/\/fuentesfidedignas.com.mx\/index.php\/wp-json\/wp\/v2\/users\/5"}],"replies":[{"embeddable":true,"href":"https:\/\/fuentesfidedignas.com.mx\/index.php\/wp-json\/wp\/v2\/comments?post=41580"}],"version-history":[{"count":1,"href":"https:\/\/fuentesfidedignas.com.mx\/index.php\/wp-json\/wp\/v2\/posts\/41580\/revisions"}],"predecessor-version":[{"id":41582,"href":"https:\/\/fuentesfidedignas.com.mx\/index.php\/wp-json\/wp\/v2\/posts\/41580\/revisions\/41582"}],"wp:featuredmedia":[{"embeddable":true,"href":"https:\/\/fuentesfidedignas.com.mx\/index.php\/wp-json\/wp\/v2\/media\/41581"}],"wp:attachment":[{"href":"https:\/\/fuentesfidedignas.com.mx\/index.php\/wp-json\/wp\/v2\/media?parent=41580"}],"wp:term":[{"taxonomy":"category","embeddable":true,"href":"https:\/\/fuentesfidedignas.com.mx\/index.php\/wp-json\/wp\/v2\/categories?post=41580"},{"taxonomy":"post_tag","embeddable":true,"href":"https:\/\/fuentesfidedignas.com.mx\/index.php\/wp-json\/wp\/v2\/tags?post=41580"}],"curies":[{"name":"wp","href":"https:\/\/api.w.org\/{rel}","templated":true}]}}