{"id":41535,"date":"2022-09-02T06:15:27","date_gmt":"2022-09-02T12:15:27","guid":{"rendered":"https:\/\/fuentesfidedignas.com.mx\/?p=41535"},"modified":"2022-09-02T06:15:29","modified_gmt":"2022-09-02T12:15:29","slug":"la-depresion-tropical-once-e-se-intensifico-a-tormenta-tropical-su-nombre-es-javier","status":"publish","type":"post","link":"https:\/\/fuentesfidedignas.com.mx\/index.php\/2022\/09\/02\/la-depresion-tropical-once-e-se-intensifico-a-tormenta-tropical-su-nombre-es-javier\/","title":{"rendered":"La Depresi\u00f3n Tropical Once-E se intensific\u00f3 a tormenta tropical, su nombre es &#8220;Javier&#8221;"},"content":{"rendered":"\n<p><strong><em>Se prev\u00e9n lluvias de muy fuertes a intensas en Baja California Sur, y lluvias fuertes a muy fuertes en Durango, Jalisco, Nayarit y Sinaloa.<\/em><\/strong><\/p>\n\n\n\n<p>Ciudad de M\u00e9xico.- A las 04:00 horas, tiempo del centro de M\u00e9xico, la Depresi\u00f3n Tropical Once-E sobre el Oc\u00e9ano Pac\u00edfico, se intensific\u00f3 a la tormenta tropical Javier. Su centro se localiz\u00f3 aproximadamente a 380 kil\u00f3metros (km) al sur-suroeste de Cabo San Lucas, Baja<br>California Sur. <\/p>\n\n\n\n<p>Tiene vientos m\u00e1ximos sostenidos de 65 kil\u00f3metros por hora (km\/h), rachas de 85 km\/h y desplazamiento hacia el noroeste a 17 km\/h.<\/p>\n\n\n\n<p>Las bandas nubosas del sistema generan lluvias de muy fuertes a intensas (de 75 a 150 mil\u00edmetros [mm]) en Baja California Sur, y reforzar\u00e1 el potencial de lluvias fuertes a muy fuertes (de 50 a 75 mm) en Durango, Jalisco, Nayarit y Sinaloa.<\/p>\n\n\n\n<p>Tambi\u00e9n, se pronostican rachas de viento de 60 a 70 km\/h en Baja California Sur, rachas de viento de 50 a 60 km\/h en el sur del Golfo de California y costas de Jalisco, Nayarit y Sinaloa, as\u00ed como oleaje elevado de 2 a 4 metros de altura en la costa de Baja California Sur, y de 1 a 3 m en sur del Golfo de California, y el litoral de Jalisco, Nayarit y Sinaloa.<\/p>\n\n\n\n<p>Las precipitaciones generadas por este sistema pueden incrementar el nivel de r\u00edos y arroyos, y provocar desbordamientos e inundaciones en zonas de los estados mencionados, por lo que se exhorta a la poblaci\u00f3n a atender los avisos del Servicio Meteorol\u00f3gico Nacional (SMN), de la Comisi\u00f3n Nacional del Agua (Conagua), y seguir las indicaciones de las autoridades estatales, municipales y de Protecci\u00f3n Civil. A la navegaci\u00f3n mar\u00edtima se le hace un llamado a extremar precauciones por vientos fuertes y oleaje elevado.<\/p>\n\n\n\n<figure class=\"wp-block-embed is-type-rich is-provider-twitter wp-block-embed-twitter\"><div class=\"wp-block-embed__wrapper\">\n<blockquote class=\"twitter-tweet\" data-width=\"550\" data-dnt=\"true\"><p lang=\"es\" dir=\"ltr\">En el gr\u00e1fico se indica informaci\u00f3n actualizada de la <a href=\"https:\/\/twitter.com\/hashtag\/TormentaTropical?src=hash&amp;ref_src=twsrc%5Etfw\">#TormentaTropical<\/a> &quot;Javier&quot; que se encuentra a 360 km al sur-suroeste de Cabo San Lucas, B.C.S. M\u00e1s informaci\u00f3n del sistema cons\u00faltala en <a href=\"https:\/\/t.co\/VVYNAkfJiY\">https:\/\/t.co\/VVYNAkfJiY<\/a> <a href=\"https:\/\/t.co\/1b31EvyIXu\">pic.twitter.com\/1b31EvyIXu<\/a><\/p>&mdash; CONAGUA Clima (@conagua_clima) <a href=\"https:\/\/twitter.com\/conagua_clima\/status\/1565672080158457857?ref_src=twsrc%5Etfw\">September 2, 2022<\/a><\/blockquote><script async src=\"https:\/\/platform.twitter.com\/widgets.js\" charset=\"utf-8\"><\/script>\n<\/div><\/figure>\n","protected":false},"excerpt":{"rendered":"<p>Se prev\u00e9n lluvias de muy fuertes a intensas en Baja California Sur, y lluvias fuertes a muy fuertes en Durango, Jalisco, Nayarit y Sinaloa. Ciudad de M\u00e9xico.- A las 04:00 horas, tiempo del centro de M\u00e9xico, la Depresi\u00f3n Tropical Once-E sobre el Oc\u00e9ano Pac\u00edfico, se intensific\u00f3 a la tormenta tropical Javier. Su centro se localiz\u00f3 [&hellip;]<\/p>\n","protected":false},"author":63,"featured_media":41536,"comment_status":"open","ping_status":"open","sticky":false,"template":"","format":"standard","meta":{"tdm_status":"","tdm_grid_status":"","footnotes":""},"categories":[39],"tags":[],"class_list":{"0":"post-41535","1":"post","2":"type-post","3":"status-publish","4":"format-standard","5":"has-post-thumbnail","7":"category-noticias-nacionales"},"yoast_head":"<!-- This site is optimized with the Yoast SEO plugin v27.5 - https:\/\/yoast.com\/product\/yoast-seo-wordpress\/ -->\n<title>La Depresi\u00f3n Tropical Once-E se intensific\u00f3 a tormenta tropical, su nombre es &quot;Javier&quot; - Fuentes Fidedignas<\/title>\n<meta name=\"robots\" content=\"index, follow, max-snippet:-1, max-image-preview:large, max-video-preview:-1\" \/>\n<link rel=\"canonical\" href=\"https:\/\/fuentesfidedignas.com.mx\/index.php\/2022\/09\/02\/la-depresion-tropical-once-e-se-intensifico-a-tormenta-tropical-su-nombre-es-javier\/\" \/>\n<meta property=\"og:locale\" content=\"es_MX\" \/>\n<meta property=\"og:type\" content=\"article\" \/>\n<meta property=\"og:title\" content=\"La Depresi\u00f3n Tropical Once-E se intensific\u00f3 a tormenta tropical, su nombre es &quot;Javier&quot; - Fuentes Fidedignas\" \/>\n<meta property=\"og:description\" content=\"Se prev\u00e9n lluvias de muy fuertes a intensas en Baja California Sur, y lluvias fuertes a muy fuertes en Durango, Jalisco, Nayarit y Sinaloa. Ciudad de M\u00e9xico.- A las 04:00 horas, tiempo del centro de M\u00e9xico, la Depresi\u00f3n Tropical Once-E sobre el Oc\u00e9ano Pac\u00edfico, se intensific\u00f3 a la tormenta tropical Javier. Su centro se localiz\u00f3 [&hellip;]\" \/>\n<meta property=\"og:url\" content=\"https:\/\/fuentesfidedignas.com.mx\/index.php\/2022\/09\/02\/la-depresion-tropical-once-e-se-intensifico-a-tormenta-tropical-su-nombre-es-javier\/\" \/>\n<meta property=\"og:site_name\" content=\"Fuentes Fidedignas\" \/>\n<meta property=\"article:publisher\" content=\"https:\/\/www.facebook.com\/Fuentes-Fidedignas-368234489921644\" \/>\n<meta property=\"article:published_time\" content=\"2022-09-02T12:15:27+00:00\" \/>\n<meta property=\"article:modified_time\" content=\"2022-09-02T12:15:29+00:00\" \/>\n<meta property=\"og:image\" content=\"https:\/\/fuentesfidedignas.com.mx\/wp-content\/uploads\/2022\/09\/JAVIER_TORMRNTA.jpg\" \/>\n\t<meta property=\"og:image:width\" content=\"1484\" \/>\n\t<meta property=\"og:image:height\" content=\"703\" \/>\n\t<meta property=\"og:image:type\" content=\"image\/jpeg\" \/>\n<meta name=\"author\" content=\"Servicio Meteorol\u00f3gico Nacional\" \/>\n<meta name=\"twitter:card\" content=\"summary_large_image\" \/>\n<meta name=\"twitter:creator\" content=\"@fidedignas\" \/>\n<meta name=\"twitter:site\" content=\"@fidedignas\" \/>\n<meta name=\"twitter:label1\" content=\"Escrito por\" \/>\n\t<meta name=\"twitter:data1\" content=\"Servicio Meteorol\u00f3gico Nacional\" \/>\n\t<meta name=\"twitter:label2\" content=\"Tiempo de lectura\" \/>\n\t<meta name=\"twitter:data2\" content=\"2 minutos\" \/>\n<script type=\"application\/ld+json\" class=\"yoast-schema-graph\">{\"@context\":\"https:\\\/\\\/schema.org\",\"@graph\":[{\"@type\":\"Article\",\"@id\":\"https:\\\/\\\/fuentesfidedignas.com.mx\\\/index.php\\\/2022\\\/09\\\/02\\\/la-depresion-tropical-once-e-se-intensifico-a-tormenta-tropical-su-nombre-es-javier\\\/#article\",\"isPartOf\":{\"@id\":\"https:\\\/\\\/fuentesfidedignas.com.mx\\\/index.php\\\/2022\\\/09\\\/02\\\/la-depresion-tropical-once-e-se-intensifico-a-tormenta-tropical-su-nombre-es-javier\\\/\"},\"author\":{\"name\":\"Servicio Meteorol\u00f3gico Nacional\",\"@id\":\"https:\\\/\\\/fuentesfidedignas.com.mx\\\/#\\\/schema\\\/person\\\/7f1302cc0e63ddabb10159d4a49bfd19\"},\"headline\":\"La Depresi\u00f3n Tropical Once-E se intensific\u00f3 a tormenta tropical, su nombre es &#8220;Javier&#8221;\",\"datePublished\":\"2022-09-02T12:15:27+00:00\",\"dateModified\":\"2022-09-02T12:15:29+00:00\",\"mainEntityOfPage\":{\"@id\":\"https:\\\/\\\/fuentesfidedignas.com.mx\\\/index.php\\\/2022\\\/09\\\/02\\\/la-depresion-tropical-once-e-se-intensifico-a-tormenta-tropical-su-nombre-es-javier\\\/\"},\"wordCount\":315,\"commentCount\":0,\"publisher\":{\"@id\":\"https:\\\/\\\/fuentesfidedignas.com.mx\\\/#organization\"},\"image\":{\"@id\":\"https:\\\/\\\/fuentesfidedignas.com.mx\\\/index.php\\\/2022\\\/09\\\/02\\\/la-depresion-tropical-once-e-se-intensifico-a-tormenta-tropical-su-nombre-es-javier\\\/#primaryimage\"},\"thumbnailUrl\":\"https:\\\/\\\/fuentesfidedignas.com.mx\\\/wp-content\\\/uploads\\\/2022\\\/09\\\/JAVIER_TORMRNTA.jpg\",\"articleSection\":[\"NOTICIAS NACIONALES\"],\"inLanguage\":\"es\",\"potentialAction\":[{\"@type\":\"CommentAction\",\"name\":\"Comment\",\"target\":[\"https:\\\/\\\/fuentesfidedignas.com.mx\\\/index.php\\\/2022\\\/09\\\/02\\\/la-depresion-tropical-once-e-se-intensifico-a-tormenta-tropical-su-nombre-es-javier\\\/#respond\"]}]},{\"@type\":\"WebPage\",\"@id\":\"https:\\\/\\\/fuentesfidedignas.com.mx\\\/index.php\\\/2022\\\/09\\\/02\\\/la-depresion-tropical-once-e-se-intensifico-a-tormenta-tropical-su-nombre-es-javier\\\/\",\"url\":\"https:\\\/\\\/fuentesfidedignas.com.mx\\\/index.php\\\/2022\\\/09\\\/02\\\/la-depresion-tropical-once-e-se-intensifico-a-tormenta-tropical-su-nombre-es-javier\\\/\",\"name\":\"La Depresi\u00f3n Tropical Once-E se intensific\u00f3 a tormenta tropical, su nombre es \\\"Javier\\\" - Fuentes Fidedignas\",\"isPartOf\":{\"@id\":\"https:\\\/\\\/fuentesfidedignas.com.mx\\\/#website\"},\"primaryImageOfPage\":{\"@id\":\"https:\\\/\\\/fuentesfidedignas.com.mx\\\/index.php\\\/2022\\\/09\\\/02\\\/la-depresion-tropical-once-e-se-intensifico-a-tormenta-tropical-su-nombre-es-javier\\\/#primaryimage\"},\"image\":{\"@id\":\"https:\\\/\\\/fuentesfidedignas.com.mx\\\/index.php\\\/2022\\\/09\\\/02\\\/la-depresion-tropical-once-e-se-intensifico-a-tormenta-tropical-su-nombre-es-javier\\\/#primaryimage\"},\"thumbnailUrl\":\"https:\\\/\\\/fuentesfidedignas.com.mx\\\/wp-content\\\/uploads\\\/2022\\\/09\\\/JAVIER_TORMRNTA.jpg\",\"datePublished\":\"2022-09-02T12:15:27+00:00\",\"dateModified\":\"2022-09-02T12:15:29+00:00\",\"breadcrumb\":{\"@id\":\"https:\\\/\\\/fuentesfidedignas.com.mx\\\/index.php\\\/2022\\\/09\\\/02\\\/la-depresion-tropical-once-e-se-intensifico-a-tormenta-tropical-su-nombre-es-javier\\\/#breadcrumb\"},\"inLanguage\":\"es\",\"potentialAction\":[{\"@type\":\"ReadAction\",\"target\":[\"https:\\\/\\\/fuentesfidedignas.com.mx\\\/index.php\\\/2022\\\/09\\\/02\\\/la-depresion-tropical-once-e-se-intensifico-a-tormenta-tropical-su-nombre-es-javier\\\/\"]}]},{\"@type\":\"ImageObject\",\"inLanguage\":\"es\",\"@id\":\"https:\\\/\\\/fuentesfidedignas.com.mx\\\/index.php\\\/2022\\\/09\\\/02\\\/la-depresion-tropical-once-e-se-intensifico-a-tormenta-tropical-su-nombre-es-javier\\\/#primaryimage\",\"url\":\"https:\\\/\\\/fuentesfidedignas.com.mx\\\/wp-content\\\/uploads\\\/2022\\\/09\\\/JAVIER_TORMRNTA.jpg\",\"contentUrl\":\"https:\\\/\\\/fuentesfidedignas.com.mx\\\/wp-content\\\/uploads\\\/2022\\\/09\\\/JAVIER_TORMRNTA.jpg\",\"width\":1484,\"height\":703},{\"@type\":\"BreadcrumbList\",\"@id\":\"https:\\\/\\\/fuentesfidedignas.com.mx\\\/index.php\\\/2022\\\/09\\\/02\\\/la-depresion-tropical-once-e-se-intensifico-a-tormenta-tropical-su-nombre-es-javier\\\/#breadcrumb\",\"itemListElement\":[{\"@type\":\"ListItem\",\"position\":1,\"name\":\"Inicio\",\"item\":\"https:\\\/\\\/fuentesfidedignas.com.mx\\\/\"},{\"@type\":\"ListItem\",\"position\":2,\"name\":\"La Depresi\u00f3n Tropical Once-E se intensific\u00f3 a tormenta tropical, su nombre es &#8220;Javier&#8221;\"}]},{\"@type\":\"WebSite\",\"@id\":\"https:\\\/\\\/fuentesfidedignas.com.mx\\\/#website\",\"url\":\"https:\\\/\\\/fuentesfidedignas.com.mx\\\/\",\"name\":\"Fuentes Fidedignas\",\"description\":\"Otro sitio realizado con WordPress\",\"publisher\":{\"@id\":\"https:\\\/\\\/fuentesfidedignas.com.mx\\\/#organization\"},\"potentialAction\":[{\"@type\":\"SearchAction\",\"target\":{\"@type\":\"EntryPoint\",\"urlTemplate\":\"https:\\\/\\\/fuentesfidedignas.com.mx\\\/?s={search_term_string}\"},\"query-input\":{\"@type\":\"PropertyValueSpecification\",\"valueRequired\":true,\"valueName\":\"search_term_string\"}}],\"inLanguage\":\"es\"},{\"@type\":\"Organization\",\"@id\":\"https:\\\/\\\/fuentesfidedignas.com.mx\\\/#organization\",\"name\":\"Fuentes Fidedignas\",\"url\":\"https:\\\/\\\/fuentesfidedignas.com.mx\\\/\",\"logo\":{\"@type\":\"ImageObject\",\"inLanguage\":\"es\",\"@id\":\"https:\\\/\\\/fuentesfidedignas.com.mx\\\/#\\\/schema\\\/logo\\\/image\\\/\",\"url\":\"https:\\\/\\\/fuentesfidedignas.com.mx\\\/wp-content\\\/uploads\\\/2021\\\/04\\\/logo-retina.png\",\"contentUrl\":\"https:\\\/\\\/fuentesfidedignas.com.mx\\\/wp-content\\\/uploads\\\/2021\\\/04\\\/logo-retina.png\",\"width\":280,\"height\":51,\"caption\":\"Fuentes Fidedignas\"},\"image\":{\"@id\":\"https:\\\/\\\/fuentesfidedignas.com.mx\\\/#\\\/schema\\\/logo\\\/image\\\/\"},\"sameAs\":[\"https:\\\/\\\/www.facebook.com\\\/Fuentes-Fidedignas-368234489921644\",\"https:\\\/\\\/x.com\\\/fidedignas\"]},{\"@type\":\"Person\",\"@id\":\"https:\\\/\\\/fuentesfidedignas.com.mx\\\/#\\\/schema\\\/person\\\/7f1302cc0e63ddabb10159d4a49bfd19\",\"name\":\"Servicio Meteorol\u00f3gico Nacional\",\"image\":{\"@type\":\"ImageObject\",\"inLanguage\":\"es\",\"@id\":\"https:\\\/\\\/secure.gravatar.com\\\/avatar\\\/c1822f58c3ca4caec83c5f909e65d63cb6c675c3d2364ec3bdfd6ffa24fb7e7c?s=96&d=mm&r=g\",\"url\":\"https:\\\/\\\/secure.gravatar.com\\\/avatar\\\/c1822f58c3ca4caec83c5f909e65d63cb6c675c3d2364ec3bdfd6ffa24fb7e7c?s=96&d=mm&r=g\",\"contentUrl\":\"https:\\\/\\\/secure.gravatar.com\\\/avatar\\\/c1822f58c3ca4caec83c5f909e65d63cb6c675c3d2364ec3bdfd6ffa24fb7e7c?s=96&d=mm&r=g\",\"caption\":\"Servicio Meteorol\u00f3gico Nacional\"},\"sameAs\":[\"https:\\\/\\\/smn.conagua.gob.mx\\\/es\\\/\"],\"url\":\"https:\\\/\\\/fuentesfidedignas.com.mx\\\/index.php\\\/author\\\/meteorologico\\\/\"}]}<\/script>\n<!-- \/ Yoast SEO plugin. -->","yoast_head_json":{"title":"La Depresi\u00f3n Tropical Once-E se intensific\u00f3 a tormenta tropical, su nombre es \"Javier\" - Fuentes Fidedignas","robots":{"index":"index","follow":"follow","max-snippet":"max-snippet:-1","max-image-preview":"max-image-preview:large","max-video-preview":"max-video-preview:-1"},"canonical":"https:\/\/fuentesfidedignas.com.mx\/index.php\/2022\/09\/02\/la-depresion-tropical-once-e-se-intensifico-a-tormenta-tropical-su-nombre-es-javier\/","og_locale":"es_MX","og_type":"article","og_title":"La Depresi\u00f3n Tropical Once-E se intensific\u00f3 a tormenta tropical, su nombre es \"Javier\" - Fuentes Fidedignas","og_description":"Se prev\u00e9n lluvias de muy fuertes a intensas en Baja California Sur, y lluvias fuertes a muy fuertes en Durango, Jalisco, Nayarit y Sinaloa. Ciudad de M\u00e9xico.- A las 04:00 horas, tiempo del centro de M\u00e9xico, la Depresi\u00f3n Tropical Once-E sobre el Oc\u00e9ano Pac\u00edfico, se intensific\u00f3 a la tormenta tropical Javier. Su centro se localiz\u00f3 [&hellip;]","og_url":"https:\/\/fuentesfidedignas.com.mx\/index.php\/2022\/09\/02\/la-depresion-tropical-once-e-se-intensifico-a-tormenta-tropical-su-nombre-es-javier\/","og_site_name":"Fuentes Fidedignas","article_publisher":"https:\/\/www.facebook.com\/Fuentes-Fidedignas-368234489921644","article_published_time":"2022-09-02T12:15:27+00:00","article_modified_time":"2022-09-02T12:15:29+00:00","og_image":[{"width":1484,"height":703,"url":"https:\/\/fuentesfidedignas.com.mx\/wp-content\/uploads\/2022\/09\/JAVIER_TORMRNTA.jpg","type":"image\/jpeg"}],"author":"Servicio Meteorol\u00f3gico Nacional","twitter_card":"summary_large_image","twitter_creator":"@fidedignas","twitter_site":"@fidedignas","twitter_misc":{"Escrito por":"Servicio Meteorol\u00f3gico Nacional","Tiempo de lectura":"2 minutos"},"schema":{"@context":"https:\/\/schema.org","@graph":[{"@type":"Article","@id":"https:\/\/fuentesfidedignas.com.mx\/index.php\/2022\/09\/02\/la-depresion-tropical-once-e-se-intensifico-a-tormenta-tropical-su-nombre-es-javier\/#article","isPartOf":{"@id":"https:\/\/fuentesfidedignas.com.mx\/index.php\/2022\/09\/02\/la-depresion-tropical-once-e-se-intensifico-a-tormenta-tropical-su-nombre-es-javier\/"},"author":{"name":"Servicio Meteorol\u00f3gico Nacional","@id":"https:\/\/fuentesfidedignas.com.mx\/#\/schema\/person\/7f1302cc0e63ddabb10159d4a49bfd19"},"headline":"La Depresi\u00f3n Tropical Once-E se intensific\u00f3 a tormenta tropical, su nombre es &#8220;Javier&#8221;","datePublished":"2022-09-02T12:15:27+00:00","dateModified":"2022-09-02T12:15:29+00:00","mainEntityOfPage":{"@id":"https:\/\/fuentesfidedignas.com.mx\/index.php\/2022\/09\/02\/la-depresion-tropical-once-e-se-intensifico-a-tormenta-tropical-su-nombre-es-javier\/"},"wordCount":315,"commentCount":0,"publisher":{"@id":"https:\/\/fuentesfidedignas.com.mx\/#organization"},"image":{"@id":"https:\/\/fuentesfidedignas.com.mx\/index.php\/2022\/09\/02\/la-depresion-tropical-once-e-se-intensifico-a-tormenta-tropical-su-nombre-es-javier\/#primaryimage"},"thumbnailUrl":"https:\/\/fuentesfidedignas.com.mx\/wp-content\/uploads\/2022\/09\/JAVIER_TORMRNTA.jpg","articleSection":["NOTICIAS NACIONALES"],"inLanguage":"es","potentialAction":[{"@type":"CommentAction","name":"Comment","target":["https:\/\/fuentesfidedignas.com.mx\/index.php\/2022\/09\/02\/la-depresion-tropical-once-e-se-intensifico-a-tormenta-tropical-su-nombre-es-javier\/#respond"]}]},{"@type":"WebPage","@id":"https:\/\/fuentesfidedignas.com.mx\/index.php\/2022\/09\/02\/la-depresion-tropical-once-e-se-intensifico-a-tormenta-tropical-su-nombre-es-javier\/","url":"https:\/\/fuentesfidedignas.com.mx\/index.php\/2022\/09\/02\/la-depresion-tropical-once-e-se-intensifico-a-tormenta-tropical-su-nombre-es-javier\/","name":"La Depresi\u00f3n Tropical Once-E se intensific\u00f3 a tormenta tropical, su nombre es \"Javier\" - Fuentes Fidedignas","isPartOf":{"@id":"https:\/\/fuentesfidedignas.com.mx\/#website"},"primaryImageOfPage":{"@id":"https:\/\/fuentesfidedignas.com.mx\/index.php\/2022\/09\/02\/la-depresion-tropical-once-e-se-intensifico-a-tormenta-tropical-su-nombre-es-javier\/#primaryimage"},"image":{"@id":"https:\/\/fuentesfidedignas.com.mx\/index.php\/2022\/09\/02\/la-depresion-tropical-once-e-se-intensifico-a-tormenta-tropical-su-nombre-es-javier\/#primaryimage"},"thumbnailUrl":"https:\/\/fuentesfidedignas.com.mx\/wp-content\/uploads\/2022\/09\/JAVIER_TORMRNTA.jpg","datePublished":"2022-09-02T12:15:27+00:00","dateModified":"2022-09-02T12:15:29+00:00","breadcrumb":{"@id":"https:\/\/fuentesfidedignas.com.mx\/index.php\/2022\/09\/02\/la-depresion-tropical-once-e-se-intensifico-a-tormenta-tropical-su-nombre-es-javier\/#breadcrumb"},"inLanguage":"es","potentialAction":[{"@type":"ReadAction","target":["https:\/\/fuentesfidedignas.com.mx\/index.php\/2022\/09\/02\/la-depresion-tropical-once-e-se-intensifico-a-tormenta-tropical-su-nombre-es-javier\/"]}]},{"@type":"ImageObject","inLanguage":"es","@id":"https:\/\/fuentesfidedignas.com.mx\/index.php\/2022\/09\/02\/la-depresion-tropical-once-e-se-intensifico-a-tormenta-tropical-su-nombre-es-javier\/#primaryimage","url":"https:\/\/fuentesfidedignas.com.mx\/wp-content\/uploads\/2022\/09\/JAVIER_TORMRNTA.jpg","contentUrl":"https:\/\/fuentesfidedignas.com.mx\/wp-content\/uploads\/2022\/09\/JAVIER_TORMRNTA.jpg","width":1484,"height":703},{"@type":"BreadcrumbList","@id":"https:\/\/fuentesfidedignas.com.mx\/index.php\/2022\/09\/02\/la-depresion-tropical-once-e-se-intensifico-a-tormenta-tropical-su-nombre-es-javier\/#breadcrumb","itemListElement":[{"@type":"ListItem","position":1,"name":"Inicio","item":"https:\/\/fuentesfidedignas.com.mx\/"},{"@type":"ListItem","position":2,"name":"La Depresi\u00f3n Tropical Once-E se intensific\u00f3 a tormenta tropical, su nombre es &#8220;Javier&#8221;"}]},{"@type":"WebSite","@id":"https:\/\/fuentesfidedignas.com.mx\/#website","url":"https:\/\/fuentesfidedignas.com.mx\/","name":"Fuentes Fidedignas","description":"Otro sitio realizado con WordPress","publisher":{"@id":"https:\/\/fuentesfidedignas.com.mx\/#organization"},"potentialAction":[{"@type":"SearchAction","target":{"@type":"EntryPoint","urlTemplate":"https:\/\/fuentesfidedignas.com.mx\/?s={search_term_string}"},"query-input":{"@type":"PropertyValueSpecification","valueRequired":true,"valueName":"search_term_string"}}],"inLanguage":"es"},{"@type":"Organization","@id":"https:\/\/fuentesfidedignas.com.mx\/#organization","name":"Fuentes Fidedignas","url":"https:\/\/fuentesfidedignas.com.mx\/","logo":{"@type":"ImageObject","inLanguage":"es","@id":"https:\/\/fuentesfidedignas.com.mx\/#\/schema\/logo\/image\/","url":"https:\/\/fuentesfidedignas.com.mx\/wp-content\/uploads\/2021\/04\/logo-retina.png","contentUrl":"https:\/\/fuentesfidedignas.com.mx\/wp-content\/uploads\/2021\/04\/logo-retina.png","width":280,"height":51,"caption":"Fuentes Fidedignas"},"image":{"@id":"https:\/\/fuentesfidedignas.com.mx\/#\/schema\/logo\/image\/"},"sameAs":["https:\/\/www.facebook.com\/Fuentes-Fidedignas-368234489921644","https:\/\/x.com\/fidedignas"]},{"@type":"Person","@id":"https:\/\/fuentesfidedignas.com.mx\/#\/schema\/person\/7f1302cc0e63ddabb10159d4a49bfd19","name":"Servicio Meteorol\u00f3gico Nacional","image":{"@type":"ImageObject","inLanguage":"es","@id":"https:\/\/secure.gravatar.com\/avatar\/c1822f58c3ca4caec83c5f909e65d63cb6c675c3d2364ec3bdfd6ffa24fb7e7c?s=96&d=mm&r=g","url":"https:\/\/secure.gravatar.com\/avatar\/c1822f58c3ca4caec83c5f909e65d63cb6c675c3d2364ec3bdfd6ffa24fb7e7c?s=96&d=mm&r=g","contentUrl":"https:\/\/secure.gravatar.com\/avatar\/c1822f58c3ca4caec83c5f909e65d63cb6c675c3d2364ec3bdfd6ffa24fb7e7c?s=96&d=mm&r=g","caption":"Servicio Meteorol\u00f3gico Nacional"},"sameAs":["https:\/\/smn.conagua.gob.mx\/es\/"],"url":"https:\/\/fuentesfidedignas.com.mx\/index.php\/author\/meteorologico\/"}]}},"_links":{"self":[{"href":"https:\/\/fuentesfidedignas.com.mx\/index.php\/wp-json\/wp\/v2\/posts\/41535","targetHints":{"allow":["GET"]}}],"collection":[{"href":"https:\/\/fuentesfidedignas.com.mx\/index.php\/wp-json\/wp\/v2\/posts"}],"about":[{"href":"https:\/\/fuentesfidedignas.com.mx\/index.php\/wp-json\/wp\/v2\/types\/post"}],"author":[{"embeddable":true,"href":"https:\/\/fuentesfidedignas.com.mx\/index.php\/wp-json\/wp\/v2\/users\/63"}],"replies":[{"embeddable":true,"href":"https:\/\/fuentesfidedignas.com.mx\/index.php\/wp-json\/wp\/v2\/comments?post=41535"}],"version-history":[{"count":1,"href":"https:\/\/fuentesfidedignas.com.mx\/index.php\/wp-json\/wp\/v2\/posts\/41535\/revisions"}],"predecessor-version":[{"id":41537,"href":"https:\/\/fuentesfidedignas.com.mx\/index.php\/wp-json\/wp\/v2\/posts\/41535\/revisions\/41537"}],"wp:featuredmedia":[{"embeddable":true,"href":"https:\/\/fuentesfidedignas.com.mx\/index.php\/wp-json\/wp\/v2\/media\/41536"}],"wp:attachment":[{"href":"https:\/\/fuentesfidedignas.com.mx\/index.php\/wp-json\/wp\/v2\/media?parent=41535"}],"wp:term":[{"taxonomy":"category","embeddable":true,"href":"https:\/\/fuentesfidedignas.com.mx\/index.php\/wp-json\/wp\/v2\/categories?post=41535"},{"taxonomy":"post_tag","embeddable":true,"href":"https:\/\/fuentesfidedignas.com.mx\/index.php\/wp-json\/wp\/v2\/tags?post=41535"}],"curies":[{"name":"wp","href":"https:\/\/api.w.org\/{rel}","templated":true}]}}