{"id":41532,"date":"2022-09-01T19:48:02","date_gmt":"2022-09-02T01:48:02","guid":{"rendered":"https:\/\/fuentesfidedignas.com.mx\/?p=41532"},"modified":"2022-09-01T19:49:26","modified_gmt":"2022-09-02T01:49:26","slug":"video-intentan-asesinar-a-la-vicepresidenta-de-argentina-cristina-kirchner","status":"publish","type":"post","link":"https:\/\/fuentesfidedignas.com.mx\/index.php\/2022\/09\/01\/video-intentan-asesinar-a-la-vicepresidenta-de-argentina-cristina-kirchner\/","title":{"rendered":"#Video Intentan asesinar a la vicepresidenta de Argentina, Cristina Kirchner"},"content":{"rendered":"\n<p><br><strong><em>Un hombre fue detenido tras enca\u00f1onar con una pistola a la vicepresidenta de Argentina<\/em><\/strong><\/p>\n\n\n\n<p>Buenos Aires.- Un hombre fue detenido este jueves tras enca\u00f1onar con una pistola a la vicepresidenta de Argentina, Cristina Fern\u00e1ndez de Kirchner.<\/p>\n\n\n\n<p>El ataque ocurri\u00f3 afuera de la casa de Cristina Fern\u00e1ndez en el barrio de Recoleta de Buenos Aires, cuando la tambi\u00e9n expresidenta descendi\u00f3 de su veh\u00edculo y saludaba a sus seguidores.<\/p>\n\n\n\n<p>Las im\u00e1genes transmitidas por televisi\u00f3n mostraron el momento en que un hombre, cuyo rostro no puede verse, extiende el arma y apunta directamente a la pol\u00edtica argentina.<\/p>\n\n\n\n<figure class=\"wp-block-embed is-type-rich is-provider-twitter wp-block-embed-twitter\"><div class=\"wp-block-embed__wrapper\">\n<blockquote class=\"twitter-tweet\" data-width=\"550\" data-dnt=\"true\"><p lang=\"es\" dir=\"ltr\">El video del arma contra <a href=\"https:\/\/twitter.com\/CFKArgentina?ref_src=twsrc%5Etfw\">@CFKArgentina<\/a> <a href=\"https:\/\/t.co\/8j1xpMnPoe\">pic.twitter.com\/8j1xpMnPoe<\/a><\/p>&mdash; Lautaro Maislin (@LautaroMaislin) <a href=\"https:\/\/twitter.com\/LautaroMaislin\/status\/1565506730661904384?ref_src=twsrc%5Etfw\">September 2, 2022<\/a><\/blockquote><script async src=\"https:\/\/platform.twitter.com\/widgets.js\" charset=\"utf-8\"><\/script>\n<\/div><\/figure>\n\n\n\n<p>La vicepresidenta se agacha enseguida, y el hombre retira el brazo y deja de apuntarle. Enseguida, los guardias de la funcionaria intentan detener al hombre. Medios argentinos sugirieron que el arma se habr\u00eda trabado.<\/p>\n\n\n\n<p>De acuerdo con el diario Clar\u00edn, el ministro de Seguridad, An\u00edbal Fern\u00e1ndez, confirm\u00f3 que el sujeto fue detenido. Asegur\u00f3 que se trata de un hombre de nacionalidad brasile\u00f1a de 35 a\u00f1os de edad, que cuenta con antecedentes de portaci\u00f3n de armas.<\/p>\n\n\n\n<figure class=\"wp-block-embed is-type-rich is-provider-twitter wp-block-embed-twitter\"><div class=\"wp-block-embed__wrapper\">\n<blockquote class=\"twitter-tweet\" data-width=\"550\" data-dnt=\"true\"><p lang=\"es\" dir=\"ltr\">La incitaci\u00f3n al odio permanente genera \u00e9sta locura.<br>Todo el REPUDIO a \u00e9ste acto de locura total.<br>Todo nuestro amor a <a href=\"https:\/\/twitter.com\/CFKArgentina?ref_src=twsrc%5Etfw\">@CFKArgentina<\/a> y nuestra exigencia de justicia! <a href=\"https:\/\/t.co\/VgYhtU43Un\">pic.twitter.com\/VgYhtU43Un<\/a><\/p>&mdash; Susana H Gonz\u00e1lez (@GonzalezSusanaH) <a href=\"https:\/\/twitter.com\/GonzalezSusanaH\/status\/1565506204763389954?ref_src=twsrc%5Etfw\">September 2, 2022<\/a><\/blockquote><script async src=\"https:\/\/platform.twitter.com\/widgets.js\" charset=\"utf-8\"><\/script>\n<\/div><\/figure>\n","protected":false},"excerpt":{"rendered":"<p>Un hombre fue detenido tras enca\u00f1onar con una pistola a la vicepresidenta de Argentina Buenos Aires.- Un hombre fue detenido este jueves tras enca\u00f1onar con una pistola a la vicepresidenta de Argentina, Cristina Fern\u00e1ndez de Kirchner. El ataque ocurri\u00f3 afuera de la casa de Cristina Fern\u00e1ndez en el barrio de Recoleta de Buenos Aires, cuando [&hellip;]<\/p>\n","protected":false},"author":50,"featured_media":41534,"comment_status":"open","ping_status":"open","sticky":false,"template":"","format":"standard","meta":{"tdm_status":"","tdm_grid_status":"","footnotes":""},"categories":[39],"tags":[],"class_list":{"0":"post-41532","1":"post","2":"type-post","3":"status-publish","4":"format-standard","5":"has-post-thumbnail","7":"category-noticias-nacionales"},"yoast_head":"<!-- This site is optimized with the Yoast SEO plugin v27.4 - https:\/\/yoast.com\/product\/yoast-seo-wordpress\/ -->\n<title>#Video Intentan asesinar a la vicepresidenta de Argentina, Cristina Kirchner - Fuentes Fidedignas<\/title>\n<meta name=\"robots\" content=\"index, follow, max-snippet:-1, max-image-preview:large, max-video-preview:-1\" \/>\n<link rel=\"canonical\" href=\"https:\/\/fuentesfidedignas.com.mx\/index.php\/2022\/09\/01\/video-intentan-asesinar-a-la-vicepresidenta-de-argentina-cristina-kirchner\/\" \/>\n<meta property=\"og:locale\" content=\"es_MX\" \/>\n<meta property=\"og:type\" content=\"article\" \/>\n<meta property=\"og:title\" content=\"#Video Intentan asesinar a la vicepresidenta de Argentina, Cristina Kirchner - Fuentes Fidedignas\" \/>\n<meta property=\"og:description\" content=\"Un hombre fue detenido tras enca\u00f1onar con una pistola a la vicepresidenta de Argentina Buenos Aires.- Un hombre fue detenido este jueves tras enca\u00f1onar con una pistola a la vicepresidenta de Argentina, Cristina Fern\u00e1ndez de Kirchner. El ataque ocurri\u00f3 afuera de la casa de Cristina Fern\u00e1ndez en el barrio de Recoleta de Buenos Aires, cuando [&hellip;]\" \/>\n<meta property=\"og:url\" content=\"https:\/\/fuentesfidedignas.com.mx\/index.php\/2022\/09\/01\/video-intentan-asesinar-a-la-vicepresidenta-de-argentina-cristina-kirchner\/\" \/>\n<meta property=\"og:site_name\" content=\"Fuentes Fidedignas\" \/>\n<meta property=\"article:publisher\" content=\"https:\/\/www.facebook.com\/Fuentes-Fidedignas-368234489921644\" \/>\n<meta property=\"article:published_time\" content=\"2022-09-02T01:48:02+00:00\" \/>\n<meta property=\"article:modified_time\" content=\"2022-09-02T01:49:26+00:00\" \/>\n<meta property=\"og:image\" content=\"https:\/\/fuentesfidedignas.com.mx\/wp-content\/uploads\/2022\/09\/images-9.jpeg\" \/>\n\t<meta property=\"og:image:width\" content=\"755\" \/>\n\t<meta property=\"og:image:height\" content=\"406\" \/>\n\t<meta property=\"og:image:type\" content=\"image\/jpeg\" \/>\n<meta name=\"author\" content=\"Proceso\" \/>\n<meta name=\"twitter:card\" content=\"summary_large_image\" \/>\n<meta name=\"twitter:creator\" content=\"@fidedignas\" \/>\n<meta name=\"twitter:site\" content=\"@fidedignas\" \/>\n<meta name=\"twitter:label1\" content=\"Escrito por\" \/>\n\t<meta name=\"twitter:data1\" content=\"Proceso\" \/>\n\t<meta name=\"twitter:label2\" content=\"Tiempo de lectura\" \/>\n\t<meta name=\"twitter:data2\" content=\"1 minuto\" \/>\n<script type=\"application\/ld+json\" class=\"yoast-schema-graph\">{\"@context\":\"https:\\\/\\\/schema.org\",\"@graph\":[{\"@type\":\"Article\",\"@id\":\"https:\\\/\\\/fuentesfidedignas.com.mx\\\/index.php\\\/2022\\\/09\\\/01\\\/video-intentan-asesinar-a-la-vicepresidenta-de-argentina-cristina-kirchner\\\/#article\",\"isPartOf\":{\"@id\":\"https:\\\/\\\/fuentesfidedignas.com.mx\\\/index.php\\\/2022\\\/09\\\/01\\\/video-intentan-asesinar-a-la-vicepresidenta-de-argentina-cristina-kirchner\\\/\"},\"author\":{\"name\":\"Proceso\",\"@id\":\"https:\\\/\\\/fuentesfidedignas.com.mx\\\/#\\\/schema\\\/person\\\/eb72247ff123b3ce5e4cadc7f50ae372\"},\"headline\":\"#Video Intentan asesinar a la vicepresidenta de Argentina, Cristina Kirchner\",\"datePublished\":\"2022-09-02T01:48:02+00:00\",\"dateModified\":\"2022-09-02T01:49:26+00:00\",\"mainEntityOfPage\":{\"@id\":\"https:\\\/\\\/fuentesfidedignas.com.mx\\\/index.php\\\/2022\\\/09\\\/01\\\/video-intentan-asesinar-a-la-vicepresidenta-de-argentina-cristina-kirchner\\\/\"},\"wordCount\":273,\"commentCount\":0,\"publisher\":{\"@id\":\"https:\\\/\\\/fuentesfidedignas.com.mx\\\/#organization\"},\"image\":{\"@id\":\"https:\\\/\\\/fuentesfidedignas.com.mx\\\/index.php\\\/2022\\\/09\\\/01\\\/video-intentan-asesinar-a-la-vicepresidenta-de-argentina-cristina-kirchner\\\/#primaryimage\"},\"thumbnailUrl\":\"https:\\\/\\\/fuentesfidedignas.com.mx\\\/wp-content\\\/uploads\\\/2022\\\/09\\\/images-9.jpeg\",\"articleSection\":[\"NOTICIAS NACIONALES\"],\"inLanguage\":\"es\",\"potentialAction\":[{\"@type\":\"CommentAction\",\"name\":\"Comment\",\"target\":[\"https:\\\/\\\/fuentesfidedignas.com.mx\\\/index.php\\\/2022\\\/09\\\/01\\\/video-intentan-asesinar-a-la-vicepresidenta-de-argentina-cristina-kirchner\\\/#respond\"]}]},{\"@type\":\"WebPage\",\"@id\":\"https:\\\/\\\/fuentesfidedignas.com.mx\\\/index.php\\\/2022\\\/09\\\/01\\\/video-intentan-asesinar-a-la-vicepresidenta-de-argentina-cristina-kirchner\\\/\",\"url\":\"https:\\\/\\\/fuentesfidedignas.com.mx\\\/index.php\\\/2022\\\/09\\\/01\\\/video-intentan-asesinar-a-la-vicepresidenta-de-argentina-cristina-kirchner\\\/\",\"name\":\"#Video Intentan asesinar a la vicepresidenta de Argentina, Cristina Kirchner - Fuentes Fidedignas\",\"isPartOf\":{\"@id\":\"https:\\\/\\\/fuentesfidedignas.com.mx\\\/#website\"},\"primaryImageOfPage\":{\"@id\":\"https:\\\/\\\/fuentesfidedignas.com.mx\\\/index.php\\\/2022\\\/09\\\/01\\\/video-intentan-asesinar-a-la-vicepresidenta-de-argentina-cristina-kirchner\\\/#primaryimage\"},\"image\":{\"@id\":\"https:\\\/\\\/fuentesfidedignas.com.mx\\\/index.php\\\/2022\\\/09\\\/01\\\/video-intentan-asesinar-a-la-vicepresidenta-de-argentina-cristina-kirchner\\\/#primaryimage\"},\"thumbnailUrl\":\"https:\\\/\\\/fuentesfidedignas.com.mx\\\/wp-content\\\/uploads\\\/2022\\\/09\\\/images-9.jpeg\",\"datePublished\":\"2022-09-02T01:48:02+00:00\",\"dateModified\":\"2022-09-02T01:49:26+00:00\",\"breadcrumb\":{\"@id\":\"https:\\\/\\\/fuentesfidedignas.com.mx\\\/index.php\\\/2022\\\/09\\\/01\\\/video-intentan-asesinar-a-la-vicepresidenta-de-argentina-cristina-kirchner\\\/#breadcrumb\"},\"inLanguage\":\"es\",\"potentialAction\":[{\"@type\":\"ReadAction\",\"target\":[\"https:\\\/\\\/fuentesfidedignas.com.mx\\\/index.php\\\/2022\\\/09\\\/01\\\/video-intentan-asesinar-a-la-vicepresidenta-de-argentina-cristina-kirchner\\\/\"]}]},{\"@type\":\"ImageObject\",\"inLanguage\":\"es\",\"@id\":\"https:\\\/\\\/fuentesfidedignas.com.mx\\\/index.php\\\/2022\\\/09\\\/01\\\/video-intentan-asesinar-a-la-vicepresidenta-de-argentina-cristina-kirchner\\\/#primaryimage\",\"url\":\"https:\\\/\\\/fuentesfidedignas.com.mx\\\/wp-content\\\/uploads\\\/2022\\\/09\\\/images-9.jpeg\",\"contentUrl\":\"https:\\\/\\\/fuentesfidedignas.com.mx\\\/wp-content\\\/uploads\\\/2022\\\/09\\\/images-9.jpeg\",\"width\":755,\"height\":406},{\"@type\":\"BreadcrumbList\",\"@id\":\"https:\\\/\\\/fuentesfidedignas.com.mx\\\/index.php\\\/2022\\\/09\\\/01\\\/video-intentan-asesinar-a-la-vicepresidenta-de-argentina-cristina-kirchner\\\/#breadcrumb\",\"itemListElement\":[{\"@type\":\"ListItem\",\"position\":1,\"name\":\"Inicio\",\"item\":\"https:\\\/\\\/fuentesfidedignas.com.mx\\\/\"},{\"@type\":\"ListItem\",\"position\":2,\"name\":\"#Video Intentan asesinar a la vicepresidenta de Argentina, Cristina Kirchner\"}]},{\"@type\":\"WebSite\",\"@id\":\"https:\\\/\\\/fuentesfidedignas.com.mx\\\/#website\",\"url\":\"https:\\\/\\\/fuentesfidedignas.com.mx\\\/\",\"name\":\"Fuentes Fidedignas\",\"description\":\"Otro sitio realizado con WordPress\",\"publisher\":{\"@id\":\"https:\\\/\\\/fuentesfidedignas.com.mx\\\/#organization\"},\"potentialAction\":[{\"@type\":\"SearchAction\",\"target\":{\"@type\":\"EntryPoint\",\"urlTemplate\":\"https:\\\/\\\/fuentesfidedignas.com.mx\\\/?s={search_term_string}\"},\"query-input\":{\"@type\":\"PropertyValueSpecification\",\"valueRequired\":true,\"valueName\":\"search_term_string\"}}],\"inLanguage\":\"es\"},{\"@type\":\"Organization\",\"@id\":\"https:\\\/\\\/fuentesfidedignas.com.mx\\\/#organization\",\"name\":\"Fuentes Fidedignas\",\"url\":\"https:\\\/\\\/fuentesfidedignas.com.mx\\\/\",\"logo\":{\"@type\":\"ImageObject\",\"inLanguage\":\"es\",\"@id\":\"https:\\\/\\\/fuentesfidedignas.com.mx\\\/#\\\/schema\\\/logo\\\/image\\\/\",\"url\":\"https:\\\/\\\/fuentesfidedignas.com.mx\\\/wp-content\\\/uploads\\\/2021\\\/04\\\/logo-retina.png\",\"contentUrl\":\"https:\\\/\\\/fuentesfidedignas.com.mx\\\/wp-content\\\/uploads\\\/2021\\\/04\\\/logo-retina.png\",\"width\":280,\"height\":51,\"caption\":\"Fuentes Fidedignas\"},\"image\":{\"@id\":\"https:\\\/\\\/fuentesfidedignas.com.mx\\\/#\\\/schema\\\/logo\\\/image\\\/\"},\"sameAs\":[\"https:\\\/\\\/www.facebook.com\\\/Fuentes-Fidedignas-368234489921644\",\"https:\\\/\\\/x.com\\\/fidedignas\"]},{\"@type\":\"Person\",\"@id\":\"https:\\\/\\\/fuentesfidedignas.com.mx\\\/#\\\/schema\\\/person\\\/eb72247ff123b3ce5e4cadc7f50ae372\",\"name\":\"Proceso\",\"image\":{\"@type\":\"ImageObject\",\"inLanguage\":\"es\",\"@id\":\"https:\\\/\\\/secure.gravatar.com\\\/avatar\\\/0bb01ecb091d50a46122cbe5cc32ffea15a000f83628f1e40458e669d38ff2cd?s=96&d=mm&r=g\",\"url\":\"https:\\\/\\\/secure.gravatar.com\\\/avatar\\\/0bb01ecb091d50a46122cbe5cc32ffea15a000f83628f1e40458e669d38ff2cd?s=96&d=mm&r=g\",\"contentUrl\":\"https:\\\/\\\/secure.gravatar.com\\\/avatar\\\/0bb01ecb091d50a46122cbe5cc32ffea15a000f83628f1e40458e669d38ff2cd?s=96&d=mm&r=g\",\"caption\":\"Proceso\"},\"url\":\"https:\\\/\\\/fuentesfidedignas.com.mx\\\/index.php\\\/author\\\/proceso\\\/\"}]}<\/script>\n<!-- \/ Yoast SEO plugin. -->","yoast_head_json":{"title":"#Video Intentan asesinar a la vicepresidenta de Argentina, Cristina Kirchner - Fuentes Fidedignas","robots":{"index":"index","follow":"follow","max-snippet":"max-snippet:-1","max-image-preview":"max-image-preview:large","max-video-preview":"max-video-preview:-1"},"canonical":"https:\/\/fuentesfidedignas.com.mx\/index.php\/2022\/09\/01\/video-intentan-asesinar-a-la-vicepresidenta-de-argentina-cristina-kirchner\/","og_locale":"es_MX","og_type":"article","og_title":"#Video Intentan asesinar a la vicepresidenta de Argentina, Cristina Kirchner - Fuentes Fidedignas","og_description":"Un hombre fue detenido tras enca\u00f1onar con una pistola a la vicepresidenta de Argentina Buenos Aires.- Un hombre fue detenido este jueves tras enca\u00f1onar con una pistola a la vicepresidenta de Argentina, Cristina Fern\u00e1ndez de Kirchner. El ataque ocurri\u00f3 afuera de la casa de Cristina Fern\u00e1ndez en el barrio de Recoleta de Buenos Aires, cuando [&hellip;]","og_url":"https:\/\/fuentesfidedignas.com.mx\/index.php\/2022\/09\/01\/video-intentan-asesinar-a-la-vicepresidenta-de-argentina-cristina-kirchner\/","og_site_name":"Fuentes Fidedignas","article_publisher":"https:\/\/www.facebook.com\/Fuentes-Fidedignas-368234489921644","article_published_time":"2022-09-02T01:48:02+00:00","article_modified_time":"2022-09-02T01:49:26+00:00","og_image":[{"width":755,"height":406,"url":"https:\/\/fuentesfidedignas.com.mx\/wp-content\/uploads\/2022\/09\/images-9.jpeg","type":"image\/jpeg"}],"author":"Proceso","twitter_card":"summary_large_image","twitter_creator":"@fidedignas","twitter_site":"@fidedignas","twitter_misc":{"Escrito por":"Proceso","Tiempo de lectura":"1 minuto"},"schema":{"@context":"https:\/\/schema.org","@graph":[{"@type":"Article","@id":"https:\/\/fuentesfidedignas.com.mx\/index.php\/2022\/09\/01\/video-intentan-asesinar-a-la-vicepresidenta-de-argentina-cristina-kirchner\/#article","isPartOf":{"@id":"https:\/\/fuentesfidedignas.com.mx\/index.php\/2022\/09\/01\/video-intentan-asesinar-a-la-vicepresidenta-de-argentina-cristina-kirchner\/"},"author":{"name":"Proceso","@id":"https:\/\/fuentesfidedignas.com.mx\/#\/schema\/person\/eb72247ff123b3ce5e4cadc7f50ae372"},"headline":"#Video Intentan asesinar a la vicepresidenta de Argentina, Cristina Kirchner","datePublished":"2022-09-02T01:48:02+00:00","dateModified":"2022-09-02T01:49:26+00:00","mainEntityOfPage":{"@id":"https:\/\/fuentesfidedignas.com.mx\/index.php\/2022\/09\/01\/video-intentan-asesinar-a-la-vicepresidenta-de-argentina-cristina-kirchner\/"},"wordCount":273,"commentCount":0,"publisher":{"@id":"https:\/\/fuentesfidedignas.com.mx\/#organization"},"image":{"@id":"https:\/\/fuentesfidedignas.com.mx\/index.php\/2022\/09\/01\/video-intentan-asesinar-a-la-vicepresidenta-de-argentina-cristina-kirchner\/#primaryimage"},"thumbnailUrl":"https:\/\/fuentesfidedignas.com.mx\/wp-content\/uploads\/2022\/09\/images-9.jpeg","articleSection":["NOTICIAS NACIONALES"],"inLanguage":"es","potentialAction":[{"@type":"CommentAction","name":"Comment","target":["https:\/\/fuentesfidedignas.com.mx\/index.php\/2022\/09\/01\/video-intentan-asesinar-a-la-vicepresidenta-de-argentina-cristina-kirchner\/#respond"]}]},{"@type":"WebPage","@id":"https:\/\/fuentesfidedignas.com.mx\/index.php\/2022\/09\/01\/video-intentan-asesinar-a-la-vicepresidenta-de-argentina-cristina-kirchner\/","url":"https:\/\/fuentesfidedignas.com.mx\/index.php\/2022\/09\/01\/video-intentan-asesinar-a-la-vicepresidenta-de-argentina-cristina-kirchner\/","name":"#Video Intentan asesinar a la vicepresidenta de Argentina, Cristina Kirchner - Fuentes Fidedignas","isPartOf":{"@id":"https:\/\/fuentesfidedignas.com.mx\/#website"},"primaryImageOfPage":{"@id":"https:\/\/fuentesfidedignas.com.mx\/index.php\/2022\/09\/01\/video-intentan-asesinar-a-la-vicepresidenta-de-argentina-cristina-kirchner\/#primaryimage"},"image":{"@id":"https:\/\/fuentesfidedignas.com.mx\/index.php\/2022\/09\/01\/video-intentan-asesinar-a-la-vicepresidenta-de-argentina-cristina-kirchner\/#primaryimage"},"thumbnailUrl":"https:\/\/fuentesfidedignas.com.mx\/wp-content\/uploads\/2022\/09\/images-9.jpeg","datePublished":"2022-09-02T01:48:02+00:00","dateModified":"2022-09-02T01:49:26+00:00","breadcrumb":{"@id":"https:\/\/fuentesfidedignas.com.mx\/index.php\/2022\/09\/01\/video-intentan-asesinar-a-la-vicepresidenta-de-argentina-cristina-kirchner\/#breadcrumb"},"inLanguage":"es","potentialAction":[{"@type":"ReadAction","target":["https:\/\/fuentesfidedignas.com.mx\/index.php\/2022\/09\/01\/video-intentan-asesinar-a-la-vicepresidenta-de-argentina-cristina-kirchner\/"]}]},{"@type":"ImageObject","inLanguage":"es","@id":"https:\/\/fuentesfidedignas.com.mx\/index.php\/2022\/09\/01\/video-intentan-asesinar-a-la-vicepresidenta-de-argentina-cristina-kirchner\/#primaryimage","url":"https:\/\/fuentesfidedignas.com.mx\/wp-content\/uploads\/2022\/09\/images-9.jpeg","contentUrl":"https:\/\/fuentesfidedignas.com.mx\/wp-content\/uploads\/2022\/09\/images-9.jpeg","width":755,"height":406},{"@type":"BreadcrumbList","@id":"https:\/\/fuentesfidedignas.com.mx\/index.php\/2022\/09\/01\/video-intentan-asesinar-a-la-vicepresidenta-de-argentina-cristina-kirchner\/#breadcrumb","itemListElement":[{"@type":"ListItem","position":1,"name":"Inicio","item":"https:\/\/fuentesfidedignas.com.mx\/"},{"@type":"ListItem","position":2,"name":"#Video Intentan asesinar a la vicepresidenta de Argentina, Cristina Kirchner"}]},{"@type":"WebSite","@id":"https:\/\/fuentesfidedignas.com.mx\/#website","url":"https:\/\/fuentesfidedignas.com.mx\/","name":"Fuentes Fidedignas","description":"Otro sitio realizado con WordPress","publisher":{"@id":"https:\/\/fuentesfidedignas.com.mx\/#organization"},"potentialAction":[{"@type":"SearchAction","target":{"@type":"EntryPoint","urlTemplate":"https:\/\/fuentesfidedignas.com.mx\/?s={search_term_string}"},"query-input":{"@type":"PropertyValueSpecification","valueRequired":true,"valueName":"search_term_string"}}],"inLanguage":"es"},{"@type":"Organization","@id":"https:\/\/fuentesfidedignas.com.mx\/#organization","name":"Fuentes Fidedignas","url":"https:\/\/fuentesfidedignas.com.mx\/","logo":{"@type":"ImageObject","inLanguage":"es","@id":"https:\/\/fuentesfidedignas.com.mx\/#\/schema\/logo\/image\/","url":"https:\/\/fuentesfidedignas.com.mx\/wp-content\/uploads\/2021\/04\/logo-retina.png","contentUrl":"https:\/\/fuentesfidedignas.com.mx\/wp-content\/uploads\/2021\/04\/logo-retina.png","width":280,"height":51,"caption":"Fuentes Fidedignas"},"image":{"@id":"https:\/\/fuentesfidedignas.com.mx\/#\/schema\/logo\/image\/"},"sameAs":["https:\/\/www.facebook.com\/Fuentes-Fidedignas-368234489921644","https:\/\/x.com\/fidedignas"]},{"@type":"Person","@id":"https:\/\/fuentesfidedignas.com.mx\/#\/schema\/person\/eb72247ff123b3ce5e4cadc7f50ae372","name":"Proceso","image":{"@type":"ImageObject","inLanguage":"es","@id":"https:\/\/secure.gravatar.com\/avatar\/0bb01ecb091d50a46122cbe5cc32ffea15a000f83628f1e40458e669d38ff2cd?s=96&d=mm&r=g","url":"https:\/\/secure.gravatar.com\/avatar\/0bb01ecb091d50a46122cbe5cc32ffea15a000f83628f1e40458e669d38ff2cd?s=96&d=mm&r=g","contentUrl":"https:\/\/secure.gravatar.com\/avatar\/0bb01ecb091d50a46122cbe5cc32ffea15a000f83628f1e40458e669d38ff2cd?s=96&d=mm&r=g","caption":"Proceso"},"url":"https:\/\/fuentesfidedignas.com.mx\/index.php\/author\/proceso\/"}]}},"_links":{"self":[{"href":"https:\/\/fuentesfidedignas.com.mx\/index.php\/wp-json\/wp\/v2\/posts\/41532","targetHints":{"allow":["GET"]}}],"collection":[{"href":"https:\/\/fuentesfidedignas.com.mx\/index.php\/wp-json\/wp\/v2\/posts"}],"about":[{"href":"https:\/\/fuentesfidedignas.com.mx\/index.php\/wp-json\/wp\/v2\/types\/post"}],"author":[{"embeddable":true,"href":"https:\/\/fuentesfidedignas.com.mx\/index.php\/wp-json\/wp\/v2\/users\/50"}],"replies":[{"embeddable":true,"href":"https:\/\/fuentesfidedignas.com.mx\/index.php\/wp-json\/wp\/v2\/comments?post=41532"}],"version-history":[{"count":1,"href":"https:\/\/fuentesfidedignas.com.mx\/index.php\/wp-json\/wp\/v2\/posts\/41532\/revisions"}],"predecessor-version":[{"id":41533,"href":"https:\/\/fuentesfidedignas.com.mx\/index.php\/wp-json\/wp\/v2\/posts\/41532\/revisions\/41533"}],"wp:featuredmedia":[{"embeddable":true,"href":"https:\/\/fuentesfidedignas.com.mx\/index.php\/wp-json\/wp\/v2\/media\/41534"}],"wp:attachment":[{"href":"https:\/\/fuentesfidedignas.com.mx\/index.php\/wp-json\/wp\/v2\/media?parent=41532"}],"wp:term":[{"taxonomy":"category","embeddable":true,"href":"https:\/\/fuentesfidedignas.com.mx\/index.php\/wp-json\/wp\/v2\/categories?post=41532"},{"taxonomy":"post_tag","embeddable":true,"href":"https:\/\/fuentesfidedignas.com.mx\/index.php\/wp-json\/wp\/v2\/tags?post=41532"}],"curies":[{"name":"wp","href":"https:\/\/api.w.org\/{rel}","templated":true}]}}