{"id":41500,"date":"2022-09-01T15:00:45","date_gmt":"2022-09-01T21:00:45","guid":{"rendered":"https:\/\/fuentesfidedignas.com.mx\/?p=41500"},"modified":"2022-09-01T15:37:08","modified_gmt":"2022-09-01T21:37:08","slug":"habilita-sepyc-tres-escuelas-primarias-como-albergues-en-guasave","status":"publish","type":"post","link":"https:\/\/fuentesfidedignas.com.mx\/index.php\/2022\/09\/01\/habilita-sepyc-tres-escuelas-primarias-como-albergues-en-guasave\/","title":{"rendered":"Habilita SEPyC cinco escuelas primarias como albergues en Guasave"},"content":{"rendered":"\n<p><strong><em>Se extreman precauciones ante posibles inundaciones en comunidades de Guasave y Sinaloa, por el desfogue de la presa \u201cGuillermo Blake\u201d<\/em><\/strong><\/p>\n\n\n\n<p>Culiac\u00e1n, Sinaloa.- Debido a los desfogues de la presa Guillermo Blake, la Secretar\u00eda de Educaci\u00f3n P\u00fablica y Cultura (SEPyC) habilit\u00f3 cinco escuelas como albergues para estar en condiciones de recibir a la poblaci\u00f3n que lo requiera ante la probable inundaci\u00f3n en algunos sectores de los municipios de Guasave y Sinaloa.<\/p>\n\n\n\n<p>Las escuelas que se habilitaron a petici\u00f3n del Presidente Municipal de Guasave, Mart\u00edn Ahumada, ante la titular de la SEPyC, Graciela Dom\u00ednguez Nava son: \u201cClub de Leones No. 2\u201d, \u201c6 de Enero\u201d, \u201c18 de Marzo\u201d, la primaria Vicente Guerrero, y la Secundaria General Jes\u00fas Antonio Aguilar, del poblado de Tamazula, en el mencionado municipio; mismas que se encuentran a disposici\u00f3n de las familias que podr\u00edan correr alg\u00fan riesgo en sus comunidades a consecuencia del desfogue de la presa. <\/p>\n\n\n\n<p>Se recomienda extremar precauciones en el municipio de Guasave, a pobladores de La Trinidad, La Noria, Las Quemazones, Los Hornos No. 1, Ranchito de Inzunza, La Escolera, El Toruno, Las Moras, Las Moritas; asimismo, se extiende la recomendaci\u00f3n al municipio de Sinaloa, en particular a las comunidades cercanas a la ribera del arroyo Ocoroni, mismas que empezaron a ser evacuadas en el transcurso de este d\u00eda. <\/p>\n\n\n\n<p>Las comunidades en posible riesgo en el municipio de Sinaloa son Genaro Estrada, La Cofrad\u00eda, Camino Real y Estaci\u00f3n Naranjo. <\/p>\n\n\n\n<p>De acuerdo con el Instituto Estatal de Protecci\u00f3n Civil, en caso de emergencia recomienda tener a la mano los siguientes art\u00edculos: botiqu\u00edn de primeros auxilios, radio y linterna de pilas con repuestos; agua purificada o hervida en envases de taparrosca; alimentos enlatados y documentos personales guardados en bolsas de pl\u00e1stico y dentro de una mochila.<\/p>\n\n\n\n<p><\/p>\n","protected":false},"excerpt":{"rendered":"<p>Se extreman precauciones ante posibles inundaciones en comunidades de Guasave y Sinaloa, por el desfogue de la presa \u201cGuillermo Blake\u201d Culiac\u00e1n, Sinaloa.- Debido a los desfogues de la presa Guillermo Blake, la Secretar\u00eda de Educaci\u00f3n P\u00fablica y Cultura (SEPyC) habilit\u00f3 cinco escuelas como albergues para estar en condiciones de recibir a la poblaci\u00f3n que lo [&hellip;]<\/p>\n","protected":false},"author":4,"featured_media":41501,"comment_status":"open","ping_status":"open","sticky":false,"template":"","format":"standard","meta":{"tdm_status":"","tdm_grid_status":"","footnotes":""},"categories":[37],"tags":[],"class_list":{"0":"post-41500","1":"post","2":"type-post","3":"status-publish","4":"format-standard","5":"has-post-thumbnail","7":"category-nota-principal"},"yoast_head":"<!-- This site is optimized with the Yoast SEO plugin v27.4 - https:\/\/yoast.com\/product\/yoast-seo-wordpress\/ -->\n<title>Habilita SEPyC cinco escuelas primarias como albergues en Guasave - Fuentes Fidedignas<\/title>\n<meta name=\"robots\" content=\"index, follow, max-snippet:-1, max-image-preview:large, max-video-preview:-1\" \/>\n<link rel=\"canonical\" href=\"https:\/\/fuentesfidedignas.com.mx\/index.php\/2022\/09\/01\/habilita-sepyc-tres-escuelas-primarias-como-albergues-en-guasave\/\" \/>\n<meta property=\"og:locale\" content=\"es_MX\" \/>\n<meta property=\"og:type\" content=\"article\" \/>\n<meta property=\"og:title\" content=\"Habilita SEPyC cinco escuelas primarias como albergues en Guasave - Fuentes Fidedignas\" \/>\n<meta property=\"og:description\" content=\"Se extreman precauciones ante posibles inundaciones en comunidades de Guasave y Sinaloa, por el desfogue de la presa \u201cGuillermo Blake\u201d Culiac\u00e1n, Sinaloa.- Debido a los desfogues de la presa Guillermo Blake, la Secretar\u00eda de Educaci\u00f3n P\u00fablica y Cultura (SEPyC) habilit\u00f3 cinco escuelas como albergues para estar en condiciones de recibir a la poblaci\u00f3n que lo [&hellip;]\" \/>\n<meta property=\"og:url\" content=\"https:\/\/fuentesfidedignas.com.mx\/index.php\/2022\/09\/01\/habilita-sepyc-tres-escuelas-primarias-como-albergues-en-guasave\/\" \/>\n<meta property=\"og:site_name\" content=\"Fuentes Fidedignas\" \/>\n<meta property=\"article:publisher\" content=\"https:\/\/www.facebook.com\/Fuentes-Fidedignas-368234489921644\" \/>\n<meta property=\"article:published_time\" content=\"2022-09-01T21:00:45+00:00\" \/>\n<meta property=\"article:modified_time\" content=\"2022-09-01T21:37:08+00:00\" \/>\n<meta property=\"og:image\" content=\"https:\/\/fuentesfidedignas.com.mx\/wp-content\/uploads\/2022\/09\/ALBERGUE.jpeg\" \/>\n\t<meta property=\"og:image:width\" content=\"1280\" \/>\n\t<meta property=\"og:image:height\" content=\"719\" \/>\n\t<meta property=\"og:image:type\" content=\"image\/jpeg\" \/>\n<meta name=\"author\" content=\"Redacci\u00f3n\" \/>\n<meta name=\"twitter:card\" content=\"summary_large_image\" \/>\n<meta name=\"twitter:creator\" content=\"@fidedignas\" \/>\n<meta name=\"twitter:site\" content=\"@fidedignas\" \/>\n<meta name=\"twitter:label1\" content=\"Escrito por\" \/>\n\t<meta name=\"twitter:data1\" content=\"Redacci\u00f3n\" \/>\n\t<meta name=\"twitter:label2\" content=\"Tiempo de lectura\" \/>\n\t<meta name=\"twitter:data2\" content=\"2 minutos\" \/>\n<script type=\"application\/ld+json\" class=\"yoast-schema-graph\">{\"@context\":\"https:\\\/\\\/schema.org\",\"@graph\":[{\"@type\":\"Article\",\"@id\":\"https:\\\/\\\/fuentesfidedignas.com.mx\\\/index.php\\\/2022\\\/09\\\/01\\\/habilita-sepyc-tres-escuelas-primarias-como-albergues-en-guasave\\\/#article\",\"isPartOf\":{\"@id\":\"https:\\\/\\\/fuentesfidedignas.com.mx\\\/index.php\\\/2022\\\/09\\\/01\\\/habilita-sepyc-tres-escuelas-primarias-como-albergues-en-guasave\\\/\"},\"author\":{\"name\":\"Redacci\u00f3n\",\"@id\":\"https:\\\/\\\/fuentesfidedignas.com.mx\\\/#\\\/schema\\\/person\\\/331be9283d37198e2acd5750279085b0\"},\"headline\":\"Habilita SEPyC cinco escuelas primarias como albergues en Guasave\",\"datePublished\":\"2022-09-01T21:00:45+00:00\",\"dateModified\":\"2022-09-01T21:37:08+00:00\",\"mainEntityOfPage\":{\"@id\":\"https:\\\/\\\/fuentesfidedignas.com.mx\\\/index.php\\\/2022\\\/09\\\/01\\\/habilita-sepyc-tres-escuelas-primarias-como-albergues-en-guasave\\\/\"},\"wordCount\":316,\"commentCount\":0,\"publisher\":{\"@id\":\"https:\\\/\\\/fuentesfidedignas.com.mx\\\/#organization\"},\"image\":{\"@id\":\"https:\\\/\\\/fuentesfidedignas.com.mx\\\/index.php\\\/2022\\\/09\\\/01\\\/habilita-sepyc-tres-escuelas-primarias-como-albergues-en-guasave\\\/#primaryimage\"},\"thumbnailUrl\":\"https:\\\/\\\/fuentesfidedignas.com.mx\\\/wp-content\\\/uploads\\\/2022\\\/09\\\/ALBERGUE.jpeg\",\"articleSection\":[\"NOTA PRINCIPAL\"],\"inLanguage\":\"es\",\"potentialAction\":[{\"@type\":\"CommentAction\",\"name\":\"Comment\",\"target\":[\"https:\\\/\\\/fuentesfidedignas.com.mx\\\/index.php\\\/2022\\\/09\\\/01\\\/habilita-sepyc-tres-escuelas-primarias-como-albergues-en-guasave\\\/#respond\"]}]},{\"@type\":\"WebPage\",\"@id\":\"https:\\\/\\\/fuentesfidedignas.com.mx\\\/index.php\\\/2022\\\/09\\\/01\\\/habilita-sepyc-tres-escuelas-primarias-como-albergues-en-guasave\\\/\",\"url\":\"https:\\\/\\\/fuentesfidedignas.com.mx\\\/index.php\\\/2022\\\/09\\\/01\\\/habilita-sepyc-tres-escuelas-primarias-como-albergues-en-guasave\\\/\",\"name\":\"Habilita SEPyC cinco escuelas primarias como albergues en Guasave - Fuentes Fidedignas\",\"isPartOf\":{\"@id\":\"https:\\\/\\\/fuentesfidedignas.com.mx\\\/#website\"},\"primaryImageOfPage\":{\"@id\":\"https:\\\/\\\/fuentesfidedignas.com.mx\\\/index.php\\\/2022\\\/09\\\/01\\\/habilita-sepyc-tres-escuelas-primarias-como-albergues-en-guasave\\\/#primaryimage\"},\"image\":{\"@id\":\"https:\\\/\\\/fuentesfidedignas.com.mx\\\/index.php\\\/2022\\\/09\\\/01\\\/habilita-sepyc-tres-escuelas-primarias-como-albergues-en-guasave\\\/#primaryimage\"},\"thumbnailUrl\":\"https:\\\/\\\/fuentesfidedignas.com.mx\\\/wp-content\\\/uploads\\\/2022\\\/09\\\/ALBERGUE.jpeg\",\"datePublished\":\"2022-09-01T21:00:45+00:00\",\"dateModified\":\"2022-09-01T21:37:08+00:00\",\"breadcrumb\":{\"@id\":\"https:\\\/\\\/fuentesfidedignas.com.mx\\\/index.php\\\/2022\\\/09\\\/01\\\/habilita-sepyc-tres-escuelas-primarias-como-albergues-en-guasave\\\/#breadcrumb\"},\"inLanguage\":\"es\",\"potentialAction\":[{\"@type\":\"ReadAction\",\"target\":[\"https:\\\/\\\/fuentesfidedignas.com.mx\\\/index.php\\\/2022\\\/09\\\/01\\\/habilita-sepyc-tres-escuelas-primarias-como-albergues-en-guasave\\\/\"]}]},{\"@type\":\"ImageObject\",\"inLanguage\":\"es\",\"@id\":\"https:\\\/\\\/fuentesfidedignas.com.mx\\\/index.php\\\/2022\\\/09\\\/01\\\/habilita-sepyc-tres-escuelas-primarias-como-albergues-en-guasave\\\/#primaryimage\",\"url\":\"https:\\\/\\\/fuentesfidedignas.com.mx\\\/wp-content\\\/uploads\\\/2022\\\/09\\\/ALBERGUE.jpeg\",\"contentUrl\":\"https:\\\/\\\/fuentesfidedignas.com.mx\\\/wp-content\\\/uploads\\\/2022\\\/09\\\/ALBERGUE.jpeg\",\"width\":1280,\"height\":719},{\"@type\":\"BreadcrumbList\",\"@id\":\"https:\\\/\\\/fuentesfidedignas.com.mx\\\/index.php\\\/2022\\\/09\\\/01\\\/habilita-sepyc-tres-escuelas-primarias-como-albergues-en-guasave\\\/#breadcrumb\",\"itemListElement\":[{\"@type\":\"ListItem\",\"position\":1,\"name\":\"Inicio\",\"item\":\"https:\\\/\\\/fuentesfidedignas.com.mx\\\/\"},{\"@type\":\"ListItem\",\"position\":2,\"name\":\"Habilita SEPyC cinco escuelas primarias como albergues en Guasave\"}]},{\"@type\":\"WebSite\",\"@id\":\"https:\\\/\\\/fuentesfidedignas.com.mx\\\/#website\",\"url\":\"https:\\\/\\\/fuentesfidedignas.com.mx\\\/\",\"name\":\"Fuentes Fidedignas\",\"description\":\"Otro sitio realizado con WordPress\",\"publisher\":{\"@id\":\"https:\\\/\\\/fuentesfidedignas.com.mx\\\/#organization\"},\"potentialAction\":[{\"@type\":\"SearchAction\",\"target\":{\"@type\":\"EntryPoint\",\"urlTemplate\":\"https:\\\/\\\/fuentesfidedignas.com.mx\\\/?s={search_term_string}\"},\"query-input\":{\"@type\":\"PropertyValueSpecification\",\"valueRequired\":true,\"valueName\":\"search_term_string\"}}],\"inLanguage\":\"es\"},{\"@type\":\"Organization\",\"@id\":\"https:\\\/\\\/fuentesfidedignas.com.mx\\\/#organization\",\"name\":\"Fuentes Fidedignas\",\"url\":\"https:\\\/\\\/fuentesfidedignas.com.mx\\\/\",\"logo\":{\"@type\":\"ImageObject\",\"inLanguage\":\"es\",\"@id\":\"https:\\\/\\\/fuentesfidedignas.com.mx\\\/#\\\/schema\\\/logo\\\/image\\\/\",\"url\":\"https:\\\/\\\/fuentesfidedignas.com.mx\\\/wp-content\\\/uploads\\\/2021\\\/04\\\/logo-retina.png\",\"contentUrl\":\"https:\\\/\\\/fuentesfidedignas.com.mx\\\/wp-content\\\/uploads\\\/2021\\\/04\\\/logo-retina.png\",\"width\":280,\"height\":51,\"caption\":\"Fuentes Fidedignas\"},\"image\":{\"@id\":\"https:\\\/\\\/fuentesfidedignas.com.mx\\\/#\\\/schema\\\/logo\\\/image\\\/\"},\"sameAs\":[\"https:\\\/\\\/www.facebook.com\\\/Fuentes-Fidedignas-368234489921644\",\"https:\\\/\\\/x.com\\\/fidedignas\"]},{\"@type\":\"Person\",\"@id\":\"https:\\\/\\\/fuentesfidedignas.com.mx\\\/#\\\/schema\\\/person\\\/331be9283d37198e2acd5750279085b0\",\"name\":\"Redacci\u00f3n\",\"image\":{\"@type\":\"ImageObject\",\"inLanguage\":\"es\",\"@id\":\"https:\\\/\\\/secure.gravatar.com\\\/avatar\\\/f6d8782c11d12b2d4ad3fbb6931aeab5309937a4d6cd2fc9cfaa28a6396a5aec?s=96&d=mm&r=g\",\"url\":\"https:\\\/\\\/secure.gravatar.com\\\/avatar\\\/f6d8782c11d12b2d4ad3fbb6931aeab5309937a4d6cd2fc9cfaa28a6396a5aec?s=96&d=mm&r=g\",\"contentUrl\":\"https:\\\/\\\/secure.gravatar.com\\\/avatar\\\/f6d8782c11d12b2d4ad3fbb6931aeab5309937a4d6cd2fc9cfaa28a6396a5aec?s=96&d=mm&r=g\",\"caption\":\"Redacci\u00f3n\"},\"url\":\"https:\\\/\\\/fuentesfidedignas.com.mx\\\/index.php\\\/author\\\/redaccion\\\/\"}]}<\/script>\n<!-- \/ Yoast SEO plugin. -->","yoast_head_json":{"title":"Habilita SEPyC cinco escuelas primarias como albergues en Guasave - Fuentes Fidedignas","robots":{"index":"index","follow":"follow","max-snippet":"max-snippet:-1","max-image-preview":"max-image-preview:large","max-video-preview":"max-video-preview:-1"},"canonical":"https:\/\/fuentesfidedignas.com.mx\/index.php\/2022\/09\/01\/habilita-sepyc-tres-escuelas-primarias-como-albergues-en-guasave\/","og_locale":"es_MX","og_type":"article","og_title":"Habilita SEPyC cinco escuelas primarias como albergues en Guasave - Fuentes Fidedignas","og_description":"Se extreman precauciones ante posibles inundaciones en comunidades de Guasave y Sinaloa, por el desfogue de la presa \u201cGuillermo Blake\u201d Culiac\u00e1n, Sinaloa.- Debido a los desfogues de la presa Guillermo Blake, la Secretar\u00eda de Educaci\u00f3n P\u00fablica y Cultura (SEPyC) habilit\u00f3 cinco escuelas como albergues para estar en condiciones de recibir a la poblaci\u00f3n que lo [&hellip;]","og_url":"https:\/\/fuentesfidedignas.com.mx\/index.php\/2022\/09\/01\/habilita-sepyc-tres-escuelas-primarias-como-albergues-en-guasave\/","og_site_name":"Fuentes Fidedignas","article_publisher":"https:\/\/www.facebook.com\/Fuentes-Fidedignas-368234489921644","article_published_time":"2022-09-01T21:00:45+00:00","article_modified_time":"2022-09-01T21:37:08+00:00","og_image":[{"width":1280,"height":719,"url":"https:\/\/fuentesfidedignas.com.mx\/wp-content\/uploads\/2022\/09\/ALBERGUE.jpeg","type":"image\/jpeg"}],"author":"Redacci\u00f3n","twitter_card":"summary_large_image","twitter_creator":"@fidedignas","twitter_site":"@fidedignas","twitter_misc":{"Escrito por":"Redacci\u00f3n","Tiempo de lectura":"2 minutos"},"schema":{"@context":"https:\/\/schema.org","@graph":[{"@type":"Article","@id":"https:\/\/fuentesfidedignas.com.mx\/index.php\/2022\/09\/01\/habilita-sepyc-tres-escuelas-primarias-como-albergues-en-guasave\/#article","isPartOf":{"@id":"https:\/\/fuentesfidedignas.com.mx\/index.php\/2022\/09\/01\/habilita-sepyc-tres-escuelas-primarias-como-albergues-en-guasave\/"},"author":{"name":"Redacci\u00f3n","@id":"https:\/\/fuentesfidedignas.com.mx\/#\/schema\/person\/331be9283d37198e2acd5750279085b0"},"headline":"Habilita SEPyC cinco escuelas primarias como albergues en Guasave","datePublished":"2022-09-01T21:00:45+00:00","dateModified":"2022-09-01T21:37:08+00:00","mainEntityOfPage":{"@id":"https:\/\/fuentesfidedignas.com.mx\/index.php\/2022\/09\/01\/habilita-sepyc-tres-escuelas-primarias-como-albergues-en-guasave\/"},"wordCount":316,"commentCount":0,"publisher":{"@id":"https:\/\/fuentesfidedignas.com.mx\/#organization"},"image":{"@id":"https:\/\/fuentesfidedignas.com.mx\/index.php\/2022\/09\/01\/habilita-sepyc-tres-escuelas-primarias-como-albergues-en-guasave\/#primaryimage"},"thumbnailUrl":"https:\/\/fuentesfidedignas.com.mx\/wp-content\/uploads\/2022\/09\/ALBERGUE.jpeg","articleSection":["NOTA PRINCIPAL"],"inLanguage":"es","potentialAction":[{"@type":"CommentAction","name":"Comment","target":["https:\/\/fuentesfidedignas.com.mx\/index.php\/2022\/09\/01\/habilita-sepyc-tres-escuelas-primarias-como-albergues-en-guasave\/#respond"]}]},{"@type":"WebPage","@id":"https:\/\/fuentesfidedignas.com.mx\/index.php\/2022\/09\/01\/habilita-sepyc-tres-escuelas-primarias-como-albergues-en-guasave\/","url":"https:\/\/fuentesfidedignas.com.mx\/index.php\/2022\/09\/01\/habilita-sepyc-tres-escuelas-primarias-como-albergues-en-guasave\/","name":"Habilita SEPyC cinco escuelas primarias como albergues en Guasave - Fuentes Fidedignas","isPartOf":{"@id":"https:\/\/fuentesfidedignas.com.mx\/#website"},"primaryImageOfPage":{"@id":"https:\/\/fuentesfidedignas.com.mx\/index.php\/2022\/09\/01\/habilita-sepyc-tres-escuelas-primarias-como-albergues-en-guasave\/#primaryimage"},"image":{"@id":"https:\/\/fuentesfidedignas.com.mx\/index.php\/2022\/09\/01\/habilita-sepyc-tres-escuelas-primarias-como-albergues-en-guasave\/#primaryimage"},"thumbnailUrl":"https:\/\/fuentesfidedignas.com.mx\/wp-content\/uploads\/2022\/09\/ALBERGUE.jpeg","datePublished":"2022-09-01T21:00:45+00:00","dateModified":"2022-09-01T21:37:08+00:00","breadcrumb":{"@id":"https:\/\/fuentesfidedignas.com.mx\/index.php\/2022\/09\/01\/habilita-sepyc-tres-escuelas-primarias-como-albergues-en-guasave\/#breadcrumb"},"inLanguage":"es","potentialAction":[{"@type":"ReadAction","target":["https:\/\/fuentesfidedignas.com.mx\/index.php\/2022\/09\/01\/habilita-sepyc-tres-escuelas-primarias-como-albergues-en-guasave\/"]}]},{"@type":"ImageObject","inLanguage":"es","@id":"https:\/\/fuentesfidedignas.com.mx\/index.php\/2022\/09\/01\/habilita-sepyc-tres-escuelas-primarias-como-albergues-en-guasave\/#primaryimage","url":"https:\/\/fuentesfidedignas.com.mx\/wp-content\/uploads\/2022\/09\/ALBERGUE.jpeg","contentUrl":"https:\/\/fuentesfidedignas.com.mx\/wp-content\/uploads\/2022\/09\/ALBERGUE.jpeg","width":1280,"height":719},{"@type":"BreadcrumbList","@id":"https:\/\/fuentesfidedignas.com.mx\/index.php\/2022\/09\/01\/habilita-sepyc-tres-escuelas-primarias-como-albergues-en-guasave\/#breadcrumb","itemListElement":[{"@type":"ListItem","position":1,"name":"Inicio","item":"https:\/\/fuentesfidedignas.com.mx\/"},{"@type":"ListItem","position":2,"name":"Habilita SEPyC cinco escuelas primarias como albergues en Guasave"}]},{"@type":"WebSite","@id":"https:\/\/fuentesfidedignas.com.mx\/#website","url":"https:\/\/fuentesfidedignas.com.mx\/","name":"Fuentes Fidedignas","description":"Otro sitio realizado con WordPress","publisher":{"@id":"https:\/\/fuentesfidedignas.com.mx\/#organization"},"potentialAction":[{"@type":"SearchAction","target":{"@type":"EntryPoint","urlTemplate":"https:\/\/fuentesfidedignas.com.mx\/?s={search_term_string}"},"query-input":{"@type":"PropertyValueSpecification","valueRequired":true,"valueName":"search_term_string"}}],"inLanguage":"es"},{"@type":"Organization","@id":"https:\/\/fuentesfidedignas.com.mx\/#organization","name":"Fuentes Fidedignas","url":"https:\/\/fuentesfidedignas.com.mx\/","logo":{"@type":"ImageObject","inLanguage":"es","@id":"https:\/\/fuentesfidedignas.com.mx\/#\/schema\/logo\/image\/","url":"https:\/\/fuentesfidedignas.com.mx\/wp-content\/uploads\/2021\/04\/logo-retina.png","contentUrl":"https:\/\/fuentesfidedignas.com.mx\/wp-content\/uploads\/2021\/04\/logo-retina.png","width":280,"height":51,"caption":"Fuentes Fidedignas"},"image":{"@id":"https:\/\/fuentesfidedignas.com.mx\/#\/schema\/logo\/image\/"},"sameAs":["https:\/\/www.facebook.com\/Fuentes-Fidedignas-368234489921644","https:\/\/x.com\/fidedignas"]},{"@type":"Person","@id":"https:\/\/fuentesfidedignas.com.mx\/#\/schema\/person\/331be9283d37198e2acd5750279085b0","name":"Redacci\u00f3n","image":{"@type":"ImageObject","inLanguage":"es","@id":"https:\/\/secure.gravatar.com\/avatar\/f6d8782c11d12b2d4ad3fbb6931aeab5309937a4d6cd2fc9cfaa28a6396a5aec?s=96&d=mm&r=g","url":"https:\/\/secure.gravatar.com\/avatar\/f6d8782c11d12b2d4ad3fbb6931aeab5309937a4d6cd2fc9cfaa28a6396a5aec?s=96&d=mm&r=g","contentUrl":"https:\/\/secure.gravatar.com\/avatar\/f6d8782c11d12b2d4ad3fbb6931aeab5309937a4d6cd2fc9cfaa28a6396a5aec?s=96&d=mm&r=g","caption":"Redacci\u00f3n"},"url":"https:\/\/fuentesfidedignas.com.mx\/index.php\/author\/redaccion\/"}]}},"_links":{"self":[{"href":"https:\/\/fuentesfidedignas.com.mx\/index.php\/wp-json\/wp\/v2\/posts\/41500","targetHints":{"allow":["GET"]}}],"collection":[{"href":"https:\/\/fuentesfidedignas.com.mx\/index.php\/wp-json\/wp\/v2\/posts"}],"about":[{"href":"https:\/\/fuentesfidedignas.com.mx\/index.php\/wp-json\/wp\/v2\/types\/post"}],"author":[{"embeddable":true,"href":"https:\/\/fuentesfidedignas.com.mx\/index.php\/wp-json\/wp\/v2\/users\/4"}],"replies":[{"embeddable":true,"href":"https:\/\/fuentesfidedignas.com.mx\/index.php\/wp-json\/wp\/v2\/comments?post=41500"}],"version-history":[{"count":2,"href":"https:\/\/fuentesfidedignas.com.mx\/index.php\/wp-json\/wp\/v2\/posts\/41500\/revisions"}],"predecessor-version":[{"id":41509,"href":"https:\/\/fuentesfidedignas.com.mx\/index.php\/wp-json\/wp\/v2\/posts\/41500\/revisions\/41509"}],"wp:featuredmedia":[{"embeddable":true,"href":"https:\/\/fuentesfidedignas.com.mx\/index.php\/wp-json\/wp\/v2\/media\/41501"}],"wp:attachment":[{"href":"https:\/\/fuentesfidedignas.com.mx\/index.php\/wp-json\/wp\/v2\/media?parent=41500"}],"wp:term":[{"taxonomy":"category","embeddable":true,"href":"https:\/\/fuentesfidedignas.com.mx\/index.php\/wp-json\/wp\/v2\/categories?post=41500"},{"taxonomy":"post_tag","embeddable":true,"href":"https:\/\/fuentesfidedignas.com.mx\/index.php\/wp-json\/wp\/v2\/tags?post=41500"}],"curies":[{"name":"wp","href":"https:\/\/api.w.org\/{rel}","templated":true}]}}