{"id":41483,"date":"2022-09-02T00:52:00","date_gmt":"2022-09-02T06:52:00","guid":{"rendered":"https:\/\/fuentesfidedignas.com.mx\/?p=41483"},"modified":"2022-09-02T17:07:24","modified_gmt":"2022-09-02T23:07:24","slug":"un-error-joven-toma-taxi-en-puebla-se-queda-dormido-y-termina-en-veracruz","status":"publish","type":"post","link":"https:\/\/fuentesfidedignas.com.mx\/index.php\/2022\/09\/02\/un-error-joven-toma-taxi-en-puebla-se-queda-dormido-y-termina-en-veracruz\/","title":{"rendered":"\u00bfUn error? Joven toma taxi en Puebla; se queda dormido y termina en Veracruz"},"content":{"rendered":"\n<p><em><strong>Fue a trav\u00e9s de TikTok, desde la cuenta @mundo_didi, en donde se dio a conocer el testimonio de lo que vivi\u00f3 un conductor de plataformas digitales<\/strong><\/em><\/p>\n\n\n\n<p>\u00bfCu\u00e1nto es lo m\u00e1s que has pagado en un viaje de Uber o Didi? Las respuestas pueden ser muchas. Sin embargo, quiz\u00e1 nadie iguale lo que le ocurri\u00f3 a un hombre que tuvo que pagar mucho dinero en un viaje tras quedarse dormido en el servicio. Y es que resulta que el hombre termin\u00f3 en una ubicaci\u00f3n que no era, lo llevaron de Cholula, Puebla a Veracruz. \u00bfC\u00f3mo lleg\u00f3 hasta all\u00e1? \u00bfPuso mal la direcci\u00f3n? \u00bfNo se dio cuenta? <\/p>\n\n\n\n<p>Fue a trav\u00e9s de TikTok, desde la cuenta @mundo_didi, en donde se dio a conocer el testimonio de lo que vivi\u00f3 un conductor de plataformas digitales. De acuerdo con lo narrado, levant\u00f3 un servicio en 2021 en la zona de bares de Cholula, Puebla.<\/p>\n\n\n\n<figure class=\"wp-block-embed is-type-video is-provider-tiktok wp-block-embed-tiktok\"><div class=\"wp-block-embed__wrapper\">\n<blockquote class=\"tiktok-embed\" cite=\"https:\/\/www.tiktok.com\/@mundo_didi\/video\/7134854923883187462\" data-video-id=\"7134854923883187462\" data-embed-from=\"oembed\" style=\"max-width: 605px;min-width: 325px;\" > <section> <a target=\"_blank\" title=\"@mundo_didi\" href=\"https:\/\/www.tiktok.com\/@mundo_didi?refer=embed\">@mundo_didi<\/a> <p>Borracho viaja a Veracruz!! Historia de Uber!! <a title=\"humor\" target=\"_blank\" href=\"https:\/\/www.tiktok.com\/tag\/humor?refer=embed\">#humor<\/a> <a title=\"uber\" target=\"_blank\" href=\"https:\/\/www.tiktok.com\/tag\/uber?refer=embed\">#uber<\/a> <a title=\"didi\" target=\"_blank\" href=\"https:\/\/www.tiktok.com\/tag\/didi?refer=embed\">#didi<\/a><\/p> <a target=\"_blank\" title=\"\u266c sonido original - Mundo Didi\" href=\"https:\/\/www.tiktok.com\/music\/sonido-original-7134854983740787461?refer=embed\">\u266c sonido original &#8211; Mundo Didi<\/a> <\/section> <\/blockquote> <script async src=\"https:\/\/www.tiktok.com\/embed.js\"><\/script>\n<\/div><\/figure>\n\n\n\n<p>Todo marchaba en orden. Sin embargo, el pasajero que lo tom\u00f3, se demor\u00f3 un rato porque estaba platicando con su pareja. En un inicio, el cliente le pidi\u00f3 que lo esperara un poco, pues tratar\u00eda de que su novia se fuera con \u00e9l. <\/p>\n\n\n\n<p>Despu\u00e9s de varios minutos, el conductor del servicio de aplicaci\u00f3n pregunt\u00f3 al usuario si a\u00fan quer\u00eda su servicio. Como respuesta recibi\u00f3 palabras que reflejaban molestia: <\/p>\n\n\n\n<p><em>\u201cSeguro ya se le olvid\u00f3, le voy a recordar y preguntar si va a querer el servicio<\/em>\u201d, dijo el conductor. \u201c<em>Esp\u00e9rame, est\u00e1 mi tarjeta \u2013registrada\u2013 \u00bfcu\u00e1l es el problema?<\/em>\u201d, respondi\u00f3 el joven. Tras varios minutos, el usuario se subi\u00f3 finalmente a la unidad, con aparentes tragos de m\u00e1s, el servicio inici\u00f3. <\/p>\n\n\n\n<p>En ese momento, el conductor cay\u00f3 en cuenta que el destino era hasta Veracruz, por lo que presuntamente intent\u00f3 cuestionar al pasajero: \u201c<em>\u00bfQu\u00e9 no sabes leer? \u00bfNo sabes usar la tecnolog\u00eda? Ah\u00ed te puse el destino<\/em>\u201d, respondi\u00f3 el joven. <\/p>\n\n\n\n<p>Ante la respuesta, el conductor sigui\u00f3 su viaje con normalidad. Decidi\u00f3 dar el servicio hasta Veracruz sin cuestionar nada: <em>\u201cPus v\u00e1monos a Veracruz, ah\u00ed est\u00e1 el destino, est\u00e1 la tarjeta, no pasa nada<\/em>\u201d, indic\u00f3. <\/p>\n\n\n\n<p>Finalmente, despu\u00e9s de dos horas y media, el joven se despert\u00f3 y se dio cuenta que iba en un camino desconocido: \u201c<em>\u00bfQu\u00e9 me hiciste, d\u00f3nde me llevas? No me hagas nada por favor, \u00bfd\u00f3nde estamos?<\/em>\u201d, reaccion\u00f3 el joven al despertar. <\/p>\n\n\n\n<p>El conductor explic\u00f3 lo sucedido; cobr\u00f3 aproximadamente 8 mil 400 pesos y no lo quiso llevar de vuelta, pues record\u00f3 la mala actitud que anteriormente hab\u00eda tenido.<\/p>\n","protected":false},"excerpt":{"rendered":"<p>Fue a trav\u00e9s de TikTok, desde la cuenta @mundo_didi, en donde se dio a conocer el testimonio de lo que vivi\u00f3 un conductor de plataformas digitales \u00bfCu\u00e1nto es lo m\u00e1s que has pagado en un viaje de Uber o Didi? Las respuestas pueden ser muchas. Sin embargo, quiz\u00e1 nadie iguale lo que le ocurri\u00f3 a [&hellip;]<\/p>\n","protected":false},"author":9,"featured_media":41603,"comment_status":"open","ping_status":"open","sticky":false,"template":"","format":"standard","meta":{"tdm_status":"","tdm_grid_status":"","footnotes":""},"categories":[40],"tags":[290,193],"class_list":{"0":"post-41483","1":"post","2":"type-post","3":"status-publish","4":"format-standard","5":"has-post-thumbnail","7":"category-las-asombrosas","8":"tag-asombrosa","9":"tag-viral"},"yoast_head":"<!-- This site is optimized with the Yoast SEO plugin v27.4 - https:\/\/yoast.com\/product\/yoast-seo-wordpress\/ -->\n<title>\u00bfUn error? Joven toma taxi en Puebla; se queda dormido y termina en Veracruz - Fuentes Fidedignas<\/title>\n<meta name=\"robots\" content=\"index, follow, max-snippet:-1, max-image-preview:large, max-video-preview:-1\" \/>\n<link rel=\"canonical\" href=\"https:\/\/fuentesfidedignas.com.mx\/index.php\/2022\/09\/02\/un-error-joven-toma-taxi-en-puebla-se-queda-dormido-y-termina-en-veracruz\/\" \/>\n<meta property=\"og:locale\" content=\"es_MX\" \/>\n<meta property=\"og:type\" content=\"article\" \/>\n<meta property=\"og:title\" content=\"\u00bfUn error? Joven toma taxi en Puebla; se queda dormido y termina en Veracruz - Fuentes Fidedignas\" \/>\n<meta property=\"og:description\" content=\"Fue a trav\u00e9s de TikTok, desde la cuenta @mundo_didi, en donde se dio a conocer el testimonio de lo que vivi\u00f3 un conductor de plataformas digitales \u00bfCu\u00e1nto es lo m\u00e1s que has pagado en un viaje de Uber o Didi? Las respuestas pueden ser muchas. Sin embargo, quiz\u00e1 nadie iguale lo que le ocurri\u00f3 a [&hellip;]\" \/>\n<meta property=\"og:url\" content=\"https:\/\/fuentesfidedignas.com.mx\/index.php\/2022\/09\/02\/un-error-joven-toma-taxi-en-puebla-se-queda-dormido-y-termina-en-veracruz\/\" \/>\n<meta property=\"og:site_name\" content=\"Fuentes Fidedignas\" \/>\n<meta property=\"article:publisher\" content=\"https:\/\/www.facebook.com\/Fuentes-Fidedignas-368234489921644\" \/>\n<meta property=\"article:published_time\" content=\"2022-09-02T06:52:00+00:00\" \/>\n<meta property=\"article:modified_time\" content=\"2022-09-02T23:07:24+00:00\" \/>\n<meta property=\"og:image\" content=\"https:\/\/fuentesfidedignas.com.mx\/wp-content\/uploads\/2022\/09\/IMG-20220902-WA0101.jpg\" \/>\n\t<meta property=\"og:image:width\" content=\"1279\" \/>\n\t<meta property=\"og:image:height\" content=\"1280\" \/>\n\t<meta property=\"og:image:type\" content=\"image\/jpeg\" \/>\n<meta name=\"author\" content=\"Milenio\" \/>\n<meta name=\"twitter:card\" content=\"summary_large_image\" \/>\n<meta name=\"twitter:creator\" content=\"@fidedignas\" \/>\n<meta name=\"twitter:site\" content=\"@fidedignas\" \/>\n<meta name=\"twitter:label1\" content=\"Escrito por\" \/>\n\t<meta name=\"twitter:data1\" content=\"Milenio\" \/>\n\t<meta name=\"twitter:label2\" content=\"Tiempo de lectura\" \/>\n\t<meta name=\"twitter:data2\" content=\"2 minutos\" \/>\n<script type=\"application\/ld+json\" class=\"yoast-schema-graph\">{\"@context\":\"https:\\\/\\\/schema.org\",\"@graph\":[{\"@type\":\"Article\",\"@id\":\"https:\\\/\\\/fuentesfidedignas.com.mx\\\/index.php\\\/2022\\\/09\\\/02\\\/un-error-joven-toma-taxi-en-puebla-se-queda-dormido-y-termina-en-veracruz\\\/#article\",\"isPartOf\":{\"@id\":\"https:\\\/\\\/fuentesfidedignas.com.mx\\\/index.php\\\/2022\\\/09\\\/02\\\/un-error-joven-toma-taxi-en-puebla-se-queda-dormido-y-termina-en-veracruz\\\/\"},\"author\":{\"name\":\"Milenio\",\"@id\":\"https:\\\/\\\/fuentesfidedignas.com.mx\\\/#\\\/schema\\\/person\\\/47ec0135738f4b0c7495f06a77a2c976\"},\"headline\":\"\u00bfUn error? Joven toma taxi en Puebla; se queda dormido y termina en Veracruz\",\"datePublished\":\"2022-09-02T06:52:00+00:00\",\"dateModified\":\"2022-09-02T23:07:24+00:00\",\"mainEntityOfPage\":{\"@id\":\"https:\\\/\\\/fuentesfidedignas.com.mx\\\/index.php\\\/2022\\\/09\\\/02\\\/un-error-joven-toma-taxi-en-puebla-se-queda-dormido-y-termina-en-veracruz\\\/\"},\"wordCount\":484,\"commentCount\":0,\"publisher\":{\"@id\":\"https:\\\/\\\/fuentesfidedignas.com.mx\\\/#organization\"},\"image\":{\"@id\":\"https:\\\/\\\/fuentesfidedignas.com.mx\\\/index.php\\\/2022\\\/09\\\/02\\\/un-error-joven-toma-taxi-en-puebla-se-queda-dormido-y-termina-en-veracruz\\\/#primaryimage\"},\"thumbnailUrl\":\"https:\\\/\\\/fuentesfidedignas.com.mx\\\/wp-content\\\/uploads\\\/2022\\\/09\\\/IMG-20220902-WA0101.jpg\",\"keywords\":[\"Asombrosa\",\"Viral\"],\"articleSection\":[\"LAS ASOMBROSAS\"],\"inLanguage\":\"es\",\"potentialAction\":[{\"@type\":\"CommentAction\",\"name\":\"Comment\",\"target\":[\"https:\\\/\\\/fuentesfidedignas.com.mx\\\/index.php\\\/2022\\\/09\\\/02\\\/un-error-joven-toma-taxi-en-puebla-se-queda-dormido-y-termina-en-veracruz\\\/#respond\"]}]},{\"@type\":\"WebPage\",\"@id\":\"https:\\\/\\\/fuentesfidedignas.com.mx\\\/index.php\\\/2022\\\/09\\\/02\\\/un-error-joven-toma-taxi-en-puebla-se-queda-dormido-y-termina-en-veracruz\\\/\",\"url\":\"https:\\\/\\\/fuentesfidedignas.com.mx\\\/index.php\\\/2022\\\/09\\\/02\\\/un-error-joven-toma-taxi-en-puebla-se-queda-dormido-y-termina-en-veracruz\\\/\",\"name\":\"\u00bfUn error? Joven toma taxi en Puebla; se queda dormido y termina en Veracruz - Fuentes Fidedignas\",\"isPartOf\":{\"@id\":\"https:\\\/\\\/fuentesfidedignas.com.mx\\\/#website\"},\"primaryImageOfPage\":{\"@id\":\"https:\\\/\\\/fuentesfidedignas.com.mx\\\/index.php\\\/2022\\\/09\\\/02\\\/un-error-joven-toma-taxi-en-puebla-se-queda-dormido-y-termina-en-veracruz\\\/#primaryimage\"},\"image\":{\"@id\":\"https:\\\/\\\/fuentesfidedignas.com.mx\\\/index.php\\\/2022\\\/09\\\/02\\\/un-error-joven-toma-taxi-en-puebla-se-queda-dormido-y-termina-en-veracruz\\\/#primaryimage\"},\"thumbnailUrl\":\"https:\\\/\\\/fuentesfidedignas.com.mx\\\/wp-content\\\/uploads\\\/2022\\\/09\\\/IMG-20220902-WA0101.jpg\",\"datePublished\":\"2022-09-02T06:52:00+00:00\",\"dateModified\":\"2022-09-02T23:07:24+00:00\",\"breadcrumb\":{\"@id\":\"https:\\\/\\\/fuentesfidedignas.com.mx\\\/index.php\\\/2022\\\/09\\\/02\\\/un-error-joven-toma-taxi-en-puebla-se-queda-dormido-y-termina-en-veracruz\\\/#breadcrumb\"},\"inLanguage\":\"es\",\"potentialAction\":[{\"@type\":\"ReadAction\",\"target\":[\"https:\\\/\\\/fuentesfidedignas.com.mx\\\/index.php\\\/2022\\\/09\\\/02\\\/un-error-joven-toma-taxi-en-puebla-se-queda-dormido-y-termina-en-veracruz\\\/\"]}]},{\"@type\":\"ImageObject\",\"inLanguage\":\"es\",\"@id\":\"https:\\\/\\\/fuentesfidedignas.com.mx\\\/index.php\\\/2022\\\/09\\\/02\\\/un-error-joven-toma-taxi-en-puebla-se-queda-dormido-y-termina-en-veracruz\\\/#primaryimage\",\"url\":\"https:\\\/\\\/fuentesfidedignas.com.mx\\\/wp-content\\\/uploads\\\/2022\\\/09\\\/IMG-20220902-WA0101.jpg\",\"contentUrl\":\"https:\\\/\\\/fuentesfidedignas.com.mx\\\/wp-content\\\/uploads\\\/2022\\\/09\\\/IMG-20220902-WA0101.jpg\",\"width\":1279,\"height\":1280},{\"@type\":\"BreadcrumbList\",\"@id\":\"https:\\\/\\\/fuentesfidedignas.com.mx\\\/index.php\\\/2022\\\/09\\\/02\\\/un-error-joven-toma-taxi-en-puebla-se-queda-dormido-y-termina-en-veracruz\\\/#breadcrumb\",\"itemListElement\":[{\"@type\":\"ListItem\",\"position\":1,\"name\":\"Inicio\",\"item\":\"https:\\\/\\\/fuentesfidedignas.com.mx\\\/\"},{\"@type\":\"ListItem\",\"position\":2,\"name\":\"\u00bfUn error? Joven toma taxi en Puebla; se queda dormido y termina en Veracruz\"}]},{\"@type\":\"WebSite\",\"@id\":\"https:\\\/\\\/fuentesfidedignas.com.mx\\\/#website\",\"url\":\"https:\\\/\\\/fuentesfidedignas.com.mx\\\/\",\"name\":\"Fuentes Fidedignas\",\"description\":\"Otro sitio realizado con WordPress\",\"publisher\":{\"@id\":\"https:\\\/\\\/fuentesfidedignas.com.mx\\\/#organization\"},\"potentialAction\":[{\"@type\":\"SearchAction\",\"target\":{\"@type\":\"EntryPoint\",\"urlTemplate\":\"https:\\\/\\\/fuentesfidedignas.com.mx\\\/?s={search_term_string}\"},\"query-input\":{\"@type\":\"PropertyValueSpecification\",\"valueRequired\":true,\"valueName\":\"search_term_string\"}}],\"inLanguage\":\"es\"},{\"@type\":\"Organization\",\"@id\":\"https:\\\/\\\/fuentesfidedignas.com.mx\\\/#organization\",\"name\":\"Fuentes Fidedignas\",\"url\":\"https:\\\/\\\/fuentesfidedignas.com.mx\\\/\",\"logo\":{\"@type\":\"ImageObject\",\"inLanguage\":\"es\",\"@id\":\"https:\\\/\\\/fuentesfidedignas.com.mx\\\/#\\\/schema\\\/logo\\\/image\\\/\",\"url\":\"https:\\\/\\\/fuentesfidedignas.com.mx\\\/wp-content\\\/uploads\\\/2021\\\/04\\\/logo-retina.png\",\"contentUrl\":\"https:\\\/\\\/fuentesfidedignas.com.mx\\\/wp-content\\\/uploads\\\/2021\\\/04\\\/logo-retina.png\",\"width\":280,\"height\":51,\"caption\":\"Fuentes Fidedignas\"},\"image\":{\"@id\":\"https:\\\/\\\/fuentesfidedignas.com.mx\\\/#\\\/schema\\\/logo\\\/image\\\/\"},\"sameAs\":[\"https:\\\/\\\/www.facebook.com\\\/Fuentes-Fidedignas-368234489921644\",\"https:\\\/\\\/x.com\\\/fidedignas\"]},{\"@type\":\"Person\",\"@id\":\"https:\\\/\\\/fuentesfidedignas.com.mx\\\/#\\\/schema\\\/person\\\/47ec0135738f4b0c7495f06a77a2c976\",\"name\":\"Milenio\",\"image\":{\"@type\":\"ImageObject\",\"inLanguage\":\"es\",\"@id\":\"https:\\\/\\\/secure.gravatar.com\\\/avatar\\\/acabf7b54753e51c2c76457954577c236b3b764789b19879565769739d1e4a75?s=96&d=mm&r=g\",\"url\":\"https:\\\/\\\/secure.gravatar.com\\\/avatar\\\/acabf7b54753e51c2c76457954577c236b3b764789b19879565769739d1e4a75?s=96&d=mm&r=g\",\"contentUrl\":\"https:\\\/\\\/secure.gravatar.com\\\/avatar\\\/acabf7b54753e51c2c76457954577c236b3b764789b19879565769739d1e4a75?s=96&d=mm&r=g\",\"caption\":\"Milenio\"},\"url\":\"https:\\\/\\\/fuentesfidedignas.com.mx\\\/index.php\\\/author\\\/milenio\\\/\"}]}<\/script>\n<!-- \/ Yoast SEO plugin. -->","yoast_head_json":{"title":"\u00bfUn error? Joven toma taxi en Puebla; se queda dormido y termina en Veracruz - Fuentes Fidedignas","robots":{"index":"index","follow":"follow","max-snippet":"max-snippet:-1","max-image-preview":"max-image-preview:large","max-video-preview":"max-video-preview:-1"},"canonical":"https:\/\/fuentesfidedignas.com.mx\/index.php\/2022\/09\/02\/un-error-joven-toma-taxi-en-puebla-se-queda-dormido-y-termina-en-veracruz\/","og_locale":"es_MX","og_type":"article","og_title":"\u00bfUn error? Joven toma taxi en Puebla; se queda dormido y termina en Veracruz - Fuentes Fidedignas","og_description":"Fue a trav\u00e9s de TikTok, desde la cuenta @mundo_didi, en donde se dio a conocer el testimonio de lo que vivi\u00f3 un conductor de plataformas digitales \u00bfCu\u00e1nto es lo m\u00e1s que has pagado en un viaje de Uber o Didi? Las respuestas pueden ser muchas. Sin embargo, quiz\u00e1 nadie iguale lo que le ocurri\u00f3 a [&hellip;]","og_url":"https:\/\/fuentesfidedignas.com.mx\/index.php\/2022\/09\/02\/un-error-joven-toma-taxi-en-puebla-se-queda-dormido-y-termina-en-veracruz\/","og_site_name":"Fuentes Fidedignas","article_publisher":"https:\/\/www.facebook.com\/Fuentes-Fidedignas-368234489921644","article_published_time":"2022-09-02T06:52:00+00:00","article_modified_time":"2022-09-02T23:07:24+00:00","og_image":[{"width":1279,"height":1280,"url":"https:\/\/fuentesfidedignas.com.mx\/wp-content\/uploads\/2022\/09\/IMG-20220902-WA0101.jpg","type":"image\/jpeg"}],"author":"Milenio","twitter_card":"summary_large_image","twitter_creator":"@fidedignas","twitter_site":"@fidedignas","twitter_misc":{"Escrito por":"Milenio","Tiempo de lectura":"2 minutos"},"schema":{"@context":"https:\/\/schema.org","@graph":[{"@type":"Article","@id":"https:\/\/fuentesfidedignas.com.mx\/index.php\/2022\/09\/02\/un-error-joven-toma-taxi-en-puebla-se-queda-dormido-y-termina-en-veracruz\/#article","isPartOf":{"@id":"https:\/\/fuentesfidedignas.com.mx\/index.php\/2022\/09\/02\/un-error-joven-toma-taxi-en-puebla-se-queda-dormido-y-termina-en-veracruz\/"},"author":{"name":"Milenio","@id":"https:\/\/fuentesfidedignas.com.mx\/#\/schema\/person\/47ec0135738f4b0c7495f06a77a2c976"},"headline":"\u00bfUn error? Joven toma taxi en Puebla; se queda dormido y termina en Veracruz","datePublished":"2022-09-02T06:52:00+00:00","dateModified":"2022-09-02T23:07:24+00:00","mainEntityOfPage":{"@id":"https:\/\/fuentesfidedignas.com.mx\/index.php\/2022\/09\/02\/un-error-joven-toma-taxi-en-puebla-se-queda-dormido-y-termina-en-veracruz\/"},"wordCount":484,"commentCount":0,"publisher":{"@id":"https:\/\/fuentesfidedignas.com.mx\/#organization"},"image":{"@id":"https:\/\/fuentesfidedignas.com.mx\/index.php\/2022\/09\/02\/un-error-joven-toma-taxi-en-puebla-se-queda-dormido-y-termina-en-veracruz\/#primaryimage"},"thumbnailUrl":"https:\/\/fuentesfidedignas.com.mx\/wp-content\/uploads\/2022\/09\/IMG-20220902-WA0101.jpg","keywords":["Asombrosa","Viral"],"articleSection":["LAS ASOMBROSAS"],"inLanguage":"es","potentialAction":[{"@type":"CommentAction","name":"Comment","target":["https:\/\/fuentesfidedignas.com.mx\/index.php\/2022\/09\/02\/un-error-joven-toma-taxi-en-puebla-se-queda-dormido-y-termina-en-veracruz\/#respond"]}]},{"@type":"WebPage","@id":"https:\/\/fuentesfidedignas.com.mx\/index.php\/2022\/09\/02\/un-error-joven-toma-taxi-en-puebla-se-queda-dormido-y-termina-en-veracruz\/","url":"https:\/\/fuentesfidedignas.com.mx\/index.php\/2022\/09\/02\/un-error-joven-toma-taxi-en-puebla-se-queda-dormido-y-termina-en-veracruz\/","name":"\u00bfUn error? Joven toma taxi en Puebla; se queda dormido y termina en Veracruz - Fuentes Fidedignas","isPartOf":{"@id":"https:\/\/fuentesfidedignas.com.mx\/#website"},"primaryImageOfPage":{"@id":"https:\/\/fuentesfidedignas.com.mx\/index.php\/2022\/09\/02\/un-error-joven-toma-taxi-en-puebla-se-queda-dormido-y-termina-en-veracruz\/#primaryimage"},"image":{"@id":"https:\/\/fuentesfidedignas.com.mx\/index.php\/2022\/09\/02\/un-error-joven-toma-taxi-en-puebla-se-queda-dormido-y-termina-en-veracruz\/#primaryimage"},"thumbnailUrl":"https:\/\/fuentesfidedignas.com.mx\/wp-content\/uploads\/2022\/09\/IMG-20220902-WA0101.jpg","datePublished":"2022-09-02T06:52:00+00:00","dateModified":"2022-09-02T23:07:24+00:00","breadcrumb":{"@id":"https:\/\/fuentesfidedignas.com.mx\/index.php\/2022\/09\/02\/un-error-joven-toma-taxi-en-puebla-se-queda-dormido-y-termina-en-veracruz\/#breadcrumb"},"inLanguage":"es","potentialAction":[{"@type":"ReadAction","target":["https:\/\/fuentesfidedignas.com.mx\/index.php\/2022\/09\/02\/un-error-joven-toma-taxi-en-puebla-se-queda-dormido-y-termina-en-veracruz\/"]}]},{"@type":"ImageObject","inLanguage":"es","@id":"https:\/\/fuentesfidedignas.com.mx\/index.php\/2022\/09\/02\/un-error-joven-toma-taxi-en-puebla-se-queda-dormido-y-termina-en-veracruz\/#primaryimage","url":"https:\/\/fuentesfidedignas.com.mx\/wp-content\/uploads\/2022\/09\/IMG-20220902-WA0101.jpg","contentUrl":"https:\/\/fuentesfidedignas.com.mx\/wp-content\/uploads\/2022\/09\/IMG-20220902-WA0101.jpg","width":1279,"height":1280},{"@type":"BreadcrumbList","@id":"https:\/\/fuentesfidedignas.com.mx\/index.php\/2022\/09\/02\/un-error-joven-toma-taxi-en-puebla-se-queda-dormido-y-termina-en-veracruz\/#breadcrumb","itemListElement":[{"@type":"ListItem","position":1,"name":"Inicio","item":"https:\/\/fuentesfidedignas.com.mx\/"},{"@type":"ListItem","position":2,"name":"\u00bfUn error? Joven toma taxi en Puebla; se queda dormido y termina en Veracruz"}]},{"@type":"WebSite","@id":"https:\/\/fuentesfidedignas.com.mx\/#website","url":"https:\/\/fuentesfidedignas.com.mx\/","name":"Fuentes Fidedignas","description":"Otro sitio realizado con WordPress","publisher":{"@id":"https:\/\/fuentesfidedignas.com.mx\/#organization"},"potentialAction":[{"@type":"SearchAction","target":{"@type":"EntryPoint","urlTemplate":"https:\/\/fuentesfidedignas.com.mx\/?s={search_term_string}"},"query-input":{"@type":"PropertyValueSpecification","valueRequired":true,"valueName":"search_term_string"}}],"inLanguage":"es"},{"@type":"Organization","@id":"https:\/\/fuentesfidedignas.com.mx\/#organization","name":"Fuentes Fidedignas","url":"https:\/\/fuentesfidedignas.com.mx\/","logo":{"@type":"ImageObject","inLanguage":"es","@id":"https:\/\/fuentesfidedignas.com.mx\/#\/schema\/logo\/image\/","url":"https:\/\/fuentesfidedignas.com.mx\/wp-content\/uploads\/2021\/04\/logo-retina.png","contentUrl":"https:\/\/fuentesfidedignas.com.mx\/wp-content\/uploads\/2021\/04\/logo-retina.png","width":280,"height":51,"caption":"Fuentes Fidedignas"},"image":{"@id":"https:\/\/fuentesfidedignas.com.mx\/#\/schema\/logo\/image\/"},"sameAs":["https:\/\/www.facebook.com\/Fuentes-Fidedignas-368234489921644","https:\/\/x.com\/fidedignas"]},{"@type":"Person","@id":"https:\/\/fuentesfidedignas.com.mx\/#\/schema\/person\/47ec0135738f4b0c7495f06a77a2c976","name":"Milenio","image":{"@type":"ImageObject","inLanguage":"es","@id":"https:\/\/secure.gravatar.com\/avatar\/acabf7b54753e51c2c76457954577c236b3b764789b19879565769739d1e4a75?s=96&d=mm&r=g","url":"https:\/\/secure.gravatar.com\/avatar\/acabf7b54753e51c2c76457954577c236b3b764789b19879565769739d1e4a75?s=96&d=mm&r=g","contentUrl":"https:\/\/secure.gravatar.com\/avatar\/acabf7b54753e51c2c76457954577c236b3b764789b19879565769739d1e4a75?s=96&d=mm&r=g","caption":"Milenio"},"url":"https:\/\/fuentesfidedignas.com.mx\/index.php\/author\/milenio\/"}]}},"_links":{"self":[{"href":"https:\/\/fuentesfidedignas.com.mx\/index.php\/wp-json\/wp\/v2\/posts\/41483","targetHints":{"allow":["GET"]}}],"collection":[{"href":"https:\/\/fuentesfidedignas.com.mx\/index.php\/wp-json\/wp\/v2\/posts"}],"about":[{"href":"https:\/\/fuentesfidedignas.com.mx\/index.php\/wp-json\/wp\/v2\/types\/post"}],"author":[{"embeddable":true,"href":"https:\/\/fuentesfidedignas.com.mx\/index.php\/wp-json\/wp\/v2\/users\/9"}],"replies":[{"embeddable":true,"href":"https:\/\/fuentesfidedignas.com.mx\/index.php\/wp-json\/wp\/v2\/comments?post=41483"}],"version-history":[{"count":1,"href":"https:\/\/fuentesfidedignas.com.mx\/index.php\/wp-json\/wp\/v2\/posts\/41483\/revisions"}],"predecessor-version":[{"id":41485,"href":"https:\/\/fuentesfidedignas.com.mx\/index.php\/wp-json\/wp\/v2\/posts\/41483\/revisions\/41485"}],"wp:featuredmedia":[{"embeddable":true,"href":"https:\/\/fuentesfidedignas.com.mx\/index.php\/wp-json\/wp\/v2\/media\/41603"}],"wp:attachment":[{"href":"https:\/\/fuentesfidedignas.com.mx\/index.php\/wp-json\/wp\/v2\/media?parent=41483"}],"wp:term":[{"taxonomy":"category","embeddable":true,"href":"https:\/\/fuentesfidedignas.com.mx\/index.php\/wp-json\/wp\/v2\/categories?post=41483"},{"taxonomy":"post_tag","embeddable":true,"href":"https:\/\/fuentesfidedignas.com.mx\/index.php\/wp-json\/wp\/v2\/tags?post=41483"}],"curies":[{"name":"wp","href":"https:\/\/api.w.org\/{rel}","templated":true}]}}