{"id":41456,"date":"2022-09-02T01:34:00","date_gmt":"2022-09-02T07:34:00","guid":{"rendered":"https:\/\/fuentesfidedignas.com.mx\/?p=41456"},"modified":"2022-09-01T09:39:42","modified_gmt":"2022-09-01T15:39:42","slug":"nina-se-cambia-el-nombre-en-su-primer-dia-de-clases-y-no-la-querian-entregar-a-su-mama","status":"publish","type":"post","link":"https:\/\/fuentesfidedignas.com.mx\/index.php\/2022\/09\/02\/nina-se-cambia-el-nombre-en-su-primer-dia-de-clases-y-no-la-querian-entregar-a-su-mama\/","title":{"rendered":"Ni\u00f1a se cambia el nombre en su primer d\u00eda de clases y no la quer\u00edan entregar a su mam\u00e1\u00a0"},"content":{"rendered":"\n<p>Durante el primer d\u00eda de clases una ni\u00f1a se cambi\u00f3 el nombre, metiendo en problemas a su mam\u00e1, pues la maestra no se la quer\u00eda entregar.<\/p>\n\n\n\n<p>Sin duda el regreso a clases siempre es complicado no solo para los millones de menores que vuelven a las aulas, sino tambi\u00e9n para los padres de familia que andan a las carreras preparando el lunch y llev\u00e1ndolos a la escuela.<\/p>\n\n\n\n<p>Y pese a que ya el d\u00eda es complicado, en esta ocasi\u00f3n una ni\u00f1a hizo a\u00fan m\u00e1s dif\u00edcil el regreso a clases para su mam\u00e1 con tremenda ocurrencia, luego de que sin m\u00e1s decidiera cambiarse el nombre.<\/p>\n\n\n\n<p>}<\/p>\n\n\n\n<figure class=\"wp-block-image size-large\"><img decoding=\"async\" width=\"614\" height=\"1024\" src=\"https:\/\/fuentesfidedignas.com.mx\/wp-content\/uploads\/2022\/09\/image-614x1024.png\" alt=\"\" class=\"wp-image-41457\" srcset=\"https:\/\/fuentesfidedignas.com.mx\/wp-content\/uploads\/2022\/09\/image-614x1024.png 614w, https:\/\/fuentesfidedignas.com.mx\/wp-content\/uploads\/2022\/09\/image-180x300.png 180w, https:\/\/fuentesfidedignas.com.mx\/wp-content\/uploads\/2022\/09\/image-252x420.png 252w, https:\/\/fuentesfidedignas.com.mx\/wp-content\/uploads\/2022\/09\/image.png 640w\" sizes=\"(max-width: 614px) 100vw, 614px\" \/><\/figure>\n\n\n\n<p><strong>De Valentina a Naydelin, as\u00ed se cambi\u00f3 el nombre ni\u00f1a en su primer d\u00eda de clases<\/strong><\/p>\n\n\n\n<p>A trav\u00e9s de Facebook una madre de familia comparti\u00f3 el penoso momento que pas\u00f3 con su hija a la hora de la salida de la escuela, pues a la ni\u00f1a se le hizo f\u00e1cil cambiarse el nombre de Valentina a Naydelin.<\/p>\n\n\n\n<p>Ocurrencia que termin\u00f3 en un problema para la madre, debido a que a la hora de salida escolar la maestra no quer\u00eda entregar a la ni\u00f1a a su mam\u00e1.<\/p>\n\n\n\n<p>Luego de que la ni\u00f1a pasar\u00e1 de llamarse Valentina a Naydelin, cambi\u00f3 de nombre que no correspond\u00eda al que la mam\u00e1 dec\u00eda para llevarla a casa.<\/p>\n\n\n\n<p>Por lo que ante este cambi\u00f3 de nombre de la ni\u00f1a, la maestra no se la quer\u00eda entregar a su mam\u00e1, pues de llamarse Valentina la menor pas\u00f3 a ser Naydelin para todos en su sal\u00f3n.<\/p>\n\n\n\n<p>\u201cNo me la quer\u00edan dar por que la escuincla dijo que se llamaba Naydelin \u00bfQue pedo Valentina?\u201d, escribi\u00f3 la madre indignada por las ocurrencias de la ni\u00f1a.<\/p>\n","protected":false},"excerpt":{"rendered":"<p>Durante el primer d\u00eda de clases una ni\u00f1a se cambi\u00f3 el nombre, metiendo en problemas a su mam\u00e1, pues la maestra no se la quer\u00eda entregar. Sin duda el regreso a clases siempre es complicado no solo para los millones de menores que vuelven a las aulas, sino tambi\u00e9n para los padres de familia que [&hellip;]<\/p>\n","protected":false},"author":11,"featured_media":41458,"comment_status":"open","ping_status":"open","sticky":false,"template":"","format":"standard","meta":{"tdm_status":"","tdm_grid_status":"","footnotes":""},"categories":[40],"tags":[290,193],"class_list":{"0":"post-41456","1":"post","2":"type-post","3":"status-publish","4":"format-standard","5":"has-post-thumbnail","7":"category-las-asombrosas","8":"tag-asombrosa","9":"tag-viral"},"yoast_head":"<!-- This site is optimized with the Yoast SEO plugin v27.4 - https:\/\/yoast.com\/product\/yoast-seo-wordpress\/ -->\n<title>Ni\u00f1a se cambia el nombre en su primer d\u00eda de clases y no la quer\u00edan entregar a su mam\u00e1\u00a0 - Fuentes Fidedignas<\/title>\n<meta name=\"robots\" content=\"index, follow, max-snippet:-1, max-image-preview:large, max-video-preview:-1\" \/>\n<link rel=\"canonical\" href=\"https:\/\/fuentesfidedignas.com.mx\/index.php\/2022\/09\/02\/nina-se-cambia-el-nombre-en-su-primer-dia-de-clases-y-no-la-querian-entregar-a-su-mama\/\" \/>\n<meta property=\"og:locale\" content=\"es_MX\" \/>\n<meta property=\"og:type\" content=\"article\" \/>\n<meta property=\"og:title\" content=\"Ni\u00f1a se cambia el nombre en su primer d\u00eda de clases y no la quer\u00edan entregar a su mam\u00e1\u00a0 - Fuentes Fidedignas\" \/>\n<meta property=\"og:description\" content=\"Durante el primer d\u00eda de clases una ni\u00f1a se cambi\u00f3 el nombre, metiendo en problemas a su mam\u00e1, pues la maestra no se la quer\u00eda entregar. Sin duda el regreso a clases siempre es complicado no solo para los millones de menores que vuelven a las aulas, sino tambi\u00e9n para los padres de familia que [&hellip;]\" \/>\n<meta property=\"og:url\" content=\"https:\/\/fuentesfidedignas.com.mx\/index.php\/2022\/09\/02\/nina-se-cambia-el-nombre-en-su-primer-dia-de-clases-y-no-la-querian-entregar-a-su-mama\/\" \/>\n<meta property=\"og:site_name\" content=\"Fuentes Fidedignas\" \/>\n<meta property=\"article:publisher\" content=\"https:\/\/www.facebook.com\/Fuentes-Fidedignas-368234489921644\" \/>\n<meta property=\"article:published_time\" content=\"2022-09-02T07:34:00+00:00\" \/>\n<meta property=\"og:image\" content=\"https:\/\/fuentesfidedignas.com.mx\/wp-content\/uploads\/2022\/09\/nai.jpg\" \/>\n\t<meta property=\"og:image:width\" content=\"1200\" \/>\n\t<meta property=\"og:image:height\" content=\"630\" \/>\n\t<meta property=\"og:image:type\" content=\"image\/jpeg\" \/>\n<meta name=\"author\" content=\"Marissa Palafox\" \/>\n<meta name=\"twitter:card\" content=\"summary_large_image\" \/>\n<meta name=\"twitter:creator\" content=\"@fidedignas\" \/>\n<meta name=\"twitter:site\" content=\"@fidedignas\" \/>\n<meta name=\"twitter:label1\" content=\"Escrito por\" \/>\n\t<meta name=\"twitter:data1\" content=\"Marissa Palafox\" \/>\n\t<meta name=\"twitter:label2\" content=\"Tiempo de lectura\" \/>\n\t<meta name=\"twitter:data2\" content=\"2 minutos\" \/>\n<script type=\"application\/ld+json\" class=\"yoast-schema-graph\">{\"@context\":\"https:\\\/\\\/schema.org\",\"@graph\":[{\"@type\":\"Article\",\"@id\":\"https:\\\/\\\/fuentesfidedignas.com.mx\\\/index.php\\\/2022\\\/09\\\/02\\\/nina-se-cambia-el-nombre-en-su-primer-dia-de-clases-y-no-la-querian-entregar-a-su-mama\\\/#article\",\"isPartOf\":{\"@id\":\"https:\\\/\\\/fuentesfidedignas.com.mx\\\/index.php\\\/2022\\\/09\\\/02\\\/nina-se-cambia-el-nombre-en-su-primer-dia-de-clases-y-no-la-querian-entregar-a-su-mama\\\/\"},\"author\":{\"name\":\"Marissa Palafox\",\"@id\":\"https:\\\/\\\/fuentesfidedignas.com.mx\\\/#\\\/schema\\\/person\\\/2c10028b4a30078c05a056a215342ab9\"},\"headline\":\"Ni\u00f1a se cambia el nombre en su primer d\u00eda de clases y no la quer\u00edan entregar a su mam\u00e1\u00a0\",\"datePublished\":\"2022-09-02T07:34:00+00:00\",\"mainEntityOfPage\":{\"@id\":\"https:\\\/\\\/fuentesfidedignas.com.mx\\\/index.php\\\/2022\\\/09\\\/02\\\/nina-se-cambia-el-nombre-en-su-primer-dia-de-clases-y-no-la-querian-entregar-a-su-mama\\\/\"},\"wordCount\":328,\"commentCount\":0,\"publisher\":{\"@id\":\"https:\\\/\\\/fuentesfidedignas.com.mx\\\/#organization\"},\"image\":{\"@id\":\"https:\\\/\\\/fuentesfidedignas.com.mx\\\/index.php\\\/2022\\\/09\\\/02\\\/nina-se-cambia-el-nombre-en-su-primer-dia-de-clases-y-no-la-querian-entregar-a-su-mama\\\/#primaryimage\"},\"thumbnailUrl\":\"https:\\\/\\\/fuentesfidedignas.com.mx\\\/wp-content\\\/uploads\\\/2022\\\/09\\\/nai.jpg\",\"keywords\":[\"Asombrosa\",\"Viral\"],\"articleSection\":[\"LAS ASOMBROSAS\"],\"inLanguage\":\"es\",\"potentialAction\":[{\"@type\":\"CommentAction\",\"name\":\"Comment\",\"target\":[\"https:\\\/\\\/fuentesfidedignas.com.mx\\\/index.php\\\/2022\\\/09\\\/02\\\/nina-se-cambia-el-nombre-en-su-primer-dia-de-clases-y-no-la-querian-entregar-a-su-mama\\\/#respond\"]}]},{\"@type\":\"WebPage\",\"@id\":\"https:\\\/\\\/fuentesfidedignas.com.mx\\\/index.php\\\/2022\\\/09\\\/02\\\/nina-se-cambia-el-nombre-en-su-primer-dia-de-clases-y-no-la-querian-entregar-a-su-mama\\\/\",\"url\":\"https:\\\/\\\/fuentesfidedignas.com.mx\\\/index.php\\\/2022\\\/09\\\/02\\\/nina-se-cambia-el-nombre-en-su-primer-dia-de-clases-y-no-la-querian-entregar-a-su-mama\\\/\",\"name\":\"Ni\u00f1a se cambia el nombre en su primer d\u00eda de clases y no la quer\u00edan entregar a su mam\u00e1\u00a0 - Fuentes Fidedignas\",\"isPartOf\":{\"@id\":\"https:\\\/\\\/fuentesfidedignas.com.mx\\\/#website\"},\"primaryImageOfPage\":{\"@id\":\"https:\\\/\\\/fuentesfidedignas.com.mx\\\/index.php\\\/2022\\\/09\\\/02\\\/nina-se-cambia-el-nombre-en-su-primer-dia-de-clases-y-no-la-querian-entregar-a-su-mama\\\/#primaryimage\"},\"image\":{\"@id\":\"https:\\\/\\\/fuentesfidedignas.com.mx\\\/index.php\\\/2022\\\/09\\\/02\\\/nina-se-cambia-el-nombre-en-su-primer-dia-de-clases-y-no-la-querian-entregar-a-su-mama\\\/#primaryimage\"},\"thumbnailUrl\":\"https:\\\/\\\/fuentesfidedignas.com.mx\\\/wp-content\\\/uploads\\\/2022\\\/09\\\/nai.jpg\",\"datePublished\":\"2022-09-02T07:34:00+00:00\",\"breadcrumb\":{\"@id\":\"https:\\\/\\\/fuentesfidedignas.com.mx\\\/index.php\\\/2022\\\/09\\\/02\\\/nina-se-cambia-el-nombre-en-su-primer-dia-de-clases-y-no-la-querian-entregar-a-su-mama\\\/#breadcrumb\"},\"inLanguage\":\"es\",\"potentialAction\":[{\"@type\":\"ReadAction\",\"target\":[\"https:\\\/\\\/fuentesfidedignas.com.mx\\\/index.php\\\/2022\\\/09\\\/02\\\/nina-se-cambia-el-nombre-en-su-primer-dia-de-clases-y-no-la-querian-entregar-a-su-mama\\\/\"]}]},{\"@type\":\"ImageObject\",\"inLanguage\":\"es\",\"@id\":\"https:\\\/\\\/fuentesfidedignas.com.mx\\\/index.php\\\/2022\\\/09\\\/02\\\/nina-se-cambia-el-nombre-en-su-primer-dia-de-clases-y-no-la-querian-entregar-a-su-mama\\\/#primaryimage\",\"url\":\"https:\\\/\\\/fuentesfidedignas.com.mx\\\/wp-content\\\/uploads\\\/2022\\\/09\\\/nai.jpg\",\"contentUrl\":\"https:\\\/\\\/fuentesfidedignas.com.mx\\\/wp-content\\\/uploads\\\/2022\\\/09\\\/nai.jpg\",\"width\":1200,\"height\":630},{\"@type\":\"BreadcrumbList\",\"@id\":\"https:\\\/\\\/fuentesfidedignas.com.mx\\\/index.php\\\/2022\\\/09\\\/02\\\/nina-se-cambia-el-nombre-en-su-primer-dia-de-clases-y-no-la-querian-entregar-a-su-mama\\\/#breadcrumb\",\"itemListElement\":[{\"@type\":\"ListItem\",\"position\":1,\"name\":\"Inicio\",\"item\":\"https:\\\/\\\/fuentesfidedignas.com.mx\\\/\"},{\"@type\":\"ListItem\",\"position\":2,\"name\":\"Ni\u00f1a se cambia el nombre en su primer d\u00eda de clases y no la quer\u00edan entregar a su mam\u00e1\u00a0\"}]},{\"@type\":\"WebSite\",\"@id\":\"https:\\\/\\\/fuentesfidedignas.com.mx\\\/#website\",\"url\":\"https:\\\/\\\/fuentesfidedignas.com.mx\\\/\",\"name\":\"Fuentes Fidedignas\",\"description\":\"Otro sitio realizado con WordPress\",\"publisher\":{\"@id\":\"https:\\\/\\\/fuentesfidedignas.com.mx\\\/#organization\"},\"potentialAction\":[{\"@type\":\"SearchAction\",\"target\":{\"@type\":\"EntryPoint\",\"urlTemplate\":\"https:\\\/\\\/fuentesfidedignas.com.mx\\\/?s={search_term_string}\"},\"query-input\":{\"@type\":\"PropertyValueSpecification\",\"valueRequired\":true,\"valueName\":\"search_term_string\"}}],\"inLanguage\":\"es\"},{\"@type\":\"Organization\",\"@id\":\"https:\\\/\\\/fuentesfidedignas.com.mx\\\/#organization\",\"name\":\"Fuentes Fidedignas\",\"url\":\"https:\\\/\\\/fuentesfidedignas.com.mx\\\/\",\"logo\":{\"@type\":\"ImageObject\",\"inLanguage\":\"es\",\"@id\":\"https:\\\/\\\/fuentesfidedignas.com.mx\\\/#\\\/schema\\\/logo\\\/image\\\/\",\"url\":\"https:\\\/\\\/fuentesfidedignas.com.mx\\\/wp-content\\\/uploads\\\/2021\\\/04\\\/logo-retina.png\",\"contentUrl\":\"https:\\\/\\\/fuentesfidedignas.com.mx\\\/wp-content\\\/uploads\\\/2021\\\/04\\\/logo-retina.png\",\"width\":280,\"height\":51,\"caption\":\"Fuentes Fidedignas\"},\"image\":{\"@id\":\"https:\\\/\\\/fuentesfidedignas.com.mx\\\/#\\\/schema\\\/logo\\\/image\\\/\"},\"sameAs\":[\"https:\\\/\\\/www.facebook.com\\\/Fuentes-Fidedignas-368234489921644\",\"https:\\\/\\\/x.com\\\/fidedignas\"]},{\"@type\":\"Person\",\"@id\":\"https:\\\/\\\/fuentesfidedignas.com.mx\\\/#\\\/schema\\\/person\\\/2c10028b4a30078c05a056a215342ab9\",\"name\":\"Marissa Palafox\",\"image\":{\"@type\":\"ImageObject\",\"inLanguage\":\"es\",\"@id\":\"https:\\\/\\\/secure.gravatar.com\\\/avatar\\\/20a43bdb2f2db10f20b22d4e98b96eb027faf98f7f76d29854dc5fab46d1cf71?s=96&d=mm&r=g\",\"url\":\"https:\\\/\\\/secure.gravatar.com\\\/avatar\\\/20a43bdb2f2db10f20b22d4e98b96eb027faf98f7f76d29854dc5fab46d1cf71?s=96&d=mm&r=g\",\"contentUrl\":\"https:\\\/\\\/secure.gravatar.com\\\/avatar\\\/20a43bdb2f2db10f20b22d4e98b96eb027faf98f7f76d29854dc5fab46d1cf71?s=96&d=mm&r=g\",\"caption\":\"Marissa Palafox\"},\"url\":\"https:\\\/\\\/fuentesfidedignas.com.mx\\\/index.php\\\/author\\\/marissa\\\/\"}]}<\/script>\n<!-- \/ Yoast SEO plugin. -->","yoast_head_json":{"title":"Ni\u00f1a se cambia el nombre en su primer d\u00eda de clases y no la quer\u00edan entregar a su mam\u00e1\u00a0 - Fuentes Fidedignas","robots":{"index":"index","follow":"follow","max-snippet":"max-snippet:-1","max-image-preview":"max-image-preview:large","max-video-preview":"max-video-preview:-1"},"canonical":"https:\/\/fuentesfidedignas.com.mx\/index.php\/2022\/09\/02\/nina-se-cambia-el-nombre-en-su-primer-dia-de-clases-y-no-la-querian-entregar-a-su-mama\/","og_locale":"es_MX","og_type":"article","og_title":"Ni\u00f1a se cambia el nombre en su primer d\u00eda de clases y no la quer\u00edan entregar a su mam\u00e1\u00a0 - Fuentes Fidedignas","og_description":"Durante el primer d\u00eda de clases una ni\u00f1a se cambi\u00f3 el nombre, metiendo en problemas a su mam\u00e1, pues la maestra no se la quer\u00eda entregar. Sin duda el regreso a clases siempre es complicado no solo para los millones de menores que vuelven a las aulas, sino tambi\u00e9n para los padres de familia que [&hellip;]","og_url":"https:\/\/fuentesfidedignas.com.mx\/index.php\/2022\/09\/02\/nina-se-cambia-el-nombre-en-su-primer-dia-de-clases-y-no-la-querian-entregar-a-su-mama\/","og_site_name":"Fuentes Fidedignas","article_publisher":"https:\/\/www.facebook.com\/Fuentes-Fidedignas-368234489921644","article_published_time":"2022-09-02T07:34:00+00:00","og_image":[{"width":1200,"height":630,"url":"https:\/\/fuentesfidedignas.com.mx\/wp-content\/uploads\/2022\/09\/nai.jpg","type":"image\/jpeg"}],"author":"Marissa Palafox","twitter_card":"summary_large_image","twitter_creator":"@fidedignas","twitter_site":"@fidedignas","twitter_misc":{"Escrito por":"Marissa Palafox","Tiempo de lectura":"2 minutos"},"schema":{"@context":"https:\/\/schema.org","@graph":[{"@type":"Article","@id":"https:\/\/fuentesfidedignas.com.mx\/index.php\/2022\/09\/02\/nina-se-cambia-el-nombre-en-su-primer-dia-de-clases-y-no-la-querian-entregar-a-su-mama\/#article","isPartOf":{"@id":"https:\/\/fuentesfidedignas.com.mx\/index.php\/2022\/09\/02\/nina-se-cambia-el-nombre-en-su-primer-dia-de-clases-y-no-la-querian-entregar-a-su-mama\/"},"author":{"name":"Marissa Palafox","@id":"https:\/\/fuentesfidedignas.com.mx\/#\/schema\/person\/2c10028b4a30078c05a056a215342ab9"},"headline":"Ni\u00f1a se cambia el nombre en su primer d\u00eda de clases y no la quer\u00edan entregar a su mam\u00e1\u00a0","datePublished":"2022-09-02T07:34:00+00:00","mainEntityOfPage":{"@id":"https:\/\/fuentesfidedignas.com.mx\/index.php\/2022\/09\/02\/nina-se-cambia-el-nombre-en-su-primer-dia-de-clases-y-no-la-querian-entregar-a-su-mama\/"},"wordCount":328,"commentCount":0,"publisher":{"@id":"https:\/\/fuentesfidedignas.com.mx\/#organization"},"image":{"@id":"https:\/\/fuentesfidedignas.com.mx\/index.php\/2022\/09\/02\/nina-se-cambia-el-nombre-en-su-primer-dia-de-clases-y-no-la-querian-entregar-a-su-mama\/#primaryimage"},"thumbnailUrl":"https:\/\/fuentesfidedignas.com.mx\/wp-content\/uploads\/2022\/09\/nai.jpg","keywords":["Asombrosa","Viral"],"articleSection":["LAS ASOMBROSAS"],"inLanguage":"es","potentialAction":[{"@type":"CommentAction","name":"Comment","target":["https:\/\/fuentesfidedignas.com.mx\/index.php\/2022\/09\/02\/nina-se-cambia-el-nombre-en-su-primer-dia-de-clases-y-no-la-querian-entregar-a-su-mama\/#respond"]}]},{"@type":"WebPage","@id":"https:\/\/fuentesfidedignas.com.mx\/index.php\/2022\/09\/02\/nina-se-cambia-el-nombre-en-su-primer-dia-de-clases-y-no-la-querian-entregar-a-su-mama\/","url":"https:\/\/fuentesfidedignas.com.mx\/index.php\/2022\/09\/02\/nina-se-cambia-el-nombre-en-su-primer-dia-de-clases-y-no-la-querian-entregar-a-su-mama\/","name":"Ni\u00f1a se cambia el nombre en su primer d\u00eda de clases y no la quer\u00edan entregar a su mam\u00e1\u00a0 - Fuentes Fidedignas","isPartOf":{"@id":"https:\/\/fuentesfidedignas.com.mx\/#website"},"primaryImageOfPage":{"@id":"https:\/\/fuentesfidedignas.com.mx\/index.php\/2022\/09\/02\/nina-se-cambia-el-nombre-en-su-primer-dia-de-clases-y-no-la-querian-entregar-a-su-mama\/#primaryimage"},"image":{"@id":"https:\/\/fuentesfidedignas.com.mx\/index.php\/2022\/09\/02\/nina-se-cambia-el-nombre-en-su-primer-dia-de-clases-y-no-la-querian-entregar-a-su-mama\/#primaryimage"},"thumbnailUrl":"https:\/\/fuentesfidedignas.com.mx\/wp-content\/uploads\/2022\/09\/nai.jpg","datePublished":"2022-09-02T07:34:00+00:00","breadcrumb":{"@id":"https:\/\/fuentesfidedignas.com.mx\/index.php\/2022\/09\/02\/nina-se-cambia-el-nombre-en-su-primer-dia-de-clases-y-no-la-querian-entregar-a-su-mama\/#breadcrumb"},"inLanguage":"es","potentialAction":[{"@type":"ReadAction","target":["https:\/\/fuentesfidedignas.com.mx\/index.php\/2022\/09\/02\/nina-se-cambia-el-nombre-en-su-primer-dia-de-clases-y-no-la-querian-entregar-a-su-mama\/"]}]},{"@type":"ImageObject","inLanguage":"es","@id":"https:\/\/fuentesfidedignas.com.mx\/index.php\/2022\/09\/02\/nina-se-cambia-el-nombre-en-su-primer-dia-de-clases-y-no-la-querian-entregar-a-su-mama\/#primaryimage","url":"https:\/\/fuentesfidedignas.com.mx\/wp-content\/uploads\/2022\/09\/nai.jpg","contentUrl":"https:\/\/fuentesfidedignas.com.mx\/wp-content\/uploads\/2022\/09\/nai.jpg","width":1200,"height":630},{"@type":"BreadcrumbList","@id":"https:\/\/fuentesfidedignas.com.mx\/index.php\/2022\/09\/02\/nina-se-cambia-el-nombre-en-su-primer-dia-de-clases-y-no-la-querian-entregar-a-su-mama\/#breadcrumb","itemListElement":[{"@type":"ListItem","position":1,"name":"Inicio","item":"https:\/\/fuentesfidedignas.com.mx\/"},{"@type":"ListItem","position":2,"name":"Ni\u00f1a se cambia el nombre en su primer d\u00eda de clases y no la quer\u00edan entregar a su mam\u00e1\u00a0"}]},{"@type":"WebSite","@id":"https:\/\/fuentesfidedignas.com.mx\/#website","url":"https:\/\/fuentesfidedignas.com.mx\/","name":"Fuentes Fidedignas","description":"Otro sitio realizado con WordPress","publisher":{"@id":"https:\/\/fuentesfidedignas.com.mx\/#organization"},"potentialAction":[{"@type":"SearchAction","target":{"@type":"EntryPoint","urlTemplate":"https:\/\/fuentesfidedignas.com.mx\/?s={search_term_string}"},"query-input":{"@type":"PropertyValueSpecification","valueRequired":true,"valueName":"search_term_string"}}],"inLanguage":"es"},{"@type":"Organization","@id":"https:\/\/fuentesfidedignas.com.mx\/#organization","name":"Fuentes Fidedignas","url":"https:\/\/fuentesfidedignas.com.mx\/","logo":{"@type":"ImageObject","inLanguage":"es","@id":"https:\/\/fuentesfidedignas.com.mx\/#\/schema\/logo\/image\/","url":"https:\/\/fuentesfidedignas.com.mx\/wp-content\/uploads\/2021\/04\/logo-retina.png","contentUrl":"https:\/\/fuentesfidedignas.com.mx\/wp-content\/uploads\/2021\/04\/logo-retina.png","width":280,"height":51,"caption":"Fuentes Fidedignas"},"image":{"@id":"https:\/\/fuentesfidedignas.com.mx\/#\/schema\/logo\/image\/"},"sameAs":["https:\/\/www.facebook.com\/Fuentes-Fidedignas-368234489921644","https:\/\/x.com\/fidedignas"]},{"@type":"Person","@id":"https:\/\/fuentesfidedignas.com.mx\/#\/schema\/person\/2c10028b4a30078c05a056a215342ab9","name":"Marissa Palafox","image":{"@type":"ImageObject","inLanguage":"es","@id":"https:\/\/secure.gravatar.com\/avatar\/20a43bdb2f2db10f20b22d4e98b96eb027faf98f7f76d29854dc5fab46d1cf71?s=96&d=mm&r=g","url":"https:\/\/secure.gravatar.com\/avatar\/20a43bdb2f2db10f20b22d4e98b96eb027faf98f7f76d29854dc5fab46d1cf71?s=96&d=mm&r=g","contentUrl":"https:\/\/secure.gravatar.com\/avatar\/20a43bdb2f2db10f20b22d4e98b96eb027faf98f7f76d29854dc5fab46d1cf71?s=96&d=mm&r=g","caption":"Marissa Palafox"},"url":"https:\/\/fuentesfidedignas.com.mx\/index.php\/author\/marissa\/"}]}},"_links":{"self":[{"href":"https:\/\/fuentesfidedignas.com.mx\/index.php\/wp-json\/wp\/v2\/posts\/41456","targetHints":{"allow":["GET"]}}],"collection":[{"href":"https:\/\/fuentesfidedignas.com.mx\/index.php\/wp-json\/wp\/v2\/posts"}],"about":[{"href":"https:\/\/fuentesfidedignas.com.mx\/index.php\/wp-json\/wp\/v2\/types\/post"}],"author":[{"embeddable":true,"href":"https:\/\/fuentesfidedignas.com.mx\/index.php\/wp-json\/wp\/v2\/users\/11"}],"replies":[{"embeddable":true,"href":"https:\/\/fuentesfidedignas.com.mx\/index.php\/wp-json\/wp\/v2\/comments?post=41456"}],"version-history":[{"count":1,"href":"https:\/\/fuentesfidedignas.com.mx\/index.php\/wp-json\/wp\/v2\/posts\/41456\/revisions"}],"predecessor-version":[{"id":41459,"href":"https:\/\/fuentesfidedignas.com.mx\/index.php\/wp-json\/wp\/v2\/posts\/41456\/revisions\/41459"}],"wp:featuredmedia":[{"embeddable":true,"href":"https:\/\/fuentesfidedignas.com.mx\/index.php\/wp-json\/wp\/v2\/media\/41458"}],"wp:attachment":[{"href":"https:\/\/fuentesfidedignas.com.mx\/index.php\/wp-json\/wp\/v2\/media?parent=41456"}],"wp:term":[{"taxonomy":"category","embeddable":true,"href":"https:\/\/fuentesfidedignas.com.mx\/index.php\/wp-json\/wp\/v2\/categories?post=41456"},{"taxonomy":"post_tag","embeddable":true,"href":"https:\/\/fuentesfidedignas.com.mx\/index.php\/wp-json\/wp\/v2\/tags?post=41456"}],"curies":[{"name":"wp","href":"https:\/\/api.w.org\/{rel}","templated":true}]}}