{"id":41433,"date":"2022-09-01T06:35:10","date_gmt":"2022-09-01T12:35:10","guid":{"rendered":"https:\/\/fuentesfidedignas.com.mx\/?p=41433"},"modified":"2022-09-01T06:35:26","modified_gmt":"2022-09-01T12:35:26","slug":"alejandro-armenta-rinde-protesta-como-presidente-del-senado-de-la-republica","status":"publish","type":"post","link":"https:\/\/fuentesfidedignas.com.mx\/index.php\/2022\/09\/01\/alejandro-armenta-rinde-protesta-como-presidente-del-senado-de-la-republica\/","title":{"rendered":"Alejandro Armenta rinde protesta como presidente del Senado de la Rep\u00fablica"},"content":{"rendered":"\n<p><strong><em>Al protestar como presidente de la C\u00e1mara Alta, Armenta Mier se comprometi\u00f3 a fortalecer el trabajo para el bienestar y la justicia social<\/em><\/strong> <\/p>\n\n\n\n<p>Ciudad de M\u00e9xico. Alejandro Armenta rindi\u00f3 protesta como nuevo presidente de la Mesa Directiva del Senado de la Rep\u00fablica para el Segundo A\u00f1o de Ejercicio de la LXV Legislatura.<\/p>\n\n\n\n<p>Al protestar, Armenta Mier se comprometi\u00f3 a fortalecer el trabajo para el bienestar y la justicia social.<\/p>\n\n\n\n<p>Alejandro Armenta fue elegido por mayor\u00eda absoluta.<\/p>\n\n\n\n<p>En la junta previa tambi\u00e9n se design\u00f3 a las senadoras Ana Lilia Rivera Rivera, de Morena; Alejandra Reynoso S\u00e1nchez, del PAN; y a Eruviel \u00c1vila Villegas, del PRI, como vicepresidentes de este \u00f3rgano de direcci\u00f3n de la C\u00e1mara.<\/p>\n\n\n\n<figure class=\"wp-block-embed is-type-rich is-provider-twitter wp-block-embed-twitter\"><div class=\"wp-block-embed__wrapper\">\n<blockquote class=\"twitter-tweet\" data-width=\"550\" data-dnt=\"true\"><p lang=\"es\" dir=\"ltr\">\u25b6\ufe0f El presidente de la Mesa Directiva, <a href=\"https:\/\/twitter.com\/armentapuebla_?ref_src=twsrc%5Etfw\">@armentapuebla_<\/a>, se compromete a encabezar una conducci\u00f3n parlamentaria ordenada y pulcra respetando la ley. <a href=\"https:\/\/t.co\/63bTxWvdkJ\">pic.twitter.com\/63bTxWvdkJ<\/a><\/p>&mdash; Senado de M\u00e9xico (@senadomexicano) <a href=\"https:\/\/twitter.com\/senadomexicano\/status\/1565207651256078337?ref_src=twsrc%5Etfw\">September 1, 2022<\/a><\/blockquote><script async src=\"https:\/\/platform.twitter.com\/widgets.js\" charset=\"utf-8\"><\/script>\n<\/div><\/figure>\n\n\n\n<p>Para las secretar\u00edas de la Mesa Directiva, fueron electas las senadoras Ver\u00f3nica Camino Farjat, de Morena; Ver\u00f3nica Delgadillo Garc\u00eda, de Movimiento Ciudadano; Martha Cecilia M\u00e1rquez Alvarado, del PT; y el senador Jos\u00e9 Narro C\u00e9spedes, de Morena.<\/p>\n\n\n\n<p>La planilla alcanz\u00f3 la mayor\u00eda absoluta requerida hasta la tercera votaci\u00f3n, en la que registr\u00f3 un resultado diferenciado: de los 122 senadoras y senadores presentes, Armenta Mier recibi\u00f3 65 votos a favor; Rivera Rivera, 113; Reynoso S\u00e1nchez, 113; \u00c1vila Villegas, 114; Camino Farjat, 75; Delgadillo Garc\u00eda, 89; M\u00e1rquez Alvarado, 111; y Narro C\u00e9spedes, 111 votos.<\/p>\n\n\n\n<figure class=\"wp-block-embed is-type-rich is-provider-twitter wp-block-embed-twitter\"><div class=\"wp-block-embed__wrapper\">\n<blockquote class=\"twitter-tweet\" data-width=\"550\" data-dnt=\"true\"><p lang=\"es\" dir=\"ltr\">\ud83d\udcf7 <a href=\"https:\/\/twitter.com\/hashtag\/HoyEnElSenado?src=hash&amp;ref_src=twsrc%5Etfw\">#HoyEnElSenado<\/a> fue aprobada la integraci\u00f3n de la Mesa Directiva para el segundo a\u00f1o de la <a href=\"https:\/\/twitter.com\/hashtag\/LXVLegislatura?src=hash&amp;ref_src=twsrc%5Etfw\">#LXVLegislatura<\/a>.<br><br>Aqu\u00ed algunas im\u00e1genes de la Junta Previa.\ud83d\udc47<a href=\"https:\/\/t.co\/bHts0QhJWn\">https:\/\/t.co\/bHts0QhJWn<\/a> <a href=\"https:\/\/t.co\/Mwvd6Eqhjh\">pic.twitter.com\/Mwvd6Eqhjh<\/a><\/p>&mdash; Senado de M\u00e9xico (@senadomexicano) <a href=\"https:\/\/twitter.com\/senadomexicano\/status\/1565218854560825344?ref_src=twsrc%5Etfw\">September 1, 2022<\/a><\/blockquote><script async src=\"https:\/\/platform.twitter.com\/widgets.js\" charset=\"utf-8\"><\/script>\n<\/div><\/figure>\n\n\n\n<p>Adem\u00e1s, se inform\u00f3 que no se entregaron seis c\u00e9dulas correspondientes a las y los senadores: Claudia Esther Balderas Espinoza,&nbsp;Eva Eugenia Galaz Caletti, Guadalupe Covarrubias Cervantes y C\u00e9sar Arnulfo Cravioto Romero, de Morena; Mayuli Latifa Mart\u00ednez Sim\u00f3n, del PAN; y Claudia Edith Anaya Mota, del PRI.<\/p>\n\n\n\n<p>Una vez que fueron electos, las y los integrantes de la Mesa Directiva rindieron la protesta del ley correspondiente.&nbsp;<\/p>\n\n\n\n<p>Minutos m\u00e1s tarde, el nuevo presidente del Senado, Alejandro Armenta Mier, declar\u00f3 formalmente instalado los trabajos del Senado, durante el Segundo A\u00f1o de Ejercicio de la LXV Legislatura.<\/p>\n","protected":false},"excerpt":{"rendered":"<p>Al protestar como presidente de la C\u00e1mara Alta, Armenta Mier se comprometi\u00f3 a fortalecer el trabajo para el bienestar y la justicia social Ciudad de M\u00e9xico. Alejandro Armenta rindi\u00f3 protesta como nuevo presidente de la Mesa Directiva del Senado de la Rep\u00fablica para el Segundo A\u00f1o de Ejercicio de la LXV Legislatura. Al protestar, Armenta [&hellip;]<\/p>\n","protected":false},"author":46,"featured_media":41435,"comment_status":"open","ping_status":"open","sticky":false,"template":"","format":"standard","meta":{"tdm_status":"","tdm_grid_status":"","footnotes":""},"categories":[39],"tags":[],"class_list":{"0":"post-41433","1":"post","2":"type-post","3":"status-publish","4":"format-standard","5":"has-post-thumbnail","7":"category-noticias-nacionales"},"yoast_head":"<!-- This site is optimized with the Yoast SEO plugin v27.5 - https:\/\/yoast.com\/product\/yoast-seo-wordpress\/ -->\n<title>Alejandro Armenta rinde protesta como presidente del Senado de la Rep\u00fablica - Fuentes Fidedignas<\/title>\n<meta name=\"robots\" content=\"index, follow, max-snippet:-1, max-image-preview:large, max-video-preview:-1\" \/>\n<link rel=\"canonical\" href=\"https:\/\/fuentesfidedignas.com.mx\/index.php\/2022\/09\/01\/alejandro-armenta-rinde-protesta-como-presidente-del-senado-de-la-republica\/\" \/>\n<meta property=\"og:locale\" content=\"es_MX\" \/>\n<meta property=\"og:type\" content=\"article\" \/>\n<meta property=\"og:title\" content=\"Alejandro Armenta rinde protesta como presidente del Senado de la Rep\u00fablica - Fuentes Fidedignas\" \/>\n<meta property=\"og:description\" content=\"Al protestar como presidente de la C\u00e1mara Alta, Armenta Mier se comprometi\u00f3 a fortalecer el trabajo para el bienestar y la justicia social Ciudad de M\u00e9xico. Alejandro Armenta rindi\u00f3 protesta como nuevo presidente de la Mesa Directiva del Senado de la Rep\u00fablica para el Segundo A\u00f1o de Ejercicio de la LXV Legislatura. Al protestar, Armenta [&hellip;]\" \/>\n<meta property=\"og:url\" content=\"https:\/\/fuentesfidedignas.com.mx\/index.php\/2022\/09\/01\/alejandro-armenta-rinde-protesta-como-presidente-del-senado-de-la-republica\/\" \/>\n<meta property=\"og:site_name\" content=\"Fuentes Fidedignas\" \/>\n<meta property=\"article:publisher\" content=\"https:\/\/www.facebook.com\/Fuentes-Fidedignas-368234489921644\" \/>\n<meta property=\"article:published_time\" content=\"2022-09-01T12:35:10+00:00\" \/>\n<meta property=\"article:modified_time\" content=\"2022-09-01T12:35:26+00:00\" \/>\n<meta property=\"og:image\" content=\"https:\/\/fuentesfidedignas.com.mx\/wp-content\/uploads\/2022\/09\/armenta.jpg\" \/>\n\t<meta property=\"og:image:width\" content=\"1280\" \/>\n\t<meta property=\"og:image:height\" content=\"720\" \/>\n\t<meta property=\"og:image:type\" content=\"image\/jpeg\" \/>\n<meta name=\"author\" content=\"Noticieros Televisa\" \/>\n<meta name=\"twitter:card\" content=\"summary_large_image\" \/>\n<meta name=\"twitter:creator\" content=\"@fidedignas\" \/>\n<meta name=\"twitter:site\" content=\"@fidedignas\" \/>\n<meta name=\"twitter:label1\" content=\"Escrito por\" \/>\n\t<meta name=\"twitter:data1\" content=\"Noticieros Televisa\" \/>\n\t<meta name=\"twitter:label2\" content=\"Tiempo de lectura\" \/>\n\t<meta name=\"twitter:data2\" content=\"2 minutos\" \/>\n<script type=\"application\/ld+json\" class=\"yoast-schema-graph\">{\"@context\":\"https:\\\/\\\/schema.org\",\"@graph\":[{\"@type\":\"Article\",\"@id\":\"https:\\\/\\\/fuentesfidedignas.com.mx\\\/index.php\\\/2022\\\/09\\\/01\\\/alejandro-armenta-rinde-protesta-como-presidente-del-senado-de-la-republica\\\/#article\",\"isPartOf\":{\"@id\":\"https:\\\/\\\/fuentesfidedignas.com.mx\\\/index.php\\\/2022\\\/09\\\/01\\\/alejandro-armenta-rinde-protesta-como-presidente-del-senado-de-la-republica\\\/\"},\"author\":{\"name\":\"Noticieros Televisa\",\"@id\":\"https:\\\/\\\/fuentesfidedignas.com.mx\\\/#\\\/schema\\\/person\\\/f030e42657a5a464a8bbd891b1aab6ee\"},\"headline\":\"Alejandro Armenta rinde protesta como presidente del Senado de la Rep\u00fablica\",\"datePublished\":\"2022-09-01T12:35:10+00:00\",\"dateModified\":\"2022-09-01T12:35:26+00:00\",\"mainEntityOfPage\":{\"@id\":\"https:\\\/\\\/fuentesfidedignas.com.mx\\\/index.php\\\/2022\\\/09\\\/01\\\/alejandro-armenta-rinde-protesta-como-presidente-del-senado-de-la-republica\\\/\"},\"wordCount\":410,\"commentCount\":0,\"publisher\":{\"@id\":\"https:\\\/\\\/fuentesfidedignas.com.mx\\\/#organization\"},\"image\":{\"@id\":\"https:\\\/\\\/fuentesfidedignas.com.mx\\\/index.php\\\/2022\\\/09\\\/01\\\/alejandro-armenta-rinde-protesta-como-presidente-del-senado-de-la-republica\\\/#primaryimage\"},\"thumbnailUrl\":\"https:\\\/\\\/fuentesfidedignas.com.mx\\\/wp-content\\\/uploads\\\/2022\\\/09\\\/armenta.jpg\",\"articleSection\":[\"NOTICIAS NACIONALES\"],\"inLanguage\":\"es\",\"potentialAction\":[{\"@type\":\"CommentAction\",\"name\":\"Comment\",\"target\":[\"https:\\\/\\\/fuentesfidedignas.com.mx\\\/index.php\\\/2022\\\/09\\\/01\\\/alejandro-armenta-rinde-protesta-como-presidente-del-senado-de-la-republica\\\/#respond\"]}]},{\"@type\":\"WebPage\",\"@id\":\"https:\\\/\\\/fuentesfidedignas.com.mx\\\/index.php\\\/2022\\\/09\\\/01\\\/alejandro-armenta-rinde-protesta-como-presidente-del-senado-de-la-republica\\\/\",\"url\":\"https:\\\/\\\/fuentesfidedignas.com.mx\\\/index.php\\\/2022\\\/09\\\/01\\\/alejandro-armenta-rinde-protesta-como-presidente-del-senado-de-la-republica\\\/\",\"name\":\"Alejandro Armenta rinde protesta como presidente del Senado de la Rep\u00fablica - Fuentes Fidedignas\",\"isPartOf\":{\"@id\":\"https:\\\/\\\/fuentesfidedignas.com.mx\\\/#website\"},\"primaryImageOfPage\":{\"@id\":\"https:\\\/\\\/fuentesfidedignas.com.mx\\\/index.php\\\/2022\\\/09\\\/01\\\/alejandro-armenta-rinde-protesta-como-presidente-del-senado-de-la-republica\\\/#primaryimage\"},\"image\":{\"@id\":\"https:\\\/\\\/fuentesfidedignas.com.mx\\\/index.php\\\/2022\\\/09\\\/01\\\/alejandro-armenta-rinde-protesta-como-presidente-del-senado-de-la-republica\\\/#primaryimage\"},\"thumbnailUrl\":\"https:\\\/\\\/fuentesfidedignas.com.mx\\\/wp-content\\\/uploads\\\/2022\\\/09\\\/armenta.jpg\",\"datePublished\":\"2022-09-01T12:35:10+00:00\",\"dateModified\":\"2022-09-01T12:35:26+00:00\",\"breadcrumb\":{\"@id\":\"https:\\\/\\\/fuentesfidedignas.com.mx\\\/index.php\\\/2022\\\/09\\\/01\\\/alejandro-armenta-rinde-protesta-como-presidente-del-senado-de-la-republica\\\/#breadcrumb\"},\"inLanguage\":\"es\",\"potentialAction\":[{\"@type\":\"ReadAction\",\"target\":[\"https:\\\/\\\/fuentesfidedignas.com.mx\\\/index.php\\\/2022\\\/09\\\/01\\\/alejandro-armenta-rinde-protesta-como-presidente-del-senado-de-la-republica\\\/\"]}]},{\"@type\":\"ImageObject\",\"inLanguage\":\"es\",\"@id\":\"https:\\\/\\\/fuentesfidedignas.com.mx\\\/index.php\\\/2022\\\/09\\\/01\\\/alejandro-armenta-rinde-protesta-como-presidente-del-senado-de-la-republica\\\/#primaryimage\",\"url\":\"https:\\\/\\\/fuentesfidedignas.com.mx\\\/wp-content\\\/uploads\\\/2022\\\/09\\\/armenta.jpg\",\"contentUrl\":\"https:\\\/\\\/fuentesfidedignas.com.mx\\\/wp-content\\\/uploads\\\/2022\\\/09\\\/armenta.jpg\",\"width\":1280,\"height\":720},{\"@type\":\"BreadcrumbList\",\"@id\":\"https:\\\/\\\/fuentesfidedignas.com.mx\\\/index.php\\\/2022\\\/09\\\/01\\\/alejandro-armenta-rinde-protesta-como-presidente-del-senado-de-la-republica\\\/#breadcrumb\",\"itemListElement\":[{\"@type\":\"ListItem\",\"position\":1,\"name\":\"Inicio\",\"item\":\"https:\\\/\\\/fuentesfidedignas.com.mx\\\/\"},{\"@type\":\"ListItem\",\"position\":2,\"name\":\"Alejandro Armenta rinde protesta como presidente del Senado de la Rep\u00fablica\"}]},{\"@type\":\"WebSite\",\"@id\":\"https:\\\/\\\/fuentesfidedignas.com.mx\\\/#website\",\"url\":\"https:\\\/\\\/fuentesfidedignas.com.mx\\\/\",\"name\":\"Fuentes Fidedignas\",\"description\":\"Otro sitio realizado con WordPress\",\"publisher\":{\"@id\":\"https:\\\/\\\/fuentesfidedignas.com.mx\\\/#organization\"},\"potentialAction\":[{\"@type\":\"SearchAction\",\"target\":{\"@type\":\"EntryPoint\",\"urlTemplate\":\"https:\\\/\\\/fuentesfidedignas.com.mx\\\/?s={search_term_string}\"},\"query-input\":{\"@type\":\"PropertyValueSpecification\",\"valueRequired\":true,\"valueName\":\"search_term_string\"}}],\"inLanguage\":\"es\"},{\"@type\":\"Organization\",\"@id\":\"https:\\\/\\\/fuentesfidedignas.com.mx\\\/#organization\",\"name\":\"Fuentes Fidedignas\",\"url\":\"https:\\\/\\\/fuentesfidedignas.com.mx\\\/\",\"logo\":{\"@type\":\"ImageObject\",\"inLanguage\":\"es\",\"@id\":\"https:\\\/\\\/fuentesfidedignas.com.mx\\\/#\\\/schema\\\/logo\\\/image\\\/\",\"url\":\"https:\\\/\\\/fuentesfidedignas.com.mx\\\/wp-content\\\/uploads\\\/2021\\\/04\\\/logo-retina.png\",\"contentUrl\":\"https:\\\/\\\/fuentesfidedignas.com.mx\\\/wp-content\\\/uploads\\\/2021\\\/04\\\/logo-retina.png\",\"width\":280,\"height\":51,\"caption\":\"Fuentes Fidedignas\"},\"image\":{\"@id\":\"https:\\\/\\\/fuentesfidedignas.com.mx\\\/#\\\/schema\\\/logo\\\/image\\\/\"},\"sameAs\":[\"https:\\\/\\\/www.facebook.com\\\/Fuentes-Fidedignas-368234489921644\",\"https:\\\/\\\/x.com\\\/fidedignas\"]},{\"@type\":\"Person\",\"@id\":\"https:\\\/\\\/fuentesfidedignas.com.mx\\\/#\\\/schema\\\/person\\\/f030e42657a5a464a8bbd891b1aab6ee\",\"name\":\"Noticieros Televisa\",\"image\":{\"@type\":\"ImageObject\",\"inLanguage\":\"es\",\"@id\":\"https:\\\/\\\/secure.gravatar.com\\\/avatar\\\/0e47b9e785a628831b8fd9eaf15e090e106760a879abbd4a3306f128ef5d43a9?s=96&d=mm&r=g\",\"url\":\"https:\\\/\\\/secure.gravatar.com\\\/avatar\\\/0e47b9e785a628831b8fd9eaf15e090e106760a879abbd4a3306f128ef5d43a9?s=96&d=mm&r=g\",\"contentUrl\":\"https:\\\/\\\/secure.gravatar.com\\\/avatar\\\/0e47b9e785a628831b8fd9eaf15e090e106760a879abbd4a3306f128ef5d43a9?s=96&d=mm&r=g\",\"caption\":\"Noticieros Televisa\"},\"url\":\"https:\\\/\\\/fuentesfidedignas.com.mx\\\/index.php\\\/author\\\/noticieros-televisa\\\/\"}]}<\/script>\n<!-- \/ Yoast SEO plugin. -->","yoast_head_json":{"title":"Alejandro Armenta rinde protesta como presidente del Senado de la Rep\u00fablica - Fuentes Fidedignas","robots":{"index":"index","follow":"follow","max-snippet":"max-snippet:-1","max-image-preview":"max-image-preview:large","max-video-preview":"max-video-preview:-1"},"canonical":"https:\/\/fuentesfidedignas.com.mx\/index.php\/2022\/09\/01\/alejandro-armenta-rinde-protesta-como-presidente-del-senado-de-la-republica\/","og_locale":"es_MX","og_type":"article","og_title":"Alejandro Armenta rinde protesta como presidente del Senado de la Rep\u00fablica - Fuentes Fidedignas","og_description":"Al protestar como presidente de la C\u00e1mara Alta, Armenta Mier se comprometi\u00f3 a fortalecer el trabajo para el bienestar y la justicia social Ciudad de M\u00e9xico. Alejandro Armenta rindi\u00f3 protesta como nuevo presidente de la Mesa Directiva del Senado de la Rep\u00fablica para el Segundo A\u00f1o de Ejercicio de la LXV Legislatura. Al protestar, Armenta [&hellip;]","og_url":"https:\/\/fuentesfidedignas.com.mx\/index.php\/2022\/09\/01\/alejandro-armenta-rinde-protesta-como-presidente-del-senado-de-la-republica\/","og_site_name":"Fuentes Fidedignas","article_publisher":"https:\/\/www.facebook.com\/Fuentes-Fidedignas-368234489921644","article_published_time":"2022-09-01T12:35:10+00:00","article_modified_time":"2022-09-01T12:35:26+00:00","og_image":[{"width":1280,"height":720,"url":"https:\/\/fuentesfidedignas.com.mx\/wp-content\/uploads\/2022\/09\/armenta.jpg","type":"image\/jpeg"}],"author":"Noticieros Televisa","twitter_card":"summary_large_image","twitter_creator":"@fidedignas","twitter_site":"@fidedignas","twitter_misc":{"Escrito por":"Noticieros Televisa","Tiempo de lectura":"2 minutos"},"schema":{"@context":"https:\/\/schema.org","@graph":[{"@type":"Article","@id":"https:\/\/fuentesfidedignas.com.mx\/index.php\/2022\/09\/01\/alejandro-armenta-rinde-protesta-como-presidente-del-senado-de-la-republica\/#article","isPartOf":{"@id":"https:\/\/fuentesfidedignas.com.mx\/index.php\/2022\/09\/01\/alejandro-armenta-rinde-protesta-como-presidente-del-senado-de-la-republica\/"},"author":{"name":"Noticieros Televisa","@id":"https:\/\/fuentesfidedignas.com.mx\/#\/schema\/person\/f030e42657a5a464a8bbd891b1aab6ee"},"headline":"Alejandro Armenta rinde protesta como presidente del Senado de la Rep\u00fablica","datePublished":"2022-09-01T12:35:10+00:00","dateModified":"2022-09-01T12:35:26+00:00","mainEntityOfPage":{"@id":"https:\/\/fuentesfidedignas.com.mx\/index.php\/2022\/09\/01\/alejandro-armenta-rinde-protesta-como-presidente-del-senado-de-la-republica\/"},"wordCount":410,"commentCount":0,"publisher":{"@id":"https:\/\/fuentesfidedignas.com.mx\/#organization"},"image":{"@id":"https:\/\/fuentesfidedignas.com.mx\/index.php\/2022\/09\/01\/alejandro-armenta-rinde-protesta-como-presidente-del-senado-de-la-republica\/#primaryimage"},"thumbnailUrl":"https:\/\/fuentesfidedignas.com.mx\/wp-content\/uploads\/2022\/09\/armenta.jpg","articleSection":["NOTICIAS NACIONALES"],"inLanguage":"es","potentialAction":[{"@type":"CommentAction","name":"Comment","target":["https:\/\/fuentesfidedignas.com.mx\/index.php\/2022\/09\/01\/alejandro-armenta-rinde-protesta-como-presidente-del-senado-de-la-republica\/#respond"]}]},{"@type":"WebPage","@id":"https:\/\/fuentesfidedignas.com.mx\/index.php\/2022\/09\/01\/alejandro-armenta-rinde-protesta-como-presidente-del-senado-de-la-republica\/","url":"https:\/\/fuentesfidedignas.com.mx\/index.php\/2022\/09\/01\/alejandro-armenta-rinde-protesta-como-presidente-del-senado-de-la-republica\/","name":"Alejandro Armenta rinde protesta como presidente del Senado de la Rep\u00fablica - Fuentes Fidedignas","isPartOf":{"@id":"https:\/\/fuentesfidedignas.com.mx\/#website"},"primaryImageOfPage":{"@id":"https:\/\/fuentesfidedignas.com.mx\/index.php\/2022\/09\/01\/alejandro-armenta-rinde-protesta-como-presidente-del-senado-de-la-republica\/#primaryimage"},"image":{"@id":"https:\/\/fuentesfidedignas.com.mx\/index.php\/2022\/09\/01\/alejandro-armenta-rinde-protesta-como-presidente-del-senado-de-la-republica\/#primaryimage"},"thumbnailUrl":"https:\/\/fuentesfidedignas.com.mx\/wp-content\/uploads\/2022\/09\/armenta.jpg","datePublished":"2022-09-01T12:35:10+00:00","dateModified":"2022-09-01T12:35:26+00:00","breadcrumb":{"@id":"https:\/\/fuentesfidedignas.com.mx\/index.php\/2022\/09\/01\/alejandro-armenta-rinde-protesta-como-presidente-del-senado-de-la-republica\/#breadcrumb"},"inLanguage":"es","potentialAction":[{"@type":"ReadAction","target":["https:\/\/fuentesfidedignas.com.mx\/index.php\/2022\/09\/01\/alejandro-armenta-rinde-protesta-como-presidente-del-senado-de-la-republica\/"]}]},{"@type":"ImageObject","inLanguage":"es","@id":"https:\/\/fuentesfidedignas.com.mx\/index.php\/2022\/09\/01\/alejandro-armenta-rinde-protesta-como-presidente-del-senado-de-la-republica\/#primaryimage","url":"https:\/\/fuentesfidedignas.com.mx\/wp-content\/uploads\/2022\/09\/armenta.jpg","contentUrl":"https:\/\/fuentesfidedignas.com.mx\/wp-content\/uploads\/2022\/09\/armenta.jpg","width":1280,"height":720},{"@type":"BreadcrumbList","@id":"https:\/\/fuentesfidedignas.com.mx\/index.php\/2022\/09\/01\/alejandro-armenta-rinde-protesta-como-presidente-del-senado-de-la-republica\/#breadcrumb","itemListElement":[{"@type":"ListItem","position":1,"name":"Inicio","item":"https:\/\/fuentesfidedignas.com.mx\/"},{"@type":"ListItem","position":2,"name":"Alejandro Armenta rinde protesta como presidente del Senado de la Rep\u00fablica"}]},{"@type":"WebSite","@id":"https:\/\/fuentesfidedignas.com.mx\/#website","url":"https:\/\/fuentesfidedignas.com.mx\/","name":"Fuentes Fidedignas","description":"Otro sitio realizado con WordPress","publisher":{"@id":"https:\/\/fuentesfidedignas.com.mx\/#organization"},"potentialAction":[{"@type":"SearchAction","target":{"@type":"EntryPoint","urlTemplate":"https:\/\/fuentesfidedignas.com.mx\/?s={search_term_string}"},"query-input":{"@type":"PropertyValueSpecification","valueRequired":true,"valueName":"search_term_string"}}],"inLanguage":"es"},{"@type":"Organization","@id":"https:\/\/fuentesfidedignas.com.mx\/#organization","name":"Fuentes Fidedignas","url":"https:\/\/fuentesfidedignas.com.mx\/","logo":{"@type":"ImageObject","inLanguage":"es","@id":"https:\/\/fuentesfidedignas.com.mx\/#\/schema\/logo\/image\/","url":"https:\/\/fuentesfidedignas.com.mx\/wp-content\/uploads\/2021\/04\/logo-retina.png","contentUrl":"https:\/\/fuentesfidedignas.com.mx\/wp-content\/uploads\/2021\/04\/logo-retina.png","width":280,"height":51,"caption":"Fuentes Fidedignas"},"image":{"@id":"https:\/\/fuentesfidedignas.com.mx\/#\/schema\/logo\/image\/"},"sameAs":["https:\/\/www.facebook.com\/Fuentes-Fidedignas-368234489921644","https:\/\/x.com\/fidedignas"]},{"@type":"Person","@id":"https:\/\/fuentesfidedignas.com.mx\/#\/schema\/person\/f030e42657a5a464a8bbd891b1aab6ee","name":"Noticieros Televisa","image":{"@type":"ImageObject","inLanguage":"es","@id":"https:\/\/secure.gravatar.com\/avatar\/0e47b9e785a628831b8fd9eaf15e090e106760a879abbd4a3306f128ef5d43a9?s=96&d=mm&r=g","url":"https:\/\/secure.gravatar.com\/avatar\/0e47b9e785a628831b8fd9eaf15e090e106760a879abbd4a3306f128ef5d43a9?s=96&d=mm&r=g","contentUrl":"https:\/\/secure.gravatar.com\/avatar\/0e47b9e785a628831b8fd9eaf15e090e106760a879abbd4a3306f128ef5d43a9?s=96&d=mm&r=g","caption":"Noticieros Televisa"},"url":"https:\/\/fuentesfidedignas.com.mx\/index.php\/author\/noticieros-televisa\/"}]}},"_links":{"self":[{"href":"https:\/\/fuentesfidedignas.com.mx\/index.php\/wp-json\/wp\/v2\/posts\/41433","targetHints":{"allow":["GET"]}}],"collection":[{"href":"https:\/\/fuentesfidedignas.com.mx\/index.php\/wp-json\/wp\/v2\/posts"}],"about":[{"href":"https:\/\/fuentesfidedignas.com.mx\/index.php\/wp-json\/wp\/v2\/types\/post"}],"author":[{"embeddable":true,"href":"https:\/\/fuentesfidedignas.com.mx\/index.php\/wp-json\/wp\/v2\/users\/46"}],"replies":[{"embeddable":true,"href":"https:\/\/fuentesfidedignas.com.mx\/index.php\/wp-json\/wp\/v2\/comments?post=41433"}],"version-history":[{"count":1,"href":"https:\/\/fuentesfidedignas.com.mx\/index.php\/wp-json\/wp\/v2\/posts\/41433\/revisions"}],"predecessor-version":[{"id":41434,"href":"https:\/\/fuentesfidedignas.com.mx\/index.php\/wp-json\/wp\/v2\/posts\/41433\/revisions\/41434"}],"wp:featuredmedia":[{"embeddable":true,"href":"https:\/\/fuentesfidedignas.com.mx\/index.php\/wp-json\/wp\/v2\/media\/41435"}],"wp:attachment":[{"href":"https:\/\/fuentesfidedignas.com.mx\/index.php\/wp-json\/wp\/v2\/media?parent=41433"}],"wp:term":[{"taxonomy":"category","embeddable":true,"href":"https:\/\/fuentesfidedignas.com.mx\/index.php\/wp-json\/wp\/v2\/categories?post=41433"},{"taxonomy":"post_tag","embeddable":true,"href":"https:\/\/fuentesfidedignas.com.mx\/index.php\/wp-json\/wp\/v2\/tags?post=41433"}],"curies":[{"name":"wp","href":"https:\/\/api.w.org\/{rel}","templated":true}]}}