{"id":4136,"date":"2021-06-05T12:15:11","date_gmt":"2021-06-05T19:15:11","guid":{"rendered":"https:\/\/fuentesfidedignas.com.mx\/?p=4136"},"modified":"2021-06-05T13:57:20","modified_gmt":"2021-06-05T20:57:20","slug":"esperamos-que-solo-sea-un-levanton-condena-pri-ataque-a-su-secretario","status":"publish","type":"post","link":"https:\/\/fuentesfidedignas.com.mx\/index.php\/2021\/06\/05\/esperamos-que-solo-sea-un-levanton-condena-pri-ataque-a-su-secretario\/","title":{"rendered":"Esperamos que s\u00f3lo sea un &#8220;levant\u00f3n&#8221;; condena PRI ataque a su secretario"},"content":{"rendered":"\n<p><strong><em>A nadie le conviene un ambiente de violencia en Sinaloa, indicaron l\u00edderes de la alianza<\/em><\/strong> <strong><em>PRI-PAN-PRD <\/em><\/strong><\/p>\n\n\n\n<p>Culiac\u00e1n, Sin- Los partidos que integran la alianza Va por Sinaloa, lamentaron la privaci\u00f3n de la libertad del secretario de Organizaci\u00f3n del PRI, Jos\u00e9 Alberto Salas Beltr\u00e1n, perpretada este s\u00e1bado por la madrugada.<\/p>\n\n\n\n<p>Los partidos coincidieron en solidarizarse con la familia del secretario priista, mientras que el PRI est\u00e1 preocupado porque estos hechos influyan en tener una jornada electoral violenta en Sinaloa o que asuste a la ciudadan\u00eda de salir a votar, inform\u00f3 Cinthia Valenzuela, secretaria general del partido tricolor.<\/p>\n\n\n\n<figure class=\"wp-block-video\"><video autoplay controls src=\"blob:https:\/\/fuentesfidedignas.com.mx\/6cd3c98c-d492-48a7-b731-1fd9f29363b7\" playsinline><\/video><\/figure>\n\n\n\n<p>La alianza exigi\u00f3 a las autoridades que aceleren las investigaciones y realicen las acciones correspondientes para localizar a Salas Beltr\u00e1n.<\/p>\n\n\n\n<p>&#8220;Esperamos que sea s\u00f3lo un levant\u00f3n y no pase a mayores&#8221;, enfatiz\u00f3 Juan Carlos Estrada, l\u00edder de Acci\u00f3n Nacional, quien acompa\u00f1\u00f3 a la secretar\u00eda general del PRI, as\u00ed como el presidente estatal del PRD, Marco Aurelio V\u00e1zquez.<\/p>\n","protected":false},"excerpt":{"rendered":"<p>A nadie le conviene un ambiente de violencia en Sinaloa, indicaron l\u00edderes de la alianza PRI-PAN-PRD Culiac\u00e1n, Sin- Los partidos que integran la alianza Va por Sinaloa, lamentaron la privaci\u00f3n de la libertad del secretario de Organizaci\u00f3n del PRI, Jos\u00e9 Alberto Salas Beltr\u00e1n, perpretada este s\u00e1bado por la madrugada. Los partidos coincidieron en solidarizarse con [&hellip;]<\/p>\n","protected":false},"author":11,"featured_media":4151,"comment_status":"open","ping_status":"open","sticky":false,"template":"","format":"standard","meta":{"tdm_status":"","tdm_grid_status":"","footnotes":""},"categories":[38],"tags":[],"class_list":{"0":"post-4136","1":"post","2":"type-post","3":"status-publish","4":"format-standard","5":"has-post-thumbnail","7":"category-noticias-locales"},"yoast_head":"<!-- This site is optimized with the Yoast SEO plugin v27.5 - https:\/\/yoast.com\/product\/yoast-seo-wordpress\/ -->\n<title>Esperamos que s\u00f3lo sea un &quot;levant\u00f3n&quot;; condena PRI ataque a su secretario - Fuentes Fidedignas<\/title>\n<meta name=\"robots\" content=\"index, follow, max-snippet:-1, max-image-preview:large, max-video-preview:-1\" \/>\n<link rel=\"canonical\" href=\"https:\/\/fuentesfidedignas.com.mx\/index.php\/2021\/06\/05\/esperamos-que-solo-sea-un-levanton-condena-pri-ataque-a-su-secretario\/\" \/>\n<meta property=\"og:locale\" content=\"es_MX\" \/>\n<meta property=\"og:type\" content=\"article\" \/>\n<meta property=\"og:title\" content=\"Esperamos que s\u00f3lo sea un &quot;levant\u00f3n&quot;; condena PRI ataque a su secretario - Fuentes Fidedignas\" \/>\n<meta property=\"og:description\" content=\"A nadie le conviene un ambiente de violencia en Sinaloa, indicaron l\u00edderes de la alianza PRI-PAN-PRD Culiac\u00e1n, Sin- Los partidos que integran la alianza Va por Sinaloa, lamentaron la privaci\u00f3n de la libertad del secretario de Organizaci\u00f3n del PRI, Jos\u00e9 Alberto Salas Beltr\u00e1n, perpretada este s\u00e1bado por la madrugada. Los partidos coincidieron en solidarizarse con [&hellip;]\" \/>\n<meta property=\"og:url\" content=\"https:\/\/fuentesfidedignas.com.mx\/index.php\/2021\/06\/05\/esperamos-que-solo-sea-un-levanton-condena-pri-ataque-a-su-secretario\/\" \/>\n<meta property=\"og:site_name\" content=\"Fuentes Fidedignas\" \/>\n<meta property=\"article:publisher\" content=\"https:\/\/www.facebook.com\/Fuentes-Fidedignas-368234489921644\" \/>\n<meta property=\"article:published_time\" content=\"2021-06-05T19:15:11+00:00\" \/>\n<meta property=\"article:modified_time\" content=\"2021-06-05T20:57:20+00:00\" \/>\n<meta property=\"og:image\" content=\"https:\/\/fuentesfidedignas.com.mx\/wp-content\/uploads\/2021\/06\/IMG-20210605-WA0014.jpg\" \/>\n\t<meta property=\"og:image:width\" content=\"1024\" \/>\n\t<meta property=\"og:image:height\" content=\"683\" \/>\n\t<meta property=\"og:image:type\" content=\"image\/jpeg\" \/>\n<meta name=\"author\" content=\"Marissa Palafox\" \/>\n<meta name=\"twitter:card\" content=\"summary_large_image\" \/>\n<meta name=\"twitter:creator\" content=\"@fidedignas\" \/>\n<meta name=\"twitter:site\" content=\"@fidedignas\" \/>\n<meta name=\"twitter:label1\" content=\"Escrito por\" \/>\n\t<meta name=\"twitter:data1\" content=\"Marissa Palafox\" \/>\n\t<meta name=\"twitter:label2\" content=\"Tiempo de lectura\" \/>\n\t<meta name=\"twitter:data2\" content=\"1 minuto\" \/>\n<script type=\"application\/ld+json\" class=\"yoast-schema-graph\">{\"@context\":\"https:\\\/\\\/schema.org\",\"@graph\":[{\"@type\":\"Article\",\"@id\":\"https:\\\/\\\/fuentesfidedignas.com.mx\\\/index.php\\\/2021\\\/06\\\/05\\\/esperamos-que-solo-sea-un-levanton-condena-pri-ataque-a-su-secretario\\\/#article\",\"isPartOf\":{\"@id\":\"https:\\\/\\\/fuentesfidedignas.com.mx\\\/index.php\\\/2021\\\/06\\\/05\\\/esperamos-que-solo-sea-un-levanton-condena-pri-ataque-a-su-secretario\\\/\"},\"author\":{\"name\":\"Marissa Palafox\",\"@id\":\"https:\\\/\\\/fuentesfidedignas.com.mx\\\/#\\\/schema\\\/person\\\/2c10028b4a30078c05a056a215342ab9\"},\"headline\":\"Esperamos que s\u00f3lo sea un &#8220;levant\u00f3n&#8221;; condena PRI ataque a su secretario\",\"datePublished\":\"2021-06-05T19:15:11+00:00\",\"dateModified\":\"2021-06-05T20:57:20+00:00\",\"mainEntityOfPage\":{\"@id\":\"https:\\\/\\\/fuentesfidedignas.com.mx\\\/index.php\\\/2021\\\/06\\\/05\\\/esperamos-que-solo-sea-un-levanton-condena-pri-ataque-a-su-secretario\\\/\"},\"wordCount\":181,\"commentCount\":0,\"publisher\":{\"@id\":\"https:\\\/\\\/fuentesfidedignas.com.mx\\\/#organization\"},\"image\":{\"@id\":\"https:\\\/\\\/fuentesfidedignas.com.mx\\\/index.php\\\/2021\\\/06\\\/05\\\/esperamos-que-solo-sea-un-levanton-condena-pri-ataque-a-su-secretario\\\/#primaryimage\"},\"thumbnailUrl\":\"https:\\\/\\\/fuentesfidedignas.com.mx\\\/wp-content\\\/uploads\\\/2021\\\/06\\\/IMG-20210605-WA0014.jpg\",\"articleSection\":[\"NOTICIAS LOCALES\"],\"inLanguage\":\"es\",\"potentialAction\":[{\"@type\":\"CommentAction\",\"name\":\"Comment\",\"target\":[\"https:\\\/\\\/fuentesfidedignas.com.mx\\\/index.php\\\/2021\\\/06\\\/05\\\/esperamos-que-solo-sea-un-levanton-condena-pri-ataque-a-su-secretario\\\/#respond\"]}]},{\"@type\":\"WebPage\",\"@id\":\"https:\\\/\\\/fuentesfidedignas.com.mx\\\/index.php\\\/2021\\\/06\\\/05\\\/esperamos-que-solo-sea-un-levanton-condena-pri-ataque-a-su-secretario\\\/\",\"url\":\"https:\\\/\\\/fuentesfidedignas.com.mx\\\/index.php\\\/2021\\\/06\\\/05\\\/esperamos-que-solo-sea-un-levanton-condena-pri-ataque-a-su-secretario\\\/\",\"name\":\"Esperamos que s\u00f3lo sea un \\\"levant\u00f3n\\\"; condena PRI ataque a su secretario - Fuentes Fidedignas\",\"isPartOf\":{\"@id\":\"https:\\\/\\\/fuentesfidedignas.com.mx\\\/#website\"},\"primaryImageOfPage\":{\"@id\":\"https:\\\/\\\/fuentesfidedignas.com.mx\\\/index.php\\\/2021\\\/06\\\/05\\\/esperamos-que-solo-sea-un-levanton-condena-pri-ataque-a-su-secretario\\\/#primaryimage\"},\"image\":{\"@id\":\"https:\\\/\\\/fuentesfidedignas.com.mx\\\/index.php\\\/2021\\\/06\\\/05\\\/esperamos-que-solo-sea-un-levanton-condena-pri-ataque-a-su-secretario\\\/#primaryimage\"},\"thumbnailUrl\":\"https:\\\/\\\/fuentesfidedignas.com.mx\\\/wp-content\\\/uploads\\\/2021\\\/06\\\/IMG-20210605-WA0014.jpg\",\"datePublished\":\"2021-06-05T19:15:11+00:00\",\"dateModified\":\"2021-06-05T20:57:20+00:00\",\"breadcrumb\":{\"@id\":\"https:\\\/\\\/fuentesfidedignas.com.mx\\\/index.php\\\/2021\\\/06\\\/05\\\/esperamos-que-solo-sea-un-levanton-condena-pri-ataque-a-su-secretario\\\/#breadcrumb\"},\"inLanguage\":\"es\",\"potentialAction\":[{\"@type\":\"ReadAction\",\"target\":[\"https:\\\/\\\/fuentesfidedignas.com.mx\\\/index.php\\\/2021\\\/06\\\/05\\\/esperamos-que-solo-sea-un-levanton-condena-pri-ataque-a-su-secretario\\\/\"]}]},{\"@type\":\"ImageObject\",\"inLanguage\":\"es\",\"@id\":\"https:\\\/\\\/fuentesfidedignas.com.mx\\\/index.php\\\/2021\\\/06\\\/05\\\/esperamos-que-solo-sea-un-levanton-condena-pri-ataque-a-su-secretario\\\/#primaryimage\",\"url\":\"https:\\\/\\\/fuentesfidedignas.com.mx\\\/wp-content\\\/uploads\\\/2021\\\/06\\\/IMG-20210605-WA0014.jpg\",\"contentUrl\":\"https:\\\/\\\/fuentesfidedignas.com.mx\\\/wp-content\\\/uploads\\\/2021\\\/06\\\/IMG-20210605-WA0014.jpg\",\"width\":1024,\"height\":683},{\"@type\":\"BreadcrumbList\",\"@id\":\"https:\\\/\\\/fuentesfidedignas.com.mx\\\/index.php\\\/2021\\\/06\\\/05\\\/esperamos-que-solo-sea-un-levanton-condena-pri-ataque-a-su-secretario\\\/#breadcrumb\",\"itemListElement\":[{\"@type\":\"ListItem\",\"position\":1,\"name\":\"Inicio\",\"item\":\"https:\\\/\\\/fuentesfidedignas.com.mx\\\/\"},{\"@type\":\"ListItem\",\"position\":2,\"name\":\"Esperamos que s\u00f3lo sea un &#8220;levant\u00f3n&#8221;; condena PRI ataque a su secretario\"}]},{\"@type\":\"WebSite\",\"@id\":\"https:\\\/\\\/fuentesfidedignas.com.mx\\\/#website\",\"url\":\"https:\\\/\\\/fuentesfidedignas.com.mx\\\/\",\"name\":\"Fuentes Fidedignas\",\"description\":\"Otro sitio realizado con WordPress\",\"publisher\":{\"@id\":\"https:\\\/\\\/fuentesfidedignas.com.mx\\\/#organization\"},\"potentialAction\":[{\"@type\":\"SearchAction\",\"target\":{\"@type\":\"EntryPoint\",\"urlTemplate\":\"https:\\\/\\\/fuentesfidedignas.com.mx\\\/?s={search_term_string}\"},\"query-input\":{\"@type\":\"PropertyValueSpecification\",\"valueRequired\":true,\"valueName\":\"search_term_string\"}}],\"inLanguage\":\"es\"},{\"@type\":\"Organization\",\"@id\":\"https:\\\/\\\/fuentesfidedignas.com.mx\\\/#organization\",\"name\":\"Fuentes Fidedignas\",\"url\":\"https:\\\/\\\/fuentesfidedignas.com.mx\\\/\",\"logo\":{\"@type\":\"ImageObject\",\"inLanguage\":\"es\",\"@id\":\"https:\\\/\\\/fuentesfidedignas.com.mx\\\/#\\\/schema\\\/logo\\\/image\\\/\",\"url\":\"https:\\\/\\\/fuentesfidedignas.com.mx\\\/wp-content\\\/uploads\\\/2021\\\/04\\\/logo-retina.png\",\"contentUrl\":\"https:\\\/\\\/fuentesfidedignas.com.mx\\\/wp-content\\\/uploads\\\/2021\\\/04\\\/logo-retina.png\",\"width\":280,\"height\":51,\"caption\":\"Fuentes Fidedignas\"},\"image\":{\"@id\":\"https:\\\/\\\/fuentesfidedignas.com.mx\\\/#\\\/schema\\\/logo\\\/image\\\/\"},\"sameAs\":[\"https:\\\/\\\/www.facebook.com\\\/Fuentes-Fidedignas-368234489921644\",\"https:\\\/\\\/x.com\\\/fidedignas\"]},{\"@type\":\"Person\",\"@id\":\"https:\\\/\\\/fuentesfidedignas.com.mx\\\/#\\\/schema\\\/person\\\/2c10028b4a30078c05a056a215342ab9\",\"name\":\"Marissa Palafox\",\"image\":{\"@type\":\"ImageObject\",\"inLanguage\":\"es\",\"@id\":\"https:\\\/\\\/secure.gravatar.com\\\/avatar\\\/20a43bdb2f2db10f20b22d4e98b96eb027faf98f7f76d29854dc5fab46d1cf71?s=96&d=mm&r=g\",\"url\":\"https:\\\/\\\/secure.gravatar.com\\\/avatar\\\/20a43bdb2f2db10f20b22d4e98b96eb027faf98f7f76d29854dc5fab46d1cf71?s=96&d=mm&r=g\",\"contentUrl\":\"https:\\\/\\\/secure.gravatar.com\\\/avatar\\\/20a43bdb2f2db10f20b22d4e98b96eb027faf98f7f76d29854dc5fab46d1cf71?s=96&d=mm&r=g\",\"caption\":\"Marissa Palafox\"},\"url\":\"https:\\\/\\\/fuentesfidedignas.com.mx\\\/index.php\\\/author\\\/marissa\\\/\"}]}<\/script>\n<!-- \/ Yoast SEO plugin. -->","yoast_head_json":{"title":"Esperamos que s\u00f3lo sea un \"levant\u00f3n\"; condena PRI ataque a su secretario - Fuentes Fidedignas","robots":{"index":"index","follow":"follow","max-snippet":"max-snippet:-1","max-image-preview":"max-image-preview:large","max-video-preview":"max-video-preview:-1"},"canonical":"https:\/\/fuentesfidedignas.com.mx\/index.php\/2021\/06\/05\/esperamos-que-solo-sea-un-levanton-condena-pri-ataque-a-su-secretario\/","og_locale":"es_MX","og_type":"article","og_title":"Esperamos que s\u00f3lo sea un \"levant\u00f3n\"; condena PRI ataque a su secretario - Fuentes Fidedignas","og_description":"A nadie le conviene un ambiente de violencia en Sinaloa, indicaron l\u00edderes de la alianza PRI-PAN-PRD Culiac\u00e1n, Sin- Los partidos que integran la alianza Va por Sinaloa, lamentaron la privaci\u00f3n de la libertad del secretario de Organizaci\u00f3n del PRI, Jos\u00e9 Alberto Salas Beltr\u00e1n, perpretada este s\u00e1bado por la madrugada. Los partidos coincidieron en solidarizarse con [&hellip;]","og_url":"https:\/\/fuentesfidedignas.com.mx\/index.php\/2021\/06\/05\/esperamos-que-solo-sea-un-levanton-condena-pri-ataque-a-su-secretario\/","og_site_name":"Fuentes Fidedignas","article_publisher":"https:\/\/www.facebook.com\/Fuentes-Fidedignas-368234489921644","article_published_time":"2021-06-05T19:15:11+00:00","article_modified_time":"2021-06-05T20:57:20+00:00","og_image":[{"width":1024,"height":683,"url":"https:\/\/fuentesfidedignas.com.mx\/wp-content\/uploads\/2021\/06\/IMG-20210605-WA0014.jpg","type":"image\/jpeg"}],"author":"Marissa Palafox","twitter_card":"summary_large_image","twitter_creator":"@fidedignas","twitter_site":"@fidedignas","twitter_misc":{"Escrito por":"Marissa Palafox","Tiempo de lectura":"1 minuto"},"schema":{"@context":"https:\/\/schema.org","@graph":[{"@type":"Article","@id":"https:\/\/fuentesfidedignas.com.mx\/index.php\/2021\/06\/05\/esperamos-que-solo-sea-un-levanton-condena-pri-ataque-a-su-secretario\/#article","isPartOf":{"@id":"https:\/\/fuentesfidedignas.com.mx\/index.php\/2021\/06\/05\/esperamos-que-solo-sea-un-levanton-condena-pri-ataque-a-su-secretario\/"},"author":{"name":"Marissa Palafox","@id":"https:\/\/fuentesfidedignas.com.mx\/#\/schema\/person\/2c10028b4a30078c05a056a215342ab9"},"headline":"Esperamos que s\u00f3lo sea un &#8220;levant\u00f3n&#8221;; condena PRI ataque a su secretario","datePublished":"2021-06-05T19:15:11+00:00","dateModified":"2021-06-05T20:57:20+00:00","mainEntityOfPage":{"@id":"https:\/\/fuentesfidedignas.com.mx\/index.php\/2021\/06\/05\/esperamos-que-solo-sea-un-levanton-condena-pri-ataque-a-su-secretario\/"},"wordCount":181,"commentCount":0,"publisher":{"@id":"https:\/\/fuentesfidedignas.com.mx\/#organization"},"image":{"@id":"https:\/\/fuentesfidedignas.com.mx\/index.php\/2021\/06\/05\/esperamos-que-solo-sea-un-levanton-condena-pri-ataque-a-su-secretario\/#primaryimage"},"thumbnailUrl":"https:\/\/fuentesfidedignas.com.mx\/wp-content\/uploads\/2021\/06\/IMG-20210605-WA0014.jpg","articleSection":["NOTICIAS LOCALES"],"inLanguage":"es","potentialAction":[{"@type":"CommentAction","name":"Comment","target":["https:\/\/fuentesfidedignas.com.mx\/index.php\/2021\/06\/05\/esperamos-que-solo-sea-un-levanton-condena-pri-ataque-a-su-secretario\/#respond"]}]},{"@type":"WebPage","@id":"https:\/\/fuentesfidedignas.com.mx\/index.php\/2021\/06\/05\/esperamos-que-solo-sea-un-levanton-condena-pri-ataque-a-su-secretario\/","url":"https:\/\/fuentesfidedignas.com.mx\/index.php\/2021\/06\/05\/esperamos-que-solo-sea-un-levanton-condena-pri-ataque-a-su-secretario\/","name":"Esperamos que s\u00f3lo sea un \"levant\u00f3n\"; condena PRI ataque a su secretario - Fuentes Fidedignas","isPartOf":{"@id":"https:\/\/fuentesfidedignas.com.mx\/#website"},"primaryImageOfPage":{"@id":"https:\/\/fuentesfidedignas.com.mx\/index.php\/2021\/06\/05\/esperamos-que-solo-sea-un-levanton-condena-pri-ataque-a-su-secretario\/#primaryimage"},"image":{"@id":"https:\/\/fuentesfidedignas.com.mx\/index.php\/2021\/06\/05\/esperamos-que-solo-sea-un-levanton-condena-pri-ataque-a-su-secretario\/#primaryimage"},"thumbnailUrl":"https:\/\/fuentesfidedignas.com.mx\/wp-content\/uploads\/2021\/06\/IMG-20210605-WA0014.jpg","datePublished":"2021-06-05T19:15:11+00:00","dateModified":"2021-06-05T20:57:20+00:00","breadcrumb":{"@id":"https:\/\/fuentesfidedignas.com.mx\/index.php\/2021\/06\/05\/esperamos-que-solo-sea-un-levanton-condena-pri-ataque-a-su-secretario\/#breadcrumb"},"inLanguage":"es","potentialAction":[{"@type":"ReadAction","target":["https:\/\/fuentesfidedignas.com.mx\/index.php\/2021\/06\/05\/esperamos-que-solo-sea-un-levanton-condena-pri-ataque-a-su-secretario\/"]}]},{"@type":"ImageObject","inLanguage":"es","@id":"https:\/\/fuentesfidedignas.com.mx\/index.php\/2021\/06\/05\/esperamos-que-solo-sea-un-levanton-condena-pri-ataque-a-su-secretario\/#primaryimage","url":"https:\/\/fuentesfidedignas.com.mx\/wp-content\/uploads\/2021\/06\/IMG-20210605-WA0014.jpg","contentUrl":"https:\/\/fuentesfidedignas.com.mx\/wp-content\/uploads\/2021\/06\/IMG-20210605-WA0014.jpg","width":1024,"height":683},{"@type":"BreadcrumbList","@id":"https:\/\/fuentesfidedignas.com.mx\/index.php\/2021\/06\/05\/esperamos-que-solo-sea-un-levanton-condena-pri-ataque-a-su-secretario\/#breadcrumb","itemListElement":[{"@type":"ListItem","position":1,"name":"Inicio","item":"https:\/\/fuentesfidedignas.com.mx\/"},{"@type":"ListItem","position":2,"name":"Esperamos que s\u00f3lo sea un &#8220;levant\u00f3n&#8221;; condena PRI ataque a su secretario"}]},{"@type":"WebSite","@id":"https:\/\/fuentesfidedignas.com.mx\/#website","url":"https:\/\/fuentesfidedignas.com.mx\/","name":"Fuentes Fidedignas","description":"Otro sitio realizado con WordPress","publisher":{"@id":"https:\/\/fuentesfidedignas.com.mx\/#organization"},"potentialAction":[{"@type":"SearchAction","target":{"@type":"EntryPoint","urlTemplate":"https:\/\/fuentesfidedignas.com.mx\/?s={search_term_string}"},"query-input":{"@type":"PropertyValueSpecification","valueRequired":true,"valueName":"search_term_string"}}],"inLanguage":"es"},{"@type":"Organization","@id":"https:\/\/fuentesfidedignas.com.mx\/#organization","name":"Fuentes Fidedignas","url":"https:\/\/fuentesfidedignas.com.mx\/","logo":{"@type":"ImageObject","inLanguage":"es","@id":"https:\/\/fuentesfidedignas.com.mx\/#\/schema\/logo\/image\/","url":"https:\/\/fuentesfidedignas.com.mx\/wp-content\/uploads\/2021\/04\/logo-retina.png","contentUrl":"https:\/\/fuentesfidedignas.com.mx\/wp-content\/uploads\/2021\/04\/logo-retina.png","width":280,"height":51,"caption":"Fuentes Fidedignas"},"image":{"@id":"https:\/\/fuentesfidedignas.com.mx\/#\/schema\/logo\/image\/"},"sameAs":["https:\/\/www.facebook.com\/Fuentes-Fidedignas-368234489921644","https:\/\/x.com\/fidedignas"]},{"@type":"Person","@id":"https:\/\/fuentesfidedignas.com.mx\/#\/schema\/person\/2c10028b4a30078c05a056a215342ab9","name":"Marissa Palafox","image":{"@type":"ImageObject","inLanguage":"es","@id":"https:\/\/secure.gravatar.com\/avatar\/20a43bdb2f2db10f20b22d4e98b96eb027faf98f7f76d29854dc5fab46d1cf71?s=96&d=mm&r=g","url":"https:\/\/secure.gravatar.com\/avatar\/20a43bdb2f2db10f20b22d4e98b96eb027faf98f7f76d29854dc5fab46d1cf71?s=96&d=mm&r=g","contentUrl":"https:\/\/secure.gravatar.com\/avatar\/20a43bdb2f2db10f20b22d4e98b96eb027faf98f7f76d29854dc5fab46d1cf71?s=96&d=mm&r=g","caption":"Marissa Palafox"},"url":"https:\/\/fuentesfidedignas.com.mx\/index.php\/author\/marissa\/"}]}},"_links":{"self":[{"href":"https:\/\/fuentesfidedignas.com.mx\/index.php\/wp-json\/wp\/v2\/posts\/4136","targetHints":{"allow":["GET"]}}],"collection":[{"href":"https:\/\/fuentesfidedignas.com.mx\/index.php\/wp-json\/wp\/v2\/posts"}],"about":[{"href":"https:\/\/fuentesfidedignas.com.mx\/index.php\/wp-json\/wp\/v2\/types\/post"}],"author":[{"embeddable":true,"href":"https:\/\/fuentesfidedignas.com.mx\/index.php\/wp-json\/wp\/v2\/users\/11"}],"replies":[{"embeddable":true,"href":"https:\/\/fuentesfidedignas.com.mx\/index.php\/wp-json\/wp\/v2\/comments?post=4136"}],"version-history":[{"count":3,"href":"https:\/\/fuentesfidedignas.com.mx\/index.php\/wp-json\/wp\/v2\/posts\/4136\/revisions"}],"predecessor-version":[{"id":4155,"href":"https:\/\/fuentesfidedignas.com.mx\/index.php\/wp-json\/wp\/v2\/posts\/4136\/revisions\/4155"}],"wp:featuredmedia":[{"embeddable":true,"href":"https:\/\/fuentesfidedignas.com.mx\/index.php\/wp-json\/wp\/v2\/media\/4151"}],"wp:attachment":[{"href":"https:\/\/fuentesfidedignas.com.mx\/index.php\/wp-json\/wp\/v2\/media?parent=4136"}],"wp:term":[{"taxonomy":"category","embeddable":true,"href":"https:\/\/fuentesfidedignas.com.mx\/index.php\/wp-json\/wp\/v2\/categories?post=4136"},{"taxonomy":"post_tag","embeddable":true,"href":"https:\/\/fuentesfidedignas.com.mx\/index.php\/wp-json\/wp\/v2\/tags?post=4136"}],"curies":[{"name":"wp","href":"https:\/\/api.w.org\/{rel}","templated":true}]}}