{"id":41330,"date":"2022-08-31T08:50:14","date_gmt":"2022-08-31T14:50:14","guid":{"rendered":"https:\/\/fuentesfidedignas.com.mx\/?p=41330"},"modified":"2022-08-31T08:50:18","modified_gmt":"2022-08-31T14:50:18","slug":"en-baja-california-comando-roba-avioneta-y-se-la-lleva-en-trailer","status":"publish","type":"post","link":"https:\/\/fuentesfidedignas.com.mx\/index.php\/2022\/08\/31\/en-baja-california-comando-roba-avioneta-y-se-la-lleva-en-trailer\/","title":{"rendered":"En Baja California, comando roba avioneta y se la lleva en tr\u00e1iler"},"content":{"rendered":"\n<p><strong><em>Al menos diez hombres llegaron al inmueble y sometieron al velador, a quien amarraron y dejaron en el ba\u00f1o<\/em><\/strong><\/p>\n\n\n\n<p>Un comando de hombres armados rob\u00f3 una avioneta tipo Cessna y la desarmaron para llev\u00e1rsela en un tr\u00e1iler en <strong>Tijuana, Baja California<\/strong>.\u00a0 <\/p>\n\n\n\n<p>El asalto ocurri\u00f3 entre el domingo y el lunes pasado en los patios de las Gr\u00faas N\u00fa\u00f1ez, ubicadas <strong>en el municipio de San Quint\u00edn<\/strong>.\u00a0 <\/p>\n\n\n\n<p>Al menos diez hombres llegaron al inmueble y sometieron al velador, a quien amarraron y dejaron en el ba\u00f1o, pero fue\u00a0hasta el martes cuando el caso se denunci\u00f3 a las autoridades locales. <\/p>\n\n\n\n<p>De acuerdo con el empleado, los delincuentes quitaron las alas y otras partes a la avioneta para subirla a la caja de un tr\u00e1iler. <\/p>\n\n\n\n<p>La<strong> Fiscal\u00eda Especializada en Materia de Delincuencia Organizada <\/strong>(FEMDO) de la Fiscal\u00eda General de la Rep\u00fablica (FGR) ten\u00eda bajo su resguardo el aeroplano e inici\u00f3 una nueva investigaci\u00f3n. <\/p>\n\n\n\n<p>El 26 de abril de 2021, elementos del<strong> Ej\u00e9rcito<\/strong>, de la <strong>Fuerza A\u00e9rea<\/strong> y la <strong>Agencia de Investigaci\u00f3n Criminal <\/strong>(AIC) incautaron la avioneta en las inmediaciones de un rancho en San Quint\u00edn. <\/p>\n\n\n\n<p>Encontraron 28 recipientes de pl\u00e1stico y 51 paquetes que conten\u00edan morfina, coca\u00edna y fentanilo.\u00a0Desde entonces la avioneta estaba en el corral\u00f3n. <\/p>\n","protected":false},"excerpt":{"rendered":"<p>Al menos diez hombres llegaron al inmueble y sometieron al velador, a quien amarraron y dejaron en el ba\u00f1o Un comando de hombres armados rob\u00f3 una avioneta tipo Cessna y la desarmaron para llev\u00e1rsela en un tr\u00e1iler en Tijuana, Baja California.\u00a0 El asalto ocurri\u00f3 entre el domingo y el lunes pasado en los patios de [&hellip;]<\/p>\n","protected":false},"author":9,"featured_media":41331,"comment_status":"open","ping_status":"open","sticky":false,"template":"","format":"standard","meta":{"tdm_status":"","tdm_grid_status":"","footnotes":""},"categories":[40],"tags":[],"class_list":{"0":"post-41330","1":"post","2":"type-post","3":"status-publish","4":"format-standard","5":"has-post-thumbnail","7":"category-las-asombrosas"},"yoast_head":"<!-- This site is optimized with the Yoast SEO plugin v27.4 - https:\/\/yoast.com\/product\/yoast-seo-wordpress\/ -->\n<title>En Baja California, comando roba avioneta y se la lleva en tr\u00e1iler - Fuentes Fidedignas<\/title>\n<meta name=\"robots\" content=\"index, follow, max-snippet:-1, max-image-preview:large, max-video-preview:-1\" \/>\n<link rel=\"canonical\" href=\"https:\/\/fuentesfidedignas.com.mx\/index.php\/2022\/08\/31\/en-baja-california-comando-roba-avioneta-y-se-la-lleva-en-trailer\/\" \/>\n<meta property=\"og:locale\" content=\"es_MX\" \/>\n<meta property=\"og:type\" content=\"article\" \/>\n<meta property=\"og:title\" content=\"En Baja California, comando roba avioneta y se la lleva en tr\u00e1iler - Fuentes Fidedignas\" \/>\n<meta property=\"og:description\" content=\"Al menos diez hombres llegaron al inmueble y sometieron al velador, a quien amarraron y dejaron en el ba\u00f1o Un comando de hombres armados rob\u00f3 una avioneta tipo Cessna y la desarmaron para llev\u00e1rsela en un tr\u00e1iler en Tijuana, Baja California.\u00a0 El asalto ocurri\u00f3 entre el domingo y el lunes pasado en los patios de [&hellip;]\" \/>\n<meta property=\"og:url\" content=\"https:\/\/fuentesfidedignas.com.mx\/index.php\/2022\/08\/31\/en-baja-california-comando-roba-avioneta-y-se-la-lleva-en-trailer\/\" \/>\n<meta property=\"og:site_name\" content=\"Fuentes Fidedignas\" \/>\n<meta property=\"article:publisher\" content=\"https:\/\/www.facebook.com\/Fuentes-Fidedignas-368234489921644\" \/>\n<meta property=\"article:published_time\" content=\"2022-08-31T14:50:14+00:00\" \/>\n<meta property=\"article:modified_time\" content=\"2022-08-31T14:50:18+00:00\" \/>\n<meta property=\"og:image\" content=\"https:\/\/fuentesfidedignas.com.mx\/wp-content\/uploads\/2022\/08\/Grupo-con-armas-largas-roba-avion-30-8-2022.jpg\" \/>\n\t<meta property=\"og:image:width\" content=\"1920\" \/>\n\t<meta property=\"og:image:height\" content=\"1080\" \/>\n\t<meta property=\"og:image:type\" content=\"image\/jpeg\" \/>\n<meta name=\"author\" content=\"Milenio\" \/>\n<meta name=\"twitter:card\" content=\"summary_large_image\" \/>\n<meta name=\"twitter:creator\" content=\"@fidedignas\" \/>\n<meta name=\"twitter:site\" content=\"@fidedignas\" \/>\n<meta name=\"twitter:label1\" content=\"Escrito por\" \/>\n\t<meta name=\"twitter:data1\" content=\"Milenio\" \/>\n\t<meta name=\"twitter:label2\" content=\"Tiempo de lectura\" \/>\n\t<meta name=\"twitter:data2\" content=\"1 minuto\" \/>\n<script type=\"application\/ld+json\" class=\"yoast-schema-graph\">{\"@context\":\"https:\\\/\\\/schema.org\",\"@graph\":[{\"@type\":\"Article\",\"@id\":\"https:\\\/\\\/fuentesfidedignas.com.mx\\\/index.php\\\/2022\\\/08\\\/31\\\/en-baja-california-comando-roba-avioneta-y-se-la-lleva-en-trailer\\\/#article\",\"isPartOf\":{\"@id\":\"https:\\\/\\\/fuentesfidedignas.com.mx\\\/index.php\\\/2022\\\/08\\\/31\\\/en-baja-california-comando-roba-avioneta-y-se-la-lleva-en-trailer\\\/\"},\"author\":{\"name\":\"Milenio\",\"@id\":\"https:\\\/\\\/fuentesfidedignas.com.mx\\\/#\\\/schema\\\/person\\\/47ec0135738f4b0c7495f06a77a2c976\"},\"headline\":\"En Baja California, comando roba avioneta y se la lleva en tr\u00e1iler\",\"datePublished\":\"2022-08-31T14:50:14+00:00\",\"dateModified\":\"2022-08-31T14:50:18+00:00\",\"mainEntityOfPage\":{\"@id\":\"https:\\\/\\\/fuentesfidedignas.com.mx\\\/index.php\\\/2022\\\/08\\\/31\\\/en-baja-california-comando-roba-avioneta-y-se-la-lleva-en-trailer\\\/\"},\"wordCount\":234,\"commentCount\":0,\"publisher\":{\"@id\":\"https:\\\/\\\/fuentesfidedignas.com.mx\\\/#organization\"},\"image\":{\"@id\":\"https:\\\/\\\/fuentesfidedignas.com.mx\\\/index.php\\\/2022\\\/08\\\/31\\\/en-baja-california-comando-roba-avioneta-y-se-la-lleva-en-trailer\\\/#primaryimage\"},\"thumbnailUrl\":\"https:\\\/\\\/fuentesfidedignas.com.mx\\\/wp-content\\\/uploads\\\/2022\\\/08\\\/Grupo-con-armas-largas-roba-avion-30-8-2022.jpg\",\"articleSection\":[\"LAS ASOMBROSAS\"],\"inLanguage\":\"es\",\"potentialAction\":[{\"@type\":\"CommentAction\",\"name\":\"Comment\",\"target\":[\"https:\\\/\\\/fuentesfidedignas.com.mx\\\/index.php\\\/2022\\\/08\\\/31\\\/en-baja-california-comando-roba-avioneta-y-se-la-lleva-en-trailer\\\/#respond\"]}]},{\"@type\":\"WebPage\",\"@id\":\"https:\\\/\\\/fuentesfidedignas.com.mx\\\/index.php\\\/2022\\\/08\\\/31\\\/en-baja-california-comando-roba-avioneta-y-se-la-lleva-en-trailer\\\/\",\"url\":\"https:\\\/\\\/fuentesfidedignas.com.mx\\\/index.php\\\/2022\\\/08\\\/31\\\/en-baja-california-comando-roba-avioneta-y-se-la-lleva-en-trailer\\\/\",\"name\":\"En Baja California, comando roba avioneta y se la lleva en tr\u00e1iler - Fuentes Fidedignas\",\"isPartOf\":{\"@id\":\"https:\\\/\\\/fuentesfidedignas.com.mx\\\/#website\"},\"primaryImageOfPage\":{\"@id\":\"https:\\\/\\\/fuentesfidedignas.com.mx\\\/index.php\\\/2022\\\/08\\\/31\\\/en-baja-california-comando-roba-avioneta-y-se-la-lleva-en-trailer\\\/#primaryimage\"},\"image\":{\"@id\":\"https:\\\/\\\/fuentesfidedignas.com.mx\\\/index.php\\\/2022\\\/08\\\/31\\\/en-baja-california-comando-roba-avioneta-y-se-la-lleva-en-trailer\\\/#primaryimage\"},\"thumbnailUrl\":\"https:\\\/\\\/fuentesfidedignas.com.mx\\\/wp-content\\\/uploads\\\/2022\\\/08\\\/Grupo-con-armas-largas-roba-avion-30-8-2022.jpg\",\"datePublished\":\"2022-08-31T14:50:14+00:00\",\"dateModified\":\"2022-08-31T14:50:18+00:00\",\"breadcrumb\":{\"@id\":\"https:\\\/\\\/fuentesfidedignas.com.mx\\\/index.php\\\/2022\\\/08\\\/31\\\/en-baja-california-comando-roba-avioneta-y-se-la-lleva-en-trailer\\\/#breadcrumb\"},\"inLanguage\":\"es\",\"potentialAction\":[{\"@type\":\"ReadAction\",\"target\":[\"https:\\\/\\\/fuentesfidedignas.com.mx\\\/index.php\\\/2022\\\/08\\\/31\\\/en-baja-california-comando-roba-avioneta-y-se-la-lleva-en-trailer\\\/\"]}]},{\"@type\":\"ImageObject\",\"inLanguage\":\"es\",\"@id\":\"https:\\\/\\\/fuentesfidedignas.com.mx\\\/index.php\\\/2022\\\/08\\\/31\\\/en-baja-california-comando-roba-avioneta-y-se-la-lleva-en-trailer\\\/#primaryimage\",\"url\":\"https:\\\/\\\/fuentesfidedignas.com.mx\\\/wp-content\\\/uploads\\\/2022\\\/08\\\/Grupo-con-armas-largas-roba-avion-30-8-2022.jpg\",\"contentUrl\":\"https:\\\/\\\/fuentesfidedignas.com.mx\\\/wp-content\\\/uploads\\\/2022\\\/08\\\/Grupo-con-armas-largas-roba-avion-30-8-2022.jpg\",\"width\":1920,\"height\":1080},{\"@type\":\"BreadcrumbList\",\"@id\":\"https:\\\/\\\/fuentesfidedignas.com.mx\\\/index.php\\\/2022\\\/08\\\/31\\\/en-baja-california-comando-roba-avioneta-y-se-la-lleva-en-trailer\\\/#breadcrumb\",\"itemListElement\":[{\"@type\":\"ListItem\",\"position\":1,\"name\":\"Inicio\",\"item\":\"https:\\\/\\\/fuentesfidedignas.com.mx\\\/\"},{\"@type\":\"ListItem\",\"position\":2,\"name\":\"En Baja California, comando roba avioneta y se la lleva en tr\u00e1iler\"}]},{\"@type\":\"WebSite\",\"@id\":\"https:\\\/\\\/fuentesfidedignas.com.mx\\\/#website\",\"url\":\"https:\\\/\\\/fuentesfidedignas.com.mx\\\/\",\"name\":\"Fuentes Fidedignas\",\"description\":\"Otro sitio realizado con WordPress\",\"publisher\":{\"@id\":\"https:\\\/\\\/fuentesfidedignas.com.mx\\\/#organization\"},\"potentialAction\":[{\"@type\":\"SearchAction\",\"target\":{\"@type\":\"EntryPoint\",\"urlTemplate\":\"https:\\\/\\\/fuentesfidedignas.com.mx\\\/?s={search_term_string}\"},\"query-input\":{\"@type\":\"PropertyValueSpecification\",\"valueRequired\":true,\"valueName\":\"search_term_string\"}}],\"inLanguage\":\"es\"},{\"@type\":\"Organization\",\"@id\":\"https:\\\/\\\/fuentesfidedignas.com.mx\\\/#organization\",\"name\":\"Fuentes Fidedignas\",\"url\":\"https:\\\/\\\/fuentesfidedignas.com.mx\\\/\",\"logo\":{\"@type\":\"ImageObject\",\"inLanguage\":\"es\",\"@id\":\"https:\\\/\\\/fuentesfidedignas.com.mx\\\/#\\\/schema\\\/logo\\\/image\\\/\",\"url\":\"https:\\\/\\\/fuentesfidedignas.com.mx\\\/wp-content\\\/uploads\\\/2021\\\/04\\\/logo-retina.png\",\"contentUrl\":\"https:\\\/\\\/fuentesfidedignas.com.mx\\\/wp-content\\\/uploads\\\/2021\\\/04\\\/logo-retina.png\",\"width\":280,\"height\":51,\"caption\":\"Fuentes Fidedignas\"},\"image\":{\"@id\":\"https:\\\/\\\/fuentesfidedignas.com.mx\\\/#\\\/schema\\\/logo\\\/image\\\/\"},\"sameAs\":[\"https:\\\/\\\/www.facebook.com\\\/Fuentes-Fidedignas-368234489921644\",\"https:\\\/\\\/x.com\\\/fidedignas\"]},{\"@type\":\"Person\",\"@id\":\"https:\\\/\\\/fuentesfidedignas.com.mx\\\/#\\\/schema\\\/person\\\/47ec0135738f4b0c7495f06a77a2c976\",\"name\":\"Milenio\",\"image\":{\"@type\":\"ImageObject\",\"inLanguage\":\"es\",\"@id\":\"https:\\\/\\\/secure.gravatar.com\\\/avatar\\\/acabf7b54753e51c2c76457954577c236b3b764789b19879565769739d1e4a75?s=96&d=mm&r=g\",\"url\":\"https:\\\/\\\/secure.gravatar.com\\\/avatar\\\/acabf7b54753e51c2c76457954577c236b3b764789b19879565769739d1e4a75?s=96&d=mm&r=g\",\"contentUrl\":\"https:\\\/\\\/secure.gravatar.com\\\/avatar\\\/acabf7b54753e51c2c76457954577c236b3b764789b19879565769739d1e4a75?s=96&d=mm&r=g\",\"caption\":\"Milenio\"},\"url\":\"https:\\\/\\\/fuentesfidedignas.com.mx\\\/index.php\\\/author\\\/milenio\\\/\"}]}<\/script>\n<!-- \/ Yoast SEO plugin. -->","yoast_head_json":{"title":"En Baja California, comando roba avioneta y se la lleva en tr\u00e1iler - Fuentes Fidedignas","robots":{"index":"index","follow":"follow","max-snippet":"max-snippet:-1","max-image-preview":"max-image-preview:large","max-video-preview":"max-video-preview:-1"},"canonical":"https:\/\/fuentesfidedignas.com.mx\/index.php\/2022\/08\/31\/en-baja-california-comando-roba-avioneta-y-se-la-lleva-en-trailer\/","og_locale":"es_MX","og_type":"article","og_title":"En Baja California, comando roba avioneta y se la lleva en tr\u00e1iler - Fuentes Fidedignas","og_description":"Al menos diez hombres llegaron al inmueble y sometieron al velador, a quien amarraron y dejaron en el ba\u00f1o Un comando de hombres armados rob\u00f3 una avioneta tipo Cessna y la desarmaron para llev\u00e1rsela en un tr\u00e1iler en Tijuana, Baja California.\u00a0 El asalto ocurri\u00f3 entre el domingo y el lunes pasado en los patios de [&hellip;]","og_url":"https:\/\/fuentesfidedignas.com.mx\/index.php\/2022\/08\/31\/en-baja-california-comando-roba-avioneta-y-se-la-lleva-en-trailer\/","og_site_name":"Fuentes Fidedignas","article_publisher":"https:\/\/www.facebook.com\/Fuentes-Fidedignas-368234489921644","article_published_time":"2022-08-31T14:50:14+00:00","article_modified_time":"2022-08-31T14:50:18+00:00","og_image":[{"width":1920,"height":1080,"url":"https:\/\/fuentesfidedignas.com.mx\/wp-content\/uploads\/2022\/08\/Grupo-con-armas-largas-roba-avion-30-8-2022.jpg","type":"image\/jpeg"}],"author":"Milenio","twitter_card":"summary_large_image","twitter_creator":"@fidedignas","twitter_site":"@fidedignas","twitter_misc":{"Escrito por":"Milenio","Tiempo de lectura":"1 minuto"},"schema":{"@context":"https:\/\/schema.org","@graph":[{"@type":"Article","@id":"https:\/\/fuentesfidedignas.com.mx\/index.php\/2022\/08\/31\/en-baja-california-comando-roba-avioneta-y-se-la-lleva-en-trailer\/#article","isPartOf":{"@id":"https:\/\/fuentesfidedignas.com.mx\/index.php\/2022\/08\/31\/en-baja-california-comando-roba-avioneta-y-se-la-lleva-en-trailer\/"},"author":{"name":"Milenio","@id":"https:\/\/fuentesfidedignas.com.mx\/#\/schema\/person\/47ec0135738f4b0c7495f06a77a2c976"},"headline":"En Baja California, comando roba avioneta y se la lleva en tr\u00e1iler","datePublished":"2022-08-31T14:50:14+00:00","dateModified":"2022-08-31T14:50:18+00:00","mainEntityOfPage":{"@id":"https:\/\/fuentesfidedignas.com.mx\/index.php\/2022\/08\/31\/en-baja-california-comando-roba-avioneta-y-se-la-lleva-en-trailer\/"},"wordCount":234,"commentCount":0,"publisher":{"@id":"https:\/\/fuentesfidedignas.com.mx\/#organization"},"image":{"@id":"https:\/\/fuentesfidedignas.com.mx\/index.php\/2022\/08\/31\/en-baja-california-comando-roba-avioneta-y-se-la-lleva-en-trailer\/#primaryimage"},"thumbnailUrl":"https:\/\/fuentesfidedignas.com.mx\/wp-content\/uploads\/2022\/08\/Grupo-con-armas-largas-roba-avion-30-8-2022.jpg","articleSection":["LAS ASOMBROSAS"],"inLanguage":"es","potentialAction":[{"@type":"CommentAction","name":"Comment","target":["https:\/\/fuentesfidedignas.com.mx\/index.php\/2022\/08\/31\/en-baja-california-comando-roba-avioneta-y-se-la-lleva-en-trailer\/#respond"]}]},{"@type":"WebPage","@id":"https:\/\/fuentesfidedignas.com.mx\/index.php\/2022\/08\/31\/en-baja-california-comando-roba-avioneta-y-se-la-lleva-en-trailer\/","url":"https:\/\/fuentesfidedignas.com.mx\/index.php\/2022\/08\/31\/en-baja-california-comando-roba-avioneta-y-se-la-lleva-en-trailer\/","name":"En Baja California, comando roba avioneta y se la lleva en tr\u00e1iler - Fuentes Fidedignas","isPartOf":{"@id":"https:\/\/fuentesfidedignas.com.mx\/#website"},"primaryImageOfPage":{"@id":"https:\/\/fuentesfidedignas.com.mx\/index.php\/2022\/08\/31\/en-baja-california-comando-roba-avioneta-y-se-la-lleva-en-trailer\/#primaryimage"},"image":{"@id":"https:\/\/fuentesfidedignas.com.mx\/index.php\/2022\/08\/31\/en-baja-california-comando-roba-avioneta-y-se-la-lleva-en-trailer\/#primaryimage"},"thumbnailUrl":"https:\/\/fuentesfidedignas.com.mx\/wp-content\/uploads\/2022\/08\/Grupo-con-armas-largas-roba-avion-30-8-2022.jpg","datePublished":"2022-08-31T14:50:14+00:00","dateModified":"2022-08-31T14:50:18+00:00","breadcrumb":{"@id":"https:\/\/fuentesfidedignas.com.mx\/index.php\/2022\/08\/31\/en-baja-california-comando-roba-avioneta-y-se-la-lleva-en-trailer\/#breadcrumb"},"inLanguage":"es","potentialAction":[{"@type":"ReadAction","target":["https:\/\/fuentesfidedignas.com.mx\/index.php\/2022\/08\/31\/en-baja-california-comando-roba-avioneta-y-se-la-lleva-en-trailer\/"]}]},{"@type":"ImageObject","inLanguage":"es","@id":"https:\/\/fuentesfidedignas.com.mx\/index.php\/2022\/08\/31\/en-baja-california-comando-roba-avioneta-y-se-la-lleva-en-trailer\/#primaryimage","url":"https:\/\/fuentesfidedignas.com.mx\/wp-content\/uploads\/2022\/08\/Grupo-con-armas-largas-roba-avion-30-8-2022.jpg","contentUrl":"https:\/\/fuentesfidedignas.com.mx\/wp-content\/uploads\/2022\/08\/Grupo-con-armas-largas-roba-avion-30-8-2022.jpg","width":1920,"height":1080},{"@type":"BreadcrumbList","@id":"https:\/\/fuentesfidedignas.com.mx\/index.php\/2022\/08\/31\/en-baja-california-comando-roba-avioneta-y-se-la-lleva-en-trailer\/#breadcrumb","itemListElement":[{"@type":"ListItem","position":1,"name":"Inicio","item":"https:\/\/fuentesfidedignas.com.mx\/"},{"@type":"ListItem","position":2,"name":"En Baja California, comando roba avioneta y se la lleva en tr\u00e1iler"}]},{"@type":"WebSite","@id":"https:\/\/fuentesfidedignas.com.mx\/#website","url":"https:\/\/fuentesfidedignas.com.mx\/","name":"Fuentes Fidedignas","description":"Otro sitio realizado con WordPress","publisher":{"@id":"https:\/\/fuentesfidedignas.com.mx\/#organization"},"potentialAction":[{"@type":"SearchAction","target":{"@type":"EntryPoint","urlTemplate":"https:\/\/fuentesfidedignas.com.mx\/?s={search_term_string}"},"query-input":{"@type":"PropertyValueSpecification","valueRequired":true,"valueName":"search_term_string"}}],"inLanguage":"es"},{"@type":"Organization","@id":"https:\/\/fuentesfidedignas.com.mx\/#organization","name":"Fuentes Fidedignas","url":"https:\/\/fuentesfidedignas.com.mx\/","logo":{"@type":"ImageObject","inLanguage":"es","@id":"https:\/\/fuentesfidedignas.com.mx\/#\/schema\/logo\/image\/","url":"https:\/\/fuentesfidedignas.com.mx\/wp-content\/uploads\/2021\/04\/logo-retina.png","contentUrl":"https:\/\/fuentesfidedignas.com.mx\/wp-content\/uploads\/2021\/04\/logo-retina.png","width":280,"height":51,"caption":"Fuentes Fidedignas"},"image":{"@id":"https:\/\/fuentesfidedignas.com.mx\/#\/schema\/logo\/image\/"},"sameAs":["https:\/\/www.facebook.com\/Fuentes-Fidedignas-368234489921644","https:\/\/x.com\/fidedignas"]},{"@type":"Person","@id":"https:\/\/fuentesfidedignas.com.mx\/#\/schema\/person\/47ec0135738f4b0c7495f06a77a2c976","name":"Milenio","image":{"@type":"ImageObject","inLanguage":"es","@id":"https:\/\/secure.gravatar.com\/avatar\/acabf7b54753e51c2c76457954577c236b3b764789b19879565769739d1e4a75?s=96&d=mm&r=g","url":"https:\/\/secure.gravatar.com\/avatar\/acabf7b54753e51c2c76457954577c236b3b764789b19879565769739d1e4a75?s=96&d=mm&r=g","contentUrl":"https:\/\/secure.gravatar.com\/avatar\/acabf7b54753e51c2c76457954577c236b3b764789b19879565769739d1e4a75?s=96&d=mm&r=g","caption":"Milenio"},"url":"https:\/\/fuentesfidedignas.com.mx\/index.php\/author\/milenio\/"}]}},"_links":{"self":[{"href":"https:\/\/fuentesfidedignas.com.mx\/index.php\/wp-json\/wp\/v2\/posts\/41330","targetHints":{"allow":["GET"]}}],"collection":[{"href":"https:\/\/fuentesfidedignas.com.mx\/index.php\/wp-json\/wp\/v2\/posts"}],"about":[{"href":"https:\/\/fuentesfidedignas.com.mx\/index.php\/wp-json\/wp\/v2\/types\/post"}],"author":[{"embeddable":true,"href":"https:\/\/fuentesfidedignas.com.mx\/index.php\/wp-json\/wp\/v2\/users\/9"}],"replies":[{"embeddable":true,"href":"https:\/\/fuentesfidedignas.com.mx\/index.php\/wp-json\/wp\/v2\/comments?post=41330"}],"version-history":[{"count":1,"href":"https:\/\/fuentesfidedignas.com.mx\/index.php\/wp-json\/wp\/v2\/posts\/41330\/revisions"}],"predecessor-version":[{"id":41332,"href":"https:\/\/fuentesfidedignas.com.mx\/index.php\/wp-json\/wp\/v2\/posts\/41330\/revisions\/41332"}],"wp:featuredmedia":[{"embeddable":true,"href":"https:\/\/fuentesfidedignas.com.mx\/index.php\/wp-json\/wp\/v2\/media\/41331"}],"wp:attachment":[{"href":"https:\/\/fuentesfidedignas.com.mx\/index.php\/wp-json\/wp\/v2\/media?parent=41330"}],"wp:term":[{"taxonomy":"category","embeddable":true,"href":"https:\/\/fuentesfidedignas.com.mx\/index.php\/wp-json\/wp\/v2\/categories?post=41330"},{"taxonomy":"post_tag","embeddable":true,"href":"https:\/\/fuentesfidedignas.com.mx\/index.php\/wp-json\/wp\/v2\/tags?post=41330"}],"curies":[{"name":"wp","href":"https:\/\/api.w.org\/{rel}","templated":true}]}}