{"id":41278,"date":"2022-08-30T19:17:35","date_gmt":"2022-08-31T01:17:35","guid":{"rendered":"https:\/\/fuentesfidedignas.com.mx\/?p=41278"},"modified":"2022-08-30T19:17:36","modified_gmt":"2022-08-31T01:17:36","slug":"tribunal-ratifica-que-caro-quintero-no-puede-ser-entregado-a-eua-sin-proceso-de-extradicion","status":"publish","type":"post","link":"https:\/\/fuentesfidedignas.com.mx\/index.php\/2022\/08\/30\/tribunal-ratifica-que-caro-quintero-no-puede-ser-entregado-a-eua-sin-proceso-de-extradicion\/","title":{"rendered":"Tribunal ratifica que Caro Quintero no puede ser entregado a EUA sin proceso de extradici\u00f3n"},"content":{"rendered":"\n<p><strong><em>El segundo Tribunal Colegiado en materia penal del Estado de M\u00e9xico desech\u00f3 la queja que present\u00f3 la Fiscal\u00eda General de la Rep\u00fablica (FGR) contra la suspensi\u00f3n de plano que impide trasladar al capo al extranjero<\/em><\/strong><\/p>\n\n\n\n<p>Ciudad de M\u00e9xico.- El segundo Tribunal Colegiado en materia penal del Estado de M\u00e9xico determin\u00f3 que el fundador del extinto c\u00e1rtel de Guadalajara, Rafael Caro Quintero, no puede ser expulsado del pa\u00eds o entregado de forma inmediata a Estados Unidos, sin un proceso de extradici\u00f3n de por medio.<\/p>\n\n\n\n<p>Por esta raz\u00f3n, dicha instancia desech\u00f3 la queja que present\u00f3 la Fiscal\u00eda General de la Rep\u00fablica (FGR) contra la suspensi\u00f3n de plano que impide trasladar al capo al extranjero, al menos hasta que se resuelva el amparo que promovi\u00f3 contra la extradici\u00f3n.<\/p>\n\n\n\n<p>El pasado 16 de agosto, el Gobierno de M\u00e9xico recibi\u00f3 la solicitud formal de Estados Unidos para extraditar al capo del narcotr\u00e1fico Rafael Caro Quintero, detenido desde hace un mes, seg\u00fan revel\u00f3 el presidente, Andr\u00e9s Manuel L\u00f3pez Obrador (AMLO).<\/p>\n\n\n\n<p>Pero la extradici\u00f3n se ha retrasado porque Caro Quintero ha obtenido amparos para suspender de forma indefinida su traslado a Estados Unidos, donde est\u00e1 acusado del secuestro, tortura y asesinato en 1985 de Enrique \u201cKiki\u201d Camarena, agente especial de la DEA.<\/p>\n","protected":false},"excerpt":{"rendered":"<p>El segundo Tribunal Colegiado en materia penal del Estado de M\u00e9xico desech\u00f3 la queja que present\u00f3 la Fiscal\u00eda General de la Rep\u00fablica (FGR) contra la suspensi\u00f3n de plano que impide trasladar al capo al extranjero Ciudad de M\u00e9xico.- El segundo Tribunal Colegiado en materia penal del Estado de M\u00e9xico determin\u00f3 que el fundador del extinto [&hellip;]<\/p>\n","protected":false},"author":46,"featured_media":38338,"comment_status":"open","ping_status":"open","sticky":false,"template":"","format":"standard","meta":{"tdm_status":"","tdm_grid_status":"","footnotes":""},"categories":[39],"tags":[],"class_list":{"0":"post-41278","1":"post","2":"type-post","3":"status-publish","4":"format-standard","5":"has-post-thumbnail","7":"category-noticias-nacionales"},"yoast_head":"<!-- This site is optimized with the Yoast SEO plugin v27.5 - https:\/\/yoast.com\/product\/yoast-seo-wordpress\/ -->\n<title>Tribunal ratifica que Caro Quintero no puede ser entregado a EUA sin proceso de extradici\u00f3n - Fuentes Fidedignas<\/title>\n<meta name=\"robots\" content=\"index, follow, max-snippet:-1, max-image-preview:large, max-video-preview:-1\" \/>\n<link rel=\"canonical\" href=\"https:\/\/fuentesfidedignas.com.mx\/index.php\/2022\/08\/30\/tribunal-ratifica-que-caro-quintero-no-puede-ser-entregado-a-eua-sin-proceso-de-extradicion\/\" \/>\n<meta property=\"og:locale\" content=\"es_MX\" \/>\n<meta property=\"og:type\" content=\"article\" \/>\n<meta property=\"og:title\" content=\"Tribunal ratifica que Caro Quintero no puede ser entregado a EUA sin proceso de extradici\u00f3n - Fuentes Fidedignas\" \/>\n<meta property=\"og:description\" content=\"El segundo Tribunal Colegiado en materia penal del Estado de M\u00e9xico desech\u00f3 la queja que present\u00f3 la Fiscal\u00eda General de la Rep\u00fablica (FGR) contra la suspensi\u00f3n de plano que impide trasladar al capo al extranjero Ciudad de M\u00e9xico.- El segundo Tribunal Colegiado en materia penal del Estado de M\u00e9xico determin\u00f3 que el fundador del extinto [&hellip;]\" \/>\n<meta property=\"og:url\" content=\"https:\/\/fuentesfidedignas.com.mx\/index.php\/2022\/08\/30\/tribunal-ratifica-que-caro-quintero-no-puede-ser-entregado-a-eua-sin-proceso-de-extradicion\/\" \/>\n<meta property=\"og:site_name\" content=\"Fuentes Fidedignas\" \/>\n<meta property=\"article:publisher\" content=\"https:\/\/www.facebook.com\/Fuentes-Fidedignas-368234489921644\" \/>\n<meta property=\"article:published_time\" content=\"2022-08-31T01:17:35+00:00\" \/>\n<meta property=\"article:modified_time\" content=\"2022-08-31T01:17:36+00:00\" \/>\n<meta property=\"og:image\" content=\"https:\/\/fuentesfidedignas.com.mx\/wp-content\/uploads\/2022\/07\/detencion-caro-quintero-reuters.jpg\" \/>\n\t<meta property=\"og:image:width\" content=\"1280\" \/>\n\t<meta property=\"og:image:height\" content=\"720\" \/>\n\t<meta property=\"og:image:type\" content=\"image\/jpeg\" \/>\n<meta name=\"author\" content=\"Noticieros Televisa\" \/>\n<meta name=\"twitter:card\" content=\"summary_large_image\" \/>\n<meta name=\"twitter:creator\" content=\"@fidedignas\" \/>\n<meta name=\"twitter:site\" content=\"@fidedignas\" \/>\n<meta name=\"twitter:label1\" content=\"Escrito por\" \/>\n\t<meta name=\"twitter:data1\" content=\"Noticieros Televisa\" \/>\n\t<meta name=\"twitter:label2\" content=\"Tiempo de lectura\" \/>\n\t<meta name=\"twitter:data2\" content=\"1 minuto\" \/>\n<script type=\"application\/ld+json\" class=\"yoast-schema-graph\">{\"@context\":\"https:\\\/\\\/schema.org\",\"@graph\":[{\"@type\":\"Article\",\"@id\":\"https:\\\/\\\/fuentesfidedignas.com.mx\\\/index.php\\\/2022\\\/08\\\/30\\\/tribunal-ratifica-que-caro-quintero-no-puede-ser-entregado-a-eua-sin-proceso-de-extradicion\\\/#article\",\"isPartOf\":{\"@id\":\"https:\\\/\\\/fuentesfidedignas.com.mx\\\/index.php\\\/2022\\\/08\\\/30\\\/tribunal-ratifica-que-caro-quintero-no-puede-ser-entregado-a-eua-sin-proceso-de-extradicion\\\/\"},\"author\":{\"name\":\"Noticieros Televisa\",\"@id\":\"https:\\\/\\\/fuentesfidedignas.com.mx\\\/#\\\/schema\\\/person\\\/f030e42657a5a464a8bbd891b1aab6ee\"},\"headline\":\"Tribunal ratifica que Caro Quintero no puede ser entregado a EUA sin proceso de extradici\u00f3n\",\"datePublished\":\"2022-08-31T01:17:35+00:00\",\"dateModified\":\"2022-08-31T01:17:36+00:00\",\"mainEntityOfPage\":{\"@id\":\"https:\\\/\\\/fuentesfidedignas.com.mx\\\/index.php\\\/2022\\\/08\\\/30\\\/tribunal-ratifica-que-caro-quintero-no-puede-ser-entregado-a-eua-sin-proceso-de-extradicion\\\/\"},\"wordCount\":240,\"commentCount\":0,\"publisher\":{\"@id\":\"https:\\\/\\\/fuentesfidedignas.com.mx\\\/#organization\"},\"image\":{\"@id\":\"https:\\\/\\\/fuentesfidedignas.com.mx\\\/index.php\\\/2022\\\/08\\\/30\\\/tribunal-ratifica-que-caro-quintero-no-puede-ser-entregado-a-eua-sin-proceso-de-extradicion\\\/#primaryimage\"},\"thumbnailUrl\":\"https:\\\/\\\/fuentesfidedignas.com.mx\\\/wp-content\\\/uploads\\\/2022\\\/07\\\/detencion-caro-quintero-reuters.jpg\",\"articleSection\":[\"NOTICIAS NACIONALES\"],\"inLanguage\":\"es\",\"potentialAction\":[{\"@type\":\"CommentAction\",\"name\":\"Comment\",\"target\":[\"https:\\\/\\\/fuentesfidedignas.com.mx\\\/index.php\\\/2022\\\/08\\\/30\\\/tribunal-ratifica-que-caro-quintero-no-puede-ser-entregado-a-eua-sin-proceso-de-extradicion\\\/#respond\"]}]},{\"@type\":\"WebPage\",\"@id\":\"https:\\\/\\\/fuentesfidedignas.com.mx\\\/index.php\\\/2022\\\/08\\\/30\\\/tribunal-ratifica-que-caro-quintero-no-puede-ser-entregado-a-eua-sin-proceso-de-extradicion\\\/\",\"url\":\"https:\\\/\\\/fuentesfidedignas.com.mx\\\/index.php\\\/2022\\\/08\\\/30\\\/tribunal-ratifica-que-caro-quintero-no-puede-ser-entregado-a-eua-sin-proceso-de-extradicion\\\/\",\"name\":\"Tribunal ratifica que Caro Quintero no puede ser entregado a EUA sin proceso de extradici\u00f3n - Fuentes Fidedignas\",\"isPartOf\":{\"@id\":\"https:\\\/\\\/fuentesfidedignas.com.mx\\\/#website\"},\"primaryImageOfPage\":{\"@id\":\"https:\\\/\\\/fuentesfidedignas.com.mx\\\/index.php\\\/2022\\\/08\\\/30\\\/tribunal-ratifica-que-caro-quintero-no-puede-ser-entregado-a-eua-sin-proceso-de-extradicion\\\/#primaryimage\"},\"image\":{\"@id\":\"https:\\\/\\\/fuentesfidedignas.com.mx\\\/index.php\\\/2022\\\/08\\\/30\\\/tribunal-ratifica-que-caro-quintero-no-puede-ser-entregado-a-eua-sin-proceso-de-extradicion\\\/#primaryimage\"},\"thumbnailUrl\":\"https:\\\/\\\/fuentesfidedignas.com.mx\\\/wp-content\\\/uploads\\\/2022\\\/07\\\/detencion-caro-quintero-reuters.jpg\",\"datePublished\":\"2022-08-31T01:17:35+00:00\",\"dateModified\":\"2022-08-31T01:17:36+00:00\",\"breadcrumb\":{\"@id\":\"https:\\\/\\\/fuentesfidedignas.com.mx\\\/index.php\\\/2022\\\/08\\\/30\\\/tribunal-ratifica-que-caro-quintero-no-puede-ser-entregado-a-eua-sin-proceso-de-extradicion\\\/#breadcrumb\"},\"inLanguage\":\"es\",\"potentialAction\":[{\"@type\":\"ReadAction\",\"target\":[\"https:\\\/\\\/fuentesfidedignas.com.mx\\\/index.php\\\/2022\\\/08\\\/30\\\/tribunal-ratifica-que-caro-quintero-no-puede-ser-entregado-a-eua-sin-proceso-de-extradicion\\\/\"]}]},{\"@type\":\"ImageObject\",\"inLanguage\":\"es\",\"@id\":\"https:\\\/\\\/fuentesfidedignas.com.mx\\\/index.php\\\/2022\\\/08\\\/30\\\/tribunal-ratifica-que-caro-quintero-no-puede-ser-entregado-a-eua-sin-proceso-de-extradicion\\\/#primaryimage\",\"url\":\"https:\\\/\\\/fuentesfidedignas.com.mx\\\/wp-content\\\/uploads\\\/2022\\\/07\\\/detencion-caro-quintero-reuters.jpg\",\"contentUrl\":\"https:\\\/\\\/fuentesfidedignas.com.mx\\\/wp-content\\\/uploads\\\/2022\\\/07\\\/detencion-caro-quintero-reuters.jpg\",\"width\":1280,\"height\":720},{\"@type\":\"BreadcrumbList\",\"@id\":\"https:\\\/\\\/fuentesfidedignas.com.mx\\\/index.php\\\/2022\\\/08\\\/30\\\/tribunal-ratifica-que-caro-quintero-no-puede-ser-entregado-a-eua-sin-proceso-de-extradicion\\\/#breadcrumb\",\"itemListElement\":[{\"@type\":\"ListItem\",\"position\":1,\"name\":\"Inicio\",\"item\":\"https:\\\/\\\/fuentesfidedignas.com.mx\\\/\"},{\"@type\":\"ListItem\",\"position\":2,\"name\":\"Tribunal ratifica que Caro Quintero no puede ser entregado a EUA sin proceso de extradici\u00f3n\"}]},{\"@type\":\"WebSite\",\"@id\":\"https:\\\/\\\/fuentesfidedignas.com.mx\\\/#website\",\"url\":\"https:\\\/\\\/fuentesfidedignas.com.mx\\\/\",\"name\":\"Fuentes Fidedignas\",\"description\":\"Otro sitio realizado con WordPress\",\"publisher\":{\"@id\":\"https:\\\/\\\/fuentesfidedignas.com.mx\\\/#organization\"},\"potentialAction\":[{\"@type\":\"SearchAction\",\"target\":{\"@type\":\"EntryPoint\",\"urlTemplate\":\"https:\\\/\\\/fuentesfidedignas.com.mx\\\/?s={search_term_string}\"},\"query-input\":{\"@type\":\"PropertyValueSpecification\",\"valueRequired\":true,\"valueName\":\"search_term_string\"}}],\"inLanguage\":\"es\"},{\"@type\":\"Organization\",\"@id\":\"https:\\\/\\\/fuentesfidedignas.com.mx\\\/#organization\",\"name\":\"Fuentes Fidedignas\",\"url\":\"https:\\\/\\\/fuentesfidedignas.com.mx\\\/\",\"logo\":{\"@type\":\"ImageObject\",\"inLanguage\":\"es\",\"@id\":\"https:\\\/\\\/fuentesfidedignas.com.mx\\\/#\\\/schema\\\/logo\\\/image\\\/\",\"url\":\"https:\\\/\\\/fuentesfidedignas.com.mx\\\/wp-content\\\/uploads\\\/2021\\\/04\\\/logo-retina.png\",\"contentUrl\":\"https:\\\/\\\/fuentesfidedignas.com.mx\\\/wp-content\\\/uploads\\\/2021\\\/04\\\/logo-retina.png\",\"width\":280,\"height\":51,\"caption\":\"Fuentes Fidedignas\"},\"image\":{\"@id\":\"https:\\\/\\\/fuentesfidedignas.com.mx\\\/#\\\/schema\\\/logo\\\/image\\\/\"},\"sameAs\":[\"https:\\\/\\\/www.facebook.com\\\/Fuentes-Fidedignas-368234489921644\",\"https:\\\/\\\/x.com\\\/fidedignas\"]},{\"@type\":\"Person\",\"@id\":\"https:\\\/\\\/fuentesfidedignas.com.mx\\\/#\\\/schema\\\/person\\\/f030e42657a5a464a8bbd891b1aab6ee\",\"name\":\"Noticieros Televisa\",\"image\":{\"@type\":\"ImageObject\",\"inLanguage\":\"es\",\"@id\":\"https:\\\/\\\/secure.gravatar.com\\\/avatar\\\/0e47b9e785a628831b8fd9eaf15e090e106760a879abbd4a3306f128ef5d43a9?s=96&d=mm&r=g\",\"url\":\"https:\\\/\\\/secure.gravatar.com\\\/avatar\\\/0e47b9e785a628831b8fd9eaf15e090e106760a879abbd4a3306f128ef5d43a9?s=96&d=mm&r=g\",\"contentUrl\":\"https:\\\/\\\/secure.gravatar.com\\\/avatar\\\/0e47b9e785a628831b8fd9eaf15e090e106760a879abbd4a3306f128ef5d43a9?s=96&d=mm&r=g\",\"caption\":\"Noticieros Televisa\"},\"url\":\"https:\\\/\\\/fuentesfidedignas.com.mx\\\/index.php\\\/author\\\/noticieros-televisa\\\/\"}]}<\/script>\n<!-- \/ Yoast SEO plugin. -->","yoast_head_json":{"title":"Tribunal ratifica que Caro Quintero no puede ser entregado a EUA sin proceso de extradici\u00f3n - Fuentes Fidedignas","robots":{"index":"index","follow":"follow","max-snippet":"max-snippet:-1","max-image-preview":"max-image-preview:large","max-video-preview":"max-video-preview:-1"},"canonical":"https:\/\/fuentesfidedignas.com.mx\/index.php\/2022\/08\/30\/tribunal-ratifica-que-caro-quintero-no-puede-ser-entregado-a-eua-sin-proceso-de-extradicion\/","og_locale":"es_MX","og_type":"article","og_title":"Tribunal ratifica que Caro Quintero no puede ser entregado a EUA sin proceso de extradici\u00f3n - Fuentes Fidedignas","og_description":"El segundo Tribunal Colegiado en materia penal del Estado de M\u00e9xico desech\u00f3 la queja que present\u00f3 la Fiscal\u00eda General de la Rep\u00fablica (FGR) contra la suspensi\u00f3n de plano que impide trasladar al capo al extranjero Ciudad de M\u00e9xico.- El segundo Tribunal Colegiado en materia penal del Estado de M\u00e9xico determin\u00f3 que el fundador del extinto [&hellip;]","og_url":"https:\/\/fuentesfidedignas.com.mx\/index.php\/2022\/08\/30\/tribunal-ratifica-que-caro-quintero-no-puede-ser-entregado-a-eua-sin-proceso-de-extradicion\/","og_site_name":"Fuentes Fidedignas","article_publisher":"https:\/\/www.facebook.com\/Fuentes-Fidedignas-368234489921644","article_published_time":"2022-08-31T01:17:35+00:00","article_modified_time":"2022-08-31T01:17:36+00:00","og_image":[{"width":1280,"height":720,"url":"https:\/\/fuentesfidedignas.com.mx\/wp-content\/uploads\/2022\/07\/detencion-caro-quintero-reuters.jpg","type":"image\/jpeg"}],"author":"Noticieros Televisa","twitter_card":"summary_large_image","twitter_creator":"@fidedignas","twitter_site":"@fidedignas","twitter_misc":{"Escrito por":"Noticieros Televisa","Tiempo de lectura":"1 minuto"},"schema":{"@context":"https:\/\/schema.org","@graph":[{"@type":"Article","@id":"https:\/\/fuentesfidedignas.com.mx\/index.php\/2022\/08\/30\/tribunal-ratifica-que-caro-quintero-no-puede-ser-entregado-a-eua-sin-proceso-de-extradicion\/#article","isPartOf":{"@id":"https:\/\/fuentesfidedignas.com.mx\/index.php\/2022\/08\/30\/tribunal-ratifica-que-caro-quintero-no-puede-ser-entregado-a-eua-sin-proceso-de-extradicion\/"},"author":{"name":"Noticieros Televisa","@id":"https:\/\/fuentesfidedignas.com.mx\/#\/schema\/person\/f030e42657a5a464a8bbd891b1aab6ee"},"headline":"Tribunal ratifica que Caro Quintero no puede ser entregado a EUA sin proceso de extradici\u00f3n","datePublished":"2022-08-31T01:17:35+00:00","dateModified":"2022-08-31T01:17:36+00:00","mainEntityOfPage":{"@id":"https:\/\/fuentesfidedignas.com.mx\/index.php\/2022\/08\/30\/tribunal-ratifica-que-caro-quintero-no-puede-ser-entregado-a-eua-sin-proceso-de-extradicion\/"},"wordCount":240,"commentCount":0,"publisher":{"@id":"https:\/\/fuentesfidedignas.com.mx\/#organization"},"image":{"@id":"https:\/\/fuentesfidedignas.com.mx\/index.php\/2022\/08\/30\/tribunal-ratifica-que-caro-quintero-no-puede-ser-entregado-a-eua-sin-proceso-de-extradicion\/#primaryimage"},"thumbnailUrl":"https:\/\/fuentesfidedignas.com.mx\/wp-content\/uploads\/2022\/07\/detencion-caro-quintero-reuters.jpg","articleSection":["NOTICIAS NACIONALES"],"inLanguage":"es","potentialAction":[{"@type":"CommentAction","name":"Comment","target":["https:\/\/fuentesfidedignas.com.mx\/index.php\/2022\/08\/30\/tribunal-ratifica-que-caro-quintero-no-puede-ser-entregado-a-eua-sin-proceso-de-extradicion\/#respond"]}]},{"@type":"WebPage","@id":"https:\/\/fuentesfidedignas.com.mx\/index.php\/2022\/08\/30\/tribunal-ratifica-que-caro-quintero-no-puede-ser-entregado-a-eua-sin-proceso-de-extradicion\/","url":"https:\/\/fuentesfidedignas.com.mx\/index.php\/2022\/08\/30\/tribunal-ratifica-que-caro-quintero-no-puede-ser-entregado-a-eua-sin-proceso-de-extradicion\/","name":"Tribunal ratifica que Caro Quintero no puede ser entregado a EUA sin proceso de extradici\u00f3n - Fuentes Fidedignas","isPartOf":{"@id":"https:\/\/fuentesfidedignas.com.mx\/#website"},"primaryImageOfPage":{"@id":"https:\/\/fuentesfidedignas.com.mx\/index.php\/2022\/08\/30\/tribunal-ratifica-que-caro-quintero-no-puede-ser-entregado-a-eua-sin-proceso-de-extradicion\/#primaryimage"},"image":{"@id":"https:\/\/fuentesfidedignas.com.mx\/index.php\/2022\/08\/30\/tribunal-ratifica-que-caro-quintero-no-puede-ser-entregado-a-eua-sin-proceso-de-extradicion\/#primaryimage"},"thumbnailUrl":"https:\/\/fuentesfidedignas.com.mx\/wp-content\/uploads\/2022\/07\/detencion-caro-quintero-reuters.jpg","datePublished":"2022-08-31T01:17:35+00:00","dateModified":"2022-08-31T01:17:36+00:00","breadcrumb":{"@id":"https:\/\/fuentesfidedignas.com.mx\/index.php\/2022\/08\/30\/tribunal-ratifica-que-caro-quintero-no-puede-ser-entregado-a-eua-sin-proceso-de-extradicion\/#breadcrumb"},"inLanguage":"es","potentialAction":[{"@type":"ReadAction","target":["https:\/\/fuentesfidedignas.com.mx\/index.php\/2022\/08\/30\/tribunal-ratifica-que-caro-quintero-no-puede-ser-entregado-a-eua-sin-proceso-de-extradicion\/"]}]},{"@type":"ImageObject","inLanguage":"es","@id":"https:\/\/fuentesfidedignas.com.mx\/index.php\/2022\/08\/30\/tribunal-ratifica-que-caro-quintero-no-puede-ser-entregado-a-eua-sin-proceso-de-extradicion\/#primaryimage","url":"https:\/\/fuentesfidedignas.com.mx\/wp-content\/uploads\/2022\/07\/detencion-caro-quintero-reuters.jpg","contentUrl":"https:\/\/fuentesfidedignas.com.mx\/wp-content\/uploads\/2022\/07\/detencion-caro-quintero-reuters.jpg","width":1280,"height":720},{"@type":"BreadcrumbList","@id":"https:\/\/fuentesfidedignas.com.mx\/index.php\/2022\/08\/30\/tribunal-ratifica-que-caro-quintero-no-puede-ser-entregado-a-eua-sin-proceso-de-extradicion\/#breadcrumb","itemListElement":[{"@type":"ListItem","position":1,"name":"Inicio","item":"https:\/\/fuentesfidedignas.com.mx\/"},{"@type":"ListItem","position":2,"name":"Tribunal ratifica que Caro Quintero no puede ser entregado a EUA sin proceso de extradici\u00f3n"}]},{"@type":"WebSite","@id":"https:\/\/fuentesfidedignas.com.mx\/#website","url":"https:\/\/fuentesfidedignas.com.mx\/","name":"Fuentes Fidedignas","description":"Otro sitio realizado con WordPress","publisher":{"@id":"https:\/\/fuentesfidedignas.com.mx\/#organization"},"potentialAction":[{"@type":"SearchAction","target":{"@type":"EntryPoint","urlTemplate":"https:\/\/fuentesfidedignas.com.mx\/?s={search_term_string}"},"query-input":{"@type":"PropertyValueSpecification","valueRequired":true,"valueName":"search_term_string"}}],"inLanguage":"es"},{"@type":"Organization","@id":"https:\/\/fuentesfidedignas.com.mx\/#organization","name":"Fuentes Fidedignas","url":"https:\/\/fuentesfidedignas.com.mx\/","logo":{"@type":"ImageObject","inLanguage":"es","@id":"https:\/\/fuentesfidedignas.com.mx\/#\/schema\/logo\/image\/","url":"https:\/\/fuentesfidedignas.com.mx\/wp-content\/uploads\/2021\/04\/logo-retina.png","contentUrl":"https:\/\/fuentesfidedignas.com.mx\/wp-content\/uploads\/2021\/04\/logo-retina.png","width":280,"height":51,"caption":"Fuentes Fidedignas"},"image":{"@id":"https:\/\/fuentesfidedignas.com.mx\/#\/schema\/logo\/image\/"},"sameAs":["https:\/\/www.facebook.com\/Fuentes-Fidedignas-368234489921644","https:\/\/x.com\/fidedignas"]},{"@type":"Person","@id":"https:\/\/fuentesfidedignas.com.mx\/#\/schema\/person\/f030e42657a5a464a8bbd891b1aab6ee","name":"Noticieros Televisa","image":{"@type":"ImageObject","inLanguage":"es","@id":"https:\/\/secure.gravatar.com\/avatar\/0e47b9e785a628831b8fd9eaf15e090e106760a879abbd4a3306f128ef5d43a9?s=96&d=mm&r=g","url":"https:\/\/secure.gravatar.com\/avatar\/0e47b9e785a628831b8fd9eaf15e090e106760a879abbd4a3306f128ef5d43a9?s=96&d=mm&r=g","contentUrl":"https:\/\/secure.gravatar.com\/avatar\/0e47b9e785a628831b8fd9eaf15e090e106760a879abbd4a3306f128ef5d43a9?s=96&d=mm&r=g","caption":"Noticieros Televisa"},"url":"https:\/\/fuentesfidedignas.com.mx\/index.php\/author\/noticieros-televisa\/"}]}},"_links":{"self":[{"href":"https:\/\/fuentesfidedignas.com.mx\/index.php\/wp-json\/wp\/v2\/posts\/41278","targetHints":{"allow":["GET"]}}],"collection":[{"href":"https:\/\/fuentesfidedignas.com.mx\/index.php\/wp-json\/wp\/v2\/posts"}],"about":[{"href":"https:\/\/fuentesfidedignas.com.mx\/index.php\/wp-json\/wp\/v2\/types\/post"}],"author":[{"embeddable":true,"href":"https:\/\/fuentesfidedignas.com.mx\/index.php\/wp-json\/wp\/v2\/users\/46"}],"replies":[{"embeddable":true,"href":"https:\/\/fuentesfidedignas.com.mx\/index.php\/wp-json\/wp\/v2\/comments?post=41278"}],"version-history":[{"count":1,"href":"https:\/\/fuentesfidedignas.com.mx\/index.php\/wp-json\/wp\/v2\/posts\/41278\/revisions"}],"predecessor-version":[{"id":41279,"href":"https:\/\/fuentesfidedignas.com.mx\/index.php\/wp-json\/wp\/v2\/posts\/41278\/revisions\/41279"}],"wp:featuredmedia":[{"embeddable":true,"href":"https:\/\/fuentesfidedignas.com.mx\/index.php\/wp-json\/wp\/v2\/media\/38338"}],"wp:attachment":[{"href":"https:\/\/fuentesfidedignas.com.mx\/index.php\/wp-json\/wp\/v2\/media?parent=41278"}],"wp:term":[{"taxonomy":"category","embeddable":true,"href":"https:\/\/fuentesfidedignas.com.mx\/index.php\/wp-json\/wp\/v2\/categories?post=41278"},{"taxonomy":"post_tag","embeddable":true,"href":"https:\/\/fuentesfidedignas.com.mx\/index.php\/wp-json\/wp\/v2\/tags?post=41278"}],"curies":[{"name":"wp","href":"https:\/\/api.w.org\/{rel}","templated":true}]}}