{"id":41208,"date":"2022-08-30T12:38:51","date_gmt":"2022-08-30T18:38:51","guid":{"rendered":"https:\/\/fuentesfidedignas.com.mx\/?p=41208"},"modified":"2022-08-30T13:05:32","modified_gmt":"2022-08-30T19:05:32","slug":"no-es-el-cuerpo-de-chulis-el-encontrado-en-interior-de-la-marina-ficalia","status":"publish","type":"post","link":"https:\/\/fuentesfidedignas.com.mx\/index.php\/2022\/08\/30\/no-es-el-cuerpo-de-chulis-el-encontrado-en-interior-de-la-marina-ficalia\/","title":{"rendered":"No es el cuerpo de &#8220;La Chulis&#8221;, el encontrado en interior de la marina: Fiscal\u00eda"},"content":{"rendered":"\n<p><em><strong>Se concluyen las diversas periciales practicadas al cuerpo encontrado sin vida, en el canal de navegaci\u00f3n de la marina en Mazatl\u00e1n<\/strong><\/em><\/p>\n\n\n\n<p>Culiac\u00e1n, Sin.- Luego de practicarle la necropsia de ley y de efectuar diversos ex\u00e1menes periciales, entre ellas las pruebas gen\u00e9ticas, la <strong>Fiscal\u00eda General del Estado <\/strong>informa que la identidad de la persona privada de la vida, localizada en el interior de un cuerpo de agua en un fraccionamiento privado de <strong>Mazatl\u00e1n<\/strong>; no corresponde al de la locutora de radio, C\u00e1ndida Cristal \u201cV\u201d.<\/p>\n\n\n\n<p>Desde el momento del hallazgo y dadas las condiciones del cuerpo, se determin\u00f3 aplicar el protocolo de identificaci\u00f3n, con todos los mecanismos que prevee la criminal\u00edstica para confirmar o no la identidad de quien se presumio, fuera el de la comunicadora, reportada como desaparecida el <strong>21 de julio de 2022<\/strong>.<\/p>\n\n\n\n<p>D\u00e1maso Castro Zaavedra, Vicefiscal General del Estado, indic\u00f3 que, adem\u00e1s de la identificaci\u00f3n f\u00edsica por parte de un familiar directo, todos los cuerpos; sobre todo, los que se encuentran en avanzado estado de descomposici\u00f3n, ocupan de un riguroso examen gen\u00e9tico, entre otras pruebas periciales.<\/p>\n\n\n\n<p>\u201c<em>En relaci\u00f3n a esto ya ra\u00edz de la informaci\u00f3n que surgi\u00f3, que puidiera tratarse de la persona de nombre C\u00e1ndida Cristal; que fue reportada como ausente o desaparecida desde el d\u00eda 22 de julio de este a\u00f1o por sus familiares, se puede informar que: una vez obtenidos los resultados de las pruebas de gen\u00e9ticas practicadas a los familiares de \u00e9sta, se determin\u00f3 por parte de personal pericial, especializado en Gen\u00e9tica Forense, que no corresponde con la informaci\u00f3n del cuerpo sin vida localizado en dicho residencial, en la ciudad de Mazatl\u00e1n<\/em>\u201d, expuso.<\/p>\n\n\n\n<p>Esta Fiscal\u00eda General del Estado, advirti\u00f3 desde el mismo momento del hallazgo, que se emitir\u00eda la informaci\u00f3n de la identificaci\u00f3n plena de la mujer, una vez finalizados dichos ex\u00e1menes; los cuales, en primer lugar, tienen que darse a conocer a la familia.<br>Sobre la identidad real de la mujer localizada el pasado 24 de agosto en el interior de la marina de Mazatl\u00e1n; se continuar\u00e1 buscando en el banco de datos de la FGE, para establecer, a la brevedad, a quien corresponde ya que, adem\u00e1s de los familiares de C\u00e1ndida Cristal \u201cV\u201d, nadie m\u00e1s se ha presentado a identificar o a reclamar el cuerpo de dicha persona.<br>As\u00ed tambi\u00e9n, se mantiene abierta la carpeta de investigaci\u00f3n, tanto de la b\u00fasqueda de C\u00e1ndida Cristal V\u00e1zquez; reportada como desaparecida, y se inicia la carpeta por el feminicidio de la persona localizada en ese cuerpo de agua.<\/p>\n","protected":false},"excerpt":{"rendered":"<p>Se concluyen las diversas periciales practicadas al cuerpo encontrado sin vida, en el canal de navegaci\u00f3n de la marina en Mazatl\u00e1n Culiac\u00e1n, Sin.- Luego de practicarle la necropsia de ley y de efectuar diversos ex\u00e1menes periciales, entre ellas las pruebas gen\u00e9ticas, la Fiscal\u00eda General del Estado informa que la identidad de la persona privada de [&hellip;]<\/p>\n","protected":false},"author":4,"featured_media":41209,"comment_status":"open","ping_status":"open","sticky":false,"template":"","format":"standard","meta":{"tdm_status":"","tdm_grid_status":"","footnotes":""},"categories":[37],"tags":[],"class_list":{"0":"post-41208","1":"post","2":"type-post","3":"status-publish","4":"format-standard","5":"has-post-thumbnail","7":"category-nota-principal"},"yoast_head":"<!-- This site is optimized with the Yoast SEO plugin v27.4 - https:\/\/yoast.com\/product\/yoast-seo-wordpress\/ -->\n<title>No es el cuerpo de &quot;La Chulis&quot;, el encontrado en interior de la marina: Fiscal\u00eda - Fuentes Fidedignas<\/title>\n<meta name=\"robots\" content=\"index, follow, max-snippet:-1, max-image-preview:large, max-video-preview:-1\" \/>\n<link rel=\"canonical\" href=\"https:\/\/fuentesfidedignas.com.mx\/index.php\/2022\/08\/30\/no-es-el-cuerpo-de-chulis-el-encontrado-en-interior-de-la-marina-ficalia\/\" \/>\n<meta property=\"og:locale\" content=\"es_MX\" \/>\n<meta property=\"og:type\" content=\"article\" \/>\n<meta property=\"og:title\" content=\"No es el cuerpo de &quot;La Chulis&quot;, el encontrado en interior de la marina: Fiscal\u00eda - Fuentes Fidedignas\" \/>\n<meta property=\"og:description\" content=\"Se concluyen las diversas periciales practicadas al cuerpo encontrado sin vida, en el canal de navegaci\u00f3n de la marina en Mazatl\u00e1n Culiac\u00e1n, Sin.- Luego de practicarle la necropsia de ley y de efectuar diversos ex\u00e1menes periciales, entre ellas las pruebas gen\u00e9ticas, la Fiscal\u00eda General del Estado informa que la identidad de la persona privada de [&hellip;]\" \/>\n<meta property=\"og:url\" content=\"https:\/\/fuentesfidedignas.com.mx\/index.php\/2022\/08\/30\/no-es-el-cuerpo-de-chulis-el-encontrado-en-interior-de-la-marina-ficalia\/\" \/>\n<meta property=\"og:site_name\" content=\"Fuentes Fidedignas\" \/>\n<meta property=\"article:publisher\" content=\"https:\/\/www.facebook.com\/Fuentes-Fidedignas-368234489921644\" \/>\n<meta property=\"article:published_time\" content=\"2022-08-30T18:38:51+00:00\" \/>\n<meta property=\"article:modified_time\" content=\"2022-08-30T19:05:32+00:00\" \/>\n<meta property=\"og:image\" content=\"https:\/\/fuentesfidedignas.com.mx\/wp-content\/uploads\/2022\/08\/chulis.jpg\" \/>\n\t<meta property=\"og:image:width\" content=\"1920\" \/>\n\t<meta property=\"og:image:height\" content=\"1080\" \/>\n\t<meta property=\"og:image:type\" content=\"image\/jpeg\" \/>\n<meta name=\"author\" content=\"Redacci\u00f3n\" \/>\n<meta name=\"twitter:card\" content=\"summary_large_image\" \/>\n<meta name=\"twitter:creator\" content=\"@fidedignas\" \/>\n<meta name=\"twitter:site\" content=\"@fidedignas\" \/>\n<meta name=\"twitter:label1\" content=\"Escrito por\" \/>\n\t<meta name=\"twitter:data1\" content=\"Redacci\u00f3n\" \/>\n\t<meta name=\"twitter:label2\" content=\"Tiempo de lectura\" \/>\n\t<meta name=\"twitter:data2\" content=\"2 minutos\" \/>\n<script type=\"application\/ld+json\" class=\"yoast-schema-graph\">{\"@context\":\"https:\\\/\\\/schema.org\",\"@graph\":[{\"@type\":\"Article\",\"@id\":\"https:\\\/\\\/fuentesfidedignas.com.mx\\\/index.php\\\/2022\\\/08\\\/30\\\/no-es-el-cuerpo-de-chulis-el-encontrado-en-interior-de-la-marina-ficalia\\\/#article\",\"isPartOf\":{\"@id\":\"https:\\\/\\\/fuentesfidedignas.com.mx\\\/index.php\\\/2022\\\/08\\\/30\\\/no-es-el-cuerpo-de-chulis-el-encontrado-en-interior-de-la-marina-ficalia\\\/\"},\"author\":{\"name\":\"Redacci\u00f3n\",\"@id\":\"https:\\\/\\\/fuentesfidedignas.com.mx\\\/#\\\/schema\\\/person\\\/331be9283d37198e2acd5750279085b0\"},\"headline\":\"No es el cuerpo de &#8220;La Chulis&#8221;, el encontrado en interior de la marina: Fiscal\u00eda\",\"datePublished\":\"2022-08-30T18:38:51+00:00\",\"dateModified\":\"2022-08-30T19:05:32+00:00\",\"mainEntityOfPage\":{\"@id\":\"https:\\\/\\\/fuentesfidedignas.com.mx\\\/index.php\\\/2022\\\/08\\\/30\\\/no-es-el-cuerpo-de-chulis-el-encontrado-en-interior-de-la-marina-ficalia\\\/\"},\"wordCount\":465,\"commentCount\":0,\"publisher\":{\"@id\":\"https:\\\/\\\/fuentesfidedignas.com.mx\\\/#organization\"},\"image\":{\"@id\":\"https:\\\/\\\/fuentesfidedignas.com.mx\\\/index.php\\\/2022\\\/08\\\/30\\\/no-es-el-cuerpo-de-chulis-el-encontrado-en-interior-de-la-marina-ficalia\\\/#primaryimage\"},\"thumbnailUrl\":\"https:\\\/\\\/fuentesfidedignas.com.mx\\\/wp-content\\\/uploads\\\/2022\\\/08\\\/chulis.jpg\",\"articleSection\":[\"NOTA PRINCIPAL\"],\"inLanguage\":\"es\",\"potentialAction\":[{\"@type\":\"CommentAction\",\"name\":\"Comment\",\"target\":[\"https:\\\/\\\/fuentesfidedignas.com.mx\\\/index.php\\\/2022\\\/08\\\/30\\\/no-es-el-cuerpo-de-chulis-el-encontrado-en-interior-de-la-marina-ficalia\\\/#respond\"]}]},{\"@type\":\"WebPage\",\"@id\":\"https:\\\/\\\/fuentesfidedignas.com.mx\\\/index.php\\\/2022\\\/08\\\/30\\\/no-es-el-cuerpo-de-chulis-el-encontrado-en-interior-de-la-marina-ficalia\\\/\",\"url\":\"https:\\\/\\\/fuentesfidedignas.com.mx\\\/index.php\\\/2022\\\/08\\\/30\\\/no-es-el-cuerpo-de-chulis-el-encontrado-en-interior-de-la-marina-ficalia\\\/\",\"name\":\"No es el cuerpo de \\\"La Chulis\\\", el encontrado en interior de la marina: Fiscal\u00eda - Fuentes Fidedignas\",\"isPartOf\":{\"@id\":\"https:\\\/\\\/fuentesfidedignas.com.mx\\\/#website\"},\"primaryImageOfPage\":{\"@id\":\"https:\\\/\\\/fuentesfidedignas.com.mx\\\/index.php\\\/2022\\\/08\\\/30\\\/no-es-el-cuerpo-de-chulis-el-encontrado-en-interior-de-la-marina-ficalia\\\/#primaryimage\"},\"image\":{\"@id\":\"https:\\\/\\\/fuentesfidedignas.com.mx\\\/index.php\\\/2022\\\/08\\\/30\\\/no-es-el-cuerpo-de-chulis-el-encontrado-en-interior-de-la-marina-ficalia\\\/#primaryimage\"},\"thumbnailUrl\":\"https:\\\/\\\/fuentesfidedignas.com.mx\\\/wp-content\\\/uploads\\\/2022\\\/08\\\/chulis.jpg\",\"datePublished\":\"2022-08-30T18:38:51+00:00\",\"dateModified\":\"2022-08-30T19:05:32+00:00\",\"breadcrumb\":{\"@id\":\"https:\\\/\\\/fuentesfidedignas.com.mx\\\/index.php\\\/2022\\\/08\\\/30\\\/no-es-el-cuerpo-de-chulis-el-encontrado-en-interior-de-la-marina-ficalia\\\/#breadcrumb\"},\"inLanguage\":\"es\",\"potentialAction\":[{\"@type\":\"ReadAction\",\"target\":[\"https:\\\/\\\/fuentesfidedignas.com.mx\\\/index.php\\\/2022\\\/08\\\/30\\\/no-es-el-cuerpo-de-chulis-el-encontrado-en-interior-de-la-marina-ficalia\\\/\"]}]},{\"@type\":\"ImageObject\",\"inLanguage\":\"es\",\"@id\":\"https:\\\/\\\/fuentesfidedignas.com.mx\\\/index.php\\\/2022\\\/08\\\/30\\\/no-es-el-cuerpo-de-chulis-el-encontrado-en-interior-de-la-marina-ficalia\\\/#primaryimage\",\"url\":\"https:\\\/\\\/fuentesfidedignas.com.mx\\\/wp-content\\\/uploads\\\/2022\\\/08\\\/chulis.jpg\",\"contentUrl\":\"https:\\\/\\\/fuentesfidedignas.com.mx\\\/wp-content\\\/uploads\\\/2022\\\/08\\\/chulis.jpg\",\"width\":1920,\"height\":1080},{\"@type\":\"BreadcrumbList\",\"@id\":\"https:\\\/\\\/fuentesfidedignas.com.mx\\\/index.php\\\/2022\\\/08\\\/30\\\/no-es-el-cuerpo-de-chulis-el-encontrado-en-interior-de-la-marina-ficalia\\\/#breadcrumb\",\"itemListElement\":[{\"@type\":\"ListItem\",\"position\":1,\"name\":\"Inicio\",\"item\":\"https:\\\/\\\/fuentesfidedignas.com.mx\\\/\"},{\"@type\":\"ListItem\",\"position\":2,\"name\":\"No es el cuerpo de &#8220;La Chulis&#8221;, el encontrado en interior de la marina: Fiscal\u00eda\"}]},{\"@type\":\"WebSite\",\"@id\":\"https:\\\/\\\/fuentesfidedignas.com.mx\\\/#website\",\"url\":\"https:\\\/\\\/fuentesfidedignas.com.mx\\\/\",\"name\":\"Fuentes Fidedignas\",\"description\":\"Otro sitio realizado con WordPress\",\"publisher\":{\"@id\":\"https:\\\/\\\/fuentesfidedignas.com.mx\\\/#organization\"},\"potentialAction\":[{\"@type\":\"SearchAction\",\"target\":{\"@type\":\"EntryPoint\",\"urlTemplate\":\"https:\\\/\\\/fuentesfidedignas.com.mx\\\/?s={search_term_string}\"},\"query-input\":{\"@type\":\"PropertyValueSpecification\",\"valueRequired\":true,\"valueName\":\"search_term_string\"}}],\"inLanguage\":\"es\"},{\"@type\":\"Organization\",\"@id\":\"https:\\\/\\\/fuentesfidedignas.com.mx\\\/#organization\",\"name\":\"Fuentes Fidedignas\",\"url\":\"https:\\\/\\\/fuentesfidedignas.com.mx\\\/\",\"logo\":{\"@type\":\"ImageObject\",\"inLanguage\":\"es\",\"@id\":\"https:\\\/\\\/fuentesfidedignas.com.mx\\\/#\\\/schema\\\/logo\\\/image\\\/\",\"url\":\"https:\\\/\\\/fuentesfidedignas.com.mx\\\/wp-content\\\/uploads\\\/2021\\\/04\\\/logo-retina.png\",\"contentUrl\":\"https:\\\/\\\/fuentesfidedignas.com.mx\\\/wp-content\\\/uploads\\\/2021\\\/04\\\/logo-retina.png\",\"width\":280,\"height\":51,\"caption\":\"Fuentes Fidedignas\"},\"image\":{\"@id\":\"https:\\\/\\\/fuentesfidedignas.com.mx\\\/#\\\/schema\\\/logo\\\/image\\\/\"},\"sameAs\":[\"https:\\\/\\\/www.facebook.com\\\/Fuentes-Fidedignas-368234489921644\",\"https:\\\/\\\/x.com\\\/fidedignas\"]},{\"@type\":\"Person\",\"@id\":\"https:\\\/\\\/fuentesfidedignas.com.mx\\\/#\\\/schema\\\/person\\\/331be9283d37198e2acd5750279085b0\",\"name\":\"Redacci\u00f3n\",\"image\":{\"@type\":\"ImageObject\",\"inLanguage\":\"es\",\"@id\":\"https:\\\/\\\/secure.gravatar.com\\\/avatar\\\/f6d8782c11d12b2d4ad3fbb6931aeab5309937a4d6cd2fc9cfaa28a6396a5aec?s=96&d=mm&r=g\",\"url\":\"https:\\\/\\\/secure.gravatar.com\\\/avatar\\\/f6d8782c11d12b2d4ad3fbb6931aeab5309937a4d6cd2fc9cfaa28a6396a5aec?s=96&d=mm&r=g\",\"contentUrl\":\"https:\\\/\\\/secure.gravatar.com\\\/avatar\\\/f6d8782c11d12b2d4ad3fbb6931aeab5309937a4d6cd2fc9cfaa28a6396a5aec?s=96&d=mm&r=g\",\"caption\":\"Redacci\u00f3n\"},\"url\":\"https:\\\/\\\/fuentesfidedignas.com.mx\\\/index.php\\\/author\\\/redaccion\\\/\"}]}<\/script>\n<!-- \/ Yoast SEO plugin. -->","yoast_head_json":{"title":"No es el cuerpo de \"La Chulis\", el encontrado en interior de la marina: Fiscal\u00eda - Fuentes Fidedignas","robots":{"index":"index","follow":"follow","max-snippet":"max-snippet:-1","max-image-preview":"max-image-preview:large","max-video-preview":"max-video-preview:-1"},"canonical":"https:\/\/fuentesfidedignas.com.mx\/index.php\/2022\/08\/30\/no-es-el-cuerpo-de-chulis-el-encontrado-en-interior-de-la-marina-ficalia\/","og_locale":"es_MX","og_type":"article","og_title":"No es el cuerpo de \"La Chulis\", el encontrado en interior de la marina: Fiscal\u00eda - Fuentes Fidedignas","og_description":"Se concluyen las diversas periciales practicadas al cuerpo encontrado sin vida, en el canal de navegaci\u00f3n de la marina en Mazatl\u00e1n Culiac\u00e1n, Sin.- Luego de practicarle la necropsia de ley y de efectuar diversos ex\u00e1menes periciales, entre ellas las pruebas gen\u00e9ticas, la Fiscal\u00eda General del Estado informa que la identidad de la persona privada de [&hellip;]","og_url":"https:\/\/fuentesfidedignas.com.mx\/index.php\/2022\/08\/30\/no-es-el-cuerpo-de-chulis-el-encontrado-en-interior-de-la-marina-ficalia\/","og_site_name":"Fuentes Fidedignas","article_publisher":"https:\/\/www.facebook.com\/Fuentes-Fidedignas-368234489921644","article_published_time":"2022-08-30T18:38:51+00:00","article_modified_time":"2022-08-30T19:05:32+00:00","og_image":[{"width":1920,"height":1080,"url":"https:\/\/fuentesfidedignas.com.mx\/wp-content\/uploads\/2022\/08\/chulis.jpg","type":"image\/jpeg"}],"author":"Redacci\u00f3n","twitter_card":"summary_large_image","twitter_creator":"@fidedignas","twitter_site":"@fidedignas","twitter_misc":{"Escrito por":"Redacci\u00f3n","Tiempo de lectura":"2 minutos"},"schema":{"@context":"https:\/\/schema.org","@graph":[{"@type":"Article","@id":"https:\/\/fuentesfidedignas.com.mx\/index.php\/2022\/08\/30\/no-es-el-cuerpo-de-chulis-el-encontrado-en-interior-de-la-marina-ficalia\/#article","isPartOf":{"@id":"https:\/\/fuentesfidedignas.com.mx\/index.php\/2022\/08\/30\/no-es-el-cuerpo-de-chulis-el-encontrado-en-interior-de-la-marina-ficalia\/"},"author":{"name":"Redacci\u00f3n","@id":"https:\/\/fuentesfidedignas.com.mx\/#\/schema\/person\/331be9283d37198e2acd5750279085b0"},"headline":"No es el cuerpo de &#8220;La Chulis&#8221;, el encontrado en interior de la marina: Fiscal\u00eda","datePublished":"2022-08-30T18:38:51+00:00","dateModified":"2022-08-30T19:05:32+00:00","mainEntityOfPage":{"@id":"https:\/\/fuentesfidedignas.com.mx\/index.php\/2022\/08\/30\/no-es-el-cuerpo-de-chulis-el-encontrado-en-interior-de-la-marina-ficalia\/"},"wordCount":465,"commentCount":0,"publisher":{"@id":"https:\/\/fuentesfidedignas.com.mx\/#organization"},"image":{"@id":"https:\/\/fuentesfidedignas.com.mx\/index.php\/2022\/08\/30\/no-es-el-cuerpo-de-chulis-el-encontrado-en-interior-de-la-marina-ficalia\/#primaryimage"},"thumbnailUrl":"https:\/\/fuentesfidedignas.com.mx\/wp-content\/uploads\/2022\/08\/chulis.jpg","articleSection":["NOTA PRINCIPAL"],"inLanguage":"es","potentialAction":[{"@type":"CommentAction","name":"Comment","target":["https:\/\/fuentesfidedignas.com.mx\/index.php\/2022\/08\/30\/no-es-el-cuerpo-de-chulis-el-encontrado-en-interior-de-la-marina-ficalia\/#respond"]}]},{"@type":"WebPage","@id":"https:\/\/fuentesfidedignas.com.mx\/index.php\/2022\/08\/30\/no-es-el-cuerpo-de-chulis-el-encontrado-en-interior-de-la-marina-ficalia\/","url":"https:\/\/fuentesfidedignas.com.mx\/index.php\/2022\/08\/30\/no-es-el-cuerpo-de-chulis-el-encontrado-en-interior-de-la-marina-ficalia\/","name":"No es el cuerpo de \"La Chulis\", el encontrado en interior de la marina: Fiscal\u00eda - Fuentes Fidedignas","isPartOf":{"@id":"https:\/\/fuentesfidedignas.com.mx\/#website"},"primaryImageOfPage":{"@id":"https:\/\/fuentesfidedignas.com.mx\/index.php\/2022\/08\/30\/no-es-el-cuerpo-de-chulis-el-encontrado-en-interior-de-la-marina-ficalia\/#primaryimage"},"image":{"@id":"https:\/\/fuentesfidedignas.com.mx\/index.php\/2022\/08\/30\/no-es-el-cuerpo-de-chulis-el-encontrado-en-interior-de-la-marina-ficalia\/#primaryimage"},"thumbnailUrl":"https:\/\/fuentesfidedignas.com.mx\/wp-content\/uploads\/2022\/08\/chulis.jpg","datePublished":"2022-08-30T18:38:51+00:00","dateModified":"2022-08-30T19:05:32+00:00","breadcrumb":{"@id":"https:\/\/fuentesfidedignas.com.mx\/index.php\/2022\/08\/30\/no-es-el-cuerpo-de-chulis-el-encontrado-en-interior-de-la-marina-ficalia\/#breadcrumb"},"inLanguage":"es","potentialAction":[{"@type":"ReadAction","target":["https:\/\/fuentesfidedignas.com.mx\/index.php\/2022\/08\/30\/no-es-el-cuerpo-de-chulis-el-encontrado-en-interior-de-la-marina-ficalia\/"]}]},{"@type":"ImageObject","inLanguage":"es","@id":"https:\/\/fuentesfidedignas.com.mx\/index.php\/2022\/08\/30\/no-es-el-cuerpo-de-chulis-el-encontrado-en-interior-de-la-marina-ficalia\/#primaryimage","url":"https:\/\/fuentesfidedignas.com.mx\/wp-content\/uploads\/2022\/08\/chulis.jpg","contentUrl":"https:\/\/fuentesfidedignas.com.mx\/wp-content\/uploads\/2022\/08\/chulis.jpg","width":1920,"height":1080},{"@type":"BreadcrumbList","@id":"https:\/\/fuentesfidedignas.com.mx\/index.php\/2022\/08\/30\/no-es-el-cuerpo-de-chulis-el-encontrado-en-interior-de-la-marina-ficalia\/#breadcrumb","itemListElement":[{"@type":"ListItem","position":1,"name":"Inicio","item":"https:\/\/fuentesfidedignas.com.mx\/"},{"@type":"ListItem","position":2,"name":"No es el cuerpo de &#8220;La Chulis&#8221;, el encontrado en interior de la marina: Fiscal\u00eda"}]},{"@type":"WebSite","@id":"https:\/\/fuentesfidedignas.com.mx\/#website","url":"https:\/\/fuentesfidedignas.com.mx\/","name":"Fuentes Fidedignas","description":"Otro sitio realizado con WordPress","publisher":{"@id":"https:\/\/fuentesfidedignas.com.mx\/#organization"},"potentialAction":[{"@type":"SearchAction","target":{"@type":"EntryPoint","urlTemplate":"https:\/\/fuentesfidedignas.com.mx\/?s={search_term_string}"},"query-input":{"@type":"PropertyValueSpecification","valueRequired":true,"valueName":"search_term_string"}}],"inLanguage":"es"},{"@type":"Organization","@id":"https:\/\/fuentesfidedignas.com.mx\/#organization","name":"Fuentes Fidedignas","url":"https:\/\/fuentesfidedignas.com.mx\/","logo":{"@type":"ImageObject","inLanguage":"es","@id":"https:\/\/fuentesfidedignas.com.mx\/#\/schema\/logo\/image\/","url":"https:\/\/fuentesfidedignas.com.mx\/wp-content\/uploads\/2021\/04\/logo-retina.png","contentUrl":"https:\/\/fuentesfidedignas.com.mx\/wp-content\/uploads\/2021\/04\/logo-retina.png","width":280,"height":51,"caption":"Fuentes Fidedignas"},"image":{"@id":"https:\/\/fuentesfidedignas.com.mx\/#\/schema\/logo\/image\/"},"sameAs":["https:\/\/www.facebook.com\/Fuentes-Fidedignas-368234489921644","https:\/\/x.com\/fidedignas"]},{"@type":"Person","@id":"https:\/\/fuentesfidedignas.com.mx\/#\/schema\/person\/331be9283d37198e2acd5750279085b0","name":"Redacci\u00f3n","image":{"@type":"ImageObject","inLanguage":"es","@id":"https:\/\/secure.gravatar.com\/avatar\/f6d8782c11d12b2d4ad3fbb6931aeab5309937a4d6cd2fc9cfaa28a6396a5aec?s=96&d=mm&r=g","url":"https:\/\/secure.gravatar.com\/avatar\/f6d8782c11d12b2d4ad3fbb6931aeab5309937a4d6cd2fc9cfaa28a6396a5aec?s=96&d=mm&r=g","contentUrl":"https:\/\/secure.gravatar.com\/avatar\/f6d8782c11d12b2d4ad3fbb6931aeab5309937a4d6cd2fc9cfaa28a6396a5aec?s=96&d=mm&r=g","caption":"Redacci\u00f3n"},"url":"https:\/\/fuentesfidedignas.com.mx\/index.php\/author\/redaccion\/"}]}},"_links":{"self":[{"href":"https:\/\/fuentesfidedignas.com.mx\/index.php\/wp-json\/wp\/v2\/posts\/41208","targetHints":{"allow":["GET"]}}],"collection":[{"href":"https:\/\/fuentesfidedignas.com.mx\/index.php\/wp-json\/wp\/v2\/posts"}],"about":[{"href":"https:\/\/fuentesfidedignas.com.mx\/index.php\/wp-json\/wp\/v2\/types\/post"}],"author":[{"embeddable":true,"href":"https:\/\/fuentesfidedignas.com.mx\/index.php\/wp-json\/wp\/v2\/users\/4"}],"replies":[{"embeddable":true,"href":"https:\/\/fuentesfidedignas.com.mx\/index.php\/wp-json\/wp\/v2\/comments?post=41208"}],"version-history":[{"count":2,"href":"https:\/\/fuentesfidedignas.com.mx\/index.php\/wp-json\/wp\/v2\/posts\/41208\/revisions"}],"predecessor-version":[{"id":41211,"href":"https:\/\/fuentesfidedignas.com.mx\/index.php\/wp-json\/wp\/v2\/posts\/41208\/revisions\/41211"}],"wp:featuredmedia":[{"embeddable":true,"href":"https:\/\/fuentesfidedignas.com.mx\/index.php\/wp-json\/wp\/v2\/media\/41209"}],"wp:attachment":[{"href":"https:\/\/fuentesfidedignas.com.mx\/index.php\/wp-json\/wp\/v2\/media?parent=41208"}],"wp:term":[{"taxonomy":"category","embeddable":true,"href":"https:\/\/fuentesfidedignas.com.mx\/index.php\/wp-json\/wp\/v2\/categories?post=41208"},{"taxonomy":"post_tag","embeddable":true,"href":"https:\/\/fuentesfidedignas.com.mx\/index.php\/wp-json\/wp\/v2\/tags?post=41208"}],"curies":[{"name":"wp","href":"https:\/\/api.w.org\/{rel}","templated":true}]}}