{"id":41174,"date":"2022-08-30T07:28:41","date_gmt":"2022-08-30T13:28:41","guid":{"rendered":"https:\/\/fuentesfidedignas.com.mx\/?p=41174"},"modified":"2022-08-30T07:29:09","modified_gmt":"2022-08-30T13:29:09","slug":"arre-caballo-se-roba-a-quinceanera-y-el-momento-se-hace-viral","status":"publish","type":"post","link":"https:\/\/fuentesfidedignas.com.mx\/index.php\/2022\/08\/30\/arre-caballo-se-roba-a-quinceanera-y-el-momento-se-hace-viral\/","title":{"rendered":"\u00a1Arre! Caballo &#8216;se roba&#8217; a quincea\u00f1era y el momento se hace viral"},"content":{"rendered":"\n<p><strong><em>Miles de internautas se preguntan qu\u00e9 pas\u00f3 despu\u00e9s de que el caballo se dio a la fuga con la festejada<\/em><\/strong> <\/p>\n\n\n\n<p>A una quincea\u00f1era de alguna regi\u00f3n de M\u00e9xico no le sali\u00f3 tan bien el glamuroso arribo a su fiesta de XV a\u00f1os, pues el caballo que eligi\u00f3 como transporte se dio a la fuga con ella aun arriba, y aunque seguro le hizo pasar un gran susto, el momento se ha hecho viral y miles de internautas le agradecen la alegr\u00eda que le ha tra\u00eddo a sus vidas.<\/p>\n\n\n\n<p>El video publicado en TikTok por el usuario @alexisgomez424 fue musicalizado con el tema Un velero llamado Libertad, de Jos\u00e9 Luis Perales y de inmediato se hizo viral.<\/p>\n\n\n\n<p>En el breve clip se observa llegar a la quincea\u00f1era, de vestido azul, montada en un corcel blanco y todo va bien hasta, ah\u00ed pues tras dar una peque\u00f1a vuelta el caballo sale desbocado con todo y la festejada.<\/p>\n\n\n\n<p>El vestido ondea en el viento, como en pel\u00edcula mexicana, mientras los invitados corren tras ella.<\/p>\n\n\n\n<p>Los internautas, que no perdonan nada, han puesto \u00e9nfasis en uno de los invitados, que bien podr\u00eda ser el chambel\u00e1n pues viste traje negro,<strong>\u00a0pues corren tras la quincea\u00f1era, ondeando un lazo\u00a0<\/strong>como si estuviera listo para lazar al caballo, que va varios metros adelante.<\/p>\n\n\n\n<p>El tiktok que ya supera los dos millones de corazones, se ha llenado de angustia ante la pregunta de:\u00a0<strong>\u00bfQu\u00e9 pas\u00f3 despu\u00e9s?\u00a0<\/strong>\u00a0Algunos usuarios aseguran que la vieron pasar por Durango y otros se lamentan porque tal vez no hubo vals.<\/p>\n\n\n\n<figure class=\"wp-block-embed is-type-video is-provider-tiktok wp-block-embed-tiktok\"><div class=\"wp-block-embed__wrapper\">\n<blockquote class=\"tiktok-embed\" cite=\"https:\/\/www.tiktok.com\/@alexisgomez424\/video\/7136961038703971590\" data-video-id=\"7136961038703971590\" data-embed-from=\"oembed\" style=\"max-width: 605px;min-width: 325px;\" > <section> <a target=\"_blank\" title=\"@alexisgomez424\" href=\"https:\/\/www.tiktok.com\/@alexisgomez424?refer=embed\">@alexisgomez424<\/a> <p>@alexisgomez424. para kienes lo pidieron cn audio original aki esta<\/p> <a target=\"_blank\" title=\"\u266c sonido original - alexisgomez424.\" href=\"https:\/\/www.tiktok.com\/music\/sonido-original-7136961043112577798?refer=embed\">\u266c sonido original &#8211; alexisgomez424.<\/a> <\/section> <\/blockquote> <script async src=\"https:\/\/www.tiktok.com\/embed.js\"><\/script>\n<\/div><\/figure>\n","protected":false},"excerpt":{"rendered":"<p>Miles de internautas se preguntan qu\u00e9 pas\u00f3 despu\u00e9s de que el caballo se dio a la fuga con la festejada A una quincea\u00f1era de alguna regi\u00f3n de M\u00e9xico no le sali\u00f3 tan bien el glamuroso arribo a su fiesta de XV a\u00f1os, pues el caballo que eligi\u00f3 como transporte se dio a la fuga con [&hellip;]<\/p>\n","protected":false},"author":7,"featured_media":41176,"comment_status":"open","ping_status":"open","sticky":false,"template":"","format":"standard","meta":{"tdm_status":"","tdm_grid_status":"","footnotes":""},"categories":[40],"tags":[],"class_list":{"0":"post-41174","1":"post","2":"type-post","3":"status-publish","4":"format-standard","5":"has-post-thumbnail","7":"category-las-asombrosas"},"yoast_head":"<!-- This site is optimized with the Yoast SEO plugin v27.4 - https:\/\/yoast.com\/product\/yoast-seo-wordpress\/ -->\n<title>\u00a1Arre! Caballo &#039;se roba&#039; a quincea\u00f1era y el momento se hace viral - Fuentes Fidedignas<\/title>\n<meta name=\"robots\" content=\"index, follow, max-snippet:-1, max-image-preview:large, max-video-preview:-1\" \/>\n<link rel=\"canonical\" href=\"https:\/\/fuentesfidedignas.com.mx\/index.php\/2022\/08\/30\/arre-caballo-se-roba-a-quinceanera-y-el-momento-se-hace-viral\/\" \/>\n<meta property=\"og:locale\" content=\"es_MX\" \/>\n<meta property=\"og:type\" content=\"article\" \/>\n<meta property=\"og:title\" content=\"\u00a1Arre! Caballo &#039;se roba&#039; a quincea\u00f1era y el momento se hace viral - Fuentes Fidedignas\" \/>\n<meta property=\"og:description\" content=\"Miles de internautas se preguntan qu\u00e9 pas\u00f3 despu\u00e9s de que el caballo se dio a la fuga con la festejada A una quincea\u00f1era de alguna regi\u00f3n de M\u00e9xico no le sali\u00f3 tan bien el glamuroso arribo a su fiesta de XV a\u00f1os, pues el caballo que eligi\u00f3 como transporte se dio a la fuga con [&hellip;]\" \/>\n<meta property=\"og:url\" content=\"https:\/\/fuentesfidedignas.com.mx\/index.php\/2022\/08\/30\/arre-caballo-se-roba-a-quinceanera-y-el-momento-se-hace-viral\/\" \/>\n<meta property=\"og:site_name\" content=\"Fuentes Fidedignas\" \/>\n<meta property=\"article:publisher\" content=\"https:\/\/www.facebook.com\/Fuentes-Fidedignas-368234489921644\" \/>\n<meta property=\"article:published_time\" content=\"2022-08-30T13:28:41+00:00\" \/>\n<meta property=\"article:modified_time\" content=\"2022-08-30T13:29:09+00:00\" \/>\n<meta property=\"og:image\" content=\"https:\/\/fuentesfidedignas.com.mx\/wp-content\/uploads\/2022\/08\/2813408.jpg\" \/>\n\t<meta property=\"og:image:width\" content=\"800\" \/>\n\t<meta property=\"og:image:height\" content=\"600\" \/>\n\t<meta property=\"og:image:type\" content=\"image\/jpeg\" \/>\n<meta name=\"author\" content=\"Exc\u00e9lsior\" \/>\n<meta name=\"twitter:card\" content=\"summary_large_image\" \/>\n<meta name=\"twitter:creator\" content=\"@fidedignas\" \/>\n<meta name=\"twitter:site\" content=\"@fidedignas\" \/>\n<meta name=\"twitter:label1\" content=\"Escrito por\" \/>\n\t<meta name=\"twitter:data1\" content=\"Exc\u00e9lsior\" \/>\n\t<meta name=\"twitter:label2\" content=\"Tiempo de lectura\" \/>\n\t<meta name=\"twitter:data2\" content=\"2 minutos\" \/>\n<script type=\"application\/ld+json\" class=\"yoast-schema-graph\">{\"@context\":\"https:\\\/\\\/schema.org\",\"@graph\":[{\"@type\":\"Article\",\"@id\":\"https:\\\/\\\/fuentesfidedignas.com.mx\\\/index.php\\\/2022\\\/08\\\/30\\\/arre-caballo-se-roba-a-quinceanera-y-el-momento-se-hace-viral\\\/#article\",\"isPartOf\":{\"@id\":\"https:\\\/\\\/fuentesfidedignas.com.mx\\\/index.php\\\/2022\\\/08\\\/30\\\/arre-caballo-se-roba-a-quinceanera-y-el-momento-se-hace-viral\\\/\"},\"author\":{\"name\":\"Exc\u00e9lsior\",\"@id\":\"https:\\\/\\\/fuentesfidedignas.com.mx\\\/#\\\/schema\\\/person\\\/ec4edd1fbf5efa3e44fce34fe2787780\"},\"headline\":\"\u00a1Arre! Caballo &#8216;se roba&#8217; a quincea\u00f1era y el momento se hace viral\",\"datePublished\":\"2022-08-30T13:28:41+00:00\",\"dateModified\":\"2022-08-30T13:29:09+00:00\",\"mainEntityOfPage\":{\"@id\":\"https:\\\/\\\/fuentesfidedignas.com.mx\\\/index.php\\\/2022\\\/08\\\/30\\\/arre-caballo-se-roba-a-quinceanera-y-el-momento-se-hace-viral\\\/\"},\"wordCount\":295,\"commentCount\":0,\"publisher\":{\"@id\":\"https:\\\/\\\/fuentesfidedignas.com.mx\\\/#organization\"},\"image\":{\"@id\":\"https:\\\/\\\/fuentesfidedignas.com.mx\\\/index.php\\\/2022\\\/08\\\/30\\\/arre-caballo-se-roba-a-quinceanera-y-el-momento-se-hace-viral\\\/#primaryimage\"},\"thumbnailUrl\":\"https:\\\/\\\/fuentesfidedignas.com.mx\\\/wp-content\\\/uploads\\\/2022\\\/08\\\/2813408.jpg\",\"articleSection\":[\"LAS ASOMBROSAS\"],\"inLanguage\":\"es\",\"potentialAction\":[{\"@type\":\"CommentAction\",\"name\":\"Comment\",\"target\":[\"https:\\\/\\\/fuentesfidedignas.com.mx\\\/index.php\\\/2022\\\/08\\\/30\\\/arre-caballo-se-roba-a-quinceanera-y-el-momento-se-hace-viral\\\/#respond\"]}]},{\"@type\":\"WebPage\",\"@id\":\"https:\\\/\\\/fuentesfidedignas.com.mx\\\/index.php\\\/2022\\\/08\\\/30\\\/arre-caballo-se-roba-a-quinceanera-y-el-momento-se-hace-viral\\\/\",\"url\":\"https:\\\/\\\/fuentesfidedignas.com.mx\\\/index.php\\\/2022\\\/08\\\/30\\\/arre-caballo-se-roba-a-quinceanera-y-el-momento-se-hace-viral\\\/\",\"name\":\"\u00a1Arre! Caballo 'se roba' a quincea\u00f1era y el momento se hace viral - Fuentes Fidedignas\",\"isPartOf\":{\"@id\":\"https:\\\/\\\/fuentesfidedignas.com.mx\\\/#website\"},\"primaryImageOfPage\":{\"@id\":\"https:\\\/\\\/fuentesfidedignas.com.mx\\\/index.php\\\/2022\\\/08\\\/30\\\/arre-caballo-se-roba-a-quinceanera-y-el-momento-se-hace-viral\\\/#primaryimage\"},\"image\":{\"@id\":\"https:\\\/\\\/fuentesfidedignas.com.mx\\\/index.php\\\/2022\\\/08\\\/30\\\/arre-caballo-se-roba-a-quinceanera-y-el-momento-se-hace-viral\\\/#primaryimage\"},\"thumbnailUrl\":\"https:\\\/\\\/fuentesfidedignas.com.mx\\\/wp-content\\\/uploads\\\/2022\\\/08\\\/2813408.jpg\",\"datePublished\":\"2022-08-30T13:28:41+00:00\",\"dateModified\":\"2022-08-30T13:29:09+00:00\",\"breadcrumb\":{\"@id\":\"https:\\\/\\\/fuentesfidedignas.com.mx\\\/index.php\\\/2022\\\/08\\\/30\\\/arre-caballo-se-roba-a-quinceanera-y-el-momento-se-hace-viral\\\/#breadcrumb\"},\"inLanguage\":\"es\",\"potentialAction\":[{\"@type\":\"ReadAction\",\"target\":[\"https:\\\/\\\/fuentesfidedignas.com.mx\\\/index.php\\\/2022\\\/08\\\/30\\\/arre-caballo-se-roba-a-quinceanera-y-el-momento-se-hace-viral\\\/\"]}]},{\"@type\":\"ImageObject\",\"inLanguage\":\"es\",\"@id\":\"https:\\\/\\\/fuentesfidedignas.com.mx\\\/index.php\\\/2022\\\/08\\\/30\\\/arre-caballo-se-roba-a-quinceanera-y-el-momento-se-hace-viral\\\/#primaryimage\",\"url\":\"https:\\\/\\\/fuentesfidedignas.com.mx\\\/wp-content\\\/uploads\\\/2022\\\/08\\\/2813408.jpg\",\"contentUrl\":\"https:\\\/\\\/fuentesfidedignas.com.mx\\\/wp-content\\\/uploads\\\/2022\\\/08\\\/2813408.jpg\",\"width\":800,\"height\":600},{\"@type\":\"BreadcrumbList\",\"@id\":\"https:\\\/\\\/fuentesfidedignas.com.mx\\\/index.php\\\/2022\\\/08\\\/30\\\/arre-caballo-se-roba-a-quinceanera-y-el-momento-se-hace-viral\\\/#breadcrumb\",\"itemListElement\":[{\"@type\":\"ListItem\",\"position\":1,\"name\":\"Inicio\",\"item\":\"https:\\\/\\\/fuentesfidedignas.com.mx\\\/\"},{\"@type\":\"ListItem\",\"position\":2,\"name\":\"\u00a1Arre! Caballo &#8216;se roba&#8217; a quincea\u00f1era y el momento se hace viral\"}]},{\"@type\":\"WebSite\",\"@id\":\"https:\\\/\\\/fuentesfidedignas.com.mx\\\/#website\",\"url\":\"https:\\\/\\\/fuentesfidedignas.com.mx\\\/\",\"name\":\"Fuentes Fidedignas\",\"description\":\"Otro sitio realizado con WordPress\",\"publisher\":{\"@id\":\"https:\\\/\\\/fuentesfidedignas.com.mx\\\/#organization\"},\"potentialAction\":[{\"@type\":\"SearchAction\",\"target\":{\"@type\":\"EntryPoint\",\"urlTemplate\":\"https:\\\/\\\/fuentesfidedignas.com.mx\\\/?s={search_term_string}\"},\"query-input\":{\"@type\":\"PropertyValueSpecification\",\"valueRequired\":true,\"valueName\":\"search_term_string\"}}],\"inLanguage\":\"es\"},{\"@type\":\"Organization\",\"@id\":\"https:\\\/\\\/fuentesfidedignas.com.mx\\\/#organization\",\"name\":\"Fuentes Fidedignas\",\"url\":\"https:\\\/\\\/fuentesfidedignas.com.mx\\\/\",\"logo\":{\"@type\":\"ImageObject\",\"inLanguage\":\"es\",\"@id\":\"https:\\\/\\\/fuentesfidedignas.com.mx\\\/#\\\/schema\\\/logo\\\/image\\\/\",\"url\":\"https:\\\/\\\/fuentesfidedignas.com.mx\\\/wp-content\\\/uploads\\\/2021\\\/04\\\/logo-retina.png\",\"contentUrl\":\"https:\\\/\\\/fuentesfidedignas.com.mx\\\/wp-content\\\/uploads\\\/2021\\\/04\\\/logo-retina.png\",\"width\":280,\"height\":51,\"caption\":\"Fuentes Fidedignas\"},\"image\":{\"@id\":\"https:\\\/\\\/fuentesfidedignas.com.mx\\\/#\\\/schema\\\/logo\\\/image\\\/\"},\"sameAs\":[\"https:\\\/\\\/www.facebook.com\\\/Fuentes-Fidedignas-368234489921644\",\"https:\\\/\\\/x.com\\\/fidedignas\"]},{\"@type\":\"Person\",\"@id\":\"https:\\\/\\\/fuentesfidedignas.com.mx\\\/#\\\/schema\\\/person\\\/ec4edd1fbf5efa3e44fce34fe2787780\",\"name\":\"Exc\u00e9lsior\",\"image\":{\"@type\":\"ImageObject\",\"inLanguage\":\"es\",\"@id\":\"https:\\\/\\\/secure.gravatar.com\\\/avatar\\\/4b7ee9206b48be08447852b3f0814dbc7c0f3b51541b164f1464a2725614020b?s=96&d=mm&r=g\",\"url\":\"https:\\\/\\\/secure.gravatar.com\\\/avatar\\\/4b7ee9206b48be08447852b3f0814dbc7c0f3b51541b164f1464a2725614020b?s=96&d=mm&r=g\",\"contentUrl\":\"https:\\\/\\\/secure.gravatar.com\\\/avatar\\\/4b7ee9206b48be08447852b3f0814dbc7c0f3b51541b164f1464a2725614020b?s=96&d=mm&r=g\",\"caption\":\"Exc\u00e9lsior\"},\"url\":\"https:\\\/\\\/fuentesfidedignas.com.mx\\\/index.php\\\/author\\\/excelsior\\\/\"}]}<\/script>\n<!-- \/ Yoast SEO plugin. -->","yoast_head_json":{"title":"\u00a1Arre! Caballo 'se roba' a quincea\u00f1era y el momento se hace viral - Fuentes Fidedignas","robots":{"index":"index","follow":"follow","max-snippet":"max-snippet:-1","max-image-preview":"max-image-preview:large","max-video-preview":"max-video-preview:-1"},"canonical":"https:\/\/fuentesfidedignas.com.mx\/index.php\/2022\/08\/30\/arre-caballo-se-roba-a-quinceanera-y-el-momento-se-hace-viral\/","og_locale":"es_MX","og_type":"article","og_title":"\u00a1Arre! Caballo 'se roba' a quincea\u00f1era y el momento se hace viral - Fuentes Fidedignas","og_description":"Miles de internautas se preguntan qu\u00e9 pas\u00f3 despu\u00e9s de que el caballo se dio a la fuga con la festejada A una quincea\u00f1era de alguna regi\u00f3n de M\u00e9xico no le sali\u00f3 tan bien el glamuroso arribo a su fiesta de XV a\u00f1os, pues el caballo que eligi\u00f3 como transporte se dio a la fuga con [&hellip;]","og_url":"https:\/\/fuentesfidedignas.com.mx\/index.php\/2022\/08\/30\/arre-caballo-se-roba-a-quinceanera-y-el-momento-se-hace-viral\/","og_site_name":"Fuentes Fidedignas","article_publisher":"https:\/\/www.facebook.com\/Fuentes-Fidedignas-368234489921644","article_published_time":"2022-08-30T13:28:41+00:00","article_modified_time":"2022-08-30T13:29:09+00:00","og_image":[{"width":800,"height":600,"url":"https:\/\/fuentesfidedignas.com.mx\/wp-content\/uploads\/2022\/08\/2813408.jpg","type":"image\/jpeg"}],"author":"Exc\u00e9lsior","twitter_card":"summary_large_image","twitter_creator":"@fidedignas","twitter_site":"@fidedignas","twitter_misc":{"Escrito por":"Exc\u00e9lsior","Tiempo de lectura":"2 minutos"},"schema":{"@context":"https:\/\/schema.org","@graph":[{"@type":"Article","@id":"https:\/\/fuentesfidedignas.com.mx\/index.php\/2022\/08\/30\/arre-caballo-se-roba-a-quinceanera-y-el-momento-se-hace-viral\/#article","isPartOf":{"@id":"https:\/\/fuentesfidedignas.com.mx\/index.php\/2022\/08\/30\/arre-caballo-se-roba-a-quinceanera-y-el-momento-se-hace-viral\/"},"author":{"name":"Exc\u00e9lsior","@id":"https:\/\/fuentesfidedignas.com.mx\/#\/schema\/person\/ec4edd1fbf5efa3e44fce34fe2787780"},"headline":"\u00a1Arre! Caballo &#8216;se roba&#8217; a quincea\u00f1era y el momento se hace viral","datePublished":"2022-08-30T13:28:41+00:00","dateModified":"2022-08-30T13:29:09+00:00","mainEntityOfPage":{"@id":"https:\/\/fuentesfidedignas.com.mx\/index.php\/2022\/08\/30\/arre-caballo-se-roba-a-quinceanera-y-el-momento-se-hace-viral\/"},"wordCount":295,"commentCount":0,"publisher":{"@id":"https:\/\/fuentesfidedignas.com.mx\/#organization"},"image":{"@id":"https:\/\/fuentesfidedignas.com.mx\/index.php\/2022\/08\/30\/arre-caballo-se-roba-a-quinceanera-y-el-momento-se-hace-viral\/#primaryimage"},"thumbnailUrl":"https:\/\/fuentesfidedignas.com.mx\/wp-content\/uploads\/2022\/08\/2813408.jpg","articleSection":["LAS ASOMBROSAS"],"inLanguage":"es","potentialAction":[{"@type":"CommentAction","name":"Comment","target":["https:\/\/fuentesfidedignas.com.mx\/index.php\/2022\/08\/30\/arre-caballo-se-roba-a-quinceanera-y-el-momento-se-hace-viral\/#respond"]}]},{"@type":"WebPage","@id":"https:\/\/fuentesfidedignas.com.mx\/index.php\/2022\/08\/30\/arre-caballo-se-roba-a-quinceanera-y-el-momento-se-hace-viral\/","url":"https:\/\/fuentesfidedignas.com.mx\/index.php\/2022\/08\/30\/arre-caballo-se-roba-a-quinceanera-y-el-momento-se-hace-viral\/","name":"\u00a1Arre! Caballo 'se roba' a quincea\u00f1era y el momento se hace viral - Fuentes Fidedignas","isPartOf":{"@id":"https:\/\/fuentesfidedignas.com.mx\/#website"},"primaryImageOfPage":{"@id":"https:\/\/fuentesfidedignas.com.mx\/index.php\/2022\/08\/30\/arre-caballo-se-roba-a-quinceanera-y-el-momento-se-hace-viral\/#primaryimage"},"image":{"@id":"https:\/\/fuentesfidedignas.com.mx\/index.php\/2022\/08\/30\/arre-caballo-se-roba-a-quinceanera-y-el-momento-se-hace-viral\/#primaryimage"},"thumbnailUrl":"https:\/\/fuentesfidedignas.com.mx\/wp-content\/uploads\/2022\/08\/2813408.jpg","datePublished":"2022-08-30T13:28:41+00:00","dateModified":"2022-08-30T13:29:09+00:00","breadcrumb":{"@id":"https:\/\/fuentesfidedignas.com.mx\/index.php\/2022\/08\/30\/arre-caballo-se-roba-a-quinceanera-y-el-momento-se-hace-viral\/#breadcrumb"},"inLanguage":"es","potentialAction":[{"@type":"ReadAction","target":["https:\/\/fuentesfidedignas.com.mx\/index.php\/2022\/08\/30\/arre-caballo-se-roba-a-quinceanera-y-el-momento-se-hace-viral\/"]}]},{"@type":"ImageObject","inLanguage":"es","@id":"https:\/\/fuentesfidedignas.com.mx\/index.php\/2022\/08\/30\/arre-caballo-se-roba-a-quinceanera-y-el-momento-se-hace-viral\/#primaryimage","url":"https:\/\/fuentesfidedignas.com.mx\/wp-content\/uploads\/2022\/08\/2813408.jpg","contentUrl":"https:\/\/fuentesfidedignas.com.mx\/wp-content\/uploads\/2022\/08\/2813408.jpg","width":800,"height":600},{"@type":"BreadcrumbList","@id":"https:\/\/fuentesfidedignas.com.mx\/index.php\/2022\/08\/30\/arre-caballo-se-roba-a-quinceanera-y-el-momento-se-hace-viral\/#breadcrumb","itemListElement":[{"@type":"ListItem","position":1,"name":"Inicio","item":"https:\/\/fuentesfidedignas.com.mx\/"},{"@type":"ListItem","position":2,"name":"\u00a1Arre! Caballo &#8216;se roba&#8217; a quincea\u00f1era y el momento se hace viral"}]},{"@type":"WebSite","@id":"https:\/\/fuentesfidedignas.com.mx\/#website","url":"https:\/\/fuentesfidedignas.com.mx\/","name":"Fuentes Fidedignas","description":"Otro sitio realizado con WordPress","publisher":{"@id":"https:\/\/fuentesfidedignas.com.mx\/#organization"},"potentialAction":[{"@type":"SearchAction","target":{"@type":"EntryPoint","urlTemplate":"https:\/\/fuentesfidedignas.com.mx\/?s={search_term_string}"},"query-input":{"@type":"PropertyValueSpecification","valueRequired":true,"valueName":"search_term_string"}}],"inLanguage":"es"},{"@type":"Organization","@id":"https:\/\/fuentesfidedignas.com.mx\/#organization","name":"Fuentes Fidedignas","url":"https:\/\/fuentesfidedignas.com.mx\/","logo":{"@type":"ImageObject","inLanguage":"es","@id":"https:\/\/fuentesfidedignas.com.mx\/#\/schema\/logo\/image\/","url":"https:\/\/fuentesfidedignas.com.mx\/wp-content\/uploads\/2021\/04\/logo-retina.png","contentUrl":"https:\/\/fuentesfidedignas.com.mx\/wp-content\/uploads\/2021\/04\/logo-retina.png","width":280,"height":51,"caption":"Fuentes Fidedignas"},"image":{"@id":"https:\/\/fuentesfidedignas.com.mx\/#\/schema\/logo\/image\/"},"sameAs":["https:\/\/www.facebook.com\/Fuentes-Fidedignas-368234489921644","https:\/\/x.com\/fidedignas"]},{"@type":"Person","@id":"https:\/\/fuentesfidedignas.com.mx\/#\/schema\/person\/ec4edd1fbf5efa3e44fce34fe2787780","name":"Exc\u00e9lsior","image":{"@type":"ImageObject","inLanguage":"es","@id":"https:\/\/secure.gravatar.com\/avatar\/4b7ee9206b48be08447852b3f0814dbc7c0f3b51541b164f1464a2725614020b?s=96&d=mm&r=g","url":"https:\/\/secure.gravatar.com\/avatar\/4b7ee9206b48be08447852b3f0814dbc7c0f3b51541b164f1464a2725614020b?s=96&d=mm&r=g","contentUrl":"https:\/\/secure.gravatar.com\/avatar\/4b7ee9206b48be08447852b3f0814dbc7c0f3b51541b164f1464a2725614020b?s=96&d=mm&r=g","caption":"Exc\u00e9lsior"},"url":"https:\/\/fuentesfidedignas.com.mx\/index.php\/author\/excelsior\/"}]}},"_links":{"self":[{"href":"https:\/\/fuentesfidedignas.com.mx\/index.php\/wp-json\/wp\/v2\/posts\/41174","targetHints":{"allow":["GET"]}}],"collection":[{"href":"https:\/\/fuentesfidedignas.com.mx\/index.php\/wp-json\/wp\/v2\/posts"}],"about":[{"href":"https:\/\/fuentesfidedignas.com.mx\/index.php\/wp-json\/wp\/v2\/types\/post"}],"author":[{"embeddable":true,"href":"https:\/\/fuentesfidedignas.com.mx\/index.php\/wp-json\/wp\/v2\/users\/7"}],"replies":[{"embeddable":true,"href":"https:\/\/fuentesfidedignas.com.mx\/index.php\/wp-json\/wp\/v2\/comments?post=41174"}],"version-history":[{"count":1,"href":"https:\/\/fuentesfidedignas.com.mx\/index.php\/wp-json\/wp\/v2\/posts\/41174\/revisions"}],"predecessor-version":[{"id":41175,"href":"https:\/\/fuentesfidedignas.com.mx\/index.php\/wp-json\/wp\/v2\/posts\/41174\/revisions\/41175"}],"wp:featuredmedia":[{"embeddable":true,"href":"https:\/\/fuentesfidedignas.com.mx\/index.php\/wp-json\/wp\/v2\/media\/41176"}],"wp:attachment":[{"href":"https:\/\/fuentesfidedignas.com.mx\/index.php\/wp-json\/wp\/v2\/media?parent=41174"}],"wp:term":[{"taxonomy":"category","embeddable":true,"href":"https:\/\/fuentesfidedignas.com.mx\/index.php\/wp-json\/wp\/v2\/categories?post=41174"},{"taxonomy":"post_tag","embeddable":true,"href":"https:\/\/fuentesfidedignas.com.mx\/index.php\/wp-json\/wp\/v2\/tags?post=41174"}],"curies":[{"name":"wp","href":"https:\/\/api.w.org\/{rel}","templated":true}]}}