{"id":41155,"date":"2022-08-30T06:09:59","date_gmt":"2022-08-30T12:09:59","guid":{"rendered":"https:\/\/fuentesfidedignas.com.mx\/?p=41155"},"modified":"2022-08-30T06:11:02","modified_gmt":"2022-08-30T12:11:02","slug":"eugenio-derbez-sufre-accidente-y-sera-operado-confirma-alessandra-rosaldo","status":"publish","type":"post","link":"https:\/\/fuentesfidedignas.com.mx\/index.php\/2022\/08\/30\/eugenio-derbez-sufre-accidente-y-sera-operado-confirma-alessandra-rosaldo\/","title":{"rendered":"Eugenio Derbez sufre accidente y ser\u00e1 operado, confirma Alessandra Rosaldo"},"content":{"rendered":"\n<p><br><strong><em>En un comunicado dirigido a amigos, familia y medios de comunicaci\u00f3n, Alessandra Rosaldo inform\u00f3 que el proceso ser\u00e1 largo<\/em><\/strong> <\/p>\n\n\n\n<p>Estados Unidos. El actor&nbsp;<a href=\"https:\/\/noticieros.televisa.com\/tag\/eugenio-derbez\/\" target=\"_blank\" rel=\"noreferrer noopener\"><strong>Eugenio Derbez<\/strong><\/a>&nbsp;sufri\u00f3 un accidente y debido a que sus lesiones son delicadas, en las pr\u00f3ximas horas tendr\u00e1 que ser intervenido quir\u00fargicamente, confirm\u00f3 a trav\u00e9s de un comunicado su esposa y cantante,&nbsp;<strong>Alessandra Rosaldo.<\/strong> <\/p>\n\n\n\n<p>En el documento dirigido a amigos, familia y medios de comunicaci\u00f3n Rosalio se\u00f1ala que el proceso ser\u00e1 largo y dif\u00edcil ya que deber\u00e1 permanecer varias semanas en reposo y despu\u00e9s someterse a terapias de rehabilitaci\u00f3n.<\/p>\n\n\n\n<p>\u201cPara nosotros es muy importante comunicarles por nuestra propia voz la situaci\u00f3n familiar que estamos pasando, ya que sabemos el cari\u00f1o que nos tienen. En este momento, la prioridad es enfocarnos en este proceso para que Eugenio pueda salir adelante, tom\u00e1ndose el tiempo que sea necesario para hacerlo\u201d.<\/p>\n\n\n\n<figure class=\"wp-block-image size-large is-resized\"><img decoding=\"async\" src=\"https:\/\/fuentesfidedignas.com.mx\/wp-content\/uploads\/2022\/08\/Screenshot_20220830-060818_Chrome-edited.jpg\" alt=\"\" class=\"wp-image-41157\" width=\"423\" height=\"261\"\/><\/figure>\n","protected":false},"excerpt":{"rendered":"<p>En un comunicado dirigido a amigos, familia y medios de comunicaci\u00f3n, Alessandra Rosaldo inform\u00f3 que el proceso ser\u00e1 largo Estados Unidos. El actor&nbsp;Eugenio Derbez&nbsp;sufri\u00f3 un accidente y debido a que sus lesiones son delicadas, en las pr\u00f3ximas horas tendr\u00e1 que ser intervenido quir\u00fargicamente, confirm\u00f3 a trav\u00e9s de un comunicado su esposa y cantante,&nbsp;Alessandra Rosaldo. En [&hellip;]<\/p>\n","protected":false},"author":46,"featured_media":41159,"comment_status":"open","ping_status":"open","sticky":false,"template":"","format":"standard","meta":{"tdm_status":"","tdm_grid_status":"","footnotes":""},"categories":[39],"tags":[],"class_list":{"0":"post-41155","1":"post","2":"type-post","3":"status-publish","4":"format-standard","5":"has-post-thumbnail","7":"category-noticias-nacionales"},"yoast_head":"<!-- This site is optimized with the Yoast SEO plugin v27.5 - https:\/\/yoast.com\/product\/yoast-seo-wordpress\/ -->\n<title>Eugenio Derbez sufre accidente y ser\u00e1 operado, confirma Alessandra Rosaldo - Fuentes Fidedignas<\/title>\n<meta name=\"robots\" content=\"index, follow, max-snippet:-1, max-image-preview:large, max-video-preview:-1\" \/>\n<link rel=\"canonical\" href=\"https:\/\/fuentesfidedignas.com.mx\/index.php\/2022\/08\/30\/eugenio-derbez-sufre-accidente-y-sera-operado-confirma-alessandra-rosaldo\/\" \/>\n<meta property=\"og:locale\" content=\"es_MX\" \/>\n<meta property=\"og:type\" content=\"article\" \/>\n<meta property=\"og:title\" content=\"Eugenio Derbez sufre accidente y ser\u00e1 operado, confirma Alessandra Rosaldo - Fuentes Fidedignas\" \/>\n<meta property=\"og:description\" content=\"En un comunicado dirigido a amigos, familia y medios de comunicaci\u00f3n, Alessandra Rosaldo inform\u00f3 que el proceso ser\u00e1 largo Estados Unidos. El actor&nbsp;Eugenio Derbez&nbsp;sufri\u00f3 un accidente y debido a que sus lesiones son delicadas, en las pr\u00f3ximas horas tendr\u00e1 que ser intervenido quir\u00fargicamente, confirm\u00f3 a trav\u00e9s de un comunicado su esposa y cantante,&nbsp;Alessandra Rosaldo. En [&hellip;]\" \/>\n<meta property=\"og:url\" content=\"https:\/\/fuentesfidedignas.com.mx\/index.php\/2022\/08\/30\/eugenio-derbez-sufre-accidente-y-sera-operado-confirma-alessandra-rosaldo\/\" \/>\n<meta property=\"og:site_name\" content=\"Fuentes Fidedignas\" \/>\n<meta property=\"article:publisher\" content=\"https:\/\/www.facebook.com\/Fuentes-Fidedignas-368234489921644\" \/>\n<meta property=\"article:published_time\" content=\"2022-08-30T12:09:59+00:00\" \/>\n<meta property=\"article:modified_time\" content=\"2022-08-30T12:11:02+00:00\" \/>\n<meta property=\"og:image\" content=\"https:\/\/fuentesfidedignas.com.mx\/wp-content\/uploads\/2022\/08\/eugenio-derbez-sufre-accidente-sera-intervenido-quirurgicamente-confirma-alessandra-rosaldo-foto-instagram.jpg\" \/>\n\t<meta property=\"og:image:width\" content=\"1280\" \/>\n\t<meta property=\"og:image:height\" content=\"720\" \/>\n\t<meta property=\"og:image:type\" content=\"image\/jpeg\" \/>\n<meta name=\"author\" content=\"Noticieros Televisa\" \/>\n<meta name=\"twitter:card\" content=\"summary_large_image\" \/>\n<meta name=\"twitter:creator\" content=\"@fidedignas\" \/>\n<meta name=\"twitter:site\" content=\"@fidedignas\" \/>\n<meta name=\"twitter:label1\" content=\"Escrito por\" \/>\n\t<meta name=\"twitter:data1\" content=\"Noticieros Televisa\" \/>\n\t<meta name=\"twitter:label2\" content=\"Tiempo de lectura\" \/>\n\t<meta name=\"twitter:data2\" content=\"1 minuto\" \/>\n<script type=\"application\/ld+json\" class=\"yoast-schema-graph\">{\"@context\":\"https:\\\/\\\/schema.org\",\"@graph\":[{\"@type\":\"Article\",\"@id\":\"https:\\\/\\\/fuentesfidedignas.com.mx\\\/index.php\\\/2022\\\/08\\\/30\\\/eugenio-derbez-sufre-accidente-y-sera-operado-confirma-alessandra-rosaldo\\\/#article\",\"isPartOf\":{\"@id\":\"https:\\\/\\\/fuentesfidedignas.com.mx\\\/index.php\\\/2022\\\/08\\\/30\\\/eugenio-derbez-sufre-accidente-y-sera-operado-confirma-alessandra-rosaldo\\\/\"},\"author\":{\"name\":\"Noticieros Televisa\",\"@id\":\"https:\\\/\\\/fuentesfidedignas.com.mx\\\/#\\\/schema\\\/person\\\/f030e42657a5a464a8bbd891b1aab6ee\"},\"headline\":\"Eugenio Derbez sufre accidente y ser\u00e1 operado, confirma Alessandra Rosaldo\",\"datePublished\":\"2022-08-30T12:09:59+00:00\",\"dateModified\":\"2022-08-30T12:11:02+00:00\",\"mainEntityOfPage\":{\"@id\":\"https:\\\/\\\/fuentesfidedignas.com.mx\\\/index.php\\\/2022\\\/08\\\/30\\\/eugenio-derbez-sufre-accidente-y-sera-operado-confirma-alessandra-rosaldo\\\/\"},\"wordCount\":165,\"commentCount\":0,\"publisher\":{\"@id\":\"https:\\\/\\\/fuentesfidedignas.com.mx\\\/#organization\"},\"image\":{\"@id\":\"https:\\\/\\\/fuentesfidedignas.com.mx\\\/index.php\\\/2022\\\/08\\\/30\\\/eugenio-derbez-sufre-accidente-y-sera-operado-confirma-alessandra-rosaldo\\\/#primaryimage\"},\"thumbnailUrl\":\"https:\\\/\\\/fuentesfidedignas.com.mx\\\/wp-content\\\/uploads\\\/2022\\\/08\\\/eugenio-derbez-sufre-accidente-sera-intervenido-quirurgicamente-confirma-alessandra-rosaldo-foto-instagram.jpg\",\"articleSection\":[\"NOTICIAS NACIONALES\"],\"inLanguage\":\"es\",\"potentialAction\":[{\"@type\":\"CommentAction\",\"name\":\"Comment\",\"target\":[\"https:\\\/\\\/fuentesfidedignas.com.mx\\\/index.php\\\/2022\\\/08\\\/30\\\/eugenio-derbez-sufre-accidente-y-sera-operado-confirma-alessandra-rosaldo\\\/#respond\"]}]},{\"@type\":\"WebPage\",\"@id\":\"https:\\\/\\\/fuentesfidedignas.com.mx\\\/index.php\\\/2022\\\/08\\\/30\\\/eugenio-derbez-sufre-accidente-y-sera-operado-confirma-alessandra-rosaldo\\\/\",\"url\":\"https:\\\/\\\/fuentesfidedignas.com.mx\\\/index.php\\\/2022\\\/08\\\/30\\\/eugenio-derbez-sufre-accidente-y-sera-operado-confirma-alessandra-rosaldo\\\/\",\"name\":\"Eugenio Derbez sufre accidente y ser\u00e1 operado, confirma Alessandra Rosaldo - Fuentes Fidedignas\",\"isPartOf\":{\"@id\":\"https:\\\/\\\/fuentesfidedignas.com.mx\\\/#website\"},\"primaryImageOfPage\":{\"@id\":\"https:\\\/\\\/fuentesfidedignas.com.mx\\\/index.php\\\/2022\\\/08\\\/30\\\/eugenio-derbez-sufre-accidente-y-sera-operado-confirma-alessandra-rosaldo\\\/#primaryimage\"},\"image\":{\"@id\":\"https:\\\/\\\/fuentesfidedignas.com.mx\\\/index.php\\\/2022\\\/08\\\/30\\\/eugenio-derbez-sufre-accidente-y-sera-operado-confirma-alessandra-rosaldo\\\/#primaryimage\"},\"thumbnailUrl\":\"https:\\\/\\\/fuentesfidedignas.com.mx\\\/wp-content\\\/uploads\\\/2022\\\/08\\\/eugenio-derbez-sufre-accidente-sera-intervenido-quirurgicamente-confirma-alessandra-rosaldo-foto-instagram.jpg\",\"datePublished\":\"2022-08-30T12:09:59+00:00\",\"dateModified\":\"2022-08-30T12:11:02+00:00\",\"breadcrumb\":{\"@id\":\"https:\\\/\\\/fuentesfidedignas.com.mx\\\/index.php\\\/2022\\\/08\\\/30\\\/eugenio-derbez-sufre-accidente-y-sera-operado-confirma-alessandra-rosaldo\\\/#breadcrumb\"},\"inLanguage\":\"es\",\"potentialAction\":[{\"@type\":\"ReadAction\",\"target\":[\"https:\\\/\\\/fuentesfidedignas.com.mx\\\/index.php\\\/2022\\\/08\\\/30\\\/eugenio-derbez-sufre-accidente-y-sera-operado-confirma-alessandra-rosaldo\\\/\"]}]},{\"@type\":\"ImageObject\",\"inLanguage\":\"es\",\"@id\":\"https:\\\/\\\/fuentesfidedignas.com.mx\\\/index.php\\\/2022\\\/08\\\/30\\\/eugenio-derbez-sufre-accidente-y-sera-operado-confirma-alessandra-rosaldo\\\/#primaryimage\",\"url\":\"https:\\\/\\\/fuentesfidedignas.com.mx\\\/wp-content\\\/uploads\\\/2022\\\/08\\\/eugenio-derbez-sufre-accidente-sera-intervenido-quirurgicamente-confirma-alessandra-rosaldo-foto-instagram.jpg\",\"contentUrl\":\"https:\\\/\\\/fuentesfidedignas.com.mx\\\/wp-content\\\/uploads\\\/2022\\\/08\\\/eugenio-derbez-sufre-accidente-sera-intervenido-quirurgicamente-confirma-alessandra-rosaldo-foto-instagram.jpg\",\"width\":1280,\"height\":720},{\"@type\":\"BreadcrumbList\",\"@id\":\"https:\\\/\\\/fuentesfidedignas.com.mx\\\/index.php\\\/2022\\\/08\\\/30\\\/eugenio-derbez-sufre-accidente-y-sera-operado-confirma-alessandra-rosaldo\\\/#breadcrumb\",\"itemListElement\":[{\"@type\":\"ListItem\",\"position\":1,\"name\":\"Inicio\",\"item\":\"https:\\\/\\\/fuentesfidedignas.com.mx\\\/\"},{\"@type\":\"ListItem\",\"position\":2,\"name\":\"Eugenio Derbez sufre accidente y ser\u00e1 operado, confirma Alessandra Rosaldo\"}]},{\"@type\":\"WebSite\",\"@id\":\"https:\\\/\\\/fuentesfidedignas.com.mx\\\/#website\",\"url\":\"https:\\\/\\\/fuentesfidedignas.com.mx\\\/\",\"name\":\"Fuentes Fidedignas\",\"description\":\"Otro sitio realizado con WordPress\",\"publisher\":{\"@id\":\"https:\\\/\\\/fuentesfidedignas.com.mx\\\/#organization\"},\"potentialAction\":[{\"@type\":\"SearchAction\",\"target\":{\"@type\":\"EntryPoint\",\"urlTemplate\":\"https:\\\/\\\/fuentesfidedignas.com.mx\\\/?s={search_term_string}\"},\"query-input\":{\"@type\":\"PropertyValueSpecification\",\"valueRequired\":true,\"valueName\":\"search_term_string\"}}],\"inLanguage\":\"es\"},{\"@type\":\"Organization\",\"@id\":\"https:\\\/\\\/fuentesfidedignas.com.mx\\\/#organization\",\"name\":\"Fuentes Fidedignas\",\"url\":\"https:\\\/\\\/fuentesfidedignas.com.mx\\\/\",\"logo\":{\"@type\":\"ImageObject\",\"inLanguage\":\"es\",\"@id\":\"https:\\\/\\\/fuentesfidedignas.com.mx\\\/#\\\/schema\\\/logo\\\/image\\\/\",\"url\":\"https:\\\/\\\/fuentesfidedignas.com.mx\\\/wp-content\\\/uploads\\\/2021\\\/04\\\/logo-retina.png\",\"contentUrl\":\"https:\\\/\\\/fuentesfidedignas.com.mx\\\/wp-content\\\/uploads\\\/2021\\\/04\\\/logo-retina.png\",\"width\":280,\"height\":51,\"caption\":\"Fuentes Fidedignas\"},\"image\":{\"@id\":\"https:\\\/\\\/fuentesfidedignas.com.mx\\\/#\\\/schema\\\/logo\\\/image\\\/\"},\"sameAs\":[\"https:\\\/\\\/www.facebook.com\\\/Fuentes-Fidedignas-368234489921644\",\"https:\\\/\\\/x.com\\\/fidedignas\"]},{\"@type\":\"Person\",\"@id\":\"https:\\\/\\\/fuentesfidedignas.com.mx\\\/#\\\/schema\\\/person\\\/f030e42657a5a464a8bbd891b1aab6ee\",\"name\":\"Noticieros Televisa\",\"image\":{\"@type\":\"ImageObject\",\"inLanguage\":\"es\",\"@id\":\"https:\\\/\\\/secure.gravatar.com\\\/avatar\\\/0e47b9e785a628831b8fd9eaf15e090e106760a879abbd4a3306f128ef5d43a9?s=96&d=mm&r=g\",\"url\":\"https:\\\/\\\/secure.gravatar.com\\\/avatar\\\/0e47b9e785a628831b8fd9eaf15e090e106760a879abbd4a3306f128ef5d43a9?s=96&d=mm&r=g\",\"contentUrl\":\"https:\\\/\\\/secure.gravatar.com\\\/avatar\\\/0e47b9e785a628831b8fd9eaf15e090e106760a879abbd4a3306f128ef5d43a9?s=96&d=mm&r=g\",\"caption\":\"Noticieros Televisa\"},\"url\":\"https:\\\/\\\/fuentesfidedignas.com.mx\\\/index.php\\\/author\\\/noticieros-televisa\\\/\"}]}<\/script>\n<!-- \/ Yoast SEO plugin. -->","yoast_head_json":{"title":"Eugenio Derbez sufre accidente y ser\u00e1 operado, confirma Alessandra Rosaldo - Fuentes Fidedignas","robots":{"index":"index","follow":"follow","max-snippet":"max-snippet:-1","max-image-preview":"max-image-preview:large","max-video-preview":"max-video-preview:-1"},"canonical":"https:\/\/fuentesfidedignas.com.mx\/index.php\/2022\/08\/30\/eugenio-derbez-sufre-accidente-y-sera-operado-confirma-alessandra-rosaldo\/","og_locale":"es_MX","og_type":"article","og_title":"Eugenio Derbez sufre accidente y ser\u00e1 operado, confirma Alessandra Rosaldo - Fuentes Fidedignas","og_description":"En un comunicado dirigido a amigos, familia y medios de comunicaci\u00f3n, Alessandra Rosaldo inform\u00f3 que el proceso ser\u00e1 largo Estados Unidos. El actor&nbsp;Eugenio Derbez&nbsp;sufri\u00f3 un accidente y debido a que sus lesiones son delicadas, en las pr\u00f3ximas horas tendr\u00e1 que ser intervenido quir\u00fargicamente, confirm\u00f3 a trav\u00e9s de un comunicado su esposa y cantante,&nbsp;Alessandra Rosaldo. En [&hellip;]","og_url":"https:\/\/fuentesfidedignas.com.mx\/index.php\/2022\/08\/30\/eugenio-derbez-sufre-accidente-y-sera-operado-confirma-alessandra-rosaldo\/","og_site_name":"Fuentes Fidedignas","article_publisher":"https:\/\/www.facebook.com\/Fuentes-Fidedignas-368234489921644","article_published_time":"2022-08-30T12:09:59+00:00","article_modified_time":"2022-08-30T12:11:02+00:00","og_image":[{"width":1280,"height":720,"url":"https:\/\/fuentesfidedignas.com.mx\/wp-content\/uploads\/2022\/08\/eugenio-derbez-sufre-accidente-sera-intervenido-quirurgicamente-confirma-alessandra-rosaldo-foto-instagram.jpg","type":"image\/jpeg"}],"author":"Noticieros Televisa","twitter_card":"summary_large_image","twitter_creator":"@fidedignas","twitter_site":"@fidedignas","twitter_misc":{"Escrito por":"Noticieros Televisa","Tiempo de lectura":"1 minuto"},"schema":{"@context":"https:\/\/schema.org","@graph":[{"@type":"Article","@id":"https:\/\/fuentesfidedignas.com.mx\/index.php\/2022\/08\/30\/eugenio-derbez-sufre-accidente-y-sera-operado-confirma-alessandra-rosaldo\/#article","isPartOf":{"@id":"https:\/\/fuentesfidedignas.com.mx\/index.php\/2022\/08\/30\/eugenio-derbez-sufre-accidente-y-sera-operado-confirma-alessandra-rosaldo\/"},"author":{"name":"Noticieros Televisa","@id":"https:\/\/fuentesfidedignas.com.mx\/#\/schema\/person\/f030e42657a5a464a8bbd891b1aab6ee"},"headline":"Eugenio Derbez sufre accidente y ser\u00e1 operado, confirma Alessandra Rosaldo","datePublished":"2022-08-30T12:09:59+00:00","dateModified":"2022-08-30T12:11:02+00:00","mainEntityOfPage":{"@id":"https:\/\/fuentesfidedignas.com.mx\/index.php\/2022\/08\/30\/eugenio-derbez-sufre-accidente-y-sera-operado-confirma-alessandra-rosaldo\/"},"wordCount":165,"commentCount":0,"publisher":{"@id":"https:\/\/fuentesfidedignas.com.mx\/#organization"},"image":{"@id":"https:\/\/fuentesfidedignas.com.mx\/index.php\/2022\/08\/30\/eugenio-derbez-sufre-accidente-y-sera-operado-confirma-alessandra-rosaldo\/#primaryimage"},"thumbnailUrl":"https:\/\/fuentesfidedignas.com.mx\/wp-content\/uploads\/2022\/08\/eugenio-derbez-sufre-accidente-sera-intervenido-quirurgicamente-confirma-alessandra-rosaldo-foto-instagram.jpg","articleSection":["NOTICIAS NACIONALES"],"inLanguage":"es","potentialAction":[{"@type":"CommentAction","name":"Comment","target":["https:\/\/fuentesfidedignas.com.mx\/index.php\/2022\/08\/30\/eugenio-derbez-sufre-accidente-y-sera-operado-confirma-alessandra-rosaldo\/#respond"]}]},{"@type":"WebPage","@id":"https:\/\/fuentesfidedignas.com.mx\/index.php\/2022\/08\/30\/eugenio-derbez-sufre-accidente-y-sera-operado-confirma-alessandra-rosaldo\/","url":"https:\/\/fuentesfidedignas.com.mx\/index.php\/2022\/08\/30\/eugenio-derbez-sufre-accidente-y-sera-operado-confirma-alessandra-rosaldo\/","name":"Eugenio Derbez sufre accidente y ser\u00e1 operado, confirma Alessandra Rosaldo - Fuentes Fidedignas","isPartOf":{"@id":"https:\/\/fuentesfidedignas.com.mx\/#website"},"primaryImageOfPage":{"@id":"https:\/\/fuentesfidedignas.com.mx\/index.php\/2022\/08\/30\/eugenio-derbez-sufre-accidente-y-sera-operado-confirma-alessandra-rosaldo\/#primaryimage"},"image":{"@id":"https:\/\/fuentesfidedignas.com.mx\/index.php\/2022\/08\/30\/eugenio-derbez-sufre-accidente-y-sera-operado-confirma-alessandra-rosaldo\/#primaryimage"},"thumbnailUrl":"https:\/\/fuentesfidedignas.com.mx\/wp-content\/uploads\/2022\/08\/eugenio-derbez-sufre-accidente-sera-intervenido-quirurgicamente-confirma-alessandra-rosaldo-foto-instagram.jpg","datePublished":"2022-08-30T12:09:59+00:00","dateModified":"2022-08-30T12:11:02+00:00","breadcrumb":{"@id":"https:\/\/fuentesfidedignas.com.mx\/index.php\/2022\/08\/30\/eugenio-derbez-sufre-accidente-y-sera-operado-confirma-alessandra-rosaldo\/#breadcrumb"},"inLanguage":"es","potentialAction":[{"@type":"ReadAction","target":["https:\/\/fuentesfidedignas.com.mx\/index.php\/2022\/08\/30\/eugenio-derbez-sufre-accidente-y-sera-operado-confirma-alessandra-rosaldo\/"]}]},{"@type":"ImageObject","inLanguage":"es","@id":"https:\/\/fuentesfidedignas.com.mx\/index.php\/2022\/08\/30\/eugenio-derbez-sufre-accidente-y-sera-operado-confirma-alessandra-rosaldo\/#primaryimage","url":"https:\/\/fuentesfidedignas.com.mx\/wp-content\/uploads\/2022\/08\/eugenio-derbez-sufre-accidente-sera-intervenido-quirurgicamente-confirma-alessandra-rosaldo-foto-instagram.jpg","contentUrl":"https:\/\/fuentesfidedignas.com.mx\/wp-content\/uploads\/2022\/08\/eugenio-derbez-sufre-accidente-sera-intervenido-quirurgicamente-confirma-alessandra-rosaldo-foto-instagram.jpg","width":1280,"height":720},{"@type":"BreadcrumbList","@id":"https:\/\/fuentesfidedignas.com.mx\/index.php\/2022\/08\/30\/eugenio-derbez-sufre-accidente-y-sera-operado-confirma-alessandra-rosaldo\/#breadcrumb","itemListElement":[{"@type":"ListItem","position":1,"name":"Inicio","item":"https:\/\/fuentesfidedignas.com.mx\/"},{"@type":"ListItem","position":2,"name":"Eugenio Derbez sufre accidente y ser\u00e1 operado, confirma Alessandra Rosaldo"}]},{"@type":"WebSite","@id":"https:\/\/fuentesfidedignas.com.mx\/#website","url":"https:\/\/fuentesfidedignas.com.mx\/","name":"Fuentes Fidedignas","description":"Otro sitio realizado con WordPress","publisher":{"@id":"https:\/\/fuentesfidedignas.com.mx\/#organization"},"potentialAction":[{"@type":"SearchAction","target":{"@type":"EntryPoint","urlTemplate":"https:\/\/fuentesfidedignas.com.mx\/?s={search_term_string}"},"query-input":{"@type":"PropertyValueSpecification","valueRequired":true,"valueName":"search_term_string"}}],"inLanguage":"es"},{"@type":"Organization","@id":"https:\/\/fuentesfidedignas.com.mx\/#organization","name":"Fuentes Fidedignas","url":"https:\/\/fuentesfidedignas.com.mx\/","logo":{"@type":"ImageObject","inLanguage":"es","@id":"https:\/\/fuentesfidedignas.com.mx\/#\/schema\/logo\/image\/","url":"https:\/\/fuentesfidedignas.com.mx\/wp-content\/uploads\/2021\/04\/logo-retina.png","contentUrl":"https:\/\/fuentesfidedignas.com.mx\/wp-content\/uploads\/2021\/04\/logo-retina.png","width":280,"height":51,"caption":"Fuentes Fidedignas"},"image":{"@id":"https:\/\/fuentesfidedignas.com.mx\/#\/schema\/logo\/image\/"},"sameAs":["https:\/\/www.facebook.com\/Fuentes-Fidedignas-368234489921644","https:\/\/x.com\/fidedignas"]},{"@type":"Person","@id":"https:\/\/fuentesfidedignas.com.mx\/#\/schema\/person\/f030e42657a5a464a8bbd891b1aab6ee","name":"Noticieros Televisa","image":{"@type":"ImageObject","inLanguage":"es","@id":"https:\/\/secure.gravatar.com\/avatar\/0e47b9e785a628831b8fd9eaf15e090e106760a879abbd4a3306f128ef5d43a9?s=96&d=mm&r=g","url":"https:\/\/secure.gravatar.com\/avatar\/0e47b9e785a628831b8fd9eaf15e090e106760a879abbd4a3306f128ef5d43a9?s=96&d=mm&r=g","contentUrl":"https:\/\/secure.gravatar.com\/avatar\/0e47b9e785a628831b8fd9eaf15e090e106760a879abbd4a3306f128ef5d43a9?s=96&d=mm&r=g","caption":"Noticieros Televisa"},"url":"https:\/\/fuentesfidedignas.com.mx\/index.php\/author\/noticieros-televisa\/"}]}},"_links":{"self":[{"href":"https:\/\/fuentesfidedignas.com.mx\/index.php\/wp-json\/wp\/v2\/posts\/41155","targetHints":{"allow":["GET"]}}],"collection":[{"href":"https:\/\/fuentesfidedignas.com.mx\/index.php\/wp-json\/wp\/v2\/posts"}],"about":[{"href":"https:\/\/fuentesfidedignas.com.mx\/index.php\/wp-json\/wp\/v2\/types\/post"}],"author":[{"embeddable":true,"href":"https:\/\/fuentesfidedignas.com.mx\/index.php\/wp-json\/wp\/v2\/users\/46"}],"replies":[{"embeddable":true,"href":"https:\/\/fuentesfidedignas.com.mx\/index.php\/wp-json\/wp\/v2\/comments?post=41155"}],"version-history":[{"count":2,"href":"https:\/\/fuentesfidedignas.com.mx\/index.php\/wp-json\/wp\/v2\/posts\/41155\/revisions"}],"predecessor-version":[{"id":41160,"href":"https:\/\/fuentesfidedignas.com.mx\/index.php\/wp-json\/wp\/v2\/posts\/41155\/revisions\/41160"}],"wp:featuredmedia":[{"embeddable":true,"href":"https:\/\/fuentesfidedignas.com.mx\/index.php\/wp-json\/wp\/v2\/media\/41159"}],"wp:attachment":[{"href":"https:\/\/fuentesfidedignas.com.mx\/index.php\/wp-json\/wp\/v2\/media?parent=41155"}],"wp:term":[{"taxonomy":"category","embeddable":true,"href":"https:\/\/fuentesfidedignas.com.mx\/index.php\/wp-json\/wp\/v2\/categories?post=41155"},{"taxonomy":"post_tag","embeddable":true,"href":"https:\/\/fuentesfidedignas.com.mx\/index.php\/wp-json\/wp\/v2\/tags?post=41155"}],"curies":[{"name":"wp","href":"https:\/\/api.w.org\/{rel}","templated":true}]}}