{"id":4114,"date":"2021-06-05T07:45:19","date_gmt":"2021-06-05T14:45:19","guid":{"rendered":"https:\/\/fuentesfidedignas.com.mx\/?p=4114"},"modified":"2021-06-05T07:45:20","modified_gmt":"2021-06-05T14:45:20","slug":"dia-mundial-del-medio-ambiente-vamos-a-esperar-a-que-quede-la-ultima-planta-para-crear-conciencia","status":"publish","type":"post","link":"https:\/\/fuentesfidedignas.com.mx\/index.php\/2021\/06\/05\/dia-mundial-del-medio-ambiente-vamos-a-esperar-a-que-quede-la-ultima-planta-para-crear-conciencia\/","title":{"rendered":"D\u00eda mundial del medio ambiente \u00bfvamos a esperar a que quede la \u00faltima planta para crear conciencia?"},"content":{"rendered":"\n<figure class=\"wp-block-embed is-type-video is-provider-youtube wp-block-embed-youtube wp-embed-aspect-16-9 wp-has-aspect-ratio\"><div class=\"wp-block-embed__wrapper\">\n<div class=\"youtube-embed\" data-video_id=\"YZMoHGTwUBE\"><iframe loading=\"lazy\" title=\"Trilogia de Cortometrajes &quot;Dia Mundial del Medio ambiente&quot;\" width=\"696\" height=\"392\" src=\"https:\/\/www.youtube.com\/embed\/YZMoHGTwUBE?feature=oembed&#038;enablejsapi=1\" frameborder=\"0\" allow=\"accelerometer; autoplay; clipboard-write; encrypted-media; gyroscope; picture-in-picture\" allowfullscreen><\/iframe><\/div>\n<\/div><\/figure>\n\n\n\n<p>Ante este gran problema, el d\u00eda mundial del medio ambiente&nbsp;&nbsp;se centra en la restauraci\u00f3n de ecosistemas con el lema &#8220;Reimagina, recrea, restaura&#8221;.<\/p>\n\n\n\n<p>Restaurar los ecosistemas significa prevenir, detener y revertir este da\u00f1o, pasar de explotar la naturaleza a curarla. Para ello, y precisamente en este d\u00eda Rulex EO invita a reflexionar con su trilog\u00eda de cortometrajes.<\/p>\n\n\n\n<p>La aparici\u00f3n de la COVID-19 tambi\u00e9n ha demostrado lo desastrosas que pueden ser las consecuencias de la p\u00e9rdida de ecosistemas. Al reducir el \u00e1rea de h\u00e1bitat natural para los animales, hemos creado las condiciones ideales para que los pat\u00f3genos, incluidos los coronavirus, se propaguen.<\/p>\n\n\n\n<p>Nos estamos secando, cada vez es m\u00e1s obvio la falta de agua, principalmente en las presas de nuestro estado. Pero, \u00bfqu\u00e9 estamos haciendo para que esto cambie? \u00bfcu\u00e1ntos \u00e1rboles hemos sembrado y cuidado? \u00bfvamos a esperar a que quede la \u00faltima planta para crear conciencia?<\/p>\n","protected":false},"excerpt":{"rendered":"<p>Ante este gran problema, el d\u00eda mundial del medio ambiente&nbsp;&nbsp;se centra en la restauraci\u00f3n de ecosistemas con el lema &#8220;Reimagina, recrea, restaura&#8221;. Restaurar los ecosistemas significa prevenir, detener y revertir este da\u00f1o, pasar de explotar la naturaleza a curarla. Para ello, y precisamente en este d\u00eda Rulex EO invita a reflexionar con su trilog\u00eda de [&hellip;]<\/p>\n","protected":false},"author":49,"featured_media":4115,"comment_status":"open","ping_status":"open","sticky":true,"template":"","format":"video","meta":{"tdm_status":"","tdm_grid_status":"","footnotes":""},"categories":[307],"tags":[],"class_list":{"0":"post-4114","1":"post","2":"type-post","3":"status-publish","4":"format-video","5":"has-post-thumbnail","7":"category-ruleteando","8":"post_format-post-format-video"},"yoast_head":"<!-- This site is optimized with the Yoast SEO plugin v27.5 - https:\/\/yoast.com\/product\/yoast-seo-wordpress\/ -->\n<title>D\u00eda mundial del medio ambiente \u00bfvamos a esperar a que quede la \u00faltima planta para crear conciencia? - Fuentes Fidedignas<\/title>\n<meta name=\"robots\" content=\"index, follow, max-snippet:-1, max-image-preview:large, max-video-preview:-1\" \/>\n<link rel=\"canonical\" href=\"https:\/\/fuentesfidedignas.com.mx\/index.php\/2021\/06\/05\/dia-mundial-del-medio-ambiente-vamos-a-esperar-a-que-quede-la-ultima-planta-para-crear-conciencia\/\" \/>\n<meta property=\"og:locale\" content=\"es_MX\" \/>\n<meta property=\"og:type\" content=\"article\" \/>\n<meta property=\"og:title\" content=\"D\u00eda mundial del medio ambiente \u00bfvamos a esperar a que quede la \u00faltima planta para crear conciencia? - Fuentes Fidedignas\" \/>\n<meta property=\"og:description\" content=\"Ante este gran problema, el d\u00eda mundial del medio ambiente&nbsp;&nbsp;se centra en la restauraci\u00f3n de ecosistemas con el lema &#8220;Reimagina, recrea, restaura&#8221;. Restaurar los ecosistemas significa prevenir, detener y revertir este da\u00f1o, pasar de explotar la naturaleza a curarla. Para ello, y precisamente en este d\u00eda Rulex EO invita a reflexionar con su trilog\u00eda de [&hellip;]\" \/>\n<meta property=\"og:url\" content=\"https:\/\/fuentesfidedignas.com.mx\/index.php\/2021\/06\/05\/dia-mundial-del-medio-ambiente-vamos-a-esperar-a-que-quede-la-ultima-planta-para-crear-conciencia\/\" \/>\n<meta property=\"og:site_name\" content=\"Fuentes Fidedignas\" \/>\n<meta property=\"article:publisher\" content=\"https:\/\/www.facebook.com\/Fuentes-Fidedignas-368234489921644\" \/>\n<meta property=\"article:published_time\" content=\"2021-06-05T14:45:19+00:00\" \/>\n<meta property=\"article:modified_time\" content=\"2021-06-05T14:45:20+00:00\" \/>\n<meta property=\"og:image\" content=\"https:\/\/fuentesfidedignas.com.mx\/wp-content\/uploads\/2021\/06\/dia-del-medioambiente.png\" \/>\n\t<meta property=\"og:image:width\" content=\"1512\" \/>\n\t<meta property=\"og:image:height\" content=\"849\" \/>\n\t<meta property=\"og:image:type\" content=\"image\/png\" \/>\n<meta name=\"author\" content=\"Rulex EO\" \/>\n<meta name=\"twitter:card\" content=\"summary_large_image\" \/>\n<meta name=\"twitter:creator\" content=\"@fidedignas\" \/>\n<meta name=\"twitter:site\" content=\"@fidedignas\" \/>\n<meta name=\"twitter:label1\" content=\"Escrito por\" \/>\n\t<meta name=\"twitter:data1\" content=\"Rulex EO\" \/>\n\t<meta name=\"twitter:label2\" content=\"Tiempo de lectura\" \/>\n\t<meta name=\"twitter:data2\" content=\"1 minuto\" \/>\n<script type=\"application\/ld+json\" class=\"yoast-schema-graph\">{\"@context\":\"https:\\\/\\\/schema.org\",\"@graph\":[{\"@type\":\"Article\",\"@id\":\"https:\\\/\\\/fuentesfidedignas.com.mx\\\/index.php\\\/2021\\\/06\\\/05\\\/dia-mundial-del-medio-ambiente-vamos-a-esperar-a-que-quede-la-ultima-planta-para-crear-conciencia\\\/#article\",\"isPartOf\":{\"@id\":\"https:\\\/\\\/fuentesfidedignas.com.mx\\\/index.php\\\/2021\\\/06\\\/05\\\/dia-mundial-del-medio-ambiente-vamos-a-esperar-a-que-quede-la-ultima-planta-para-crear-conciencia\\\/\"},\"author\":{\"name\":\"Rulex EO\",\"@id\":\"https:\\\/\\\/fuentesfidedignas.com.mx\\\/#\\\/schema\\\/person\\\/20930f43e3dc1a7d8e6694fc9e20787c\"},\"headline\":\"D\u00eda mundial del medio ambiente \u00bfvamos a esperar a que quede la \u00faltima planta para crear conciencia?\",\"datePublished\":\"2021-06-05T14:45:19+00:00\",\"dateModified\":\"2021-06-05T14:45:20+00:00\",\"mainEntityOfPage\":{\"@id\":\"https:\\\/\\\/fuentesfidedignas.com.mx\\\/index.php\\\/2021\\\/06\\\/05\\\/dia-mundial-del-medio-ambiente-vamos-a-esperar-a-que-quede-la-ultima-planta-para-crear-conciencia\\\/\"},\"wordCount\":185,\"commentCount\":0,\"publisher\":{\"@id\":\"https:\\\/\\\/fuentesfidedignas.com.mx\\\/#organization\"},\"image\":{\"@id\":\"https:\\\/\\\/fuentesfidedignas.com.mx\\\/index.php\\\/2021\\\/06\\\/05\\\/dia-mundial-del-medio-ambiente-vamos-a-esperar-a-que-quede-la-ultima-planta-para-crear-conciencia\\\/#primaryimage\"},\"thumbnailUrl\":\"https:\\\/\\\/fuentesfidedignas.com.mx\\\/wp-content\\\/uploads\\\/2021\\\/06\\\/dia-del-medioambiente.png\",\"articleSection\":[\"RULETEANDO\"],\"inLanguage\":\"es\",\"potentialAction\":[{\"@type\":\"CommentAction\",\"name\":\"Comment\",\"target\":[\"https:\\\/\\\/fuentesfidedignas.com.mx\\\/index.php\\\/2021\\\/06\\\/05\\\/dia-mundial-del-medio-ambiente-vamos-a-esperar-a-que-quede-la-ultima-planta-para-crear-conciencia\\\/#respond\"]}]},{\"@type\":\"WebPage\",\"@id\":\"https:\\\/\\\/fuentesfidedignas.com.mx\\\/index.php\\\/2021\\\/06\\\/05\\\/dia-mundial-del-medio-ambiente-vamos-a-esperar-a-que-quede-la-ultima-planta-para-crear-conciencia\\\/\",\"url\":\"https:\\\/\\\/fuentesfidedignas.com.mx\\\/index.php\\\/2021\\\/06\\\/05\\\/dia-mundial-del-medio-ambiente-vamos-a-esperar-a-que-quede-la-ultima-planta-para-crear-conciencia\\\/\",\"name\":\"D\u00eda mundial del medio ambiente \u00bfvamos a esperar a que quede la \u00faltima planta para crear conciencia? - Fuentes Fidedignas\",\"isPartOf\":{\"@id\":\"https:\\\/\\\/fuentesfidedignas.com.mx\\\/#website\"},\"primaryImageOfPage\":{\"@id\":\"https:\\\/\\\/fuentesfidedignas.com.mx\\\/index.php\\\/2021\\\/06\\\/05\\\/dia-mundial-del-medio-ambiente-vamos-a-esperar-a-que-quede-la-ultima-planta-para-crear-conciencia\\\/#primaryimage\"},\"image\":{\"@id\":\"https:\\\/\\\/fuentesfidedignas.com.mx\\\/index.php\\\/2021\\\/06\\\/05\\\/dia-mundial-del-medio-ambiente-vamos-a-esperar-a-que-quede-la-ultima-planta-para-crear-conciencia\\\/#primaryimage\"},\"thumbnailUrl\":\"https:\\\/\\\/fuentesfidedignas.com.mx\\\/wp-content\\\/uploads\\\/2021\\\/06\\\/dia-del-medioambiente.png\",\"datePublished\":\"2021-06-05T14:45:19+00:00\",\"dateModified\":\"2021-06-05T14:45:20+00:00\",\"breadcrumb\":{\"@id\":\"https:\\\/\\\/fuentesfidedignas.com.mx\\\/index.php\\\/2021\\\/06\\\/05\\\/dia-mundial-del-medio-ambiente-vamos-a-esperar-a-que-quede-la-ultima-planta-para-crear-conciencia\\\/#breadcrumb\"},\"inLanguage\":\"es\",\"potentialAction\":[{\"@type\":\"ReadAction\",\"target\":[\"https:\\\/\\\/fuentesfidedignas.com.mx\\\/index.php\\\/2021\\\/06\\\/05\\\/dia-mundial-del-medio-ambiente-vamos-a-esperar-a-que-quede-la-ultima-planta-para-crear-conciencia\\\/\"]}]},{\"@type\":\"ImageObject\",\"inLanguage\":\"es\",\"@id\":\"https:\\\/\\\/fuentesfidedignas.com.mx\\\/index.php\\\/2021\\\/06\\\/05\\\/dia-mundial-del-medio-ambiente-vamos-a-esperar-a-que-quede-la-ultima-planta-para-crear-conciencia\\\/#primaryimage\",\"url\":\"https:\\\/\\\/fuentesfidedignas.com.mx\\\/wp-content\\\/uploads\\\/2021\\\/06\\\/dia-del-medioambiente.png\",\"contentUrl\":\"https:\\\/\\\/fuentesfidedignas.com.mx\\\/wp-content\\\/uploads\\\/2021\\\/06\\\/dia-del-medioambiente.png\",\"width\":1512,\"height\":849,\"caption\":\"Nos estamos secando\"},{\"@type\":\"BreadcrumbList\",\"@id\":\"https:\\\/\\\/fuentesfidedignas.com.mx\\\/index.php\\\/2021\\\/06\\\/05\\\/dia-mundial-del-medio-ambiente-vamos-a-esperar-a-que-quede-la-ultima-planta-para-crear-conciencia\\\/#breadcrumb\",\"itemListElement\":[{\"@type\":\"ListItem\",\"position\":1,\"name\":\"Inicio\",\"item\":\"https:\\\/\\\/fuentesfidedignas.com.mx\\\/\"},{\"@type\":\"ListItem\",\"position\":2,\"name\":\"D\u00eda mundial del medio ambiente \u00bfvamos a esperar a que quede la \u00faltima planta para crear conciencia?\"}]},{\"@type\":\"WebSite\",\"@id\":\"https:\\\/\\\/fuentesfidedignas.com.mx\\\/#website\",\"url\":\"https:\\\/\\\/fuentesfidedignas.com.mx\\\/\",\"name\":\"Fuentes Fidedignas\",\"description\":\"Otro sitio realizado con WordPress\",\"publisher\":{\"@id\":\"https:\\\/\\\/fuentesfidedignas.com.mx\\\/#organization\"},\"potentialAction\":[{\"@type\":\"SearchAction\",\"target\":{\"@type\":\"EntryPoint\",\"urlTemplate\":\"https:\\\/\\\/fuentesfidedignas.com.mx\\\/?s={search_term_string}\"},\"query-input\":{\"@type\":\"PropertyValueSpecification\",\"valueRequired\":true,\"valueName\":\"search_term_string\"}}],\"inLanguage\":\"es\"},{\"@type\":\"Organization\",\"@id\":\"https:\\\/\\\/fuentesfidedignas.com.mx\\\/#organization\",\"name\":\"Fuentes Fidedignas\",\"url\":\"https:\\\/\\\/fuentesfidedignas.com.mx\\\/\",\"logo\":{\"@type\":\"ImageObject\",\"inLanguage\":\"es\",\"@id\":\"https:\\\/\\\/fuentesfidedignas.com.mx\\\/#\\\/schema\\\/logo\\\/image\\\/\",\"url\":\"https:\\\/\\\/fuentesfidedignas.com.mx\\\/wp-content\\\/uploads\\\/2021\\\/04\\\/logo-retina.png\",\"contentUrl\":\"https:\\\/\\\/fuentesfidedignas.com.mx\\\/wp-content\\\/uploads\\\/2021\\\/04\\\/logo-retina.png\",\"width\":280,\"height\":51,\"caption\":\"Fuentes Fidedignas\"},\"image\":{\"@id\":\"https:\\\/\\\/fuentesfidedignas.com.mx\\\/#\\\/schema\\\/logo\\\/image\\\/\"},\"sameAs\":[\"https:\\\/\\\/www.facebook.com\\\/Fuentes-Fidedignas-368234489921644\",\"https:\\\/\\\/x.com\\\/fidedignas\"]},{\"@type\":\"Person\",\"@id\":\"https:\\\/\\\/fuentesfidedignas.com.mx\\\/#\\\/schema\\\/person\\\/20930f43e3dc1a7d8e6694fc9e20787c\",\"name\":\"Rulex EO\",\"image\":{\"@type\":\"ImageObject\",\"inLanguage\":\"es\",\"@id\":\"https:\\\/\\\/secure.gravatar.com\\\/avatar\\\/6be06fb154aa204107056e0710d80d02ae63a7acd89e3027e6621e33b06b5311?s=96&d=mm&r=g\",\"url\":\"https:\\\/\\\/secure.gravatar.com\\\/avatar\\\/6be06fb154aa204107056e0710d80d02ae63a7acd89e3027e6621e33b06b5311?s=96&d=mm&r=g\",\"contentUrl\":\"https:\\\/\\\/secure.gravatar.com\\\/avatar\\\/6be06fb154aa204107056e0710d80d02ae63a7acd89e3027e6621e33b06b5311?s=96&d=mm&r=g\",\"caption\":\"Rulex EO\"},\"url\":\"https:\\\/\\\/fuentesfidedignas.com.mx\\\/index.php\\\/author\\\/rulex\\\/\"}]}<\/script>\n<!-- \/ Yoast SEO plugin. -->","yoast_head_json":{"title":"D\u00eda mundial del medio ambiente \u00bfvamos a esperar a que quede la \u00faltima planta para crear conciencia? - Fuentes Fidedignas","robots":{"index":"index","follow":"follow","max-snippet":"max-snippet:-1","max-image-preview":"max-image-preview:large","max-video-preview":"max-video-preview:-1"},"canonical":"https:\/\/fuentesfidedignas.com.mx\/index.php\/2021\/06\/05\/dia-mundial-del-medio-ambiente-vamos-a-esperar-a-que-quede-la-ultima-planta-para-crear-conciencia\/","og_locale":"es_MX","og_type":"article","og_title":"D\u00eda mundial del medio ambiente \u00bfvamos a esperar a que quede la \u00faltima planta para crear conciencia? - Fuentes Fidedignas","og_description":"Ante este gran problema, el d\u00eda mundial del medio ambiente&nbsp;&nbsp;se centra en la restauraci\u00f3n de ecosistemas con el lema &#8220;Reimagina, recrea, restaura&#8221;. Restaurar los ecosistemas significa prevenir, detener y revertir este da\u00f1o, pasar de explotar la naturaleza a curarla. Para ello, y precisamente en este d\u00eda Rulex EO invita a reflexionar con su trilog\u00eda de [&hellip;]","og_url":"https:\/\/fuentesfidedignas.com.mx\/index.php\/2021\/06\/05\/dia-mundial-del-medio-ambiente-vamos-a-esperar-a-que-quede-la-ultima-planta-para-crear-conciencia\/","og_site_name":"Fuentes Fidedignas","article_publisher":"https:\/\/www.facebook.com\/Fuentes-Fidedignas-368234489921644","article_published_time":"2021-06-05T14:45:19+00:00","article_modified_time":"2021-06-05T14:45:20+00:00","og_image":[{"width":1512,"height":849,"url":"https:\/\/fuentesfidedignas.com.mx\/wp-content\/uploads\/2021\/06\/dia-del-medioambiente.png","type":"image\/png"}],"author":"Rulex EO","twitter_card":"summary_large_image","twitter_creator":"@fidedignas","twitter_site":"@fidedignas","twitter_misc":{"Escrito por":"Rulex EO","Tiempo de lectura":"1 minuto"},"schema":{"@context":"https:\/\/schema.org","@graph":[{"@type":"Article","@id":"https:\/\/fuentesfidedignas.com.mx\/index.php\/2021\/06\/05\/dia-mundial-del-medio-ambiente-vamos-a-esperar-a-que-quede-la-ultima-planta-para-crear-conciencia\/#article","isPartOf":{"@id":"https:\/\/fuentesfidedignas.com.mx\/index.php\/2021\/06\/05\/dia-mundial-del-medio-ambiente-vamos-a-esperar-a-que-quede-la-ultima-planta-para-crear-conciencia\/"},"author":{"name":"Rulex EO","@id":"https:\/\/fuentesfidedignas.com.mx\/#\/schema\/person\/20930f43e3dc1a7d8e6694fc9e20787c"},"headline":"D\u00eda mundial del medio ambiente \u00bfvamos a esperar a que quede la \u00faltima planta para crear conciencia?","datePublished":"2021-06-05T14:45:19+00:00","dateModified":"2021-06-05T14:45:20+00:00","mainEntityOfPage":{"@id":"https:\/\/fuentesfidedignas.com.mx\/index.php\/2021\/06\/05\/dia-mundial-del-medio-ambiente-vamos-a-esperar-a-que-quede-la-ultima-planta-para-crear-conciencia\/"},"wordCount":185,"commentCount":0,"publisher":{"@id":"https:\/\/fuentesfidedignas.com.mx\/#organization"},"image":{"@id":"https:\/\/fuentesfidedignas.com.mx\/index.php\/2021\/06\/05\/dia-mundial-del-medio-ambiente-vamos-a-esperar-a-que-quede-la-ultima-planta-para-crear-conciencia\/#primaryimage"},"thumbnailUrl":"https:\/\/fuentesfidedignas.com.mx\/wp-content\/uploads\/2021\/06\/dia-del-medioambiente.png","articleSection":["RULETEANDO"],"inLanguage":"es","potentialAction":[{"@type":"CommentAction","name":"Comment","target":["https:\/\/fuentesfidedignas.com.mx\/index.php\/2021\/06\/05\/dia-mundial-del-medio-ambiente-vamos-a-esperar-a-que-quede-la-ultima-planta-para-crear-conciencia\/#respond"]}]},{"@type":"WebPage","@id":"https:\/\/fuentesfidedignas.com.mx\/index.php\/2021\/06\/05\/dia-mundial-del-medio-ambiente-vamos-a-esperar-a-que-quede-la-ultima-planta-para-crear-conciencia\/","url":"https:\/\/fuentesfidedignas.com.mx\/index.php\/2021\/06\/05\/dia-mundial-del-medio-ambiente-vamos-a-esperar-a-que-quede-la-ultima-planta-para-crear-conciencia\/","name":"D\u00eda mundial del medio ambiente \u00bfvamos a esperar a que quede la \u00faltima planta para crear conciencia? - Fuentes Fidedignas","isPartOf":{"@id":"https:\/\/fuentesfidedignas.com.mx\/#website"},"primaryImageOfPage":{"@id":"https:\/\/fuentesfidedignas.com.mx\/index.php\/2021\/06\/05\/dia-mundial-del-medio-ambiente-vamos-a-esperar-a-que-quede-la-ultima-planta-para-crear-conciencia\/#primaryimage"},"image":{"@id":"https:\/\/fuentesfidedignas.com.mx\/index.php\/2021\/06\/05\/dia-mundial-del-medio-ambiente-vamos-a-esperar-a-que-quede-la-ultima-planta-para-crear-conciencia\/#primaryimage"},"thumbnailUrl":"https:\/\/fuentesfidedignas.com.mx\/wp-content\/uploads\/2021\/06\/dia-del-medioambiente.png","datePublished":"2021-06-05T14:45:19+00:00","dateModified":"2021-06-05T14:45:20+00:00","breadcrumb":{"@id":"https:\/\/fuentesfidedignas.com.mx\/index.php\/2021\/06\/05\/dia-mundial-del-medio-ambiente-vamos-a-esperar-a-que-quede-la-ultima-planta-para-crear-conciencia\/#breadcrumb"},"inLanguage":"es","potentialAction":[{"@type":"ReadAction","target":["https:\/\/fuentesfidedignas.com.mx\/index.php\/2021\/06\/05\/dia-mundial-del-medio-ambiente-vamos-a-esperar-a-que-quede-la-ultima-planta-para-crear-conciencia\/"]}]},{"@type":"ImageObject","inLanguage":"es","@id":"https:\/\/fuentesfidedignas.com.mx\/index.php\/2021\/06\/05\/dia-mundial-del-medio-ambiente-vamos-a-esperar-a-que-quede-la-ultima-planta-para-crear-conciencia\/#primaryimage","url":"https:\/\/fuentesfidedignas.com.mx\/wp-content\/uploads\/2021\/06\/dia-del-medioambiente.png","contentUrl":"https:\/\/fuentesfidedignas.com.mx\/wp-content\/uploads\/2021\/06\/dia-del-medioambiente.png","width":1512,"height":849,"caption":"Nos estamos secando"},{"@type":"BreadcrumbList","@id":"https:\/\/fuentesfidedignas.com.mx\/index.php\/2021\/06\/05\/dia-mundial-del-medio-ambiente-vamos-a-esperar-a-que-quede-la-ultima-planta-para-crear-conciencia\/#breadcrumb","itemListElement":[{"@type":"ListItem","position":1,"name":"Inicio","item":"https:\/\/fuentesfidedignas.com.mx\/"},{"@type":"ListItem","position":2,"name":"D\u00eda mundial del medio ambiente \u00bfvamos a esperar a que quede la \u00faltima planta para crear conciencia?"}]},{"@type":"WebSite","@id":"https:\/\/fuentesfidedignas.com.mx\/#website","url":"https:\/\/fuentesfidedignas.com.mx\/","name":"Fuentes Fidedignas","description":"Otro sitio realizado con WordPress","publisher":{"@id":"https:\/\/fuentesfidedignas.com.mx\/#organization"},"potentialAction":[{"@type":"SearchAction","target":{"@type":"EntryPoint","urlTemplate":"https:\/\/fuentesfidedignas.com.mx\/?s={search_term_string}"},"query-input":{"@type":"PropertyValueSpecification","valueRequired":true,"valueName":"search_term_string"}}],"inLanguage":"es"},{"@type":"Organization","@id":"https:\/\/fuentesfidedignas.com.mx\/#organization","name":"Fuentes Fidedignas","url":"https:\/\/fuentesfidedignas.com.mx\/","logo":{"@type":"ImageObject","inLanguage":"es","@id":"https:\/\/fuentesfidedignas.com.mx\/#\/schema\/logo\/image\/","url":"https:\/\/fuentesfidedignas.com.mx\/wp-content\/uploads\/2021\/04\/logo-retina.png","contentUrl":"https:\/\/fuentesfidedignas.com.mx\/wp-content\/uploads\/2021\/04\/logo-retina.png","width":280,"height":51,"caption":"Fuentes Fidedignas"},"image":{"@id":"https:\/\/fuentesfidedignas.com.mx\/#\/schema\/logo\/image\/"},"sameAs":["https:\/\/www.facebook.com\/Fuentes-Fidedignas-368234489921644","https:\/\/x.com\/fidedignas"]},{"@type":"Person","@id":"https:\/\/fuentesfidedignas.com.mx\/#\/schema\/person\/20930f43e3dc1a7d8e6694fc9e20787c","name":"Rulex EO","image":{"@type":"ImageObject","inLanguage":"es","@id":"https:\/\/secure.gravatar.com\/avatar\/6be06fb154aa204107056e0710d80d02ae63a7acd89e3027e6621e33b06b5311?s=96&d=mm&r=g","url":"https:\/\/secure.gravatar.com\/avatar\/6be06fb154aa204107056e0710d80d02ae63a7acd89e3027e6621e33b06b5311?s=96&d=mm&r=g","contentUrl":"https:\/\/secure.gravatar.com\/avatar\/6be06fb154aa204107056e0710d80d02ae63a7acd89e3027e6621e33b06b5311?s=96&d=mm&r=g","caption":"Rulex EO"},"url":"https:\/\/fuentesfidedignas.com.mx\/index.php\/author\/rulex\/"}]}},"_links":{"self":[{"href":"https:\/\/fuentesfidedignas.com.mx\/index.php\/wp-json\/wp\/v2\/posts\/4114","targetHints":{"allow":["GET"]}}],"collection":[{"href":"https:\/\/fuentesfidedignas.com.mx\/index.php\/wp-json\/wp\/v2\/posts"}],"about":[{"href":"https:\/\/fuentesfidedignas.com.mx\/index.php\/wp-json\/wp\/v2\/types\/post"}],"author":[{"embeddable":true,"href":"https:\/\/fuentesfidedignas.com.mx\/index.php\/wp-json\/wp\/v2\/users\/49"}],"replies":[{"embeddable":true,"href":"https:\/\/fuentesfidedignas.com.mx\/index.php\/wp-json\/wp\/v2\/comments?post=4114"}],"version-history":[{"count":1,"href":"https:\/\/fuentesfidedignas.com.mx\/index.php\/wp-json\/wp\/v2\/posts\/4114\/revisions"}],"predecessor-version":[{"id":4116,"href":"https:\/\/fuentesfidedignas.com.mx\/index.php\/wp-json\/wp\/v2\/posts\/4114\/revisions\/4116"}],"wp:featuredmedia":[{"embeddable":true,"href":"https:\/\/fuentesfidedignas.com.mx\/index.php\/wp-json\/wp\/v2\/media\/4115"}],"wp:attachment":[{"href":"https:\/\/fuentesfidedignas.com.mx\/index.php\/wp-json\/wp\/v2\/media?parent=4114"}],"wp:term":[{"taxonomy":"category","embeddable":true,"href":"https:\/\/fuentesfidedignas.com.mx\/index.php\/wp-json\/wp\/v2\/categories?post=4114"},{"taxonomy":"post_tag","embeddable":true,"href":"https:\/\/fuentesfidedignas.com.mx\/index.php\/wp-json\/wp\/v2\/tags?post=4114"}],"curies":[{"name":"wp","href":"https:\/\/api.w.org\/{rel}","templated":true}]}}