{"id":41112,"date":"2022-08-29T14:57:13","date_gmt":"2022-08-29T20:57:13","guid":{"rendered":"https:\/\/fuentesfidedignas.com.mx\/?p=41112"},"modified":"2022-08-29T15:00:43","modified_gmt":"2022-08-29T21:00:43","slug":"se-inaugura-formalmente-el-ciclo-escolar-2022-2023","status":"publish","type":"post","link":"https:\/\/fuentesfidedignas.com.mx\/index.php\/2022\/08\/29\/se-inaugura-formalmente-el-ciclo-escolar-2022-2023\/","title":{"rendered":"Se inaugura formalmente el ciclo escolar 2022 &#8211; 2023 en Sinaloa"},"content":{"rendered":"\n<p><em>*Sepyc priorizar\u00e1 la infraestructura educativa en zonas vulnerables.<\/em><\/p>\n\n\n\n<p><em>Culiac\u00e1n, Sin.-<\/em> Ante ni\u00f1os y ni\u00f1as de la Escuela Primaria Primaria &#8220;Rafael Ram\u00edrez&#8221;, ubicada en el sector Humaya, el Gobernador Rub\u00e9n Rocha Moya inaugur\u00f3 formalmente el ciclo escolar 2022-2023, acompa\u00f1ado de Graciela Dom\u00ednguez Nava, Secretaria de Educaci\u00f3n P\u00fablica y Cultura, Juan de Dios G\u00e1mez, Alcalde de Culiac\u00e1n, adem\u00e1s de autoridades federales y l\u00edderes sindicales magisteriales.<\/p>\n\n\n\n<p>Dom\u00ednguez Nava reiter\u00f3 el compromiso de la Sepyc de ofrecer una educaci\u00f3n integral de calidad, para alcanzar la excelencia educativa, exhortando a los docentes a realizar su labor con entusiasmo, para producir en los alumnos la autoestima y el amor por el conocimiento, enfatizando que la prioridad es mejorar la infraestructura, principalmente en las zonas vulnerables.<\/p>\n\n\n\n<figure class=\"wp-block-image size-full\"><img decoding=\"async\" width=\"1024\" height=\"682\" src=\"https:\/\/fuentesfidedignas.com.mx\/wp-content\/uploads\/2022\/08\/IMG-20220829-WA0031.jpg\" alt=\"\" class=\"wp-image-41114\" srcset=\"https:\/\/fuentesfidedignas.com.mx\/wp-content\/uploads\/2022\/08\/IMG-20220829-WA0031.jpg 1024w, https:\/\/fuentesfidedignas.com.mx\/wp-content\/uploads\/2022\/08\/IMG-20220829-WA0031-300x200.jpg 300w, https:\/\/fuentesfidedignas.com.mx\/wp-content\/uploads\/2022\/08\/IMG-20220829-WA0031-768x512.jpg 768w\" sizes=\"(max-width: 1024px) 100vw, 1024px\" \/><\/figure>\n\n\n\n<p><em>&#8220;Quiero decirles tambi\u00e9n que el sistema educativo de M\u00e9xico est\u00e1 en marcha con una nueva reforma educativa profunda. Miles de docentes de Sinaloa est\u00e1n en una capacitaci\u00f3n intensiva sobre el nuevo plan de estudios y el nuevo marco curricular. Ahora, pondremos a la comunidad al centro, en el marco de la nueva escuela mexicana. Nuestro compromiso es claro; primeramente mejorar las condiciones de infraestructura en las escuelas, para incrementar la cobertura y equidad. Vamos, primero, por las escuelas ubicadas en comunidades ind\u00edgenas y zonas vulnerables, de alta marginaci\u00f3n o hist\u00f3ricamente desatendidas. Esa es la indicaci\u00f3n de nuestro gobernador&#8221;, se\u00f1al\u00f3 la Secretar\u00eda.<\/em><\/p>\n\n\n\n<p>Rocha Moya exhort\u00f3 a maestros y directivos a atender las disposiciones de la reforma educativa federal, en especial lo relativo a los contenidos de los nuevos planes de estudio, adem\u00e1s de reiterar la importancia de capacitar a los docentes y promover los temas emergentes impulsados por la reforma, como son la equidad de g\u00e9nero, respeto al medio ambiente y derechos humanos.<\/p>\n\n\n\n<figure class=\"wp-block-image size-full\"><img decoding=\"async\" width=\"1024\" height=\"682\" src=\"https:\/\/fuentesfidedignas.com.mx\/wp-content\/uploads\/2022\/08\/IMG-20220829-WA0042.jpg\" alt=\"\" class=\"wp-image-41115\" srcset=\"https:\/\/fuentesfidedignas.com.mx\/wp-content\/uploads\/2022\/08\/IMG-20220829-WA0042.jpg 1024w, https:\/\/fuentesfidedignas.com.mx\/wp-content\/uploads\/2022\/08\/IMG-20220829-WA0042-300x200.jpg 300w, https:\/\/fuentesfidedignas.com.mx\/wp-content\/uploads\/2022\/08\/IMG-20220829-WA0042-768x512.jpg 768w\" sizes=\"(max-width: 1024px) 100vw, 1024px\" \/><\/figure>\n\n\n\n<p><em>&#8220;No pueden suplir al maestro, no se puede suplir a la maestra, entonces hay que capacitarlos, hay que mejorarles su condici\u00f3n de vida, hay que mejorarles sus ingresos y llamarlos a que nos atiendan con, bueno, la vocaci\u00f3n no es la \u00fanica que basta, tambi\u00e9n el sustento de los maestros. Entonces, yo llamo a los maestros a que abracemos esta reforma educativa que tiene un corte eminentemente humanista&#8221;, se\u00f1al\u00f3 el Gobernador.<\/em><\/p>\n\n\n\n<p>En el evento destac\u00f3 la presencia de Pamela L\u00f3pez Ruiz, titular del Programa la Escuela es Nuestra a nivel nacional, Hernando Peniche Montfort, Coordinador General de Enlace Educativo de la SEP, Genaro Torrecillas, Secretario General de la Secci\u00f3n 27 del SNTE en Sinaloa, Ricardo Madrid Uriarte, Secretario General de la Secci\u00f3n 53, Danisa Flores Ojeda, Secretaria General del Sindicato Independiente del sector educativo y Jes\u00fas \u00c1lvarez Salazar, Director del plantel anfitri\u00f3n, as\u00ed como los alumnos Christian Paloma Corvera Aispuro y Osmid Diaz Hern\u00e1ndez, adem\u00e1s de Beatriz Arlet Beltr\u00e1n Felipe, Presidente de la Asociaci\u00f3n de Padres de Familia.<\/p>\n","protected":false},"excerpt":{"rendered":"<p>*Sepyc priorizar\u00e1 la infraestructura educativa en zonas vulnerables. Culiac\u00e1n, Sin.- Ante ni\u00f1os y ni\u00f1as de la Escuela Primaria Primaria &#8220;Rafael Ram\u00edrez&#8221;, ubicada en el sector Humaya, el Gobernador Rub\u00e9n Rocha Moya inaugur\u00f3 formalmente el ciclo escolar 2022-2023, acompa\u00f1ado de Graciela Dom\u00ednguez Nava, Secretaria de Educaci\u00f3n P\u00fablica y Cultura, Juan de Dios G\u00e1mez, Alcalde de Culiac\u00e1n, [&hellip;]<\/p>\n","protected":false},"author":11,"featured_media":41117,"comment_status":"open","ping_status":"open","sticky":false,"template":"","format":"standard","meta":{"tdm_status":"","tdm_grid_status":"","footnotes":""},"categories":[37],"tags":[],"class_list":{"0":"post-41112","1":"post","2":"type-post","3":"status-publish","4":"format-standard","5":"has-post-thumbnail","7":"category-nota-principal"},"yoast_head":"<!-- This site is optimized with the Yoast SEO plugin v27.5 - https:\/\/yoast.com\/product\/yoast-seo-wordpress\/ -->\n<title>Se inaugura formalmente el ciclo escolar 2022 - 2023 en Sinaloa - Fuentes Fidedignas<\/title>\n<meta name=\"robots\" content=\"index, follow, max-snippet:-1, max-image-preview:large, max-video-preview:-1\" \/>\n<link rel=\"canonical\" href=\"https:\/\/fuentesfidedignas.com.mx\/index.php\/2022\/08\/29\/se-inaugura-formalmente-el-ciclo-escolar-2022-2023\/\" \/>\n<meta property=\"og:locale\" content=\"es_MX\" \/>\n<meta property=\"og:type\" content=\"article\" \/>\n<meta property=\"og:title\" content=\"Se inaugura formalmente el ciclo escolar 2022 - 2023 en Sinaloa - Fuentes Fidedignas\" \/>\n<meta property=\"og:description\" content=\"*Sepyc priorizar\u00e1 la infraestructura educativa en zonas vulnerables. Culiac\u00e1n, Sin.- Ante ni\u00f1os y ni\u00f1as de la Escuela Primaria Primaria &#8220;Rafael Ram\u00edrez&#8221;, ubicada en el sector Humaya, el Gobernador Rub\u00e9n Rocha Moya inaugur\u00f3 formalmente el ciclo escolar 2022-2023, acompa\u00f1ado de Graciela Dom\u00ednguez Nava, Secretaria de Educaci\u00f3n P\u00fablica y Cultura, Juan de Dios G\u00e1mez, Alcalde de Culiac\u00e1n, [&hellip;]\" \/>\n<meta property=\"og:url\" content=\"https:\/\/fuentesfidedignas.com.mx\/index.php\/2022\/08\/29\/se-inaugura-formalmente-el-ciclo-escolar-2022-2023\/\" \/>\n<meta property=\"og:site_name\" content=\"Fuentes Fidedignas\" \/>\n<meta property=\"article:publisher\" content=\"https:\/\/www.facebook.com\/Fuentes-Fidedignas-368234489921644\" \/>\n<meta property=\"article:published_time\" content=\"2022-08-29T20:57:13+00:00\" \/>\n<meta property=\"article:modified_time\" content=\"2022-08-29T21:00:43+00:00\" \/>\n<meta property=\"og:image\" content=\"https:\/\/fuentesfidedignas.com.mx\/wp-content\/uploads\/2022\/08\/IMG-20220829-WA0038.jpg\" \/>\n\t<meta property=\"og:image:width\" content=\"1024\" \/>\n\t<meta property=\"og:image:height\" content=\"655\" \/>\n\t<meta property=\"og:image:type\" content=\"image\/jpeg\" \/>\n<meta name=\"author\" content=\"Marissa Palafox\" \/>\n<meta name=\"twitter:card\" content=\"summary_large_image\" \/>\n<meta name=\"twitter:creator\" content=\"@fidedignas\" \/>\n<meta name=\"twitter:site\" content=\"@fidedignas\" \/>\n<meta name=\"twitter:label1\" content=\"Escrito por\" \/>\n\t<meta name=\"twitter:data1\" content=\"Marissa Palafox\" \/>\n\t<meta name=\"twitter:label2\" content=\"Tiempo de lectura\" \/>\n\t<meta name=\"twitter:data2\" content=\"3 minutos\" \/>\n<script type=\"application\/ld+json\" class=\"yoast-schema-graph\">{\"@context\":\"https:\\\/\\\/schema.org\",\"@graph\":[{\"@type\":\"Article\",\"@id\":\"https:\\\/\\\/fuentesfidedignas.com.mx\\\/index.php\\\/2022\\\/08\\\/29\\\/se-inaugura-formalmente-el-ciclo-escolar-2022-2023\\\/#article\",\"isPartOf\":{\"@id\":\"https:\\\/\\\/fuentesfidedignas.com.mx\\\/index.php\\\/2022\\\/08\\\/29\\\/se-inaugura-formalmente-el-ciclo-escolar-2022-2023\\\/\"},\"author\":{\"name\":\"Marissa Palafox\",\"@id\":\"https:\\\/\\\/fuentesfidedignas.com.mx\\\/#\\\/schema\\\/person\\\/2c10028b4a30078c05a056a215342ab9\"},\"headline\":\"Se inaugura formalmente el ciclo escolar 2022 &#8211; 2023 en Sinaloa\",\"datePublished\":\"2022-08-29T20:57:13+00:00\",\"dateModified\":\"2022-08-29T21:00:43+00:00\",\"mainEntityOfPage\":{\"@id\":\"https:\\\/\\\/fuentesfidedignas.com.mx\\\/index.php\\\/2022\\\/08\\\/29\\\/se-inaugura-formalmente-el-ciclo-escolar-2022-2023\\\/\"},\"wordCount\":497,\"commentCount\":0,\"publisher\":{\"@id\":\"https:\\\/\\\/fuentesfidedignas.com.mx\\\/#organization\"},\"image\":{\"@id\":\"https:\\\/\\\/fuentesfidedignas.com.mx\\\/index.php\\\/2022\\\/08\\\/29\\\/se-inaugura-formalmente-el-ciclo-escolar-2022-2023\\\/#primaryimage\"},\"thumbnailUrl\":\"https:\\\/\\\/fuentesfidedignas.com.mx\\\/wp-content\\\/uploads\\\/2022\\\/08\\\/IMG-20220829-WA0038.jpg\",\"articleSection\":[\"NOTA PRINCIPAL\"],\"inLanguage\":\"es\",\"potentialAction\":[{\"@type\":\"CommentAction\",\"name\":\"Comment\",\"target\":[\"https:\\\/\\\/fuentesfidedignas.com.mx\\\/index.php\\\/2022\\\/08\\\/29\\\/se-inaugura-formalmente-el-ciclo-escolar-2022-2023\\\/#respond\"]}]},{\"@type\":\"WebPage\",\"@id\":\"https:\\\/\\\/fuentesfidedignas.com.mx\\\/index.php\\\/2022\\\/08\\\/29\\\/se-inaugura-formalmente-el-ciclo-escolar-2022-2023\\\/\",\"url\":\"https:\\\/\\\/fuentesfidedignas.com.mx\\\/index.php\\\/2022\\\/08\\\/29\\\/se-inaugura-formalmente-el-ciclo-escolar-2022-2023\\\/\",\"name\":\"Se inaugura formalmente el ciclo escolar 2022 - 2023 en Sinaloa - Fuentes Fidedignas\",\"isPartOf\":{\"@id\":\"https:\\\/\\\/fuentesfidedignas.com.mx\\\/#website\"},\"primaryImageOfPage\":{\"@id\":\"https:\\\/\\\/fuentesfidedignas.com.mx\\\/index.php\\\/2022\\\/08\\\/29\\\/se-inaugura-formalmente-el-ciclo-escolar-2022-2023\\\/#primaryimage\"},\"image\":{\"@id\":\"https:\\\/\\\/fuentesfidedignas.com.mx\\\/index.php\\\/2022\\\/08\\\/29\\\/se-inaugura-formalmente-el-ciclo-escolar-2022-2023\\\/#primaryimage\"},\"thumbnailUrl\":\"https:\\\/\\\/fuentesfidedignas.com.mx\\\/wp-content\\\/uploads\\\/2022\\\/08\\\/IMG-20220829-WA0038.jpg\",\"datePublished\":\"2022-08-29T20:57:13+00:00\",\"dateModified\":\"2022-08-29T21:00:43+00:00\",\"breadcrumb\":{\"@id\":\"https:\\\/\\\/fuentesfidedignas.com.mx\\\/index.php\\\/2022\\\/08\\\/29\\\/se-inaugura-formalmente-el-ciclo-escolar-2022-2023\\\/#breadcrumb\"},\"inLanguage\":\"es\",\"potentialAction\":[{\"@type\":\"ReadAction\",\"target\":[\"https:\\\/\\\/fuentesfidedignas.com.mx\\\/index.php\\\/2022\\\/08\\\/29\\\/se-inaugura-formalmente-el-ciclo-escolar-2022-2023\\\/\"]}]},{\"@type\":\"ImageObject\",\"inLanguage\":\"es\",\"@id\":\"https:\\\/\\\/fuentesfidedignas.com.mx\\\/index.php\\\/2022\\\/08\\\/29\\\/se-inaugura-formalmente-el-ciclo-escolar-2022-2023\\\/#primaryimage\",\"url\":\"https:\\\/\\\/fuentesfidedignas.com.mx\\\/wp-content\\\/uploads\\\/2022\\\/08\\\/IMG-20220829-WA0038.jpg\",\"contentUrl\":\"https:\\\/\\\/fuentesfidedignas.com.mx\\\/wp-content\\\/uploads\\\/2022\\\/08\\\/IMG-20220829-WA0038.jpg\",\"width\":1024,\"height\":655},{\"@type\":\"BreadcrumbList\",\"@id\":\"https:\\\/\\\/fuentesfidedignas.com.mx\\\/index.php\\\/2022\\\/08\\\/29\\\/se-inaugura-formalmente-el-ciclo-escolar-2022-2023\\\/#breadcrumb\",\"itemListElement\":[{\"@type\":\"ListItem\",\"position\":1,\"name\":\"Inicio\",\"item\":\"https:\\\/\\\/fuentesfidedignas.com.mx\\\/\"},{\"@type\":\"ListItem\",\"position\":2,\"name\":\"Se inaugura formalmente el ciclo escolar 2022 &#8211; 2023 en Sinaloa\"}]},{\"@type\":\"WebSite\",\"@id\":\"https:\\\/\\\/fuentesfidedignas.com.mx\\\/#website\",\"url\":\"https:\\\/\\\/fuentesfidedignas.com.mx\\\/\",\"name\":\"Fuentes Fidedignas\",\"description\":\"Otro sitio realizado con WordPress\",\"publisher\":{\"@id\":\"https:\\\/\\\/fuentesfidedignas.com.mx\\\/#organization\"},\"potentialAction\":[{\"@type\":\"SearchAction\",\"target\":{\"@type\":\"EntryPoint\",\"urlTemplate\":\"https:\\\/\\\/fuentesfidedignas.com.mx\\\/?s={search_term_string}\"},\"query-input\":{\"@type\":\"PropertyValueSpecification\",\"valueRequired\":true,\"valueName\":\"search_term_string\"}}],\"inLanguage\":\"es\"},{\"@type\":\"Organization\",\"@id\":\"https:\\\/\\\/fuentesfidedignas.com.mx\\\/#organization\",\"name\":\"Fuentes Fidedignas\",\"url\":\"https:\\\/\\\/fuentesfidedignas.com.mx\\\/\",\"logo\":{\"@type\":\"ImageObject\",\"inLanguage\":\"es\",\"@id\":\"https:\\\/\\\/fuentesfidedignas.com.mx\\\/#\\\/schema\\\/logo\\\/image\\\/\",\"url\":\"https:\\\/\\\/fuentesfidedignas.com.mx\\\/wp-content\\\/uploads\\\/2021\\\/04\\\/logo-retina.png\",\"contentUrl\":\"https:\\\/\\\/fuentesfidedignas.com.mx\\\/wp-content\\\/uploads\\\/2021\\\/04\\\/logo-retina.png\",\"width\":280,\"height\":51,\"caption\":\"Fuentes Fidedignas\"},\"image\":{\"@id\":\"https:\\\/\\\/fuentesfidedignas.com.mx\\\/#\\\/schema\\\/logo\\\/image\\\/\"},\"sameAs\":[\"https:\\\/\\\/www.facebook.com\\\/Fuentes-Fidedignas-368234489921644\",\"https:\\\/\\\/x.com\\\/fidedignas\"]},{\"@type\":\"Person\",\"@id\":\"https:\\\/\\\/fuentesfidedignas.com.mx\\\/#\\\/schema\\\/person\\\/2c10028b4a30078c05a056a215342ab9\",\"name\":\"Marissa Palafox\",\"image\":{\"@type\":\"ImageObject\",\"inLanguage\":\"es\",\"@id\":\"https:\\\/\\\/secure.gravatar.com\\\/avatar\\\/20a43bdb2f2db10f20b22d4e98b96eb027faf98f7f76d29854dc5fab46d1cf71?s=96&d=mm&r=g\",\"url\":\"https:\\\/\\\/secure.gravatar.com\\\/avatar\\\/20a43bdb2f2db10f20b22d4e98b96eb027faf98f7f76d29854dc5fab46d1cf71?s=96&d=mm&r=g\",\"contentUrl\":\"https:\\\/\\\/secure.gravatar.com\\\/avatar\\\/20a43bdb2f2db10f20b22d4e98b96eb027faf98f7f76d29854dc5fab46d1cf71?s=96&d=mm&r=g\",\"caption\":\"Marissa Palafox\"},\"url\":\"https:\\\/\\\/fuentesfidedignas.com.mx\\\/index.php\\\/author\\\/marissa\\\/\"}]}<\/script>\n<!-- \/ Yoast SEO plugin. -->","yoast_head_json":{"title":"Se inaugura formalmente el ciclo escolar 2022 - 2023 en Sinaloa - Fuentes Fidedignas","robots":{"index":"index","follow":"follow","max-snippet":"max-snippet:-1","max-image-preview":"max-image-preview:large","max-video-preview":"max-video-preview:-1"},"canonical":"https:\/\/fuentesfidedignas.com.mx\/index.php\/2022\/08\/29\/se-inaugura-formalmente-el-ciclo-escolar-2022-2023\/","og_locale":"es_MX","og_type":"article","og_title":"Se inaugura formalmente el ciclo escolar 2022 - 2023 en Sinaloa - Fuentes Fidedignas","og_description":"*Sepyc priorizar\u00e1 la infraestructura educativa en zonas vulnerables. Culiac\u00e1n, Sin.- Ante ni\u00f1os y ni\u00f1as de la Escuela Primaria Primaria &#8220;Rafael Ram\u00edrez&#8221;, ubicada en el sector Humaya, el Gobernador Rub\u00e9n Rocha Moya inaugur\u00f3 formalmente el ciclo escolar 2022-2023, acompa\u00f1ado de Graciela Dom\u00ednguez Nava, Secretaria de Educaci\u00f3n P\u00fablica y Cultura, Juan de Dios G\u00e1mez, Alcalde de Culiac\u00e1n, [&hellip;]","og_url":"https:\/\/fuentesfidedignas.com.mx\/index.php\/2022\/08\/29\/se-inaugura-formalmente-el-ciclo-escolar-2022-2023\/","og_site_name":"Fuentes Fidedignas","article_publisher":"https:\/\/www.facebook.com\/Fuentes-Fidedignas-368234489921644","article_published_time":"2022-08-29T20:57:13+00:00","article_modified_time":"2022-08-29T21:00:43+00:00","og_image":[{"width":1024,"height":655,"url":"https:\/\/fuentesfidedignas.com.mx\/wp-content\/uploads\/2022\/08\/IMG-20220829-WA0038.jpg","type":"image\/jpeg"}],"author":"Marissa Palafox","twitter_card":"summary_large_image","twitter_creator":"@fidedignas","twitter_site":"@fidedignas","twitter_misc":{"Escrito por":"Marissa Palafox","Tiempo de lectura":"3 minutos"},"schema":{"@context":"https:\/\/schema.org","@graph":[{"@type":"Article","@id":"https:\/\/fuentesfidedignas.com.mx\/index.php\/2022\/08\/29\/se-inaugura-formalmente-el-ciclo-escolar-2022-2023\/#article","isPartOf":{"@id":"https:\/\/fuentesfidedignas.com.mx\/index.php\/2022\/08\/29\/se-inaugura-formalmente-el-ciclo-escolar-2022-2023\/"},"author":{"name":"Marissa Palafox","@id":"https:\/\/fuentesfidedignas.com.mx\/#\/schema\/person\/2c10028b4a30078c05a056a215342ab9"},"headline":"Se inaugura formalmente el ciclo escolar 2022 &#8211; 2023 en Sinaloa","datePublished":"2022-08-29T20:57:13+00:00","dateModified":"2022-08-29T21:00:43+00:00","mainEntityOfPage":{"@id":"https:\/\/fuentesfidedignas.com.mx\/index.php\/2022\/08\/29\/se-inaugura-formalmente-el-ciclo-escolar-2022-2023\/"},"wordCount":497,"commentCount":0,"publisher":{"@id":"https:\/\/fuentesfidedignas.com.mx\/#organization"},"image":{"@id":"https:\/\/fuentesfidedignas.com.mx\/index.php\/2022\/08\/29\/se-inaugura-formalmente-el-ciclo-escolar-2022-2023\/#primaryimage"},"thumbnailUrl":"https:\/\/fuentesfidedignas.com.mx\/wp-content\/uploads\/2022\/08\/IMG-20220829-WA0038.jpg","articleSection":["NOTA PRINCIPAL"],"inLanguage":"es","potentialAction":[{"@type":"CommentAction","name":"Comment","target":["https:\/\/fuentesfidedignas.com.mx\/index.php\/2022\/08\/29\/se-inaugura-formalmente-el-ciclo-escolar-2022-2023\/#respond"]}]},{"@type":"WebPage","@id":"https:\/\/fuentesfidedignas.com.mx\/index.php\/2022\/08\/29\/se-inaugura-formalmente-el-ciclo-escolar-2022-2023\/","url":"https:\/\/fuentesfidedignas.com.mx\/index.php\/2022\/08\/29\/se-inaugura-formalmente-el-ciclo-escolar-2022-2023\/","name":"Se inaugura formalmente el ciclo escolar 2022 - 2023 en Sinaloa - Fuentes Fidedignas","isPartOf":{"@id":"https:\/\/fuentesfidedignas.com.mx\/#website"},"primaryImageOfPage":{"@id":"https:\/\/fuentesfidedignas.com.mx\/index.php\/2022\/08\/29\/se-inaugura-formalmente-el-ciclo-escolar-2022-2023\/#primaryimage"},"image":{"@id":"https:\/\/fuentesfidedignas.com.mx\/index.php\/2022\/08\/29\/se-inaugura-formalmente-el-ciclo-escolar-2022-2023\/#primaryimage"},"thumbnailUrl":"https:\/\/fuentesfidedignas.com.mx\/wp-content\/uploads\/2022\/08\/IMG-20220829-WA0038.jpg","datePublished":"2022-08-29T20:57:13+00:00","dateModified":"2022-08-29T21:00:43+00:00","breadcrumb":{"@id":"https:\/\/fuentesfidedignas.com.mx\/index.php\/2022\/08\/29\/se-inaugura-formalmente-el-ciclo-escolar-2022-2023\/#breadcrumb"},"inLanguage":"es","potentialAction":[{"@type":"ReadAction","target":["https:\/\/fuentesfidedignas.com.mx\/index.php\/2022\/08\/29\/se-inaugura-formalmente-el-ciclo-escolar-2022-2023\/"]}]},{"@type":"ImageObject","inLanguage":"es","@id":"https:\/\/fuentesfidedignas.com.mx\/index.php\/2022\/08\/29\/se-inaugura-formalmente-el-ciclo-escolar-2022-2023\/#primaryimage","url":"https:\/\/fuentesfidedignas.com.mx\/wp-content\/uploads\/2022\/08\/IMG-20220829-WA0038.jpg","contentUrl":"https:\/\/fuentesfidedignas.com.mx\/wp-content\/uploads\/2022\/08\/IMG-20220829-WA0038.jpg","width":1024,"height":655},{"@type":"BreadcrumbList","@id":"https:\/\/fuentesfidedignas.com.mx\/index.php\/2022\/08\/29\/se-inaugura-formalmente-el-ciclo-escolar-2022-2023\/#breadcrumb","itemListElement":[{"@type":"ListItem","position":1,"name":"Inicio","item":"https:\/\/fuentesfidedignas.com.mx\/"},{"@type":"ListItem","position":2,"name":"Se inaugura formalmente el ciclo escolar 2022 &#8211; 2023 en Sinaloa"}]},{"@type":"WebSite","@id":"https:\/\/fuentesfidedignas.com.mx\/#website","url":"https:\/\/fuentesfidedignas.com.mx\/","name":"Fuentes Fidedignas","description":"Otro sitio realizado con WordPress","publisher":{"@id":"https:\/\/fuentesfidedignas.com.mx\/#organization"},"potentialAction":[{"@type":"SearchAction","target":{"@type":"EntryPoint","urlTemplate":"https:\/\/fuentesfidedignas.com.mx\/?s={search_term_string}"},"query-input":{"@type":"PropertyValueSpecification","valueRequired":true,"valueName":"search_term_string"}}],"inLanguage":"es"},{"@type":"Organization","@id":"https:\/\/fuentesfidedignas.com.mx\/#organization","name":"Fuentes Fidedignas","url":"https:\/\/fuentesfidedignas.com.mx\/","logo":{"@type":"ImageObject","inLanguage":"es","@id":"https:\/\/fuentesfidedignas.com.mx\/#\/schema\/logo\/image\/","url":"https:\/\/fuentesfidedignas.com.mx\/wp-content\/uploads\/2021\/04\/logo-retina.png","contentUrl":"https:\/\/fuentesfidedignas.com.mx\/wp-content\/uploads\/2021\/04\/logo-retina.png","width":280,"height":51,"caption":"Fuentes Fidedignas"},"image":{"@id":"https:\/\/fuentesfidedignas.com.mx\/#\/schema\/logo\/image\/"},"sameAs":["https:\/\/www.facebook.com\/Fuentes-Fidedignas-368234489921644","https:\/\/x.com\/fidedignas"]},{"@type":"Person","@id":"https:\/\/fuentesfidedignas.com.mx\/#\/schema\/person\/2c10028b4a30078c05a056a215342ab9","name":"Marissa Palafox","image":{"@type":"ImageObject","inLanguage":"es","@id":"https:\/\/secure.gravatar.com\/avatar\/20a43bdb2f2db10f20b22d4e98b96eb027faf98f7f76d29854dc5fab46d1cf71?s=96&d=mm&r=g","url":"https:\/\/secure.gravatar.com\/avatar\/20a43bdb2f2db10f20b22d4e98b96eb027faf98f7f76d29854dc5fab46d1cf71?s=96&d=mm&r=g","contentUrl":"https:\/\/secure.gravatar.com\/avatar\/20a43bdb2f2db10f20b22d4e98b96eb027faf98f7f76d29854dc5fab46d1cf71?s=96&d=mm&r=g","caption":"Marissa Palafox"},"url":"https:\/\/fuentesfidedignas.com.mx\/index.php\/author\/marissa\/"}]}},"_links":{"self":[{"href":"https:\/\/fuentesfidedignas.com.mx\/index.php\/wp-json\/wp\/v2\/posts\/41112","targetHints":{"allow":["GET"]}}],"collection":[{"href":"https:\/\/fuentesfidedignas.com.mx\/index.php\/wp-json\/wp\/v2\/posts"}],"about":[{"href":"https:\/\/fuentesfidedignas.com.mx\/index.php\/wp-json\/wp\/v2\/types\/post"}],"author":[{"embeddable":true,"href":"https:\/\/fuentesfidedignas.com.mx\/index.php\/wp-json\/wp\/v2\/users\/11"}],"replies":[{"embeddable":true,"href":"https:\/\/fuentesfidedignas.com.mx\/index.php\/wp-json\/wp\/v2\/comments?post=41112"}],"version-history":[{"count":2,"href":"https:\/\/fuentesfidedignas.com.mx\/index.php\/wp-json\/wp\/v2\/posts\/41112\/revisions"}],"predecessor-version":[{"id":41118,"href":"https:\/\/fuentesfidedignas.com.mx\/index.php\/wp-json\/wp\/v2\/posts\/41112\/revisions\/41118"}],"wp:featuredmedia":[{"embeddable":true,"href":"https:\/\/fuentesfidedignas.com.mx\/index.php\/wp-json\/wp\/v2\/media\/41117"}],"wp:attachment":[{"href":"https:\/\/fuentesfidedignas.com.mx\/index.php\/wp-json\/wp\/v2\/media?parent=41112"}],"wp:term":[{"taxonomy":"category","embeddable":true,"href":"https:\/\/fuentesfidedignas.com.mx\/index.php\/wp-json\/wp\/v2\/categories?post=41112"},{"taxonomy":"post_tag","embeddable":true,"href":"https:\/\/fuentesfidedignas.com.mx\/index.php\/wp-json\/wp\/v2\/tags?post=41112"}],"curies":[{"name":"wp","href":"https:\/\/api.w.org\/{rel}","templated":true}]}}