{"id":41070,"date":"2022-08-29T09:33:01","date_gmt":"2022-08-29T15:33:01","guid":{"rendered":"https:\/\/fuentesfidedignas.com.mx\/?p=41070"},"modified":"2022-08-29T10:43:40","modified_gmt":"2022-08-29T16:43:40","slug":"mujer-argentina-desarrolla-casco-frio-para-evitar-perdida-de-cabello-durante-las-quimios","status":"publish","type":"post","link":"https:\/\/fuentesfidedignas.com.mx\/index.php\/2022\/08\/29\/mujer-argentina-desarrolla-casco-frio-para-evitar-perdida-de-cabello-durante-las-quimios\/","title":{"rendered":"Desarrolla casco fr\u00edo para evitar p\u00e9rdida de cabello durante las &#8216;quimios&#8217;"},"content":{"rendered":"\n<p><strong><em>La dise\u00f1adora organiz\u00f3 redes de pacientes que ense\u00f1an a usar el dispositivo, consigui\u00f3 donaciones para que sea accesible a todos y demostr\u00f3 a los m\u00e9dicos que su m\u00e9todo era efectivo y no implicaba riesgos<\/em><\/strong><\/p>\n\n\n\n<p>Cuando a Paula Estrada le detectaron un c\u00e1ncer de mama y le dijeron que se le caer\u00eda el pelo por la quimioterapia, asegur\u00f3 a su onc\u00f3logo que eso no le iba a suceder.<\/p>\n\n\n\n<p>As\u00ed fue: al volver a su casa, en Buenos Aires, cre\u00f3 un casco fr\u00edo que le permiti\u00f3 transitar el tratamiento con su largo cabello rubio y ayudar a otras 60.000 personas en pa\u00edses como Espa\u00f1a, Chile, M\u00e9xico y Estados Unidos, adem\u00e1s de Argentina.<\/p>\n\n\n\n<p>&#8220;Mi onc\u00f3logo me dec\u00eda: &#8216;\u00bfPero est\u00e1s haciendo quimio?&#8217;. Feliz de la vida. Y cuando termin\u00e9 (\u2026) le dije: &#8216;No me voy a guardar esto para m\u00ed, lo que quiero es que todas las personas tengan la posibilidad&#8221;, dijo Estrada, de 54 a\u00f1os, quien asegur\u00f3 que el sistema excede lo est\u00e9tico al ayudar a enfrentar el c\u00e1ncer y a lidiar con la mirada del entorno.<\/p>\n\n\n\n<p>Estrada descubri\u00f3 que el fr\u00edo produce vasoconstricci\u00f3n, lo que hace que disminuya la llegada de la droga de la quimio al fol\u00edculo piloso evitando la alopecia, as\u00ed que us\u00f3 sus dotes de dise\u00f1adora gr\u00e1fica para crear en 2009 sus cascos caseros con geles azules utilizados por los deportistas.<\/p>\n\n\n\n<p>La dise\u00f1adora organiz\u00f3 redes de pacientes que ense\u00f1an a usar el dispositivo (www.facebook.com\/quimioconpelo.com), consigui\u00f3 donaciones para que sea accesible a todos y demostr\u00f3 a los m\u00e9dicos que su m\u00e9todo era efectivo y no implicaba riesgos.<\/p>\n\n\n\n<p>&#8220;Esto lo que hace es que vos te veas bien y que tambi\u00e9n tu mundo fluya. Conmigo nadie se dio cuenta de que yo estaba haciendo quimioterapia&#8221;, agreg\u00f3 esta mujer que ahora trabaja como coach ontol\u00f3gico, dio dos charlas TED y escribe un libro.<\/p>\n\n\n\n<p>Actualmente los cascos son aceptados en los principales hospitales de Argentina, especialmente luego de que la Administraci\u00f3n de Alimentos y Medicamentos (FDA) de Estados Unidos aprobara el m\u00e9todo en 2017.<\/p>\n\n\n\n<p>Gonzalo Recondo, onc\u00f3logo de Estrada y jefe de Oncolog\u00eda Cl\u00ednica del hospital CEMIC de Buenos Aires, explic\u00f3 que la FDA aprob\u00f3 en 2017 el sistema para mujeres con c\u00e1ncer de mama al ver que los riesgos eran &#8220;remotos&#8221;, para luego extender su uso a todos los tumores s\u00f3lidos, como pulm\u00f3n y p\u00e1ncreas, aunque no a tumores hematol\u00f3gicos como leucemia o linfoma.<\/p>\n\n\n\n<p>&#8220;Hubo una evidencia clara de que esos cascos podr\u00edan ser \u00fatiles para prevenir&#8221;, agreg\u00f3.<\/p>\n\n\n\n<p>Para que el m\u00e9todo funcione es clave usar los cascos desde la primera sesi\u00f3n de quimio, ya que el pelo se cae a las dos semanas, y que est\u00e9n congelados a -20 grados Celsius. Cada paciente tiene que calcular la cantidad de cascos que necesita, ya que hay que cambiarlos cada 30 minutos para asegurarse de que est\u00e9n lo suficientemente fr\u00edos.<\/p>\n\n\n\n<p>&#8220;Vale la pena, te hace luchar la enfermedad de otra manera, te ves distinta, tus hijos, tu entorno, los dem\u00e1s&#8221;, dijo Mari\u00e1ngeles Fern\u00e1ndez, una paciente de c\u00e1ncer de h\u00edgado de 48 a\u00f1os y madre de tres ni\u00f1os.<\/p>\n\n\n\n<p>Elsa Ram, una mujer jubilada de 64 a\u00f1os con c\u00e1ncer de mama, coincidi\u00f3. &#8220;Creo que fue la clave para mi estado de \u00e1nimo (\u2026) Es un porcentaje muy alto de poder llevar un buen tratamiento, para la parte inmunol\u00f3gica es fundamental&#8221;, afirm\u00f3.<\/p>\n\n\n\n<p>Al autorizar el m\u00e9todo, la FDA aprob\u00f3 el uso de una m\u00e1quina con un solo casco que conserva la temperatura durante todo el tratamiento. Pero no todos los hospitales ofrecen la m\u00e1quina en Argentina, donde una sesi\u00f3n cuesta unos 100 d\u00f3lares, un precio inaccesible para muchos en un pa\u00eds con crisis econ\u00f3mica, a diferencia de los 2 d\u00f3lares que valen los geles para armar la versi\u00f3n casera.<\/p>\n\n\n\n<p>Desde hace un mes, Vanina Pelliccia, una paciente de c\u00e1ncer de mama de 43 a\u00f1os, est\u00e1 probando una m\u00e1quina dise\u00f1ada por un ingeniero argentino que tambi\u00e9n emplea un solo casco de gel y logra conservar el fr\u00edo, similar a las costosas versiones estadounidense e inglesa pero a un precio m\u00e1s accesible.<\/p>\n\n\n\n<p>&#8220;Es incre\u00edble, es c\u00f3moda, no molesta para nada&#8221;, dijo Pelliccia.<\/p>\n\n\n\n<p>Estrada, quien dedica horas diarias a responder mensajes en las redes, nunca imagin\u00f3 que su idea llegar\u00eda tan lejos.<\/p>\n\n\n\n<p>&#8220;Es el poder del amor y de las redes&#8221;, concluy\u00f3.<\/p>\n","protected":false},"excerpt":{"rendered":"<p>La dise\u00f1adora organiz\u00f3 redes de pacientes que ense\u00f1an a usar el dispositivo, consigui\u00f3 donaciones para que sea accesible a todos y demostr\u00f3 a los m\u00e9dicos que su m\u00e9todo era efectivo y no implicaba riesgos Cuando a Paula Estrada le detectaron un c\u00e1ncer de mama y le dijeron que se le caer\u00eda el pelo por la [&hellip;]<\/p>\n","protected":false},"author":7,"featured_media":41071,"comment_status":"open","ping_status":"open","sticky":false,"template":"","format":"standard","meta":{"tdm_status":"","tdm_grid_status":"","footnotes":""},"categories":[40],"tags":[290,193],"class_list":{"0":"post-41070","1":"post","2":"type-post","3":"status-publish","4":"format-standard","5":"has-post-thumbnail","7":"category-las-asombrosas","8":"tag-asombrosa","9":"tag-viral"},"yoast_head":"<!-- This site is optimized with the Yoast SEO plugin v27.4 - https:\/\/yoast.com\/product\/yoast-seo-wordpress\/ -->\n<title>Desarrolla casco fr\u00edo para evitar p\u00e9rdida de cabello durante las &#039;quimios&#039; - Fuentes Fidedignas<\/title>\n<meta name=\"robots\" content=\"index, follow, max-snippet:-1, max-image-preview:large, max-video-preview:-1\" \/>\n<link rel=\"canonical\" href=\"https:\/\/fuentesfidedignas.com.mx\/index.php\/2022\/08\/29\/mujer-argentina-desarrolla-casco-frio-para-evitar-perdida-de-cabello-durante-las-quimios\/\" \/>\n<meta property=\"og:locale\" content=\"es_MX\" \/>\n<meta property=\"og:type\" content=\"article\" \/>\n<meta property=\"og:title\" content=\"Desarrolla casco fr\u00edo para evitar p\u00e9rdida de cabello durante las &#039;quimios&#039; - Fuentes Fidedignas\" \/>\n<meta property=\"og:description\" content=\"La dise\u00f1adora organiz\u00f3 redes de pacientes que ense\u00f1an a usar el dispositivo, consigui\u00f3 donaciones para que sea accesible a todos y demostr\u00f3 a los m\u00e9dicos que su m\u00e9todo era efectivo y no implicaba riesgos Cuando a Paula Estrada le detectaron un c\u00e1ncer de mama y le dijeron que se le caer\u00eda el pelo por la [&hellip;]\" \/>\n<meta property=\"og:url\" content=\"https:\/\/fuentesfidedignas.com.mx\/index.php\/2022\/08\/29\/mujer-argentina-desarrolla-casco-frio-para-evitar-perdida-de-cabello-durante-las-quimios\/\" \/>\n<meta property=\"og:site_name\" content=\"Fuentes Fidedignas\" \/>\n<meta property=\"article:publisher\" content=\"https:\/\/www.facebook.com\/Fuentes-Fidedignas-368234489921644\" \/>\n<meta property=\"article:published_time\" content=\"2022-08-29T15:33:01+00:00\" \/>\n<meta property=\"article:modified_time\" content=\"2022-08-29T16:43:40+00:00\" \/>\n<meta property=\"og:image\" content=\"https:\/\/fuentesfidedignas.com.mx\/wp-content\/uploads\/2022\/08\/MUJER_CASCO.jpg\" \/>\n\t<meta property=\"og:image:width\" content=\"800\" \/>\n\t<meta property=\"og:image:height\" content=\"600\" \/>\n\t<meta property=\"og:image:type\" content=\"image\/jpeg\" \/>\n<meta name=\"author\" content=\"Exc\u00e9lsior\" \/>\n<meta name=\"twitter:card\" content=\"summary_large_image\" \/>\n<meta name=\"twitter:creator\" content=\"@fidedignas\" \/>\n<meta name=\"twitter:site\" content=\"@fidedignas\" \/>\n<meta name=\"twitter:label1\" content=\"Escrito por\" \/>\n\t<meta name=\"twitter:data1\" content=\"Exc\u00e9lsior\" \/>\n\t<meta name=\"twitter:label2\" content=\"Tiempo de lectura\" \/>\n\t<meta name=\"twitter:data2\" content=\"4 minutos\" \/>\n<script type=\"application\/ld+json\" class=\"yoast-schema-graph\">{\"@context\":\"https:\\\/\\\/schema.org\",\"@graph\":[{\"@type\":\"Article\",\"@id\":\"https:\\\/\\\/fuentesfidedignas.com.mx\\\/index.php\\\/2022\\\/08\\\/29\\\/mujer-argentina-desarrolla-casco-frio-para-evitar-perdida-de-cabello-durante-las-quimios\\\/#article\",\"isPartOf\":{\"@id\":\"https:\\\/\\\/fuentesfidedignas.com.mx\\\/index.php\\\/2022\\\/08\\\/29\\\/mujer-argentina-desarrolla-casco-frio-para-evitar-perdida-de-cabello-durante-las-quimios\\\/\"},\"author\":{\"name\":\"Exc\u00e9lsior\",\"@id\":\"https:\\\/\\\/fuentesfidedignas.com.mx\\\/#\\\/schema\\\/person\\\/ec4edd1fbf5efa3e44fce34fe2787780\"},\"headline\":\"Desarrolla casco fr\u00edo para evitar p\u00e9rdida de cabello durante las &#8216;quimios&#8217;\",\"datePublished\":\"2022-08-29T15:33:01+00:00\",\"dateModified\":\"2022-08-29T16:43:40+00:00\",\"mainEntityOfPage\":{\"@id\":\"https:\\\/\\\/fuentesfidedignas.com.mx\\\/index.php\\\/2022\\\/08\\\/29\\\/mujer-argentina-desarrolla-casco-frio-para-evitar-perdida-de-cabello-durante-las-quimios\\\/\"},\"wordCount\":781,\"commentCount\":0,\"publisher\":{\"@id\":\"https:\\\/\\\/fuentesfidedignas.com.mx\\\/#organization\"},\"image\":{\"@id\":\"https:\\\/\\\/fuentesfidedignas.com.mx\\\/index.php\\\/2022\\\/08\\\/29\\\/mujer-argentina-desarrolla-casco-frio-para-evitar-perdida-de-cabello-durante-las-quimios\\\/#primaryimage\"},\"thumbnailUrl\":\"https:\\\/\\\/fuentesfidedignas.com.mx\\\/wp-content\\\/uploads\\\/2022\\\/08\\\/MUJER_CASCO.jpg\",\"keywords\":[\"Asombrosa\",\"Viral\"],\"articleSection\":[\"LAS ASOMBROSAS\"],\"inLanguage\":\"es\",\"potentialAction\":[{\"@type\":\"CommentAction\",\"name\":\"Comment\",\"target\":[\"https:\\\/\\\/fuentesfidedignas.com.mx\\\/index.php\\\/2022\\\/08\\\/29\\\/mujer-argentina-desarrolla-casco-frio-para-evitar-perdida-de-cabello-durante-las-quimios\\\/#respond\"]}]},{\"@type\":\"WebPage\",\"@id\":\"https:\\\/\\\/fuentesfidedignas.com.mx\\\/index.php\\\/2022\\\/08\\\/29\\\/mujer-argentina-desarrolla-casco-frio-para-evitar-perdida-de-cabello-durante-las-quimios\\\/\",\"url\":\"https:\\\/\\\/fuentesfidedignas.com.mx\\\/index.php\\\/2022\\\/08\\\/29\\\/mujer-argentina-desarrolla-casco-frio-para-evitar-perdida-de-cabello-durante-las-quimios\\\/\",\"name\":\"Desarrolla casco fr\u00edo para evitar p\u00e9rdida de cabello durante las 'quimios' - Fuentes Fidedignas\",\"isPartOf\":{\"@id\":\"https:\\\/\\\/fuentesfidedignas.com.mx\\\/#website\"},\"primaryImageOfPage\":{\"@id\":\"https:\\\/\\\/fuentesfidedignas.com.mx\\\/index.php\\\/2022\\\/08\\\/29\\\/mujer-argentina-desarrolla-casco-frio-para-evitar-perdida-de-cabello-durante-las-quimios\\\/#primaryimage\"},\"image\":{\"@id\":\"https:\\\/\\\/fuentesfidedignas.com.mx\\\/index.php\\\/2022\\\/08\\\/29\\\/mujer-argentina-desarrolla-casco-frio-para-evitar-perdida-de-cabello-durante-las-quimios\\\/#primaryimage\"},\"thumbnailUrl\":\"https:\\\/\\\/fuentesfidedignas.com.mx\\\/wp-content\\\/uploads\\\/2022\\\/08\\\/MUJER_CASCO.jpg\",\"datePublished\":\"2022-08-29T15:33:01+00:00\",\"dateModified\":\"2022-08-29T16:43:40+00:00\",\"breadcrumb\":{\"@id\":\"https:\\\/\\\/fuentesfidedignas.com.mx\\\/index.php\\\/2022\\\/08\\\/29\\\/mujer-argentina-desarrolla-casco-frio-para-evitar-perdida-de-cabello-durante-las-quimios\\\/#breadcrumb\"},\"inLanguage\":\"es\",\"potentialAction\":[{\"@type\":\"ReadAction\",\"target\":[\"https:\\\/\\\/fuentesfidedignas.com.mx\\\/index.php\\\/2022\\\/08\\\/29\\\/mujer-argentina-desarrolla-casco-frio-para-evitar-perdida-de-cabello-durante-las-quimios\\\/\"]}]},{\"@type\":\"ImageObject\",\"inLanguage\":\"es\",\"@id\":\"https:\\\/\\\/fuentesfidedignas.com.mx\\\/index.php\\\/2022\\\/08\\\/29\\\/mujer-argentina-desarrolla-casco-frio-para-evitar-perdida-de-cabello-durante-las-quimios\\\/#primaryimage\",\"url\":\"https:\\\/\\\/fuentesfidedignas.com.mx\\\/wp-content\\\/uploads\\\/2022\\\/08\\\/MUJER_CASCO.jpg\",\"contentUrl\":\"https:\\\/\\\/fuentesfidedignas.com.mx\\\/wp-content\\\/uploads\\\/2022\\\/08\\\/MUJER_CASCO.jpg\",\"width\":800,\"height\":600},{\"@type\":\"BreadcrumbList\",\"@id\":\"https:\\\/\\\/fuentesfidedignas.com.mx\\\/index.php\\\/2022\\\/08\\\/29\\\/mujer-argentina-desarrolla-casco-frio-para-evitar-perdida-de-cabello-durante-las-quimios\\\/#breadcrumb\",\"itemListElement\":[{\"@type\":\"ListItem\",\"position\":1,\"name\":\"Inicio\",\"item\":\"https:\\\/\\\/fuentesfidedignas.com.mx\\\/\"},{\"@type\":\"ListItem\",\"position\":2,\"name\":\"Desarrolla casco fr\u00edo para evitar p\u00e9rdida de cabello durante las &#8216;quimios&#8217;\"}]},{\"@type\":\"WebSite\",\"@id\":\"https:\\\/\\\/fuentesfidedignas.com.mx\\\/#website\",\"url\":\"https:\\\/\\\/fuentesfidedignas.com.mx\\\/\",\"name\":\"Fuentes Fidedignas\",\"description\":\"Otro sitio realizado con WordPress\",\"publisher\":{\"@id\":\"https:\\\/\\\/fuentesfidedignas.com.mx\\\/#organization\"},\"potentialAction\":[{\"@type\":\"SearchAction\",\"target\":{\"@type\":\"EntryPoint\",\"urlTemplate\":\"https:\\\/\\\/fuentesfidedignas.com.mx\\\/?s={search_term_string}\"},\"query-input\":{\"@type\":\"PropertyValueSpecification\",\"valueRequired\":true,\"valueName\":\"search_term_string\"}}],\"inLanguage\":\"es\"},{\"@type\":\"Organization\",\"@id\":\"https:\\\/\\\/fuentesfidedignas.com.mx\\\/#organization\",\"name\":\"Fuentes Fidedignas\",\"url\":\"https:\\\/\\\/fuentesfidedignas.com.mx\\\/\",\"logo\":{\"@type\":\"ImageObject\",\"inLanguage\":\"es\",\"@id\":\"https:\\\/\\\/fuentesfidedignas.com.mx\\\/#\\\/schema\\\/logo\\\/image\\\/\",\"url\":\"https:\\\/\\\/fuentesfidedignas.com.mx\\\/wp-content\\\/uploads\\\/2021\\\/04\\\/logo-retina.png\",\"contentUrl\":\"https:\\\/\\\/fuentesfidedignas.com.mx\\\/wp-content\\\/uploads\\\/2021\\\/04\\\/logo-retina.png\",\"width\":280,\"height\":51,\"caption\":\"Fuentes Fidedignas\"},\"image\":{\"@id\":\"https:\\\/\\\/fuentesfidedignas.com.mx\\\/#\\\/schema\\\/logo\\\/image\\\/\"},\"sameAs\":[\"https:\\\/\\\/www.facebook.com\\\/Fuentes-Fidedignas-368234489921644\",\"https:\\\/\\\/x.com\\\/fidedignas\"]},{\"@type\":\"Person\",\"@id\":\"https:\\\/\\\/fuentesfidedignas.com.mx\\\/#\\\/schema\\\/person\\\/ec4edd1fbf5efa3e44fce34fe2787780\",\"name\":\"Exc\u00e9lsior\",\"image\":{\"@type\":\"ImageObject\",\"inLanguage\":\"es\",\"@id\":\"https:\\\/\\\/secure.gravatar.com\\\/avatar\\\/4b7ee9206b48be08447852b3f0814dbc7c0f3b51541b164f1464a2725614020b?s=96&d=mm&r=g\",\"url\":\"https:\\\/\\\/secure.gravatar.com\\\/avatar\\\/4b7ee9206b48be08447852b3f0814dbc7c0f3b51541b164f1464a2725614020b?s=96&d=mm&r=g\",\"contentUrl\":\"https:\\\/\\\/secure.gravatar.com\\\/avatar\\\/4b7ee9206b48be08447852b3f0814dbc7c0f3b51541b164f1464a2725614020b?s=96&d=mm&r=g\",\"caption\":\"Exc\u00e9lsior\"},\"url\":\"https:\\\/\\\/fuentesfidedignas.com.mx\\\/index.php\\\/author\\\/excelsior\\\/\"}]}<\/script>\n<!-- \/ Yoast SEO plugin. -->","yoast_head_json":{"title":"Desarrolla casco fr\u00edo para evitar p\u00e9rdida de cabello durante las 'quimios' - Fuentes Fidedignas","robots":{"index":"index","follow":"follow","max-snippet":"max-snippet:-1","max-image-preview":"max-image-preview:large","max-video-preview":"max-video-preview:-1"},"canonical":"https:\/\/fuentesfidedignas.com.mx\/index.php\/2022\/08\/29\/mujer-argentina-desarrolla-casco-frio-para-evitar-perdida-de-cabello-durante-las-quimios\/","og_locale":"es_MX","og_type":"article","og_title":"Desarrolla casco fr\u00edo para evitar p\u00e9rdida de cabello durante las 'quimios' - Fuentes Fidedignas","og_description":"La dise\u00f1adora organiz\u00f3 redes de pacientes que ense\u00f1an a usar el dispositivo, consigui\u00f3 donaciones para que sea accesible a todos y demostr\u00f3 a los m\u00e9dicos que su m\u00e9todo era efectivo y no implicaba riesgos Cuando a Paula Estrada le detectaron un c\u00e1ncer de mama y le dijeron que se le caer\u00eda el pelo por la [&hellip;]","og_url":"https:\/\/fuentesfidedignas.com.mx\/index.php\/2022\/08\/29\/mujer-argentina-desarrolla-casco-frio-para-evitar-perdida-de-cabello-durante-las-quimios\/","og_site_name":"Fuentes Fidedignas","article_publisher":"https:\/\/www.facebook.com\/Fuentes-Fidedignas-368234489921644","article_published_time":"2022-08-29T15:33:01+00:00","article_modified_time":"2022-08-29T16:43:40+00:00","og_image":[{"width":800,"height":600,"url":"https:\/\/fuentesfidedignas.com.mx\/wp-content\/uploads\/2022\/08\/MUJER_CASCO.jpg","type":"image\/jpeg"}],"author":"Exc\u00e9lsior","twitter_card":"summary_large_image","twitter_creator":"@fidedignas","twitter_site":"@fidedignas","twitter_misc":{"Escrito por":"Exc\u00e9lsior","Tiempo de lectura":"4 minutos"},"schema":{"@context":"https:\/\/schema.org","@graph":[{"@type":"Article","@id":"https:\/\/fuentesfidedignas.com.mx\/index.php\/2022\/08\/29\/mujer-argentina-desarrolla-casco-frio-para-evitar-perdida-de-cabello-durante-las-quimios\/#article","isPartOf":{"@id":"https:\/\/fuentesfidedignas.com.mx\/index.php\/2022\/08\/29\/mujer-argentina-desarrolla-casco-frio-para-evitar-perdida-de-cabello-durante-las-quimios\/"},"author":{"name":"Exc\u00e9lsior","@id":"https:\/\/fuentesfidedignas.com.mx\/#\/schema\/person\/ec4edd1fbf5efa3e44fce34fe2787780"},"headline":"Desarrolla casco fr\u00edo para evitar p\u00e9rdida de cabello durante las &#8216;quimios&#8217;","datePublished":"2022-08-29T15:33:01+00:00","dateModified":"2022-08-29T16:43:40+00:00","mainEntityOfPage":{"@id":"https:\/\/fuentesfidedignas.com.mx\/index.php\/2022\/08\/29\/mujer-argentina-desarrolla-casco-frio-para-evitar-perdida-de-cabello-durante-las-quimios\/"},"wordCount":781,"commentCount":0,"publisher":{"@id":"https:\/\/fuentesfidedignas.com.mx\/#organization"},"image":{"@id":"https:\/\/fuentesfidedignas.com.mx\/index.php\/2022\/08\/29\/mujer-argentina-desarrolla-casco-frio-para-evitar-perdida-de-cabello-durante-las-quimios\/#primaryimage"},"thumbnailUrl":"https:\/\/fuentesfidedignas.com.mx\/wp-content\/uploads\/2022\/08\/MUJER_CASCO.jpg","keywords":["Asombrosa","Viral"],"articleSection":["LAS ASOMBROSAS"],"inLanguage":"es","potentialAction":[{"@type":"CommentAction","name":"Comment","target":["https:\/\/fuentesfidedignas.com.mx\/index.php\/2022\/08\/29\/mujer-argentina-desarrolla-casco-frio-para-evitar-perdida-de-cabello-durante-las-quimios\/#respond"]}]},{"@type":"WebPage","@id":"https:\/\/fuentesfidedignas.com.mx\/index.php\/2022\/08\/29\/mujer-argentina-desarrolla-casco-frio-para-evitar-perdida-de-cabello-durante-las-quimios\/","url":"https:\/\/fuentesfidedignas.com.mx\/index.php\/2022\/08\/29\/mujer-argentina-desarrolla-casco-frio-para-evitar-perdida-de-cabello-durante-las-quimios\/","name":"Desarrolla casco fr\u00edo para evitar p\u00e9rdida de cabello durante las 'quimios' - Fuentes Fidedignas","isPartOf":{"@id":"https:\/\/fuentesfidedignas.com.mx\/#website"},"primaryImageOfPage":{"@id":"https:\/\/fuentesfidedignas.com.mx\/index.php\/2022\/08\/29\/mujer-argentina-desarrolla-casco-frio-para-evitar-perdida-de-cabello-durante-las-quimios\/#primaryimage"},"image":{"@id":"https:\/\/fuentesfidedignas.com.mx\/index.php\/2022\/08\/29\/mujer-argentina-desarrolla-casco-frio-para-evitar-perdida-de-cabello-durante-las-quimios\/#primaryimage"},"thumbnailUrl":"https:\/\/fuentesfidedignas.com.mx\/wp-content\/uploads\/2022\/08\/MUJER_CASCO.jpg","datePublished":"2022-08-29T15:33:01+00:00","dateModified":"2022-08-29T16:43:40+00:00","breadcrumb":{"@id":"https:\/\/fuentesfidedignas.com.mx\/index.php\/2022\/08\/29\/mujer-argentina-desarrolla-casco-frio-para-evitar-perdida-de-cabello-durante-las-quimios\/#breadcrumb"},"inLanguage":"es","potentialAction":[{"@type":"ReadAction","target":["https:\/\/fuentesfidedignas.com.mx\/index.php\/2022\/08\/29\/mujer-argentina-desarrolla-casco-frio-para-evitar-perdida-de-cabello-durante-las-quimios\/"]}]},{"@type":"ImageObject","inLanguage":"es","@id":"https:\/\/fuentesfidedignas.com.mx\/index.php\/2022\/08\/29\/mujer-argentina-desarrolla-casco-frio-para-evitar-perdida-de-cabello-durante-las-quimios\/#primaryimage","url":"https:\/\/fuentesfidedignas.com.mx\/wp-content\/uploads\/2022\/08\/MUJER_CASCO.jpg","contentUrl":"https:\/\/fuentesfidedignas.com.mx\/wp-content\/uploads\/2022\/08\/MUJER_CASCO.jpg","width":800,"height":600},{"@type":"BreadcrumbList","@id":"https:\/\/fuentesfidedignas.com.mx\/index.php\/2022\/08\/29\/mujer-argentina-desarrolla-casco-frio-para-evitar-perdida-de-cabello-durante-las-quimios\/#breadcrumb","itemListElement":[{"@type":"ListItem","position":1,"name":"Inicio","item":"https:\/\/fuentesfidedignas.com.mx\/"},{"@type":"ListItem","position":2,"name":"Desarrolla casco fr\u00edo para evitar p\u00e9rdida de cabello durante las &#8216;quimios&#8217;"}]},{"@type":"WebSite","@id":"https:\/\/fuentesfidedignas.com.mx\/#website","url":"https:\/\/fuentesfidedignas.com.mx\/","name":"Fuentes Fidedignas","description":"Otro sitio realizado con WordPress","publisher":{"@id":"https:\/\/fuentesfidedignas.com.mx\/#organization"},"potentialAction":[{"@type":"SearchAction","target":{"@type":"EntryPoint","urlTemplate":"https:\/\/fuentesfidedignas.com.mx\/?s={search_term_string}"},"query-input":{"@type":"PropertyValueSpecification","valueRequired":true,"valueName":"search_term_string"}}],"inLanguage":"es"},{"@type":"Organization","@id":"https:\/\/fuentesfidedignas.com.mx\/#organization","name":"Fuentes Fidedignas","url":"https:\/\/fuentesfidedignas.com.mx\/","logo":{"@type":"ImageObject","inLanguage":"es","@id":"https:\/\/fuentesfidedignas.com.mx\/#\/schema\/logo\/image\/","url":"https:\/\/fuentesfidedignas.com.mx\/wp-content\/uploads\/2021\/04\/logo-retina.png","contentUrl":"https:\/\/fuentesfidedignas.com.mx\/wp-content\/uploads\/2021\/04\/logo-retina.png","width":280,"height":51,"caption":"Fuentes Fidedignas"},"image":{"@id":"https:\/\/fuentesfidedignas.com.mx\/#\/schema\/logo\/image\/"},"sameAs":["https:\/\/www.facebook.com\/Fuentes-Fidedignas-368234489921644","https:\/\/x.com\/fidedignas"]},{"@type":"Person","@id":"https:\/\/fuentesfidedignas.com.mx\/#\/schema\/person\/ec4edd1fbf5efa3e44fce34fe2787780","name":"Exc\u00e9lsior","image":{"@type":"ImageObject","inLanguage":"es","@id":"https:\/\/secure.gravatar.com\/avatar\/4b7ee9206b48be08447852b3f0814dbc7c0f3b51541b164f1464a2725614020b?s=96&d=mm&r=g","url":"https:\/\/secure.gravatar.com\/avatar\/4b7ee9206b48be08447852b3f0814dbc7c0f3b51541b164f1464a2725614020b?s=96&d=mm&r=g","contentUrl":"https:\/\/secure.gravatar.com\/avatar\/4b7ee9206b48be08447852b3f0814dbc7c0f3b51541b164f1464a2725614020b?s=96&d=mm&r=g","caption":"Exc\u00e9lsior"},"url":"https:\/\/fuentesfidedignas.com.mx\/index.php\/author\/excelsior\/"}]}},"_links":{"self":[{"href":"https:\/\/fuentesfidedignas.com.mx\/index.php\/wp-json\/wp\/v2\/posts\/41070","targetHints":{"allow":["GET"]}}],"collection":[{"href":"https:\/\/fuentesfidedignas.com.mx\/index.php\/wp-json\/wp\/v2\/posts"}],"about":[{"href":"https:\/\/fuentesfidedignas.com.mx\/index.php\/wp-json\/wp\/v2\/types\/post"}],"author":[{"embeddable":true,"href":"https:\/\/fuentesfidedignas.com.mx\/index.php\/wp-json\/wp\/v2\/users\/7"}],"replies":[{"embeddable":true,"href":"https:\/\/fuentesfidedignas.com.mx\/index.php\/wp-json\/wp\/v2\/comments?post=41070"}],"version-history":[{"count":3,"href":"https:\/\/fuentesfidedignas.com.mx\/index.php\/wp-json\/wp\/v2\/posts\/41070\/revisions"}],"predecessor-version":[{"id":41089,"href":"https:\/\/fuentesfidedignas.com.mx\/index.php\/wp-json\/wp\/v2\/posts\/41070\/revisions\/41089"}],"wp:featuredmedia":[{"embeddable":true,"href":"https:\/\/fuentesfidedignas.com.mx\/index.php\/wp-json\/wp\/v2\/media\/41071"}],"wp:attachment":[{"href":"https:\/\/fuentesfidedignas.com.mx\/index.php\/wp-json\/wp\/v2\/media?parent=41070"}],"wp:term":[{"taxonomy":"category","embeddable":true,"href":"https:\/\/fuentesfidedignas.com.mx\/index.php\/wp-json\/wp\/v2\/categories?post=41070"},{"taxonomy":"post_tag","embeddable":true,"href":"https:\/\/fuentesfidedignas.com.mx\/index.php\/wp-json\/wp\/v2\/tags?post=41070"}],"curies":[{"name":"wp","href":"https:\/\/api.w.org\/{rel}","templated":true}]}}