{"id":41032,"date":"2022-08-28T08:49:20","date_gmt":"2022-08-28T14:49:20","guid":{"rendered":"https:\/\/fuentesfidedignas.com.mx\/?p=41032"},"modified":"2022-08-28T08:49:22","modified_gmt":"2022-08-28T14:49:22","slug":"llevele-llevele-canelo-alvarez-vende-auto-de-lujo-en-millonaria-suma-pero-a-meses","status":"publish","type":"post","link":"https:\/\/fuentesfidedignas.com.mx\/index.php\/2022\/08\/28\/llevele-llevele-canelo-alvarez-vende-auto-de-lujo-en-millonaria-suma-pero-a-meses\/","title":{"rendered":"\u2018Ll\u00e9vele, ll\u00e9vele\u2019: \u2018Canelo\u2019 \u00c1lvarez vende auto de lujo en millonaria suma pero a \u2018meses\u2019"},"content":{"rendered":"\n<p><strong><em>El p\u00fagil mexicano ha mostrado en m\u00e1s de una ocasi\u00f3n los coches de lujo que ostenta en el garage.<\/em><\/strong><\/p>\n\n\n\n<p><strong>El boxeador mexicano Sa\u00fal \u2018Canelo\u2019 \u00c1lvarez<\/strong>\u00a0ha demostrado su afici\u00f3n por lo autos de lujo. En videos y fotograf\u00edas el multicampe\u00f3n ha dado a conocer la colecci\u00f3n que ostenta en su cochera.<\/p>\n\n\n\n<p>Recientemente \u2018Canelo\u2019 anunci\u00f3 que pondr\u00eda a la venta uno de los autos m\u00e1s exclusivos de su arsenal: un Bugatti modelo Chiron 2018.<\/p>\n\n\n\n<p><strong>\u00bfC\u00f3mo es el Bugatti de \u2018Canelo\u2019 \u00c1lvarez?<\/strong><\/p>\n\n\n\n<p>Bugatti, marca francesa de lujo, produjo en 2018 apenas 500 piezas del modelo Chiron.<\/p>\n\n\n\n<p>Las caracter\u00edsticas t\u00e9cnicas del exclusivo auto de \u2018Canelo\u2019 son las siguientes:<\/p>\n\n\n\n<ul class=\"wp-block-list\"><li>Mil quinientas veinte millas de recorrido<\/li><li>Motor de 16 cilindros y 8 litros<\/li><li>500 caballos de fuerza<\/li><\/ul>\n\n\n\n<p><strong>A la venta el Bugatti de \u2018Canelo\u2019 \u00c1lvarez<\/strong><\/p>\n\n\n\n<p>Sa\u00fal \u2018Canelo\u2019 \u00c1lvarez anunci\u00f3 la venta del Bugatti Chiron 2018 en un portal llamado&nbsp;<strong>duPont Registry.<\/strong>&nbsp;De acuerdo con las especificaciones de la p\u00e1gina, el costo del auto de colecci\u00f3n asciende a los&nbsp;<strong>3 millones 889 mil 995 d\u00f3lares.<\/strong><\/p>\n\n\n\n<p>Los interesados en adquirir esta pieza de colecci\u00f3n deber\u00e1n contemplar algunos puntos en el plan de financiamiento, como un enganche de 35 mil 603 d\u00f3lares, monto que deber\u00e1 cubrirse en \u2018c\u00f3modas\u2019 mensualidades hasta finiquitar la suma millonaria total.<\/p>\n\n\n\n<p>En la descripci\u00f3n del modelo, el portal lo describe como \u201cimpecable estado tanto el exterior como el interior de autom\u00f3vil\u201d y agrega que la venta est\u00e1 abierta a otras ofertas razonables.<\/p>\n\n\n\n<figure class=\"wp-block-image\"><img decoding=\"async\" src=\"https:\/\/www.elfinanciero.com.mx\/resizer\/epHGzhng0IwOhKR-QYhPoHE5E4s=\/1440x0\/filters:format(png):quality(70)\/cloudfront-us-east-1.images.arcpublishing.com\/elfinanciero\/X5BGMTAMYJDMDITTOKEUUKQ6DU.png\" alt=\"\"\/><figcaption>El portal duPont Registry muestra las caracter\u00edsticas del Bugatti Chiron 2018 (Foto: dupontregistry.com)<\/figcaption><\/figure>\n\n\n\n<figure class=\"wp-block-image\"><img decoding=\"async\" src=\"https:\/\/www.elfinanciero.com.mx\/resizer\/5_noWkxZOc6ymLTlJMQ46__2NGM=\/1440x0\/filters:format(png):quality(70)\/cloudfront-us-east-1.images.arcpublishing.com\/elfinanciero\/CHR2UKG4WJGQPDIA4SNLOJLIII.png\" alt=\"\"\/><figcaption>Solo se produjeron 500 piezas del Bugatti Chiron 2018 (Foto: dupontregistry.com)<\/figcaption><\/figure>\n\n\n\n<figure class=\"wp-block-image\"><img decoding=\"async\" src=\"https:\/\/www.elfinanciero.com.mx\/resizer\/rsYc2yCiXYO-le8aqkL5sLYen7g=\/1440x0\/filters:format(png):quality(70)\/cloudfront-us-east-1.images.arcpublishing.com\/elfinanciero\/XHIJ2ZQOWJE4JLOCP72XRRTBWQ.png\" alt=\"\"\/><figcaption>&#8216;Canelo&#8217; \u00c1lvarez fue uno de los compradores del exclusivo Bugatti Chiron 2018. (Foto: dupontregistry.com)<\/figcaption><\/figure>\n\n\n\n<figure class=\"wp-block-image\"><img decoding=\"async\" src=\"https:\/\/www.elfinanciero.com.mx\/resizer\/GNW9_Ci3vEPPiql-oeHapXlGczA=\/1440x0\/filters:format(png):quality(70)\/cloudfront-us-east-1.images.arcpublishing.com\/elfinanciero\/3AWBFNAMQBH5TF66ZSIFHLHHUY.png\" alt=\"\"\/><figcaption>El Bugatti Chir\u00f3n 2018 sali\u00f3 de la colecci\u00f3n de autos de &#8216;Canelo&#8217; \u00c1lvarez (Foto: dupontregistry.com)<\/figcaption><\/figure>\n\n\n\n<figure class=\"wp-block-image\"><img decoding=\"async\" src=\"https:\/\/www.elfinanciero.com.mx\/resizer\/6K8ecXoYNHyOdCamJDtnEkxENW4=\/1440x0\/filters:format(png):quality(70)\/cloudfront-us-east-1.images.arcpublishing.com\/elfinanciero\/2OR7F2OVH5EEHL5KOY5QLXW3PY.png\" alt=\"\"\/><figcaption>Interiores del Bugatti Chiron 2018. (Foto: dupontregistry.com)<\/figcaption><\/figure>\n\n\n\n<p><strong>Requisitos para la compra del Bugatti<\/strong><\/p>\n\n\n\n<p>Los usuarios que deseen recibir informes acerca de caracter\u00edsticas espec\u00edficas acerca del modelo o transacci\u00f3n deber\u00e1n llenar un formulario que solicita los siguientes datos:<\/p>\n\n\n\n<ul class=\"wp-block-list\"><li>Nombre y apellido<\/li><li>Email<\/li><li>N\u00famero de tel\u00e9fono<\/li><li>Mensaje<\/li><\/ul>\n\n\n\n<p><strong>\u2018Canelo\u2019 \u00c1lvarez y su colecci\u00f3n de autos<\/strong><\/p>\n\n\n\n<p>Entre los coches de lujo que han pasado por el garage del p\u00fagil mexicano se encuentran modelos como:<\/p>\n\n\n\n<ul class=\"wp-block-list\"><li>Lamborghini Urus<\/li><li>Mercedes-Benz G63 AMG6X6<\/li><li>Lamborghini Aventador<\/li><li>Mercedes-Benz Clase S<\/li><li>Jeep Wrangler<\/li><li>Ford F-Series<\/li><li>Bugatti Chiron 2018<\/li><\/ul>\n\n\n\n<p>Algunos de estos coches ya pasaron a manos de otros due\u00f1os, pues el Bugatti no es el primer modelo que el boxeador tapat\u00edo ha puesto en venta.<\/p>\n","protected":false},"excerpt":{"rendered":"<p>El p\u00fagil mexicano ha mostrado en m\u00e1s de una ocasi\u00f3n los coches de lujo que ostenta en el garage. El boxeador mexicano Sa\u00fal \u2018Canelo\u2019 \u00c1lvarez\u00a0ha demostrado su afici\u00f3n por lo autos de lujo. En videos y fotograf\u00edas el multicampe\u00f3n ha dado a conocer la colecci\u00f3n que ostenta en su cochera. Recientemente \u2018Canelo\u2019 anunci\u00f3 que pondr\u00eda [&hellip;]<\/p>\n","protected":false},"author":21,"featured_media":41033,"comment_status":"open","ping_status":"open","sticky":false,"template":"","format":"standard","meta":{"tdm_status":"","tdm_grid_status":"","footnotes":""},"categories":[40],"tags":[],"class_list":{"0":"post-41032","1":"post","2":"type-post","3":"status-publish","4":"format-standard","5":"has-post-thumbnail","7":"category-las-asombrosas"},"yoast_head":"<!-- This site is optimized with the Yoast SEO plugin v27.4 - https:\/\/yoast.com\/product\/yoast-seo-wordpress\/ -->\n<title>\u2018Ll\u00e9vele, ll\u00e9vele\u2019: \u2018Canelo\u2019 \u00c1lvarez vende auto de lujo en millonaria suma pero a \u2018meses\u2019 - Fuentes Fidedignas<\/title>\n<meta name=\"robots\" content=\"index, follow, max-snippet:-1, max-image-preview:large, max-video-preview:-1\" \/>\n<link rel=\"canonical\" href=\"https:\/\/fuentesfidedignas.com.mx\/index.php\/2022\/08\/28\/llevele-llevele-canelo-alvarez-vende-auto-de-lujo-en-millonaria-suma-pero-a-meses\/\" \/>\n<meta property=\"og:locale\" content=\"es_MX\" \/>\n<meta property=\"og:type\" content=\"article\" \/>\n<meta property=\"og:title\" content=\"\u2018Ll\u00e9vele, ll\u00e9vele\u2019: \u2018Canelo\u2019 \u00c1lvarez vende auto de lujo en millonaria suma pero a \u2018meses\u2019 - Fuentes Fidedignas\" \/>\n<meta property=\"og:description\" content=\"El p\u00fagil mexicano ha mostrado en m\u00e1s de una ocasi\u00f3n los coches de lujo que ostenta en el garage. El boxeador mexicano Sa\u00fal \u2018Canelo\u2019 \u00c1lvarez\u00a0ha demostrado su afici\u00f3n por lo autos de lujo. En videos y fotograf\u00edas el multicampe\u00f3n ha dado a conocer la colecci\u00f3n que ostenta en su cochera. Recientemente \u2018Canelo\u2019 anunci\u00f3 que pondr\u00eda [&hellip;]\" \/>\n<meta property=\"og:url\" content=\"https:\/\/fuentesfidedignas.com.mx\/index.php\/2022\/08\/28\/llevele-llevele-canelo-alvarez-vende-auto-de-lujo-en-millonaria-suma-pero-a-meses\/\" \/>\n<meta property=\"og:site_name\" content=\"Fuentes Fidedignas\" \/>\n<meta property=\"article:publisher\" content=\"https:\/\/www.facebook.com\/Fuentes-Fidedignas-368234489921644\" \/>\n<meta property=\"article:published_time\" content=\"2022-08-28T14:49:20+00:00\" \/>\n<meta property=\"article:modified_time\" content=\"2022-08-28T14:49:22+00:00\" \/>\n<meta property=\"og:image\" content=\"https:\/\/fuentesfidedignas.com.mx\/wp-content\/uploads\/2022\/08\/CANELO_AUTO.jpg\" \/>\n\t<meta property=\"og:image:width\" content=\"800\" \/>\n\t<meta property=\"og:image:height\" content=\"450\" \/>\n\t<meta property=\"og:image:type\" content=\"image\/jpeg\" \/>\n<meta name=\"author\" content=\"El Financiero\" \/>\n<meta name=\"twitter:card\" content=\"summary_large_image\" \/>\n<meta name=\"twitter:creator\" content=\"@fidedignas\" \/>\n<meta name=\"twitter:site\" content=\"@fidedignas\" \/>\n<meta name=\"twitter:label1\" content=\"Escrito por\" \/>\n\t<meta name=\"twitter:data1\" content=\"El Financiero\" \/>\n\t<meta name=\"twitter:label2\" content=\"Tiempo de lectura\" \/>\n\t<meta name=\"twitter:data2\" content=\"3 minutos\" \/>\n<script type=\"application\/ld+json\" class=\"yoast-schema-graph\">{\"@context\":\"https:\\\/\\\/schema.org\",\"@graph\":[{\"@type\":\"Article\",\"@id\":\"https:\\\/\\\/fuentesfidedignas.com.mx\\\/index.php\\\/2022\\\/08\\\/28\\\/llevele-llevele-canelo-alvarez-vende-auto-de-lujo-en-millonaria-suma-pero-a-meses\\\/#article\",\"isPartOf\":{\"@id\":\"https:\\\/\\\/fuentesfidedignas.com.mx\\\/index.php\\\/2022\\\/08\\\/28\\\/llevele-llevele-canelo-alvarez-vende-auto-de-lujo-en-millonaria-suma-pero-a-meses\\\/\"},\"author\":{\"name\":\"El Financiero\",\"@id\":\"https:\\\/\\\/fuentesfidedignas.com.mx\\\/#\\\/schema\\\/person\\\/494f7e0dce8dfaaec5b64f16615b78e9\"},\"headline\":\"\u2018Ll\u00e9vele, ll\u00e9vele\u2019: \u2018Canelo\u2019 \u00c1lvarez vende auto de lujo en millonaria suma pero a \u2018meses\u2019\",\"datePublished\":\"2022-08-28T14:49:20+00:00\",\"dateModified\":\"2022-08-28T14:49:22+00:00\",\"mainEntityOfPage\":{\"@id\":\"https:\\\/\\\/fuentesfidedignas.com.mx\\\/index.php\\\/2022\\\/08\\\/28\\\/llevele-llevele-canelo-alvarez-vende-auto-de-lujo-en-millonaria-suma-pero-a-meses\\\/\"},\"wordCount\":447,\"commentCount\":0,\"publisher\":{\"@id\":\"https:\\\/\\\/fuentesfidedignas.com.mx\\\/#organization\"},\"image\":{\"@id\":\"https:\\\/\\\/fuentesfidedignas.com.mx\\\/index.php\\\/2022\\\/08\\\/28\\\/llevele-llevele-canelo-alvarez-vende-auto-de-lujo-en-millonaria-suma-pero-a-meses\\\/#primaryimage\"},\"thumbnailUrl\":\"https:\\\/\\\/fuentesfidedignas.com.mx\\\/wp-content\\\/uploads\\\/2022\\\/08\\\/CANELO_AUTO.jpg\",\"articleSection\":[\"LAS ASOMBROSAS\"],\"inLanguage\":\"es\",\"potentialAction\":[{\"@type\":\"CommentAction\",\"name\":\"Comment\",\"target\":[\"https:\\\/\\\/fuentesfidedignas.com.mx\\\/index.php\\\/2022\\\/08\\\/28\\\/llevele-llevele-canelo-alvarez-vende-auto-de-lujo-en-millonaria-suma-pero-a-meses\\\/#respond\"]}]},{\"@type\":\"WebPage\",\"@id\":\"https:\\\/\\\/fuentesfidedignas.com.mx\\\/index.php\\\/2022\\\/08\\\/28\\\/llevele-llevele-canelo-alvarez-vende-auto-de-lujo-en-millonaria-suma-pero-a-meses\\\/\",\"url\":\"https:\\\/\\\/fuentesfidedignas.com.mx\\\/index.php\\\/2022\\\/08\\\/28\\\/llevele-llevele-canelo-alvarez-vende-auto-de-lujo-en-millonaria-suma-pero-a-meses\\\/\",\"name\":\"\u2018Ll\u00e9vele, ll\u00e9vele\u2019: \u2018Canelo\u2019 \u00c1lvarez vende auto de lujo en millonaria suma pero a \u2018meses\u2019 - Fuentes Fidedignas\",\"isPartOf\":{\"@id\":\"https:\\\/\\\/fuentesfidedignas.com.mx\\\/#website\"},\"primaryImageOfPage\":{\"@id\":\"https:\\\/\\\/fuentesfidedignas.com.mx\\\/index.php\\\/2022\\\/08\\\/28\\\/llevele-llevele-canelo-alvarez-vende-auto-de-lujo-en-millonaria-suma-pero-a-meses\\\/#primaryimage\"},\"image\":{\"@id\":\"https:\\\/\\\/fuentesfidedignas.com.mx\\\/index.php\\\/2022\\\/08\\\/28\\\/llevele-llevele-canelo-alvarez-vende-auto-de-lujo-en-millonaria-suma-pero-a-meses\\\/#primaryimage\"},\"thumbnailUrl\":\"https:\\\/\\\/fuentesfidedignas.com.mx\\\/wp-content\\\/uploads\\\/2022\\\/08\\\/CANELO_AUTO.jpg\",\"datePublished\":\"2022-08-28T14:49:20+00:00\",\"dateModified\":\"2022-08-28T14:49:22+00:00\",\"breadcrumb\":{\"@id\":\"https:\\\/\\\/fuentesfidedignas.com.mx\\\/index.php\\\/2022\\\/08\\\/28\\\/llevele-llevele-canelo-alvarez-vende-auto-de-lujo-en-millonaria-suma-pero-a-meses\\\/#breadcrumb\"},\"inLanguage\":\"es\",\"potentialAction\":[{\"@type\":\"ReadAction\",\"target\":[\"https:\\\/\\\/fuentesfidedignas.com.mx\\\/index.php\\\/2022\\\/08\\\/28\\\/llevele-llevele-canelo-alvarez-vende-auto-de-lujo-en-millonaria-suma-pero-a-meses\\\/\"]}]},{\"@type\":\"ImageObject\",\"inLanguage\":\"es\",\"@id\":\"https:\\\/\\\/fuentesfidedignas.com.mx\\\/index.php\\\/2022\\\/08\\\/28\\\/llevele-llevele-canelo-alvarez-vende-auto-de-lujo-en-millonaria-suma-pero-a-meses\\\/#primaryimage\",\"url\":\"https:\\\/\\\/fuentesfidedignas.com.mx\\\/wp-content\\\/uploads\\\/2022\\\/08\\\/CANELO_AUTO.jpg\",\"contentUrl\":\"https:\\\/\\\/fuentesfidedignas.com.mx\\\/wp-content\\\/uploads\\\/2022\\\/08\\\/CANELO_AUTO.jpg\",\"width\":800,\"height\":450},{\"@type\":\"BreadcrumbList\",\"@id\":\"https:\\\/\\\/fuentesfidedignas.com.mx\\\/index.php\\\/2022\\\/08\\\/28\\\/llevele-llevele-canelo-alvarez-vende-auto-de-lujo-en-millonaria-suma-pero-a-meses\\\/#breadcrumb\",\"itemListElement\":[{\"@type\":\"ListItem\",\"position\":1,\"name\":\"Inicio\",\"item\":\"https:\\\/\\\/fuentesfidedignas.com.mx\\\/\"},{\"@type\":\"ListItem\",\"position\":2,\"name\":\"\u2018Ll\u00e9vele, ll\u00e9vele\u2019: \u2018Canelo\u2019 \u00c1lvarez vende auto de lujo en millonaria suma pero a \u2018meses\u2019\"}]},{\"@type\":\"WebSite\",\"@id\":\"https:\\\/\\\/fuentesfidedignas.com.mx\\\/#website\",\"url\":\"https:\\\/\\\/fuentesfidedignas.com.mx\\\/\",\"name\":\"Fuentes Fidedignas\",\"description\":\"Otro sitio realizado con WordPress\",\"publisher\":{\"@id\":\"https:\\\/\\\/fuentesfidedignas.com.mx\\\/#organization\"},\"potentialAction\":[{\"@type\":\"SearchAction\",\"target\":{\"@type\":\"EntryPoint\",\"urlTemplate\":\"https:\\\/\\\/fuentesfidedignas.com.mx\\\/?s={search_term_string}\"},\"query-input\":{\"@type\":\"PropertyValueSpecification\",\"valueRequired\":true,\"valueName\":\"search_term_string\"}}],\"inLanguage\":\"es\"},{\"@type\":\"Organization\",\"@id\":\"https:\\\/\\\/fuentesfidedignas.com.mx\\\/#organization\",\"name\":\"Fuentes Fidedignas\",\"url\":\"https:\\\/\\\/fuentesfidedignas.com.mx\\\/\",\"logo\":{\"@type\":\"ImageObject\",\"inLanguage\":\"es\",\"@id\":\"https:\\\/\\\/fuentesfidedignas.com.mx\\\/#\\\/schema\\\/logo\\\/image\\\/\",\"url\":\"https:\\\/\\\/fuentesfidedignas.com.mx\\\/wp-content\\\/uploads\\\/2021\\\/04\\\/logo-retina.png\",\"contentUrl\":\"https:\\\/\\\/fuentesfidedignas.com.mx\\\/wp-content\\\/uploads\\\/2021\\\/04\\\/logo-retina.png\",\"width\":280,\"height\":51,\"caption\":\"Fuentes Fidedignas\"},\"image\":{\"@id\":\"https:\\\/\\\/fuentesfidedignas.com.mx\\\/#\\\/schema\\\/logo\\\/image\\\/\"},\"sameAs\":[\"https:\\\/\\\/www.facebook.com\\\/Fuentes-Fidedignas-368234489921644\",\"https:\\\/\\\/x.com\\\/fidedignas\"]},{\"@type\":\"Person\",\"@id\":\"https:\\\/\\\/fuentesfidedignas.com.mx\\\/#\\\/schema\\\/person\\\/494f7e0dce8dfaaec5b64f16615b78e9\",\"name\":\"El Financiero\",\"image\":{\"@type\":\"ImageObject\",\"inLanguage\":\"es\",\"@id\":\"https:\\\/\\\/secure.gravatar.com\\\/avatar\\\/88c0f3f2079389318ef8dd35c22cb997212aa89646e357ba59b318db26ed91a9?s=96&d=mm&r=g\",\"url\":\"https:\\\/\\\/secure.gravatar.com\\\/avatar\\\/88c0f3f2079389318ef8dd35c22cb997212aa89646e357ba59b318db26ed91a9?s=96&d=mm&r=g\",\"contentUrl\":\"https:\\\/\\\/secure.gravatar.com\\\/avatar\\\/88c0f3f2079389318ef8dd35c22cb997212aa89646e357ba59b318db26ed91a9?s=96&d=mm&r=g\",\"caption\":\"El Financiero\"},\"url\":\"https:\\\/\\\/fuentesfidedignas.com.mx\\\/index.php\\\/author\\\/financiero\\\/\"}]}<\/script>\n<!-- \/ Yoast SEO plugin. -->","yoast_head_json":{"title":"\u2018Ll\u00e9vele, ll\u00e9vele\u2019: \u2018Canelo\u2019 \u00c1lvarez vende auto de lujo en millonaria suma pero a \u2018meses\u2019 - Fuentes Fidedignas","robots":{"index":"index","follow":"follow","max-snippet":"max-snippet:-1","max-image-preview":"max-image-preview:large","max-video-preview":"max-video-preview:-1"},"canonical":"https:\/\/fuentesfidedignas.com.mx\/index.php\/2022\/08\/28\/llevele-llevele-canelo-alvarez-vende-auto-de-lujo-en-millonaria-suma-pero-a-meses\/","og_locale":"es_MX","og_type":"article","og_title":"\u2018Ll\u00e9vele, ll\u00e9vele\u2019: \u2018Canelo\u2019 \u00c1lvarez vende auto de lujo en millonaria suma pero a \u2018meses\u2019 - Fuentes Fidedignas","og_description":"El p\u00fagil mexicano ha mostrado en m\u00e1s de una ocasi\u00f3n los coches de lujo que ostenta en el garage. El boxeador mexicano Sa\u00fal \u2018Canelo\u2019 \u00c1lvarez\u00a0ha demostrado su afici\u00f3n por lo autos de lujo. En videos y fotograf\u00edas el multicampe\u00f3n ha dado a conocer la colecci\u00f3n que ostenta en su cochera. Recientemente \u2018Canelo\u2019 anunci\u00f3 que pondr\u00eda [&hellip;]","og_url":"https:\/\/fuentesfidedignas.com.mx\/index.php\/2022\/08\/28\/llevele-llevele-canelo-alvarez-vende-auto-de-lujo-en-millonaria-suma-pero-a-meses\/","og_site_name":"Fuentes Fidedignas","article_publisher":"https:\/\/www.facebook.com\/Fuentes-Fidedignas-368234489921644","article_published_time":"2022-08-28T14:49:20+00:00","article_modified_time":"2022-08-28T14:49:22+00:00","og_image":[{"width":800,"height":450,"url":"https:\/\/fuentesfidedignas.com.mx\/wp-content\/uploads\/2022\/08\/CANELO_AUTO.jpg","type":"image\/jpeg"}],"author":"El Financiero","twitter_card":"summary_large_image","twitter_creator":"@fidedignas","twitter_site":"@fidedignas","twitter_misc":{"Escrito por":"El Financiero","Tiempo de lectura":"3 minutos"},"schema":{"@context":"https:\/\/schema.org","@graph":[{"@type":"Article","@id":"https:\/\/fuentesfidedignas.com.mx\/index.php\/2022\/08\/28\/llevele-llevele-canelo-alvarez-vende-auto-de-lujo-en-millonaria-suma-pero-a-meses\/#article","isPartOf":{"@id":"https:\/\/fuentesfidedignas.com.mx\/index.php\/2022\/08\/28\/llevele-llevele-canelo-alvarez-vende-auto-de-lujo-en-millonaria-suma-pero-a-meses\/"},"author":{"name":"El Financiero","@id":"https:\/\/fuentesfidedignas.com.mx\/#\/schema\/person\/494f7e0dce8dfaaec5b64f16615b78e9"},"headline":"\u2018Ll\u00e9vele, ll\u00e9vele\u2019: \u2018Canelo\u2019 \u00c1lvarez vende auto de lujo en millonaria suma pero a \u2018meses\u2019","datePublished":"2022-08-28T14:49:20+00:00","dateModified":"2022-08-28T14:49:22+00:00","mainEntityOfPage":{"@id":"https:\/\/fuentesfidedignas.com.mx\/index.php\/2022\/08\/28\/llevele-llevele-canelo-alvarez-vende-auto-de-lujo-en-millonaria-suma-pero-a-meses\/"},"wordCount":447,"commentCount":0,"publisher":{"@id":"https:\/\/fuentesfidedignas.com.mx\/#organization"},"image":{"@id":"https:\/\/fuentesfidedignas.com.mx\/index.php\/2022\/08\/28\/llevele-llevele-canelo-alvarez-vende-auto-de-lujo-en-millonaria-suma-pero-a-meses\/#primaryimage"},"thumbnailUrl":"https:\/\/fuentesfidedignas.com.mx\/wp-content\/uploads\/2022\/08\/CANELO_AUTO.jpg","articleSection":["LAS ASOMBROSAS"],"inLanguage":"es","potentialAction":[{"@type":"CommentAction","name":"Comment","target":["https:\/\/fuentesfidedignas.com.mx\/index.php\/2022\/08\/28\/llevele-llevele-canelo-alvarez-vende-auto-de-lujo-en-millonaria-suma-pero-a-meses\/#respond"]}]},{"@type":"WebPage","@id":"https:\/\/fuentesfidedignas.com.mx\/index.php\/2022\/08\/28\/llevele-llevele-canelo-alvarez-vende-auto-de-lujo-en-millonaria-suma-pero-a-meses\/","url":"https:\/\/fuentesfidedignas.com.mx\/index.php\/2022\/08\/28\/llevele-llevele-canelo-alvarez-vende-auto-de-lujo-en-millonaria-suma-pero-a-meses\/","name":"\u2018Ll\u00e9vele, ll\u00e9vele\u2019: \u2018Canelo\u2019 \u00c1lvarez vende auto de lujo en millonaria suma pero a \u2018meses\u2019 - Fuentes Fidedignas","isPartOf":{"@id":"https:\/\/fuentesfidedignas.com.mx\/#website"},"primaryImageOfPage":{"@id":"https:\/\/fuentesfidedignas.com.mx\/index.php\/2022\/08\/28\/llevele-llevele-canelo-alvarez-vende-auto-de-lujo-en-millonaria-suma-pero-a-meses\/#primaryimage"},"image":{"@id":"https:\/\/fuentesfidedignas.com.mx\/index.php\/2022\/08\/28\/llevele-llevele-canelo-alvarez-vende-auto-de-lujo-en-millonaria-suma-pero-a-meses\/#primaryimage"},"thumbnailUrl":"https:\/\/fuentesfidedignas.com.mx\/wp-content\/uploads\/2022\/08\/CANELO_AUTO.jpg","datePublished":"2022-08-28T14:49:20+00:00","dateModified":"2022-08-28T14:49:22+00:00","breadcrumb":{"@id":"https:\/\/fuentesfidedignas.com.mx\/index.php\/2022\/08\/28\/llevele-llevele-canelo-alvarez-vende-auto-de-lujo-en-millonaria-suma-pero-a-meses\/#breadcrumb"},"inLanguage":"es","potentialAction":[{"@type":"ReadAction","target":["https:\/\/fuentesfidedignas.com.mx\/index.php\/2022\/08\/28\/llevele-llevele-canelo-alvarez-vende-auto-de-lujo-en-millonaria-suma-pero-a-meses\/"]}]},{"@type":"ImageObject","inLanguage":"es","@id":"https:\/\/fuentesfidedignas.com.mx\/index.php\/2022\/08\/28\/llevele-llevele-canelo-alvarez-vende-auto-de-lujo-en-millonaria-suma-pero-a-meses\/#primaryimage","url":"https:\/\/fuentesfidedignas.com.mx\/wp-content\/uploads\/2022\/08\/CANELO_AUTO.jpg","contentUrl":"https:\/\/fuentesfidedignas.com.mx\/wp-content\/uploads\/2022\/08\/CANELO_AUTO.jpg","width":800,"height":450},{"@type":"BreadcrumbList","@id":"https:\/\/fuentesfidedignas.com.mx\/index.php\/2022\/08\/28\/llevele-llevele-canelo-alvarez-vende-auto-de-lujo-en-millonaria-suma-pero-a-meses\/#breadcrumb","itemListElement":[{"@type":"ListItem","position":1,"name":"Inicio","item":"https:\/\/fuentesfidedignas.com.mx\/"},{"@type":"ListItem","position":2,"name":"\u2018Ll\u00e9vele, ll\u00e9vele\u2019: \u2018Canelo\u2019 \u00c1lvarez vende auto de lujo en millonaria suma pero a \u2018meses\u2019"}]},{"@type":"WebSite","@id":"https:\/\/fuentesfidedignas.com.mx\/#website","url":"https:\/\/fuentesfidedignas.com.mx\/","name":"Fuentes Fidedignas","description":"Otro sitio realizado con WordPress","publisher":{"@id":"https:\/\/fuentesfidedignas.com.mx\/#organization"},"potentialAction":[{"@type":"SearchAction","target":{"@type":"EntryPoint","urlTemplate":"https:\/\/fuentesfidedignas.com.mx\/?s={search_term_string}"},"query-input":{"@type":"PropertyValueSpecification","valueRequired":true,"valueName":"search_term_string"}}],"inLanguage":"es"},{"@type":"Organization","@id":"https:\/\/fuentesfidedignas.com.mx\/#organization","name":"Fuentes Fidedignas","url":"https:\/\/fuentesfidedignas.com.mx\/","logo":{"@type":"ImageObject","inLanguage":"es","@id":"https:\/\/fuentesfidedignas.com.mx\/#\/schema\/logo\/image\/","url":"https:\/\/fuentesfidedignas.com.mx\/wp-content\/uploads\/2021\/04\/logo-retina.png","contentUrl":"https:\/\/fuentesfidedignas.com.mx\/wp-content\/uploads\/2021\/04\/logo-retina.png","width":280,"height":51,"caption":"Fuentes Fidedignas"},"image":{"@id":"https:\/\/fuentesfidedignas.com.mx\/#\/schema\/logo\/image\/"},"sameAs":["https:\/\/www.facebook.com\/Fuentes-Fidedignas-368234489921644","https:\/\/x.com\/fidedignas"]},{"@type":"Person","@id":"https:\/\/fuentesfidedignas.com.mx\/#\/schema\/person\/494f7e0dce8dfaaec5b64f16615b78e9","name":"El Financiero","image":{"@type":"ImageObject","inLanguage":"es","@id":"https:\/\/secure.gravatar.com\/avatar\/88c0f3f2079389318ef8dd35c22cb997212aa89646e357ba59b318db26ed91a9?s=96&d=mm&r=g","url":"https:\/\/secure.gravatar.com\/avatar\/88c0f3f2079389318ef8dd35c22cb997212aa89646e357ba59b318db26ed91a9?s=96&d=mm&r=g","contentUrl":"https:\/\/secure.gravatar.com\/avatar\/88c0f3f2079389318ef8dd35c22cb997212aa89646e357ba59b318db26ed91a9?s=96&d=mm&r=g","caption":"El Financiero"},"url":"https:\/\/fuentesfidedignas.com.mx\/index.php\/author\/financiero\/"}]}},"_links":{"self":[{"href":"https:\/\/fuentesfidedignas.com.mx\/index.php\/wp-json\/wp\/v2\/posts\/41032","targetHints":{"allow":["GET"]}}],"collection":[{"href":"https:\/\/fuentesfidedignas.com.mx\/index.php\/wp-json\/wp\/v2\/posts"}],"about":[{"href":"https:\/\/fuentesfidedignas.com.mx\/index.php\/wp-json\/wp\/v2\/types\/post"}],"author":[{"embeddable":true,"href":"https:\/\/fuentesfidedignas.com.mx\/index.php\/wp-json\/wp\/v2\/users\/21"}],"replies":[{"embeddable":true,"href":"https:\/\/fuentesfidedignas.com.mx\/index.php\/wp-json\/wp\/v2\/comments?post=41032"}],"version-history":[{"count":1,"href":"https:\/\/fuentesfidedignas.com.mx\/index.php\/wp-json\/wp\/v2\/posts\/41032\/revisions"}],"predecessor-version":[{"id":41034,"href":"https:\/\/fuentesfidedignas.com.mx\/index.php\/wp-json\/wp\/v2\/posts\/41032\/revisions\/41034"}],"wp:featuredmedia":[{"embeddable":true,"href":"https:\/\/fuentesfidedignas.com.mx\/index.php\/wp-json\/wp\/v2\/media\/41033"}],"wp:attachment":[{"href":"https:\/\/fuentesfidedignas.com.mx\/index.php\/wp-json\/wp\/v2\/media?parent=41032"}],"wp:term":[{"taxonomy":"category","embeddable":true,"href":"https:\/\/fuentesfidedignas.com.mx\/index.php\/wp-json\/wp\/v2\/categories?post=41032"},{"taxonomy":"post_tag","embeddable":true,"href":"https:\/\/fuentesfidedignas.com.mx\/index.php\/wp-json\/wp\/v2\/tags?post=41032"}],"curies":[{"name":"wp","href":"https:\/\/api.w.org\/{rel}","templated":true}]}}