{"id":41007,"date":"2022-08-27T13:21:03","date_gmt":"2022-08-27T19:21:03","guid":{"rendered":"https:\/\/fuentesfidedignas.com.mx\/?p=41007"},"modified":"2022-08-27T13:21:05","modified_gmt":"2022-08-27T19:21:05","slug":"papa-francisco-nombra-20-cardenales-con-la-vista-puesta-en-su-sucesion","status":"publish","type":"post","link":"https:\/\/fuentesfidedignas.com.mx\/index.php\/2022\/08\/27\/papa-francisco-nombra-20-cardenales-con-la-vista-puesta-en-su-sucesion\/","title":{"rendered":"Papa Francisco nombra 20 cardenales, con la vista puesta en su sucesi\u00f3n"},"content":{"rendered":"\n<p><strong><em>Los nuevos cardenales se arrodillaron ante el papa para recibir la birreta roja cardenalicia, as\u00ed como el anillo y el t\u00edtulo<\/em><\/strong><\/p>\n\n\n\n<p>El papa Francisco invisti\u00f3 este s\u00e1bado a 20 cardenales, entre ellos el primero de Paraguay, con la mirada puesta en el d\u00eda en que la Iglesia tenga que designarle un sucesor.<\/p>\n\n\n\n<p>Los nuevos cardenales se arrodillaron ante el papa para recibir la birreta roja cardenalicia, as\u00ed como el anillo y el t\u00edtulo. A la ceremonia asistieron s\u00f3lo 19, ya que el arzobispo de Ghana, Richard Kuuia, tuvo que ser hospitalizado tras llegar a Roma por problemas card\u00edacos.<\/p>\n\n\n\n<p>\u201cUn cardenal ama a la Iglesia, siempre con el mismo fuego espiritual, ya sea tratando las grandes cuestiones como ocup\u00e1ndose de las m\u00e1s peque\u00f1as; ya sea encontr\u00e1ndose con los grandes de este mundo como con los peque\u00f1os, que son grandes delante de Dios\u201d, afirm\u00f3 el papa al abrir el acto solemne en la bas\u00edlica de San Pedro, en el Vaticano.<\/p>\n\n\n\n<p>El pont\u00edfice argentino, de 85 a\u00f1os, que lidia con los achaques de la edad y no descarta renunciar por razones de salud, prepara el futuro de la Iglesia con la \u201ccreaci\u00f3n\u201d, seg\u00fan el t\u00e9rmino religioso, de estos 20 cardenales, 16 de ellos con derecho a votar en el c\u00f3nclave que designar\u00e1 al pr\u00f3ximo jefe de los cat\u00f3licos.<\/p>\n\n\n\n<p>La inmensa bas\u00edlica estaba colmada por los purpurados procedentes de todo el mundo, convocados para una reuni\u00f3n paralela e in\u00e9dita de dos d\u00edas, el lunes y el martes.<\/p>\n\n\n\n<p>Esa reuni\u00f3n estar\u00e1 oficialmente dedicada a la reforma de la Constituci\u00f3n pontificia, aprobada en marzo y en vigor desde el 5 de junio. Pero para muchos se trata de una suerte de prec\u00f3nclave, para que los cardenales hagan un balance de la situaci\u00f3n de la Iglesia y se conozcan entre s\u00ed.<\/p>\n\n\n\n<p>Entre los 16 cardenales con menos de 80 a\u00f1os que recibieron el t\u00edtulo de \u201cpr\u00edncipe de la iglesia\u201d figuran religiosos de India, Singapur, Mongolia y Timor Oriental, entre otros pa\u00edses.<\/p>\n\n\n\n<p>Destacan tambi\u00e9n tres latinoamericanos: el arzobispo de Brasilia, Paulo Cesar Costa; el de Manaos (norte de Brasil), Leonardo Ulrich, primer cardenal de la regi\u00f3n amaz\u00f3nica; y el de Asunci\u00f3n, Adalberto Mart\u00ednez Flores, primer cardenal de Paraguay.<\/p>\n\n\n\n<p>Entre los mayores de 80 a\u00f1os que recibieron el t\u00edtulo cardenalicio figura el arzobispo em\u00e9rito de Cartagena de Indias (Colombia), Jorge Enrique Jim\u00e9nez Carvajal.<\/p>\n\n\n\n<p>Los nuevos purpurados \u201crepresentan a la Iglesia de hoy, con una fuerte presencia en el hemisferio sur\u201d, donde vive el 80% de los cat\u00f3licos, subray\u00f3 el vaticanista Bernard Lecomte.<\/p>\n\n\n\n<p>Al t\u00e9rmino de su octavo consistorio, casi uno por cada a\u00f1o de papado que se inici\u00f3 en 2013, Francisco habr\u00e1 elegido 83 cardenales del total actual de 132 electores, es decir casi dos tercios.<\/p>\n\n\n\n<p>Una cifra determinante en caso de elecci\u00f3n del papa, ya que justamente se requiere la mayor\u00eda de dos tercios para que salga humo blanco del Vaticano.<\/p>\n\n\n\n<p>Fiel a su l\u00ednea a favor de una Iglesia menos europea, cercana a los olvidados, el papa eligi\u00f3 a dos africanos y cinco asi\u00e1ticos, incluidos dos indios, confirmando el auge de ese continente.<\/p>\n\n\n\n<p>Entre los nombramientos m\u00e1s notables figura el estadounidense Robert McElroy, obispo de San Diego, en California, considerado un progresista por sus posiciones sobre los cat\u00f3licos homosexuales y el derecho al aborto.<\/p>\n\n\n\n<p>\u201cVenimos de los cuatro rincones del mundo para aprender a conocernos\u201d, asegur\u00f3 el futuro purpurado poco antes de la ceremonia.<\/p>\n\n\n\n<p>Otro nombramiento emblem\u00e1tico es el del misionero italiano Giorgio Marengo, quien trabaja en Mongolia. Ser\u00e1 el cardenal m\u00e1s joven del mundo, con 48 a\u00f1os.<\/p>\n\n\n\n<p>\u201cEs una se\u00f1al de atenci\u00f3n hacia aquellas realidades que generalmente se consideran minoritarias porque la marginalidad est\u00e1 en el coraz\u00f3n del Santo Padre\u201d, reconoci\u00f3 Marengo en declaraciones a la prensa.<\/p>\n\n\n\n<p>Como un mensaje de perd\u00f3n fue interpretada por los asistentes la presencia en los primeros bancos de la bas\u00edlica del cardenal italiano Angelo Becciu, quien est\u00e1 siendo juzgado en el Vaticano por malversaci\u00f3n de fondos y a quien el pont\u00edfice priv\u00f3 de sus privilegios en septiembre de 2020.<\/p>\n\n\n\n<p>Durante el rito, el papa aprob\u00f3 tambi\u00e9n la canonizaci\u00f3n de dos italianos, el religioso Juan Bautista Scalabrini, obispo de Piacenza, y Artemide Zatti, laico profeso de los salesianos, que dedicaron su vida a ayudar a los emigrantes que a inicios del siglo XX viv\u00edan en Am\u00e9rica del Sur y en particular en Argentina.<\/p>\n","protected":false},"excerpt":{"rendered":"<p>Los nuevos cardenales se arrodillaron ante el papa para recibir la birreta roja cardenalicia, as\u00ed como el anillo y el t\u00edtulo El papa Francisco invisti\u00f3 este s\u00e1bado a 20 cardenales, entre ellos el primero de Paraguay, con la mirada puesta en el d\u00eda en que la Iglesia tenga que designarle un sucesor. Los nuevos cardenales [&hellip;]<\/p>\n","protected":false},"author":46,"featured_media":41008,"comment_status":"open","ping_status":"open","sticky":false,"template":"","format":"standard","meta":{"tdm_status":"","tdm_grid_status":"","footnotes":""},"categories":[39],"tags":[],"class_list":{"0":"post-41007","1":"post","2":"type-post","3":"status-publish","4":"format-standard","5":"has-post-thumbnail","7":"category-noticias-nacionales"},"yoast_head":"<!-- This site is optimized with the Yoast SEO plugin v27.5 - https:\/\/yoast.com\/product\/yoast-seo-wordpress\/ -->\n<title>Papa Francisco nombra 20 cardenales, con la vista puesta en su sucesi\u00f3n - Fuentes Fidedignas<\/title>\n<meta name=\"robots\" content=\"index, follow, max-snippet:-1, max-image-preview:large, max-video-preview:-1\" \/>\n<link rel=\"canonical\" href=\"https:\/\/fuentesfidedignas.com.mx\/index.php\/2022\/08\/27\/papa-francisco-nombra-20-cardenales-con-la-vista-puesta-en-su-sucesion\/\" \/>\n<meta property=\"og:locale\" content=\"es_MX\" \/>\n<meta property=\"og:type\" content=\"article\" \/>\n<meta property=\"og:title\" content=\"Papa Francisco nombra 20 cardenales, con la vista puesta en su sucesi\u00f3n - Fuentes Fidedignas\" \/>\n<meta property=\"og:description\" content=\"Los nuevos cardenales se arrodillaron ante el papa para recibir la birreta roja cardenalicia, as\u00ed como el anillo y el t\u00edtulo El papa Francisco invisti\u00f3 este s\u00e1bado a 20 cardenales, entre ellos el primero de Paraguay, con la mirada puesta en el d\u00eda en que la Iglesia tenga que designarle un sucesor. Los nuevos cardenales [&hellip;]\" \/>\n<meta property=\"og:url\" content=\"https:\/\/fuentesfidedignas.com.mx\/index.php\/2022\/08\/27\/papa-francisco-nombra-20-cardenales-con-la-vista-puesta-en-su-sucesion\/\" \/>\n<meta property=\"og:site_name\" content=\"Fuentes Fidedignas\" \/>\n<meta property=\"article:publisher\" content=\"https:\/\/www.facebook.com\/Fuentes-Fidedignas-368234489921644\" \/>\n<meta property=\"article:published_time\" content=\"2022-08-27T19:21:03+00:00\" \/>\n<meta property=\"article:modified_time\" content=\"2022-08-27T19:21:05+00:00\" \/>\n<meta property=\"og:image\" content=\"https:\/\/fuentesfidedignas.com.mx\/wp-content\/uploads\/2022\/08\/PAPA_CARDENALES.jpg\" \/>\n\t<meta property=\"og:image:width\" content=\"1266\" \/>\n\t<meta property=\"og:image:height\" content=\"702\" \/>\n\t<meta property=\"og:image:type\" content=\"image\/jpeg\" \/>\n<meta name=\"author\" content=\"Noticieros Televisa\" \/>\n<meta name=\"twitter:card\" content=\"summary_large_image\" \/>\n<meta name=\"twitter:creator\" content=\"@fidedignas\" \/>\n<meta name=\"twitter:site\" content=\"@fidedignas\" \/>\n<meta name=\"twitter:label1\" content=\"Escrito por\" \/>\n\t<meta name=\"twitter:data1\" content=\"Noticieros Televisa\" \/>\n\t<meta name=\"twitter:label2\" content=\"Tiempo de lectura\" \/>\n\t<meta name=\"twitter:data2\" content=\"4 minutos\" \/>\n<script type=\"application\/ld+json\" class=\"yoast-schema-graph\">{\"@context\":\"https:\\\/\\\/schema.org\",\"@graph\":[{\"@type\":\"Article\",\"@id\":\"https:\\\/\\\/fuentesfidedignas.com.mx\\\/index.php\\\/2022\\\/08\\\/27\\\/papa-francisco-nombra-20-cardenales-con-la-vista-puesta-en-su-sucesion\\\/#article\",\"isPartOf\":{\"@id\":\"https:\\\/\\\/fuentesfidedignas.com.mx\\\/index.php\\\/2022\\\/08\\\/27\\\/papa-francisco-nombra-20-cardenales-con-la-vista-puesta-en-su-sucesion\\\/\"},\"author\":{\"name\":\"Noticieros Televisa\",\"@id\":\"https:\\\/\\\/fuentesfidedignas.com.mx\\\/#\\\/schema\\\/person\\\/f030e42657a5a464a8bbd891b1aab6ee\"},\"headline\":\"Papa Francisco nombra 20 cardenales, con la vista puesta en su sucesi\u00f3n\",\"datePublished\":\"2022-08-27T19:21:03+00:00\",\"dateModified\":\"2022-08-27T19:21:05+00:00\",\"mainEntityOfPage\":{\"@id\":\"https:\\\/\\\/fuentesfidedignas.com.mx\\\/index.php\\\/2022\\\/08\\\/27\\\/papa-francisco-nombra-20-cardenales-con-la-vista-puesta-en-su-sucesion\\\/\"},\"wordCount\":773,\"commentCount\":0,\"publisher\":{\"@id\":\"https:\\\/\\\/fuentesfidedignas.com.mx\\\/#organization\"},\"image\":{\"@id\":\"https:\\\/\\\/fuentesfidedignas.com.mx\\\/index.php\\\/2022\\\/08\\\/27\\\/papa-francisco-nombra-20-cardenales-con-la-vista-puesta-en-su-sucesion\\\/#primaryimage\"},\"thumbnailUrl\":\"https:\\\/\\\/fuentesfidedignas.com.mx\\\/wp-content\\\/uploads\\\/2022\\\/08\\\/PAPA_CARDENALES.jpg\",\"articleSection\":[\"NOTICIAS NACIONALES\"],\"inLanguage\":\"es\",\"potentialAction\":[{\"@type\":\"CommentAction\",\"name\":\"Comment\",\"target\":[\"https:\\\/\\\/fuentesfidedignas.com.mx\\\/index.php\\\/2022\\\/08\\\/27\\\/papa-francisco-nombra-20-cardenales-con-la-vista-puesta-en-su-sucesion\\\/#respond\"]}]},{\"@type\":\"WebPage\",\"@id\":\"https:\\\/\\\/fuentesfidedignas.com.mx\\\/index.php\\\/2022\\\/08\\\/27\\\/papa-francisco-nombra-20-cardenales-con-la-vista-puesta-en-su-sucesion\\\/\",\"url\":\"https:\\\/\\\/fuentesfidedignas.com.mx\\\/index.php\\\/2022\\\/08\\\/27\\\/papa-francisco-nombra-20-cardenales-con-la-vista-puesta-en-su-sucesion\\\/\",\"name\":\"Papa Francisco nombra 20 cardenales, con la vista puesta en su sucesi\u00f3n - Fuentes Fidedignas\",\"isPartOf\":{\"@id\":\"https:\\\/\\\/fuentesfidedignas.com.mx\\\/#website\"},\"primaryImageOfPage\":{\"@id\":\"https:\\\/\\\/fuentesfidedignas.com.mx\\\/index.php\\\/2022\\\/08\\\/27\\\/papa-francisco-nombra-20-cardenales-con-la-vista-puesta-en-su-sucesion\\\/#primaryimage\"},\"image\":{\"@id\":\"https:\\\/\\\/fuentesfidedignas.com.mx\\\/index.php\\\/2022\\\/08\\\/27\\\/papa-francisco-nombra-20-cardenales-con-la-vista-puesta-en-su-sucesion\\\/#primaryimage\"},\"thumbnailUrl\":\"https:\\\/\\\/fuentesfidedignas.com.mx\\\/wp-content\\\/uploads\\\/2022\\\/08\\\/PAPA_CARDENALES.jpg\",\"datePublished\":\"2022-08-27T19:21:03+00:00\",\"dateModified\":\"2022-08-27T19:21:05+00:00\",\"breadcrumb\":{\"@id\":\"https:\\\/\\\/fuentesfidedignas.com.mx\\\/index.php\\\/2022\\\/08\\\/27\\\/papa-francisco-nombra-20-cardenales-con-la-vista-puesta-en-su-sucesion\\\/#breadcrumb\"},\"inLanguage\":\"es\",\"potentialAction\":[{\"@type\":\"ReadAction\",\"target\":[\"https:\\\/\\\/fuentesfidedignas.com.mx\\\/index.php\\\/2022\\\/08\\\/27\\\/papa-francisco-nombra-20-cardenales-con-la-vista-puesta-en-su-sucesion\\\/\"]}]},{\"@type\":\"ImageObject\",\"inLanguage\":\"es\",\"@id\":\"https:\\\/\\\/fuentesfidedignas.com.mx\\\/index.php\\\/2022\\\/08\\\/27\\\/papa-francisco-nombra-20-cardenales-con-la-vista-puesta-en-su-sucesion\\\/#primaryimage\",\"url\":\"https:\\\/\\\/fuentesfidedignas.com.mx\\\/wp-content\\\/uploads\\\/2022\\\/08\\\/PAPA_CARDENALES.jpg\",\"contentUrl\":\"https:\\\/\\\/fuentesfidedignas.com.mx\\\/wp-content\\\/uploads\\\/2022\\\/08\\\/PAPA_CARDENALES.jpg\",\"width\":1266,\"height\":702},{\"@type\":\"BreadcrumbList\",\"@id\":\"https:\\\/\\\/fuentesfidedignas.com.mx\\\/index.php\\\/2022\\\/08\\\/27\\\/papa-francisco-nombra-20-cardenales-con-la-vista-puesta-en-su-sucesion\\\/#breadcrumb\",\"itemListElement\":[{\"@type\":\"ListItem\",\"position\":1,\"name\":\"Inicio\",\"item\":\"https:\\\/\\\/fuentesfidedignas.com.mx\\\/\"},{\"@type\":\"ListItem\",\"position\":2,\"name\":\"Papa Francisco nombra 20 cardenales, con la vista puesta en su sucesi\u00f3n\"}]},{\"@type\":\"WebSite\",\"@id\":\"https:\\\/\\\/fuentesfidedignas.com.mx\\\/#website\",\"url\":\"https:\\\/\\\/fuentesfidedignas.com.mx\\\/\",\"name\":\"Fuentes Fidedignas\",\"description\":\"Otro sitio realizado con WordPress\",\"publisher\":{\"@id\":\"https:\\\/\\\/fuentesfidedignas.com.mx\\\/#organization\"},\"potentialAction\":[{\"@type\":\"SearchAction\",\"target\":{\"@type\":\"EntryPoint\",\"urlTemplate\":\"https:\\\/\\\/fuentesfidedignas.com.mx\\\/?s={search_term_string}\"},\"query-input\":{\"@type\":\"PropertyValueSpecification\",\"valueRequired\":true,\"valueName\":\"search_term_string\"}}],\"inLanguage\":\"es\"},{\"@type\":\"Organization\",\"@id\":\"https:\\\/\\\/fuentesfidedignas.com.mx\\\/#organization\",\"name\":\"Fuentes Fidedignas\",\"url\":\"https:\\\/\\\/fuentesfidedignas.com.mx\\\/\",\"logo\":{\"@type\":\"ImageObject\",\"inLanguage\":\"es\",\"@id\":\"https:\\\/\\\/fuentesfidedignas.com.mx\\\/#\\\/schema\\\/logo\\\/image\\\/\",\"url\":\"https:\\\/\\\/fuentesfidedignas.com.mx\\\/wp-content\\\/uploads\\\/2021\\\/04\\\/logo-retina.png\",\"contentUrl\":\"https:\\\/\\\/fuentesfidedignas.com.mx\\\/wp-content\\\/uploads\\\/2021\\\/04\\\/logo-retina.png\",\"width\":280,\"height\":51,\"caption\":\"Fuentes Fidedignas\"},\"image\":{\"@id\":\"https:\\\/\\\/fuentesfidedignas.com.mx\\\/#\\\/schema\\\/logo\\\/image\\\/\"},\"sameAs\":[\"https:\\\/\\\/www.facebook.com\\\/Fuentes-Fidedignas-368234489921644\",\"https:\\\/\\\/x.com\\\/fidedignas\"]},{\"@type\":\"Person\",\"@id\":\"https:\\\/\\\/fuentesfidedignas.com.mx\\\/#\\\/schema\\\/person\\\/f030e42657a5a464a8bbd891b1aab6ee\",\"name\":\"Noticieros Televisa\",\"image\":{\"@type\":\"ImageObject\",\"inLanguage\":\"es\",\"@id\":\"https:\\\/\\\/secure.gravatar.com\\\/avatar\\\/0e47b9e785a628831b8fd9eaf15e090e106760a879abbd4a3306f128ef5d43a9?s=96&d=mm&r=g\",\"url\":\"https:\\\/\\\/secure.gravatar.com\\\/avatar\\\/0e47b9e785a628831b8fd9eaf15e090e106760a879abbd4a3306f128ef5d43a9?s=96&d=mm&r=g\",\"contentUrl\":\"https:\\\/\\\/secure.gravatar.com\\\/avatar\\\/0e47b9e785a628831b8fd9eaf15e090e106760a879abbd4a3306f128ef5d43a9?s=96&d=mm&r=g\",\"caption\":\"Noticieros Televisa\"},\"url\":\"https:\\\/\\\/fuentesfidedignas.com.mx\\\/index.php\\\/author\\\/noticieros-televisa\\\/\"}]}<\/script>\n<!-- \/ Yoast SEO plugin. -->","yoast_head_json":{"title":"Papa Francisco nombra 20 cardenales, con la vista puesta en su sucesi\u00f3n - Fuentes Fidedignas","robots":{"index":"index","follow":"follow","max-snippet":"max-snippet:-1","max-image-preview":"max-image-preview:large","max-video-preview":"max-video-preview:-1"},"canonical":"https:\/\/fuentesfidedignas.com.mx\/index.php\/2022\/08\/27\/papa-francisco-nombra-20-cardenales-con-la-vista-puesta-en-su-sucesion\/","og_locale":"es_MX","og_type":"article","og_title":"Papa Francisco nombra 20 cardenales, con la vista puesta en su sucesi\u00f3n - Fuentes Fidedignas","og_description":"Los nuevos cardenales se arrodillaron ante el papa para recibir la birreta roja cardenalicia, as\u00ed como el anillo y el t\u00edtulo El papa Francisco invisti\u00f3 este s\u00e1bado a 20 cardenales, entre ellos el primero de Paraguay, con la mirada puesta en el d\u00eda en que la Iglesia tenga que designarle un sucesor. Los nuevos cardenales [&hellip;]","og_url":"https:\/\/fuentesfidedignas.com.mx\/index.php\/2022\/08\/27\/papa-francisco-nombra-20-cardenales-con-la-vista-puesta-en-su-sucesion\/","og_site_name":"Fuentes Fidedignas","article_publisher":"https:\/\/www.facebook.com\/Fuentes-Fidedignas-368234489921644","article_published_time":"2022-08-27T19:21:03+00:00","article_modified_time":"2022-08-27T19:21:05+00:00","og_image":[{"width":1266,"height":702,"url":"https:\/\/fuentesfidedignas.com.mx\/wp-content\/uploads\/2022\/08\/PAPA_CARDENALES.jpg","type":"image\/jpeg"}],"author":"Noticieros Televisa","twitter_card":"summary_large_image","twitter_creator":"@fidedignas","twitter_site":"@fidedignas","twitter_misc":{"Escrito por":"Noticieros Televisa","Tiempo de lectura":"4 minutos"},"schema":{"@context":"https:\/\/schema.org","@graph":[{"@type":"Article","@id":"https:\/\/fuentesfidedignas.com.mx\/index.php\/2022\/08\/27\/papa-francisco-nombra-20-cardenales-con-la-vista-puesta-en-su-sucesion\/#article","isPartOf":{"@id":"https:\/\/fuentesfidedignas.com.mx\/index.php\/2022\/08\/27\/papa-francisco-nombra-20-cardenales-con-la-vista-puesta-en-su-sucesion\/"},"author":{"name":"Noticieros Televisa","@id":"https:\/\/fuentesfidedignas.com.mx\/#\/schema\/person\/f030e42657a5a464a8bbd891b1aab6ee"},"headline":"Papa Francisco nombra 20 cardenales, con la vista puesta en su sucesi\u00f3n","datePublished":"2022-08-27T19:21:03+00:00","dateModified":"2022-08-27T19:21:05+00:00","mainEntityOfPage":{"@id":"https:\/\/fuentesfidedignas.com.mx\/index.php\/2022\/08\/27\/papa-francisco-nombra-20-cardenales-con-la-vista-puesta-en-su-sucesion\/"},"wordCount":773,"commentCount":0,"publisher":{"@id":"https:\/\/fuentesfidedignas.com.mx\/#organization"},"image":{"@id":"https:\/\/fuentesfidedignas.com.mx\/index.php\/2022\/08\/27\/papa-francisco-nombra-20-cardenales-con-la-vista-puesta-en-su-sucesion\/#primaryimage"},"thumbnailUrl":"https:\/\/fuentesfidedignas.com.mx\/wp-content\/uploads\/2022\/08\/PAPA_CARDENALES.jpg","articleSection":["NOTICIAS NACIONALES"],"inLanguage":"es","potentialAction":[{"@type":"CommentAction","name":"Comment","target":["https:\/\/fuentesfidedignas.com.mx\/index.php\/2022\/08\/27\/papa-francisco-nombra-20-cardenales-con-la-vista-puesta-en-su-sucesion\/#respond"]}]},{"@type":"WebPage","@id":"https:\/\/fuentesfidedignas.com.mx\/index.php\/2022\/08\/27\/papa-francisco-nombra-20-cardenales-con-la-vista-puesta-en-su-sucesion\/","url":"https:\/\/fuentesfidedignas.com.mx\/index.php\/2022\/08\/27\/papa-francisco-nombra-20-cardenales-con-la-vista-puesta-en-su-sucesion\/","name":"Papa Francisco nombra 20 cardenales, con la vista puesta en su sucesi\u00f3n - Fuentes Fidedignas","isPartOf":{"@id":"https:\/\/fuentesfidedignas.com.mx\/#website"},"primaryImageOfPage":{"@id":"https:\/\/fuentesfidedignas.com.mx\/index.php\/2022\/08\/27\/papa-francisco-nombra-20-cardenales-con-la-vista-puesta-en-su-sucesion\/#primaryimage"},"image":{"@id":"https:\/\/fuentesfidedignas.com.mx\/index.php\/2022\/08\/27\/papa-francisco-nombra-20-cardenales-con-la-vista-puesta-en-su-sucesion\/#primaryimage"},"thumbnailUrl":"https:\/\/fuentesfidedignas.com.mx\/wp-content\/uploads\/2022\/08\/PAPA_CARDENALES.jpg","datePublished":"2022-08-27T19:21:03+00:00","dateModified":"2022-08-27T19:21:05+00:00","breadcrumb":{"@id":"https:\/\/fuentesfidedignas.com.mx\/index.php\/2022\/08\/27\/papa-francisco-nombra-20-cardenales-con-la-vista-puesta-en-su-sucesion\/#breadcrumb"},"inLanguage":"es","potentialAction":[{"@type":"ReadAction","target":["https:\/\/fuentesfidedignas.com.mx\/index.php\/2022\/08\/27\/papa-francisco-nombra-20-cardenales-con-la-vista-puesta-en-su-sucesion\/"]}]},{"@type":"ImageObject","inLanguage":"es","@id":"https:\/\/fuentesfidedignas.com.mx\/index.php\/2022\/08\/27\/papa-francisco-nombra-20-cardenales-con-la-vista-puesta-en-su-sucesion\/#primaryimage","url":"https:\/\/fuentesfidedignas.com.mx\/wp-content\/uploads\/2022\/08\/PAPA_CARDENALES.jpg","contentUrl":"https:\/\/fuentesfidedignas.com.mx\/wp-content\/uploads\/2022\/08\/PAPA_CARDENALES.jpg","width":1266,"height":702},{"@type":"BreadcrumbList","@id":"https:\/\/fuentesfidedignas.com.mx\/index.php\/2022\/08\/27\/papa-francisco-nombra-20-cardenales-con-la-vista-puesta-en-su-sucesion\/#breadcrumb","itemListElement":[{"@type":"ListItem","position":1,"name":"Inicio","item":"https:\/\/fuentesfidedignas.com.mx\/"},{"@type":"ListItem","position":2,"name":"Papa Francisco nombra 20 cardenales, con la vista puesta en su sucesi\u00f3n"}]},{"@type":"WebSite","@id":"https:\/\/fuentesfidedignas.com.mx\/#website","url":"https:\/\/fuentesfidedignas.com.mx\/","name":"Fuentes Fidedignas","description":"Otro sitio realizado con WordPress","publisher":{"@id":"https:\/\/fuentesfidedignas.com.mx\/#organization"},"potentialAction":[{"@type":"SearchAction","target":{"@type":"EntryPoint","urlTemplate":"https:\/\/fuentesfidedignas.com.mx\/?s={search_term_string}"},"query-input":{"@type":"PropertyValueSpecification","valueRequired":true,"valueName":"search_term_string"}}],"inLanguage":"es"},{"@type":"Organization","@id":"https:\/\/fuentesfidedignas.com.mx\/#organization","name":"Fuentes Fidedignas","url":"https:\/\/fuentesfidedignas.com.mx\/","logo":{"@type":"ImageObject","inLanguage":"es","@id":"https:\/\/fuentesfidedignas.com.mx\/#\/schema\/logo\/image\/","url":"https:\/\/fuentesfidedignas.com.mx\/wp-content\/uploads\/2021\/04\/logo-retina.png","contentUrl":"https:\/\/fuentesfidedignas.com.mx\/wp-content\/uploads\/2021\/04\/logo-retina.png","width":280,"height":51,"caption":"Fuentes Fidedignas"},"image":{"@id":"https:\/\/fuentesfidedignas.com.mx\/#\/schema\/logo\/image\/"},"sameAs":["https:\/\/www.facebook.com\/Fuentes-Fidedignas-368234489921644","https:\/\/x.com\/fidedignas"]},{"@type":"Person","@id":"https:\/\/fuentesfidedignas.com.mx\/#\/schema\/person\/f030e42657a5a464a8bbd891b1aab6ee","name":"Noticieros Televisa","image":{"@type":"ImageObject","inLanguage":"es","@id":"https:\/\/secure.gravatar.com\/avatar\/0e47b9e785a628831b8fd9eaf15e090e106760a879abbd4a3306f128ef5d43a9?s=96&d=mm&r=g","url":"https:\/\/secure.gravatar.com\/avatar\/0e47b9e785a628831b8fd9eaf15e090e106760a879abbd4a3306f128ef5d43a9?s=96&d=mm&r=g","contentUrl":"https:\/\/secure.gravatar.com\/avatar\/0e47b9e785a628831b8fd9eaf15e090e106760a879abbd4a3306f128ef5d43a9?s=96&d=mm&r=g","caption":"Noticieros Televisa"},"url":"https:\/\/fuentesfidedignas.com.mx\/index.php\/author\/noticieros-televisa\/"}]}},"_links":{"self":[{"href":"https:\/\/fuentesfidedignas.com.mx\/index.php\/wp-json\/wp\/v2\/posts\/41007","targetHints":{"allow":["GET"]}}],"collection":[{"href":"https:\/\/fuentesfidedignas.com.mx\/index.php\/wp-json\/wp\/v2\/posts"}],"about":[{"href":"https:\/\/fuentesfidedignas.com.mx\/index.php\/wp-json\/wp\/v2\/types\/post"}],"author":[{"embeddable":true,"href":"https:\/\/fuentesfidedignas.com.mx\/index.php\/wp-json\/wp\/v2\/users\/46"}],"replies":[{"embeddable":true,"href":"https:\/\/fuentesfidedignas.com.mx\/index.php\/wp-json\/wp\/v2\/comments?post=41007"}],"version-history":[{"count":1,"href":"https:\/\/fuentesfidedignas.com.mx\/index.php\/wp-json\/wp\/v2\/posts\/41007\/revisions"}],"predecessor-version":[{"id":41009,"href":"https:\/\/fuentesfidedignas.com.mx\/index.php\/wp-json\/wp\/v2\/posts\/41007\/revisions\/41009"}],"wp:featuredmedia":[{"embeddable":true,"href":"https:\/\/fuentesfidedignas.com.mx\/index.php\/wp-json\/wp\/v2\/media\/41008"}],"wp:attachment":[{"href":"https:\/\/fuentesfidedignas.com.mx\/index.php\/wp-json\/wp\/v2\/media?parent=41007"}],"wp:term":[{"taxonomy":"category","embeddable":true,"href":"https:\/\/fuentesfidedignas.com.mx\/index.php\/wp-json\/wp\/v2\/categories?post=41007"},{"taxonomy":"post_tag","embeddable":true,"href":"https:\/\/fuentesfidedignas.com.mx\/index.php\/wp-json\/wp\/v2\/tags?post=41007"}],"curies":[{"name":"wp","href":"https:\/\/api.w.org\/{rel}","templated":true}]}}