{"id":40979,"date":"2022-08-27T08:08:44","date_gmt":"2022-08-27T14:08:44","guid":{"rendered":"https:\/\/fuentesfidedignas.com.mx\/?p=40979"},"modified":"2022-08-27T08:08:45","modified_gmt":"2022-08-27T14:08:45","slug":"madrugada-violenta-en-zacatecas-grupo-armado-bloquea-e-incendian-vehiculos-en-carretera","status":"publish","type":"post","link":"https:\/\/fuentesfidedignas.com.mx\/index.php\/2022\/08\/27\/madrugada-violenta-en-zacatecas-grupo-armado-bloquea-e-incendian-vehiculos-en-carretera\/","title":{"rendered":"Madrugada violenta en Zacatecas: Grupo armado bloquea e incendian veh\u00edculos en carretera"},"content":{"rendered":"\n<p><strong><em>El grupo delictivo provoc\u00f3 un bloqueo con el incendio de un tractocami\u00f3n y un autob\u00fas sobre la carretera federal 45, en Fresnillo<\/em><\/strong><\/p>\n\n\n\n<p>Zacatecas.- La madrugada de este s\u00e1bado, Fresnillo amaneci\u00f3 en medio del p\u00e1nico, debido a que grupos delictivos provocaron un bloqueo con el incendio de un tractocami\u00f3n y un autob\u00fas sobre la carretera federal 45, a la altura del tramo que conecta con el municipio de Enrique Estrada.<\/p>\n\n\n\n<p>De acuerdo a los reportes preliminares que han circulado, ya que ninguna autoridad de seguridad y de justicia han otorgado informaci\u00f3n oficial sobre los hechos, los hombres armados cerraron esa carretera, quienes bajaron al conductor del tractocami\u00f3n y luego rociarlo con combustible el cami\u00f3n de carga y le prendieron fuego, adem\u00e1s de detener a un cami\u00f3n de pasajeros, el cual tambi\u00e9n trat\u00f3 de ser incendiado.<\/p>\n\n\n\n<p>De estos hechos, no se reportan personas muertas ni heridas de estos incendios, sin embargo, caus\u00f3 gran p\u00e1nico entre los automovilistas que quedaron varados. Incluso se ha mencionado, que mientras llegaban los cuerpos de bomberos, los propios pasajeros usaron los extintores para apagar el fuego que alcanz\u00f3 al autob\u00fas, quienes continuaron su viaje en otro autob\u00fas de la misma aerol\u00ednea que los auxili\u00f3.<\/p>\n\n\n\n<p>El lugar fue asegurado por elementos de la Guardia Nacional y del Ej\u00e9rcito Mexicano, mientras arribaban las dem\u00e1s corporaciones de seguridad y de justicia para realizar el levantamiento de informaci\u00f3n y de indicios para iniciar con la carpeta de investigaci\u00f3n correspondiente.<\/p>\n\n\n\n<p><\/p>\n","protected":false},"excerpt":{"rendered":"<p>El grupo delictivo provoc\u00f3 un bloqueo con el incendio de un tractocami\u00f3n y un autob\u00fas sobre la carretera federal 45, en Fresnillo Zacatecas.- La madrugada de este s\u00e1bado, Fresnillo amaneci\u00f3 en medio del p\u00e1nico, debido a que grupos delictivos provocaron un bloqueo con el incendio de un tractocami\u00f3n y un autob\u00fas sobre la carretera federal [&hellip;]<\/p>\n","protected":false},"author":39,"featured_media":40980,"comment_status":"open","ping_status":"open","sticky":false,"template":"","format":"standard","meta":{"tdm_status":"","tdm_grid_status":"","footnotes":""},"categories":[39],"tags":[],"class_list":{"0":"post-40979","1":"post","2":"type-post","3":"status-publish","4":"format-standard","5":"has-post-thumbnail","7":"category-noticias-nacionales"},"yoast_head":"<!-- This site is optimized with the Yoast SEO plugin v27.4 - https:\/\/yoast.com\/product\/yoast-seo-wordpress\/ -->\n<title>Madrugada violenta en Zacatecas: Grupo armado bloquea e incendian veh\u00edculos en carretera - Fuentes Fidedignas<\/title>\n<meta name=\"robots\" content=\"index, follow, max-snippet:-1, max-image-preview:large, max-video-preview:-1\" \/>\n<link rel=\"canonical\" href=\"https:\/\/fuentesfidedignas.com.mx\/index.php\/2022\/08\/27\/madrugada-violenta-en-zacatecas-grupo-armado-bloquea-e-incendian-vehiculos-en-carretera\/\" \/>\n<meta property=\"og:locale\" content=\"es_MX\" \/>\n<meta property=\"og:type\" content=\"article\" \/>\n<meta property=\"og:title\" content=\"Madrugada violenta en Zacatecas: Grupo armado bloquea e incendian veh\u00edculos en carretera - Fuentes Fidedignas\" \/>\n<meta property=\"og:description\" content=\"El grupo delictivo provoc\u00f3 un bloqueo con el incendio de un tractocami\u00f3n y un autob\u00fas sobre la carretera federal 45, en Fresnillo Zacatecas.- La madrugada de este s\u00e1bado, Fresnillo amaneci\u00f3 en medio del p\u00e1nico, debido a que grupos delictivos provocaron un bloqueo con el incendio de un tractocami\u00f3n y un autob\u00fas sobre la carretera federal [&hellip;]\" \/>\n<meta property=\"og:url\" content=\"https:\/\/fuentesfidedignas.com.mx\/index.php\/2022\/08\/27\/madrugada-violenta-en-zacatecas-grupo-armado-bloquea-e-incendian-vehiculos-en-carretera\/\" \/>\n<meta property=\"og:site_name\" content=\"Fuentes Fidedignas\" \/>\n<meta property=\"article:publisher\" content=\"https:\/\/www.facebook.com\/Fuentes-Fidedignas-368234489921644\" \/>\n<meta property=\"article:published_time\" content=\"2022-08-27T14:08:44+00:00\" \/>\n<meta property=\"article:modified_time\" content=\"2022-08-27T14:08:45+00:00\" \/>\n<meta property=\"og:image\" content=\"https:\/\/fuentesfidedignas.com.mx\/wp-content\/uploads\/2022\/08\/ZACATECAS_VIOL.jpg\" \/>\n\t<meta property=\"og:image:width\" content=\"1335\" \/>\n\t<meta property=\"og:image:height\" content=\"762\" \/>\n\t<meta property=\"og:image:type\" content=\"image\/jpeg\" \/>\n<meta name=\"author\" content=\"El Universal\" \/>\n<meta name=\"twitter:card\" content=\"summary_large_image\" \/>\n<meta name=\"twitter:creator\" content=\"@fidedignas\" \/>\n<meta name=\"twitter:site\" content=\"@fidedignas\" \/>\n<meta name=\"twitter:label1\" content=\"Escrito por\" \/>\n\t<meta name=\"twitter:data1\" content=\"El Universal\" \/>\n\t<meta name=\"twitter:label2\" content=\"Tiempo de lectura\" \/>\n\t<meta name=\"twitter:data2\" content=\"2 minutos\" \/>\n<script type=\"application\/ld+json\" class=\"yoast-schema-graph\">{\"@context\":\"https:\\\/\\\/schema.org\",\"@graph\":[{\"@type\":\"Article\",\"@id\":\"https:\\\/\\\/fuentesfidedignas.com.mx\\\/index.php\\\/2022\\\/08\\\/27\\\/madrugada-violenta-en-zacatecas-grupo-armado-bloquea-e-incendian-vehiculos-en-carretera\\\/#article\",\"isPartOf\":{\"@id\":\"https:\\\/\\\/fuentesfidedignas.com.mx\\\/index.php\\\/2022\\\/08\\\/27\\\/madrugada-violenta-en-zacatecas-grupo-armado-bloquea-e-incendian-vehiculos-en-carretera\\\/\"},\"author\":{\"name\":\"El Universal\",\"@id\":\"https:\\\/\\\/fuentesfidedignas.com.mx\\\/#\\\/schema\\\/person\\\/fee3882e65fd0510d292c43a346d35d7\"},\"headline\":\"Madrugada violenta en Zacatecas: Grupo armado bloquea e incendian veh\u00edculos en carretera\",\"datePublished\":\"2022-08-27T14:08:44+00:00\",\"dateModified\":\"2022-08-27T14:08:45+00:00\",\"mainEntityOfPage\":{\"@id\":\"https:\\\/\\\/fuentesfidedignas.com.mx\\\/index.php\\\/2022\\\/08\\\/27\\\/madrugada-violenta-en-zacatecas-grupo-armado-bloquea-e-incendian-vehiculos-en-carretera\\\/\"},\"wordCount\":270,\"commentCount\":0,\"publisher\":{\"@id\":\"https:\\\/\\\/fuentesfidedignas.com.mx\\\/#organization\"},\"image\":{\"@id\":\"https:\\\/\\\/fuentesfidedignas.com.mx\\\/index.php\\\/2022\\\/08\\\/27\\\/madrugada-violenta-en-zacatecas-grupo-armado-bloquea-e-incendian-vehiculos-en-carretera\\\/#primaryimage\"},\"thumbnailUrl\":\"https:\\\/\\\/fuentesfidedignas.com.mx\\\/wp-content\\\/uploads\\\/2022\\\/08\\\/ZACATECAS_VIOL.jpg\",\"articleSection\":[\"NOTICIAS NACIONALES\"],\"inLanguage\":\"es\",\"potentialAction\":[{\"@type\":\"CommentAction\",\"name\":\"Comment\",\"target\":[\"https:\\\/\\\/fuentesfidedignas.com.mx\\\/index.php\\\/2022\\\/08\\\/27\\\/madrugada-violenta-en-zacatecas-grupo-armado-bloquea-e-incendian-vehiculos-en-carretera\\\/#respond\"]}]},{\"@type\":\"WebPage\",\"@id\":\"https:\\\/\\\/fuentesfidedignas.com.mx\\\/index.php\\\/2022\\\/08\\\/27\\\/madrugada-violenta-en-zacatecas-grupo-armado-bloquea-e-incendian-vehiculos-en-carretera\\\/\",\"url\":\"https:\\\/\\\/fuentesfidedignas.com.mx\\\/index.php\\\/2022\\\/08\\\/27\\\/madrugada-violenta-en-zacatecas-grupo-armado-bloquea-e-incendian-vehiculos-en-carretera\\\/\",\"name\":\"Madrugada violenta en Zacatecas: Grupo armado bloquea e incendian veh\u00edculos en carretera - Fuentes Fidedignas\",\"isPartOf\":{\"@id\":\"https:\\\/\\\/fuentesfidedignas.com.mx\\\/#website\"},\"primaryImageOfPage\":{\"@id\":\"https:\\\/\\\/fuentesfidedignas.com.mx\\\/index.php\\\/2022\\\/08\\\/27\\\/madrugada-violenta-en-zacatecas-grupo-armado-bloquea-e-incendian-vehiculos-en-carretera\\\/#primaryimage\"},\"image\":{\"@id\":\"https:\\\/\\\/fuentesfidedignas.com.mx\\\/index.php\\\/2022\\\/08\\\/27\\\/madrugada-violenta-en-zacatecas-grupo-armado-bloquea-e-incendian-vehiculos-en-carretera\\\/#primaryimage\"},\"thumbnailUrl\":\"https:\\\/\\\/fuentesfidedignas.com.mx\\\/wp-content\\\/uploads\\\/2022\\\/08\\\/ZACATECAS_VIOL.jpg\",\"datePublished\":\"2022-08-27T14:08:44+00:00\",\"dateModified\":\"2022-08-27T14:08:45+00:00\",\"breadcrumb\":{\"@id\":\"https:\\\/\\\/fuentesfidedignas.com.mx\\\/index.php\\\/2022\\\/08\\\/27\\\/madrugada-violenta-en-zacatecas-grupo-armado-bloquea-e-incendian-vehiculos-en-carretera\\\/#breadcrumb\"},\"inLanguage\":\"es\",\"potentialAction\":[{\"@type\":\"ReadAction\",\"target\":[\"https:\\\/\\\/fuentesfidedignas.com.mx\\\/index.php\\\/2022\\\/08\\\/27\\\/madrugada-violenta-en-zacatecas-grupo-armado-bloquea-e-incendian-vehiculos-en-carretera\\\/\"]}]},{\"@type\":\"ImageObject\",\"inLanguage\":\"es\",\"@id\":\"https:\\\/\\\/fuentesfidedignas.com.mx\\\/index.php\\\/2022\\\/08\\\/27\\\/madrugada-violenta-en-zacatecas-grupo-armado-bloquea-e-incendian-vehiculos-en-carretera\\\/#primaryimage\",\"url\":\"https:\\\/\\\/fuentesfidedignas.com.mx\\\/wp-content\\\/uploads\\\/2022\\\/08\\\/ZACATECAS_VIOL.jpg\",\"contentUrl\":\"https:\\\/\\\/fuentesfidedignas.com.mx\\\/wp-content\\\/uploads\\\/2022\\\/08\\\/ZACATECAS_VIOL.jpg\",\"width\":1335,\"height\":762},{\"@type\":\"BreadcrumbList\",\"@id\":\"https:\\\/\\\/fuentesfidedignas.com.mx\\\/index.php\\\/2022\\\/08\\\/27\\\/madrugada-violenta-en-zacatecas-grupo-armado-bloquea-e-incendian-vehiculos-en-carretera\\\/#breadcrumb\",\"itemListElement\":[{\"@type\":\"ListItem\",\"position\":1,\"name\":\"Inicio\",\"item\":\"https:\\\/\\\/fuentesfidedignas.com.mx\\\/\"},{\"@type\":\"ListItem\",\"position\":2,\"name\":\"Madrugada violenta en Zacatecas: Grupo armado bloquea e incendian veh\u00edculos en carretera\"}]},{\"@type\":\"WebSite\",\"@id\":\"https:\\\/\\\/fuentesfidedignas.com.mx\\\/#website\",\"url\":\"https:\\\/\\\/fuentesfidedignas.com.mx\\\/\",\"name\":\"Fuentes Fidedignas\",\"description\":\"Otro sitio realizado con WordPress\",\"publisher\":{\"@id\":\"https:\\\/\\\/fuentesfidedignas.com.mx\\\/#organization\"},\"potentialAction\":[{\"@type\":\"SearchAction\",\"target\":{\"@type\":\"EntryPoint\",\"urlTemplate\":\"https:\\\/\\\/fuentesfidedignas.com.mx\\\/?s={search_term_string}\"},\"query-input\":{\"@type\":\"PropertyValueSpecification\",\"valueRequired\":true,\"valueName\":\"search_term_string\"}}],\"inLanguage\":\"es\"},{\"@type\":\"Organization\",\"@id\":\"https:\\\/\\\/fuentesfidedignas.com.mx\\\/#organization\",\"name\":\"Fuentes Fidedignas\",\"url\":\"https:\\\/\\\/fuentesfidedignas.com.mx\\\/\",\"logo\":{\"@type\":\"ImageObject\",\"inLanguage\":\"es\",\"@id\":\"https:\\\/\\\/fuentesfidedignas.com.mx\\\/#\\\/schema\\\/logo\\\/image\\\/\",\"url\":\"https:\\\/\\\/fuentesfidedignas.com.mx\\\/wp-content\\\/uploads\\\/2021\\\/04\\\/logo-retina.png\",\"contentUrl\":\"https:\\\/\\\/fuentesfidedignas.com.mx\\\/wp-content\\\/uploads\\\/2021\\\/04\\\/logo-retina.png\",\"width\":280,\"height\":51,\"caption\":\"Fuentes Fidedignas\"},\"image\":{\"@id\":\"https:\\\/\\\/fuentesfidedignas.com.mx\\\/#\\\/schema\\\/logo\\\/image\\\/\"},\"sameAs\":[\"https:\\\/\\\/www.facebook.com\\\/Fuentes-Fidedignas-368234489921644\",\"https:\\\/\\\/x.com\\\/fidedignas\"]},{\"@type\":\"Person\",\"@id\":\"https:\\\/\\\/fuentesfidedignas.com.mx\\\/#\\\/schema\\\/person\\\/fee3882e65fd0510d292c43a346d35d7\",\"name\":\"El Universal\",\"image\":{\"@type\":\"ImageObject\",\"inLanguage\":\"es\",\"@id\":\"https:\\\/\\\/secure.gravatar.com\\\/avatar\\\/1ebc94d82b6c3c081781f73e5b76a0d0c1ac7bf8e57426f18802246eeaa2747c?s=96&d=mm&r=g\",\"url\":\"https:\\\/\\\/secure.gravatar.com\\\/avatar\\\/1ebc94d82b6c3c081781f73e5b76a0d0c1ac7bf8e57426f18802246eeaa2747c?s=96&d=mm&r=g\",\"contentUrl\":\"https:\\\/\\\/secure.gravatar.com\\\/avatar\\\/1ebc94d82b6c3c081781f73e5b76a0d0c1ac7bf8e57426f18802246eeaa2747c?s=96&d=mm&r=g\",\"caption\":\"El Universal\"},\"url\":\"https:\\\/\\\/fuentesfidedignas.com.mx\\\/index.php\\\/author\\\/el-universal\\\/\"}]}<\/script>\n<!-- \/ Yoast SEO plugin. -->","yoast_head_json":{"title":"Madrugada violenta en Zacatecas: Grupo armado bloquea e incendian veh\u00edculos en carretera - Fuentes Fidedignas","robots":{"index":"index","follow":"follow","max-snippet":"max-snippet:-1","max-image-preview":"max-image-preview:large","max-video-preview":"max-video-preview:-1"},"canonical":"https:\/\/fuentesfidedignas.com.mx\/index.php\/2022\/08\/27\/madrugada-violenta-en-zacatecas-grupo-armado-bloquea-e-incendian-vehiculos-en-carretera\/","og_locale":"es_MX","og_type":"article","og_title":"Madrugada violenta en Zacatecas: Grupo armado bloquea e incendian veh\u00edculos en carretera - Fuentes Fidedignas","og_description":"El grupo delictivo provoc\u00f3 un bloqueo con el incendio de un tractocami\u00f3n y un autob\u00fas sobre la carretera federal 45, en Fresnillo Zacatecas.- La madrugada de este s\u00e1bado, Fresnillo amaneci\u00f3 en medio del p\u00e1nico, debido a que grupos delictivos provocaron un bloqueo con el incendio de un tractocami\u00f3n y un autob\u00fas sobre la carretera federal [&hellip;]","og_url":"https:\/\/fuentesfidedignas.com.mx\/index.php\/2022\/08\/27\/madrugada-violenta-en-zacatecas-grupo-armado-bloquea-e-incendian-vehiculos-en-carretera\/","og_site_name":"Fuentes Fidedignas","article_publisher":"https:\/\/www.facebook.com\/Fuentes-Fidedignas-368234489921644","article_published_time":"2022-08-27T14:08:44+00:00","article_modified_time":"2022-08-27T14:08:45+00:00","og_image":[{"width":1335,"height":762,"url":"https:\/\/fuentesfidedignas.com.mx\/wp-content\/uploads\/2022\/08\/ZACATECAS_VIOL.jpg","type":"image\/jpeg"}],"author":"El Universal","twitter_card":"summary_large_image","twitter_creator":"@fidedignas","twitter_site":"@fidedignas","twitter_misc":{"Escrito por":"El Universal","Tiempo de lectura":"2 minutos"},"schema":{"@context":"https:\/\/schema.org","@graph":[{"@type":"Article","@id":"https:\/\/fuentesfidedignas.com.mx\/index.php\/2022\/08\/27\/madrugada-violenta-en-zacatecas-grupo-armado-bloquea-e-incendian-vehiculos-en-carretera\/#article","isPartOf":{"@id":"https:\/\/fuentesfidedignas.com.mx\/index.php\/2022\/08\/27\/madrugada-violenta-en-zacatecas-grupo-armado-bloquea-e-incendian-vehiculos-en-carretera\/"},"author":{"name":"El Universal","@id":"https:\/\/fuentesfidedignas.com.mx\/#\/schema\/person\/fee3882e65fd0510d292c43a346d35d7"},"headline":"Madrugada violenta en Zacatecas: Grupo armado bloquea e incendian veh\u00edculos en carretera","datePublished":"2022-08-27T14:08:44+00:00","dateModified":"2022-08-27T14:08:45+00:00","mainEntityOfPage":{"@id":"https:\/\/fuentesfidedignas.com.mx\/index.php\/2022\/08\/27\/madrugada-violenta-en-zacatecas-grupo-armado-bloquea-e-incendian-vehiculos-en-carretera\/"},"wordCount":270,"commentCount":0,"publisher":{"@id":"https:\/\/fuentesfidedignas.com.mx\/#organization"},"image":{"@id":"https:\/\/fuentesfidedignas.com.mx\/index.php\/2022\/08\/27\/madrugada-violenta-en-zacatecas-grupo-armado-bloquea-e-incendian-vehiculos-en-carretera\/#primaryimage"},"thumbnailUrl":"https:\/\/fuentesfidedignas.com.mx\/wp-content\/uploads\/2022\/08\/ZACATECAS_VIOL.jpg","articleSection":["NOTICIAS NACIONALES"],"inLanguage":"es","potentialAction":[{"@type":"CommentAction","name":"Comment","target":["https:\/\/fuentesfidedignas.com.mx\/index.php\/2022\/08\/27\/madrugada-violenta-en-zacatecas-grupo-armado-bloquea-e-incendian-vehiculos-en-carretera\/#respond"]}]},{"@type":"WebPage","@id":"https:\/\/fuentesfidedignas.com.mx\/index.php\/2022\/08\/27\/madrugada-violenta-en-zacatecas-grupo-armado-bloquea-e-incendian-vehiculos-en-carretera\/","url":"https:\/\/fuentesfidedignas.com.mx\/index.php\/2022\/08\/27\/madrugada-violenta-en-zacatecas-grupo-armado-bloquea-e-incendian-vehiculos-en-carretera\/","name":"Madrugada violenta en Zacatecas: Grupo armado bloquea e incendian veh\u00edculos en carretera - Fuentes Fidedignas","isPartOf":{"@id":"https:\/\/fuentesfidedignas.com.mx\/#website"},"primaryImageOfPage":{"@id":"https:\/\/fuentesfidedignas.com.mx\/index.php\/2022\/08\/27\/madrugada-violenta-en-zacatecas-grupo-armado-bloquea-e-incendian-vehiculos-en-carretera\/#primaryimage"},"image":{"@id":"https:\/\/fuentesfidedignas.com.mx\/index.php\/2022\/08\/27\/madrugada-violenta-en-zacatecas-grupo-armado-bloquea-e-incendian-vehiculos-en-carretera\/#primaryimage"},"thumbnailUrl":"https:\/\/fuentesfidedignas.com.mx\/wp-content\/uploads\/2022\/08\/ZACATECAS_VIOL.jpg","datePublished":"2022-08-27T14:08:44+00:00","dateModified":"2022-08-27T14:08:45+00:00","breadcrumb":{"@id":"https:\/\/fuentesfidedignas.com.mx\/index.php\/2022\/08\/27\/madrugada-violenta-en-zacatecas-grupo-armado-bloquea-e-incendian-vehiculos-en-carretera\/#breadcrumb"},"inLanguage":"es","potentialAction":[{"@type":"ReadAction","target":["https:\/\/fuentesfidedignas.com.mx\/index.php\/2022\/08\/27\/madrugada-violenta-en-zacatecas-grupo-armado-bloquea-e-incendian-vehiculos-en-carretera\/"]}]},{"@type":"ImageObject","inLanguage":"es","@id":"https:\/\/fuentesfidedignas.com.mx\/index.php\/2022\/08\/27\/madrugada-violenta-en-zacatecas-grupo-armado-bloquea-e-incendian-vehiculos-en-carretera\/#primaryimage","url":"https:\/\/fuentesfidedignas.com.mx\/wp-content\/uploads\/2022\/08\/ZACATECAS_VIOL.jpg","contentUrl":"https:\/\/fuentesfidedignas.com.mx\/wp-content\/uploads\/2022\/08\/ZACATECAS_VIOL.jpg","width":1335,"height":762},{"@type":"BreadcrumbList","@id":"https:\/\/fuentesfidedignas.com.mx\/index.php\/2022\/08\/27\/madrugada-violenta-en-zacatecas-grupo-armado-bloquea-e-incendian-vehiculos-en-carretera\/#breadcrumb","itemListElement":[{"@type":"ListItem","position":1,"name":"Inicio","item":"https:\/\/fuentesfidedignas.com.mx\/"},{"@type":"ListItem","position":2,"name":"Madrugada violenta en Zacatecas: Grupo armado bloquea e incendian veh\u00edculos en carretera"}]},{"@type":"WebSite","@id":"https:\/\/fuentesfidedignas.com.mx\/#website","url":"https:\/\/fuentesfidedignas.com.mx\/","name":"Fuentes Fidedignas","description":"Otro sitio realizado con WordPress","publisher":{"@id":"https:\/\/fuentesfidedignas.com.mx\/#organization"},"potentialAction":[{"@type":"SearchAction","target":{"@type":"EntryPoint","urlTemplate":"https:\/\/fuentesfidedignas.com.mx\/?s={search_term_string}"},"query-input":{"@type":"PropertyValueSpecification","valueRequired":true,"valueName":"search_term_string"}}],"inLanguage":"es"},{"@type":"Organization","@id":"https:\/\/fuentesfidedignas.com.mx\/#organization","name":"Fuentes Fidedignas","url":"https:\/\/fuentesfidedignas.com.mx\/","logo":{"@type":"ImageObject","inLanguage":"es","@id":"https:\/\/fuentesfidedignas.com.mx\/#\/schema\/logo\/image\/","url":"https:\/\/fuentesfidedignas.com.mx\/wp-content\/uploads\/2021\/04\/logo-retina.png","contentUrl":"https:\/\/fuentesfidedignas.com.mx\/wp-content\/uploads\/2021\/04\/logo-retina.png","width":280,"height":51,"caption":"Fuentes Fidedignas"},"image":{"@id":"https:\/\/fuentesfidedignas.com.mx\/#\/schema\/logo\/image\/"},"sameAs":["https:\/\/www.facebook.com\/Fuentes-Fidedignas-368234489921644","https:\/\/x.com\/fidedignas"]},{"@type":"Person","@id":"https:\/\/fuentesfidedignas.com.mx\/#\/schema\/person\/fee3882e65fd0510d292c43a346d35d7","name":"El Universal","image":{"@type":"ImageObject","inLanguage":"es","@id":"https:\/\/secure.gravatar.com\/avatar\/1ebc94d82b6c3c081781f73e5b76a0d0c1ac7bf8e57426f18802246eeaa2747c?s=96&d=mm&r=g","url":"https:\/\/secure.gravatar.com\/avatar\/1ebc94d82b6c3c081781f73e5b76a0d0c1ac7bf8e57426f18802246eeaa2747c?s=96&d=mm&r=g","contentUrl":"https:\/\/secure.gravatar.com\/avatar\/1ebc94d82b6c3c081781f73e5b76a0d0c1ac7bf8e57426f18802246eeaa2747c?s=96&d=mm&r=g","caption":"El Universal"},"url":"https:\/\/fuentesfidedignas.com.mx\/index.php\/author\/el-universal\/"}]}},"_links":{"self":[{"href":"https:\/\/fuentesfidedignas.com.mx\/index.php\/wp-json\/wp\/v2\/posts\/40979","targetHints":{"allow":["GET"]}}],"collection":[{"href":"https:\/\/fuentesfidedignas.com.mx\/index.php\/wp-json\/wp\/v2\/posts"}],"about":[{"href":"https:\/\/fuentesfidedignas.com.mx\/index.php\/wp-json\/wp\/v2\/types\/post"}],"author":[{"embeddable":true,"href":"https:\/\/fuentesfidedignas.com.mx\/index.php\/wp-json\/wp\/v2\/users\/39"}],"replies":[{"embeddable":true,"href":"https:\/\/fuentesfidedignas.com.mx\/index.php\/wp-json\/wp\/v2\/comments?post=40979"}],"version-history":[{"count":1,"href":"https:\/\/fuentesfidedignas.com.mx\/index.php\/wp-json\/wp\/v2\/posts\/40979\/revisions"}],"predecessor-version":[{"id":40981,"href":"https:\/\/fuentesfidedignas.com.mx\/index.php\/wp-json\/wp\/v2\/posts\/40979\/revisions\/40981"}],"wp:featuredmedia":[{"embeddable":true,"href":"https:\/\/fuentesfidedignas.com.mx\/index.php\/wp-json\/wp\/v2\/media\/40980"}],"wp:attachment":[{"href":"https:\/\/fuentesfidedignas.com.mx\/index.php\/wp-json\/wp\/v2\/media?parent=40979"}],"wp:term":[{"taxonomy":"category","embeddable":true,"href":"https:\/\/fuentesfidedignas.com.mx\/index.php\/wp-json\/wp\/v2\/categories?post=40979"},{"taxonomy":"post_tag","embeddable":true,"href":"https:\/\/fuentesfidedignas.com.mx\/index.php\/wp-json\/wp\/v2\/tags?post=40979"}],"curies":[{"name":"wp","href":"https:\/\/api.w.org\/{rel}","templated":true}]}}