{"id":40890,"date":"2022-08-26T07:03:04","date_gmt":"2022-08-26T13:03:04","guid":{"rendered":"https:\/\/fuentesfidedignas.com.mx\/?p=40890"},"modified":"2022-08-26T07:03:06","modified_gmt":"2022-08-26T13:03:06","slug":"regreso-a-clases-provocaria-ansiedad-despues-de-la-pandemia-por-covid-19-especialistas","status":"publish","type":"post","link":"https:\/\/fuentesfidedignas.com.mx\/index.php\/2022\/08\/26\/regreso-a-clases-provocaria-ansiedad-despues-de-la-pandemia-por-covid-19-especialistas\/","title":{"rendered":"Regreso a clases provocar\u00eda ansiedad despu\u00e9s de la pandemia por Covid-19: Especialistas"},"content":{"rendered":"\n<p><strong><em>Ante el pr\u00f3ximo regreso a clases presenciales despu\u00e9s de la pandemia por COVID-19, especialistas advierten que los alumnos, en especial los m\u00e1s peque\u00f1os, pueden presentar cuadros de ansiedad.<\/em><\/strong><\/p>\n\n\n\n<p>Ante el pr\u00f3ximo regreso a clases presenciales despu\u00e9s de la pandemia por COVID-19, especialistas advierten que los alumnos, en especial los m\u00e1s peque\u00f1os, pueden presentar cuadros de ansiedad.<\/p>\n\n\n\n<p>Camila tiene 3 a\u00f1os y 10 meses, est\u00e1 por entrar a primer a\u00f1o de k\u00ednder. El pr\u00f3ximo 29 de agosto ser\u00e1 su primer d\u00eda de clases de un ciclo completo despu\u00e9s de la pandemia.<\/p>\n\n\n\n<p>Su mam\u00e1 sabe que podr\u00eda llorar los primeros d\u00edas, pero despu\u00e9s se adaptar\u00e1 a las nuevas circunstancias.<\/p>\n\n\n\n<p>\u201cCasi toda su vida ha estado en pandemia encerrada, siento que tambi\u00e9n los ni\u00f1os de su a\u00f1o vivieron lo mismo, estuvieron encerrados; no me preocupa su adaptaci\u00f3n, creo que ha sido hura\u00f1a, justo por la pandemia porque no estaba acostumbrada a convivir con m\u00e1s gente, pero le ayuda mucho ser tan sociable, hace amistad f\u00e1cilmente\u201d, dijo Constanza Morales, mam\u00e1 de Camila.<\/p>\n\n\n\n<p>Explica que las clases en l\u00ednea, aunque mantuvieron distra\u00edda a Camila, no resultaron productivas.<\/p>\n\n\n\n<p>\u201cCuando empez\u00f3 el k\u00ednder ella lo empez\u00f3 totalmente en l\u00ednea, era a trav\u00e9s de la pantalla. Siempre empezaba con m\u00fasica, a cantar, bailar, pero las clases duraban s\u00faper poquito, ten\u00edan tres clases de media hora cada una, despu\u00e9s hac\u00edan ejercicio en los libros, pero es muy diferente tener el apoyo m\u00edo, la relaci\u00f3n de mam\u00e1 no es de maestra, siento que en general los que ten\u00edan clases en l\u00ednea no aprendieron tan r\u00e1pido como los que fueron presencialmente\u201d, indic\u00f3 Constanza, mam\u00e1 de Camila.<\/p>\n\n\n\n<p>\u201cAlgo importante a considerar es la etapa de desarrollo en la que se encuentren los ni\u00f1os; no es lo mismo c\u00f3mo reaccionan los preescolares a c\u00f3mo reaccionar\u00e1n los adolescentes, este primer mes hay algunos que podr\u00e1n mostrar miedo, incluso para separarse de sus progenitores, porque han tenido much\u00edsimo tiempo con ellos, en especial los m\u00e1s peque\u00f1itos, en el caso de los adolescentes muchos de ellos se aislaron, estuvieron mucho tiempo en los juegos o en las redes, por un lado puede haber emoci\u00f3n, pero por otro el miedo sobre c\u00f3mo socializar, sabemos que es una etapa donde socializar con los pares es muy importante para nuestro desarrollo\u201d, se\u00f1al\u00f3 Mar\u00eda Teresa Monjar\u00e1s, profesora investigadora de la Facultad de Psicolog\u00eda de la UNAM<\/p>\n\n\n\n<p>Sin embargo, ese proceso de adaptaci\u00f3n deber\u00e1 ser relativamente r\u00e1pido, pero no ser\u00e1 f\u00e1cil para todos.<\/p>\n\n\n\n<p>\u201cLas diversas investigaciones han mostrado que hay un porcentaje de ni\u00f1os y adolescentes que podr\u00edan mostrar estr\u00e9s, ansiedad, estr\u00e9s post traum\u00e1tico, que se espera sean los menos, es un porcentaje aproximado de 10-15 por ciento, pero hay que tener especial atenci\u00f3n desde el inicio lo normal es que yo sienta miedo, pero si ya han pasado 6 meses y sigo presentado sudoraci\u00f3n cada que entro a la escuela, mi frecuencia cardiaca aumenta, tengo pensamientos intrusivos de me voy a enfermar, algo malo va a pasar, no me puedo concentrar, aqu\u00ed la diferencia es la duraci\u00f3n y la afectaci\u00f3n en las \u00e1reas\u201d, apunt\u00f3 Mar\u00eda Teresa Monjar\u00e1s, profesora investigadora de la Facultad de Psicolog\u00eda de la UNAM:<\/p>\n\n\n\n<ul class=\"wp-block-list\"><li>Los especialistas recomiendan:<\/li><li>Hablar con los hijos para explicarles c\u00f3mo ser\u00e1 el regreso a clases.<\/li><li>Estar pendientes de su conducta, si presentan signos de ansiedad, insomnio, irritabilidad para atenderlos a tiempo.<\/li><li>Darles tiempo para ajustarse al regreso presencial.<\/li><li>Y para los padres, despu\u00e9s de tanto tiempo, las clases presenciales son una oportunidad para hacer cosas propias.<\/li><\/ul>\n\n\n\n<p>\u201cLe sirve mucho preparar las cosas, que hemos comprado los libros, sabe qu\u00e9 estuche va a usar, todo eso la va preparando, a m\u00ed me ayuda mucho que vaya a la escuela, si no est\u00e1 queriendo atenci\u00f3n m\u00eda aqu\u00ed en la casa\u201d, coment\u00f3 Constanza, mam\u00e1 de Camila.<\/p>\n\n\n\n<p>UNESCO actualiz\u00f3 un documento en abril de 2022 donde se\u00f1ala que despu\u00e9s de la pandemia, hay muchas situaciones por las que se debe repensar la educaci\u00f3n.<\/p>\n\n\n\n<p>Se\u00f1alan que las situaciones de riesgo para la poblaci\u00f3n incrementar\u00e1n en el futuro, a causa del cambio clim\u00e1tico, el aumento de la pobreza y los conflictos pol\u00edticos que puedan suscitarse en alguna regi\u00f3n, y que esto afectar\u00e1 la vida escolar de millones de personas, sobre todo en los contextos con mayores desigualdades econ\u00f3micas y sociales.<\/p>\n\n\n\n<p>Por ello, es importante integrar la \u201cEducaci\u00f3n en Situaciones de Emergencia\u201d al funcionamiento regular del sistema educativo mexicano en todos sus componentes: curr\u00edculo, materiales, gesti\u00f3n escolar, formaci\u00f3n de docentes, pol\u00edticas, educativa, sistemas de informaci\u00f3n, entre otros.<\/p>\n","protected":false},"excerpt":{"rendered":"<p>Ante el pr\u00f3ximo regreso a clases presenciales despu\u00e9s de la pandemia por COVID-19, especialistas advierten que los alumnos, en especial los m\u00e1s peque\u00f1os, pueden presentar cuadros de ansiedad. Ante el pr\u00f3ximo regreso a clases presenciales despu\u00e9s de la pandemia por COVID-19, especialistas advierten que los alumnos, en especial los m\u00e1s peque\u00f1os, pueden presentar cuadros de [&hellip;]<\/p>\n","protected":false},"author":46,"featured_media":40891,"comment_status":"open","ping_status":"open","sticky":false,"template":"","format":"standard","meta":{"tdm_status":"","tdm_grid_status":"","footnotes":""},"categories":[39],"tags":[],"class_list":{"0":"post-40890","1":"post","2":"type-post","3":"status-publish","4":"format-standard","5":"has-post-thumbnail","7":"category-noticias-nacionales"},"yoast_head":"<!-- This site is optimized with the Yoast SEO plugin v27.5 - https:\/\/yoast.com\/product\/yoast-seo-wordpress\/ -->\n<title>Regreso a clases provocar\u00eda ansiedad despu\u00e9s de la pandemia por Covid-19: Especialistas - Fuentes Fidedignas<\/title>\n<meta name=\"robots\" content=\"index, follow, max-snippet:-1, max-image-preview:large, max-video-preview:-1\" \/>\n<link rel=\"canonical\" href=\"https:\/\/fuentesfidedignas.com.mx\/index.php\/2022\/08\/26\/regreso-a-clases-provocaria-ansiedad-despues-de-la-pandemia-por-covid-19-especialistas\/\" \/>\n<meta property=\"og:locale\" content=\"es_MX\" \/>\n<meta property=\"og:type\" content=\"article\" \/>\n<meta property=\"og:title\" content=\"Regreso a clases provocar\u00eda ansiedad despu\u00e9s de la pandemia por Covid-19: Especialistas - Fuentes Fidedignas\" \/>\n<meta property=\"og:description\" content=\"Ante el pr\u00f3ximo regreso a clases presenciales despu\u00e9s de la pandemia por COVID-19, especialistas advierten que los alumnos, en especial los m\u00e1s peque\u00f1os, pueden presentar cuadros de ansiedad. Ante el pr\u00f3ximo regreso a clases presenciales despu\u00e9s de la pandemia por COVID-19, especialistas advierten que los alumnos, en especial los m\u00e1s peque\u00f1os, pueden presentar cuadros de [&hellip;]\" \/>\n<meta property=\"og:url\" content=\"https:\/\/fuentesfidedignas.com.mx\/index.php\/2022\/08\/26\/regreso-a-clases-provocaria-ansiedad-despues-de-la-pandemia-por-covid-19-especialistas\/\" \/>\n<meta property=\"og:site_name\" content=\"Fuentes Fidedignas\" \/>\n<meta property=\"article:publisher\" content=\"https:\/\/www.facebook.com\/Fuentes-Fidedignas-368234489921644\" \/>\n<meta property=\"article:published_time\" content=\"2022-08-26T13:03:04+00:00\" \/>\n<meta property=\"article:modified_time\" content=\"2022-08-26T13:03:06+00:00\" \/>\n<meta property=\"og:image\" content=\"https:\/\/fuentesfidedignas.com.mx\/wp-content\/uploads\/2022\/08\/NINOS_COVID.jpg\" \/>\n\t<meta property=\"og:image:width\" content=\"1239\" \/>\n\t<meta property=\"og:image:height\" content=\"708\" \/>\n\t<meta property=\"og:image:type\" content=\"image\/jpeg\" \/>\n<meta name=\"author\" content=\"Noticieros Televisa\" \/>\n<meta name=\"twitter:card\" content=\"summary_large_image\" \/>\n<meta name=\"twitter:creator\" content=\"@fidedignas\" \/>\n<meta name=\"twitter:site\" content=\"@fidedignas\" \/>\n<meta name=\"twitter:label1\" content=\"Escrito por\" \/>\n\t<meta name=\"twitter:data1\" content=\"Noticieros Televisa\" \/>\n\t<meta name=\"twitter:label2\" content=\"Tiempo de lectura\" \/>\n\t<meta name=\"twitter:data2\" content=\"4 minutos\" \/>\n<script type=\"application\/ld+json\" class=\"yoast-schema-graph\">{\"@context\":\"https:\\\/\\\/schema.org\",\"@graph\":[{\"@type\":\"Article\",\"@id\":\"https:\\\/\\\/fuentesfidedignas.com.mx\\\/index.php\\\/2022\\\/08\\\/26\\\/regreso-a-clases-provocaria-ansiedad-despues-de-la-pandemia-por-covid-19-especialistas\\\/#article\",\"isPartOf\":{\"@id\":\"https:\\\/\\\/fuentesfidedignas.com.mx\\\/index.php\\\/2022\\\/08\\\/26\\\/regreso-a-clases-provocaria-ansiedad-despues-de-la-pandemia-por-covid-19-especialistas\\\/\"},\"author\":{\"name\":\"Noticieros Televisa\",\"@id\":\"https:\\\/\\\/fuentesfidedignas.com.mx\\\/#\\\/schema\\\/person\\\/f030e42657a5a464a8bbd891b1aab6ee\"},\"headline\":\"Regreso a clases provocar\u00eda ansiedad despu\u00e9s de la pandemia por Covid-19: Especialistas\",\"datePublished\":\"2022-08-26T13:03:04+00:00\",\"dateModified\":\"2022-08-26T13:03:06+00:00\",\"mainEntityOfPage\":{\"@id\":\"https:\\\/\\\/fuentesfidedignas.com.mx\\\/index.php\\\/2022\\\/08\\\/26\\\/regreso-a-clases-provocaria-ansiedad-despues-de-la-pandemia-por-covid-19-especialistas\\\/\"},\"wordCount\":834,\"commentCount\":0,\"publisher\":{\"@id\":\"https:\\\/\\\/fuentesfidedignas.com.mx\\\/#organization\"},\"image\":{\"@id\":\"https:\\\/\\\/fuentesfidedignas.com.mx\\\/index.php\\\/2022\\\/08\\\/26\\\/regreso-a-clases-provocaria-ansiedad-despues-de-la-pandemia-por-covid-19-especialistas\\\/#primaryimage\"},\"thumbnailUrl\":\"https:\\\/\\\/fuentesfidedignas.com.mx\\\/wp-content\\\/uploads\\\/2022\\\/08\\\/NINOS_COVID.jpg\",\"articleSection\":[\"NOTICIAS NACIONALES\"],\"inLanguage\":\"es\",\"potentialAction\":[{\"@type\":\"CommentAction\",\"name\":\"Comment\",\"target\":[\"https:\\\/\\\/fuentesfidedignas.com.mx\\\/index.php\\\/2022\\\/08\\\/26\\\/regreso-a-clases-provocaria-ansiedad-despues-de-la-pandemia-por-covid-19-especialistas\\\/#respond\"]}]},{\"@type\":\"WebPage\",\"@id\":\"https:\\\/\\\/fuentesfidedignas.com.mx\\\/index.php\\\/2022\\\/08\\\/26\\\/regreso-a-clases-provocaria-ansiedad-despues-de-la-pandemia-por-covid-19-especialistas\\\/\",\"url\":\"https:\\\/\\\/fuentesfidedignas.com.mx\\\/index.php\\\/2022\\\/08\\\/26\\\/regreso-a-clases-provocaria-ansiedad-despues-de-la-pandemia-por-covid-19-especialistas\\\/\",\"name\":\"Regreso a clases provocar\u00eda ansiedad despu\u00e9s de la pandemia por Covid-19: Especialistas - Fuentes Fidedignas\",\"isPartOf\":{\"@id\":\"https:\\\/\\\/fuentesfidedignas.com.mx\\\/#website\"},\"primaryImageOfPage\":{\"@id\":\"https:\\\/\\\/fuentesfidedignas.com.mx\\\/index.php\\\/2022\\\/08\\\/26\\\/regreso-a-clases-provocaria-ansiedad-despues-de-la-pandemia-por-covid-19-especialistas\\\/#primaryimage\"},\"image\":{\"@id\":\"https:\\\/\\\/fuentesfidedignas.com.mx\\\/index.php\\\/2022\\\/08\\\/26\\\/regreso-a-clases-provocaria-ansiedad-despues-de-la-pandemia-por-covid-19-especialistas\\\/#primaryimage\"},\"thumbnailUrl\":\"https:\\\/\\\/fuentesfidedignas.com.mx\\\/wp-content\\\/uploads\\\/2022\\\/08\\\/NINOS_COVID.jpg\",\"datePublished\":\"2022-08-26T13:03:04+00:00\",\"dateModified\":\"2022-08-26T13:03:06+00:00\",\"breadcrumb\":{\"@id\":\"https:\\\/\\\/fuentesfidedignas.com.mx\\\/index.php\\\/2022\\\/08\\\/26\\\/regreso-a-clases-provocaria-ansiedad-despues-de-la-pandemia-por-covid-19-especialistas\\\/#breadcrumb\"},\"inLanguage\":\"es\",\"potentialAction\":[{\"@type\":\"ReadAction\",\"target\":[\"https:\\\/\\\/fuentesfidedignas.com.mx\\\/index.php\\\/2022\\\/08\\\/26\\\/regreso-a-clases-provocaria-ansiedad-despues-de-la-pandemia-por-covid-19-especialistas\\\/\"]}]},{\"@type\":\"ImageObject\",\"inLanguage\":\"es\",\"@id\":\"https:\\\/\\\/fuentesfidedignas.com.mx\\\/index.php\\\/2022\\\/08\\\/26\\\/regreso-a-clases-provocaria-ansiedad-despues-de-la-pandemia-por-covid-19-especialistas\\\/#primaryimage\",\"url\":\"https:\\\/\\\/fuentesfidedignas.com.mx\\\/wp-content\\\/uploads\\\/2022\\\/08\\\/NINOS_COVID.jpg\",\"contentUrl\":\"https:\\\/\\\/fuentesfidedignas.com.mx\\\/wp-content\\\/uploads\\\/2022\\\/08\\\/NINOS_COVID.jpg\",\"width\":1239,\"height\":708},{\"@type\":\"BreadcrumbList\",\"@id\":\"https:\\\/\\\/fuentesfidedignas.com.mx\\\/index.php\\\/2022\\\/08\\\/26\\\/regreso-a-clases-provocaria-ansiedad-despues-de-la-pandemia-por-covid-19-especialistas\\\/#breadcrumb\",\"itemListElement\":[{\"@type\":\"ListItem\",\"position\":1,\"name\":\"Inicio\",\"item\":\"https:\\\/\\\/fuentesfidedignas.com.mx\\\/\"},{\"@type\":\"ListItem\",\"position\":2,\"name\":\"Regreso a clases provocar\u00eda ansiedad despu\u00e9s de la pandemia por Covid-19: Especialistas\"}]},{\"@type\":\"WebSite\",\"@id\":\"https:\\\/\\\/fuentesfidedignas.com.mx\\\/#website\",\"url\":\"https:\\\/\\\/fuentesfidedignas.com.mx\\\/\",\"name\":\"Fuentes Fidedignas\",\"description\":\"Otro sitio realizado con WordPress\",\"publisher\":{\"@id\":\"https:\\\/\\\/fuentesfidedignas.com.mx\\\/#organization\"},\"potentialAction\":[{\"@type\":\"SearchAction\",\"target\":{\"@type\":\"EntryPoint\",\"urlTemplate\":\"https:\\\/\\\/fuentesfidedignas.com.mx\\\/?s={search_term_string}\"},\"query-input\":{\"@type\":\"PropertyValueSpecification\",\"valueRequired\":true,\"valueName\":\"search_term_string\"}}],\"inLanguage\":\"es\"},{\"@type\":\"Organization\",\"@id\":\"https:\\\/\\\/fuentesfidedignas.com.mx\\\/#organization\",\"name\":\"Fuentes Fidedignas\",\"url\":\"https:\\\/\\\/fuentesfidedignas.com.mx\\\/\",\"logo\":{\"@type\":\"ImageObject\",\"inLanguage\":\"es\",\"@id\":\"https:\\\/\\\/fuentesfidedignas.com.mx\\\/#\\\/schema\\\/logo\\\/image\\\/\",\"url\":\"https:\\\/\\\/fuentesfidedignas.com.mx\\\/wp-content\\\/uploads\\\/2021\\\/04\\\/logo-retina.png\",\"contentUrl\":\"https:\\\/\\\/fuentesfidedignas.com.mx\\\/wp-content\\\/uploads\\\/2021\\\/04\\\/logo-retina.png\",\"width\":280,\"height\":51,\"caption\":\"Fuentes Fidedignas\"},\"image\":{\"@id\":\"https:\\\/\\\/fuentesfidedignas.com.mx\\\/#\\\/schema\\\/logo\\\/image\\\/\"},\"sameAs\":[\"https:\\\/\\\/www.facebook.com\\\/Fuentes-Fidedignas-368234489921644\",\"https:\\\/\\\/x.com\\\/fidedignas\"]},{\"@type\":\"Person\",\"@id\":\"https:\\\/\\\/fuentesfidedignas.com.mx\\\/#\\\/schema\\\/person\\\/f030e42657a5a464a8bbd891b1aab6ee\",\"name\":\"Noticieros Televisa\",\"image\":{\"@type\":\"ImageObject\",\"inLanguage\":\"es\",\"@id\":\"https:\\\/\\\/secure.gravatar.com\\\/avatar\\\/0e47b9e785a628831b8fd9eaf15e090e106760a879abbd4a3306f128ef5d43a9?s=96&d=mm&r=g\",\"url\":\"https:\\\/\\\/secure.gravatar.com\\\/avatar\\\/0e47b9e785a628831b8fd9eaf15e090e106760a879abbd4a3306f128ef5d43a9?s=96&d=mm&r=g\",\"contentUrl\":\"https:\\\/\\\/secure.gravatar.com\\\/avatar\\\/0e47b9e785a628831b8fd9eaf15e090e106760a879abbd4a3306f128ef5d43a9?s=96&d=mm&r=g\",\"caption\":\"Noticieros Televisa\"},\"url\":\"https:\\\/\\\/fuentesfidedignas.com.mx\\\/index.php\\\/author\\\/noticieros-televisa\\\/\"}]}<\/script>\n<!-- \/ Yoast SEO plugin. -->","yoast_head_json":{"title":"Regreso a clases provocar\u00eda ansiedad despu\u00e9s de la pandemia por Covid-19: Especialistas - Fuentes Fidedignas","robots":{"index":"index","follow":"follow","max-snippet":"max-snippet:-1","max-image-preview":"max-image-preview:large","max-video-preview":"max-video-preview:-1"},"canonical":"https:\/\/fuentesfidedignas.com.mx\/index.php\/2022\/08\/26\/regreso-a-clases-provocaria-ansiedad-despues-de-la-pandemia-por-covid-19-especialistas\/","og_locale":"es_MX","og_type":"article","og_title":"Regreso a clases provocar\u00eda ansiedad despu\u00e9s de la pandemia por Covid-19: Especialistas - Fuentes Fidedignas","og_description":"Ante el pr\u00f3ximo regreso a clases presenciales despu\u00e9s de la pandemia por COVID-19, especialistas advierten que los alumnos, en especial los m\u00e1s peque\u00f1os, pueden presentar cuadros de ansiedad. Ante el pr\u00f3ximo regreso a clases presenciales despu\u00e9s de la pandemia por COVID-19, especialistas advierten que los alumnos, en especial los m\u00e1s peque\u00f1os, pueden presentar cuadros de [&hellip;]","og_url":"https:\/\/fuentesfidedignas.com.mx\/index.php\/2022\/08\/26\/regreso-a-clases-provocaria-ansiedad-despues-de-la-pandemia-por-covid-19-especialistas\/","og_site_name":"Fuentes Fidedignas","article_publisher":"https:\/\/www.facebook.com\/Fuentes-Fidedignas-368234489921644","article_published_time":"2022-08-26T13:03:04+00:00","article_modified_time":"2022-08-26T13:03:06+00:00","og_image":[{"width":1239,"height":708,"url":"https:\/\/fuentesfidedignas.com.mx\/wp-content\/uploads\/2022\/08\/NINOS_COVID.jpg","type":"image\/jpeg"}],"author":"Noticieros Televisa","twitter_card":"summary_large_image","twitter_creator":"@fidedignas","twitter_site":"@fidedignas","twitter_misc":{"Escrito por":"Noticieros Televisa","Tiempo de lectura":"4 minutos"},"schema":{"@context":"https:\/\/schema.org","@graph":[{"@type":"Article","@id":"https:\/\/fuentesfidedignas.com.mx\/index.php\/2022\/08\/26\/regreso-a-clases-provocaria-ansiedad-despues-de-la-pandemia-por-covid-19-especialistas\/#article","isPartOf":{"@id":"https:\/\/fuentesfidedignas.com.mx\/index.php\/2022\/08\/26\/regreso-a-clases-provocaria-ansiedad-despues-de-la-pandemia-por-covid-19-especialistas\/"},"author":{"name":"Noticieros Televisa","@id":"https:\/\/fuentesfidedignas.com.mx\/#\/schema\/person\/f030e42657a5a464a8bbd891b1aab6ee"},"headline":"Regreso a clases provocar\u00eda ansiedad despu\u00e9s de la pandemia por Covid-19: Especialistas","datePublished":"2022-08-26T13:03:04+00:00","dateModified":"2022-08-26T13:03:06+00:00","mainEntityOfPage":{"@id":"https:\/\/fuentesfidedignas.com.mx\/index.php\/2022\/08\/26\/regreso-a-clases-provocaria-ansiedad-despues-de-la-pandemia-por-covid-19-especialistas\/"},"wordCount":834,"commentCount":0,"publisher":{"@id":"https:\/\/fuentesfidedignas.com.mx\/#organization"},"image":{"@id":"https:\/\/fuentesfidedignas.com.mx\/index.php\/2022\/08\/26\/regreso-a-clases-provocaria-ansiedad-despues-de-la-pandemia-por-covid-19-especialistas\/#primaryimage"},"thumbnailUrl":"https:\/\/fuentesfidedignas.com.mx\/wp-content\/uploads\/2022\/08\/NINOS_COVID.jpg","articleSection":["NOTICIAS NACIONALES"],"inLanguage":"es","potentialAction":[{"@type":"CommentAction","name":"Comment","target":["https:\/\/fuentesfidedignas.com.mx\/index.php\/2022\/08\/26\/regreso-a-clases-provocaria-ansiedad-despues-de-la-pandemia-por-covid-19-especialistas\/#respond"]}]},{"@type":"WebPage","@id":"https:\/\/fuentesfidedignas.com.mx\/index.php\/2022\/08\/26\/regreso-a-clases-provocaria-ansiedad-despues-de-la-pandemia-por-covid-19-especialistas\/","url":"https:\/\/fuentesfidedignas.com.mx\/index.php\/2022\/08\/26\/regreso-a-clases-provocaria-ansiedad-despues-de-la-pandemia-por-covid-19-especialistas\/","name":"Regreso a clases provocar\u00eda ansiedad despu\u00e9s de la pandemia por Covid-19: Especialistas - Fuentes Fidedignas","isPartOf":{"@id":"https:\/\/fuentesfidedignas.com.mx\/#website"},"primaryImageOfPage":{"@id":"https:\/\/fuentesfidedignas.com.mx\/index.php\/2022\/08\/26\/regreso-a-clases-provocaria-ansiedad-despues-de-la-pandemia-por-covid-19-especialistas\/#primaryimage"},"image":{"@id":"https:\/\/fuentesfidedignas.com.mx\/index.php\/2022\/08\/26\/regreso-a-clases-provocaria-ansiedad-despues-de-la-pandemia-por-covid-19-especialistas\/#primaryimage"},"thumbnailUrl":"https:\/\/fuentesfidedignas.com.mx\/wp-content\/uploads\/2022\/08\/NINOS_COVID.jpg","datePublished":"2022-08-26T13:03:04+00:00","dateModified":"2022-08-26T13:03:06+00:00","breadcrumb":{"@id":"https:\/\/fuentesfidedignas.com.mx\/index.php\/2022\/08\/26\/regreso-a-clases-provocaria-ansiedad-despues-de-la-pandemia-por-covid-19-especialistas\/#breadcrumb"},"inLanguage":"es","potentialAction":[{"@type":"ReadAction","target":["https:\/\/fuentesfidedignas.com.mx\/index.php\/2022\/08\/26\/regreso-a-clases-provocaria-ansiedad-despues-de-la-pandemia-por-covid-19-especialistas\/"]}]},{"@type":"ImageObject","inLanguage":"es","@id":"https:\/\/fuentesfidedignas.com.mx\/index.php\/2022\/08\/26\/regreso-a-clases-provocaria-ansiedad-despues-de-la-pandemia-por-covid-19-especialistas\/#primaryimage","url":"https:\/\/fuentesfidedignas.com.mx\/wp-content\/uploads\/2022\/08\/NINOS_COVID.jpg","contentUrl":"https:\/\/fuentesfidedignas.com.mx\/wp-content\/uploads\/2022\/08\/NINOS_COVID.jpg","width":1239,"height":708},{"@type":"BreadcrumbList","@id":"https:\/\/fuentesfidedignas.com.mx\/index.php\/2022\/08\/26\/regreso-a-clases-provocaria-ansiedad-despues-de-la-pandemia-por-covid-19-especialistas\/#breadcrumb","itemListElement":[{"@type":"ListItem","position":1,"name":"Inicio","item":"https:\/\/fuentesfidedignas.com.mx\/"},{"@type":"ListItem","position":2,"name":"Regreso a clases provocar\u00eda ansiedad despu\u00e9s de la pandemia por Covid-19: Especialistas"}]},{"@type":"WebSite","@id":"https:\/\/fuentesfidedignas.com.mx\/#website","url":"https:\/\/fuentesfidedignas.com.mx\/","name":"Fuentes Fidedignas","description":"Otro sitio realizado con WordPress","publisher":{"@id":"https:\/\/fuentesfidedignas.com.mx\/#organization"},"potentialAction":[{"@type":"SearchAction","target":{"@type":"EntryPoint","urlTemplate":"https:\/\/fuentesfidedignas.com.mx\/?s={search_term_string}"},"query-input":{"@type":"PropertyValueSpecification","valueRequired":true,"valueName":"search_term_string"}}],"inLanguage":"es"},{"@type":"Organization","@id":"https:\/\/fuentesfidedignas.com.mx\/#organization","name":"Fuentes Fidedignas","url":"https:\/\/fuentesfidedignas.com.mx\/","logo":{"@type":"ImageObject","inLanguage":"es","@id":"https:\/\/fuentesfidedignas.com.mx\/#\/schema\/logo\/image\/","url":"https:\/\/fuentesfidedignas.com.mx\/wp-content\/uploads\/2021\/04\/logo-retina.png","contentUrl":"https:\/\/fuentesfidedignas.com.mx\/wp-content\/uploads\/2021\/04\/logo-retina.png","width":280,"height":51,"caption":"Fuentes Fidedignas"},"image":{"@id":"https:\/\/fuentesfidedignas.com.mx\/#\/schema\/logo\/image\/"},"sameAs":["https:\/\/www.facebook.com\/Fuentes-Fidedignas-368234489921644","https:\/\/x.com\/fidedignas"]},{"@type":"Person","@id":"https:\/\/fuentesfidedignas.com.mx\/#\/schema\/person\/f030e42657a5a464a8bbd891b1aab6ee","name":"Noticieros Televisa","image":{"@type":"ImageObject","inLanguage":"es","@id":"https:\/\/secure.gravatar.com\/avatar\/0e47b9e785a628831b8fd9eaf15e090e106760a879abbd4a3306f128ef5d43a9?s=96&d=mm&r=g","url":"https:\/\/secure.gravatar.com\/avatar\/0e47b9e785a628831b8fd9eaf15e090e106760a879abbd4a3306f128ef5d43a9?s=96&d=mm&r=g","contentUrl":"https:\/\/secure.gravatar.com\/avatar\/0e47b9e785a628831b8fd9eaf15e090e106760a879abbd4a3306f128ef5d43a9?s=96&d=mm&r=g","caption":"Noticieros Televisa"},"url":"https:\/\/fuentesfidedignas.com.mx\/index.php\/author\/noticieros-televisa\/"}]}},"_links":{"self":[{"href":"https:\/\/fuentesfidedignas.com.mx\/index.php\/wp-json\/wp\/v2\/posts\/40890","targetHints":{"allow":["GET"]}}],"collection":[{"href":"https:\/\/fuentesfidedignas.com.mx\/index.php\/wp-json\/wp\/v2\/posts"}],"about":[{"href":"https:\/\/fuentesfidedignas.com.mx\/index.php\/wp-json\/wp\/v2\/types\/post"}],"author":[{"embeddable":true,"href":"https:\/\/fuentesfidedignas.com.mx\/index.php\/wp-json\/wp\/v2\/users\/46"}],"replies":[{"embeddable":true,"href":"https:\/\/fuentesfidedignas.com.mx\/index.php\/wp-json\/wp\/v2\/comments?post=40890"}],"version-history":[{"count":1,"href":"https:\/\/fuentesfidedignas.com.mx\/index.php\/wp-json\/wp\/v2\/posts\/40890\/revisions"}],"predecessor-version":[{"id":40892,"href":"https:\/\/fuentesfidedignas.com.mx\/index.php\/wp-json\/wp\/v2\/posts\/40890\/revisions\/40892"}],"wp:featuredmedia":[{"embeddable":true,"href":"https:\/\/fuentesfidedignas.com.mx\/index.php\/wp-json\/wp\/v2\/media\/40891"}],"wp:attachment":[{"href":"https:\/\/fuentesfidedignas.com.mx\/index.php\/wp-json\/wp\/v2\/media?parent=40890"}],"wp:term":[{"taxonomy":"category","embeddable":true,"href":"https:\/\/fuentesfidedignas.com.mx\/index.php\/wp-json\/wp\/v2\/categories?post=40890"},{"taxonomy":"post_tag","embeddable":true,"href":"https:\/\/fuentesfidedignas.com.mx\/index.php\/wp-json\/wp\/v2\/tags?post=40890"}],"curies":[{"name":"wp","href":"https:\/\/api.w.org\/{rel}","templated":true}]}}