{"id":40884,"date":"2022-08-26T06:42:47","date_gmt":"2022-08-26T12:42:47","guid":{"rendered":"https:\/\/fuentesfidedignas.com.mx\/?p=40884"},"modified":"2022-08-26T06:42:48","modified_gmt":"2022-08-26T12:42:48","slug":"detienen-a-un-hombre-por-un-delito-cometido-2-horas-despues-de-su-arresto","status":"publish","type":"post","link":"https:\/\/fuentesfidedignas.com.mx\/index.php\/2022\/08\/26\/detienen-a-un-hombre-por-un-delito-cometido-2-horas-despues-de-su-arresto\/","title":{"rendered":"Detienen a un hombre por un delito cometido 2 horas despu\u00e9s de su arresto"},"content":{"rendered":"\n<p><strong><em>Ulises P\u00e9rez, de 27 a\u00f1os de edad, fue detenido el 5 de julio en Ecatepec, Estado de M\u00e9xico, por personas vestidas de civil que se le cerraron en un autom\u00f3vil.<\/em><\/strong><\/p>\n\n\n\n<p>En el Estado de M\u00e9xico, un hombre fue detenido dos horas antes del delito que se le imputa; organizaciones defensoras de derechos humanos aseguran que no es un caso aislado y que cada vez son m\u00e1s frecuentes estas detenciones, en especial, por parte de la Polic\u00eda Ministerial del estado<\/p>\n\n\n\n<p>Ulises P\u00e9rez, de 27 a\u00f1os de edad, fue detenido el 5 de julio en el boulevard de Los Teocallis, en Ecatepec, Estado de M\u00e9xico, por personas vestidas de civil que se le cerraron en un autom\u00f3vil.<\/p>\n\n\n\n<p>\u201cEl jetta que se nos cerr\u00f3 queda justo arriba de este tope, nosotros quedamos un poco m\u00e1s atr\u00e1s, casi esquina con calle Zapotecas. A primera instancia pensamos que era un secuestro o algo. Cuando nos detienen nunca nos ense\u00f1aron una orden de aprehensi\u00f3n\u201d, dijo Ivonne, esposa del detenido.<\/p>\n\n\n\n<p>Las c\u00e1maras del C5 registraron la detenci\u00f3n de Ulises a las 9 horas con 14 minutos; el delito del que se le acus\u00f3 posterioremente fue un robo de mil 500 pesos que ocurri\u00f3 a las 11 horas; lo subieron a un auto particular y posteriormente a una camioneta privada; fue hasta ocho horas despu\u00e9s, que sus familiares se enteraron que estaba retenido en el Ministerio P\u00fablico en Jardines de Morelos.<\/p>\n\n\n\n<p>\u201cS\u00ed me golpearon los oficiales mientras me iban trasladando en la camioneta pues aproximadamente dos horas, tres horas. La verdad perd\u00ed la noci\u00f3n del tiempo, me dec\u00edan que qu\u00e9 carro yo me hab\u00eda robado\u201d, dijo Ulises P\u00e9rez, detenido.<\/p>\n\n\n\n<p>Fue vinculado a proceso dos d\u00edas despu\u00e9s de su detenci\u00f3n; desde entonces se encuentra en el penal de Chiconautla, en Ecatepec.<\/p>\n\n\n\n<p>\u201cYa me dijeron que era robo con violencia, que hab\u00eda robado a una persona mil quinientos pesos y que yo tra\u00eda una navaja y que solo me hab\u00edan detenido dos oficiales cuando eso era mentira, eran m\u00e1s de dos oficiales\u201d, se\u00f1al\u00f3 Ulises P\u00e9rez, detenido.<\/p>\n\n\n\n<p>El centro de derechos humanos Zeferino Ladrillero ha documentado que el caso de Ulises no es el \u00fanico.<\/p>\n\n\n\n<p>\u201cHemos logrado documentar que las detenciones arbitrarias de este estado se realizan con mucha mayor generalidad por la polic\u00eda ministerial del Estado de M\u00e9xico en un 58% de estas detenciones y en estas detenciones no se presenta una orden de aprehensi\u00f3n el 85% de las veces\u201d, apunt\u00f3 Antonio Lara, del Centro de Derechos Humanos Zeferino Ladrillero.<\/p>\n\n\n\n<p>Familiares de personas encarceladas en el estado de m\u00e9xico realizan una caravana desde el 15 de agosto por municipios mexiquenses para pedir la liberaci\u00f3n de los presos.<\/p>\n\n\n\n<p>\u201cNosotros luchamos por nuestros familiares que est\u00e1n injustamente presos por un delito que no cometieron, los acusaron de un delito y les fabricaron una carpeta, fueron sentenciados injustamente\u201d, se\u00f1al\u00f3 Yolanda S\u00e1nchez, de la Caravana mexiquense por Libertad y Justicia.<\/p>\n\n\n\n<p>La Fiscal\u00eda del estado se\u00f1al\u00f3 a En Punto que Ulises fue detenido luego de que la supuesta v\u00edctima de asalto dio aviso a agentes de investigaci\u00f3n que circulaban por la zona.<\/p>\n\n\n\n<p>La familia de Ulises espera que en la pr\u00f3xima audiencia se acredite que su detenci\u00f3n fue al menos dos horas antes de que ocurriera el delito del que lo culpan.<\/p>\n\n\n\n<p>\u201cQue agarren a la gente que deben de agarrar, no a inocentes que no hacen nada\u201d, dijo la madre del detenido.<\/p>\n\n\n\n<p>\u201cQue se haga justicia para que me den mi libertad porque pues yo no comet\u00ed ese hecho\u201d, apunt\u00f3 Ulises P\u00e9rez, detenido.<\/p>\n","protected":false},"excerpt":{"rendered":"<p>Ulises P\u00e9rez, de 27 a\u00f1os de edad, fue detenido el 5 de julio en Ecatepec, Estado de M\u00e9xico, por personas vestidas de civil que se le cerraron en un autom\u00f3vil. En el Estado de M\u00e9xico, un hombre fue detenido dos horas antes del delito que se le imputa; organizaciones defensoras de derechos humanos aseguran que [&hellip;]<\/p>\n","protected":false},"author":46,"featured_media":40885,"comment_status":"open","ping_status":"open","sticky":false,"template":"","format":"standard","meta":{"tdm_status":"","tdm_grid_status":"","footnotes":""},"categories":[40],"tags":[290,193],"class_list":{"0":"post-40884","1":"post","2":"type-post","3":"status-publish","4":"format-standard","5":"has-post-thumbnail","7":"category-las-asombrosas","8":"tag-asombrosa","9":"tag-viral"},"yoast_head":"<!-- This site is optimized with the Yoast SEO plugin v27.4 - https:\/\/yoast.com\/product\/yoast-seo-wordpress\/ -->\n<title>Detienen a un hombre por un delito cometido 2 horas despu\u00e9s de su arresto - Fuentes Fidedignas<\/title>\n<meta name=\"robots\" content=\"index, follow, max-snippet:-1, max-image-preview:large, max-video-preview:-1\" \/>\n<link rel=\"canonical\" href=\"https:\/\/fuentesfidedignas.com.mx\/index.php\/2022\/08\/26\/detienen-a-un-hombre-por-un-delito-cometido-2-horas-despues-de-su-arresto\/\" \/>\n<meta property=\"og:locale\" content=\"es_MX\" \/>\n<meta property=\"og:type\" content=\"article\" \/>\n<meta property=\"og:title\" content=\"Detienen a un hombre por un delito cometido 2 horas despu\u00e9s de su arresto - Fuentes Fidedignas\" \/>\n<meta property=\"og:description\" content=\"Ulises P\u00e9rez, de 27 a\u00f1os de edad, fue detenido el 5 de julio en Ecatepec, Estado de M\u00e9xico, por personas vestidas de civil que se le cerraron en un autom\u00f3vil. En el Estado de M\u00e9xico, un hombre fue detenido dos horas antes del delito que se le imputa; organizaciones defensoras de derechos humanos aseguran que [&hellip;]\" \/>\n<meta property=\"og:url\" content=\"https:\/\/fuentesfidedignas.com.mx\/index.php\/2022\/08\/26\/detienen-a-un-hombre-por-un-delito-cometido-2-horas-despues-de-su-arresto\/\" \/>\n<meta property=\"og:site_name\" content=\"Fuentes Fidedignas\" \/>\n<meta property=\"article:publisher\" content=\"https:\/\/www.facebook.com\/Fuentes-Fidedignas-368234489921644\" \/>\n<meta property=\"article:published_time\" content=\"2022-08-26T12:42:47+00:00\" \/>\n<meta property=\"article:modified_time\" content=\"2022-08-26T12:42:48+00:00\" \/>\n<meta property=\"og:image\" content=\"https:\/\/fuentesfidedignas.com.mx\/wp-content\/uploads\/2022\/08\/ULISES_PEREZ.jpg\" \/>\n\t<meta property=\"og:image:width\" content=\"1249\" \/>\n\t<meta property=\"og:image:height\" content=\"680\" \/>\n\t<meta property=\"og:image:type\" content=\"image\/jpeg\" \/>\n<meta name=\"author\" content=\"Noticieros Televisa\" \/>\n<meta name=\"twitter:card\" content=\"summary_large_image\" \/>\n<meta name=\"twitter:creator\" content=\"@fidedignas\" \/>\n<meta name=\"twitter:site\" content=\"@fidedignas\" \/>\n<meta name=\"twitter:label1\" content=\"Escrito por\" \/>\n\t<meta name=\"twitter:data1\" content=\"Noticieros Televisa\" \/>\n\t<meta name=\"twitter:label2\" content=\"Tiempo de lectura\" \/>\n\t<meta name=\"twitter:data2\" content=\"3 minutos\" \/>\n<script type=\"application\/ld+json\" class=\"yoast-schema-graph\">{\"@context\":\"https:\\\/\\\/schema.org\",\"@graph\":[{\"@type\":\"Article\",\"@id\":\"https:\\\/\\\/fuentesfidedignas.com.mx\\\/index.php\\\/2022\\\/08\\\/26\\\/detienen-a-un-hombre-por-un-delito-cometido-2-horas-despues-de-su-arresto\\\/#article\",\"isPartOf\":{\"@id\":\"https:\\\/\\\/fuentesfidedignas.com.mx\\\/index.php\\\/2022\\\/08\\\/26\\\/detienen-a-un-hombre-por-un-delito-cometido-2-horas-despues-de-su-arresto\\\/\"},\"author\":{\"name\":\"Noticieros Televisa\",\"@id\":\"https:\\\/\\\/fuentesfidedignas.com.mx\\\/#\\\/schema\\\/person\\\/f030e42657a5a464a8bbd891b1aab6ee\"},\"headline\":\"Detienen a un hombre por un delito cometido 2 horas despu\u00e9s de su arresto\",\"datePublished\":\"2022-08-26T12:42:47+00:00\",\"dateModified\":\"2022-08-26T12:42:48+00:00\",\"mainEntityOfPage\":{\"@id\":\"https:\\\/\\\/fuentesfidedignas.com.mx\\\/index.php\\\/2022\\\/08\\\/26\\\/detienen-a-un-hombre-por-un-delito-cometido-2-horas-despues-de-su-arresto\\\/\"},\"wordCount\":629,\"commentCount\":0,\"publisher\":{\"@id\":\"https:\\\/\\\/fuentesfidedignas.com.mx\\\/#organization\"},\"image\":{\"@id\":\"https:\\\/\\\/fuentesfidedignas.com.mx\\\/index.php\\\/2022\\\/08\\\/26\\\/detienen-a-un-hombre-por-un-delito-cometido-2-horas-despues-de-su-arresto\\\/#primaryimage\"},\"thumbnailUrl\":\"https:\\\/\\\/fuentesfidedignas.com.mx\\\/wp-content\\\/uploads\\\/2022\\\/08\\\/ULISES_PEREZ.jpg\",\"keywords\":[\"Asombrosa\",\"Viral\"],\"articleSection\":[\"LAS ASOMBROSAS\"],\"inLanguage\":\"es\",\"potentialAction\":[{\"@type\":\"CommentAction\",\"name\":\"Comment\",\"target\":[\"https:\\\/\\\/fuentesfidedignas.com.mx\\\/index.php\\\/2022\\\/08\\\/26\\\/detienen-a-un-hombre-por-un-delito-cometido-2-horas-despues-de-su-arresto\\\/#respond\"]}]},{\"@type\":\"WebPage\",\"@id\":\"https:\\\/\\\/fuentesfidedignas.com.mx\\\/index.php\\\/2022\\\/08\\\/26\\\/detienen-a-un-hombre-por-un-delito-cometido-2-horas-despues-de-su-arresto\\\/\",\"url\":\"https:\\\/\\\/fuentesfidedignas.com.mx\\\/index.php\\\/2022\\\/08\\\/26\\\/detienen-a-un-hombre-por-un-delito-cometido-2-horas-despues-de-su-arresto\\\/\",\"name\":\"Detienen a un hombre por un delito cometido 2 horas despu\u00e9s de su arresto - Fuentes Fidedignas\",\"isPartOf\":{\"@id\":\"https:\\\/\\\/fuentesfidedignas.com.mx\\\/#website\"},\"primaryImageOfPage\":{\"@id\":\"https:\\\/\\\/fuentesfidedignas.com.mx\\\/index.php\\\/2022\\\/08\\\/26\\\/detienen-a-un-hombre-por-un-delito-cometido-2-horas-despues-de-su-arresto\\\/#primaryimage\"},\"image\":{\"@id\":\"https:\\\/\\\/fuentesfidedignas.com.mx\\\/index.php\\\/2022\\\/08\\\/26\\\/detienen-a-un-hombre-por-un-delito-cometido-2-horas-despues-de-su-arresto\\\/#primaryimage\"},\"thumbnailUrl\":\"https:\\\/\\\/fuentesfidedignas.com.mx\\\/wp-content\\\/uploads\\\/2022\\\/08\\\/ULISES_PEREZ.jpg\",\"datePublished\":\"2022-08-26T12:42:47+00:00\",\"dateModified\":\"2022-08-26T12:42:48+00:00\",\"breadcrumb\":{\"@id\":\"https:\\\/\\\/fuentesfidedignas.com.mx\\\/index.php\\\/2022\\\/08\\\/26\\\/detienen-a-un-hombre-por-un-delito-cometido-2-horas-despues-de-su-arresto\\\/#breadcrumb\"},\"inLanguage\":\"es\",\"potentialAction\":[{\"@type\":\"ReadAction\",\"target\":[\"https:\\\/\\\/fuentesfidedignas.com.mx\\\/index.php\\\/2022\\\/08\\\/26\\\/detienen-a-un-hombre-por-un-delito-cometido-2-horas-despues-de-su-arresto\\\/\"]}]},{\"@type\":\"ImageObject\",\"inLanguage\":\"es\",\"@id\":\"https:\\\/\\\/fuentesfidedignas.com.mx\\\/index.php\\\/2022\\\/08\\\/26\\\/detienen-a-un-hombre-por-un-delito-cometido-2-horas-despues-de-su-arresto\\\/#primaryimage\",\"url\":\"https:\\\/\\\/fuentesfidedignas.com.mx\\\/wp-content\\\/uploads\\\/2022\\\/08\\\/ULISES_PEREZ.jpg\",\"contentUrl\":\"https:\\\/\\\/fuentesfidedignas.com.mx\\\/wp-content\\\/uploads\\\/2022\\\/08\\\/ULISES_PEREZ.jpg\",\"width\":1249,\"height\":680},{\"@type\":\"BreadcrumbList\",\"@id\":\"https:\\\/\\\/fuentesfidedignas.com.mx\\\/index.php\\\/2022\\\/08\\\/26\\\/detienen-a-un-hombre-por-un-delito-cometido-2-horas-despues-de-su-arresto\\\/#breadcrumb\",\"itemListElement\":[{\"@type\":\"ListItem\",\"position\":1,\"name\":\"Inicio\",\"item\":\"https:\\\/\\\/fuentesfidedignas.com.mx\\\/\"},{\"@type\":\"ListItem\",\"position\":2,\"name\":\"Detienen a un hombre por un delito cometido 2 horas despu\u00e9s de su arresto\"}]},{\"@type\":\"WebSite\",\"@id\":\"https:\\\/\\\/fuentesfidedignas.com.mx\\\/#website\",\"url\":\"https:\\\/\\\/fuentesfidedignas.com.mx\\\/\",\"name\":\"Fuentes Fidedignas\",\"description\":\"Otro sitio realizado con WordPress\",\"publisher\":{\"@id\":\"https:\\\/\\\/fuentesfidedignas.com.mx\\\/#organization\"},\"potentialAction\":[{\"@type\":\"SearchAction\",\"target\":{\"@type\":\"EntryPoint\",\"urlTemplate\":\"https:\\\/\\\/fuentesfidedignas.com.mx\\\/?s={search_term_string}\"},\"query-input\":{\"@type\":\"PropertyValueSpecification\",\"valueRequired\":true,\"valueName\":\"search_term_string\"}}],\"inLanguage\":\"es\"},{\"@type\":\"Organization\",\"@id\":\"https:\\\/\\\/fuentesfidedignas.com.mx\\\/#organization\",\"name\":\"Fuentes Fidedignas\",\"url\":\"https:\\\/\\\/fuentesfidedignas.com.mx\\\/\",\"logo\":{\"@type\":\"ImageObject\",\"inLanguage\":\"es\",\"@id\":\"https:\\\/\\\/fuentesfidedignas.com.mx\\\/#\\\/schema\\\/logo\\\/image\\\/\",\"url\":\"https:\\\/\\\/fuentesfidedignas.com.mx\\\/wp-content\\\/uploads\\\/2021\\\/04\\\/logo-retina.png\",\"contentUrl\":\"https:\\\/\\\/fuentesfidedignas.com.mx\\\/wp-content\\\/uploads\\\/2021\\\/04\\\/logo-retina.png\",\"width\":280,\"height\":51,\"caption\":\"Fuentes Fidedignas\"},\"image\":{\"@id\":\"https:\\\/\\\/fuentesfidedignas.com.mx\\\/#\\\/schema\\\/logo\\\/image\\\/\"},\"sameAs\":[\"https:\\\/\\\/www.facebook.com\\\/Fuentes-Fidedignas-368234489921644\",\"https:\\\/\\\/x.com\\\/fidedignas\"]},{\"@type\":\"Person\",\"@id\":\"https:\\\/\\\/fuentesfidedignas.com.mx\\\/#\\\/schema\\\/person\\\/f030e42657a5a464a8bbd891b1aab6ee\",\"name\":\"Noticieros Televisa\",\"image\":{\"@type\":\"ImageObject\",\"inLanguage\":\"es\",\"@id\":\"https:\\\/\\\/secure.gravatar.com\\\/avatar\\\/0e47b9e785a628831b8fd9eaf15e090e106760a879abbd4a3306f128ef5d43a9?s=96&d=mm&r=g\",\"url\":\"https:\\\/\\\/secure.gravatar.com\\\/avatar\\\/0e47b9e785a628831b8fd9eaf15e090e106760a879abbd4a3306f128ef5d43a9?s=96&d=mm&r=g\",\"contentUrl\":\"https:\\\/\\\/secure.gravatar.com\\\/avatar\\\/0e47b9e785a628831b8fd9eaf15e090e106760a879abbd4a3306f128ef5d43a9?s=96&d=mm&r=g\",\"caption\":\"Noticieros Televisa\"},\"url\":\"https:\\\/\\\/fuentesfidedignas.com.mx\\\/index.php\\\/author\\\/noticieros-televisa\\\/\"}]}<\/script>\n<!-- \/ Yoast SEO plugin. -->","yoast_head_json":{"title":"Detienen a un hombre por un delito cometido 2 horas despu\u00e9s de su arresto - Fuentes Fidedignas","robots":{"index":"index","follow":"follow","max-snippet":"max-snippet:-1","max-image-preview":"max-image-preview:large","max-video-preview":"max-video-preview:-1"},"canonical":"https:\/\/fuentesfidedignas.com.mx\/index.php\/2022\/08\/26\/detienen-a-un-hombre-por-un-delito-cometido-2-horas-despues-de-su-arresto\/","og_locale":"es_MX","og_type":"article","og_title":"Detienen a un hombre por un delito cometido 2 horas despu\u00e9s de su arresto - Fuentes Fidedignas","og_description":"Ulises P\u00e9rez, de 27 a\u00f1os de edad, fue detenido el 5 de julio en Ecatepec, Estado de M\u00e9xico, por personas vestidas de civil que se le cerraron en un autom\u00f3vil. En el Estado de M\u00e9xico, un hombre fue detenido dos horas antes del delito que se le imputa; organizaciones defensoras de derechos humanos aseguran que [&hellip;]","og_url":"https:\/\/fuentesfidedignas.com.mx\/index.php\/2022\/08\/26\/detienen-a-un-hombre-por-un-delito-cometido-2-horas-despues-de-su-arresto\/","og_site_name":"Fuentes Fidedignas","article_publisher":"https:\/\/www.facebook.com\/Fuentes-Fidedignas-368234489921644","article_published_time":"2022-08-26T12:42:47+00:00","article_modified_time":"2022-08-26T12:42:48+00:00","og_image":[{"width":1249,"height":680,"url":"https:\/\/fuentesfidedignas.com.mx\/wp-content\/uploads\/2022\/08\/ULISES_PEREZ.jpg","type":"image\/jpeg"}],"author":"Noticieros Televisa","twitter_card":"summary_large_image","twitter_creator":"@fidedignas","twitter_site":"@fidedignas","twitter_misc":{"Escrito por":"Noticieros Televisa","Tiempo de lectura":"3 minutos"},"schema":{"@context":"https:\/\/schema.org","@graph":[{"@type":"Article","@id":"https:\/\/fuentesfidedignas.com.mx\/index.php\/2022\/08\/26\/detienen-a-un-hombre-por-un-delito-cometido-2-horas-despues-de-su-arresto\/#article","isPartOf":{"@id":"https:\/\/fuentesfidedignas.com.mx\/index.php\/2022\/08\/26\/detienen-a-un-hombre-por-un-delito-cometido-2-horas-despues-de-su-arresto\/"},"author":{"name":"Noticieros Televisa","@id":"https:\/\/fuentesfidedignas.com.mx\/#\/schema\/person\/f030e42657a5a464a8bbd891b1aab6ee"},"headline":"Detienen a un hombre por un delito cometido 2 horas despu\u00e9s de su arresto","datePublished":"2022-08-26T12:42:47+00:00","dateModified":"2022-08-26T12:42:48+00:00","mainEntityOfPage":{"@id":"https:\/\/fuentesfidedignas.com.mx\/index.php\/2022\/08\/26\/detienen-a-un-hombre-por-un-delito-cometido-2-horas-despues-de-su-arresto\/"},"wordCount":629,"commentCount":0,"publisher":{"@id":"https:\/\/fuentesfidedignas.com.mx\/#organization"},"image":{"@id":"https:\/\/fuentesfidedignas.com.mx\/index.php\/2022\/08\/26\/detienen-a-un-hombre-por-un-delito-cometido-2-horas-despues-de-su-arresto\/#primaryimage"},"thumbnailUrl":"https:\/\/fuentesfidedignas.com.mx\/wp-content\/uploads\/2022\/08\/ULISES_PEREZ.jpg","keywords":["Asombrosa","Viral"],"articleSection":["LAS ASOMBROSAS"],"inLanguage":"es","potentialAction":[{"@type":"CommentAction","name":"Comment","target":["https:\/\/fuentesfidedignas.com.mx\/index.php\/2022\/08\/26\/detienen-a-un-hombre-por-un-delito-cometido-2-horas-despues-de-su-arresto\/#respond"]}]},{"@type":"WebPage","@id":"https:\/\/fuentesfidedignas.com.mx\/index.php\/2022\/08\/26\/detienen-a-un-hombre-por-un-delito-cometido-2-horas-despues-de-su-arresto\/","url":"https:\/\/fuentesfidedignas.com.mx\/index.php\/2022\/08\/26\/detienen-a-un-hombre-por-un-delito-cometido-2-horas-despues-de-su-arresto\/","name":"Detienen a un hombre por un delito cometido 2 horas despu\u00e9s de su arresto - Fuentes Fidedignas","isPartOf":{"@id":"https:\/\/fuentesfidedignas.com.mx\/#website"},"primaryImageOfPage":{"@id":"https:\/\/fuentesfidedignas.com.mx\/index.php\/2022\/08\/26\/detienen-a-un-hombre-por-un-delito-cometido-2-horas-despues-de-su-arresto\/#primaryimage"},"image":{"@id":"https:\/\/fuentesfidedignas.com.mx\/index.php\/2022\/08\/26\/detienen-a-un-hombre-por-un-delito-cometido-2-horas-despues-de-su-arresto\/#primaryimage"},"thumbnailUrl":"https:\/\/fuentesfidedignas.com.mx\/wp-content\/uploads\/2022\/08\/ULISES_PEREZ.jpg","datePublished":"2022-08-26T12:42:47+00:00","dateModified":"2022-08-26T12:42:48+00:00","breadcrumb":{"@id":"https:\/\/fuentesfidedignas.com.mx\/index.php\/2022\/08\/26\/detienen-a-un-hombre-por-un-delito-cometido-2-horas-despues-de-su-arresto\/#breadcrumb"},"inLanguage":"es","potentialAction":[{"@type":"ReadAction","target":["https:\/\/fuentesfidedignas.com.mx\/index.php\/2022\/08\/26\/detienen-a-un-hombre-por-un-delito-cometido-2-horas-despues-de-su-arresto\/"]}]},{"@type":"ImageObject","inLanguage":"es","@id":"https:\/\/fuentesfidedignas.com.mx\/index.php\/2022\/08\/26\/detienen-a-un-hombre-por-un-delito-cometido-2-horas-despues-de-su-arresto\/#primaryimage","url":"https:\/\/fuentesfidedignas.com.mx\/wp-content\/uploads\/2022\/08\/ULISES_PEREZ.jpg","contentUrl":"https:\/\/fuentesfidedignas.com.mx\/wp-content\/uploads\/2022\/08\/ULISES_PEREZ.jpg","width":1249,"height":680},{"@type":"BreadcrumbList","@id":"https:\/\/fuentesfidedignas.com.mx\/index.php\/2022\/08\/26\/detienen-a-un-hombre-por-un-delito-cometido-2-horas-despues-de-su-arresto\/#breadcrumb","itemListElement":[{"@type":"ListItem","position":1,"name":"Inicio","item":"https:\/\/fuentesfidedignas.com.mx\/"},{"@type":"ListItem","position":2,"name":"Detienen a un hombre por un delito cometido 2 horas despu\u00e9s de su arresto"}]},{"@type":"WebSite","@id":"https:\/\/fuentesfidedignas.com.mx\/#website","url":"https:\/\/fuentesfidedignas.com.mx\/","name":"Fuentes Fidedignas","description":"Otro sitio realizado con WordPress","publisher":{"@id":"https:\/\/fuentesfidedignas.com.mx\/#organization"},"potentialAction":[{"@type":"SearchAction","target":{"@type":"EntryPoint","urlTemplate":"https:\/\/fuentesfidedignas.com.mx\/?s={search_term_string}"},"query-input":{"@type":"PropertyValueSpecification","valueRequired":true,"valueName":"search_term_string"}}],"inLanguage":"es"},{"@type":"Organization","@id":"https:\/\/fuentesfidedignas.com.mx\/#organization","name":"Fuentes Fidedignas","url":"https:\/\/fuentesfidedignas.com.mx\/","logo":{"@type":"ImageObject","inLanguage":"es","@id":"https:\/\/fuentesfidedignas.com.mx\/#\/schema\/logo\/image\/","url":"https:\/\/fuentesfidedignas.com.mx\/wp-content\/uploads\/2021\/04\/logo-retina.png","contentUrl":"https:\/\/fuentesfidedignas.com.mx\/wp-content\/uploads\/2021\/04\/logo-retina.png","width":280,"height":51,"caption":"Fuentes Fidedignas"},"image":{"@id":"https:\/\/fuentesfidedignas.com.mx\/#\/schema\/logo\/image\/"},"sameAs":["https:\/\/www.facebook.com\/Fuentes-Fidedignas-368234489921644","https:\/\/x.com\/fidedignas"]},{"@type":"Person","@id":"https:\/\/fuentesfidedignas.com.mx\/#\/schema\/person\/f030e42657a5a464a8bbd891b1aab6ee","name":"Noticieros Televisa","image":{"@type":"ImageObject","inLanguage":"es","@id":"https:\/\/secure.gravatar.com\/avatar\/0e47b9e785a628831b8fd9eaf15e090e106760a879abbd4a3306f128ef5d43a9?s=96&d=mm&r=g","url":"https:\/\/secure.gravatar.com\/avatar\/0e47b9e785a628831b8fd9eaf15e090e106760a879abbd4a3306f128ef5d43a9?s=96&d=mm&r=g","contentUrl":"https:\/\/secure.gravatar.com\/avatar\/0e47b9e785a628831b8fd9eaf15e090e106760a879abbd4a3306f128ef5d43a9?s=96&d=mm&r=g","caption":"Noticieros Televisa"},"url":"https:\/\/fuentesfidedignas.com.mx\/index.php\/author\/noticieros-televisa\/"}]}},"_links":{"self":[{"href":"https:\/\/fuentesfidedignas.com.mx\/index.php\/wp-json\/wp\/v2\/posts\/40884","targetHints":{"allow":["GET"]}}],"collection":[{"href":"https:\/\/fuentesfidedignas.com.mx\/index.php\/wp-json\/wp\/v2\/posts"}],"about":[{"href":"https:\/\/fuentesfidedignas.com.mx\/index.php\/wp-json\/wp\/v2\/types\/post"}],"author":[{"embeddable":true,"href":"https:\/\/fuentesfidedignas.com.mx\/index.php\/wp-json\/wp\/v2\/users\/46"}],"replies":[{"embeddable":true,"href":"https:\/\/fuentesfidedignas.com.mx\/index.php\/wp-json\/wp\/v2\/comments?post=40884"}],"version-history":[{"count":1,"href":"https:\/\/fuentesfidedignas.com.mx\/index.php\/wp-json\/wp\/v2\/posts\/40884\/revisions"}],"predecessor-version":[{"id":40886,"href":"https:\/\/fuentesfidedignas.com.mx\/index.php\/wp-json\/wp\/v2\/posts\/40884\/revisions\/40886"}],"wp:featuredmedia":[{"embeddable":true,"href":"https:\/\/fuentesfidedignas.com.mx\/index.php\/wp-json\/wp\/v2\/media\/40885"}],"wp:attachment":[{"href":"https:\/\/fuentesfidedignas.com.mx\/index.php\/wp-json\/wp\/v2\/media?parent=40884"}],"wp:term":[{"taxonomy":"category","embeddable":true,"href":"https:\/\/fuentesfidedignas.com.mx\/index.php\/wp-json\/wp\/v2\/categories?post=40884"},{"taxonomy":"post_tag","embeddable":true,"href":"https:\/\/fuentesfidedignas.com.mx\/index.php\/wp-json\/wp\/v2\/tags?post=40884"}],"curies":[{"name":"wp","href":"https:\/\/api.w.org\/{rel}","templated":true}]}}