{"id":40858,"date":"2022-08-25T14:58:13","date_gmt":"2022-08-25T20:58:13","guid":{"rendered":"https:\/\/fuentesfidedignas.com.mx\/?p=40858"},"modified":"2022-08-25T14:58:14","modified_gmt":"2022-08-25T20:58:14","slug":"profepa-presenta-denuncia-penal-por-asfixia-y-muerte-de-osito-bebe-de-cinco-meses-en-coahuila","status":"publish","type":"post","link":"https:\/\/fuentesfidedignas.com.mx\/index.php\/2022\/08\/25\/profepa-presenta-denuncia-penal-por-asfixia-y-muerte-de-osito-bebe-de-cinco-meses-en-coahuila\/","title":{"rendered":"Profepa presenta denuncia penal por asfixia y muerte de osito beb\u00e9 de cinco meses en Coahuila"},"content":{"rendered":"\n<p><strong><em>La dependencia present\u00f3 la denuncia penal en contra de quien o quienes resulten responsables por el delito cometido contra la biodiversidad<\/em><\/strong><\/p>\n\n\n\n<p>Ciudad de M\u00e9xico.- La representaci\u00f3n de la Procuradur\u00eda Federal de Protecci\u00f3n al Ambiente (Profepa) en Coahuila anunci\u00f3 que present\u00f3 una denuncia penal por el asesinato de un osito beb\u00e9, de cinco meses, en el municipio de Casta\u00f1os. A trav\u00e9s de un comunicado, la dependencia se\u00f1al\u00f3 que lleva a cabo las diligencias pertinentes para investigar el asesinato del osezno hembra.<\/p>\n\n\n\n<p>\u201cA fin de que la autoridad competente determine las conductas que puedan ser constitutivas de delito, la Procuradur\u00eda present\u00f3 la denuncia penal en contra de quien o quienes resulten responsables por el delito cometido contra la biodiversidad\u201d, expres\u00f3.<\/p>\n\n\n\n<p>La dependencia solicit\u00f3 adem\u00e1s que se le reconozca como v\u00edctima u ofendida, as\u00ed como coadyuvante para lograr la procuraci\u00f3n e impartici\u00f3n de justicia.<\/p>\n\n\n\n<p>Se\u00f1al\u00f3 que, en compa\u00f1\u00eda de elementos de Protecci\u00f3n Civil, la Profepa ha resguardado el cuerpo sin vida del osezno de 5 meses de edad para su conservaci\u00f3n, autopsia y presentaci\u00f3n en las diligencias ministeriales correspondientes.<\/p>\n\n\n\n<figure class=\"wp-block-embed is-type-rich is-provider-twitter wp-block-embed-twitter\"><div class=\"wp-block-embed__wrapper\">\n<blockquote class=\"twitter-tweet\" data-width=\"550\" data-dnt=\"true\"><p lang=\"es\" dir=\"ltr\">La Profepa presenta denuncia por la asfixia a un oso en <a href=\"https:\/\/twitter.com\/hashtag\/Casta%C3%B1os?src=hash&amp;ref_src=twsrc%5Etfw\">#Casta\u00f1os<\/a>, <a href=\"https:\/\/twitter.com\/hashtag\/Coahuila?src=hash&amp;ref_src=twsrc%5Etfw\">#Coahuila<\/a>.<br><br>Sigue el hilo y ent\u00e9rate\ud83d\udc47\ud83c\udffe\ud83e\uddf5 <a href=\"https:\/\/t.co\/rCSnyH4KCS\">pic.twitter.com\/rCSnyH4KCS<\/a><\/p>&mdash; PROFEPA (@PROFEPA_Mx) <a href=\"https:\/\/twitter.com\/PROFEPA_Mx\/status\/1562811318502993928?ref_src=twsrc%5Etfw\">August 25, 2022<\/a><\/blockquote><script async src=\"https:\/\/platform.twitter.com\/widgets.js\" charset=\"utf-8\"><\/script>\n<\/div><\/figure>\n\n\n\n<p>El osezno habr\u00eda sido golpeado y asfixiado hasta la muerte. Se presume que baj\u00f3 de la sierra en busca de alimento y agua.<\/p>\n\n\n\n<p>M\u00e1s de 20 personas lo amarraron de las patas y el cuello y lo golpearon con palos.<\/p>\n\n\n\n<p>Todo esto ocurri\u00f3 frente a polic\u00edas municipales.<\/p>\n\n\n\n<p><\/p>\n","protected":false},"excerpt":{"rendered":"<p>La dependencia present\u00f3 la denuncia penal en contra de quien o quienes resulten responsables por el delito cometido contra la biodiversidad Ciudad de M\u00e9xico.- La representaci\u00f3n de la Procuradur\u00eda Federal de Protecci\u00f3n al Ambiente (Profepa) en Coahuila anunci\u00f3 que present\u00f3 una denuncia penal por el asesinato de un osito beb\u00e9, de cinco meses, en el [&hellip;]<\/p>\n","protected":false},"author":46,"featured_media":40859,"comment_status":"open","ping_status":"open","sticky":false,"template":"","format":"standard","meta":{"tdm_status":"","tdm_grid_status":"","footnotes":""},"categories":[39],"tags":[],"class_list":{"0":"post-40858","1":"post","2":"type-post","3":"status-publish","4":"format-standard","5":"has-post-thumbnail","7":"category-noticias-nacionales"},"yoast_head":"<!-- This site is optimized with the Yoast SEO plugin v27.5 - https:\/\/yoast.com\/product\/yoast-seo-wordpress\/ -->\n<title>Profepa presenta denuncia penal por asfixia y muerte de osito beb\u00e9 de cinco meses en Coahuila - Fuentes Fidedignas<\/title>\n<meta name=\"robots\" content=\"index, follow, max-snippet:-1, max-image-preview:large, max-video-preview:-1\" \/>\n<link rel=\"canonical\" href=\"https:\/\/fuentesfidedignas.com.mx\/index.php\/2022\/08\/25\/profepa-presenta-denuncia-penal-por-asfixia-y-muerte-de-osito-bebe-de-cinco-meses-en-coahuila\/\" \/>\n<meta property=\"og:locale\" content=\"es_MX\" \/>\n<meta property=\"og:type\" content=\"article\" \/>\n<meta property=\"og:title\" content=\"Profepa presenta denuncia penal por asfixia y muerte de osito beb\u00e9 de cinco meses en Coahuila - Fuentes Fidedignas\" \/>\n<meta property=\"og:description\" content=\"La dependencia present\u00f3 la denuncia penal en contra de quien o quienes resulten responsables por el delito cometido contra la biodiversidad Ciudad de M\u00e9xico.- La representaci\u00f3n de la Procuradur\u00eda Federal de Protecci\u00f3n al Ambiente (Profepa) en Coahuila anunci\u00f3 que present\u00f3 una denuncia penal por el asesinato de un osito beb\u00e9, de cinco meses, en el [&hellip;]\" \/>\n<meta property=\"og:url\" content=\"https:\/\/fuentesfidedignas.com.mx\/index.php\/2022\/08\/25\/profepa-presenta-denuncia-penal-por-asfixia-y-muerte-de-osito-bebe-de-cinco-meses-en-coahuila\/\" \/>\n<meta property=\"og:site_name\" content=\"Fuentes Fidedignas\" \/>\n<meta property=\"article:publisher\" content=\"https:\/\/www.facebook.com\/Fuentes-Fidedignas-368234489921644\" \/>\n<meta property=\"article:published_time\" content=\"2022-08-25T20:58:13+00:00\" \/>\n<meta property=\"article:modified_time\" content=\"2022-08-25T20:58:14+00:00\" \/>\n<meta property=\"og:image\" content=\"https:\/\/fuentesfidedignas.com.mx\/wp-content\/uploads\/2022\/08\/OSO_NL.jpg\" \/>\n\t<meta property=\"og:image:width\" content=\"1269\" \/>\n\t<meta property=\"og:image:height\" content=\"714\" \/>\n\t<meta property=\"og:image:type\" content=\"image\/jpeg\" \/>\n<meta name=\"author\" content=\"Noticieros Televisa\" \/>\n<meta name=\"twitter:card\" content=\"summary_large_image\" \/>\n<meta name=\"twitter:creator\" content=\"@fidedignas\" \/>\n<meta name=\"twitter:site\" content=\"@fidedignas\" \/>\n<meta name=\"twitter:label1\" content=\"Escrito por\" \/>\n\t<meta name=\"twitter:data1\" content=\"Noticieros Televisa\" \/>\n\t<meta name=\"twitter:label2\" content=\"Tiempo de lectura\" \/>\n\t<meta name=\"twitter:data2\" content=\"2 minutos\" \/>\n<script type=\"application\/ld+json\" class=\"yoast-schema-graph\">{\"@context\":\"https:\\\/\\\/schema.org\",\"@graph\":[{\"@type\":\"Article\",\"@id\":\"https:\\\/\\\/fuentesfidedignas.com.mx\\\/index.php\\\/2022\\\/08\\\/25\\\/profepa-presenta-denuncia-penal-por-asfixia-y-muerte-de-osito-bebe-de-cinco-meses-en-coahuila\\\/#article\",\"isPartOf\":{\"@id\":\"https:\\\/\\\/fuentesfidedignas.com.mx\\\/index.php\\\/2022\\\/08\\\/25\\\/profepa-presenta-denuncia-penal-por-asfixia-y-muerte-de-osito-bebe-de-cinco-meses-en-coahuila\\\/\"},\"author\":{\"name\":\"Noticieros Televisa\",\"@id\":\"https:\\\/\\\/fuentesfidedignas.com.mx\\\/#\\\/schema\\\/person\\\/f030e42657a5a464a8bbd891b1aab6ee\"},\"headline\":\"Profepa presenta denuncia penal por asfixia y muerte de osito beb\u00e9 de cinco meses en Coahuila\",\"datePublished\":\"2022-08-25T20:58:13+00:00\",\"dateModified\":\"2022-08-25T20:58:14+00:00\",\"mainEntityOfPage\":{\"@id\":\"https:\\\/\\\/fuentesfidedignas.com.mx\\\/index.php\\\/2022\\\/08\\\/25\\\/profepa-presenta-denuncia-penal-por-asfixia-y-muerte-de-osito-bebe-de-cinco-meses-en-coahuila\\\/\"},\"wordCount\":297,\"commentCount\":0,\"publisher\":{\"@id\":\"https:\\\/\\\/fuentesfidedignas.com.mx\\\/#organization\"},\"image\":{\"@id\":\"https:\\\/\\\/fuentesfidedignas.com.mx\\\/index.php\\\/2022\\\/08\\\/25\\\/profepa-presenta-denuncia-penal-por-asfixia-y-muerte-de-osito-bebe-de-cinco-meses-en-coahuila\\\/#primaryimage\"},\"thumbnailUrl\":\"https:\\\/\\\/fuentesfidedignas.com.mx\\\/wp-content\\\/uploads\\\/2022\\\/08\\\/OSO_NL.jpg\",\"articleSection\":[\"NOTICIAS NACIONALES\"],\"inLanguage\":\"es\",\"potentialAction\":[{\"@type\":\"CommentAction\",\"name\":\"Comment\",\"target\":[\"https:\\\/\\\/fuentesfidedignas.com.mx\\\/index.php\\\/2022\\\/08\\\/25\\\/profepa-presenta-denuncia-penal-por-asfixia-y-muerte-de-osito-bebe-de-cinco-meses-en-coahuila\\\/#respond\"]}]},{\"@type\":\"WebPage\",\"@id\":\"https:\\\/\\\/fuentesfidedignas.com.mx\\\/index.php\\\/2022\\\/08\\\/25\\\/profepa-presenta-denuncia-penal-por-asfixia-y-muerte-de-osito-bebe-de-cinco-meses-en-coahuila\\\/\",\"url\":\"https:\\\/\\\/fuentesfidedignas.com.mx\\\/index.php\\\/2022\\\/08\\\/25\\\/profepa-presenta-denuncia-penal-por-asfixia-y-muerte-de-osito-bebe-de-cinco-meses-en-coahuila\\\/\",\"name\":\"Profepa presenta denuncia penal por asfixia y muerte de osito beb\u00e9 de cinco meses en Coahuila - Fuentes Fidedignas\",\"isPartOf\":{\"@id\":\"https:\\\/\\\/fuentesfidedignas.com.mx\\\/#website\"},\"primaryImageOfPage\":{\"@id\":\"https:\\\/\\\/fuentesfidedignas.com.mx\\\/index.php\\\/2022\\\/08\\\/25\\\/profepa-presenta-denuncia-penal-por-asfixia-y-muerte-de-osito-bebe-de-cinco-meses-en-coahuila\\\/#primaryimage\"},\"image\":{\"@id\":\"https:\\\/\\\/fuentesfidedignas.com.mx\\\/index.php\\\/2022\\\/08\\\/25\\\/profepa-presenta-denuncia-penal-por-asfixia-y-muerte-de-osito-bebe-de-cinco-meses-en-coahuila\\\/#primaryimage\"},\"thumbnailUrl\":\"https:\\\/\\\/fuentesfidedignas.com.mx\\\/wp-content\\\/uploads\\\/2022\\\/08\\\/OSO_NL.jpg\",\"datePublished\":\"2022-08-25T20:58:13+00:00\",\"dateModified\":\"2022-08-25T20:58:14+00:00\",\"breadcrumb\":{\"@id\":\"https:\\\/\\\/fuentesfidedignas.com.mx\\\/index.php\\\/2022\\\/08\\\/25\\\/profepa-presenta-denuncia-penal-por-asfixia-y-muerte-de-osito-bebe-de-cinco-meses-en-coahuila\\\/#breadcrumb\"},\"inLanguage\":\"es\",\"potentialAction\":[{\"@type\":\"ReadAction\",\"target\":[\"https:\\\/\\\/fuentesfidedignas.com.mx\\\/index.php\\\/2022\\\/08\\\/25\\\/profepa-presenta-denuncia-penal-por-asfixia-y-muerte-de-osito-bebe-de-cinco-meses-en-coahuila\\\/\"]}]},{\"@type\":\"ImageObject\",\"inLanguage\":\"es\",\"@id\":\"https:\\\/\\\/fuentesfidedignas.com.mx\\\/index.php\\\/2022\\\/08\\\/25\\\/profepa-presenta-denuncia-penal-por-asfixia-y-muerte-de-osito-bebe-de-cinco-meses-en-coahuila\\\/#primaryimage\",\"url\":\"https:\\\/\\\/fuentesfidedignas.com.mx\\\/wp-content\\\/uploads\\\/2022\\\/08\\\/OSO_NL.jpg\",\"contentUrl\":\"https:\\\/\\\/fuentesfidedignas.com.mx\\\/wp-content\\\/uploads\\\/2022\\\/08\\\/OSO_NL.jpg\",\"width\":1269,\"height\":714},{\"@type\":\"BreadcrumbList\",\"@id\":\"https:\\\/\\\/fuentesfidedignas.com.mx\\\/index.php\\\/2022\\\/08\\\/25\\\/profepa-presenta-denuncia-penal-por-asfixia-y-muerte-de-osito-bebe-de-cinco-meses-en-coahuila\\\/#breadcrumb\",\"itemListElement\":[{\"@type\":\"ListItem\",\"position\":1,\"name\":\"Inicio\",\"item\":\"https:\\\/\\\/fuentesfidedignas.com.mx\\\/\"},{\"@type\":\"ListItem\",\"position\":2,\"name\":\"Profepa presenta denuncia penal por asfixia y muerte de osito beb\u00e9 de cinco meses en Coahuila\"}]},{\"@type\":\"WebSite\",\"@id\":\"https:\\\/\\\/fuentesfidedignas.com.mx\\\/#website\",\"url\":\"https:\\\/\\\/fuentesfidedignas.com.mx\\\/\",\"name\":\"Fuentes Fidedignas\",\"description\":\"Otro sitio realizado con WordPress\",\"publisher\":{\"@id\":\"https:\\\/\\\/fuentesfidedignas.com.mx\\\/#organization\"},\"potentialAction\":[{\"@type\":\"SearchAction\",\"target\":{\"@type\":\"EntryPoint\",\"urlTemplate\":\"https:\\\/\\\/fuentesfidedignas.com.mx\\\/?s={search_term_string}\"},\"query-input\":{\"@type\":\"PropertyValueSpecification\",\"valueRequired\":true,\"valueName\":\"search_term_string\"}}],\"inLanguage\":\"es\"},{\"@type\":\"Organization\",\"@id\":\"https:\\\/\\\/fuentesfidedignas.com.mx\\\/#organization\",\"name\":\"Fuentes Fidedignas\",\"url\":\"https:\\\/\\\/fuentesfidedignas.com.mx\\\/\",\"logo\":{\"@type\":\"ImageObject\",\"inLanguage\":\"es\",\"@id\":\"https:\\\/\\\/fuentesfidedignas.com.mx\\\/#\\\/schema\\\/logo\\\/image\\\/\",\"url\":\"https:\\\/\\\/fuentesfidedignas.com.mx\\\/wp-content\\\/uploads\\\/2021\\\/04\\\/logo-retina.png\",\"contentUrl\":\"https:\\\/\\\/fuentesfidedignas.com.mx\\\/wp-content\\\/uploads\\\/2021\\\/04\\\/logo-retina.png\",\"width\":280,\"height\":51,\"caption\":\"Fuentes Fidedignas\"},\"image\":{\"@id\":\"https:\\\/\\\/fuentesfidedignas.com.mx\\\/#\\\/schema\\\/logo\\\/image\\\/\"},\"sameAs\":[\"https:\\\/\\\/www.facebook.com\\\/Fuentes-Fidedignas-368234489921644\",\"https:\\\/\\\/x.com\\\/fidedignas\"]},{\"@type\":\"Person\",\"@id\":\"https:\\\/\\\/fuentesfidedignas.com.mx\\\/#\\\/schema\\\/person\\\/f030e42657a5a464a8bbd891b1aab6ee\",\"name\":\"Noticieros Televisa\",\"image\":{\"@type\":\"ImageObject\",\"inLanguage\":\"es\",\"@id\":\"https:\\\/\\\/secure.gravatar.com\\\/avatar\\\/0e47b9e785a628831b8fd9eaf15e090e106760a879abbd4a3306f128ef5d43a9?s=96&d=mm&r=g\",\"url\":\"https:\\\/\\\/secure.gravatar.com\\\/avatar\\\/0e47b9e785a628831b8fd9eaf15e090e106760a879abbd4a3306f128ef5d43a9?s=96&d=mm&r=g\",\"contentUrl\":\"https:\\\/\\\/secure.gravatar.com\\\/avatar\\\/0e47b9e785a628831b8fd9eaf15e090e106760a879abbd4a3306f128ef5d43a9?s=96&d=mm&r=g\",\"caption\":\"Noticieros Televisa\"},\"url\":\"https:\\\/\\\/fuentesfidedignas.com.mx\\\/index.php\\\/author\\\/noticieros-televisa\\\/\"}]}<\/script>\n<!-- \/ Yoast SEO plugin. -->","yoast_head_json":{"title":"Profepa presenta denuncia penal por asfixia y muerte de osito beb\u00e9 de cinco meses en Coahuila - Fuentes Fidedignas","robots":{"index":"index","follow":"follow","max-snippet":"max-snippet:-1","max-image-preview":"max-image-preview:large","max-video-preview":"max-video-preview:-1"},"canonical":"https:\/\/fuentesfidedignas.com.mx\/index.php\/2022\/08\/25\/profepa-presenta-denuncia-penal-por-asfixia-y-muerte-de-osito-bebe-de-cinco-meses-en-coahuila\/","og_locale":"es_MX","og_type":"article","og_title":"Profepa presenta denuncia penal por asfixia y muerte de osito beb\u00e9 de cinco meses en Coahuila - Fuentes Fidedignas","og_description":"La dependencia present\u00f3 la denuncia penal en contra de quien o quienes resulten responsables por el delito cometido contra la biodiversidad Ciudad de M\u00e9xico.- La representaci\u00f3n de la Procuradur\u00eda Federal de Protecci\u00f3n al Ambiente (Profepa) en Coahuila anunci\u00f3 que present\u00f3 una denuncia penal por el asesinato de un osito beb\u00e9, de cinco meses, en el [&hellip;]","og_url":"https:\/\/fuentesfidedignas.com.mx\/index.php\/2022\/08\/25\/profepa-presenta-denuncia-penal-por-asfixia-y-muerte-de-osito-bebe-de-cinco-meses-en-coahuila\/","og_site_name":"Fuentes Fidedignas","article_publisher":"https:\/\/www.facebook.com\/Fuentes-Fidedignas-368234489921644","article_published_time":"2022-08-25T20:58:13+00:00","article_modified_time":"2022-08-25T20:58:14+00:00","og_image":[{"width":1269,"height":714,"url":"https:\/\/fuentesfidedignas.com.mx\/wp-content\/uploads\/2022\/08\/OSO_NL.jpg","type":"image\/jpeg"}],"author":"Noticieros Televisa","twitter_card":"summary_large_image","twitter_creator":"@fidedignas","twitter_site":"@fidedignas","twitter_misc":{"Escrito por":"Noticieros Televisa","Tiempo de lectura":"2 minutos"},"schema":{"@context":"https:\/\/schema.org","@graph":[{"@type":"Article","@id":"https:\/\/fuentesfidedignas.com.mx\/index.php\/2022\/08\/25\/profepa-presenta-denuncia-penal-por-asfixia-y-muerte-de-osito-bebe-de-cinco-meses-en-coahuila\/#article","isPartOf":{"@id":"https:\/\/fuentesfidedignas.com.mx\/index.php\/2022\/08\/25\/profepa-presenta-denuncia-penal-por-asfixia-y-muerte-de-osito-bebe-de-cinco-meses-en-coahuila\/"},"author":{"name":"Noticieros Televisa","@id":"https:\/\/fuentesfidedignas.com.mx\/#\/schema\/person\/f030e42657a5a464a8bbd891b1aab6ee"},"headline":"Profepa presenta denuncia penal por asfixia y muerte de osito beb\u00e9 de cinco meses en Coahuila","datePublished":"2022-08-25T20:58:13+00:00","dateModified":"2022-08-25T20:58:14+00:00","mainEntityOfPage":{"@id":"https:\/\/fuentesfidedignas.com.mx\/index.php\/2022\/08\/25\/profepa-presenta-denuncia-penal-por-asfixia-y-muerte-de-osito-bebe-de-cinco-meses-en-coahuila\/"},"wordCount":297,"commentCount":0,"publisher":{"@id":"https:\/\/fuentesfidedignas.com.mx\/#organization"},"image":{"@id":"https:\/\/fuentesfidedignas.com.mx\/index.php\/2022\/08\/25\/profepa-presenta-denuncia-penal-por-asfixia-y-muerte-de-osito-bebe-de-cinco-meses-en-coahuila\/#primaryimage"},"thumbnailUrl":"https:\/\/fuentesfidedignas.com.mx\/wp-content\/uploads\/2022\/08\/OSO_NL.jpg","articleSection":["NOTICIAS NACIONALES"],"inLanguage":"es","potentialAction":[{"@type":"CommentAction","name":"Comment","target":["https:\/\/fuentesfidedignas.com.mx\/index.php\/2022\/08\/25\/profepa-presenta-denuncia-penal-por-asfixia-y-muerte-de-osito-bebe-de-cinco-meses-en-coahuila\/#respond"]}]},{"@type":"WebPage","@id":"https:\/\/fuentesfidedignas.com.mx\/index.php\/2022\/08\/25\/profepa-presenta-denuncia-penal-por-asfixia-y-muerte-de-osito-bebe-de-cinco-meses-en-coahuila\/","url":"https:\/\/fuentesfidedignas.com.mx\/index.php\/2022\/08\/25\/profepa-presenta-denuncia-penal-por-asfixia-y-muerte-de-osito-bebe-de-cinco-meses-en-coahuila\/","name":"Profepa presenta denuncia penal por asfixia y muerte de osito beb\u00e9 de cinco meses en Coahuila - Fuentes Fidedignas","isPartOf":{"@id":"https:\/\/fuentesfidedignas.com.mx\/#website"},"primaryImageOfPage":{"@id":"https:\/\/fuentesfidedignas.com.mx\/index.php\/2022\/08\/25\/profepa-presenta-denuncia-penal-por-asfixia-y-muerte-de-osito-bebe-de-cinco-meses-en-coahuila\/#primaryimage"},"image":{"@id":"https:\/\/fuentesfidedignas.com.mx\/index.php\/2022\/08\/25\/profepa-presenta-denuncia-penal-por-asfixia-y-muerte-de-osito-bebe-de-cinco-meses-en-coahuila\/#primaryimage"},"thumbnailUrl":"https:\/\/fuentesfidedignas.com.mx\/wp-content\/uploads\/2022\/08\/OSO_NL.jpg","datePublished":"2022-08-25T20:58:13+00:00","dateModified":"2022-08-25T20:58:14+00:00","breadcrumb":{"@id":"https:\/\/fuentesfidedignas.com.mx\/index.php\/2022\/08\/25\/profepa-presenta-denuncia-penal-por-asfixia-y-muerte-de-osito-bebe-de-cinco-meses-en-coahuila\/#breadcrumb"},"inLanguage":"es","potentialAction":[{"@type":"ReadAction","target":["https:\/\/fuentesfidedignas.com.mx\/index.php\/2022\/08\/25\/profepa-presenta-denuncia-penal-por-asfixia-y-muerte-de-osito-bebe-de-cinco-meses-en-coahuila\/"]}]},{"@type":"ImageObject","inLanguage":"es","@id":"https:\/\/fuentesfidedignas.com.mx\/index.php\/2022\/08\/25\/profepa-presenta-denuncia-penal-por-asfixia-y-muerte-de-osito-bebe-de-cinco-meses-en-coahuila\/#primaryimage","url":"https:\/\/fuentesfidedignas.com.mx\/wp-content\/uploads\/2022\/08\/OSO_NL.jpg","contentUrl":"https:\/\/fuentesfidedignas.com.mx\/wp-content\/uploads\/2022\/08\/OSO_NL.jpg","width":1269,"height":714},{"@type":"BreadcrumbList","@id":"https:\/\/fuentesfidedignas.com.mx\/index.php\/2022\/08\/25\/profepa-presenta-denuncia-penal-por-asfixia-y-muerte-de-osito-bebe-de-cinco-meses-en-coahuila\/#breadcrumb","itemListElement":[{"@type":"ListItem","position":1,"name":"Inicio","item":"https:\/\/fuentesfidedignas.com.mx\/"},{"@type":"ListItem","position":2,"name":"Profepa presenta denuncia penal por asfixia y muerte de osito beb\u00e9 de cinco meses en Coahuila"}]},{"@type":"WebSite","@id":"https:\/\/fuentesfidedignas.com.mx\/#website","url":"https:\/\/fuentesfidedignas.com.mx\/","name":"Fuentes Fidedignas","description":"Otro sitio realizado con WordPress","publisher":{"@id":"https:\/\/fuentesfidedignas.com.mx\/#organization"},"potentialAction":[{"@type":"SearchAction","target":{"@type":"EntryPoint","urlTemplate":"https:\/\/fuentesfidedignas.com.mx\/?s={search_term_string}"},"query-input":{"@type":"PropertyValueSpecification","valueRequired":true,"valueName":"search_term_string"}}],"inLanguage":"es"},{"@type":"Organization","@id":"https:\/\/fuentesfidedignas.com.mx\/#organization","name":"Fuentes Fidedignas","url":"https:\/\/fuentesfidedignas.com.mx\/","logo":{"@type":"ImageObject","inLanguage":"es","@id":"https:\/\/fuentesfidedignas.com.mx\/#\/schema\/logo\/image\/","url":"https:\/\/fuentesfidedignas.com.mx\/wp-content\/uploads\/2021\/04\/logo-retina.png","contentUrl":"https:\/\/fuentesfidedignas.com.mx\/wp-content\/uploads\/2021\/04\/logo-retina.png","width":280,"height":51,"caption":"Fuentes Fidedignas"},"image":{"@id":"https:\/\/fuentesfidedignas.com.mx\/#\/schema\/logo\/image\/"},"sameAs":["https:\/\/www.facebook.com\/Fuentes-Fidedignas-368234489921644","https:\/\/x.com\/fidedignas"]},{"@type":"Person","@id":"https:\/\/fuentesfidedignas.com.mx\/#\/schema\/person\/f030e42657a5a464a8bbd891b1aab6ee","name":"Noticieros Televisa","image":{"@type":"ImageObject","inLanguage":"es","@id":"https:\/\/secure.gravatar.com\/avatar\/0e47b9e785a628831b8fd9eaf15e090e106760a879abbd4a3306f128ef5d43a9?s=96&d=mm&r=g","url":"https:\/\/secure.gravatar.com\/avatar\/0e47b9e785a628831b8fd9eaf15e090e106760a879abbd4a3306f128ef5d43a9?s=96&d=mm&r=g","contentUrl":"https:\/\/secure.gravatar.com\/avatar\/0e47b9e785a628831b8fd9eaf15e090e106760a879abbd4a3306f128ef5d43a9?s=96&d=mm&r=g","caption":"Noticieros Televisa"},"url":"https:\/\/fuentesfidedignas.com.mx\/index.php\/author\/noticieros-televisa\/"}]}},"_links":{"self":[{"href":"https:\/\/fuentesfidedignas.com.mx\/index.php\/wp-json\/wp\/v2\/posts\/40858","targetHints":{"allow":["GET"]}}],"collection":[{"href":"https:\/\/fuentesfidedignas.com.mx\/index.php\/wp-json\/wp\/v2\/posts"}],"about":[{"href":"https:\/\/fuentesfidedignas.com.mx\/index.php\/wp-json\/wp\/v2\/types\/post"}],"author":[{"embeddable":true,"href":"https:\/\/fuentesfidedignas.com.mx\/index.php\/wp-json\/wp\/v2\/users\/46"}],"replies":[{"embeddable":true,"href":"https:\/\/fuentesfidedignas.com.mx\/index.php\/wp-json\/wp\/v2\/comments?post=40858"}],"version-history":[{"count":1,"href":"https:\/\/fuentesfidedignas.com.mx\/index.php\/wp-json\/wp\/v2\/posts\/40858\/revisions"}],"predecessor-version":[{"id":40860,"href":"https:\/\/fuentesfidedignas.com.mx\/index.php\/wp-json\/wp\/v2\/posts\/40858\/revisions\/40860"}],"wp:featuredmedia":[{"embeddable":true,"href":"https:\/\/fuentesfidedignas.com.mx\/index.php\/wp-json\/wp\/v2\/media\/40859"}],"wp:attachment":[{"href":"https:\/\/fuentesfidedignas.com.mx\/index.php\/wp-json\/wp\/v2\/media?parent=40858"}],"wp:term":[{"taxonomy":"category","embeddable":true,"href":"https:\/\/fuentesfidedignas.com.mx\/index.php\/wp-json\/wp\/v2\/categories?post=40858"},{"taxonomy":"post_tag","embeddable":true,"href":"https:\/\/fuentesfidedignas.com.mx\/index.php\/wp-json\/wp\/v2\/tags?post=40858"}],"curies":[{"name":"wp","href":"https:\/\/api.w.org\/{rel}","templated":true}]}}