{"id":40788,"date":"2022-08-24T14:20:28","date_gmt":"2022-08-24T20:20:28","guid":{"rendered":"https:\/\/fuentesfidedignas.com.mx\/?p=40788"},"modified":"2022-08-24T14:20:29","modified_gmt":"2022-08-24T20:20:29","slug":"escultura-del-papa-francisco-tirando-a-un-bebe-causa-polemica-en-mexico","status":"publish","type":"post","link":"https:\/\/fuentesfidedignas.com.mx\/index.php\/2022\/08\/24\/escultura-del-papa-francisco-tirando-a-un-bebe-causa-polemica-en-mexico\/","title":{"rendered":"Escultura del papa Francisco tirando a un beb\u00e9 causa pol\u00e9mica en M\u00e9xico"},"content":{"rendered":"\n<p><strong><em>La escultura en tr\u00edptico muestra al papa arrullando a un beb\u00e9, luego lo suelta y finalmente r\u00ede con el beb\u00e9 destrozado en el suelo<\/em><\/strong><\/p>\n\n\n\n<p>Ciudad de M\u00e9xico.- Una escultura en tr\u00edptico en la que la figura del papa Francisco, creada por el artista chileno Pablo Maire, deja caer a un beb\u00e9 ha generado pol\u00e9mica en M\u00e9xico por el tema que trata: una cr\u00edtica a la Iglesia cat\u00f3lica y sus jerarcas que, seg\u00fan cuenta el artista, perpet\u00faan un modelo \u201cviolento y anacr\u00f3nico\u201d.<\/p>\n\n\n\n<p>En la obra expuesta en la Aguafuerte Galer\u00eda de la capital mexicana, titulada \u201cChao tradici\u00f3n\u201d, en la primera figura aparece el papa arrullando a un beb\u00e9; en la segunda, el beb\u00e9 es soltado por el pont\u00edfice y cae, y en la tercera aparece en el piso destrozado con el jerarca cat\u00f3lico en risa plena.<\/p>\n\n\n\n<p>Maire, nacido en Talca, Chile en 1975, es un artista visual y poeta y ha desarrollado trabajos en escultura, grabado, pintura y fotograf\u00eda que se han expuesto en Venezuela, Per\u00fa, Argentina, Chile, Colombia, M\u00e9xico, Espa\u00f1a y Rep\u00fablica Checa.<\/p>\n\n\n\n<p>El artista chileno se inspir\u00f3 en una obra de la d\u00e9cada de los 90 en la que el activista y artista contempor\u00e1neo chino Ai Weiwei tom\u00f3 un antiguo jarr\u00f3n de cer\u00e1mica de la dinast\u00eda Han (que rein\u00f3 del a\u00f1o 202 antes de Cristo al a\u00f1o 220 despu\u00e9s de Cristo) y lo dej\u00f3 caer al piso y se tritur\u00f3, como una forma de protesta contra el Gobierno chino.<\/p>\n\n\n\n<p>\u201c\u00c9l hizo este gesto simb\u00f3lico como de destruir la tradici\u00f3n china y yo lo transpol\u00e9, puse esta obra en el contexto occidental y me imagin\u00e9 la tradici\u00f3n cat\u00f3lica, que es una tradici\u00f3n que a todos nos afecta de alg\u00fan modo porque somos del mundo occidental, sobre todo con temas como la pedofilia\u201d, dijo Maire en una entrevista con Efe.<\/p>\n\n\n\n<p>Puso como ejemplo la corrupci\u00f3n de la Iglesia cat\u00f3lica en Chile y record\u00f3 que hace un par de a\u00f1os en su pa\u00eds \u201clos casos de pedofilia salieron a la luz como nunca antes y la gente tuvo una desafecci\u00f3n, al menos con la instituci\u00f3n cat\u00f3lica, no con la creencia\u201d.<\/p>\n\n\n\n<p>Adem\u00e1s, cont\u00f3 que cuando el papa Francisco fue a Chile, los eventos p\u00fablicos \u201cestaban pr\u00e1cticamente vac\u00edos\u201d a diferencia de los que llev\u00f3 a cabo en Per\u00fa \u201cdonde se llenaban\u201d y eso, dijo, no quiere decir que Per\u00fa o M\u00e9xico no tengan casos de pedofilia.<\/p>\n\n\n\n<p>\u201cSon casos que como instituci\u00f3n a m\u00ed me parecen deleznables\u201d, recalc\u00f3.<\/p>\n\n\n\n<p>La obra hecha en poli-resina de 27 x 11 x 9 cent\u00edmetros, con base hecha de madera, fue propuesta por el artista al galerista mexicano Israel Alvarado, uno de los pocos miembros del gremio abiertos a presentar obras pol\u00e9micas y disruptivas como la de Maire.<\/p>\n\n\n\n<p>Al explicar su obra, el chileno se\u00f1al\u00f3 que en la primera figura \u201cel papa toma a un ni\u00f1o, que puede ser Cristo tambi\u00e9n y lo expone como ofrenda a Dios por eso est\u00e1 mirando hacia arriba, luego en la segunda lo deja caer y en la tercera se tritura y se r\u00ede\u201d.<\/p>\n\n\n\n<p>\u201cSabemos que todas las instituciones poderosas muchas veces caen desde adentro y no se necesitan factores externos para que eso se derrumbe\u201d, expuso.<\/p>\n\n\n\n<p>Record\u00f3 que naci\u00f3 durante la dictadura de Augusto Pinochet, lo que \u201cobviamente\u201d le afect\u00f3 \u201cprofundamente\u201d.<\/p>\n\n\n\n<p>\u201cSobre todo porque tengo familiares perseguidos por la dictadura y tengo trabajos que no tienen solo que ver con la religi\u00f3n, sino que tambi\u00e9n tienen que ver con lo pol\u00edtico y yo hago esos juegos pol\u00edticos porque el arte y la pol\u00edtica est\u00e1n muy vinculados desde mi punto de vista y con respecto a mi trabajo\u201d, detall\u00f3.<\/p>\n\n\n\n<p>Para Israel Alvarado, curador y director de Aguafuerte Galer\u00eda, donde se presenta la obra de Pablo Maire, esa pieza \u201crepresenta romper con la tradici\u00f3n, ver c\u00f3mo se quebranta la Iglesia y habla tambi\u00e9n de los problemas como la pederastia y el abuso sexual, problemas que la Iglesia ha enfrentado\u201d.<\/p>\n\n\n\n<p>Adem\u00e1s de la escultura del papa, tambi\u00e9n se presenta un \u00f3leo sobre tela en el que aparecen dos hombres, uno de raza negra y otro de raza blanca, ambos con sobrepeso, fundidos en un beso.<\/p>\n\n\n\n<p>Alvarado cont\u00f3 que el trabajo de Maire estar\u00e1 expuesto dentro de la muestra colaborativa \u201cQu\u00edmicas \u00c1cidas\u201d, en la que tambi\u00e9n estar\u00e1 presente la obra de la escultora italiana Francesca Dalla Benetta y que se presentar\u00e1 al p\u00fablico del 25 de agosto al 19 de septiembre en Aguafuerte Galer\u00eda, que se ubica en la calle de Guanajuato en la colonia Roma.<\/p>\n","protected":false},"excerpt":{"rendered":"<p>La escultura en tr\u00edptico muestra al papa arrullando a un beb\u00e9, luego lo suelta y finalmente r\u00ede con el beb\u00e9 destrozado en el suelo Ciudad de M\u00e9xico.- Una escultura en tr\u00edptico en la que la figura del papa Francisco, creada por el artista chileno Pablo Maire, deja caer a un beb\u00e9 ha generado pol\u00e9mica en [&hellip;]<\/p>\n","protected":false},"author":46,"featured_media":40789,"comment_status":"open","ping_status":"open","sticky":false,"template":"","format":"standard","meta":{"tdm_status":"","tdm_grid_status":"","footnotes":""},"categories":[39],"tags":[],"class_list":{"0":"post-40788","1":"post","2":"type-post","3":"status-publish","4":"format-standard","5":"has-post-thumbnail","7":"category-noticias-nacionales"},"yoast_head":"<!-- This site is optimized with the Yoast SEO plugin v27.5 - https:\/\/yoast.com\/product\/yoast-seo-wordpress\/ -->\n<title>Escultura del papa Francisco tirando a un beb\u00e9 causa pol\u00e9mica en M\u00e9xico - Fuentes Fidedignas<\/title>\n<meta name=\"robots\" content=\"index, follow, max-snippet:-1, max-image-preview:large, max-video-preview:-1\" \/>\n<link rel=\"canonical\" href=\"https:\/\/fuentesfidedignas.com.mx\/index.php\/2022\/08\/24\/escultura-del-papa-francisco-tirando-a-un-bebe-causa-polemica-en-mexico\/\" \/>\n<meta property=\"og:locale\" content=\"es_MX\" \/>\n<meta property=\"og:type\" content=\"article\" \/>\n<meta property=\"og:title\" content=\"Escultura del papa Francisco tirando a un beb\u00e9 causa pol\u00e9mica en M\u00e9xico - Fuentes Fidedignas\" \/>\n<meta property=\"og:description\" content=\"La escultura en tr\u00edptico muestra al papa arrullando a un beb\u00e9, luego lo suelta y finalmente r\u00ede con el beb\u00e9 destrozado en el suelo Ciudad de M\u00e9xico.- Una escultura en tr\u00edptico en la que la figura del papa Francisco, creada por el artista chileno Pablo Maire, deja caer a un beb\u00e9 ha generado pol\u00e9mica en [&hellip;]\" \/>\n<meta property=\"og:url\" content=\"https:\/\/fuentesfidedignas.com.mx\/index.php\/2022\/08\/24\/escultura-del-papa-francisco-tirando-a-un-bebe-causa-polemica-en-mexico\/\" \/>\n<meta property=\"og:site_name\" content=\"Fuentes Fidedignas\" \/>\n<meta property=\"article:publisher\" content=\"https:\/\/www.facebook.com\/Fuentes-Fidedignas-368234489921644\" \/>\n<meta property=\"article:published_time\" content=\"2022-08-24T20:20:28+00:00\" \/>\n<meta property=\"article:modified_time\" content=\"2022-08-24T20:20:29+00:00\" \/>\n<meta property=\"og:image\" content=\"https:\/\/fuentesfidedignas.com.mx\/wp-content\/uploads\/2022\/08\/PAPA_POLEMICA.jpg\" \/>\n\t<meta property=\"og:image:width\" content=\"1263\" \/>\n\t<meta property=\"og:image:height\" content=\"668\" \/>\n\t<meta property=\"og:image:type\" content=\"image\/jpeg\" \/>\n<meta name=\"author\" content=\"Noticieros Televisa\" \/>\n<meta name=\"twitter:card\" content=\"summary_large_image\" \/>\n<meta name=\"twitter:creator\" content=\"@fidedignas\" \/>\n<meta name=\"twitter:site\" content=\"@fidedignas\" \/>\n<meta name=\"twitter:label1\" content=\"Escrito por\" \/>\n\t<meta name=\"twitter:data1\" content=\"Noticieros Televisa\" \/>\n\t<meta name=\"twitter:label2\" content=\"Tiempo de lectura\" \/>\n\t<meta name=\"twitter:data2\" content=\"4 minutos\" \/>\n<script type=\"application\/ld+json\" class=\"yoast-schema-graph\">{\"@context\":\"https:\\\/\\\/schema.org\",\"@graph\":[{\"@type\":\"Article\",\"@id\":\"https:\\\/\\\/fuentesfidedignas.com.mx\\\/index.php\\\/2022\\\/08\\\/24\\\/escultura-del-papa-francisco-tirando-a-un-bebe-causa-polemica-en-mexico\\\/#article\",\"isPartOf\":{\"@id\":\"https:\\\/\\\/fuentesfidedignas.com.mx\\\/index.php\\\/2022\\\/08\\\/24\\\/escultura-del-papa-francisco-tirando-a-un-bebe-causa-polemica-en-mexico\\\/\"},\"author\":{\"name\":\"Noticieros Televisa\",\"@id\":\"https:\\\/\\\/fuentesfidedignas.com.mx\\\/#\\\/schema\\\/person\\\/f030e42657a5a464a8bbd891b1aab6ee\"},\"headline\":\"Escultura del papa Francisco tirando a un beb\u00e9 causa pol\u00e9mica en M\u00e9xico\",\"datePublished\":\"2022-08-24T20:20:28+00:00\",\"dateModified\":\"2022-08-24T20:20:29+00:00\",\"mainEntityOfPage\":{\"@id\":\"https:\\\/\\\/fuentesfidedignas.com.mx\\\/index.php\\\/2022\\\/08\\\/24\\\/escultura-del-papa-francisco-tirando-a-un-bebe-causa-polemica-en-mexico\\\/\"},\"wordCount\":813,\"commentCount\":0,\"publisher\":{\"@id\":\"https:\\\/\\\/fuentesfidedignas.com.mx\\\/#organization\"},\"image\":{\"@id\":\"https:\\\/\\\/fuentesfidedignas.com.mx\\\/index.php\\\/2022\\\/08\\\/24\\\/escultura-del-papa-francisco-tirando-a-un-bebe-causa-polemica-en-mexico\\\/#primaryimage\"},\"thumbnailUrl\":\"https:\\\/\\\/fuentesfidedignas.com.mx\\\/wp-content\\\/uploads\\\/2022\\\/08\\\/PAPA_POLEMICA.jpg\",\"articleSection\":[\"NOTICIAS NACIONALES\"],\"inLanguage\":\"es\",\"potentialAction\":[{\"@type\":\"CommentAction\",\"name\":\"Comment\",\"target\":[\"https:\\\/\\\/fuentesfidedignas.com.mx\\\/index.php\\\/2022\\\/08\\\/24\\\/escultura-del-papa-francisco-tirando-a-un-bebe-causa-polemica-en-mexico\\\/#respond\"]}]},{\"@type\":\"WebPage\",\"@id\":\"https:\\\/\\\/fuentesfidedignas.com.mx\\\/index.php\\\/2022\\\/08\\\/24\\\/escultura-del-papa-francisco-tirando-a-un-bebe-causa-polemica-en-mexico\\\/\",\"url\":\"https:\\\/\\\/fuentesfidedignas.com.mx\\\/index.php\\\/2022\\\/08\\\/24\\\/escultura-del-papa-francisco-tirando-a-un-bebe-causa-polemica-en-mexico\\\/\",\"name\":\"Escultura del papa Francisco tirando a un beb\u00e9 causa pol\u00e9mica en M\u00e9xico - Fuentes Fidedignas\",\"isPartOf\":{\"@id\":\"https:\\\/\\\/fuentesfidedignas.com.mx\\\/#website\"},\"primaryImageOfPage\":{\"@id\":\"https:\\\/\\\/fuentesfidedignas.com.mx\\\/index.php\\\/2022\\\/08\\\/24\\\/escultura-del-papa-francisco-tirando-a-un-bebe-causa-polemica-en-mexico\\\/#primaryimage\"},\"image\":{\"@id\":\"https:\\\/\\\/fuentesfidedignas.com.mx\\\/index.php\\\/2022\\\/08\\\/24\\\/escultura-del-papa-francisco-tirando-a-un-bebe-causa-polemica-en-mexico\\\/#primaryimage\"},\"thumbnailUrl\":\"https:\\\/\\\/fuentesfidedignas.com.mx\\\/wp-content\\\/uploads\\\/2022\\\/08\\\/PAPA_POLEMICA.jpg\",\"datePublished\":\"2022-08-24T20:20:28+00:00\",\"dateModified\":\"2022-08-24T20:20:29+00:00\",\"breadcrumb\":{\"@id\":\"https:\\\/\\\/fuentesfidedignas.com.mx\\\/index.php\\\/2022\\\/08\\\/24\\\/escultura-del-papa-francisco-tirando-a-un-bebe-causa-polemica-en-mexico\\\/#breadcrumb\"},\"inLanguage\":\"es\",\"potentialAction\":[{\"@type\":\"ReadAction\",\"target\":[\"https:\\\/\\\/fuentesfidedignas.com.mx\\\/index.php\\\/2022\\\/08\\\/24\\\/escultura-del-papa-francisco-tirando-a-un-bebe-causa-polemica-en-mexico\\\/\"]}]},{\"@type\":\"ImageObject\",\"inLanguage\":\"es\",\"@id\":\"https:\\\/\\\/fuentesfidedignas.com.mx\\\/index.php\\\/2022\\\/08\\\/24\\\/escultura-del-papa-francisco-tirando-a-un-bebe-causa-polemica-en-mexico\\\/#primaryimage\",\"url\":\"https:\\\/\\\/fuentesfidedignas.com.mx\\\/wp-content\\\/uploads\\\/2022\\\/08\\\/PAPA_POLEMICA.jpg\",\"contentUrl\":\"https:\\\/\\\/fuentesfidedignas.com.mx\\\/wp-content\\\/uploads\\\/2022\\\/08\\\/PAPA_POLEMICA.jpg\",\"width\":1263,\"height\":668},{\"@type\":\"BreadcrumbList\",\"@id\":\"https:\\\/\\\/fuentesfidedignas.com.mx\\\/index.php\\\/2022\\\/08\\\/24\\\/escultura-del-papa-francisco-tirando-a-un-bebe-causa-polemica-en-mexico\\\/#breadcrumb\",\"itemListElement\":[{\"@type\":\"ListItem\",\"position\":1,\"name\":\"Inicio\",\"item\":\"https:\\\/\\\/fuentesfidedignas.com.mx\\\/\"},{\"@type\":\"ListItem\",\"position\":2,\"name\":\"Escultura del papa Francisco tirando a un beb\u00e9 causa pol\u00e9mica en M\u00e9xico\"}]},{\"@type\":\"WebSite\",\"@id\":\"https:\\\/\\\/fuentesfidedignas.com.mx\\\/#website\",\"url\":\"https:\\\/\\\/fuentesfidedignas.com.mx\\\/\",\"name\":\"Fuentes Fidedignas\",\"description\":\"Otro sitio realizado con WordPress\",\"publisher\":{\"@id\":\"https:\\\/\\\/fuentesfidedignas.com.mx\\\/#organization\"},\"potentialAction\":[{\"@type\":\"SearchAction\",\"target\":{\"@type\":\"EntryPoint\",\"urlTemplate\":\"https:\\\/\\\/fuentesfidedignas.com.mx\\\/?s={search_term_string}\"},\"query-input\":{\"@type\":\"PropertyValueSpecification\",\"valueRequired\":true,\"valueName\":\"search_term_string\"}}],\"inLanguage\":\"es\"},{\"@type\":\"Organization\",\"@id\":\"https:\\\/\\\/fuentesfidedignas.com.mx\\\/#organization\",\"name\":\"Fuentes Fidedignas\",\"url\":\"https:\\\/\\\/fuentesfidedignas.com.mx\\\/\",\"logo\":{\"@type\":\"ImageObject\",\"inLanguage\":\"es\",\"@id\":\"https:\\\/\\\/fuentesfidedignas.com.mx\\\/#\\\/schema\\\/logo\\\/image\\\/\",\"url\":\"https:\\\/\\\/fuentesfidedignas.com.mx\\\/wp-content\\\/uploads\\\/2021\\\/04\\\/logo-retina.png\",\"contentUrl\":\"https:\\\/\\\/fuentesfidedignas.com.mx\\\/wp-content\\\/uploads\\\/2021\\\/04\\\/logo-retina.png\",\"width\":280,\"height\":51,\"caption\":\"Fuentes Fidedignas\"},\"image\":{\"@id\":\"https:\\\/\\\/fuentesfidedignas.com.mx\\\/#\\\/schema\\\/logo\\\/image\\\/\"},\"sameAs\":[\"https:\\\/\\\/www.facebook.com\\\/Fuentes-Fidedignas-368234489921644\",\"https:\\\/\\\/x.com\\\/fidedignas\"]},{\"@type\":\"Person\",\"@id\":\"https:\\\/\\\/fuentesfidedignas.com.mx\\\/#\\\/schema\\\/person\\\/f030e42657a5a464a8bbd891b1aab6ee\",\"name\":\"Noticieros Televisa\",\"image\":{\"@type\":\"ImageObject\",\"inLanguage\":\"es\",\"@id\":\"https:\\\/\\\/secure.gravatar.com\\\/avatar\\\/0e47b9e785a628831b8fd9eaf15e090e106760a879abbd4a3306f128ef5d43a9?s=96&d=mm&r=g\",\"url\":\"https:\\\/\\\/secure.gravatar.com\\\/avatar\\\/0e47b9e785a628831b8fd9eaf15e090e106760a879abbd4a3306f128ef5d43a9?s=96&d=mm&r=g\",\"contentUrl\":\"https:\\\/\\\/secure.gravatar.com\\\/avatar\\\/0e47b9e785a628831b8fd9eaf15e090e106760a879abbd4a3306f128ef5d43a9?s=96&d=mm&r=g\",\"caption\":\"Noticieros Televisa\"},\"url\":\"https:\\\/\\\/fuentesfidedignas.com.mx\\\/index.php\\\/author\\\/noticieros-televisa\\\/\"}]}<\/script>\n<!-- \/ Yoast SEO plugin. -->","yoast_head_json":{"title":"Escultura del papa Francisco tirando a un beb\u00e9 causa pol\u00e9mica en M\u00e9xico - Fuentes Fidedignas","robots":{"index":"index","follow":"follow","max-snippet":"max-snippet:-1","max-image-preview":"max-image-preview:large","max-video-preview":"max-video-preview:-1"},"canonical":"https:\/\/fuentesfidedignas.com.mx\/index.php\/2022\/08\/24\/escultura-del-papa-francisco-tirando-a-un-bebe-causa-polemica-en-mexico\/","og_locale":"es_MX","og_type":"article","og_title":"Escultura del papa Francisco tirando a un beb\u00e9 causa pol\u00e9mica en M\u00e9xico - Fuentes Fidedignas","og_description":"La escultura en tr\u00edptico muestra al papa arrullando a un beb\u00e9, luego lo suelta y finalmente r\u00ede con el beb\u00e9 destrozado en el suelo Ciudad de M\u00e9xico.- Una escultura en tr\u00edptico en la que la figura del papa Francisco, creada por el artista chileno Pablo Maire, deja caer a un beb\u00e9 ha generado pol\u00e9mica en [&hellip;]","og_url":"https:\/\/fuentesfidedignas.com.mx\/index.php\/2022\/08\/24\/escultura-del-papa-francisco-tirando-a-un-bebe-causa-polemica-en-mexico\/","og_site_name":"Fuentes Fidedignas","article_publisher":"https:\/\/www.facebook.com\/Fuentes-Fidedignas-368234489921644","article_published_time":"2022-08-24T20:20:28+00:00","article_modified_time":"2022-08-24T20:20:29+00:00","og_image":[{"width":1263,"height":668,"url":"https:\/\/fuentesfidedignas.com.mx\/wp-content\/uploads\/2022\/08\/PAPA_POLEMICA.jpg","type":"image\/jpeg"}],"author":"Noticieros Televisa","twitter_card":"summary_large_image","twitter_creator":"@fidedignas","twitter_site":"@fidedignas","twitter_misc":{"Escrito por":"Noticieros Televisa","Tiempo de lectura":"4 minutos"},"schema":{"@context":"https:\/\/schema.org","@graph":[{"@type":"Article","@id":"https:\/\/fuentesfidedignas.com.mx\/index.php\/2022\/08\/24\/escultura-del-papa-francisco-tirando-a-un-bebe-causa-polemica-en-mexico\/#article","isPartOf":{"@id":"https:\/\/fuentesfidedignas.com.mx\/index.php\/2022\/08\/24\/escultura-del-papa-francisco-tirando-a-un-bebe-causa-polemica-en-mexico\/"},"author":{"name":"Noticieros Televisa","@id":"https:\/\/fuentesfidedignas.com.mx\/#\/schema\/person\/f030e42657a5a464a8bbd891b1aab6ee"},"headline":"Escultura del papa Francisco tirando a un beb\u00e9 causa pol\u00e9mica en M\u00e9xico","datePublished":"2022-08-24T20:20:28+00:00","dateModified":"2022-08-24T20:20:29+00:00","mainEntityOfPage":{"@id":"https:\/\/fuentesfidedignas.com.mx\/index.php\/2022\/08\/24\/escultura-del-papa-francisco-tirando-a-un-bebe-causa-polemica-en-mexico\/"},"wordCount":813,"commentCount":0,"publisher":{"@id":"https:\/\/fuentesfidedignas.com.mx\/#organization"},"image":{"@id":"https:\/\/fuentesfidedignas.com.mx\/index.php\/2022\/08\/24\/escultura-del-papa-francisco-tirando-a-un-bebe-causa-polemica-en-mexico\/#primaryimage"},"thumbnailUrl":"https:\/\/fuentesfidedignas.com.mx\/wp-content\/uploads\/2022\/08\/PAPA_POLEMICA.jpg","articleSection":["NOTICIAS NACIONALES"],"inLanguage":"es","potentialAction":[{"@type":"CommentAction","name":"Comment","target":["https:\/\/fuentesfidedignas.com.mx\/index.php\/2022\/08\/24\/escultura-del-papa-francisco-tirando-a-un-bebe-causa-polemica-en-mexico\/#respond"]}]},{"@type":"WebPage","@id":"https:\/\/fuentesfidedignas.com.mx\/index.php\/2022\/08\/24\/escultura-del-papa-francisco-tirando-a-un-bebe-causa-polemica-en-mexico\/","url":"https:\/\/fuentesfidedignas.com.mx\/index.php\/2022\/08\/24\/escultura-del-papa-francisco-tirando-a-un-bebe-causa-polemica-en-mexico\/","name":"Escultura del papa Francisco tirando a un beb\u00e9 causa pol\u00e9mica en M\u00e9xico - Fuentes Fidedignas","isPartOf":{"@id":"https:\/\/fuentesfidedignas.com.mx\/#website"},"primaryImageOfPage":{"@id":"https:\/\/fuentesfidedignas.com.mx\/index.php\/2022\/08\/24\/escultura-del-papa-francisco-tirando-a-un-bebe-causa-polemica-en-mexico\/#primaryimage"},"image":{"@id":"https:\/\/fuentesfidedignas.com.mx\/index.php\/2022\/08\/24\/escultura-del-papa-francisco-tirando-a-un-bebe-causa-polemica-en-mexico\/#primaryimage"},"thumbnailUrl":"https:\/\/fuentesfidedignas.com.mx\/wp-content\/uploads\/2022\/08\/PAPA_POLEMICA.jpg","datePublished":"2022-08-24T20:20:28+00:00","dateModified":"2022-08-24T20:20:29+00:00","breadcrumb":{"@id":"https:\/\/fuentesfidedignas.com.mx\/index.php\/2022\/08\/24\/escultura-del-papa-francisco-tirando-a-un-bebe-causa-polemica-en-mexico\/#breadcrumb"},"inLanguage":"es","potentialAction":[{"@type":"ReadAction","target":["https:\/\/fuentesfidedignas.com.mx\/index.php\/2022\/08\/24\/escultura-del-papa-francisco-tirando-a-un-bebe-causa-polemica-en-mexico\/"]}]},{"@type":"ImageObject","inLanguage":"es","@id":"https:\/\/fuentesfidedignas.com.mx\/index.php\/2022\/08\/24\/escultura-del-papa-francisco-tirando-a-un-bebe-causa-polemica-en-mexico\/#primaryimage","url":"https:\/\/fuentesfidedignas.com.mx\/wp-content\/uploads\/2022\/08\/PAPA_POLEMICA.jpg","contentUrl":"https:\/\/fuentesfidedignas.com.mx\/wp-content\/uploads\/2022\/08\/PAPA_POLEMICA.jpg","width":1263,"height":668},{"@type":"BreadcrumbList","@id":"https:\/\/fuentesfidedignas.com.mx\/index.php\/2022\/08\/24\/escultura-del-papa-francisco-tirando-a-un-bebe-causa-polemica-en-mexico\/#breadcrumb","itemListElement":[{"@type":"ListItem","position":1,"name":"Inicio","item":"https:\/\/fuentesfidedignas.com.mx\/"},{"@type":"ListItem","position":2,"name":"Escultura del papa Francisco tirando a un beb\u00e9 causa pol\u00e9mica en M\u00e9xico"}]},{"@type":"WebSite","@id":"https:\/\/fuentesfidedignas.com.mx\/#website","url":"https:\/\/fuentesfidedignas.com.mx\/","name":"Fuentes Fidedignas","description":"Otro sitio realizado con WordPress","publisher":{"@id":"https:\/\/fuentesfidedignas.com.mx\/#organization"},"potentialAction":[{"@type":"SearchAction","target":{"@type":"EntryPoint","urlTemplate":"https:\/\/fuentesfidedignas.com.mx\/?s={search_term_string}"},"query-input":{"@type":"PropertyValueSpecification","valueRequired":true,"valueName":"search_term_string"}}],"inLanguage":"es"},{"@type":"Organization","@id":"https:\/\/fuentesfidedignas.com.mx\/#organization","name":"Fuentes Fidedignas","url":"https:\/\/fuentesfidedignas.com.mx\/","logo":{"@type":"ImageObject","inLanguage":"es","@id":"https:\/\/fuentesfidedignas.com.mx\/#\/schema\/logo\/image\/","url":"https:\/\/fuentesfidedignas.com.mx\/wp-content\/uploads\/2021\/04\/logo-retina.png","contentUrl":"https:\/\/fuentesfidedignas.com.mx\/wp-content\/uploads\/2021\/04\/logo-retina.png","width":280,"height":51,"caption":"Fuentes Fidedignas"},"image":{"@id":"https:\/\/fuentesfidedignas.com.mx\/#\/schema\/logo\/image\/"},"sameAs":["https:\/\/www.facebook.com\/Fuentes-Fidedignas-368234489921644","https:\/\/x.com\/fidedignas"]},{"@type":"Person","@id":"https:\/\/fuentesfidedignas.com.mx\/#\/schema\/person\/f030e42657a5a464a8bbd891b1aab6ee","name":"Noticieros Televisa","image":{"@type":"ImageObject","inLanguage":"es","@id":"https:\/\/secure.gravatar.com\/avatar\/0e47b9e785a628831b8fd9eaf15e090e106760a879abbd4a3306f128ef5d43a9?s=96&d=mm&r=g","url":"https:\/\/secure.gravatar.com\/avatar\/0e47b9e785a628831b8fd9eaf15e090e106760a879abbd4a3306f128ef5d43a9?s=96&d=mm&r=g","contentUrl":"https:\/\/secure.gravatar.com\/avatar\/0e47b9e785a628831b8fd9eaf15e090e106760a879abbd4a3306f128ef5d43a9?s=96&d=mm&r=g","caption":"Noticieros Televisa"},"url":"https:\/\/fuentesfidedignas.com.mx\/index.php\/author\/noticieros-televisa\/"}]}},"_links":{"self":[{"href":"https:\/\/fuentesfidedignas.com.mx\/index.php\/wp-json\/wp\/v2\/posts\/40788","targetHints":{"allow":["GET"]}}],"collection":[{"href":"https:\/\/fuentesfidedignas.com.mx\/index.php\/wp-json\/wp\/v2\/posts"}],"about":[{"href":"https:\/\/fuentesfidedignas.com.mx\/index.php\/wp-json\/wp\/v2\/types\/post"}],"author":[{"embeddable":true,"href":"https:\/\/fuentesfidedignas.com.mx\/index.php\/wp-json\/wp\/v2\/users\/46"}],"replies":[{"embeddable":true,"href":"https:\/\/fuentesfidedignas.com.mx\/index.php\/wp-json\/wp\/v2\/comments?post=40788"}],"version-history":[{"count":1,"href":"https:\/\/fuentesfidedignas.com.mx\/index.php\/wp-json\/wp\/v2\/posts\/40788\/revisions"}],"predecessor-version":[{"id":40790,"href":"https:\/\/fuentesfidedignas.com.mx\/index.php\/wp-json\/wp\/v2\/posts\/40788\/revisions\/40790"}],"wp:featuredmedia":[{"embeddable":true,"href":"https:\/\/fuentesfidedignas.com.mx\/index.php\/wp-json\/wp\/v2\/media\/40789"}],"wp:attachment":[{"href":"https:\/\/fuentesfidedignas.com.mx\/index.php\/wp-json\/wp\/v2\/media?parent=40788"}],"wp:term":[{"taxonomy":"category","embeddable":true,"href":"https:\/\/fuentesfidedignas.com.mx\/index.php\/wp-json\/wp\/v2\/categories?post=40788"},{"taxonomy":"post_tag","embeddable":true,"href":"https:\/\/fuentesfidedignas.com.mx\/index.php\/wp-json\/wp\/v2\/tags?post=40788"}],"curies":[{"name":"wp","href":"https:\/\/api.w.org\/{rel}","templated":true}]}}