{"id":40726,"date":"2022-08-24T01:55:00","date_gmt":"2022-08-24T07:55:00","guid":{"rendered":"https:\/\/fuentesfidedignas.com.mx\/?p=40726"},"modified":"2022-08-24T07:02:19","modified_gmt":"2022-08-24T13:02:19","slug":"papa-conmueve-por-llevarle-el-lonche-a-su-hija-en-su-primer-dia-de-universidad","status":"publish","type":"post","link":"https:\/\/fuentesfidedignas.com.mx\/index.php\/2022\/08\/24\/papa-conmueve-por-llevarle-el-lonche-a-su-hija-en-su-primer-dia-de-universidad\/","title":{"rendered":"Pap\u00e1 conmueve por llevarle el lonche a su hija en su primer d\u00eda de universidad"},"content":{"rendered":"\n<p>Un pap\u00e1&nbsp;<strong>llev\u00f3 a su hija a su primer d\u00eda de clases en la universidad<\/strong>&nbsp;y al momento de despedirse tuvo un&nbsp;<strong>emotivo y divertido gesto con ella<\/strong>.<\/p>\n\n\n\n<p>Fue un hombre identificado como Rub\u00e9n Trujillo, quien mediante su cuenta de TikTok comparti\u00f3 un par de videos en los que se le ve acompa\u00f1ando a su familiar a las afueras de la Facultad de Ingenier\u00eda, de la&nbsp;<strong>Universidad Aut\u00f3noma de Baja California<\/strong>&nbsp;(UABC).<\/p>\n\n\n\n<p>En la grabaci\u00f3n el padre de familia desciende de su auto y menciona: \u201csuerte \u2018mija\u2019 en tu primer d\u00eda, \u00e9chale ganas, abusada\u201d, luego muestra que en la mano lleva un jugo y unas galletas: \u201c<strong>Meri, se te olvid\u00f3 tu lonche, \u2018mija<\/strong>\u2019, toma, que Dios te cuide y te bendiga\u201d.<\/p>\n\n\n\n<figure class=\"wp-block-embed is-type-video is-provider-tiktok wp-block-embed-tiktok\"><div class=\"wp-block-embed__wrapper\">\n<blockquote class=\"tiktok-embed\" cite=\"https:\/\/www.tiktok.com\/@rubentrujillo45\/video\/7129565308091731206\" data-video-id=\"7129565308091731206\" data-embed-from=\"oembed\" style=\"max-width: 605px;min-width: 325px;\" > <section> <a target=\"_blank\" title=\"@rubentrujillo45\" href=\"https:\/\/www.tiktok.com\/@rubentrujillo45?refer=embed\">@rubentrujillo45<\/a> <p><\/p> <a target=\"_blank\" title=\"\u266c sonido original - Ruben Trujillo\" href=\"https:\/\/www.tiktok.com\/music\/sonido-original-7129565306342935302?refer=embed\">\u266c sonido original &#8211; Ruben Trujillo<\/a> <\/section> <\/blockquote> <script async src=\"https:\/\/www.tiktok.com\/embed.js\"><\/script>\n<\/div><\/figure>\n\n\n\n<p>La broma caus\u00f3 la risa de la joven quien le responde: \u201cme vas a quemar en TikTok, \u00bfverdad?\u201d, pero su padre se mantuvo serio: \u201cguarda tu Paupau y tus galletas. Tu primer d\u00eda, hija, mucha suerte. \u00a1<strong>Te comes tus galletitas y tu Frutsi<\/strong>!\u201d. Esto en alusi\u00f3n a algunos productos utilizados habitualmente en las viandas de escolares de pre escolar y educaci\u00f3n primaria.<\/p>\n\n\n\n<p>En otra grabaci\u00f3n, Rub\u00e9n Trujillo se acerc\u00f3 a la reja de la universidad para grabar c\u00f3mo ingresaba su hija al plantel y otro hombre que se encontraba en la zona le coment\u00f3: \u201csin llorar, sin llorar\u201d, a lo que \u00e9l respondi\u00f3: \u201cs\u00ed, mi viejo\u201d.<\/p>\n\n\n\n<p>Las publicaciones no tardaron en generar diversos comentarios: \u201csent\u00ed la envidia, que bonito iniciar una etapa as\u00ed\u201d, \u201cella lo ve de risa, pero un d\u00eda va ser un lindo recuerdo\u201d, \u201cla m\u00e1s afortunada, muchas hubi\u00e9semos querido una relaci\u00f3n as\u00ed con nuestros pap\u00e1s\u201d, \u201cme hubiera gustado mucho que mis pap\u00e1s me llevaran a mi primer d\u00eda\u201d.<\/p>\n\n\n\n<p>Rub\u00e9n comparti\u00f3 otro momento tambi\u00e9n al llevar a su hija a la universidad, en el que antes de que ella descienda del autom\u00f3vil,&nbsp;<strong>le entrega cinco billetes de $20 pesos<\/strong>, el equivalente aproximado de 1 d\u00f3lar cada uno y menciona: \u201c<strong>toma, hija, tu gasto para la semana. Acu\u00e9rdate que es uno para cada d\u00eda de aqu\u00ed hasta el viernes<\/strong>, as\u00ed que cu\u00eddalos mucho. Bendiciones\u201d, lo que tambi\u00e9n gener\u00f3 mucha risa a la joven.<\/p>\n\n\n\n<p>En M\u00e9xico, pr\u00e1cticamente la totalidad de los estudiantes de todo el pa\u00eds ya asiste a sus planteles para continuar con sus clases de manera presencial<\/p>\n\n\n\n<p>El 8 de agosto, los&nbsp;<strong>estudiantes de la m\u00e1xima casa de estudios, la Universidad Nacional Aut\u00f3noma de M\u00e9xic<\/strong>o (UNAM)&nbsp;<strong>regresaron a clases con un formato presencial<\/strong>&nbsp;para los m\u00e1s de&nbsp;<strong>400,000 alumnos<\/strong>,&nbsp;<strong>luego de 2 a\u00f1os y 5 meses de tener clases a distancia e h\u00edbridas<\/strong>&nbsp;a consecuencia de la emergencia sanitaria&nbsp;<strong>por la pandemia de COVID-19<\/strong>.<\/p>\n","protected":false},"excerpt":{"rendered":"<p>Un pap\u00e1&nbsp;llev\u00f3 a su hija a su primer d\u00eda de clases en la universidad&nbsp;y al momento de despedirse tuvo un&nbsp;emotivo y divertido gesto con ella. Fue un hombre identificado como Rub\u00e9n Trujillo, quien mediante su cuenta de TikTok comparti\u00f3 un par de videos en los que se le ve acompa\u00f1ando a su familiar a las [&hellip;]<\/p>\n","protected":false},"author":94,"featured_media":40728,"comment_status":"open","ping_status":"open","sticky":false,"template":"","format":"standard","meta":{"tdm_status":"","tdm_grid_status":"","footnotes":""},"categories":[40],"tags":[290,193],"class_list":{"0":"post-40726","1":"post","2":"type-post","3":"status-publish","4":"format-standard","5":"has-post-thumbnail","7":"category-las-asombrosas","8":"tag-asombrosa","9":"tag-viral"},"yoast_head":"<!-- This site is optimized with the Yoast SEO plugin v27.4 - https:\/\/yoast.com\/product\/yoast-seo-wordpress\/ -->\n<title>Pap\u00e1 conmueve por llevarle el lonche a su hija en su primer d\u00eda de universidad - Fuentes Fidedignas<\/title>\n<meta name=\"robots\" content=\"index, follow, max-snippet:-1, max-image-preview:large, max-video-preview:-1\" \/>\n<link rel=\"canonical\" href=\"https:\/\/fuentesfidedignas.com.mx\/index.php\/2022\/08\/24\/papa-conmueve-por-llevarle-el-lonche-a-su-hija-en-su-primer-dia-de-universidad\/\" \/>\n<meta property=\"og:locale\" content=\"es_MX\" \/>\n<meta property=\"og:type\" content=\"article\" \/>\n<meta property=\"og:title\" content=\"Pap\u00e1 conmueve por llevarle el lonche a su hija en su primer d\u00eda de universidad - Fuentes Fidedignas\" \/>\n<meta property=\"og:description\" content=\"Un pap\u00e1&nbsp;llev\u00f3 a su hija a su primer d\u00eda de clases en la universidad&nbsp;y al momento de despedirse tuvo un&nbsp;emotivo y divertido gesto con ella. Fue un hombre identificado como Rub\u00e9n Trujillo, quien mediante su cuenta de TikTok comparti\u00f3 un par de videos en los que se le ve acompa\u00f1ando a su familiar a las [&hellip;]\" \/>\n<meta property=\"og:url\" content=\"https:\/\/fuentesfidedignas.com.mx\/index.php\/2022\/08\/24\/papa-conmueve-por-llevarle-el-lonche-a-su-hija-en-su-primer-dia-de-universidad\/\" \/>\n<meta property=\"og:site_name\" content=\"Fuentes Fidedignas\" \/>\n<meta property=\"article:publisher\" content=\"https:\/\/www.facebook.com\/Fuentes-Fidedignas-368234489921644\" \/>\n<meta property=\"article:published_time\" content=\"2022-08-24T07:55:00+00:00\" \/>\n<meta property=\"article:modified_time\" content=\"2022-08-24T13:02:19+00:00\" \/>\n<meta property=\"og:image\" content=\"https:\/\/fuentesfidedignas.com.mx\/wp-content\/uploads\/2022\/08\/f608x342-23217_52940_0.jpg\" \/>\n\t<meta property=\"og:image:width\" content=\"608\" \/>\n\t<meta property=\"og:image:height\" content=\"342\" \/>\n\t<meta property=\"og:image:type\" content=\"image\/jpeg\" \/>\n<meta name=\"author\" content=\"Yahoo\" \/>\n<meta name=\"twitter:card\" content=\"summary_large_image\" \/>\n<meta name=\"twitter:creator\" content=\"@fidedignas\" \/>\n<meta name=\"twitter:site\" content=\"@fidedignas\" \/>\n<meta name=\"twitter:label1\" content=\"Escrito por\" \/>\n\t<meta name=\"twitter:data1\" content=\"Yahoo\" \/>\n\t<meta name=\"twitter:label2\" content=\"Tiempo de lectura\" \/>\n\t<meta name=\"twitter:data2\" content=\"3 minutos\" \/>\n<script type=\"application\/ld+json\" class=\"yoast-schema-graph\">{\"@context\":\"https:\\\/\\\/schema.org\",\"@graph\":[{\"@type\":\"Article\",\"@id\":\"https:\\\/\\\/fuentesfidedignas.com.mx\\\/index.php\\\/2022\\\/08\\\/24\\\/papa-conmueve-por-llevarle-el-lonche-a-su-hija-en-su-primer-dia-de-universidad\\\/#article\",\"isPartOf\":{\"@id\":\"https:\\\/\\\/fuentesfidedignas.com.mx\\\/index.php\\\/2022\\\/08\\\/24\\\/papa-conmueve-por-llevarle-el-lonche-a-su-hija-en-su-primer-dia-de-universidad\\\/\"},\"author\":{\"name\":\"Yahoo\",\"@id\":\"https:\\\/\\\/fuentesfidedignas.com.mx\\\/#\\\/schema\\\/person\\\/98a42b30cea1c7d0b9f1ec0a15814ee5\"},\"headline\":\"Pap\u00e1 conmueve por llevarle el lonche a su hija en su primer d\u00eda de universidad\",\"datePublished\":\"2022-08-24T07:55:00+00:00\",\"dateModified\":\"2022-08-24T13:02:19+00:00\",\"mainEntityOfPage\":{\"@id\":\"https:\\\/\\\/fuentesfidedignas.com.mx\\\/index.php\\\/2022\\\/08\\\/24\\\/papa-conmueve-por-llevarle-el-lonche-a-su-hija-en-su-primer-dia-de-universidad\\\/\"},\"wordCount\":509,\"commentCount\":0,\"publisher\":{\"@id\":\"https:\\\/\\\/fuentesfidedignas.com.mx\\\/#organization\"},\"image\":{\"@id\":\"https:\\\/\\\/fuentesfidedignas.com.mx\\\/index.php\\\/2022\\\/08\\\/24\\\/papa-conmueve-por-llevarle-el-lonche-a-su-hija-en-su-primer-dia-de-universidad\\\/#primaryimage\"},\"thumbnailUrl\":\"https:\\\/\\\/fuentesfidedignas.com.mx\\\/wp-content\\\/uploads\\\/2022\\\/08\\\/f608x342-23217_52940_0.jpg\",\"keywords\":[\"Asombrosa\",\"Viral\"],\"articleSection\":[\"LAS ASOMBROSAS\"],\"inLanguage\":\"es\",\"potentialAction\":[{\"@type\":\"CommentAction\",\"name\":\"Comment\",\"target\":[\"https:\\\/\\\/fuentesfidedignas.com.mx\\\/index.php\\\/2022\\\/08\\\/24\\\/papa-conmueve-por-llevarle-el-lonche-a-su-hija-en-su-primer-dia-de-universidad\\\/#respond\"]}]},{\"@type\":\"WebPage\",\"@id\":\"https:\\\/\\\/fuentesfidedignas.com.mx\\\/index.php\\\/2022\\\/08\\\/24\\\/papa-conmueve-por-llevarle-el-lonche-a-su-hija-en-su-primer-dia-de-universidad\\\/\",\"url\":\"https:\\\/\\\/fuentesfidedignas.com.mx\\\/index.php\\\/2022\\\/08\\\/24\\\/papa-conmueve-por-llevarle-el-lonche-a-su-hija-en-su-primer-dia-de-universidad\\\/\",\"name\":\"Pap\u00e1 conmueve por llevarle el lonche a su hija en su primer d\u00eda de universidad - Fuentes Fidedignas\",\"isPartOf\":{\"@id\":\"https:\\\/\\\/fuentesfidedignas.com.mx\\\/#website\"},\"primaryImageOfPage\":{\"@id\":\"https:\\\/\\\/fuentesfidedignas.com.mx\\\/index.php\\\/2022\\\/08\\\/24\\\/papa-conmueve-por-llevarle-el-lonche-a-su-hija-en-su-primer-dia-de-universidad\\\/#primaryimage\"},\"image\":{\"@id\":\"https:\\\/\\\/fuentesfidedignas.com.mx\\\/index.php\\\/2022\\\/08\\\/24\\\/papa-conmueve-por-llevarle-el-lonche-a-su-hija-en-su-primer-dia-de-universidad\\\/#primaryimage\"},\"thumbnailUrl\":\"https:\\\/\\\/fuentesfidedignas.com.mx\\\/wp-content\\\/uploads\\\/2022\\\/08\\\/f608x342-23217_52940_0.jpg\",\"datePublished\":\"2022-08-24T07:55:00+00:00\",\"dateModified\":\"2022-08-24T13:02:19+00:00\",\"breadcrumb\":{\"@id\":\"https:\\\/\\\/fuentesfidedignas.com.mx\\\/index.php\\\/2022\\\/08\\\/24\\\/papa-conmueve-por-llevarle-el-lonche-a-su-hija-en-su-primer-dia-de-universidad\\\/#breadcrumb\"},\"inLanguage\":\"es\",\"potentialAction\":[{\"@type\":\"ReadAction\",\"target\":[\"https:\\\/\\\/fuentesfidedignas.com.mx\\\/index.php\\\/2022\\\/08\\\/24\\\/papa-conmueve-por-llevarle-el-lonche-a-su-hija-en-su-primer-dia-de-universidad\\\/\"]}]},{\"@type\":\"ImageObject\",\"inLanguage\":\"es\",\"@id\":\"https:\\\/\\\/fuentesfidedignas.com.mx\\\/index.php\\\/2022\\\/08\\\/24\\\/papa-conmueve-por-llevarle-el-lonche-a-su-hija-en-su-primer-dia-de-universidad\\\/#primaryimage\",\"url\":\"https:\\\/\\\/fuentesfidedignas.com.mx\\\/wp-content\\\/uploads\\\/2022\\\/08\\\/f608x342-23217_52940_0.jpg\",\"contentUrl\":\"https:\\\/\\\/fuentesfidedignas.com.mx\\\/wp-content\\\/uploads\\\/2022\\\/08\\\/f608x342-23217_52940_0.jpg\",\"width\":608,\"height\":342},{\"@type\":\"BreadcrumbList\",\"@id\":\"https:\\\/\\\/fuentesfidedignas.com.mx\\\/index.php\\\/2022\\\/08\\\/24\\\/papa-conmueve-por-llevarle-el-lonche-a-su-hija-en-su-primer-dia-de-universidad\\\/#breadcrumb\",\"itemListElement\":[{\"@type\":\"ListItem\",\"position\":1,\"name\":\"Inicio\",\"item\":\"https:\\\/\\\/fuentesfidedignas.com.mx\\\/\"},{\"@type\":\"ListItem\",\"position\":2,\"name\":\"Pap\u00e1 conmueve por llevarle el lonche a su hija en su primer d\u00eda de universidad\"}]},{\"@type\":\"WebSite\",\"@id\":\"https:\\\/\\\/fuentesfidedignas.com.mx\\\/#website\",\"url\":\"https:\\\/\\\/fuentesfidedignas.com.mx\\\/\",\"name\":\"Fuentes Fidedignas\",\"description\":\"Otro sitio realizado con WordPress\",\"publisher\":{\"@id\":\"https:\\\/\\\/fuentesfidedignas.com.mx\\\/#organization\"},\"potentialAction\":[{\"@type\":\"SearchAction\",\"target\":{\"@type\":\"EntryPoint\",\"urlTemplate\":\"https:\\\/\\\/fuentesfidedignas.com.mx\\\/?s={search_term_string}\"},\"query-input\":{\"@type\":\"PropertyValueSpecification\",\"valueRequired\":true,\"valueName\":\"search_term_string\"}}],\"inLanguage\":\"es\"},{\"@type\":\"Organization\",\"@id\":\"https:\\\/\\\/fuentesfidedignas.com.mx\\\/#organization\",\"name\":\"Fuentes Fidedignas\",\"url\":\"https:\\\/\\\/fuentesfidedignas.com.mx\\\/\",\"logo\":{\"@type\":\"ImageObject\",\"inLanguage\":\"es\",\"@id\":\"https:\\\/\\\/fuentesfidedignas.com.mx\\\/#\\\/schema\\\/logo\\\/image\\\/\",\"url\":\"https:\\\/\\\/fuentesfidedignas.com.mx\\\/wp-content\\\/uploads\\\/2021\\\/04\\\/logo-retina.png\",\"contentUrl\":\"https:\\\/\\\/fuentesfidedignas.com.mx\\\/wp-content\\\/uploads\\\/2021\\\/04\\\/logo-retina.png\",\"width\":280,\"height\":51,\"caption\":\"Fuentes Fidedignas\"},\"image\":{\"@id\":\"https:\\\/\\\/fuentesfidedignas.com.mx\\\/#\\\/schema\\\/logo\\\/image\\\/\"},\"sameAs\":[\"https:\\\/\\\/www.facebook.com\\\/Fuentes-Fidedignas-368234489921644\",\"https:\\\/\\\/x.com\\\/fidedignas\"]},{\"@type\":\"Person\",\"@id\":\"https:\\\/\\\/fuentesfidedignas.com.mx\\\/#\\\/schema\\\/person\\\/98a42b30cea1c7d0b9f1ec0a15814ee5\",\"name\":\"Yahoo\",\"image\":{\"@type\":\"ImageObject\",\"inLanguage\":\"es\",\"@id\":\"https:\\\/\\\/secure.gravatar.com\\\/avatar\\\/b8605df39ff684b32b1f282a11df335f576fce70de8e1db70b5aa31928501e4d?s=96&d=mm&r=g\",\"url\":\"https:\\\/\\\/secure.gravatar.com\\\/avatar\\\/b8605df39ff684b32b1f282a11df335f576fce70de8e1db70b5aa31928501e4d?s=96&d=mm&r=g\",\"contentUrl\":\"https:\\\/\\\/secure.gravatar.com\\\/avatar\\\/b8605df39ff684b32b1f282a11df335f576fce70de8e1db70b5aa31928501e4d?s=96&d=mm&r=g\",\"caption\":\"Yahoo\"},\"url\":\"https:\\\/\\\/fuentesfidedignas.com.mx\\\/index.php\\\/author\\\/yahoo\\\/\"}]}<\/script>\n<!-- \/ Yoast SEO plugin. -->","yoast_head_json":{"title":"Pap\u00e1 conmueve por llevarle el lonche a su hija en su primer d\u00eda de universidad - Fuentes Fidedignas","robots":{"index":"index","follow":"follow","max-snippet":"max-snippet:-1","max-image-preview":"max-image-preview:large","max-video-preview":"max-video-preview:-1"},"canonical":"https:\/\/fuentesfidedignas.com.mx\/index.php\/2022\/08\/24\/papa-conmueve-por-llevarle-el-lonche-a-su-hija-en-su-primer-dia-de-universidad\/","og_locale":"es_MX","og_type":"article","og_title":"Pap\u00e1 conmueve por llevarle el lonche a su hija en su primer d\u00eda de universidad - Fuentes Fidedignas","og_description":"Un pap\u00e1&nbsp;llev\u00f3 a su hija a su primer d\u00eda de clases en la universidad&nbsp;y al momento de despedirse tuvo un&nbsp;emotivo y divertido gesto con ella. Fue un hombre identificado como Rub\u00e9n Trujillo, quien mediante su cuenta de TikTok comparti\u00f3 un par de videos en los que se le ve acompa\u00f1ando a su familiar a las [&hellip;]","og_url":"https:\/\/fuentesfidedignas.com.mx\/index.php\/2022\/08\/24\/papa-conmueve-por-llevarle-el-lonche-a-su-hija-en-su-primer-dia-de-universidad\/","og_site_name":"Fuentes Fidedignas","article_publisher":"https:\/\/www.facebook.com\/Fuentes-Fidedignas-368234489921644","article_published_time":"2022-08-24T07:55:00+00:00","article_modified_time":"2022-08-24T13:02:19+00:00","og_image":[{"width":608,"height":342,"url":"https:\/\/fuentesfidedignas.com.mx\/wp-content\/uploads\/2022\/08\/f608x342-23217_52940_0.jpg","type":"image\/jpeg"}],"author":"Yahoo","twitter_card":"summary_large_image","twitter_creator":"@fidedignas","twitter_site":"@fidedignas","twitter_misc":{"Escrito por":"Yahoo","Tiempo de lectura":"3 minutos"},"schema":{"@context":"https:\/\/schema.org","@graph":[{"@type":"Article","@id":"https:\/\/fuentesfidedignas.com.mx\/index.php\/2022\/08\/24\/papa-conmueve-por-llevarle-el-lonche-a-su-hija-en-su-primer-dia-de-universidad\/#article","isPartOf":{"@id":"https:\/\/fuentesfidedignas.com.mx\/index.php\/2022\/08\/24\/papa-conmueve-por-llevarle-el-lonche-a-su-hija-en-su-primer-dia-de-universidad\/"},"author":{"name":"Yahoo","@id":"https:\/\/fuentesfidedignas.com.mx\/#\/schema\/person\/98a42b30cea1c7d0b9f1ec0a15814ee5"},"headline":"Pap\u00e1 conmueve por llevarle el lonche a su hija en su primer d\u00eda de universidad","datePublished":"2022-08-24T07:55:00+00:00","dateModified":"2022-08-24T13:02:19+00:00","mainEntityOfPage":{"@id":"https:\/\/fuentesfidedignas.com.mx\/index.php\/2022\/08\/24\/papa-conmueve-por-llevarle-el-lonche-a-su-hija-en-su-primer-dia-de-universidad\/"},"wordCount":509,"commentCount":0,"publisher":{"@id":"https:\/\/fuentesfidedignas.com.mx\/#organization"},"image":{"@id":"https:\/\/fuentesfidedignas.com.mx\/index.php\/2022\/08\/24\/papa-conmueve-por-llevarle-el-lonche-a-su-hija-en-su-primer-dia-de-universidad\/#primaryimage"},"thumbnailUrl":"https:\/\/fuentesfidedignas.com.mx\/wp-content\/uploads\/2022\/08\/f608x342-23217_52940_0.jpg","keywords":["Asombrosa","Viral"],"articleSection":["LAS ASOMBROSAS"],"inLanguage":"es","potentialAction":[{"@type":"CommentAction","name":"Comment","target":["https:\/\/fuentesfidedignas.com.mx\/index.php\/2022\/08\/24\/papa-conmueve-por-llevarle-el-lonche-a-su-hija-en-su-primer-dia-de-universidad\/#respond"]}]},{"@type":"WebPage","@id":"https:\/\/fuentesfidedignas.com.mx\/index.php\/2022\/08\/24\/papa-conmueve-por-llevarle-el-lonche-a-su-hija-en-su-primer-dia-de-universidad\/","url":"https:\/\/fuentesfidedignas.com.mx\/index.php\/2022\/08\/24\/papa-conmueve-por-llevarle-el-lonche-a-su-hija-en-su-primer-dia-de-universidad\/","name":"Pap\u00e1 conmueve por llevarle el lonche a su hija en su primer d\u00eda de universidad - Fuentes Fidedignas","isPartOf":{"@id":"https:\/\/fuentesfidedignas.com.mx\/#website"},"primaryImageOfPage":{"@id":"https:\/\/fuentesfidedignas.com.mx\/index.php\/2022\/08\/24\/papa-conmueve-por-llevarle-el-lonche-a-su-hija-en-su-primer-dia-de-universidad\/#primaryimage"},"image":{"@id":"https:\/\/fuentesfidedignas.com.mx\/index.php\/2022\/08\/24\/papa-conmueve-por-llevarle-el-lonche-a-su-hija-en-su-primer-dia-de-universidad\/#primaryimage"},"thumbnailUrl":"https:\/\/fuentesfidedignas.com.mx\/wp-content\/uploads\/2022\/08\/f608x342-23217_52940_0.jpg","datePublished":"2022-08-24T07:55:00+00:00","dateModified":"2022-08-24T13:02:19+00:00","breadcrumb":{"@id":"https:\/\/fuentesfidedignas.com.mx\/index.php\/2022\/08\/24\/papa-conmueve-por-llevarle-el-lonche-a-su-hija-en-su-primer-dia-de-universidad\/#breadcrumb"},"inLanguage":"es","potentialAction":[{"@type":"ReadAction","target":["https:\/\/fuentesfidedignas.com.mx\/index.php\/2022\/08\/24\/papa-conmueve-por-llevarle-el-lonche-a-su-hija-en-su-primer-dia-de-universidad\/"]}]},{"@type":"ImageObject","inLanguage":"es","@id":"https:\/\/fuentesfidedignas.com.mx\/index.php\/2022\/08\/24\/papa-conmueve-por-llevarle-el-lonche-a-su-hija-en-su-primer-dia-de-universidad\/#primaryimage","url":"https:\/\/fuentesfidedignas.com.mx\/wp-content\/uploads\/2022\/08\/f608x342-23217_52940_0.jpg","contentUrl":"https:\/\/fuentesfidedignas.com.mx\/wp-content\/uploads\/2022\/08\/f608x342-23217_52940_0.jpg","width":608,"height":342},{"@type":"BreadcrumbList","@id":"https:\/\/fuentesfidedignas.com.mx\/index.php\/2022\/08\/24\/papa-conmueve-por-llevarle-el-lonche-a-su-hija-en-su-primer-dia-de-universidad\/#breadcrumb","itemListElement":[{"@type":"ListItem","position":1,"name":"Inicio","item":"https:\/\/fuentesfidedignas.com.mx\/"},{"@type":"ListItem","position":2,"name":"Pap\u00e1 conmueve por llevarle el lonche a su hija en su primer d\u00eda de universidad"}]},{"@type":"WebSite","@id":"https:\/\/fuentesfidedignas.com.mx\/#website","url":"https:\/\/fuentesfidedignas.com.mx\/","name":"Fuentes Fidedignas","description":"Otro sitio realizado con WordPress","publisher":{"@id":"https:\/\/fuentesfidedignas.com.mx\/#organization"},"potentialAction":[{"@type":"SearchAction","target":{"@type":"EntryPoint","urlTemplate":"https:\/\/fuentesfidedignas.com.mx\/?s={search_term_string}"},"query-input":{"@type":"PropertyValueSpecification","valueRequired":true,"valueName":"search_term_string"}}],"inLanguage":"es"},{"@type":"Organization","@id":"https:\/\/fuentesfidedignas.com.mx\/#organization","name":"Fuentes Fidedignas","url":"https:\/\/fuentesfidedignas.com.mx\/","logo":{"@type":"ImageObject","inLanguage":"es","@id":"https:\/\/fuentesfidedignas.com.mx\/#\/schema\/logo\/image\/","url":"https:\/\/fuentesfidedignas.com.mx\/wp-content\/uploads\/2021\/04\/logo-retina.png","contentUrl":"https:\/\/fuentesfidedignas.com.mx\/wp-content\/uploads\/2021\/04\/logo-retina.png","width":280,"height":51,"caption":"Fuentes Fidedignas"},"image":{"@id":"https:\/\/fuentesfidedignas.com.mx\/#\/schema\/logo\/image\/"},"sameAs":["https:\/\/www.facebook.com\/Fuentes-Fidedignas-368234489921644","https:\/\/x.com\/fidedignas"]},{"@type":"Person","@id":"https:\/\/fuentesfidedignas.com.mx\/#\/schema\/person\/98a42b30cea1c7d0b9f1ec0a15814ee5","name":"Yahoo","image":{"@type":"ImageObject","inLanguage":"es","@id":"https:\/\/secure.gravatar.com\/avatar\/b8605df39ff684b32b1f282a11df335f576fce70de8e1db70b5aa31928501e4d?s=96&d=mm&r=g","url":"https:\/\/secure.gravatar.com\/avatar\/b8605df39ff684b32b1f282a11df335f576fce70de8e1db70b5aa31928501e4d?s=96&d=mm&r=g","contentUrl":"https:\/\/secure.gravatar.com\/avatar\/b8605df39ff684b32b1f282a11df335f576fce70de8e1db70b5aa31928501e4d?s=96&d=mm&r=g","caption":"Yahoo"},"url":"https:\/\/fuentesfidedignas.com.mx\/index.php\/author\/yahoo\/"}]}},"_links":{"self":[{"href":"https:\/\/fuentesfidedignas.com.mx\/index.php\/wp-json\/wp\/v2\/posts\/40726","targetHints":{"allow":["GET"]}}],"collection":[{"href":"https:\/\/fuentesfidedignas.com.mx\/index.php\/wp-json\/wp\/v2\/posts"}],"about":[{"href":"https:\/\/fuentesfidedignas.com.mx\/index.php\/wp-json\/wp\/v2\/types\/post"}],"author":[{"embeddable":true,"href":"https:\/\/fuentesfidedignas.com.mx\/index.php\/wp-json\/wp\/v2\/users\/94"}],"replies":[{"embeddable":true,"href":"https:\/\/fuentesfidedignas.com.mx\/index.php\/wp-json\/wp\/v2\/comments?post=40726"}],"version-history":[{"count":2,"href":"https:\/\/fuentesfidedignas.com.mx\/index.php\/wp-json\/wp\/v2\/posts\/40726\/revisions"}],"predecessor-version":[{"id":40729,"href":"https:\/\/fuentesfidedignas.com.mx\/index.php\/wp-json\/wp\/v2\/posts\/40726\/revisions\/40729"}],"wp:featuredmedia":[{"embeddable":true,"href":"https:\/\/fuentesfidedignas.com.mx\/index.php\/wp-json\/wp\/v2\/media\/40728"}],"wp:attachment":[{"href":"https:\/\/fuentesfidedignas.com.mx\/index.php\/wp-json\/wp\/v2\/media?parent=40726"}],"wp:term":[{"taxonomy":"category","embeddable":true,"href":"https:\/\/fuentesfidedignas.com.mx\/index.php\/wp-json\/wp\/v2\/categories?post=40726"},{"taxonomy":"post_tag","embeddable":true,"href":"https:\/\/fuentesfidedignas.com.mx\/index.php\/wp-json\/wp\/v2\/tags?post=40726"}],"curies":[{"name":"wp","href":"https:\/\/api.w.org\/{rel}","templated":true}]}}